{"id":191645,"date":"2023-12-24T07:42:38","date_gmt":"2023-12-24T06:42:38","guid":{"rendered":"https:\/\/www.ilnotiziario.net\/wp\/?p=191645"},"modified":"2023-12-24T07:42:38","modified_gmt":"2023-12-24T06:42:38","slug":"supermercati-aperti-il-24-dicembre-vicino-a-me","status":"publish","type":"post","link":"https:\/\/www.ilnotiziario.net\/wp\/prima-pagina\/supermercati-aperti-il-24-dicembre-vicino-a-me\/","title":{"rendered":"Supermercati aperti il 24 dicembre: quali sono quelli vicino a me?"},"content":{"rendered":"<p>Supermercati aperti il 24 dicembre: quali sono quelli vicino a me alla Vigilia di Natale? Anche per questo giorno pre-festivo c&#8217;\u00e8 la corsa all&#8217;ultimo regalo e all&#8217;ultimo acquisto. Ma occhio agli orari, molti hanno orari differenziati rispetto al solito.<\/p><div id=\"ilnot-4149200312\" class=\"ilnot-contenuto ilnot-entity-placement\"><p><!-- incontent_1 --><\/p>\n<div class=\"gptslot\" data-adunitid=\"1\"><\/div>\n<\/div>\n<h2 class=\"p1\"><span class=\"s1\">Il Centro di Arese aperto il 24 dicembre e a Santo Stefano: gli orari<\/span><\/h2>\n<p class=\"p1\"><span class=\"s1\">Il Centro rientra nella lista dei supermercati aperti la Vigilia di Natale dalle ore 9, ma alle 19:30 sar\u00e0 chiuso. Il giorno di Natale sar\u00e0 chiuso per essere nuovamente aperto a Santo Stefano. Il 26 dicembre osserver\u00e0 questi orari: apertura alle 9 e chiusura entro le ore 22.<\/span><\/p>\n<p><strong>LEGGI ANCHE:<\/strong> <a href=\"https:\/\/www.ilnotiziario.net\/wp\/prima-pagina\/supermercati-aperti-il-26-dicembre\/\">Supermercati aperti il 26 dicembre: tutti gli orari di Santo Stefano<\/a><\/p><div id=\"ilnot-3703144428\" class=\"ilnot-contenuto_2 ilnot-entity-placement\"><div class=\"ads-wrapper\">\n<div class=\"ad-slot\">\n   <div id=\"ilnot-467912212\" style=\"margin-right: auto;margin-left: auto;text-align: center;width: 320px;height: 100px;\"><a href=\"https:\/\/www.scuolasicurezza.it\/\"><img decoding=\"async\" src=\"https:\/\/www.ilnotiziario.net\/wp\/wp-content\/uploads\/2026\/04\/IlNotiziario_banner-sito-e-newsletter-320-x-100-px-1.gif\" alt=\"\"><\/a><\/div>\n  <\/div>\n<div class=\"ad-slot\">\n   <div id=\"ilnot-2278905701\" style=\"margin-right: auto;margin-left: auto;text-align: center;width: 320px;height: 100px;\"><a href=\"https:\/\/purodesignarredamenti.com\/\"><img decoding=\"async\" src=\"https:\/\/www.ilnotiziario.net\/wp\/wp-content\/uploads\/2026\/04\/banner-puro-ok.gif\" alt=\"whatsapp\"><\/a><\/div><\/p><\/div>\n<\/div>\n<\/div>\n<h2 class=\"p1\"><span class=\"s1\">Centro Brianza di Paderno e Carrefour di Limbiate: orari alla Vigilia, Natale e Santo Stefano<\/span><\/h2>\n<p class=\"p1\"><span class=\"s1\">Anche il Centro Brianza di Paderno Dugnano e il Carrefour di Limbiate si fermeranno per qualche ora durante il weekend di Natale. Il Centro Brianza di Paderno sar\u00e0 aperto fino alle 20 il giorno della Vigilia: l\u2019ipermercato Carrefour aprir\u00e0 dalle ore 8 alle 20 mentre la galleria commerciale dalle ore 9. Il giorno di Natale il Centro Brianza sar\u00e0 totalmente chiuso mentre riaprir\u00e0 in versione ridotta il giorno di Santo Stefano. Il 26 dicembre il Centro di via Amendola sar\u00e0 aperto solo come ipermercato dalle ore 8 alle 20 mentre la galleria commerciale e i suoi negozi rimarranno chiusi.<\/span><\/p>\n<p class=\"p1\"><span class=\"s1\">Invece al Carrefour di Limbiate la galleria con i negozi e la ristorazione sar\u00e0 aperta dalle 9 alle 20 la Vigilia di Natale. Tutto chiuso a Natale e Santo Stefano. Da marted\u00ec 27 dicembre, riprenderanno gli orari consueti. L&#8217;Ipermercato Carrefour la Vigilia sar\u00e0 aperto dalle 9 alle 20.<br \/>\n<\/span><\/p>\n<h2 class=\"p1\"><span class=\"s1\">Gli orari dei supermercati Esselunga della Vigilia: chiusa a Natale e Santo Stefano<\/span><\/h2>\n<p class=\"p1\"><span class=\"s1\">Orari differenti anche per Esselunga in vista del lungo fine settimana di Natale. I punti vendita da Baranzate a Solaro e da Garbagnate a Cusano Milanino saranno aperti a partire dalle ore 7:30 il giorno della Vigilia di Natale. La chiusura \u00e8 fissata per le ore 20. Invece, Esselunga sar\u00e0 chiusa sia il giorno di Natale che di Santo Stefano. Dopo la pausa il 25 e il 26 dicembre, i punti vendita riapriranno regolarmente da marted\u00ec 27.<\/span><\/p><div id=\"ilnot-4222839756\" class=\"ilnot-contenuto_2-2 ilnot-entity-placement\"><div class=\"gptslot\" data-adunitid=\"2\"><\/div>\n<\/div>\n","protected":false},"excerpt":{"rendered":"<p>Supermercati aperti il 24 dicembre: quali sono quelli vicino a me alla Vigilia di Natale? Anche per questo giorno pre-festivo c&#8217;\u00e8 la corsa all&#8217;ultimo regalo e all&#8217;ultimo acquisto. Ma occhio agli orari, molti hanno orari differenziati rispetto al solito. Il Centro di Arese aperto il 24 dicembre e a Santo Stefano: gli orari Il Centro<\/p>\n","protected":false},"author":7,"featured_media":49729,"comment_status":"closed","ping_status":"closed","sticky":false,"template":"","format":"standard","meta":{"footnotes":""},"categories":[20],"tags":[8015],"class_list":{"0":"post-191645","1":"post","2":"type-post","3":"status-publish","4":"format-standard","5":"has-post-thumbnail","7":"category-prima-pagina","8":"tag-supermercati-aperti"},"yoast_head":"<!-- This site is optimized with the Yoast SEO plugin v27.5 - https:\/\/yoast.com\/product\/yoast-seo-wordpress\/ -->\n<title>Supermercati aperti il 24 dicembre: quali sono quelli vicino a me?<\/title>\n<meta name=\"description\" content=\"Supermercati aperti il 24 dicembre: quali sono quelli vicino a me alla Vigilia di Natale? Occhio a come cambiano gli orari\" \/>\n<meta name=\"robots\" content=\"index, follow, max-snippet:-1, max-image-preview:large, max-video-preview:-1\" \/>\n<link rel=\"canonical\" href=\"https:\/\/www.ilnotiziario.net\/wp\/prima-pagina\/supermercati-aperti-il-24-dicembre-vicino-a-me\/\" \/>\n<meta property=\"og:locale\" content=\"it_IT\" \/>\n<meta property=\"og:type\" content=\"article\" \/>\n<meta property=\"og:title\" content=\"Supermercati aperti il 24 dicembre: quali sono quelli vicino a me?\" \/>\n<meta property=\"og:description\" content=\"Supermercati aperti il 24 dicembre: quali sono quelli vicino a me alla Vigilia di Natale? Occhio a come cambiano gli orari\" \/>\n<meta property=\"og:url\" content=\"https:\/\/www.ilnotiziario.net\/wp\/prima-pagina\/supermercati-aperti-il-24-dicembre-vicino-a-me\/\" \/>\n<meta property=\"og:site_name\" content=\"Il Notiziario\" \/>\n<meta property=\"article:publisher\" content=\"https:\/\/www.facebook.com\/ilnotiziarioind\/\" \/>\n<meta property=\"article:published_time\" content=\"2023-12-24T06:42:38+00:00\" \/>\n<meta property=\"og:image\" content=\"https:\/\/www.ilnotiziario.net\/wp\/wp-content\/uploads\/2020\/02\/coronavirus-supermercati.jpg\" \/>\n\t<meta property=\"og:image:width\" content=\"1067\" \/>\n\t<meta property=\"og:image:height\" content=\"617\" \/>\n\t<meta property=\"og:image:type\" content=\"image\/jpeg\" \/>\n<meta name=\"author\" content=\"Simone Carcano\" \/>\n<meta name=\"twitter:card\" content=\"summary_large_image\" \/>\n<meta name=\"twitter:creator\" content=\"@simone_carcano\" \/>\n<meta name=\"twitter:site\" content=\"@ilNotiziarioInd\" \/>\n<meta name=\"twitter:label1\" content=\"Scritto da\" \/>\n\t<meta name=\"twitter:data1\" content=\"Simone Carcano\" \/>\n\t<meta name=\"twitter:label2\" content=\"Tempo di lettura stimato\" \/>\n\t<meta name=\"twitter:data2\" content=\"3 minuti\" \/>\n<script type=\"application\/ld+json\" class=\"yoast-schema-graph\">{\"@context\":\"https:\\\/\\\/schema.org\",\"@graph\":[{\"@type\":\"Article\",\"@id\":\"https:\\\/\\\/www.ilnotiziario.net\\\/wp\\\/prima-pagina\\\/supermercati-aperti-il-24-dicembre-vicino-a-me\\\/#article\",\"isPartOf\":{\"@id\":\"https:\\\/\\\/www.ilnotiziario.net\\\/wp\\\/prima-pagina\\\/supermercati-aperti-il-24-dicembre-vicino-a-me\\\/\"},\"author\":{\"name\":\"Simone Carcano\",\"@id\":\"https:\\\/\\\/www.ilnotiziario.net\\\/wp\\\/#\\\/schema\\\/person\\\/c218ad0865f96bfe2c1c2cfa719653f7\"},\"headline\":\"Supermercati aperti il 24 dicembre: quali sono quelli vicino a me?\",\"datePublished\":\"2023-12-24T06:42:38+00:00\",\"mainEntityOfPage\":{\"@id\":\"https:\\\/\\\/www.ilnotiziario.net\\\/wp\\\/prima-pagina\\\/supermercati-aperti-il-24-dicembre-vicino-a-me\\\/\"},\"wordCount\":354,\"publisher\":{\"@id\":\"https:\\\/\\\/www.ilnotiziario.net\\\/wp\\\/#organization\"},\"image\":{\"@id\":\"https:\\\/\\\/www.ilnotiziario.net\\\/wp\\\/prima-pagina\\\/supermercati-aperti-il-24-dicembre-vicino-a-me\\\/#primaryimage\"},\"thumbnailUrl\":\"https:\\\/\\\/www.ilnotiziario.net\\\/wp\\\/wp-content\\\/uploads\\\/2020\\\/02\\\/coronavirus-supermercati.jpg\",\"keywords\":[\"supermercati aperti\"],\"articleSection\":[\"Prima Pagina\"],\"inLanguage\":\"it-IT\"},{\"@type\":\"WebPage\",\"@id\":\"https:\\\/\\\/www.ilnotiziario.net\\\/wp\\\/prima-pagina\\\/supermercati-aperti-il-24-dicembre-vicino-a-me\\\/\",\"url\":\"https:\\\/\\\/www.ilnotiziario.net\\\/wp\\\/prima-pagina\\\/supermercati-aperti-il-24-dicembre-vicino-a-me\\\/\",\"name\":\"Supermercati aperti il 24 dicembre: quali sono quelli vicino a me?\",\"isPartOf\":{\"@id\":\"https:\\\/\\\/www.ilnotiziario.net\\\/wp\\\/#website\"},\"primaryImageOfPage\":{\"@id\":\"https:\\\/\\\/www.ilnotiziario.net\\\/wp\\\/prima-pagina\\\/supermercati-aperti-il-24-dicembre-vicino-a-me\\\/#primaryimage\"},\"image\":{\"@id\":\"https:\\\/\\\/www.ilnotiziario.net\\\/wp\\\/prima-pagina\\\/supermercati-aperti-il-24-dicembre-vicino-a-me\\\/#primaryimage\"},\"thumbnailUrl\":\"https:\\\/\\\/www.ilnotiziario.net\\\/wp\\\/wp-content\\\/uploads\\\/2020\\\/02\\\/coronavirus-supermercati.jpg\",\"datePublished\":\"2023-12-24T06:42:38+00:00\",\"description\":\"Supermercati aperti il 24 dicembre: quali sono quelli vicino a me alla Vigilia di Natale? Occhio a come cambiano gli orari\",\"breadcrumb\":{\"@id\":\"https:\\\/\\\/www.ilnotiziario.net\\\/wp\\\/prima-pagina\\\/supermercati-aperti-il-24-dicembre-vicino-a-me\\\/#breadcrumb\"},\"inLanguage\":\"it-IT\",\"potentialAction\":[{\"@type\":\"ReadAction\",\"target\":[\"https:\\\/\\\/www.ilnotiziario.net\\\/wp\\\/prima-pagina\\\/supermercati-aperti-il-24-dicembre-vicino-a-me\\\/\"]}]},{\"@type\":\"ImageObject\",\"inLanguage\":\"it-IT\",\"@id\":\"https:\\\/\\\/www.ilnotiziario.net\\\/wp\\\/prima-pagina\\\/supermercati-aperti-il-24-dicembre-vicino-a-me\\\/#primaryimage\",\"url\":\"https:\\\/\\\/www.ilnotiziario.net\\\/wp\\\/wp-content\\\/uploads\\\/2020\\\/02\\\/coronavirus-supermercati.jpg\",\"contentUrl\":\"https:\\\/\\\/www.ilnotiziario.net\\\/wp\\\/wp-content\\\/uploads\\\/2020\\\/02\\\/coronavirus-supermercati.jpg\",\"width\":1067,\"height\":617},{\"@type\":\"BreadcrumbList\",\"@id\":\"https:\\\/\\\/www.ilnotiziario.net\\\/wp\\\/prima-pagina\\\/supermercati-aperti-il-24-dicembre-vicino-a-me\\\/#breadcrumb\",\"itemListElement\":[{\"@type\":\"ListItem\",\"position\":1,\"name\":\"tds_text_logo_tagline_colortds_text_logo_tagline_colortds_text_logo_tagline_colortds_text_logo_tagline_colortd_module_7_title_excerpttd_module_7_title_excerpttd_module_7_title_excerpttd_module_7_title_excerptHome\",\"item\":\"https:\\\/\\\/www.ilnotiziario.net\\\/wp\\\/\"},{\"@type\":\"ListItem\",\"position\":2,\"name\":\"Supermercati aperti il 24 dicembre: quali sono quelli vicino a me?\"}]},{\"@type\":\"WebSite\",\"@id\":\"https:\\\/\\\/www.ilnotiziario.net\\\/wp\\\/#website\",\"url\":\"https:\\\/\\\/www.ilnotiziario.net\\\/wp\\\/\",\"name\":\"Il Notiziario\",\"description\":\"Per restare sempre connessi alla notizia\",\"publisher\":{\"@id\":\"https:\\\/\\\/www.ilnotiziario.net\\\/wp\\\/#organization\"},\"alternateName\":\"Il Notiziario Bollate\",\"potentialAction\":[{\"@type\":\"SearchAction\",\"target\":{\"@type\":\"EntryPoint\",\"urlTemplate\":\"https:\\\/\\\/www.ilnotiziario.net\\\/wp\\\/?s={search_term_string}\"},\"query-input\":{\"@type\":\"PropertyValueSpecification\",\"valueRequired\":true,\"valueName\":\"search_term_string\"}}],\"inLanguage\":\"it-IT\"},{\"@type\":\"Organization\",\"@id\":\"https:\\\/\\\/www.ilnotiziario.net\\\/wp\\\/#organization\",\"name\":\"Il Notiziario\",\"url\":\"https:\\\/\\\/www.ilnotiziario.net\\\/wp\\\/\",\"logo\":{\"@type\":\"ImageObject\",\"inLanguage\":\"it-IT\",\"@id\":\"https:\\\/\\\/www.ilnotiziario.net\\\/wp\\\/#\\\/schema\\\/logo\\\/image\\\/\",\"url\":\"https:\\\/\\\/www.ilnotiziario.net\\\/wp\\\/wp-content\\\/uploads\\\/2022\\\/06\\\/170x170ilN.png\",\"contentUrl\":\"https:\\\/\\\/www.ilnotiziario.net\\\/wp\\\/wp-content\\\/uploads\\\/2022\\\/06\\\/170x170ilN.png\",\"width\":355,\"height\":355,\"caption\":\"Il Notiziario\"},\"image\":{\"@id\":\"https:\\\/\\\/www.ilnotiziario.net\\\/wp\\\/#\\\/schema\\\/logo\\\/image\\\/\"},\"sameAs\":[\"https:\\\/\\\/www.facebook.com\\\/ilnotiziarioind\\\/\",\"https:\\\/\\\/x.com\\\/ilNotiziarioInd\",\"https:\\\/\\\/www.instagram.com\\\/ilnotiziario_settimanale\\\/\"]},{\"@type\":\"Person\",\"@id\":\"https:\\\/\\\/www.ilnotiziario.net\\\/wp\\\/#\\\/schema\\\/person\\\/c218ad0865f96bfe2c1c2cfa719653f7\",\"name\":\"Simone Carcano\",\"image\":{\"@type\":\"ImageObject\",\"inLanguage\":\"it-IT\",\"@id\":\"https:\\\/\\\/secure.gravatar.com\\\/avatar\\\/5e677023cff2c47e9f7a896b9157a46e18bd36e7c4d000a1726bb730be7d38bb?s=96&d=mm&r=g\",\"url\":\"https:\\\/\\\/secure.gravatar.com\\\/avatar\\\/5e677023cff2c47e9f7a896b9157a46e18bd36e7c4d000a1726bb730be7d38bb?s=96&d=mm&r=g\",\"contentUrl\":\"https:\\\/\\\/secure.gravatar.com\\\/avatar\\\/5e677023cff2c47e9f7a896b9157a46e18bd36e7c4d000a1726bb730be7d38bb?s=96&d=mm&r=g\",\"caption\":\"Simone Carcano\"},\"sameAs\":[\"http:\\\/\\\/www.ilnotiziario.net\",\"https:\\\/\\\/x.com\\\/@simone_carcano\"]}]}<\/script>\n<!-- \/ Yoast SEO plugin. -->","yoast_head_json":{"title":"Supermercati aperti il 24 dicembre: quali sono quelli vicino a me?","description":"Supermercati aperti il 24 dicembre: quali sono quelli vicino a me alla Vigilia di Natale? Occhio a come cambiano gli orari","robots":{"index":"index","follow":"follow","max-snippet":"max-snippet:-1","max-image-preview":"max-image-preview:large","max-video-preview":"max-video-preview:-1"},"canonical":"https:\/\/www.ilnotiziario.net\/wp\/prima-pagina\/supermercati-aperti-il-24-dicembre-vicino-a-me\/","og_locale":"it_IT","og_type":"article","og_title":"Supermercati aperti il 24 dicembre: quali sono quelli vicino a me?","og_description":"Supermercati aperti il 24 dicembre: quali sono quelli vicino a me alla Vigilia di Natale? Occhio a come cambiano gli orari","og_url":"https:\/\/www.ilnotiziario.net\/wp\/prima-pagina\/supermercati-aperti-il-24-dicembre-vicino-a-me\/","og_site_name":"Il Notiziario","article_publisher":"https:\/\/www.facebook.com\/ilnotiziarioind\/","article_published_time":"2023-12-24T06:42:38+00:00","og_image":[{"width":1067,"height":617,"url":"https:\/\/www.ilnotiziario.net\/wp\/wp-content\/uploads\/2020\/02\/coronavirus-supermercati.jpg","type":"image\/jpeg"}],"author":"Simone Carcano","twitter_card":"summary_large_image","twitter_creator":"@simone_carcano","twitter_site":"@ilNotiziarioInd","twitter_misc":{"Scritto da":"Simone Carcano","Tempo di lettura stimato":"3 minuti"},"schema":{"@context":"https:\/\/schema.org","@graph":[{"@type":"Article","@id":"https:\/\/www.ilnotiziario.net\/wp\/prima-pagina\/supermercati-aperti-il-24-dicembre-vicino-a-me\/#article","isPartOf":{"@id":"https:\/\/www.ilnotiziario.net\/wp\/prima-pagina\/supermercati-aperti-il-24-dicembre-vicino-a-me\/"},"author":{"name":"Simone Carcano","@id":"https:\/\/www.ilnotiziario.net\/wp\/#\/schema\/person\/c218ad0865f96bfe2c1c2cfa719653f7"},"headline":"Supermercati aperti il 24 dicembre: quali sono quelli vicino a me?","datePublished":"2023-12-24T06:42:38+00:00","mainEntityOfPage":{"@id":"https:\/\/www.ilnotiziario.net\/wp\/prima-pagina\/supermercati-aperti-il-24-dicembre-vicino-a-me\/"},"wordCount":354,"publisher":{"@id":"https:\/\/www.ilnotiziario.net\/wp\/#organization"},"image":{"@id":"https:\/\/www.ilnotiziario.net\/wp\/prima-pagina\/supermercati-aperti-il-24-dicembre-vicino-a-me\/#primaryimage"},"thumbnailUrl":"https:\/\/www.ilnotiziario.net\/wp\/wp-content\/uploads\/2020\/02\/coronavirus-supermercati.jpg","keywords":["supermercati aperti"],"articleSection":["Prima Pagina"],"inLanguage":"it-IT"},{"@type":"WebPage","@id":"https:\/\/www.ilnotiziario.net\/wp\/prima-pagina\/supermercati-aperti-il-24-dicembre-vicino-a-me\/","url":"https:\/\/www.ilnotiziario.net\/wp\/prima-pagina\/supermercati-aperti-il-24-dicembre-vicino-a-me\/","name":"Supermercati aperti il 24 dicembre: quali sono quelli vicino a me?","isPartOf":{"@id":"https:\/\/www.ilnotiziario.net\/wp\/#website"},"primaryImageOfPage":{"@id":"https:\/\/www.ilnotiziario.net\/wp\/prima-pagina\/supermercati-aperti-il-24-dicembre-vicino-a-me\/#primaryimage"},"image":{"@id":"https:\/\/www.ilnotiziario.net\/wp\/prima-pagina\/supermercati-aperti-il-24-dicembre-vicino-a-me\/#primaryimage"},"thumbnailUrl":"https:\/\/www.ilnotiziario.net\/wp\/wp-content\/uploads\/2020\/02\/coronavirus-supermercati.jpg","datePublished":"2023-12-24T06:42:38+00:00","description":"Supermercati aperti il 24 dicembre: quali sono quelli vicino a me alla Vigilia di Natale? Occhio a come cambiano gli orari","breadcrumb":{"@id":"https:\/\/www.ilnotiziario.net\/wp\/prima-pagina\/supermercati-aperti-il-24-dicembre-vicino-a-me\/#breadcrumb"},"inLanguage":"it-IT","potentialAction":[{"@type":"ReadAction","target":["https:\/\/www.ilnotiziario.net\/wp\/prima-pagina\/supermercati-aperti-il-24-dicembre-vicino-a-me\/"]}]},{"@type":"ImageObject","inLanguage":"it-IT","@id":"https:\/\/www.ilnotiziario.net\/wp\/prima-pagina\/supermercati-aperti-il-24-dicembre-vicino-a-me\/#primaryimage","url":"https:\/\/www.ilnotiziario.net\/wp\/wp-content\/uploads\/2020\/02\/coronavirus-supermercati.jpg","contentUrl":"https:\/\/www.ilnotiziario.net\/wp\/wp-content\/uploads\/2020\/02\/coronavirus-supermercati.jpg","width":1067,"height":617},{"@type":"BreadcrumbList","@id":"https:\/\/www.ilnotiziario.net\/wp\/prima-pagina\/supermercati-aperti-il-24-dicembre-vicino-a-me\/#breadcrumb","itemListElement":[{"@type":"ListItem","position":1,"name":"tds_text_logo_tagline_colortds_text_logo_tagline_colortds_text_logo_tagline_colortds_text_logo_tagline_colortd_module_7_title_excerpttd_module_7_title_excerpttd_module_7_title_excerpttd_module_7_title_excerptHome","item":"https:\/\/www.ilnotiziario.net\/wp\/"},{"@type":"ListItem","position":2,"name":"Supermercati aperti il 24 dicembre: quali sono quelli vicino a me?"}]},{"@type":"WebSite","@id":"https:\/\/www.ilnotiziario.net\/wp\/#website","url":"https:\/\/www.ilnotiziario.net\/wp\/","name":"Il Notiziario","description":"Per restare sempre connessi alla notizia","publisher":{"@id":"https:\/\/www.ilnotiziario.net\/wp\/#organization"},"alternateName":"Il Notiziario Bollate","potentialAction":[{"@type":"SearchAction","target":{"@type":"EntryPoint","urlTemplate":"https:\/\/www.ilnotiziario.net\/wp\/?s={search_term_string}"},"query-input":{"@type":"PropertyValueSpecification","valueRequired":true,"valueName":"search_term_string"}}],"inLanguage":"it-IT"},{"@type":"Organization","@id":"https:\/\/www.ilnotiziario.net\/wp\/#organization","name":"Il Notiziario","url":"https:\/\/www.ilnotiziario.net\/wp\/","logo":{"@type":"ImageObject","inLanguage":"it-IT","@id":"https:\/\/www.ilnotiziario.net\/wp\/#\/schema\/logo\/image\/","url":"https:\/\/www.ilnotiziario.net\/wp\/wp-content\/uploads\/2022\/06\/170x170ilN.png","contentUrl":"https:\/\/www.ilnotiziario.net\/wp\/wp-content\/uploads\/2022\/06\/170x170ilN.png","width":355,"height":355,"caption":"Il Notiziario"},"image":{"@id":"https:\/\/www.ilnotiziario.net\/wp\/#\/schema\/logo\/image\/"},"sameAs":["https:\/\/www.facebook.com\/ilnotiziarioind\/","https:\/\/x.com\/ilNotiziarioInd","https:\/\/www.instagram.com\/ilnotiziario_settimanale\/"]},{"@type":"Person","@id":"https:\/\/www.ilnotiziario.net\/wp\/#\/schema\/person\/c218ad0865f96bfe2c1c2cfa719653f7","name":"Simone Carcano","image":{"@type":"ImageObject","inLanguage":"it-IT","@id":"https:\/\/secure.gravatar.com\/avatar\/5e677023cff2c47e9f7a896b9157a46e18bd36e7c4d000a1726bb730be7d38bb?s=96&d=mm&r=g","url":"https:\/\/secure.gravatar.com\/avatar\/5e677023cff2c47e9f7a896b9157a46e18bd36e7c4d000a1726bb730be7d38bb?s=96&d=mm&r=g","contentUrl":"https:\/\/secure.gravatar.com\/avatar\/5e677023cff2c47e9f7a896b9157a46e18bd36e7c4d000a1726bb730be7d38bb?s=96&d=mm&r=g","caption":"Simone Carcano"},"sameAs":["http:\/\/www.ilnotiziario.net","https:\/\/x.com\/@simone_carcano"]}]}},"_links":{"self":[{"href":"https:\/\/www.ilnotiziario.net\/wp\/wp-json\/wp\/v2\/posts\/191645","targetHints":{"allow":["GET"]}}],"collection":[{"href":"https:\/\/www.ilnotiziario.net\/wp\/wp-json\/wp\/v2\/posts"}],"about":[{"href":"https:\/\/www.ilnotiziario.net\/wp\/wp-json\/wp\/v2\/types\/post"}],"author":[{"embeddable":true,"href":"https:\/\/www.ilnotiziario.net\/wp\/wp-json\/wp\/v2\/users\/7"}],"replies":[{"embeddable":true,"href":"https:\/\/www.ilnotiziario.net\/wp\/wp-json\/wp\/v2\/comments?post=191645"}],"version-history":[{"count":0,"href":"https:\/\/www.ilnotiziario.net\/wp\/wp-json\/wp\/v2\/posts\/191645\/revisions"}],"wp:featuredmedia":[{"embeddable":true,"href":"https:\/\/www.ilnotiziario.net\/wp\/wp-json\/wp\/v2\/media\/49729"}],"wp:attachment":[{"href":"https:\/\/www.ilnotiziario.net\/wp\/wp-json\/wp\/v2\/media?parent=191645"}],"wp:term":[{"taxonomy":"category","embeddable":true,"href":"https:\/\/www.ilnotiziario.net\/wp\/wp-json\/wp\/v2\/categories?post=191645"},{"taxonomy":"post_tag","embeddable":true,"href":"https:\/\/www.ilnotiziario.net\/wp\/wp-json\/wp\/v2\/tags?post=191645"}],"curies":[{"name":"wp","href":"https:\/\/api.w.org\/{rel}","templated":true}]}}