{"id":192143,"date":"2024-01-08T19:06:17","date_gmt":"2024-01-08T18:06:17","guid":{"rendered":"https:\/\/www.ilnotiziario.net\/wp\/?p=192143"},"modified":"2024-01-08T19:06:17","modified_gmt":"2024-01-08T18:06:17","slug":"salvini-autodromo-monza-inaugura-i-lavori-di-riqualificazione-della-pista","status":"publish","type":"post","link":"https:\/\/www.ilnotiziario.net\/wp\/brianza\/salvini-autodromo-monza-inaugura-i-lavori-di-riqualificazione-della-pista\/","title":{"rendered":"Salvini all&#8217;Autodromo di Monza inaugura i lavori di riqualificazione della pista"},"content":{"rendered":"<p>Alla presenza del ministro Matteo Salvini e del presidente di Regione Lombardia, Attilio Fontana, sono partiti questa mattina i lavori di riqualificazione della pista dell\u2019Autodromo di Monza.<\/p><div id=\"ilnot-2489112101\" class=\"ilnot-contenuto ilnot-entity-placement\"><p><!-- incontent_1 --><\/p>\n<div class=\"gptslot\" data-adunitid=\"1\"><\/div>\n<\/div>\n<p>L\u2019appalto \u00e8 stato affidato alla societ\u00e0 milanese Bacchi per un importo totale di 30 milioni di euro. Il tempo previsto per l\u2019esecuzione dei lavori \u00e8 di 140 giorni, in tempo per ospitare il MiMo dal 28 al 30 giugno e poi il 1\u00b0 settembre la 95esima edizione del Gran Premio d\u2019Italia.<\/p>\n<h2>Salvini inaugura i lavori all&#8217;Autodromo di Monza: pronto per il Gp d&#8217;Italia di Formula 1&nbsp; a settembre<\/h2>\n<p>Al taglio del nastro sono intervenuti anche il presidente del consiglio regionale lombardo, Federico Romani, Stefano Domenicali, Ceo Formula 1, Angelo Sticchi Damiani, presidente Aci oltre a consiglieri regionali numerosi parlamentari, sindaci e rappresentanti delle istituzioni<\/p><div id=\"ilnot-447997386\" class=\"ilnot-contenuto_2 ilnot-entity-placement\"><div class=\"ads-wrapper\">\n<div class=\"ad-slot\">\n   <div id=\"ilnot-2324538606\" style=\"margin-right: auto;margin-left: auto;text-align: center;width: 320px;height: 100px;\"><a href=\"https:\/\/www.scuolasicurezza.it\/\"><img decoding=\"async\" src=\"https:\/\/www.ilnotiziario.net\/wp\/wp-content\/uploads\/2026\/04\/IlNotiziario_banner-sito-e-newsletter-320-x-100-px-1.gif\" alt=\"\"><\/a><\/div>\n  <\/div>\n<div class=\"ad-slot\">\n   <div id=\"ilnot-1452352587\" style=\"margin-right: auto;margin-left: auto;text-align: center;width: 320px;height: 100px;\"><a href=\"https:\/\/purodesignarredamenti.com\/\"><img decoding=\"async\" src=\"https:\/\/www.ilnotiziario.net\/wp\/wp-content\/uploads\/2026\/04\/banner-puro-ok.gif\" alt=\"whatsapp\"><\/a><\/div><\/p><\/div>\n<\/div>\n<\/div>\n<p>I lavori sui 5.793 metri del Tempio nazionale della Velocit\u00e0 si sono resi necessari per rispondere agli standard qualitativi e di sicurezza internazionali richiesti dalla Federazione Internazionale dell\u2019Automobile (FIA).<\/p>\n<p>&nbsp;<\/p>\n<h2>I lavori di riqualificazione della pista all&#8217;Autodromo di Monza<\/h2>\n<p>Nell\u2019elenco degli interventi previsti ci sono:<\/p>\n<ul>\n<li>pavimentazione flessibile di nuova concezione, che render\u00e0 il tracciato pi\u00f9 performante, sia in termini di velocit\u00e0 che di resistenza;<\/li>\n<li>&nbsp;demolizione e ricostruzione dei cordoli presenti lungo le curve;<\/li>\n<li>&nbsp;rifacimento del sistema di raccolta delle acque e drenaggio (il nuovo sistema \u00e8 stato studiato, specificatamente, per far fronte ai sempre pi\u00f9 frequenti eventi atmosferici estremi);<\/li>\n<li>riqualificazione del viale di ingresso da Vedano;<\/li>\n<li>demolizione e ricostruzione di 3 sottopassi (ingresso Santa Maria alle Selve, adiacente alla piscina, e i due che raggiungono viale Mirabello, passando sotto il rettifilo compreso tra variante Ascari e curva Parabolica-Alboreto);<\/li>\n<li>&nbsp;realizzazione di un nuovo sottopasso che collegher\u00e0 Porta Vedano alla Parabolica;<\/li>\n<li>&nbsp;realizzazione di nuovi percorsi pedonali in calcestre, materiale ideale per pavimentazioni pedonali all\u2019aperto.<\/li>\n<\/ul>\n<p>&nbsp;<\/p>\n<p>In tutti i sottopassi, per garantire al pubblico di seguire prove, qualifiche e gare nella massima sicurezza, traffico pedonale e veicolare saranno separati e ci sar\u00e0 un nuovo accesso, funzionale e sicuro, per i mezzi pesanti<\/p><div id=\"ilnot-1171192285\" class=\"ilnot-contenuto_2-2 ilnot-entity-placement\"><div class=\"gptslot\" data-adunitid=\"2\"><\/div>\n<\/div>\n","protected":false},"excerpt":{"rendered":"<p>Alla presenza del ministro Matteo Salvini e del presidente di Regione Lombardia, Attilio Fontana, sono partiti questa mattina i lavori di riqualificazione della pista dell\u2019Autodromo di Monza. L\u2019appalto \u00e8 stato affidato alla societ\u00e0 milanese Bacchi per un importo totale di 30 milioni di euro. Il tempo previsto per l\u2019esecuzione dei lavori \u00e8 di 140 giorni,<\/p>\n","protected":false},"author":3,"featured_media":192144,"comment_status":"closed","ping_status":"closed","sticky":false,"template":"","format":"standard","meta":{"footnotes":""},"categories":[9,20,15],"tags":[7939,121,261,780],"class_list":{"0":"post-192143","1":"post","2":"type-post","3":"status-publish","4":"format-standard","5":"has-post-thumbnail","7":"category-brianza","8":"category-prima-pagina","9":"category-sport","10":"tag-autodromo","11":"tag-monza","12":"tag-pista","13":"tag-salvini"},"yoast_head":"<!-- This site is optimized with the Yoast SEO plugin v27.4 - https:\/\/yoast.com\/product\/yoast-seo-wordpress\/ -->\n<title>Salvini all&#039;Autodromo di Monza inaugura i lavori di riqualificazione della pista - Il Notiziario<\/title>\n<meta name=\"description\" content=\"Alla presenza del ministro Matteo Salvini e del presidente di Regione Lombardia, Attilio Fontana, sono partiti questa mattina i lavori di riqualificazione\" \/>\n<meta name=\"robots\" content=\"index, follow, max-snippet:-1, max-image-preview:large, max-video-preview:-1\" \/>\n<link rel=\"canonical\" href=\"https:\/\/www.ilnotiziario.net\/wp\/brianza\/salvini-autodromo-monza-inaugura-i-lavori-di-riqualificazione-della-pista\/\" \/>\n<meta property=\"og:locale\" content=\"it_IT\" \/>\n<meta property=\"og:type\" content=\"article\" \/>\n<meta property=\"og:title\" content=\"Salvini all&#039;Autodromo di Monza inaugura i lavori di riqualificazione della pista - Il Notiziario\" \/>\n<meta property=\"og:description\" content=\"Alla presenza del ministro Matteo Salvini e del presidente di Regione Lombardia, Attilio Fontana, sono partiti questa mattina i lavori di riqualificazione\" \/>\n<meta property=\"og:url\" content=\"https:\/\/www.ilnotiziario.net\/wp\/brianza\/salvini-autodromo-monza-inaugura-i-lavori-di-riqualificazione-della-pista\/\" \/>\n<meta property=\"og:site_name\" content=\"Il Notiziario\" \/>\n<meta property=\"article:publisher\" content=\"https:\/\/www.facebook.com\/ilnotiziarioind\/\" \/>\n<meta property=\"article:published_time\" content=\"2024-01-08T18:06:17+00:00\" \/>\n<meta property=\"og:image\" content=\"https:\/\/www.ilnotiziario.net\/wp\/wp-content\/uploads\/2024\/01\/Salvini-Monza-Autodromo.jpg\" \/>\n\t<meta property=\"og:image:width\" content=\"1080\" \/>\n\t<meta property=\"og:image:height\" content=\"576\" \/>\n\t<meta property=\"og:image:type\" content=\"image\/jpeg\" \/>\n<meta name=\"author\" content=\"Gabriele Bassani\" \/>\n<meta name=\"twitter:card\" content=\"summary_large_image\" \/>\n<meta name=\"twitter:creator\" content=\"@ilNotiziarioInd\" \/>\n<meta name=\"twitter:site\" content=\"@ilNotiziarioInd\" \/>\n<meta name=\"twitter:label1\" content=\"Scritto da\" \/>\n\t<meta name=\"twitter:data1\" content=\"Gabriele Bassani\" \/>\n\t<meta name=\"twitter:label2\" content=\"Tempo di lettura stimato\" \/>\n\t<meta name=\"twitter:data2\" content=\"2 minuti\" \/>\n<script type=\"application\/ld+json\" class=\"yoast-schema-graph\">{\"@context\":\"https:\\\/\\\/schema.org\",\"@graph\":[{\"@type\":\"Article\",\"@id\":\"https:\\\/\\\/www.ilnotiziario.net\\\/wp\\\/brianza\\\/salvini-autodromo-monza-inaugura-i-lavori-di-riqualificazione-della-pista\\\/#article\",\"isPartOf\":{\"@id\":\"https:\\\/\\\/www.ilnotiziario.net\\\/wp\\\/brianza\\\/salvini-autodromo-monza-inaugura-i-lavori-di-riqualificazione-della-pista\\\/\"},\"author\":{\"name\":\"Gabriele Bassani\",\"@id\":\"https:\\\/\\\/www.ilnotiziario.net\\\/wp\\\/#\\\/schema\\\/person\\\/386e222908f898bb41c033989482bbf2\"},\"headline\":\"Salvini all&#8217;Autodromo di Monza inaugura i lavori di riqualificazione della pista\",\"datePublished\":\"2024-01-08T18:06:17+00:00\",\"mainEntityOfPage\":{\"@id\":\"https:\\\/\\\/www.ilnotiziario.net\\\/wp\\\/brianza\\\/salvini-autodromo-monza-inaugura-i-lavori-di-riqualificazione-della-pista\\\/\"},\"wordCount\":345,\"publisher\":{\"@id\":\"https:\\\/\\\/www.ilnotiziario.net\\\/wp\\\/#organization\"},\"image\":{\"@id\":\"https:\\\/\\\/www.ilnotiziario.net\\\/wp\\\/brianza\\\/salvini-autodromo-monza-inaugura-i-lavori-di-riqualificazione-della-pista\\\/#primaryimage\"},\"thumbnailUrl\":\"https:\\\/\\\/www.ilnotiziario.net\\\/wp\\\/wp-content\\\/uploads\\\/2024\\\/01\\\/Salvini-Monza-Autodromo.jpg\",\"keywords\":[\"autodromo\",\"Monza\",\"pista\",\"Salvini\"],\"articleSection\":[\"BRIANZA\",\"Prima Pagina\",\"SPORT\"],\"inLanguage\":\"it-IT\"},{\"@type\":\"WebPage\",\"@id\":\"https:\\\/\\\/www.ilnotiziario.net\\\/wp\\\/brianza\\\/salvini-autodromo-monza-inaugura-i-lavori-di-riqualificazione-della-pista\\\/\",\"url\":\"https:\\\/\\\/www.ilnotiziario.net\\\/wp\\\/brianza\\\/salvini-autodromo-monza-inaugura-i-lavori-di-riqualificazione-della-pista\\\/\",\"name\":\"Salvini all'Autodromo di Monza inaugura i lavori di riqualificazione della pista - Il Notiziario\",\"isPartOf\":{\"@id\":\"https:\\\/\\\/www.ilnotiziario.net\\\/wp\\\/#website\"},\"primaryImageOfPage\":{\"@id\":\"https:\\\/\\\/www.ilnotiziario.net\\\/wp\\\/brianza\\\/salvini-autodromo-monza-inaugura-i-lavori-di-riqualificazione-della-pista\\\/#primaryimage\"},\"image\":{\"@id\":\"https:\\\/\\\/www.ilnotiziario.net\\\/wp\\\/brianza\\\/salvini-autodromo-monza-inaugura-i-lavori-di-riqualificazione-della-pista\\\/#primaryimage\"},\"thumbnailUrl\":\"https:\\\/\\\/www.ilnotiziario.net\\\/wp\\\/wp-content\\\/uploads\\\/2024\\\/01\\\/Salvini-Monza-Autodromo.jpg\",\"datePublished\":\"2024-01-08T18:06:17+00:00\",\"description\":\"Alla presenza del ministro Matteo Salvini e del presidente di Regione Lombardia, Attilio Fontana, sono partiti questa mattina i lavori di riqualificazione\",\"breadcrumb\":{\"@id\":\"https:\\\/\\\/www.ilnotiziario.net\\\/wp\\\/brianza\\\/salvini-autodromo-monza-inaugura-i-lavori-di-riqualificazione-della-pista\\\/#breadcrumb\"},\"inLanguage\":\"it-IT\",\"potentialAction\":[{\"@type\":\"ReadAction\",\"target\":[\"https:\\\/\\\/www.ilnotiziario.net\\\/wp\\\/brianza\\\/salvini-autodromo-monza-inaugura-i-lavori-di-riqualificazione-della-pista\\\/\"]}]},{\"@type\":\"ImageObject\",\"inLanguage\":\"it-IT\",\"@id\":\"https:\\\/\\\/www.ilnotiziario.net\\\/wp\\\/brianza\\\/salvini-autodromo-monza-inaugura-i-lavori-di-riqualificazione-della-pista\\\/#primaryimage\",\"url\":\"https:\\\/\\\/www.ilnotiziario.net\\\/wp\\\/wp-content\\\/uploads\\\/2024\\\/01\\\/Salvini-Monza-Autodromo.jpg\",\"contentUrl\":\"https:\\\/\\\/www.ilnotiziario.net\\\/wp\\\/wp-content\\\/uploads\\\/2024\\\/01\\\/Salvini-Monza-Autodromo.jpg\",\"width\":1080,\"height\":576,\"caption\":\"salvini monza autodromo\"},{\"@type\":\"BreadcrumbList\",\"@id\":\"https:\\\/\\\/www.ilnotiziario.net\\\/wp\\\/brianza\\\/salvini-autodromo-monza-inaugura-i-lavori-di-riqualificazione-della-pista\\\/#breadcrumb\",\"itemListElement\":[{\"@type\":\"ListItem\",\"position\":1,\"name\":\"tds_text_logo_tagline_colortds_text_logo_tagline_colortds_text_logo_tagline_colortds_text_logo_tagline_colortd_module_7_title_excerpttd_module_7_title_excerpttd_module_7_title_excerpttd_module_7_title_excerptHome\",\"item\":\"https:\\\/\\\/www.ilnotiziario.net\\\/wp\\\/\"},{\"@type\":\"ListItem\",\"position\":2,\"name\":\"Salvini all&#8217;Autodromo di Monza inaugura i lavori di riqualificazione della pista\"}]},{\"@type\":\"WebSite\",\"@id\":\"https:\\\/\\\/www.ilnotiziario.net\\\/wp\\\/#website\",\"url\":\"https:\\\/\\\/www.ilnotiziario.net\\\/wp\\\/\",\"name\":\"Il Notiziario\",\"description\":\"Per restare sempre connessi alla notizia\",\"publisher\":{\"@id\":\"https:\\\/\\\/www.ilnotiziario.net\\\/wp\\\/#organization\"},\"alternateName\":\"Il Notiziario Bollate\",\"potentialAction\":[{\"@type\":\"SearchAction\",\"target\":{\"@type\":\"EntryPoint\",\"urlTemplate\":\"https:\\\/\\\/www.ilnotiziario.net\\\/wp\\\/?s={search_term_string}\"},\"query-input\":{\"@type\":\"PropertyValueSpecification\",\"valueRequired\":true,\"valueName\":\"search_term_string\"}}],\"inLanguage\":\"it-IT\"},{\"@type\":\"Organization\",\"@id\":\"https:\\\/\\\/www.ilnotiziario.net\\\/wp\\\/#organization\",\"name\":\"Il Notiziario\",\"url\":\"https:\\\/\\\/www.ilnotiziario.net\\\/wp\\\/\",\"logo\":{\"@type\":\"ImageObject\",\"inLanguage\":\"it-IT\",\"@id\":\"https:\\\/\\\/www.ilnotiziario.net\\\/wp\\\/#\\\/schema\\\/logo\\\/image\\\/\",\"url\":\"https:\\\/\\\/www.ilnotiziario.net\\\/wp\\\/wp-content\\\/uploads\\\/2022\\\/06\\\/170x170ilN.png\",\"contentUrl\":\"https:\\\/\\\/www.ilnotiziario.net\\\/wp\\\/wp-content\\\/uploads\\\/2022\\\/06\\\/170x170ilN.png\",\"width\":355,\"height\":355,\"caption\":\"Il Notiziario\"},\"image\":{\"@id\":\"https:\\\/\\\/www.ilnotiziario.net\\\/wp\\\/#\\\/schema\\\/logo\\\/image\\\/\"},\"sameAs\":[\"https:\\\/\\\/www.facebook.com\\\/ilnotiziarioind\\\/\",\"https:\\\/\\\/x.com\\\/ilNotiziarioInd\",\"https:\\\/\\\/www.instagram.com\\\/ilnotiziario_settimanale\\\/\"]},{\"@type\":\"Person\",\"@id\":\"https:\\\/\\\/www.ilnotiziario.net\\\/wp\\\/#\\\/schema\\\/person\\\/386e222908f898bb41c033989482bbf2\",\"name\":\"Gabriele Bassani\",\"image\":{\"@type\":\"ImageObject\",\"inLanguage\":\"it-IT\",\"@id\":\"https:\\\/\\\/secure.gravatar.com\\\/avatar\\\/09274f4a84fa97698bde56f84b3afed61c8492d48b0550db9671b68c177479cb?s=96&d=mm&r=g\",\"url\":\"https:\\\/\\\/secure.gravatar.com\\\/avatar\\\/09274f4a84fa97698bde56f84b3afed61c8492d48b0550db9671b68c177479cb?s=96&d=mm&r=g\",\"contentUrl\":\"https:\\\/\\\/secure.gravatar.com\\\/avatar\\\/09274f4a84fa97698bde56f84b3afed61c8492d48b0550db9671b68c177479cb?s=96&d=mm&r=g\",\"caption\":\"Gabriele Bassani\"},\"sameAs\":[\"http:\\\/\\\/www.ilnotiziario.net\"]}]}<\/script>\n<!-- \/ Yoast SEO plugin. -->","yoast_head_json":{"title":"Salvini all'Autodromo di Monza inaugura i lavori di riqualificazione della pista - Il Notiziario","description":"Alla presenza del ministro Matteo Salvini e del presidente di Regione Lombardia, Attilio Fontana, sono partiti questa mattina i lavori di riqualificazione","robots":{"index":"index","follow":"follow","max-snippet":"max-snippet:-1","max-image-preview":"max-image-preview:large","max-video-preview":"max-video-preview:-1"},"canonical":"https:\/\/www.ilnotiziario.net\/wp\/brianza\/salvini-autodromo-monza-inaugura-i-lavori-di-riqualificazione-della-pista\/","og_locale":"it_IT","og_type":"article","og_title":"Salvini all'Autodromo di Monza inaugura i lavori di riqualificazione della pista - Il Notiziario","og_description":"Alla presenza del ministro Matteo Salvini e del presidente di Regione Lombardia, Attilio Fontana, sono partiti questa mattina i lavori di riqualificazione","og_url":"https:\/\/www.ilnotiziario.net\/wp\/brianza\/salvini-autodromo-monza-inaugura-i-lavori-di-riqualificazione-della-pista\/","og_site_name":"Il Notiziario","article_publisher":"https:\/\/www.facebook.com\/ilnotiziarioind\/","article_published_time":"2024-01-08T18:06:17+00:00","og_image":[{"width":1080,"height":576,"url":"https:\/\/www.ilnotiziario.net\/wp\/wp-content\/uploads\/2024\/01\/Salvini-Monza-Autodromo.jpg","type":"image\/jpeg"}],"author":"Gabriele Bassani","twitter_card":"summary_large_image","twitter_creator":"@ilNotiziarioInd","twitter_site":"@ilNotiziarioInd","twitter_misc":{"Scritto da":"Gabriele Bassani","Tempo di lettura stimato":"2 minuti"},"schema":{"@context":"https:\/\/schema.org","@graph":[{"@type":"Article","@id":"https:\/\/www.ilnotiziario.net\/wp\/brianza\/salvini-autodromo-monza-inaugura-i-lavori-di-riqualificazione-della-pista\/#article","isPartOf":{"@id":"https:\/\/www.ilnotiziario.net\/wp\/brianza\/salvini-autodromo-monza-inaugura-i-lavori-di-riqualificazione-della-pista\/"},"author":{"name":"Gabriele Bassani","@id":"https:\/\/www.ilnotiziario.net\/wp\/#\/schema\/person\/386e222908f898bb41c033989482bbf2"},"headline":"Salvini all&#8217;Autodromo di Monza inaugura i lavori di riqualificazione della pista","datePublished":"2024-01-08T18:06:17+00:00","mainEntityOfPage":{"@id":"https:\/\/www.ilnotiziario.net\/wp\/brianza\/salvini-autodromo-monza-inaugura-i-lavori-di-riqualificazione-della-pista\/"},"wordCount":345,"publisher":{"@id":"https:\/\/www.ilnotiziario.net\/wp\/#organization"},"image":{"@id":"https:\/\/www.ilnotiziario.net\/wp\/brianza\/salvini-autodromo-monza-inaugura-i-lavori-di-riqualificazione-della-pista\/#primaryimage"},"thumbnailUrl":"https:\/\/www.ilnotiziario.net\/wp\/wp-content\/uploads\/2024\/01\/Salvini-Monza-Autodromo.jpg","keywords":["autodromo","Monza","pista","Salvini"],"articleSection":["BRIANZA","Prima Pagina","SPORT"],"inLanguage":"it-IT"},{"@type":"WebPage","@id":"https:\/\/www.ilnotiziario.net\/wp\/brianza\/salvini-autodromo-monza-inaugura-i-lavori-di-riqualificazione-della-pista\/","url":"https:\/\/www.ilnotiziario.net\/wp\/brianza\/salvini-autodromo-monza-inaugura-i-lavori-di-riqualificazione-della-pista\/","name":"Salvini all'Autodromo di Monza inaugura i lavori di riqualificazione della pista - Il Notiziario","isPartOf":{"@id":"https:\/\/www.ilnotiziario.net\/wp\/#website"},"primaryImageOfPage":{"@id":"https:\/\/www.ilnotiziario.net\/wp\/brianza\/salvini-autodromo-monza-inaugura-i-lavori-di-riqualificazione-della-pista\/#primaryimage"},"image":{"@id":"https:\/\/www.ilnotiziario.net\/wp\/brianza\/salvini-autodromo-monza-inaugura-i-lavori-di-riqualificazione-della-pista\/#primaryimage"},"thumbnailUrl":"https:\/\/www.ilnotiziario.net\/wp\/wp-content\/uploads\/2024\/01\/Salvini-Monza-Autodromo.jpg","datePublished":"2024-01-08T18:06:17+00:00","description":"Alla presenza del ministro Matteo Salvini e del presidente di Regione Lombardia, Attilio Fontana, sono partiti questa mattina i lavori di riqualificazione","breadcrumb":{"@id":"https:\/\/www.ilnotiziario.net\/wp\/brianza\/salvini-autodromo-monza-inaugura-i-lavori-di-riqualificazione-della-pista\/#breadcrumb"},"inLanguage":"it-IT","potentialAction":[{"@type":"ReadAction","target":["https:\/\/www.ilnotiziario.net\/wp\/brianza\/salvini-autodromo-monza-inaugura-i-lavori-di-riqualificazione-della-pista\/"]}]},{"@type":"ImageObject","inLanguage":"it-IT","@id":"https:\/\/www.ilnotiziario.net\/wp\/brianza\/salvini-autodromo-monza-inaugura-i-lavori-di-riqualificazione-della-pista\/#primaryimage","url":"https:\/\/www.ilnotiziario.net\/wp\/wp-content\/uploads\/2024\/01\/Salvini-Monza-Autodromo.jpg","contentUrl":"https:\/\/www.ilnotiziario.net\/wp\/wp-content\/uploads\/2024\/01\/Salvini-Monza-Autodromo.jpg","width":1080,"height":576,"caption":"salvini monza autodromo"},{"@type":"BreadcrumbList","@id":"https:\/\/www.ilnotiziario.net\/wp\/brianza\/salvini-autodromo-monza-inaugura-i-lavori-di-riqualificazione-della-pista\/#breadcrumb","itemListElement":[{"@type":"ListItem","position":1,"name":"tds_text_logo_tagline_colortds_text_logo_tagline_colortds_text_logo_tagline_colortds_text_logo_tagline_colortd_module_7_title_excerpttd_module_7_title_excerpttd_module_7_title_excerpttd_module_7_title_excerptHome","item":"https:\/\/www.ilnotiziario.net\/wp\/"},{"@type":"ListItem","position":2,"name":"Salvini all&#8217;Autodromo di Monza inaugura i lavori di riqualificazione della pista"}]},{"@type":"WebSite","@id":"https:\/\/www.ilnotiziario.net\/wp\/#website","url":"https:\/\/www.ilnotiziario.net\/wp\/","name":"Il Notiziario","description":"Per restare sempre connessi alla notizia","publisher":{"@id":"https:\/\/www.ilnotiziario.net\/wp\/#organization"},"alternateName":"Il Notiziario Bollate","potentialAction":[{"@type":"SearchAction","target":{"@type":"EntryPoint","urlTemplate":"https:\/\/www.ilnotiziario.net\/wp\/?s={search_term_string}"},"query-input":{"@type":"PropertyValueSpecification","valueRequired":true,"valueName":"search_term_string"}}],"inLanguage":"it-IT"},{"@type":"Organization","@id":"https:\/\/www.ilnotiziario.net\/wp\/#organization","name":"Il Notiziario","url":"https:\/\/www.ilnotiziario.net\/wp\/","logo":{"@type":"ImageObject","inLanguage":"it-IT","@id":"https:\/\/www.ilnotiziario.net\/wp\/#\/schema\/logo\/image\/","url":"https:\/\/www.ilnotiziario.net\/wp\/wp-content\/uploads\/2022\/06\/170x170ilN.png","contentUrl":"https:\/\/www.ilnotiziario.net\/wp\/wp-content\/uploads\/2022\/06\/170x170ilN.png","width":355,"height":355,"caption":"Il Notiziario"},"image":{"@id":"https:\/\/www.ilnotiziario.net\/wp\/#\/schema\/logo\/image\/"},"sameAs":["https:\/\/www.facebook.com\/ilnotiziarioind\/","https:\/\/x.com\/ilNotiziarioInd","https:\/\/www.instagram.com\/ilnotiziario_settimanale\/"]},{"@type":"Person","@id":"https:\/\/www.ilnotiziario.net\/wp\/#\/schema\/person\/386e222908f898bb41c033989482bbf2","name":"Gabriele Bassani","image":{"@type":"ImageObject","inLanguage":"it-IT","@id":"https:\/\/secure.gravatar.com\/avatar\/09274f4a84fa97698bde56f84b3afed61c8492d48b0550db9671b68c177479cb?s=96&d=mm&r=g","url":"https:\/\/secure.gravatar.com\/avatar\/09274f4a84fa97698bde56f84b3afed61c8492d48b0550db9671b68c177479cb?s=96&d=mm&r=g","contentUrl":"https:\/\/secure.gravatar.com\/avatar\/09274f4a84fa97698bde56f84b3afed61c8492d48b0550db9671b68c177479cb?s=96&d=mm&r=g","caption":"Gabriele Bassani"},"sameAs":["http:\/\/www.ilnotiziario.net"]}]}},"_links":{"self":[{"href":"https:\/\/www.ilnotiziario.net\/wp\/wp-json\/wp\/v2\/posts\/192143","targetHints":{"allow":["GET"]}}],"collection":[{"href":"https:\/\/www.ilnotiziario.net\/wp\/wp-json\/wp\/v2\/posts"}],"about":[{"href":"https:\/\/www.ilnotiziario.net\/wp\/wp-json\/wp\/v2\/types\/post"}],"author":[{"embeddable":true,"href":"https:\/\/www.ilnotiziario.net\/wp\/wp-json\/wp\/v2\/users\/3"}],"replies":[{"embeddable":true,"href":"https:\/\/www.ilnotiziario.net\/wp\/wp-json\/wp\/v2\/comments?post=192143"}],"version-history":[{"count":0,"href":"https:\/\/www.ilnotiziario.net\/wp\/wp-json\/wp\/v2\/posts\/192143\/revisions"}],"wp:featuredmedia":[{"embeddable":true,"href":"https:\/\/www.ilnotiziario.net\/wp\/wp-json\/wp\/v2\/media\/192144"}],"wp:attachment":[{"href":"https:\/\/www.ilnotiziario.net\/wp\/wp-json\/wp\/v2\/media?parent=192143"}],"wp:term":[{"taxonomy":"category","embeddable":true,"href":"https:\/\/www.ilnotiziario.net\/wp\/wp-json\/wp\/v2\/categories?post=192143"},{"taxonomy":"post_tag","embeddable":true,"href":"https:\/\/www.ilnotiziario.net\/wp\/wp-json\/wp\/v2\/tags?post=192143"}],"curies":[{"name":"wp","href":"https:\/\/api.w.org\/{rel}","templated":true}]}}