{"id":192266,"date":"2024-01-12T18:22:54","date_gmt":"2024-01-12T17:22:54","guid":{"rendered":"https:\/\/www.ilnotiziario.net\/wp\/?p=192266"},"modified":"2024-01-12T18:22:54","modified_gmt":"2024-01-12T17:22:54","slug":"week-end-dalla-rievocazione-storica-a-saronno-per-s-antonio-allo-spettacolo-comico-di-solaro","status":"publish","type":"post","link":"https:\/\/www.ilnotiziario.net\/wp\/prima-pagina\/week-end-dalla-rievocazione-storica-a-saronno-per-s-antonio-allo-spettacolo-comico-di-solaro\/","title":{"rendered":"Week-end: dalla rievocazione storica a Saronno per S. Antonio allo spettacolo comico di Solaro"},"content":{"rendered":"<p>Ecco tutti gli eventi del fine settimana, da venerd\u00ec 12 a domenica 14 gennaio.<\/p><div id=\"ilnot-1016767536\" class=\"ilnot-contenuto ilnot-entity-placement\"><p><!-- incontent_1 --><\/p>\n<div class=\"gptslot\" data-adunitid=\"1\"><\/div>\n<\/div>\n<h2>SARONNO \u2013 Sant\u2019Antonio torna con tutti gli eventi della tradizione<\/h2>\n<p>Primo appuntamento sabato 13 gennaio quando nel pomeriggio ci saranno dalle 15 giochi per i pi\u00f9 piccoli seguiti dalla fiaccolata e, dopo la cena nel borgo, lo spettacolo pirotecnico all\u2019oratorio. Domenica 14 alle 15 \u00e8 invece atteso il grande corteo storico arrivato alla sua quindicesima edizione con la rievocazione della storia della Chiesetta di Sant\u2019Antonio Abate al Lazzaretto (1300 -1800) e della citt\u00e0 di Saronno. Gran finale e giornata conclusiva della manifestazione mercoled\u00ec 17 dicembre con la sagra e il suo fitto programma che prevede mercatini, benedizioni di auto e animali fino all\u2019attesissimo Fal\u00f2 di Sant\u2019Antonio all\u2019oratorio alle 21.<\/p>\n<h2>ORIGGIO \u2013 Sabato premiazioni del concorso fotografico a Villa Borletti<\/h2>\n<p>Questo sabato 13 gennaio, alle 17 a Villa Borletti, sar\u00e0 inaugurata la mostra di tutte le foto che hanno partecipato al Concorso fotografico 2023 \u201cCorti e cascine origgesi\u201d. All\u2019inaugurazione verranno premiate le tre foto vincitrici. La rassegna rimarr\u00e0 aperta tutto il weekend.<\/p><div id=\"ilnot-758038004\" class=\"ilnot-contenuto_2 ilnot-entity-placement\"><div class=\"ads-wrapper\">\n<div class=\"ad-slot\">\n   <div id=\"ilnot-3267883700\" style=\"margin-right: auto;margin-left: auto;text-align: center;width: 320px;height: 100px;\"><a href=\"https:\/\/www.scuolasicurezza.it\/\"><img decoding=\"async\" src=\"https:\/\/www.ilnotiziario.net\/wp\/wp-content\/uploads\/2026\/04\/IlNotiziario_banner-sito-e-newsletter-320-x-100-px-1.gif\" alt=\"\"><\/a><\/div>\n  <\/div>\n<div class=\"ad-slot\">\n   <div id=\"ilnot-3938052365\" style=\"margin-right: auto;margin-left: auto;text-align: center;width: 320px;height: 100px;\"><a href=\"https:\/\/purodesignarredamenti.com\/\"><img decoding=\"async\" src=\"https:\/\/www.ilnotiziario.net\/wp\/wp-content\/uploads\/2026\/04\/banner-puro-ok.gif\" alt=\"whatsapp\"><\/a><\/div><\/p><\/div>\n<\/div>\n<\/div>\n<h2>GERENZANO \u2013 Festa di S. Antonio Abate: benedizione degli animali<\/h2>\n<p>Domenica 14 si terr\u00e0 la \u201cFesta di Sant\u2019Antonio Abate\u201d: alle 15.30, nel cortile dell\u2019oratorio, avr\u00e0 luogo la benedizione degli animali domestici. A seguire \u201cMerenda sfiziosa di condivisione\u201d: le bariste raccoglieranno torte, munite di lista ingredienti, da gustare insieme dopo la benedizione.<\/p>\n<h2>SOLARO \u2013 Si ride a teatro per sostenere In X Aut<\/h2>\n<p>l\u2019Associazione In X Aut invita tutti una serata di puro divertimento con la Nazionale Italiana Comini. Lo spettacolo \u201cDiversamente Comico\u201d \u00e8 in programma sabato 13 alle 21 nella Sala polifunzionale San Domenico Savio, via della Repubblica 55 a Solaro. Ingresso a offerta libera (minimo 10\u20ac). E\u2019 importante prenotare con un messaggio WhatsApp al 3475590041. L\u2019intero incasso servir\u00e0 a sostenere i progetti inclusivi di In X Aut.<\/p>\n<h2>BARANZATE \u2013 Tombolata per famiglie in oratorio<\/h2>\n<p>Appuntamento questa domenica 14 alle ore 16 in oratorio San Giovanni Bosco per la tombolata in compagnia. Evento aperto a tutti, per famiglie con bambini e non solo.<\/p><div id=\"ilnot-1335106589\" class=\"ilnot-contenuto_2-2 ilnot-entity-placement\"><div class=\"gptslot\" data-adunitid=\"2\"><\/div>\n<\/div>\n<h2>NOVATE \u2013 \u201cLaboratori per scatenarsi in prospettiva\u201d col Circolo<\/h2>\n<p>Il Circolo Sempre Avanti invita all\u2019iniziativa \u201cLaboratori per scatenarsi in prospettiva\u201d. Primo appuntamento domenica 14 alle 17 con \u201cVieni a vedere perch\u00e9\u201d, con la presentazione del progetto artistico e del gruppo degli artisti e consegna del calendario degli incontri. Il laboratorio \u00e8 rivolto a persone con difficolt\u00e0 di socializzazione che vogliono mettersi \u201cin gioco\u201d. Per informazioni e iscrizioni contattare Norma al 3393162942.<\/p>\n<h2>CUSANO MILANINO \u2013 Nuovo concerto per \u201cI sabati del santuario\u201d<\/h2>\n<p>Nuovo appuntamento con \u201cI sabati del santuario\u201d. L\u2019appuntamento \u00e8 per domani, sabato 13 alle 21, al Santuario Madonna della Cintura, in piazza XXV Aprile, con il pianista Ivano Palma. Il programma della serata: Beethoven, Sonata Op.10 n\u00b01, Schumann, Papillon Op.2.<\/p>\n<h2>LIMBIATE \u2013 Al teatro comunale \u00e8 di scena \u201cPeter Pan\u201d<\/h2>\n<p>Domenica si terr\u00e0 \u201cPeter Pan, una storia di pochi centimetri e piume\u201d al teatro comunale di Limbiate. Uno show dedicato ai pi\u00f9 piccoli che propone uno spettacolo per tutta la famiglia, rivolto ai bambini dai 5 anni in su. Avr\u00e0 inizio alle 16 e il costo \u00e8 di 10 euro per il biglietto intero e di 5 euro per gli under 14. Chi fosse interessato pu\u00f2 presentarsi direttamente a teatro.<\/p><div id=\"ilnot-1761937741\" class=\"ilnot-contenuto_2-2-2 ilnot-entity-placement\"><div class=\"gptslot\" data-adunitid=\"3\"><\/div>\n<\/div>\n<h2>CESATE \u2013 Tombola all\u2019oratorio San Francesco<\/h2>\n<p>Domenica 14 gennaio, all\u2019oratorio San Francesco, appuntamento con la tombolata alle 15, con bellissimi premi per grandi e piccini.<\/p>\n<h2>GARBAGNATE \u2013 Pista di ghiaccio fino al 14 gennaio<\/h2>\n<p>Termina la stagione del pattinaggio sul ghiaccio in piazza della Croce. La pista infatti \u00e8 aperta solo fino a domenica 14 gennaio, dalle 14 alle 23 nei giorni feriali e dalle 10 alle 12 e dalle 14 alle 23 nei giorni festivi. Ingresso a pagamento.<\/p>\n<h2>ARESE \u2013 Spettacolo per bambini con animazioni video<\/h2>\n<p>Uno spettacolo con pupazzi, ombre e animazione video per bambini alla biblioteca Agor\u00e0. L\u2019evento, nell\u2019ambito della rassegna Scenari, \u00e8 in cartellone per domani sabato 14 alle ore 16. Ci sar\u00e0 l\u2019esibizione di Sara Cicenia e Irina Lorandi, con le musiche dal vivo di Roberta Mangiacavalli e le animazioni video di Sergio Menescardi. Uno spettacolo rivolto ai bimbi (dai 2 anni) in cui un piccolo orso dal nome Bimbo inizia nel buio della notte un viaggio attraverso luoghi conosciuti &#8211; la citt\u00e0, il parco &#8211; ma che sono molto diversi dal solito.<\/p><div id=\"ilnot-3299428854\" class=\"ilnot-contenuto_2-2-2-2 ilnot-entity-placement\"><div class=\"gptslot\" data-adunitid=\"4\"><\/div>\n<\/div>\n<p>&nbsp;<\/p>\n<p>&nbsp;<\/p>\n<p>&nbsp;<\/p>\n<p>&nbsp;<\/p>\n<p>&nbsp;<\/p>\n<p>&nbsp;<\/p>\n","protected":false},"excerpt":{"rendered":"<p>Ecco tutti gli eventi del fine settimana, da venerd\u00ec 12 a domenica 14 gennaio. SARONNO \u2013 Sant\u2019Antonio torna con tutti gli eventi della tradizione Primo appuntamento sabato 13 gennaio quando nel pomeriggio ci saranno dalle 15 giochi per i pi\u00f9 piccoli seguiti dalla fiaccolata e, dopo la cena nel borgo, lo spettacolo pirotecnico all\u2019oratorio. Domenica<\/p>\n","protected":false},"author":223159,"featured_media":192269,"comment_status":"closed","ping_status":"closed","sticky":false,"template":"","format":"standard","meta":{"footnotes":""},"categories":[277,20],"tags":[875,877,3215,5154,2223],"class_list":{"0":"post-192266","1":"post","2":"type-post","3":"status-publish","4":"format-standard","5":"has-post-thumbnail","7":"category-appuntamenti-della-settimana","8":"category-prima-pagina","9":"tag-appuntamenti-2","10":"tag-eventi","11":"tag-fine-settimana","12":"tag-week-end","13":"tag-weekend"},"yoast_head":"<!-- This site is optimized with the Yoast SEO plugin v27.4 - https:\/\/yoast.com\/product\/yoast-seo-wordpress\/ -->\n<title>Week-end: dalla rievocazione storica a Saronno per S. Antonio allo spettacolo comico di Solaro - Il Notiziario<\/title>\n<meta name=\"description\" content=\"Ecco tutti gli eventi del fine settimana, da venerd\u00ec 12 a domenica 14 gennaio. SARONNO \u2013 Sant\u2019Antonio torna con tutti gli eventi della tradizione Primo\" \/>\n<meta name=\"robots\" content=\"index, follow, max-snippet:-1, max-image-preview:large, max-video-preview:-1\" \/>\n<link rel=\"canonical\" href=\"https:\/\/www.ilnotiziario.net\/wp\/prima-pagina\/week-end-dalla-rievocazione-storica-a-saronno-per-s-antonio-allo-spettacolo-comico-di-solaro\/\" \/>\n<meta property=\"og:locale\" content=\"it_IT\" \/>\n<meta property=\"og:type\" content=\"article\" \/>\n<meta property=\"og:title\" content=\"Week-end: dalla rievocazione storica a Saronno per S. Antonio allo spettacolo comico di Solaro - Il Notiziario\" \/>\n<meta property=\"og:description\" content=\"Ecco tutti gli eventi del fine settimana, da venerd\u00ec 12 a domenica 14 gennaio. SARONNO \u2013 Sant\u2019Antonio torna con tutti gli eventi della tradizione Primo\" \/>\n<meta property=\"og:url\" content=\"https:\/\/www.ilnotiziario.net\/wp\/prima-pagina\/week-end-dalla-rievocazione-storica-a-saronno-per-s-antonio-allo-spettacolo-comico-di-solaro\/\" \/>\n<meta property=\"og:site_name\" content=\"Il Notiziario\" \/>\n<meta property=\"article:publisher\" content=\"https:\/\/www.facebook.com\/ilnotiziarioind\/\" \/>\n<meta property=\"article:published_time\" content=\"2024-01-12T17:22:54+00:00\" \/>\n<meta property=\"og:image\" content=\"https:\/\/www.ilnotiziario.net\/wp\/wp-content\/uploads\/2024\/01\/corteo-Saronno-S.Antonio-Abate-ok.jpg\" \/>\n\t<meta property=\"og:image:width\" content=\"959\" \/>\n\t<meta property=\"og:image:height\" content=\"570\" \/>\n\t<meta property=\"og:image:type\" content=\"image\/jpeg\" \/>\n<meta name=\"author\" content=\"Manuela Beriozza\" \/>\n<meta name=\"twitter:card\" content=\"summary_large_image\" \/>\n<meta name=\"twitter:creator\" content=\"@ilNotiziarioInd\" \/>\n<meta name=\"twitter:site\" content=\"@ilNotiziarioInd\" \/>\n<meta name=\"twitter:label1\" content=\"Scritto da\" \/>\n\t<meta name=\"twitter:data1\" content=\"Manuela Beriozza\" \/>\n\t<meta name=\"twitter:label2\" content=\"Tempo di lettura stimato\" \/>\n\t<meta name=\"twitter:data2\" content=\"4 minuti\" \/>\n<script type=\"application\/ld+json\" class=\"yoast-schema-graph\">{\"@context\":\"https:\\\/\\\/schema.org\",\"@graph\":[{\"@type\":\"Article\",\"@id\":\"https:\\\/\\\/www.ilnotiziario.net\\\/wp\\\/prima-pagina\\\/week-end-dalla-rievocazione-storica-a-saronno-per-s-antonio-allo-spettacolo-comico-di-solaro\\\/#article\",\"isPartOf\":{\"@id\":\"https:\\\/\\\/www.ilnotiziario.net\\\/wp\\\/prima-pagina\\\/week-end-dalla-rievocazione-storica-a-saronno-per-s-antonio-allo-spettacolo-comico-di-solaro\\\/\"},\"author\":{\"name\":\"Manuela Beriozza\",\"@id\":\"https:\\\/\\\/www.ilnotiziario.net\\\/wp\\\/#\\\/schema\\\/person\\\/c902c4c1308705a92d37385bbce84394\"},\"headline\":\"Week-end: dalla rievocazione storica a Saronno per S. Antonio allo spettacolo comico di Solaro\",\"datePublished\":\"2024-01-12T17:22:54+00:00\",\"mainEntityOfPage\":{\"@id\":\"https:\\\/\\\/www.ilnotiziario.net\\\/wp\\\/prima-pagina\\\/week-end-dalla-rievocazione-storica-a-saronno-per-s-antonio-allo-spettacolo-comico-di-solaro\\\/\"},\"wordCount\":692,\"publisher\":{\"@id\":\"https:\\\/\\\/www.ilnotiziario.net\\\/wp\\\/#organization\"},\"image\":{\"@id\":\"https:\\\/\\\/www.ilnotiziario.net\\\/wp\\\/prima-pagina\\\/week-end-dalla-rievocazione-storica-a-saronno-per-s-antonio-allo-spettacolo-comico-di-solaro\\\/#primaryimage\"},\"thumbnailUrl\":\"https:\\\/\\\/www.ilnotiziario.net\\\/wp\\\/wp-content\\\/uploads\\\/2024\\\/01\\\/corteo-Saronno-S.Antonio-Abate-ok.jpg\",\"keywords\":[\"Appuntamenti\",\"eventi\",\"Fine settimana\",\"week-end\",\"weekend\"],\"articleSection\":[\"APPUNTAMENTI\",\"Prima Pagina\"],\"inLanguage\":\"it-IT\"},{\"@type\":\"WebPage\",\"@id\":\"https:\\\/\\\/www.ilnotiziario.net\\\/wp\\\/prima-pagina\\\/week-end-dalla-rievocazione-storica-a-saronno-per-s-antonio-allo-spettacolo-comico-di-solaro\\\/\",\"url\":\"https:\\\/\\\/www.ilnotiziario.net\\\/wp\\\/prima-pagina\\\/week-end-dalla-rievocazione-storica-a-saronno-per-s-antonio-allo-spettacolo-comico-di-solaro\\\/\",\"name\":\"Week-end: dalla rievocazione storica a Saronno per S. Antonio allo spettacolo comico di Solaro - Il Notiziario\",\"isPartOf\":{\"@id\":\"https:\\\/\\\/www.ilnotiziario.net\\\/wp\\\/#website\"},\"primaryImageOfPage\":{\"@id\":\"https:\\\/\\\/www.ilnotiziario.net\\\/wp\\\/prima-pagina\\\/week-end-dalla-rievocazione-storica-a-saronno-per-s-antonio-allo-spettacolo-comico-di-solaro\\\/#primaryimage\"},\"image\":{\"@id\":\"https:\\\/\\\/www.ilnotiziario.net\\\/wp\\\/prima-pagina\\\/week-end-dalla-rievocazione-storica-a-saronno-per-s-antonio-allo-spettacolo-comico-di-solaro\\\/#primaryimage\"},\"thumbnailUrl\":\"https:\\\/\\\/www.ilnotiziario.net\\\/wp\\\/wp-content\\\/uploads\\\/2024\\\/01\\\/corteo-Saronno-S.Antonio-Abate-ok.jpg\",\"datePublished\":\"2024-01-12T17:22:54+00:00\",\"description\":\"Ecco tutti gli eventi del fine settimana, da venerd\u00ec 12 a domenica 14 gennaio. SARONNO \u2013 Sant\u2019Antonio torna con tutti gli eventi della tradizione Primo\",\"breadcrumb\":{\"@id\":\"https:\\\/\\\/www.ilnotiziario.net\\\/wp\\\/prima-pagina\\\/week-end-dalla-rievocazione-storica-a-saronno-per-s-antonio-allo-spettacolo-comico-di-solaro\\\/#breadcrumb\"},\"inLanguage\":\"it-IT\",\"potentialAction\":[{\"@type\":\"ReadAction\",\"target\":[\"https:\\\/\\\/www.ilnotiziario.net\\\/wp\\\/prima-pagina\\\/week-end-dalla-rievocazione-storica-a-saronno-per-s-antonio-allo-spettacolo-comico-di-solaro\\\/\"]}]},{\"@type\":\"ImageObject\",\"inLanguage\":\"it-IT\",\"@id\":\"https:\\\/\\\/www.ilnotiziario.net\\\/wp\\\/prima-pagina\\\/week-end-dalla-rievocazione-storica-a-saronno-per-s-antonio-allo-spettacolo-comico-di-solaro\\\/#primaryimage\",\"url\":\"https:\\\/\\\/www.ilnotiziario.net\\\/wp\\\/wp-content\\\/uploads\\\/2024\\\/01\\\/corteo-Saronno-S.Antonio-Abate-ok.jpg\",\"contentUrl\":\"https:\\\/\\\/www.ilnotiziario.net\\\/wp\\\/wp-content\\\/uploads\\\/2024\\\/01\\\/corteo-Saronno-S.Antonio-Abate-ok.jpg\",\"width\":959,\"height\":570,\"caption\":\"Fonte: Corteo storico 2023 (Gruppo Sant'Antoni da Saronn- Facebook)\"},{\"@type\":\"BreadcrumbList\",\"@id\":\"https:\\\/\\\/www.ilnotiziario.net\\\/wp\\\/prima-pagina\\\/week-end-dalla-rievocazione-storica-a-saronno-per-s-antonio-allo-spettacolo-comico-di-solaro\\\/#breadcrumb\",\"itemListElement\":[{\"@type\":\"ListItem\",\"position\":1,\"name\":\"tds_text_logo_tagline_colortds_text_logo_tagline_colortds_text_logo_tagline_colortds_text_logo_tagline_colortd_module_7_title_excerpttd_module_7_title_excerpttd_module_7_title_excerpttd_module_7_title_excerptHome\",\"item\":\"https:\\\/\\\/www.ilnotiziario.net\\\/wp\\\/\"},{\"@type\":\"ListItem\",\"position\":2,\"name\":\"Week-end: dalla rievocazione storica a Saronno per S. Antonio allo spettacolo comico di Solaro\"}]},{\"@type\":\"WebSite\",\"@id\":\"https:\\\/\\\/www.ilnotiziario.net\\\/wp\\\/#website\",\"url\":\"https:\\\/\\\/www.ilnotiziario.net\\\/wp\\\/\",\"name\":\"Il Notiziario\",\"description\":\"Per restare sempre connessi alla notizia\",\"publisher\":{\"@id\":\"https:\\\/\\\/www.ilnotiziario.net\\\/wp\\\/#organization\"},\"alternateName\":\"Il Notiziario Bollate\",\"potentialAction\":[{\"@type\":\"SearchAction\",\"target\":{\"@type\":\"EntryPoint\",\"urlTemplate\":\"https:\\\/\\\/www.ilnotiziario.net\\\/wp\\\/?s={search_term_string}\"},\"query-input\":{\"@type\":\"PropertyValueSpecification\",\"valueRequired\":true,\"valueName\":\"search_term_string\"}}],\"inLanguage\":\"it-IT\"},{\"@type\":\"Organization\",\"@id\":\"https:\\\/\\\/www.ilnotiziario.net\\\/wp\\\/#organization\",\"name\":\"Il Notiziario\",\"url\":\"https:\\\/\\\/www.ilnotiziario.net\\\/wp\\\/\",\"logo\":{\"@type\":\"ImageObject\",\"inLanguage\":\"it-IT\",\"@id\":\"https:\\\/\\\/www.ilnotiziario.net\\\/wp\\\/#\\\/schema\\\/logo\\\/image\\\/\",\"url\":\"https:\\\/\\\/www.ilnotiziario.net\\\/wp\\\/wp-content\\\/uploads\\\/2022\\\/06\\\/170x170ilN.png\",\"contentUrl\":\"https:\\\/\\\/www.ilnotiziario.net\\\/wp\\\/wp-content\\\/uploads\\\/2022\\\/06\\\/170x170ilN.png\",\"width\":355,\"height\":355,\"caption\":\"Il Notiziario\"},\"image\":{\"@id\":\"https:\\\/\\\/www.ilnotiziario.net\\\/wp\\\/#\\\/schema\\\/logo\\\/image\\\/\"},\"sameAs\":[\"https:\\\/\\\/www.facebook.com\\\/ilnotiziarioind\\\/\",\"https:\\\/\\\/x.com\\\/ilNotiziarioInd\",\"https:\\\/\\\/www.instagram.com\\\/ilnotiziario_settimanale\\\/\"]},{\"@type\":\"Person\",\"@id\":\"https:\\\/\\\/www.ilnotiziario.net\\\/wp\\\/#\\\/schema\\\/person\\\/c902c4c1308705a92d37385bbce84394\",\"name\":\"Manuela Beriozza\",\"image\":{\"@type\":\"ImageObject\",\"inLanguage\":\"it-IT\",\"@id\":\"https:\\\/\\\/secure.gravatar.com\\\/avatar\\\/272ed53352846a57a9f07f89720b22f58373dc9a85fa5b8ff49254ae02b61057?s=96&d=mm&r=g\",\"url\":\"https:\\\/\\\/secure.gravatar.com\\\/avatar\\\/272ed53352846a57a9f07f89720b22f58373dc9a85fa5b8ff49254ae02b61057?s=96&d=mm&r=g\",\"contentUrl\":\"https:\\\/\\\/secure.gravatar.com\\\/avatar\\\/272ed53352846a57a9f07f89720b22f58373dc9a85fa5b8ff49254ae02b61057?s=96&d=mm&r=g\",\"caption\":\"Manuela Beriozza\"}}]}<\/script>\n<!-- \/ Yoast SEO plugin. -->","yoast_head_json":{"title":"Week-end: dalla rievocazione storica a Saronno per S. Antonio allo spettacolo comico di Solaro - Il Notiziario","description":"Ecco tutti gli eventi del fine settimana, da venerd\u00ec 12 a domenica 14 gennaio. SARONNO \u2013 Sant\u2019Antonio torna con tutti gli eventi della tradizione Primo","robots":{"index":"index","follow":"follow","max-snippet":"max-snippet:-1","max-image-preview":"max-image-preview:large","max-video-preview":"max-video-preview:-1"},"canonical":"https:\/\/www.ilnotiziario.net\/wp\/prima-pagina\/week-end-dalla-rievocazione-storica-a-saronno-per-s-antonio-allo-spettacolo-comico-di-solaro\/","og_locale":"it_IT","og_type":"article","og_title":"Week-end: dalla rievocazione storica a Saronno per S. Antonio allo spettacolo comico di Solaro - Il Notiziario","og_description":"Ecco tutti gli eventi del fine settimana, da venerd\u00ec 12 a domenica 14 gennaio. SARONNO \u2013 Sant\u2019Antonio torna con tutti gli eventi della tradizione Primo","og_url":"https:\/\/www.ilnotiziario.net\/wp\/prima-pagina\/week-end-dalla-rievocazione-storica-a-saronno-per-s-antonio-allo-spettacolo-comico-di-solaro\/","og_site_name":"Il Notiziario","article_publisher":"https:\/\/www.facebook.com\/ilnotiziarioind\/","article_published_time":"2024-01-12T17:22:54+00:00","og_image":[{"width":959,"height":570,"url":"https:\/\/www.ilnotiziario.net\/wp\/wp-content\/uploads\/2024\/01\/corteo-Saronno-S.Antonio-Abate-ok.jpg","type":"image\/jpeg"}],"author":"Manuela Beriozza","twitter_card":"summary_large_image","twitter_creator":"@ilNotiziarioInd","twitter_site":"@ilNotiziarioInd","twitter_misc":{"Scritto da":"Manuela Beriozza","Tempo di lettura stimato":"4 minuti"},"schema":{"@context":"https:\/\/schema.org","@graph":[{"@type":"Article","@id":"https:\/\/www.ilnotiziario.net\/wp\/prima-pagina\/week-end-dalla-rievocazione-storica-a-saronno-per-s-antonio-allo-spettacolo-comico-di-solaro\/#article","isPartOf":{"@id":"https:\/\/www.ilnotiziario.net\/wp\/prima-pagina\/week-end-dalla-rievocazione-storica-a-saronno-per-s-antonio-allo-spettacolo-comico-di-solaro\/"},"author":{"name":"Manuela Beriozza","@id":"https:\/\/www.ilnotiziario.net\/wp\/#\/schema\/person\/c902c4c1308705a92d37385bbce84394"},"headline":"Week-end: dalla rievocazione storica a Saronno per S. Antonio allo spettacolo comico di Solaro","datePublished":"2024-01-12T17:22:54+00:00","mainEntityOfPage":{"@id":"https:\/\/www.ilnotiziario.net\/wp\/prima-pagina\/week-end-dalla-rievocazione-storica-a-saronno-per-s-antonio-allo-spettacolo-comico-di-solaro\/"},"wordCount":692,"publisher":{"@id":"https:\/\/www.ilnotiziario.net\/wp\/#organization"},"image":{"@id":"https:\/\/www.ilnotiziario.net\/wp\/prima-pagina\/week-end-dalla-rievocazione-storica-a-saronno-per-s-antonio-allo-spettacolo-comico-di-solaro\/#primaryimage"},"thumbnailUrl":"https:\/\/www.ilnotiziario.net\/wp\/wp-content\/uploads\/2024\/01\/corteo-Saronno-S.Antonio-Abate-ok.jpg","keywords":["Appuntamenti","eventi","Fine settimana","week-end","weekend"],"articleSection":["APPUNTAMENTI","Prima Pagina"],"inLanguage":"it-IT"},{"@type":"WebPage","@id":"https:\/\/www.ilnotiziario.net\/wp\/prima-pagina\/week-end-dalla-rievocazione-storica-a-saronno-per-s-antonio-allo-spettacolo-comico-di-solaro\/","url":"https:\/\/www.ilnotiziario.net\/wp\/prima-pagina\/week-end-dalla-rievocazione-storica-a-saronno-per-s-antonio-allo-spettacolo-comico-di-solaro\/","name":"Week-end: dalla rievocazione storica a Saronno per S. Antonio allo spettacolo comico di Solaro - Il Notiziario","isPartOf":{"@id":"https:\/\/www.ilnotiziario.net\/wp\/#website"},"primaryImageOfPage":{"@id":"https:\/\/www.ilnotiziario.net\/wp\/prima-pagina\/week-end-dalla-rievocazione-storica-a-saronno-per-s-antonio-allo-spettacolo-comico-di-solaro\/#primaryimage"},"image":{"@id":"https:\/\/www.ilnotiziario.net\/wp\/prima-pagina\/week-end-dalla-rievocazione-storica-a-saronno-per-s-antonio-allo-spettacolo-comico-di-solaro\/#primaryimage"},"thumbnailUrl":"https:\/\/www.ilnotiziario.net\/wp\/wp-content\/uploads\/2024\/01\/corteo-Saronno-S.Antonio-Abate-ok.jpg","datePublished":"2024-01-12T17:22:54+00:00","description":"Ecco tutti gli eventi del fine settimana, da venerd\u00ec 12 a domenica 14 gennaio. SARONNO \u2013 Sant\u2019Antonio torna con tutti gli eventi della tradizione Primo","breadcrumb":{"@id":"https:\/\/www.ilnotiziario.net\/wp\/prima-pagina\/week-end-dalla-rievocazione-storica-a-saronno-per-s-antonio-allo-spettacolo-comico-di-solaro\/#breadcrumb"},"inLanguage":"it-IT","potentialAction":[{"@type":"ReadAction","target":["https:\/\/www.ilnotiziario.net\/wp\/prima-pagina\/week-end-dalla-rievocazione-storica-a-saronno-per-s-antonio-allo-spettacolo-comico-di-solaro\/"]}]},{"@type":"ImageObject","inLanguage":"it-IT","@id":"https:\/\/www.ilnotiziario.net\/wp\/prima-pagina\/week-end-dalla-rievocazione-storica-a-saronno-per-s-antonio-allo-spettacolo-comico-di-solaro\/#primaryimage","url":"https:\/\/www.ilnotiziario.net\/wp\/wp-content\/uploads\/2024\/01\/corteo-Saronno-S.Antonio-Abate-ok.jpg","contentUrl":"https:\/\/www.ilnotiziario.net\/wp\/wp-content\/uploads\/2024\/01\/corteo-Saronno-S.Antonio-Abate-ok.jpg","width":959,"height":570,"caption":"Fonte: Corteo storico 2023 (Gruppo Sant'Antoni da Saronn- Facebook)"},{"@type":"BreadcrumbList","@id":"https:\/\/www.ilnotiziario.net\/wp\/prima-pagina\/week-end-dalla-rievocazione-storica-a-saronno-per-s-antonio-allo-spettacolo-comico-di-solaro\/#breadcrumb","itemListElement":[{"@type":"ListItem","position":1,"name":"tds_text_logo_tagline_colortds_text_logo_tagline_colortds_text_logo_tagline_colortds_text_logo_tagline_colortd_module_7_title_excerpttd_module_7_title_excerpttd_module_7_title_excerpttd_module_7_title_excerptHome","item":"https:\/\/www.ilnotiziario.net\/wp\/"},{"@type":"ListItem","position":2,"name":"Week-end: dalla rievocazione storica a Saronno per S. Antonio allo spettacolo comico di Solaro"}]},{"@type":"WebSite","@id":"https:\/\/www.ilnotiziario.net\/wp\/#website","url":"https:\/\/www.ilnotiziario.net\/wp\/","name":"Il Notiziario","description":"Per restare sempre connessi alla notizia","publisher":{"@id":"https:\/\/www.ilnotiziario.net\/wp\/#organization"},"alternateName":"Il Notiziario Bollate","potentialAction":[{"@type":"SearchAction","target":{"@type":"EntryPoint","urlTemplate":"https:\/\/www.ilnotiziario.net\/wp\/?s={search_term_string}"},"query-input":{"@type":"PropertyValueSpecification","valueRequired":true,"valueName":"search_term_string"}}],"inLanguage":"it-IT"},{"@type":"Organization","@id":"https:\/\/www.ilnotiziario.net\/wp\/#organization","name":"Il Notiziario","url":"https:\/\/www.ilnotiziario.net\/wp\/","logo":{"@type":"ImageObject","inLanguage":"it-IT","@id":"https:\/\/www.ilnotiziario.net\/wp\/#\/schema\/logo\/image\/","url":"https:\/\/www.ilnotiziario.net\/wp\/wp-content\/uploads\/2022\/06\/170x170ilN.png","contentUrl":"https:\/\/www.ilnotiziario.net\/wp\/wp-content\/uploads\/2022\/06\/170x170ilN.png","width":355,"height":355,"caption":"Il Notiziario"},"image":{"@id":"https:\/\/www.ilnotiziario.net\/wp\/#\/schema\/logo\/image\/"},"sameAs":["https:\/\/www.facebook.com\/ilnotiziarioind\/","https:\/\/x.com\/ilNotiziarioInd","https:\/\/www.instagram.com\/ilnotiziario_settimanale\/"]},{"@type":"Person","@id":"https:\/\/www.ilnotiziario.net\/wp\/#\/schema\/person\/c902c4c1308705a92d37385bbce84394","name":"Manuela Beriozza","image":{"@type":"ImageObject","inLanguage":"it-IT","@id":"https:\/\/secure.gravatar.com\/avatar\/272ed53352846a57a9f07f89720b22f58373dc9a85fa5b8ff49254ae02b61057?s=96&d=mm&r=g","url":"https:\/\/secure.gravatar.com\/avatar\/272ed53352846a57a9f07f89720b22f58373dc9a85fa5b8ff49254ae02b61057?s=96&d=mm&r=g","contentUrl":"https:\/\/secure.gravatar.com\/avatar\/272ed53352846a57a9f07f89720b22f58373dc9a85fa5b8ff49254ae02b61057?s=96&d=mm&r=g","caption":"Manuela Beriozza"}}]}},"_links":{"self":[{"href":"https:\/\/www.ilnotiziario.net\/wp\/wp-json\/wp\/v2\/posts\/192266","targetHints":{"allow":["GET"]}}],"collection":[{"href":"https:\/\/www.ilnotiziario.net\/wp\/wp-json\/wp\/v2\/posts"}],"about":[{"href":"https:\/\/www.ilnotiziario.net\/wp\/wp-json\/wp\/v2\/types\/post"}],"author":[{"embeddable":true,"href":"https:\/\/www.ilnotiziario.net\/wp\/wp-json\/wp\/v2\/users\/223159"}],"replies":[{"embeddable":true,"href":"https:\/\/www.ilnotiziario.net\/wp\/wp-json\/wp\/v2\/comments?post=192266"}],"version-history":[{"count":0,"href":"https:\/\/www.ilnotiziario.net\/wp\/wp-json\/wp\/v2\/posts\/192266\/revisions"}],"wp:featuredmedia":[{"embeddable":true,"href":"https:\/\/www.ilnotiziario.net\/wp\/wp-json\/wp\/v2\/media\/192269"}],"wp:attachment":[{"href":"https:\/\/www.ilnotiziario.net\/wp\/wp-json\/wp\/v2\/media?parent=192266"}],"wp:term":[{"taxonomy":"category","embeddable":true,"href":"https:\/\/www.ilnotiziario.net\/wp\/wp-json\/wp\/v2\/categories?post=192266"},{"taxonomy":"post_tag","embeddable":true,"href":"https:\/\/www.ilnotiziario.net\/wp\/wp-json\/wp\/v2\/tags?post=192266"}],"curies":[{"name":"wp","href":"https:\/\/api.w.org\/{rel}","templated":true}]}}