{"id":193270,"date":"2024-02-11T11:17:43","date_gmt":"2024-02-11T10:17:43","guid":{"rendered":"https:\/\/www.ilnotiziario.net\/wp\/?p=193270"},"modified":"2024-02-10T14:18:28","modified_gmt":"2024-02-10T13:18:28","slug":"bollate-mathieu-a-soli-13-anni-paladino-del-baseball-negli-usa","status":"publish","type":"post","link":"https:\/\/www.ilnotiziario.net\/wp\/prima-pagina\/bollate-mathieu-a-soli-13-anni-paladino-del-baseball-negli-usa\/","title":{"rendered":"Bollate, Mathieu a soli 13 anni paladino del baseball negli Usa"},"content":{"rendered":"<p>Bollate, Mathieu a soli 13 anni paladino del baseball negli Usa.<\/p><div id=\"ilnot-29768840\" class=\"ilnot-contenuto ilnot-entity-placement\"><p><!-- incontent_1 --><\/p>\n<div class=\"gptslot\" data-adunitid=\"1\"><\/div>\n<\/div>\n<p>Poco pi\u00f9 di un anno fa, esattamente nel mese di gennaio del 2023, cominci\u00f2 l\u2019avventura per il 12enne bollatese Mathieu Silva, voluto come rappresentante del baseball giovanile italiano dalla Federazione a rappresentare l\u2019Italia in un paese come gli Usa dove il baseball \u00e8 senza dubbio uno degli sport principe.<\/p>\n<h2>Bollate, Mathieu e il baseball negli Usa: la sua storia<\/h2>\n<p>Ci racconta il pap\u00e0 Christian Silva, attuale tecnico della Lacomes softball di serie A2 e vincitore come tecnico di ben due scudetti con l\u2019Under 15: \u201cLo staff della Nazionale dopo aver visto Mathieu all\u2019opera negli Europei del 2022 con l\u2019Under 12 e ai Mondiali di Taiwan, ha deciso che fosse l\u2019elemento giusto da inviare negli Usa per un\u2019esperienza meravigliosa di un anno. Ci telefonarono ed io e mia moglie dopo il suo s\u00ec e la sua grande gioia per questa notizia, valutammo innanzitutto se fosse stato possibile portare avanti anche l\u2019aspetto scolastico per la licenza di Terza media. Appurato questo aspetto, l\u2019avventura prese piede ed eccolo da svariati mesi negli Usa a Cowington nella Luisiana. Impegnato addirittura non solo nel baseball, dove gioca nella formazione locale come seconda base, ma \u00e8 addirittura alle prese anche con il basket e il football americano tutti i giorni. Lui lo sa che sta vivendo un gran sogno e nello stesso momento \u00e8 in una veste un po\u2019 di rappresentante di tanti giovani italiani che non hanno possibilit\u00e0 di potersi mettere cos\u00ec in evidenza\u201d.<\/p><div id=\"ilnot-3939191309\" class=\"ilnot-contenuto_2 ilnot-entity-placement\"><div class=\"ads-wrapper\">\n<div class=\"ad-slot\">\n   <div id=\"ilnot-3101339630\" style=\"margin-right: auto;margin-left: auto;text-align: center;width: 320px;height: 100px;\"><a href=\"https:\/\/www.scuolasicurezza.it\/\"><img decoding=\"async\" src=\"https:\/\/www.ilnotiziario.net\/wp\/wp-content\/uploads\/2026\/04\/IlNotiziario_banner-sito-e-newsletter-320-x-100-px-1.gif\" alt=\"\"><\/a><\/div>\n  <\/div>\n<div class=\"ad-slot\">\n   <div id=\"ilnot-2790216277\" style=\"margin-right: auto;margin-left: auto;text-align: center;width: 320px;height: 100px;\"><a href=\"https:\/\/purodesignarredamenti.com\/\"><img decoding=\"async\" src=\"https:\/\/www.ilnotiziario.net\/wp\/wp-content\/uploads\/2026\/04\/banner-puro-ok.gif\" alt=\"whatsapp\"><\/a><\/div><\/p><\/div>\n<\/div>\n<\/div>\n<p><strong>Mathieu inizi\u00f2 a soli sei anni&#8230;<\/strong><br \/>\n\u201cS\u00ec e nel softball Bollate insieme alla sorella Emma, anch\u2019essa ex Nazionale ed ora a 17 anni portacolori della Lacomes Bollate. Mathieu invece gioc\u00f2 come ragazzo da regolamento fino all\u2019et\u00e0 di 12 anni e non oltre, poi \u00e8 stato tesserato e risulta attualmente nelle fila del Baseball Rho. A fine marzo terminer\u00e0 questa meravigliosa avventura ma siamo gi\u00e0 consapevoli oltre che orgogliosi che per lui se ne aprir\u00e0 certamente qualche altra, guai a tenerlo fermo, non siamo mai riusciti nemmeno quando aveva solo due anni, figuriamoci ora che torner\u00e0 dagli Usa\u201d.<\/p>\n","protected":false},"excerpt":{"rendered":"<p>Bollate, Mathieu a soli 13 anni paladino del baseball negli Usa. Poco pi\u00f9 di un anno fa, esattamente nel mese di gennaio del 2023, cominci\u00f2 l\u2019avventura per il 12enne bollatese Mathieu Silva, voluto come rappresentante del baseball giovanile italiano dalla Federazione a rappresentare l\u2019Italia in un paese come gli Usa dove il baseball \u00e8 senza<\/p>\n","protected":false},"author":14,"featured_media":193271,"comment_status":"closed","ping_status":"closed","sticky":false,"template":"","format":"standard","meta":{"footnotes":""},"categories":[8,20,15,16],"tags":[950,110,16490,2541],"class_list":{"0":"post-193270","1":"post","2":"type-post","3":"status-publish","4":"format-standard","5":"has-post-thumbnail","7":"category-bollatese","8":"category-prima-pagina","9":"category-sport","10":"category-storie","11":"tag-baseball","12":"tag-bollate","13":"tag-mathieu","14":"tag-usa"},"yoast_head":"<!-- This site is optimized with the Yoast SEO plugin v27.5 - https:\/\/yoast.com\/product\/yoast-seo-wordpress\/ -->\n<title>Bollate, Mathieu a soli 13 anni paladino del baseball negli Usa - Il Notiziario<\/title>\n<meta name=\"description\" content=\"Bollate, Mathieu a soli 13 anni paladino del baseball negli Usa. Poco pi\u00f9 di un anno fa, esattamente nel mese di gennaio del 2023, cominci\u00f2 l\u2019avventura\" \/>\n<meta name=\"robots\" content=\"index, follow, max-snippet:-1, max-image-preview:large, max-video-preview:-1\" \/>\n<link rel=\"canonical\" href=\"https:\/\/www.ilnotiziario.net\/wp\/prima-pagina\/bollate-mathieu-a-soli-13-anni-paladino-del-baseball-negli-usa\/\" \/>\n<meta property=\"og:locale\" content=\"it_IT\" \/>\n<meta property=\"og:type\" content=\"article\" \/>\n<meta property=\"og:title\" content=\"Bollate, Mathieu a soli 13 anni paladino del baseball negli Usa - Il Notiziario\" \/>\n<meta property=\"og:description\" content=\"Bollate, Mathieu a soli 13 anni paladino del baseball negli Usa. Poco pi\u00f9 di un anno fa, esattamente nel mese di gennaio del 2023, cominci\u00f2 l\u2019avventura\" \/>\n<meta property=\"og:url\" content=\"https:\/\/www.ilnotiziario.net\/wp\/prima-pagina\/bollate-mathieu-a-soli-13-anni-paladino-del-baseball-negli-usa\/\" \/>\n<meta property=\"og:site_name\" content=\"Il Notiziario\" \/>\n<meta property=\"article:publisher\" content=\"https:\/\/www.facebook.com\/ilnotiziarioind\/\" \/>\n<meta property=\"article:published_time\" content=\"2024-02-11T10:17:43+00:00\" \/>\n<meta property=\"og:image\" content=\"https:\/\/www.ilnotiziario.net\/wp\/wp-content\/uploads\/2024\/02\/Bollate-Mathieu-baseball-Usa.jpg\" \/>\n\t<meta property=\"og:image:width\" content=\"781\" \/>\n\t<meta property=\"og:image:height\" content=\"479\" \/>\n\t<meta property=\"og:image:type\" content=\"image\/jpeg\" \/>\n<meta name=\"author\" content=\"Silvia Citterio\" \/>\n<meta name=\"twitter:card\" content=\"summary_large_image\" \/>\n<meta name=\"twitter:creator\" content=\"@ilNotiziarioInd\" \/>\n<meta name=\"twitter:site\" content=\"@ilNotiziarioInd\" \/>\n<meta name=\"twitter:label1\" content=\"Scritto da\" \/>\n\t<meta name=\"twitter:data1\" content=\"Silvia Citterio\" \/>\n\t<meta name=\"twitter:label2\" content=\"Tempo di lettura stimato\" \/>\n\t<meta name=\"twitter:data2\" content=\"3 minuti\" \/>\n<script type=\"application\/ld+json\" class=\"yoast-schema-graph\">{\"@context\":\"https:\\\/\\\/schema.org\",\"@graph\":[{\"@type\":\"Article\",\"@id\":\"https:\\\/\\\/www.ilnotiziario.net\\\/wp\\\/prima-pagina\\\/bollate-mathieu-a-soli-13-anni-paladino-del-baseball-negli-usa\\\/#article\",\"isPartOf\":{\"@id\":\"https:\\\/\\\/www.ilnotiziario.net\\\/wp\\\/prima-pagina\\\/bollate-mathieu-a-soli-13-anni-paladino-del-baseball-negli-usa\\\/\"},\"author\":{\"name\":\"Silvia Citterio\",\"@id\":\"https:\\\/\\\/www.ilnotiziario.net\\\/wp\\\/#\\\/schema\\\/person\\\/c5bca2edc3d99d29959f04a6126f687b\"},\"headline\":\"Bollate, Mathieu a soli 13 anni paladino del baseball negli Usa\",\"datePublished\":\"2024-02-11T10:17:43+00:00\",\"mainEntityOfPage\":{\"@id\":\"https:\\\/\\\/www.ilnotiziario.net\\\/wp\\\/prima-pagina\\\/bollate-mathieu-a-soli-13-anni-paladino-del-baseball-negli-usa\\\/\"},\"wordCount\":357,\"publisher\":{\"@id\":\"https:\\\/\\\/www.ilnotiziario.net\\\/wp\\\/#organization\"},\"image\":{\"@id\":\"https:\\\/\\\/www.ilnotiziario.net\\\/wp\\\/prima-pagina\\\/bollate-mathieu-a-soli-13-anni-paladino-del-baseball-negli-usa\\\/#primaryimage\"},\"thumbnailUrl\":\"https:\\\/\\\/www.ilnotiziario.net\\\/wp\\\/wp-content\\\/uploads\\\/2024\\\/02\\\/Bollate-Mathieu-baseball-Usa.jpg\",\"keywords\":[\"baseball\",\"Bollate\",\"Mathieu\",\"Usa\"],\"articleSection\":[\"BOLLATESE\",\"Prima Pagina\",\"SPORT\",\"STORIE\"],\"inLanguage\":\"it-IT\"},{\"@type\":\"WebPage\",\"@id\":\"https:\\\/\\\/www.ilnotiziario.net\\\/wp\\\/prima-pagina\\\/bollate-mathieu-a-soli-13-anni-paladino-del-baseball-negli-usa\\\/\",\"url\":\"https:\\\/\\\/www.ilnotiziario.net\\\/wp\\\/prima-pagina\\\/bollate-mathieu-a-soli-13-anni-paladino-del-baseball-negli-usa\\\/\",\"name\":\"Bollate, Mathieu a soli 13 anni paladino del baseball negli Usa - Il Notiziario\",\"isPartOf\":{\"@id\":\"https:\\\/\\\/www.ilnotiziario.net\\\/wp\\\/#website\"},\"primaryImageOfPage\":{\"@id\":\"https:\\\/\\\/www.ilnotiziario.net\\\/wp\\\/prima-pagina\\\/bollate-mathieu-a-soli-13-anni-paladino-del-baseball-negli-usa\\\/#primaryimage\"},\"image\":{\"@id\":\"https:\\\/\\\/www.ilnotiziario.net\\\/wp\\\/prima-pagina\\\/bollate-mathieu-a-soli-13-anni-paladino-del-baseball-negli-usa\\\/#primaryimage\"},\"thumbnailUrl\":\"https:\\\/\\\/www.ilnotiziario.net\\\/wp\\\/wp-content\\\/uploads\\\/2024\\\/02\\\/Bollate-Mathieu-baseball-Usa.jpg\",\"datePublished\":\"2024-02-11T10:17:43+00:00\",\"description\":\"Bollate, Mathieu a soli 13 anni paladino del baseball negli Usa. Poco pi\u00f9 di un anno fa, esattamente nel mese di gennaio del 2023, cominci\u00f2 l\u2019avventura\",\"breadcrumb\":{\"@id\":\"https:\\\/\\\/www.ilnotiziario.net\\\/wp\\\/prima-pagina\\\/bollate-mathieu-a-soli-13-anni-paladino-del-baseball-negli-usa\\\/#breadcrumb\"},\"inLanguage\":\"it-IT\",\"potentialAction\":[{\"@type\":\"ReadAction\",\"target\":[\"https:\\\/\\\/www.ilnotiziario.net\\\/wp\\\/prima-pagina\\\/bollate-mathieu-a-soli-13-anni-paladino-del-baseball-negli-usa\\\/\"]}]},{\"@type\":\"ImageObject\",\"inLanguage\":\"it-IT\",\"@id\":\"https:\\\/\\\/www.ilnotiziario.net\\\/wp\\\/prima-pagina\\\/bollate-mathieu-a-soli-13-anni-paladino-del-baseball-negli-usa\\\/#primaryimage\",\"url\":\"https:\\\/\\\/www.ilnotiziario.net\\\/wp\\\/wp-content\\\/uploads\\\/2024\\\/02\\\/Bollate-Mathieu-baseball-Usa.jpg\",\"contentUrl\":\"https:\\\/\\\/www.ilnotiziario.net\\\/wp\\\/wp-content\\\/uploads\\\/2024\\\/02\\\/Bollate-Mathieu-baseball-Usa.jpg\",\"width\":781,\"height\":479,\"caption\":\"Mathieu Silva in azione negli Usa con i Lake Castle Jets\"},{\"@type\":\"BreadcrumbList\",\"@id\":\"https:\\\/\\\/www.ilnotiziario.net\\\/wp\\\/prima-pagina\\\/bollate-mathieu-a-soli-13-anni-paladino-del-baseball-negli-usa\\\/#breadcrumb\",\"itemListElement\":[{\"@type\":\"ListItem\",\"position\":1,\"name\":\"tds_text_logo_tagline_colortds_text_logo_tagline_colortds_text_logo_tagline_colortds_text_logo_tagline_colortd_module_7_title_excerpttd_module_7_title_excerpttd_module_7_title_excerpttd_module_7_title_excerptHome\",\"item\":\"https:\\\/\\\/www.ilnotiziario.net\\\/wp\\\/\"},{\"@type\":\"ListItem\",\"position\":2,\"name\":\"Bollate, Mathieu a soli 13 anni paladino del baseball negli Usa\"}]},{\"@type\":\"WebSite\",\"@id\":\"https:\\\/\\\/www.ilnotiziario.net\\\/wp\\\/#website\",\"url\":\"https:\\\/\\\/www.ilnotiziario.net\\\/wp\\\/\",\"name\":\"Il Notiziario\",\"description\":\"Per restare sempre connessi alla notizia\",\"publisher\":{\"@id\":\"https:\\\/\\\/www.ilnotiziario.net\\\/wp\\\/#organization\"},\"alternateName\":\"Il Notiziario Bollate\",\"potentialAction\":[{\"@type\":\"SearchAction\",\"target\":{\"@type\":\"EntryPoint\",\"urlTemplate\":\"https:\\\/\\\/www.ilnotiziario.net\\\/wp\\\/?s={search_term_string}\"},\"query-input\":{\"@type\":\"PropertyValueSpecification\",\"valueRequired\":true,\"valueName\":\"search_term_string\"}}],\"inLanguage\":\"it-IT\"},{\"@type\":\"Organization\",\"@id\":\"https:\\\/\\\/www.ilnotiziario.net\\\/wp\\\/#organization\",\"name\":\"Il Notiziario\",\"url\":\"https:\\\/\\\/www.ilnotiziario.net\\\/wp\\\/\",\"logo\":{\"@type\":\"ImageObject\",\"inLanguage\":\"it-IT\",\"@id\":\"https:\\\/\\\/www.ilnotiziario.net\\\/wp\\\/#\\\/schema\\\/logo\\\/image\\\/\",\"url\":\"https:\\\/\\\/www.ilnotiziario.net\\\/wp\\\/wp-content\\\/uploads\\\/2022\\\/06\\\/170x170ilN.png\",\"contentUrl\":\"https:\\\/\\\/www.ilnotiziario.net\\\/wp\\\/wp-content\\\/uploads\\\/2022\\\/06\\\/170x170ilN.png\",\"width\":355,\"height\":355,\"caption\":\"Il Notiziario\"},\"image\":{\"@id\":\"https:\\\/\\\/www.ilnotiziario.net\\\/wp\\\/#\\\/schema\\\/logo\\\/image\\\/\"},\"sameAs\":[\"https:\\\/\\\/www.facebook.com\\\/ilnotiziarioind\\\/\",\"https:\\\/\\\/x.com\\\/ilNotiziarioInd\",\"https:\\\/\\\/www.instagram.com\\\/ilnotiziario_settimanale\\\/\"]},{\"@type\":\"Person\",\"@id\":\"https:\\\/\\\/www.ilnotiziario.net\\\/wp\\\/#\\\/schema\\\/person\\\/c5bca2edc3d99d29959f04a6126f687b\",\"name\":\"Silvia Citterio\",\"image\":{\"@type\":\"ImageObject\",\"inLanguage\":\"it-IT\",\"@id\":\"https:\\\/\\\/secure.gravatar.com\\\/avatar\\\/03eb19c63b944e79a9b5ce53ca5d1ca303edcf368a68721ec3ccaae7f98c5afd?s=96&d=mm&r=g\",\"url\":\"https:\\\/\\\/secure.gravatar.com\\\/avatar\\\/03eb19c63b944e79a9b5ce53ca5d1ca303edcf368a68721ec3ccaae7f98c5afd?s=96&d=mm&r=g\",\"contentUrl\":\"https:\\\/\\\/secure.gravatar.com\\\/avatar\\\/03eb19c63b944e79a9b5ce53ca5d1ca303edcf368a68721ec3ccaae7f98c5afd?s=96&d=mm&r=g\",\"caption\":\"Silvia Citterio\"}}]}<\/script>\n<!-- \/ Yoast SEO plugin. -->","yoast_head_json":{"title":"Bollate, Mathieu a soli 13 anni paladino del baseball negli Usa - Il Notiziario","description":"Bollate, Mathieu a soli 13 anni paladino del baseball negli Usa. Poco pi\u00f9 di un anno fa, esattamente nel mese di gennaio del 2023, cominci\u00f2 l\u2019avventura","robots":{"index":"index","follow":"follow","max-snippet":"max-snippet:-1","max-image-preview":"max-image-preview:large","max-video-preview":"max-video-preview:-1"},"canonical":"https:\/\/www.ilnotiziario.net\/wp\/prima-pagina\/bollate-mathieu-a-soli-13-anni-paladino-del-baseball-negli-usa\/","og_locale":"it_IT","og_type":"article","og_title":"Bollate, Mathieu a soli 13 anni paladino del baseball negli Usa - Il Notiziario","og_description":"Bollate, Mathieu a soli 13 anni paladino del baseball negli Usa. Poco pi\u00f9 di un anno fa, esattamente nel mese di gennaio del 2023, cominci\u00f2 l\u2019avventura","og_url":"https:\/\/www.ilnotiziario.net\/wp\/prima-pagina\/bollate-mathieu-a-soli-13-anni-paladino-del-baseball-negli-usa\/","og_site_name":"Il Notiziario","article_publisher":"https:\/\/www.facebook.com\/ilnotiziarioind\/","article_published_time":"2024-02-11T10:17:43+00:00","og_image":[{"width":781,"height":479,"url":"https:\/\/www.ilnotiziario.net\/wp\/wp-content\/uploads\/2024\/02\/Bollate-Mathieu-baseball-Usa.jpg","type":"image\/jpeg"}],"author":"Silvia Citterio","twitter_card":"summary_large_image","twitter_creator":"@ilNotiziarioInd","twitter_site":"@ilNotiziarioInd","twitter_misc":{"Scritto da":"Silvia Citterio","Tempo di lettura stimato":"3 minuti"},"schema":{"@context":"https:\/\/schema.org","@graph":[{"@type":"Article","@id":"https:\/\/www.ilnotiziario.net\/wp\/prima-pagina\/bollate-mathieu-a-soli-13-anni-paladino-del-baseball-negli-usa\/#article","isPartOf":{"@id":"https:\/\/www.ilnotiziario.net\/wp\/prima-pagina\/bollate-mathieu-a-soli-13-anni-paladino-del-baseball-negli-usa\/"},"author":{"name":"Silvia Citterio","@id":"https:\/\/www.ilnotiziario.net\/wp\/#\/schema\/person\/c5bca2edc3d99d29959f04a6126f687b"},"headline":"Bollate, Mathieu a soli 13 anni paladino del baseball negli Usa","datePublished":"2024-02-11T10:17:43+00:00","mainEntityOfPage":{"@id":"https:\/\/www.ilnotiziario.net\/wp\/prima-pagina\/bollate-mathieu-a-soli-13-anni-paladino-del-baseball-negli-usa\/"},"wordCount":357,"publisher":{"@id":"https:\/\/www.ilnotiziario.net\/wp\/#organization"},"image":{"@id":"https:\/\/www.ilnotiziario.net\/wp\/prima-pagina\/bollate-mathieu-a-soli-13-anni-paladino-del-baseball-negli-usa\/#primaryimage"},"thumbnailUrl":"https:\/\/www.ilnotiziario.net\/wp\/wp-content\/uploads\/2024\/02\/Bollate-Mathieu-baseball-Usa.jpg","keywords":["baseball","Bollate","Mathieu","Usa"],"articleSection":["BOLLATESE","Prima Pagina","SPORT","STORIE"],"inLanguage":"it-IT"},{"@type":"WebPage","@id":"https:\/\/www.ilnotiziario.net\/wp\/prima-pagina\/bollate-mathieu-a-soli-13-anni-paladino-del-baseball-negli-usa\/","url":"https:\/\/www.ilnotiziario.net\/wp\/prima-pagina\/bollate-mathieu-a-soli-13-anni-paladino-del-baseball-negli-usa\/","name":"Bollate, Mathieu a soli 13 anni paladino del baseball negli Usa - Il Notiziario","isPartOf":{"@id":"https:\/\/www.ilnotiziario.net\/wp\/#website"},"primaryImageOfPage":{"@id":"https:\/\/www.ilnotiziario.net\/wp\/prima-pagina\/bollate-mathieu-a-soli-13-anni-paladino-del-baseball-negli-usa\/#primaryimage"},"image":{"@id":"https:\/\/www.ilnotiziario.net\/wp\/prima-pagina\/bollate-mathieu-a-soli-13-anni-paladino-del-baseball-negli-usa\/#primaryimage"},"thumbnailUrl":"https:\/\/www.ilnotiziario.net\/wp\/wp-content\/uploads\/2024\/02\/Bollate-Mathieu-baseball-Usa.jpg","datePublished":"2024-02-11T10:17:43+00:00","description":"Bollate, Mathieu a soli 13 anni paladino del baseball negli Usa. Poco pi\u00f9 di un anno fa, esattamente nel mese di gennaio del 2023, cominci\u00f2 l\u2019avventura","breadcrumb":{"@id":"https:\/\/www.ilnotiziario.net\/wp\/prima-pagina\/bollate-mathieu-a-soli-13-anni-paladino-del-baseball-negli-usa\/#breadcrumb"},"inLanguage":"it-IT","potentialAction":[{"@type":"ReadAction","target":["https:\/\/www.ilnotiziario.net\/wp\/prima-pagina\/bollate-mathieu-a-soli-13-anni-paladino-del-baseball-negli-usa\/"]}]},{"@type":"ImageObject","inLanguage":"it-IT","@id":"https:\/\/www.ilnotiziario.net\/wp\/prima-pagina\/bollate-mathieu-a-soli-13-anni-paladino-del-baseball-negli-usa\/#primaryimage","url":"https:\/\/www.ilnotiziario.net\/wp\/wp-content\/uploads\/2024\/02\/Bollate-Mathieu-baseball-Usa.jpg","contentUrl":"https:\/\/www.ilnotiziario.net\/wp\/wp-content\/uploads\/2024\/02\/Bollate-Mathieu-baseball-Usa.jpg","width":781,"height":479,"caption":"Mathieu Silva in azione negli Usa con i Lake Castle Jets"},{"@type":"BreadcrumbList","@id":"https:\/\/www.ilnotiziario.net\/wp\/prima-pagina\/bollate-mathieu-a-soli-13-anni-paladino-del-baseball-negli-usa\/#breadcrumb","itemListElement":[{"@type":"ListItem","position":1,"name":"tds_text_logo_tagline_colortds_text_logo_tagline_colortds_text_logo_tagline_colortds_text_logo_tagline_colortd_module_7_title_excerpttd_module_7_title_excerpttd_module_7_title_excerpttd_module_7_title_excerptHome","item":"https:\/\/www.ilnotiziario.net\/wp\/"},{"@type":"ListItem","position":2,"name":"Bollate, Mathieu a soli 13 anni paladino del baseball negli Usa"}]},{"@type":"WebSite","@id":"https:\/\/www.ilnotiziario.net\/wp\/#website","url":"https:\/\/www.ilnotiziario.net\/wp\/","name":"Il Notiziario","description":"Per restare sempre connessi alla notizia","publisher":{"@id":"https:\/\/www.ilnotiziario.net\/wp\/#organization"},"alternateName":"Il Notiziario Bollate","potentialAction":[{"@type":"SearchAction","target":{"@type":"EntryPoint","urlTemplate":"https:\/\/www.ilnotiziario.net\/wp\/?s={search_term_string}"},"query-input":{"@type":"PropertyValueSpecification","valueRequired":true,"valueName":"search_term_string"}}],"inLanguage":"it-IT"},{"@type":"Organization","@id":"https:\/\/www.ilnotiziario.net\/wp\/#organization","name":"Il Notiziario","url":"https:\/\/www.ilnotiziario.net\/wp\/","logo":{"@type":"ImageObject","inLanguage":"it-IT","@id":"https:\/\/www.ilnotiziario.net\/wp\/#\/schema\/logo\/image\/","url":"https:\/\/www.ilnotiziario.net\/wp\/wp-content\/uploads\/2022\/06\/170x170ilN.png","contentUrl":"https:\/\/www.ilnotiziario.net\/wp\/wp-content\/uploads\/2022\/06\/170x170ilN.png","width":355,"height":355,"caption":"Il Notiziario"},"image":{"@id":"https:\/\/www.ilnotiziario.net\/wp\/#\/schema\/logo\/image\/"},"sameAs":["https:\/\/www.facebook.com\/ilnotiziarioind\/","https:\/\/x.com\/ilNotiziarioInd","https:\/\/www.instagram.com\/ilnotiziario_settimanale\/"]},{"@type":"Person","@id":"https:\/\/www.ilnotiziario.net\/wp\/#\/schema\/person\/c5bca2edc3d99d29959f04a6126f687b","name":"Silvia Citterio","image":{"@type":"ImageObject","inLanguage":"it-IT","@id":"https:\/\/secure.gravatar.com\/avatar\/03eb19c63b944e79a9b5ce53ca5d1ca303edcf368a68721ec3ccaae7f98c5afd?s=96&d=mm&r=g","url":"https:\/\/secure.gravatar.com\/avatar\/03eb19c63b944e79a9b5ce53ca5d1ca303edcf368a68721ec3ccaae7f98c5afd?s=96&d=mm&r=g","contentUrl":"https:\/\/secure.gravatar.com\/avatar\/03eb19c63b944e79a9b5ce53ca5d1ca303edcf368a68721ec3ccaae7f98c5afd?s=96&d=mm&r=g","caption":"Silvia Citterio"}}]}},"_links":{"self":[{"href":"https:\/\/www.ilnotiziario.net\/wp\/wp-json\/wp\/v2\/posts\/193270","targetHints":{"allow":["GET"]}}],"collection":[{"href":"https:\/\/www.ilnotiziario.net\/wp\/wp-json\/wp\/v2\/posts"}],"about":[{"href":"https:\/\/www.ilnotiziario.net\/wp\/wp-json\/wp\/v2\/types\/post"}],"author":[{"embeddable":true,"href":"https:\/\/www.ilnotiziario.net\/wp\/wp-json\/wp\/v2\/users\/14"}],"replies":[{"embeddable":true,"href":"https:\/\/www.ilnotiziario.net\/wp\/wp-json\/wp\/v2\/comments?post=193270"}],"version-history":[{"count":0,"href":"https:\/\/www.ilnotiziario.net\/wp\/wp-json\/wp\/v2\/posts\/193270\/revisions"}],"wp:featuredmedia":[{"embeddable":true,"href":"https:\/\/www.ilnotiziario.net\/wp\/wp-json\/wp\/v2\/media\/193271"}],"wp:attachment":[{"href":"https:\/\/www.ilnotiziario.net\/wp\/wp-json\/wp\/v2\/media?parent=193270"}],"wp:term":[{"taxonomy":"category","embeddable":true,"href":"https:\/\/www.ilnotiziario.net\/wp\/wp-json\/wp\/v2\/categories?post=193270"},{"taxonomy":"post_tag","embeddable":true,"href":"https:\/\/www.ilnotiziario.net\/wp\/wp-json\/wp\/v2\/tags?post=193270"}],"curies":[{"name":"wp","href":"https:\/\/api.w.org\/{rel}","templated":true}]}}