{"id":193722,"date":"2024-02-26T11:05:36","date_gmt":"2024-02-26T10:05:36","guid":{"rendered":"https:\/\/www.ilnotiziario.net\/wp\/?p=193722"},"modified":"2024-02-26T11:05:36","modified_gmt":"2024-02-26T10:05:36","slug":"in-lombardia-quasi-3000-minori-stranieri-non-accompagnati-si-cercano-tutori-volontari","status":"publish","type":"post","link":"https:\/\/www.ilnotiziario.net\/wp\/prima-pagina\/in-lombardia-quasi-3000-minori-stranieri-non-accompagnati-si-cercano-tutori-volontari\/","title":{"rendered":"In Lombardia quasi 3000 minori stranieri non accompagnati, si cercano tutori volontari"},"content":{"rendered":"<p>La Lombardia \u00e8 la seconda regione che accoglie il maggior numero di minori stranieri migranti non accompagnati, la Regione ha promosso un nuovo bando per la ricerca di tutori volontari.<\/p><div id=\"ilnot-2940138131\" class=\"ilnot-contenuto ilnot-entity-placement\"><p><!-- incontent_1 --><\/p>\n<div class=\"gptslot\" data-adunitid=\"1\"><\/div>\n<\/div>\n<h2>Minori stranieri non accompagnati, la Lombardia cerca volontari&nbsp;<\/h2>\n<p>E\u2019 stato pubblicato sul BURL del 23 febbraio scorso il bando per la selezione di privati cittadini disponibili ad assumere a titolo volontario la tutela di minori stranieri non accompagnati.<\/p>\n<p>Nei due anni appena trascorsi sono state 519 le domande di candidature di tutori volontari Msna (Minori stranieri non accompagnati) accolte dall\u2019Ufficio del Garante dell\u2019Infanzia e dell\u2019Adolescenza, un risultato importante che ha per\u00f2 ancora bisogno di rilancio e che, auspica il Garante, possa continuare a crescere nei prossimi mesi.<\/p><div id=\"ilnot-2836352926\" class=\"ilnot-contenuto_2 ilnot-entity-placement\"><div class=\"ads-wrapper\">\n<div class=\"ad-slot\">\n   <div id=\"ilnot-969365265\" style=\"margin-right: auto;margin-left: auto;text-align: center;width: 320px;height: 100px;\"><a href=\"https:\/\/www.scuolasicurezza.it\/\"><img decoding=\"async\" src=\"https:\/\/www.ilnotiziario.net\/wp\/wp-content\/uploads\/2026\/04\/IlNotiziario_banner-sito-e-newsletter-320-x-100-px-1.gif\" alt=\"\"><\/a><\/div>\n  <\/div>\n<div class=\"ad-slot\">\n   <div id=\"ilnot-2453876585\" style=\"margin-right: auto;margin-left: auto;text-align: center;width: 320px;height: 100px;\"><a href=\"https:\/\/purodesignarredamenti.com\/\"><img decoding=\"async\" src=\"https:\/\/www.ilnotiziario.net\/wp\/wp-content\/uploads\/2026\/04\/banner-puro-ok.gif\" alt=\"whatsapp\"><\/a><\/div><\/p><\/div>\n<\/div>\n<\/div>\n<p>Ogni tutore pu\u00f2 avere un massimo di tre minori affidati e, pertanto, a fronte di 560 tutori ad oggi attivi in Regione Lombardia iscritti presso l\u2019Albo dei Tribunali per i Minorenni di Milano e Brescia, e di una presenza media che oscilla attorno ai 3mila Msna, l\u2019obiettivo cui tendere resta quello di avere almeno mille tutori distribuiti su tutto il territorio regionale.<\/p>\n<p>La Lombardia continua ad essere<strong> la seconda regione d\u2019Italia per numero di minori migranti:<\/strong> al 31 gennaio 2024 si registravano nella nostra regione 2mila e 729 minori migranti su un totale di 21.991 sul territorio italiano.<\/p>\n<p>Il 21,8% \u00e8 di genere femminile e il 78,2% maschile, a differenza del dato nazionale ove le femmine sono soltanto l\u201911,8%; il 70% dei Msna in Lombardia ha fra i 15 e i 17 anni, il 25% fra i 7 e i 14 anni, il 5% ha meno di 6 anni.<\/p><div id=\"ilnot-4020566186\" class=\"ilnot-contenuto_2-2 ilnot-entity-placement\"><div class=\"gptslot\" data-adunitid=\"2\"><\/div>\n<\/div>\n<h2>Minori migranti in Lombardia soprattutto da Egitto e Tunisia&nbsp;<\/h2>\n<p>Al di l\u00e0 di una ancora importante presenza di minori ucraini, la maggior parte di essi provengono dall\u2019Egitto e dalla Tunisia.<\/p>\n<p><em>\u201cEssere tutori significa essere il punto di riferimento legale, umano e personale per una persona minorenne che, venutasi a trovare nel nostro Paese senza adulti di riferimento, collocata in una comunit\u00e0, inserita in un sistema di formazione, tutela e avviamento al lavoro, ha bisogno di avere qualcuno che ci sia, che la accompagni nella vita <\/em>\u2013sottolinea il Garante regionale per l\u2019Infanzia e l\u2019Adolescenza Riccardo Bettiga\u2013<em>. Chi ha la tutela formale di un MSNA e mette a disposizione il proprio tempo per questi ragazzi, al di l\u00e0 degli adempimenti tecnici e burocratici, pu\u00f2 scegliere di fare davvero la differenza nella loro vita e nell\u2019impatto e inserimento che posso avere nella nostra societ\u00e0. La legge n\u00b047 del 2017, detta legge Zampa, istituendo questa figura, pensava proprio al valore aggiunto della relazione umana nel percorso di accoglienza. Un adulto presente, anche da un punto di vista relazionale, protegge i ragazzi dalle reti sociali negative e dalla criminalit\u00e0, aumenta l\u2019adesione ai percorsi che vengono offerti dal sistema di protezione, migliora la qualit\u00e0 e l\u2019esperienza dell\u2019accoglienza. Un tutore, in sostanza, migliora la qualit\u00e0 della vita dei MSNA e con essi non pu\u00f2 che aiutare il lavoro dei servizi e degli enti locali. Abbiamo bisogno di cittadini, di persone di buona volont\u00e0, di qualunque professionalit\u00e0, livello culturale o estrazione sociale: quello del tutore, oggigiorno, \u00e8 un compito sociale con cui si pu\u00f2, con poco, fare moltissimo per aiutare il prossimo\u201d<\/em>.<\/p>\n<h2>Tutore volontario Msna, nuovo bando di Regione Lombardia&nbsp;<\/h2>\n<p>Il tutore volontario per Msna \u00e8 un cittadino che, avendo compiuto i 25 anni di et\u00e0, si candida e dopo essere stato formato dal Garante per l\u2019Infanzia e l\u2019Adolescenza, in seguito ad un incarico affidato dal Tribunale per i Minorenni assume il compito di rappresentare giuridicamente un minore straniero non accompagnato e di farsi interprete dei suoi bisogni e delle sue necessit\u00e0.<\/p><div id=\"ilnot-2214372801\" class=\"ilnot-contenuto_2-2-2 ilnot-entity-placement\"><div class=\"gptslot\" data-adunitid=\"3\"><\/div>\n<\/div>\n<p>Svolge il compito di rappresentanza legale assegnato agli esercenti la responsabilit\u00e0 genitoriale, attende allo svolgimento di ogni attivit\u00e0 anche di natura amministrativa o sanitaria per favorirne il miglior inserimento nel territorio, persegue il riconoscimento dei diritti del minore, ne promuove il benessere psico-fisico, vigila sui percorsi di educazione ed integrazione del minore, tenendo conto delle sue capacit\u00e0, inclinazioni naturali ed aspirazioni, vigila sulle sue condizioni di accoglienza, sicurezza e protezione e ne amministra l\u2019eventuale patrimonio.<\/p>\n<p>Tutte le informazioni per candidarsi al ruolo di tutore volontario per i Minori Stranieri Non Accompagnati si trovano <a href=\"https:\/\/www.garanteinfanzia.regione.lombardia.it\/wps\/portal\/site\/garante-infanzia-e-adolescenza\/tutori-volontari-dei-minori-stranieri-non-accompagnati-msna\/il-bandoi\"><strong> sul sito del Garante per l\u2019Infanzia e l\u2019Adolescenza di Regione Lombardia.<\/strong><\/a><\/p>\n","protected":false},"excerpt":{"rendered":"<p>La Lombardia \u00e8 la seconda regione che accoglie il maggior numero di minori stranieri migranti non accompagnati, la Regione ha promosso un nuovo bando per la ricerca di tutori volontari. Minori stranieri non accompagnati, la Lombardia cerca volontari&nbsp; E\u2019 stato pubblicato sul BURL del 23 febbraio scorso il bando per la selezione di privati cittadini<\/p>\n","protected":false},"author":3,"featured_media":193724,"comment_status":"closed","ping_status":"closed","sticky":false,"template":"","format":"standard","meta":{"footnotes":""},"categories":[4193,20],"tags":[1567,577,3803,16542,16541],"class_list":{"0":"post-193722","1":"post","2":"type-post","3":"status-publish","4":"format-standard","5":"has-post-thumbnail","7":"category-buonoasapersi","8":"category-prima-pagina","9":"tag-bando","10":"tag-lombardia","11":"tag-minori","12":"tag-msna","13":"tag-tutore"},"yoast_head":"<!-- This site is optimized with the Yoast SEO plugin v27.4 - https:\/\/yoast.com\/product\/yoast-seo-wordpress\/ -->\n<title>In Lombardia quasi 3000 minori stranieri non accompagnati, si cercano tutori volontari - Il Notiziario<\/title>\n<meta name=\"description\" content=\"La Lombardia \u00e8 la seconda regione che accoglie il maggior numero di minori stranieri migranti non accompagnati, la Regione ha promosso un nuovo bando per\" \/>\n<meta name=\"robots\" content=\"index, follow, max-snippet:-1, max-image-preview:large, max-video-preview:-1\" \/>\n<link rel=\"canonical\" href=\"https:\/\/www.ilnotiziario.net\/wp\/prima-pagina\/in-lombardia-quasi-3000-minori-stranieri-non-accompagnati-si-cercano-tutori-volontari\/\" \/>\n<meta property=\"og:locale\" content=\"it_IT\" \/>\n<meta property=\"og:type\" content=\"article\" \/>\n<meta property=\"og:title\" content=\"In Lombardia quasi 3000 minori stranieri non accompagnati, si cercano tutori volontari - Il Notiziario\" \/>\n<meta property=\"og:description\" content=\"La Lombardia \u00e8 la seconda regione che accoglie il maggior numero di minori stranieri migranti non accompagnati, la Regione ha promosso un nuovo bando per\" \/>\n<meta property=\"og:url\" content=\"https:\/\/www.ilnotiziario.net\/wp\/prima-pagina\/in-lombardia-quasi-3000-minori-stranieri-non-accompagnati-si-cercano-tutori-volontari\/\" \/>\n<meta property=\"og:site_name\" content=\"Il Notiziario\" \/>\n<meta property=\"article:publisher\" content=\"https:\/\/www.facebook.com\/ilnotiziarioind\/\" \/>\n<meta property=\"article:published_time\" content=\"2024-02-26T10:05:36+00:00\" \/>\n<meta property=\"og:image\" content=\"https:\/\/www.ilnotiziario.net\/wp\/wp-content\/uploads\/2024\/02\/bambini-minori-msna.jpg\" \/>\n\t<meta property=\"og:image:width\" content=\"712\" \/>\n\t<meta property=\"og:image:height\" content=\"440\" \/>\n\t<meta property=\"og:image:type\" content=\"image\/jpeg\" \/>\n<meta name=\"author\" content=\"Gabriele Bassani\" \/>\n<meta name=\"twitter:card\" content=\"summary_large_image\" \/>\n<meta name=\"twitter:creator\" content=\"@ilNotiziarioInd\" \/>\n<meta name=\"twitter:site\" content=\"@ilNotiziarioInd\" \/>\n<meta name=\"twitter:label1\" content=\"Scritto da\" \/>\n\t<meta name=\"twitter:data1\" content=\"Gabriele Bassani\" \/>\n\t<meta name=\"twitter:label2\" content=\"Tempo di lettura stimato\" \/>\n\t<meta name=\"twitter:data2\" content=\"4 minuti\" \/>\n<script type=\"application\/ld+json\" class=\"yoast-schema-graph\">{\"@context\":\"https:\\\/\\\/schema.org\",\"@graph\":[{\"@type\":\"Article\",\"@id\":\"https:\\\/\\\/www.ilnotiziario.net\\\/wp\\\/prima-pagina\\\/in-lombardia-quasi-3000-minori-stranieri-non-accompagnati-si-cercano-tutori-volontari\\\/#article\",\"isPartOf\":{\"@id\":\"https:\\\/\\\/www.ilnotiziario.net\\\/wp\\\/prima-pagina\\\/in-lombardia-quasi-3000-minori-stranieri-non-accompagnati-si-cercano-tutori-volontari\\\/\"},\"author\":{\"name\":\"Gabriele Bassani\",\"@id\":\"https:\\\/\\\/www.ilnotiziario.net\\\/wp\\\/#\\\/schema\\\/person\\\/386e222908f898bb41c033989482bbf2\"},\"headline\":\"In Lombardia quasi 3000 minori stranieri non accompagnati, si cercano tutori volontari\",\"datePublished\":\"2024-02-26T10:05:36+00:00\",\"mainEntityOfPage\":{\"@id\":\"https:\\\/\\\/www.ilnotiziario.net\\\/wp\\\/prima-pagina\\\/in-lombardia-quasi-3000-minori-stranieri-non-accompagnati-si-cercano-tutori-volontari\\\/\"},\"wordCount\":713,\"publisher\":{\"@id\":\"https:\\\/\\\/www.ilnotiziario.net\\\/wp\\\/#organization\"},\"image\":{\"@id\":\"https:\\\/\\\/www.ilnotiziario.net\\\/wp\\\/prima-pagina\\\/in-lombardia-quasi-3000-minori-stranieri-non-accompagnati-si-cercano-tutori-volontari\\\/#primaryimage\"},\"thumbnailUrl\":\"https:\\\/\\\/www.ilnotiziario.net\\\/wp\\\/wp-content\\\/uploads\\\/2024\\\/02\\\/bambini-minori-msna.jpg\",\"keywords\":[\"Bando\",\"Lombardia\",\"minori\",\"msna\",\"tutore\"],\"articleSection\":[\"BUONO A SAPERSI\",\"Prima Pagina\"],\"inLanguage\":\"it-IT\"},{\"@type\":\"WebPage\",\"@id\":\"https:\\\/\\\/www.ilnotiziario.net\\\/wp\\\/prima-pagina\\\/in-lombardia-quasi-3000-minori-stranieri-non-accompagnati-si-cercano-tutori-volontari\\\/\",\"url\":\"https:\\\/\\\/www.ilnotiziario.net\\\/wp\\\/prima-pagina\\\/in-lombardia-quasi-3000-minori-stranieri-non-accompagnati-si-cercano-tutori-volontari\\\/\",\"name\":\"In Lombardia quasi 3000 minori stranieri non accompagnati, si cercano tutori volontari - Il Notiziario\",\"isPartOf\":{\"@id\":\"https:\\\/\\\/www.ilnotiziario.net\\\/wp\\\/#website\"},\"primaryImageOfPage\":{\"@id\":\"https:\\\/\\\/www.ilnotiziario.net\\\/wp\\\/prima-pagina\\\/in-lombardia-quasi-3000-minori-stranieri-non-accompagnati-si-cercano-tutori-volontari\\\/#primaryimage\"},\"image\":{\"@id\":\"https:\\\/\\\/www.ilnotiziario.net\\\/wp\\\/prima-pagina\\\/in-lombardia-quasi-3000-minori-stranieri-non-accompagnati-si-cercano-tutori-volontari\\\/#primaryimage\"},\"thumbnailUrl\":\"https:\\\/\\\/www.ilnotiziario.net\\\/wp\\\/wp-content\\\/uploads\\\/2024\\\/02\\\/bambini-minori-msna.jpg\",\"datePublished\":\"2024-02-26T10:05:36+00:00\",\"description\":\"La Lombardia \u00e8 la seconda regione che accoglie il maggior numero di minori stranieri migranti non accompagnati, la Regione ha promosso un nuovo bando per\",\"breadcrumb\":{\"@id\":\"https:\\\/\\\/www.ilnotiziario.net\\\/wp\\\/prima-pagina\\\/in-lombardia-quasi-3000-minori-stranieri-non-accompagnati-si-cercano-tutori-volontari\\\/#breadcrumb\"},\"inLanguage\":\"it-IT\",\"potentialAction\":[{\"@type\":\"ReadAction\",\"target\":[\"https:\\\/\\\/www.ilnotiziario.net\\\/wp\\\/prima-pagina\\\/in-lombardia-quasi-3000-minori-stranieri-non-accompagnati-si-cercano-tutori-volontari\\\/\"]}]},{\"@type\":\"ImageObject\",\"inLanguage\":\"it-IT\",\"@id\":\"https:\\\/\\\/www.ilnotiziario.net\\\/wp\\\/prima-pagina\\\/in-lombardia-quasi-3000-minori-stranieri-non-accompagnati-si-cercano-tutori-volontari\\\/#primaryimage\",\"url\":\"https:\\\/\\\/www.ilnotiziario.net\\\/wp\\\/wp-content\\\/uploads\\\/2024\\\/02\\\/bambini-minori-msna.jpg\",\"contentUrl\":\"https:\\\/\\\/www.ilnotiziario.net\\\/wp\\\/wp-content\\\/uploads\\\/2024\\\/02\\\/bambini-minori-msna.jpg\",\"width\":712,\"height\":440,\"caption\":\"minori accoglienza msna\"},{\"@type\":\"BreadcrumbList\",\"@id\":\"https:\\\/\\\/www.ilnotiziario.net\\\/wp\\\/prima-pagina\\\/in-lombardia-quasi-3000-minori-stranieri-non-accompagnati-si-cercano-tutori-volontari\\\/#breadcrumb\",\"itemListElement\":[{\"@type\":\"ListItem\",\"position\":1,\"name\":\"tds_text_logo_tagline_colortds_text_logo_tagline_colortds_text_logo_tagline_colortds_text_logo_tagline_colortd_module_7_title_excerpttd_module_7_title_excerpttd_module_7_title_excerpttd_module_7_title_excerptHome\",\"item\":\"https:\\\/\\\/www.ilnotiziario.net\\\/wp\\\/\"},{\"@type\":\"ListItem\",\"position\":2,\"name\":\"In Lombardia quasi 3000 minori stranieri non accompagnati, si cercano tutori volontari\"}]},{\"@type\":\"WebSite\",\"@id\":\"https:\\\/\\\/www.ilnotiziario.net\\\/wp\\\/#website\",\"url\":\"https:\\\/\\\/www.ilnotiziario.net\\\/wp\\\/\",\"name\":\"Il Notiziario\",\"description\":\"Per restare sempre connessi alla notizia\",\"publisher\":{\"@id\":\"https:\\\/\\\/www.ilnotiziario.net\\\/wp\\\/#organization\"},\"alternateName\":\"Il Notiziario Bollate\",\"potentialAction\":[{\"@type\":\"SearchAction\",\"target\":{\"@type\":\"EntryPoint\",\"urlTemplate\":\"https:\\\/\\\/www.ilnotiziario.net\\\/wp\\\/?s={search_term_string}\"},\"query-input\":{\"@type\":\"PropertyValueSpecification\",\"valueRequired\":true,\"valueName\":\"search_term_string\"}}],\"inLanguage\":\"it-IT\"},{\"@type\":\"Organization\",\"@id\":\"https:\\\/\\\/www.ilnotiziario.net\\\/wp\\\/#organization\",\"name\":\"Il Notiziario\",\"url\":\"https:\\\/\\\/www.ilnotiziario.net\\\/wp\\\/\",\"logo\":{\"@type\":\"ImageObject\",\"inLanguage\":\"it-IT\",\"@id\":\"https:\\\/\\\/www.ilnotiziario.net\\\/wp\\\/#\\\/schema\\\/logo\\\/image\\\/\",\"url\":\"https:\\\/\\\/www.ilnotiziario.net\\\/wp\\\/wp-content\\\/uploads\\\/2022\\\/06\\\/170x170ilN.png\",\"contentUrl\":\"https:\\\/\\\/www.ilnotiziario.net\\\/wp\\\/wp-content\\\/uploads\\\/2022\\\/06\\\/170x170ilN.png\",\"width\":355,\"height\":355,\"caption\":\"Il Notiziario\"},\"image\":{\"@id\":\"https:\\\/\\\/www.ilnotiziario.net\\\/wp\\\/#\\\/schema\\\/logo\\\/image\\\/\"},\"sameAs\":[\"https:\\\/\\\/www.facebook.com\\\/ilnotiziarioind\\\/\",\"https:\\\/\\\/x.com\\\/ilNotiziarioInd\",\"https:\\\/\\\/www.instagram.com\\\/ilnotiziario_settimanale\\\/\"]},{\"@type\":\"Person\",\"@id\":\"https:\\\/\\\/www.ilnotiziario.net\\\/wp\\\/#\\\/schema\\\/person\\\/386e222908f898bb41c033989482bbf2\",\"name\":\"Gabriele Bassani\",\"image\":{\"@type\":\"ImageObject\",\"inLanguage\":\"it-IT\",\"@id\":\"https:\\\/\\\/secure.gravatar.com\\\/avatar\\\/09274f4a84fa97698bde56f84b3afed61c8492d48b0550db9671b68c177479cb?s=96&d=mm&r=g\",\"url\":\"https:\\\/\\\/secure.gravatar.com\\\/avatar\\\/09274f4a84fa97698bde56f84b3afed61c8492d48b0550db9671b68c177479cb?s=96&d=mm&r=g\",\"contentUrl\":\"https:\\\/\\\/secure.gravatar.com\\\/avatar\\\/09274f4a84fa97698bde56f84b3afed61c8492d48b0550db9671b68c177479cb?s=96&d=mm&r=g\",\"caption\":\"Gabriele Bassani\"},\"sameAs\":[\"http:\\\/\\\/www.ilnotiziario.net\"]}]}<\/script>\n<!-- \/ Yoast SEO plugin. -->","yoast_head_json":{"title":"In Lombardia quasi 3000 minori stranieri non accompagnati, si cercano tutori volontari - Il Notiziario","description":"La Lombardia \u00e8 la seconda regione che accoglie il maggior numero di minori stranieri migranti non accompagnati, la Regione ha promosso un nuovo bando per","robots":{"index":"index","follow":"follow","max-snippet":"max-snippet:-1","max-image-preview":"max-image-preview:large","max-video-preview":"max-video-preview:-1"},"canonical":"https:\/\/www.ilnotiziario.net\/wp\/prima-pagina\/in-lombardia-quasi-3000-minori-stranieri-non-accompagnati-si-cercano-tutori-volontari\/","og_locale":"it_IT","og_type":"article","og_title":"In Lombardia quasi 3000 minori stranieri non accompagnati, si cercano tutori volontari - Il Notiziario","og_description":"La Lombardia \u00e8 la seconda regione che accoglie il maggior numero di minori stranieri migranti non accompagnati, la Regione ha promosso un nuovo bando per","og_url":"https:\/\/www.ilnotiziario.net\/wp\/prima-pagina\/in-lombardia-quasi-3000-minori-stranieri-non-accompagnati-si-cercano-tutori-volontari\/","og_site_name":"Il Notiziario","article_publisher":"https:\/\/www.facebook.com\/ilnotiziarioind\/","article_published_time":"2024-02-26T10:05:36+00:00","og_image":[{"width":712,"height":440,"url":"https:\/\/www.ilnotiziario.net\/wp\/wp-content\/uploads\/2024\/02\/bambini-minori-msna.jpg","type":"image\/jpeg"}],"author":"Gabriele Bassani","twitter_card":"summary_large_image","twitter_creator":"@ilNotiziarioInd","twitter_site":"@ilNotiziarioInd","twitter_misc":{"Scritto da":"Gabriele Bassani","Tempo di lettura stimato":"4 minuti"},"schema":{"@context":"https:\/\/schema.org","@graph":[{"@type":"Article","@id":"https:\/\/www.ilnotiziario.net\/wp\/prima-pagina\/in-lombardia-quasi-3000-minori-stranieri-non-accompagnati-si-cercano-tutori-volontari\/#article","isPartOf":{"@id":"https:\/\/www.ilnotiziario.net\/wp\/prima-pagina\/in-lombardia-quasi-3000-minori-stranieri-non-accompagnati-si-cercano-tutori-volontari\/"},"author":{"name":"Gabriele Bassani","@id":"https:\/\/www.ilnotiziario.net\/wp\/#\/schema\/person\/386e222908f898bb41c033989482bbf2"},"headline":"In Lombardia quasi 3000 minori stranieri non accompagnati, si cercano tutori volontari","datePublished":"2024-02-26T10:05:36+00:00","mainEntityOfPage":{"@id":"https:\/\/www.ilnotiziario.net\/wp\/prima-pagina\/in-lombardia-quasi-3000-minori-stranieri-non-accompagnati-si-cercano-tutori-volontari\/"},"wordCount":713,"publisher":{"@id":"https:\/\/www.ilnotiziario.net\/wp\/#organization"},"image":{"@id":"https:\/\/www.ilnotiziario.net\/wp\/prima-pagina\/in-lombardia-quasi-3000-minori-stranieri-non-accompagnati-si-cercano-tutori-volontari\/#primaryimage"},"thumbnailUrl":"https:\/\/www.ilnotiziario.net\/wp\/wp-content\/uploads\/2024\/02\/bambini-minori-msna.jpg","keywords":["Bando","Lombardia","minori","msna","tutore"],"articleSection":["BUONO A SAPERSI","Prima Pagina"],"inLanguage":"it-IT"},{"@type":"WebPage","@id":"https:\/\/www.ilnotiziario.net\/wp\/prima-pagina\/in-lombardia-quasi-3000-minori-stranieri-non-accompagnati-si-cercano-tutori-volontari\/","url":"https:\/\/www.ilnotiziario.net\/wp\/prima-pagina\/in-lombardia-quasi-3000-minori-stranieri-non-accompagnati-si-cercano-tutori-volontari\/","name":"In Lombardia quasi 3000 minori stranieri non accompagnati, si cercano tutori volontari - Il Notiziario","isPartOf":{"@id":"https:\/\/www.ilnotiziario.net\/wp\/#website"},"primaryImageOfPage":{"@id":"https:\/\/www.ilnotiziario.net\/wp\/prima-pagina\/in-lombardia-quasi-3000-minori-stranieri-non-accompagnati-si-cercano-tutori-volontari\/#primaryimage"},"image":{"@id":"https:\/\/www.ilnotiziario.net\/wp\/prima-pagina\/in-lombardia-quasi-3000-minori-stranieri-non-accompagnati-si-cercano-tutori-volontari\/#primaryimage"},"thumbnailUrl":"https:\/\/www.ilnotiziario.net\/wp\/wp-content\/uploads\/2024\/02\/bambini-minori-msna.jpg","datePublished":"2024-02-26T10:05:36+00:00","description":"La Lombardia \u00e8 la seconda regione che accoglie il maggior numero di minori stranieri migranti non accompagnati, la Regione ha promosso un nuovo bando per","breadcrumb":{"@id":"https:\/\/www.ilnotiziario.net\/wp\/prima-pagina\/in-lombardia-quasi-3000-minori-stranieri-non-accompagnati-si-cercano-tutori-volontari\/#breadcrumb"},"inLanguage":"it-IT","potentialAction":[{"@type":"ReadAction","target":["https:\/\/www.ilnotiziario.net\/wp\/prima-pagina\/in-lombardia-quasi-3000-minori-stranieri-non-accompagnati-si-cercano-tutori-volontari\/"]}]},{"@type":"ImageObject","inLanguage":"it-IT","@id":"https:\/\/www.ilnotiziario.net\/wp\/prima-pagina\/in-lombardia-quasi-3000-minori-stranieri-non-accompagnati-si-cercano-tutori-volontari\/#primaryimage","url":"https:\/\/www.ilnotiziario.net\/wp\/wp-content\/uploads\/2024\/02\/bambini-minori-msna.jpg","contentUrl":"https:\/\/www.ilnotiziario.net\/wp\/wp-content\/uploads\/2024\/02\/bambini-minori-msna.jpg","width":712,"height":440,"caption":"minori accoglienza msna"},{"@type":"BreadcrumbList","@id":"https:\/\/www.ilnotiziario.net\/wp\/prima-pagina\/in-lombardia-quasi-3000-minori-stranieri-non-accompagnati-si-cercano-tutori-volontari\/#breadcrumb","itemListElement":[{"@type":"ListItem","position":1,"name":"tds_text_logo_tagline_colortds_text_logo_tagline_colortds_text_logo_tagline_colortds_text_logo_tagline_colortd_module_7_title_excerpttd_module_7_title_excerpttd_module_7_title_excerpttd_module_7_title_excerptHome","item":"https:\/\/www.ilnotiziario.net\/wp\/"},{"@type":"ListItem","position":2,"name":"In Lombardia quasi 3000 minori stranieri non accompagnati, si cercano tutori volontari"}]},{"@type":"WebSite","@id":"https:\/\/www.ilnotiziario.net\/wp\/#website","url":"https:\/\/www.ilnotiziario.net\/wp\/","name":"Il Notiziario","description":"Per restare sempre connessi alla notizia","publisher":{"@id":"https:\/\/www.ilnotiziario.net\/wp\/#organization"},"alternateName":"Il Notiziario Bollate","potentialAction":[{"@type":"SearchAction","target":{"@type":"EntryPoint","urlTemplate":"https:\/\/www.ilnotiziario.net\/wp\/?s={search_term_string}"},"query-input":{"@type":"PropertyValueSpecification","valueRequired":true,"valueName":"search_term_string"}}],"inLanguage":"it-IT"},{"@type":"Organization","@id":"https:\/\/www.ilnotiziario.net\/wp\/#organization","name":"Il Notiziario","url":"https:\/\/www.ilnotiziario.net\/wp\/","logo":{"@type":"ImageObject","inLanguage":"it-IT","@id":"https:\/\/www.ilnotiziario.net\/wp\/#\/schema\/logo\/image\/","url":"https:\/\/www.ilnotiziario.net\/wp\/wp-content\/uploads\/2022\/06\/170x170ilN.png","contentUrl":"https:\/\/www.ilnotiziario.net\/wp\/wp-content\/uploads\/2022\/06\/170x170ilN.png","width":355,"height":355,"caption":"Il Notiziario"},"image":{"@id":"https:\/\/www.ilnotiziario.net\/wp\/#\/schema\/logo\/image\/"},"sameAs":["https:\/\/www.facebook.com\/ilnotiziarioind\/","https:\/\/x.com\/ilNotiziarioInd","https:\/\/www.instagram.com\/ilnotiziario_settimanale\/"]},{"@type":"Person","@id":"https:\/\/www.ilnotiziario.net\/wp\/#\/schema\/person\/386e222908f898bb41c033989482bbf2","name":"Gabriele Bassani","image":{"@type":"ImageObject","inLanguage":"it-IT","@id":"https:\/\/secure.gravatar.com\/avatar\/09274f4a84fa97698bde56f84b3afed61c8492d48b0550db9671b68c177479cb?s=96&d=mm&r=g","url":"https:\/\/secure.gravatar.com\/avatar\/09274f4a84fa97698bde56f84b3afed61c8492d48b0550db9671b68c177479cb?s=96&d=mm&r=g","contentUrl":"https:\/\/secure.gravatar.com\/avatar\/09274f4a84fa97698bde56f84b3afed61c8492d48b0550db9671b68c177479cb?s=96&d=mm&r=g","caption":"Gabriele Bassani"},"sameAs":["http:\/\/www.ilnotiziario.net"]}]}},"_links":{"self":[{"href":"https:\/\/www.ilnotiziario.net\/wp\/wp-json\/wp\/v2\/posts\/193722","targetHints":{"allow":["GET"]}}],"collection":[{"href":"https:\/\/www.ilnotiziario.net\/wp\/wp-json\/wp\/v2\/posts"}],"about":[{"href":"https:\/\/www.ilnotiziario.net\/wp\/wp-json\/wp\/v2\/types\/post"}],"author":[{"embeddable":true,"href":"https:\/\/www.ilnotiziario.net\/wp\/wp-json\/wp\/v2\/users\/3"}],"replies":[{"embeddable":true,"href":"https:\/\/www.ilnotiziario.net\/wp\/wp-json\/wp\/v2\/comments?post=193722"}],"version-history":[{"count":0,"href":"https:\/\/www.ilnotiziario.net\/wp\/wp-json\/wp\/v2\/posts\/193722\/revisions"}],"wp:featuredmedia":[{"embeddable":true,"href":"https:\/\/www.ilnotiziario.net\/wp\/wp-json\/wp\/v2\/media\/193724"}],"wp:attachment":[{"href":"https:\/\/www.ilnotiziario.net\/wp\/wp-json\/wp\/v2\/media?parent=193722"}],"wp:term":[{"taxonomy":"category","embeddable":true,"href":"https:\/\/www.ilnotiziario.net\/wp\/wp-json\/wp\/v2\/categories?post=193722"},{"taxonomy":"post_tag","embeddable":true,"href":"https:\/\/www.ilnotiziario.net\/wp\/wp-json\/wp\/v2\/tags?post=193722"}],"curies":[{"name":"wp","href":"https:\/\/api.w.org\/{rel}","templated":true}]}}