{"id":194055,"date":"2024-03-08T17:11:21","date_gmt":"2024-03-08T16:11:21","guid":{"rendered":"https:\/\/www.ilnotiziario.net\/wp\/?p=194055"},"modified":"2024-03-08T17:11:21","modified_gmt":"2024-03-08T16:11:21","slug":"week-end-di-eventi-dalla-giornata-della-donna-al-concerto-di-katia-ricciarelli-a-garbagnate","status":"publish","type":"post","link":"https:\/\/www.ilnotiziario.net\/wp\/prima-pagina\/week-end-di-eventi-dalla-giornata-della-donna-al-concerto-di-katia-ricciarelli-a-garbagnate\/","title":{"rendered":"Week-end di eventi, dalla Giornata della Donna al concerto di Katia Ricciarelli a Garbagnate"},"content":{"rendered":"<p>Tutti gli appuntamenti pi\u00f9 interessanti del fine settimana sul nostro territorio, da venerd\u00ec 8 a domenica 10 marzo 2024:<\/p><div id=\"ilnot-1211209714\" class=\"ilnot-contenuto ilnot-entity-placement\"><p><!-- incontent_1 --><\/p>\n<div class=\"gptslot\" data-adunitid=\"1\"><\/div>\n<\/div>\n<h2>ORIGGIO \u2013 Danze meditative e mostra per celebrare la donna<\/h2>\n<p>Il Gruppo Panchina Rossa Origgio e la Pro Loco, con il patrocinio del Comune, hanno organizzato due eventi per celebrare la \u201cGiornata Internazionale dei Diritti delle Donne\u201d. Al Centro Anziani Origgesi, in via Manzoni 17, si terr\u00e0 un laboratorio gratuito di danze meditative a cura di Lorena Ranzani: l\u2019appuntamento \u00e8 per questo sabato 9 marzo dalle 16 alle 17.30 (accoglienza dalle 15.45). Per informazioni e prenotazioni (consigliate) scrivere all\u2019indirizzo email panchinarossa@gmail.com (sulla pagina Facebook \u201cPanchina Rossa Origgio\u201d \u00e8 pubblicata la locandina con i dettagli).<br \/>\nDall\u20198 al 10 marzo, all\u2019Eco Park Garden Pravettoni in via Per Lainate 31, sar\u00e0 allestita la mostra d\u2019arte pittorica collettiva femminile \u201cI colori delle donne\u201d. L\u2019inaugurazione \u00e8 prevista stasera, venerd\u00ec 8 marzo, alle 18. Un\u2019iniziativa tutta al femminile: in mostra 40 pittrici di Origgio e del circondario, allieve della \u201cPiccola Accademia di pittura\u201d di Cadorago del maestro Fabrizio Vendramin, allieve dell\u2019associazione culturale \u201cGiocare con l\u2019Arte\u201d di Caronno Pertusella del maestro Enzo Cremone e tante artiste giovanissime e pi\u00f9 esperte\u201d; l\u2019allestimento \u00e8 a cura di giovani scenografe dell\u2019Accademia di Brera.<\/p>\n<h2>UBOLDO \u2013 &#8220;Uno di troppo&#8221; al Teatro San Pio<\/h2>\n<p>Appuntamento al Cinema Teatro San Pio, questo sabato 9 marzo alle 21, con la Compagnia teatrale Tanto di Cappello, che porta in scena la commedia brillante &#8220;Uno di troppo&#8221;. Prenotazioni biglietti su www. teatrosanpio.uboldo.infodo.<\/p><div id=\"ilnot-2007553594\" class=\"ilnot-contenuto_2 ilnot-entity-placement\"><div class=\"ads-wrapper\">\n<div class=\"ad-slot\">\n   <div id=\"ilnot-3505389974\" style=\"margin-right: auto;margin-left: auto;text-align: center;width: 320px;height: 100px;\"><a href=\"https:\/\/www.scuolasicurezza.it\/\"><img decoding=\"async\" src=\"https:\/\/www.ilnotiziario.net\/wp\/wp-content\/uploads\/2026\/04\/IlNotiziario_banner-sito-e-newsletter-320-x-100-px-1.gif\" alt=\"\"><\/a><\/div>\n  <\/div>\n<div class=\"ad-slot\">\n   <div id=\"ilnot-2170963053\" style=\"margin-right: auto;margin-left: auto;text-align: center;width: 320px;height: 100px;\"><a href=\"https:\/\/purodesignarredamenti.com\/\"><img decoding=\"async\" src=\"https:\/\/www.ilnotiziario.net\/wp\/wp-content\/uploads\/2026\/04\/banner-puro-ok.gif\" alt=\"whatsapp\"><\/a><\/div><\/p><\/div>\n<\/div>\n<\/div>\n<h2>UBOLDO \u2013 Rock a quattro zampe: raccolta fondi per il canile<\/h2>\n<p>Sabato 9 marzo, alle 19.30, si terr\u00e0 la prima edizione del \u201cRock 4 Dogs\u201d, un evento fortemente voluto dai volontari dell\u2019associazione \u201cTime Flies Dog Project\u201d: il ricavato della manifestazione sar\u00e0 devoluto al canile di Uboldo \u201cUna luce fuori dal Lager Odv\u201d. Si esibiranno Garuru, Black Babilon, Sin City ACDC Tribute Band, Sound of the Disturbed &#8211; Italian Disturbed Tribute Band, Five Finger Skull Crushers &#8211; FFDP Tribute Band, i volontari Nawer, Valentina, Irene e Carlo.<\/p>\n<p>\u201cTime Flies Dog Project\u201d \u00e8 un gruppo composto da volontari attivi nelle zone di Milano e della Brianza: \u201cCi occupiamo di cercare nuove famiglie \u2013 spiegano &#8211; ai cani che vengono lasciati dai proprietari, eseguendo valutazioni e controlli per favorire adozioni consapevoli\u201d. Per ulteriori informazioni sulla serata visitare la pagina Facebook \u201cRock 4 Dogs &#8211; prima edizione\u201d.<\/p>\n<h2>ROVELLASCA \u2013 \u201cCanzoni al femminile\u201d per la festa della donna<\/h2>\n<p>\u201cCanzoni al femminile\u201d in occasione della festa della donna. Presenteranno una serie di canzoni tutte al femminile Cristina Mambretti (con la sua voce) e Fabio De Girolamo (alla chitarra). L\u2019esibizione si terr\u00e0 questa sera, venerd\u00ec, alle 21, nella sala consiliare di via De Amicis. Organizzano l\u2019evento la scuola di musica Cimas e il Comune. Ingresso libero.<\/p><div id=\"ilnot-1635440343\" class=\"ilnot-contenuto_2-2 ilnot-entity-placement\"><div class=\"gptslot\" data-adunitid=\"2\"><\/div>\n<\/div>\n<h2>CISLAGO \u2013 Convegno, tombolata e cena per le donne<\/h2>\n<p>L\u20198 marzo, in occasione della \u201cFesta delle donne\u201d, si terranno due iniziative. Alle 21, nell\u2019aula convegni di Villa Isacchi, \u00e8 in programma l\u2019incontro \u201cLa violenza delle parole\u201d. \u201cLe parole sono importanti? \u2013 si legge nella presentazione &#8211; Quanto siamo disposti a crederlo? Per\u00f2 poi i segni ci sono e rimangono. Dalla ricerca e dalla precariet\u00e0 del lavoro femminile, passando dalla violenza di genere, fino ad arrivare all\u2019anzianit\u00e0 in un ospizio\u201d. L\u2019altro evento \u00e8 \u201cCinque? Solo a tombola\u201d: oltre a una tombolata, \u00e8 prevista una cena, i cui fondi saranno devoluti alla Rete Rosa del Saronnese. Appuntamento alle 20 alla Locanda di Bacco, in via Virgilio 83. Consigliata la prenotazione al numero 3488540873.<\/p>\n<h2>COGLIATE \u2013 Gare di mountain bike al centro sportivo<\/h2>\n<p>Tornano le sfide con la mountain bike sulla pista del Centro sportivo comunale di via Montello. Domenica 10 marzo, il \u201cWinter Kids\u201d giunge alla terza tappa e approda a Cogliate. Dopo l&#8217;annullamento della seconda prova (causa maltempo), il piccolo circuito invernale di short track, targato Valli Varesine Kids, arriva a Cogliate sul circuito allestito all\u2019interno del centro sportivo Comunale a cura di Mtb Cogliate. Il ritrovo per atleti e team \u00e8 a partire dalle 8, per le registrazion e le operazioni preliminari. Le gare avranno inizio alle ore 10.<\/p>\n<h2>BOLLATE \u2013 Serata culturale dedicata al corpo della donna e dell\u2019uomo<\/h2>\n<p>Questa sera, venerd\u00ec 8 marzo, alle ore 21 allo Splendor di via Leone XIII prende il via il ciclo di 3 incontri organizzato dalla Comunit\u00e0 pastorale San Martino. Questo primo incontro parler\u00e0 di \u201cUn corpo in relazione\u201d: don Luca Castiglioni ci introduce nel mistero della reciprocit\u00e0 maschilefemminile. Ingresso libero.<\/p><div id=\"ilnot-1813337579\" class=\"ilnot-contenuto_2-2-2 ilnot-entity-placement\"><div class=\"gptslot\" data-adunitid=\"3\"><\/div>\n<\/div>\n<h2>BOLLATE \u2013 Spettacolo delle Acli dedicato alla vecchia Milano<\/h2>\n<p>Il Circolo Acli di Bollate organizza per questo sabato 9 marzo la \u201cFesta del tesseramento\u201d e lo fa offrendo a tutti i cittadini un pomeriggio di teatro a ingresso libero e gratuito. L\u2019appuntamento \u00e8 appunto per domani, sabato 9 marzo, alle ore 16 alla sala teatro Don Bosco di via Cesare Battisti 10 a Cascina del Sole.<\/p>\n<p>Lo spettacolo proposto \u00e8 \u201cOn milanes sentimental\u201d, proposto dall\u2019associazione culturale Trapezisti Danzerini. Si tratta di un monologo teatrale che ci porta in un viaggio per la Milano del passato attraverso gli occhi e il cuore di un personaggio stravagante e ambiguo, con una profonda connessione emotiva con la citt\u00e0. L\u2019attore, infatti, condivide storie, esperienze e aneddoti su Milano: la narrazione \u00e8 arricchita da citazioni di opere dei grandi milanesi (Bonvesin de la Riva, Carlo Porta, Delio Tessa) e da brani musicali tradizionali milanesi, cantati dal protagonista stesso.<\/p>\n<p>Attraverso monologhi commoventi, aneddoti divertenti e canzoni nostalgiche, il pubblico esplora la Milano di un tempo e di oggi, scoprendo la sua evoluzione e la sua identit\u00e0 culturale. Lo spettacolo \u00e8 di e con Alessio Contini, per la regia di Anna Maria Ponzellini. Ingresso libero per tutti. Al termine dello spettacolo sar\u00e0 possibile rinnovare o richiedere la tessera di adesione all\u2019Acli.<\/p><div id=\"ilnot-2639631722\" class=\"ilnot-contenuto_2-2-2-2 ilnot-entity-placement\"><div class=\"gptslot\" data-adunitid=\"4\"><\/div>\n<\/div>\n<h2>BOLLATE \u2013 Stasera in biblioteca Ilaria Rossetti presenta \u2018La fabbrica delle ragazze\u2019<\/h2>\n<p>Questa sera, venerd\u00ec 8 marzo, giornata dedicata alle donne, alle 20.45 in biblioteca la scrittrice Ilaria Rossetti presenta il suo ultimo romanzo \u201cLa fabbrica delle ragazze\u201d (edito da Bompiani), gi\u00e0 candidato al Premio Strega 2024. E&#8217; ispirato al tragico episodio dell\u2019esplosione della fabbrica di munizioni Sutter&amp;Thevenot di Castellazzo di Bollate, avvenuto il 7 giugno 1918, in cui persero la vita 59 lavoratori, 52 dei quali giovani donne.<\/p>\n<p>Il racconto, romanzato ma fedele ai dati storici, fa diventare la Memoria locale Memoria condivisa e nazionale. Questa \u00e8 la nostra Storia, il nostro 8 Marzo. Per l\u2019occasione l\u2019autrice dialogher\u00e0 con lo scrittore bollatese di fama nazionale Marco Balzano.<\/p><div id=\"ilnot-3033108242\" class=\"ilnot-contenuto_2-2-2-2-2 ilnot-entity-placement\"><div class=\"gptslot\" data-adunitid=\"5\"><\/div>\n<\/div>\n<h2>BOLLATE \u2013 \u201cIl sabato del Libraggio\u201d con Fiorenzo Baini<\/h2>\n<p>Sabato 9\u00a0dalle ore 16 in biblioteca torna \u201cIl Sabato del Libraggio\u201d. Presenta la propria opera \u201cC\u2019erano anche prima di Frida Khalo. Quindici storie di artiste\u201d lo scrittore e docente bollatese Fiorenzo Baini. Conduce l\u2019incontro Carolina Nizzola. Ingresso libero.<\/p>\n<h2>BOLLATE \u2013 Bibliofilo: nuovo appuntamento<\/h2>\n<p>Domani, sabato 9 alle 16.30 in biblioteca nuovo appuntamento con Bibliofilo Incontri di maglia e uncinetto: sotto la guida di Annalisa Paolella si inizier\u00e0 la realizzazione di un top all\u2019uncinetto \u201cSun kissed top\u201d. L\u2019occorrente da portare \u00e8: 300\/500 g di cotone (270m\/100g) ed un uncinetto 4mm. Ingresso libero.<\/p>\n<h2>BARANZATE \u2013 \u201cGiro d\u2019Italia con la chitarra\u201d<\/h2>\n<p>Questa domenica 10 marzo dalle ore 16 al centro Diverset\u00e0 di via Mentana si terr\u00e0 il pomeriggio dal titolo \u201cGiro d\u2019Italia con la chitarra\u201d con Luca Maciacchini. Aperitivo offerto dal Centro Diverset\u00e0.<\/p>\n<h2>NOVATE \u2013 Tre giorni di incontri sulle donne<\/h2>\n<p>Tre giorni di appuntamenti dall\u20198 al 10 marzo in occasione della \u201cGiornata internazionale della donna\u201d realizzati in collaborazione con la Consulta Impegno Civile di Novate milanese per raccontare storie di donne che hanno affrontato e superato gli ostacoli della discriminazione. Testimonianze che sono state raccolte nel libro \u201cEssere donna\u2026 essere forte\u2026 essere coraggiosa\u2026 essere libera\u201d a cura di Elena Paola Gaggini e Davide Falco.<\/p><div id=\"ilnot-2182988590\" class=\"ilnot-contenuto_2-2-2-2-2-2 ilnot-entity-placement\"><div class=\"gptslot\" data-adunitid=\"6\"><\/div>\n<\/div>\n<p>Primo appuntamento per venerd\u00ec 8 a Villa Venino in largo Fumagalli, dalle 18 alle 20.30, con la presentazione del libro e gli interventi del sindaco Daniela Maldini, Susanna Rosa ginecologa dirigente medico senior dell\u2019ospedale San Raffaele di Milano, e Rossella Borgonovo.<\/p>\n<p>Sabato 9 a Villa Venino, dalle 17 alle 19, sar\u00e0 presente Laura Locatelli, attrice di teatro, cinema e televisione nonch\u00e9 formatrice. Domenica 10 appuntamento nell\u2019Hub di via Roma 2, dalle 10 alle 12.30, con gli interventi di Carla Garofalo avvocato penalista per \u201cNemmeno con un fiore\u201d, rete antiviolenza del territorio garbagnatese e rhodense, e di Chiara Gamberini psicologa di Comuni Insieme. Durante i tre appuntamenti alcune testimonianze verranno lette dagli Amici della biblioteca Villa Venino.<\/p>\n<h2>NOVATE \u2013 Concerto della scuola Orio Vergani questa sera<\/h2>\n<p>Stasera, venerd\u00ec 8 alle ore 21, presso la sala teatro comunale \u201cG. Testori\u201d di via Vittorio Veneto 18 \u201cMimose in coro\u201d: spettacolo musicale organizzato dai ragazzi della scuola \u201cOrio Vergani\u201d. Ingresso libero.<\/p><div id=\"ilnot-2527721054\" class=\"ilnot-contenuto_2-2-2-2-2-2-2 ilnot-entity-placement\"><div class=\"gptslot\" data-adunitid=\"7\"><\/div>\n<\/div>\n<h2>NOVATE \u2013 Esposizione di opere artistiche in via Repubblica<\/h2>\n<p>Oggi, venerd\u00ec 8 e domani, sabato 9 marzo in via Repubblica 17, esposizione delle opere donate dagli artisti lo scorso 25 novembre in occasione della Giornata contro la violenza sulle donne.<\/p>\n<h2>NOVATE \u2013 \u201cComici che ci provano\u201d domenica al teatro Testori<\/h2>\n<p>Domenica 10 marzo alle ore 17 presso la sala teatro comunale \u201cG. Testori\u201d, via Vittorio Veneto 18 va in scena lo spettacolo \u201cComici che ci provano&#8230;3\u201d: spettacolo comico tutto al femminile.<\/p>\n<h2>CUSANO MILANINO \u2013 \u201cI sabati del santuario\u201d<\/h2>\n<p>Nuovo appuntamento con la rassegna musicale \u201cI sabati del santuario\u201d con i pianisti Ivano Palma e Paolo Oggioni. Il concerto, promosso dalla Comunit\u00e0 pastorale Madonna della Cintura con il patrocinio dell\u2019assessorato alla cultura, \u00e8 in cartellone per domani, sabato 9, alle 21, al Santuario Madonna della Cintura, in piazza XXV Aprile. Il programma prevede brani di Beethoven, Schumann, Brahms.<\/p><div id=\"ilnot-2820656063\" class=\"ilnot-contenuto_2-2-2-2-2-2-2-2 ilnot-entity-placement\"><div class=\"gptslot\" data-adunitid=\"8\"><\/div>\n<\/div>\n<h2>LIMBIATE \u2013 Sabato attori limbiatesi in scena<\/h2>\n<p>\u201cShakespeare ride ancora delle cicatrici?\u201d \u00e8 il titolo dello spettacolo teatrale a cura dell\u2019Accademia teatrale Fanteatro per domani sera, sabato 9 marzo, alle 21 al teatro comunale di Limbiate. La compagnia formata da attori limbiatesi propone uno spettacolo che racconta la storia di quattro studenti e di un professore di Storia che vivono in una Londra deserta. Uno spettacolo fantasioso che parla del futuro. I biglietti si possono comprare anche in teatro. L\u2019ingresso \u00e8 15 euro a persona (10 il ridotto per gli under 18 e gli over 65).<\/p>\n<h2>LIMBIATE \u2013 Aperitivo solidale all\u2019oratorio San Giorgio<\/h2>\n<p>Aperitivo solidale sabato 9 marzo all\u2019Oratorio San Giorgio di Limbiate in occasione della festa delle donne. L\u2019appuntamento \u00e8 previsto per le ore 20 ed \u00e8 rivolto a tutte le donne. Sar\u00e0 l\u2019occasione per raccogliere fondi a favore dei progetti Mamma Rita di Monza che lavora sull\u2019accoglienza di mamme con bambini nelle comunit\u00e0 educative. Il costo \u00e8 di 20 euro a persona, per iscrizioni \u00e8 possibile compilare un apposito format sul sito.<\/p>\n<h2>LIMBIATE \u2013 Camminata in rosa ricordando Mauro Picozzi<\/h2>\n<p>Una camminata dedicata alle donne in memoria di Mauro Picozzi. Domenica alle 9.30 del mattino si partir\u00e0 da Piazza Tobagi per percorrere 7 km in compagnia. Un evento organizzato dall\u2019Asd Extra Limbiate multisportiva, associazione fondata da Mauro Picozzi, scomparso improvvisamente lo scorso anno. La camminata si svolger\u00e0 all\u2019interno del Parco delle Groane per poi terminare in piazza Tobagi. La partecipazione \u00e8 libera e gratuita.<\/p>\n<h2>GARBAGNATE \u2013 Katia Ricciarelli stasera in concerto all\u2019Italia<\/h2>\n<p>Questa sera, venerd\u00ec 8 marzo, al Teatro Italia di via Varese si terr\u00e0 il concerto \u201cNoi,\u201d che vedr\u00e0 protagonista Katia Ricciarelli insieme a Francesco Zingariello e Francesco Drosi. I tre artisti verranno accompagnati sul palco da Angelo Nigro (al pianoforte), Lorenzo Di Saverio (alla batteria), Luciano D\u2019Addetta (al basso), Fabio Scalco (alle tastiere) e da Francesco Amico (alle chitarre).<\/p><div id=\"ilnot-2119965401\" class=\"ilnot-contenuto_2-2-2-2-2-2-2-2-2 ilnot-entity-placement\"><div class=\"gptslot\" data-adunitid=\"9\"><\/div>\n<\/div>\n<p>Sar\u00e0 una serata all\u2019insegna della musica di livello, dedicata in particolare a tutte le donne. L\u2019ingresso al concerto \u00e8 libero e gratuito, fino all\u2019esaurimento dei posti. L\u2019inizio \u00e8 fissato per le ore 20.45.<\/p>\n<h2>ARESE\u201c \u2013 Io e nonni\u201d, progetto artistico con spettacolo finale<\/h2>\n<p>Al via il progetto artistico \u2018Io e nonni\u2019, che esplora il legame tra nonni e nipoti attraverso letture teatrali tematiche e la condivisione di idee, pensieri e testimonianze (disegni, interviste, dialoghi, lettere\u2026). Il primo appuntamento \u00e8 per domani, sabato 9, con ritrovo, alle 10, all\u2019Agor\u00e0 (via Monviso 7). Non \u00e8 necessario che nonni e nipoti partecipino entrambi, basta che ci sia l\u2019uno o l\u2019altro. L\u2019esperienza \u00e8 finalizzata alla creazione di uno spettacolo teatrale da parte di Antifeatro\/Unoteatro. Per informazioni e prenotazioni: biblioteca.arese@csbno.net &#8211; tel. 02 93527383 &#8211; 386<\/p>\n","protected":false},"excerpt":{"rendered":"<p>Tutti gli appuntamenti pi\u00f9 interessanti del fine settimana sul nostro territorio, da venerd\u00ec 8 a domenica 10 marzo 2024: ORIGGIO \u2013 Danze meditative e mostra per celebrare la donna Il Gruppo Panchina Rossa Origgio e la Pro Loco, con il patrocinio del Comune, hanno organizzato due eventi per celebrare la \u201cGiornata Internazionale dei Diritti delle<\/p>\n","protected":false},"author":223159,"featured_media":194057,"comment_status":"closed","ping_status":"closed","sticky":false,"template":"","format":"standard","meta":{"footnotes":""},"categories":[277,20],"tags":[875,16290,3215,5154],"class_list":{"0":"post-194055","1":"post","2":"type-post","3":"status-publish","4":"format-standard","5":"has-post-thumbnail","7":"category-appuntamenti-della-settimana","8":"category-prima-pagina","9":"tag-appuntamenti-2","10":"tag-eventi-sabato-e-domenica","11":"tag-fine-settimana","12":"tag-week-end"},"yoast_head":"<!-- This site is optimized with the Yoast SEO plugin v27.4 - https:\/\/yoast.com\/product\/yoast-seo-wordpress\/ -->\n<title>Week-end di eventi, dalla Giornata della Donna al concerto di Katia Ricciarelli a Garbagnate - Il Notiziario<\/title>\n<meta name=\"description\" content=\"Tutti gli appuntamenti pi\u00f9 interessanti del fine settimana sul nostro territorio, da venerd\u00ec 8 a domenica 10 marzo 2024: ORIGGIO \u2013 Danze meditative e\" \/>\n<meta name=\"robots\" content=\"index, follow, max-snippet:-1, max-image-preview:large, max-video-preview:-1\" \/>\n<link rel=\"canonical\" href=\"https:\/\/www.ilnotiziario.net\/wp\/prima-pagina\/week-end-di-eventi-dalla-giornata-della-donna-al-concerto-di-katia-ricciarelli-a-garbagnate\/\" \/>\n<meta property=\"og:locale\" content=\"it_IT\" \/>\n<meta property=\"og:type\" content=\"article\" \/>\n<meta property=\"og:title\" content=\"Week-end di eventi, dalla Giornata della Donna al concerto di Katia Ricciarelli a Garbagnate - Il Notiziario\" \/>\n<meta property=\"og:description\" content=\"Tutti gli appuntamenti pi\u00f9 interessanti del fine settimana sul nostro territorio, da venerd\u00ec 8 a domenica 10 marzo 2024: ORIGGIO \u2013 Danze meditative e\" \/>\n<meta property=\"og:url\" content=\"https:\/\/www.ilnotiziario.net\/wp\/prima-pagina\/week-end-di-eventi-dalla-giornata-della-donna-al-concerto-di-katia-ricciarelli-a-garbagnate\/\" \/>\n<meta property=\"og:site_name\" content=\"Il Notiziario\" \/>\n<meta property=\"article:publisher\" content=\"https:\/\/www.facebook.com\/ilnotiziarioind\/\" \/>\n<meta property=\"article:published_time\" content=\"2024-03-08T16:11:21+00:00\" \/>\n<meta property=\"og:image\" content=\"https:\/\/www.ilnotiziario.net\/wp\/wp-content\/uploads\/2024\/03\/mimosa.jpg\" \/>\n\t<meta property=\"og:image:width\" content=\"1102\" \/>\n\t<meta property=\"og:image:height\" content=\"735\" \/>\n\t<meta property=\"og:image:type\" content=\"image\/jpeg\" \/>\n<meta name=\"author\" content=\"Manuela Beriozza\" \/>\n<meta name=\"twitter:card\" content=\"summary_large_image\" \/>\n<meta name=\"twitter:creator\" content=\"@ilNotiziarioInd\" \/>\n<meta name=\"twitter:site\" content=\"@ilNotiziarioInd\" \/>\n<meta name=\"twitter:label1\" content=\"Scritto da\" \/>\n\t<meta name=\"twitter:data1\" content=\"Manuela Beriozza\" \/>\n\t<meta name=\"twitter:label2\" content=\"Tempo di lettura stimato\" \/>\n\t<meta name=\"twitter:data2\" content=\"11 minuti\" \/>\n<script type=\"application\/ld+json\" class=\"yoast-schema-graph\">{\"@context\":\"https:\\\/\\\/schema.org\",\"@graph\":[{\"@type\":\"Article\",\"@id\":\"https:\\\/\\\/www.ilnotiziario.net\\\/wp\\\/prima-pagina\\\/week-end-di-eventi-dalla-giornata-della-donna-al-concerto-di-katia-ricciarelli-a-garbagnate\\\/#article\",\"isPartOf\":{\"@id\":\"https:\\\/\\\/www.ilnotiziario.net\\\/wp\\\/prima-pagina\\\/week-end-di-eventi-dalla-giornata-della-donna-al-concerto-di-katia-ricciarelli-a-garbagnate\\\/\"},\"author\":{\"name\":\"Manuela Beriozza\",\"@id\":\"https:\\\/\\\/www.ilnotiziario.net\\\/wp\\\/#\\\/schema\\\/person\\\/c902c4c1308705a92d37385bbce84394\"},\"headline\":\"Week-end di eventi, dalla Giornata della Donna al concerto di Katia Ricciarelli a Garbagnate\",\"datePublished\":\"2024-03-08T16:11:21+00:00\",\"mainEntityOfPage\":{\"@id\":\"https:\\\/\\\/www.ilnotiziario.net\\\/wp\\\/prima-pagina\\\/week-end-di-eventi-dalla-giornata-della-donna-al-concerto-di-katia-ricciarelli-a-garbagnate\\\/\"},\"wordCount\":1962,\"publisher\":{\"@id\":\"https:\\\/\\\/www.ilnotiziario.net\\\/wp\\\/#organization\"},\"image\":{\"@id\":\"https:\\\/\\\/www.ilnotiziario.net\\\/wp\\\/prima-pagina\\\/week-end-di-eventi-dalla-giornata-della-donna-al-concerto-di-katia-ricciarelli-a-garbagnate\\\/#primaryimage\"},\"thumbnailUrl\":\"https:\\\/\\\/www.ilnotiziario.net\\\/wp\\\/wp-content\\\/uploads\\\/2024\\\/03\\\/mimosa.jpg\",\"keywords\":[\"Appuntamenti\",\"Eventi sabato e domenica\",\"Fine settimana\",\"week-end\"],\"articleSection\":[\"APPUNTAMENTI\",\"Prima Pagina\"],\"inLanguage\":\"it-IT\"},{\"@type\":\"WebPage\",\"@id\":\"https:\\\/\\\/www.ilnotiziario.net\\\/wp\\\/prima-pagina\\\/week-end-di-eventi-dalla-giornata-della-donna-al-concerto-di-katia-ricciarelli-a-garbagnate\\\/\",\"url\":\"https:\\\/\\\/www.ilnotiziario.net\\\/wp\\\/prima-pagina\\\/week-end-di-eventi-dalla-giornata-della-donna-al-concerto-di-katia-ricciarelli-a-garbagnate\\\/\",\"name\":\"Week-end di eventi, dalla Giornata della Donna al concerto di Katia Ricciarelli a Garbagnate - Il Notiziario\",\"isPartOf\":{\"@id\":\"https:\\\/\\\/www.ilnotiziario.net\\\/wp\\\/#website\"},\"primaryImageOfPage\":{\"@id\":\"https:\\\/\\\/www.ilnotiziario.net\\\/wp\\\/prima-pagina\\\/week-end-di-eventi-dalla-giornata-della-donna-al-concerto-di-katia-ricciarelli-a-garbagnate\\\/#primaryimage\"},\"image\":{\"@id\":\"https:\\\/\\\/www.ilnotiziario.net\\\/wp\\\/prima-pagina\\\/week-end-di-eventi-dalla-giornata-della-donna-al-concerto-di-katia-ricciarelli-a-garbagnate\\\/#primaryimage\"},\"thumbnailUrl\":\"https:\\\/\\\/www.ilnotiziario.net\\\/wp\\\/wp-content\\\/uploads\\\/2024\\\/03\\\/mimosa.jpg\",\"datePublished\":\"2024-03-08T16:11:21+00:00\",\"description\":\"Tutti gli appuntamenti pi\u00f9 interessanti del fine settimana sul nostro territorio, da venerd\u00ec 8 a domenica 10 marzo 2024: ORIGGIO \u2013 Danze meditative e\",\"breadcrumb\":{\"@id\":\"https:\\\/\\\/www.ilnotiziario.net\\\/wp\\\/prima-pagina\\\/week-end-di-eventi-dalla-giornata-della-donna-al-concerto-di-katia-ricciarelli-a-garbagnate\\\/#breadcrumb\"},\"inLanguage\":\"it-IT\",\"potentialAction\":[{\"@type\":\"ReadAction\",\"target\":[\"https:\\\/\\\/www.ilnotiziario.net\\\/wp\\\/prima-pagina\\\/week-end-di-eventi-dalla-giornata-della-donna-al-concerto-di-katia-ricciarelli-a-garbagnate\\\/\"]}]},{\"@type\":\"ImageObject\",\"inLanguage\":\"it-IT\",\"@id\":\"https:\\\/\\\/www.ilnotiziario.net\\\/wp\\\/prima-pagina\\\/week-end-di-eventi-dalla-giornata-della-donna-al-concerto-di-katia-ricciarelli-a-garbagnate\\\/#primaryimage\",\"url\":\"https:\\\/\\\/www.ilnotiziario.net\\\/wp\\\/wp-content\\\/uploads\\\/2024\\\/03\\\/mimosa.jpg\",\"contentUrl\":\"https:\\\/\\\/www.ilnotiziario.net\\\/wp\\\/wp-content\\\/uploads\\\/2024\\\/03\\\/mimosa.jpg\",\"width\":1102,\"height\":735,\"caption\":\"Immagine di freepik\"},{\"@type\":\"BreadcrumbList\",\"@id\":\"https:\\\/\\\/www.ilnotiziario.net\\\/wp\\\/prima-pagina\\\/week-end-di-eventi-dalla-giornata-della-donna-al-concerto-di-katia-ricciarelli-a-garbagnate\\\/#breadcrumb\",\"itemListElement\":[{\"@type\":\"ListItem\",\"position\":1,\"name\":\"tds_text_logo_tagline_colortds_text_logo_tagline_colortds_text_logo_tagline_colortds_text_logo_tagline_colortd_module_7_title_excerpttd_module_7_title_excerpttd_module_7_title_excerpttd_module_7_title_excerptHome\",\"item\":\"https:\\\/\\\/www.ilnotiziario.net\\\/wp\\\/\"},{\"@type\":\"ListItem\",\"position\":2,\"name\":\"Week-end di eventi, dalla Giornata della Donna al concerto di Katia Ricciarelli a Garbagnate\"}]},{\"@type\":\"WebSite\",\"@id\":\"https:\\\/\\\/www.ilnotiziario.net\\\/wp\\\/#website\",\"url\":\"https:\\\/\\\/www.ilnotiziario.net\\\/wp\\\/\",\"name\":\"Il Notiziario\",\"description\":\"Per restare sempre connessi alla notizia\",\"publisher\":{\"@id\":\"https:\\\/\\\/www.ilnotiziario.net\\\/wp\\\/#organization\"},\"alternateName\":\"Il Notiziario Bollate\",\"potentialAction\":[{\"@type\":\"SearchAction\",\"target\":{\"@type\":\"EntryPoint\",\"urlTemplate\":\"https:\\\/\\\/www.ilnotiziario.net\\\/wp\\\/?s={search_term_string}\"},\"query-input\":{\"@type\":\"PropertyValueSpecification\",\"valueRequired\":true,\"valueName\":\"search_term_string\"}}],\"inLanguage\":\"it-IT\"},{\"@type\":\"Organization\",\"@id\":\"https:\\\/\\\/www.ilnotiziario.net\\\/wp\\\/#organization\",\"name\":\"Il Notiziario\",\"url\":\"https:\\\/\\\/www.ilnotiziario.net\\\/wp\\\/\",\"logo\":{\"@type\":\"ImageObject\",\"inLanguage\":\"it-IT\",\"@id\":\"https:\\\/\\\/www.ilnotiziario.net\\\/wp\\\/#\\\/schema\\\/logo\\\/image\\\/\",\"url\":\"https:\\\/\\\/www.ilnotiziario.net\\\/wp\\\/wp-content\\\/uploads\\\/2022\\\/06\\\/170x170ilN.png\",\"contentUrl\":\"https:\\\/\\\/www.ilnotiziario.net\\\/wp\\\/wp-content\\\/uploads\\\/2022\\\/06\\\/170x170ilN.png\",\"width\":355,\"height\":355,\"caption\":\"Il Notiziario\"},\"image\":{\"@id\":\"https:\\\/\\\/www.ilnotiziario.net\\\/wp\\\/#\\\/schema\\\/logo\\\/image\\\/\"},\"sameAs\":[\"https:\\\/\\\/www.facebook.com\\\/ilnotiziarioind\\\/\",\"https:\\\/\\\/x.com\\\/ilNotiziarioInd\",\"https:\\\/\\\/www.instagram.com\\\/ilnotiziario_settimanale\\\/\"]},{\"@type\":\"Person\",\"@id\":\"https:\\\/\\\/www.ilnotiziario.net\\\/wp\\\/#\\\/schema\\\/person\\\/c902c4c1308705a92d37385bbce84394\",\"name\":\"Manuela Beriozza\",\"image\":{\"@type\":\"ImageObject\",\"inLanguage\":\"it-IT\",\"@id\":\"https:\\\/\\\/secure.gravatar.com\\\/avatar\\\/272ed53352846a57a9f07f89720b22f58373dc9a85fa5b8ff49254ae02b61057?s=96&d=mm&r=g\",\"url\":\"https:\\\/\\\/secure.gravatar.com\\\/avatar\\\/272ed53352846a57a9f07f89720b22f58373dc9a85fa5b8ff49254ae02b61057?s=96&d=mm&r=g\",\"contentUrl\":\"https:\\\/\\\/secure.gravatar.com\\\/avatar\\\/272ed53352846a57a9f07f89720b22f58373dc9a85fa5b8ff49254ae02b61057?s=96&d=mm&r=g\",\"caption\":\"Manuela Beriozza\"}}]}<\/script>\n<!-- \/ Yoast SEO plugin. -->","yoast_head_json":{"title":"Week-end di eventi, dalla Giornata della Donna al concerto di Katia Ricciarelli a Garbagnate - Il Notiziario","description":"Tutti gli appuntamenti pi\u00f9 interessanti del fine settimana sul nostro territorio, da venerd\u00ec 8 a domenica 10 marzo 2024: ORIGGIO \u2013 Danze meditative e","robots":{"index":"index","follow":"follow","max-snippet":"max-snippet:-1","max-image-preview":"max-image-preview:large","max-video-preview":"max-video-preview:-1"},"canonical":"https:\/\/www.ilnotiziario.net\/wp\/prima-pagina\/week-end-di-eventi-dalla-giornata-della-donna-al-concerto-di-katia-ricciarelli-a-garbagnate\/","og_locale":"it_IT","og_type":"article","og_title":"Week-end di eventi, dalla Giornata della Donna al concerto di Katia Ricciarelli a Garbagnate - Il Notiziario","og_description":"Tutti gli appuntamenti pi\u00f9 interessanti del fine settimana sul nostro territorio, da venerd\u00ec 8 a domenica 10 marzo 2024: ORIGGIO \u2013 Danze meditative e","og_url":"https:\/\/www.ilnotiziario.net\/wp\/prima-pagina\/week-end-di-eventi-dalla-giornata-della-donna-al-concerto-di-katia-ricciarelli-a-garbagnate\/","og_site_name":"Il Notiziario","article_publisher":"https:\/\/www.facebook.com\/ilnotiziarioind\/","article_published_time":"2024-03-08T16:11:21+00:00","og_image":[{"width":1102,"height":735,"url":"https:\/\/www.ilnotiziario.net\/wp\/wp-content\/uploads\/2024\/03\/mimosa.jpg","type":"image\/jpeg"}],"author":"Manuela Beriozza","twitter_card":"summary_large_image","twitter_creator":"@ilNotiziarioInd","twitter_site":"@ilNotiziarioInd","twitter_misc":{"Scritto da":"Manuela Beriozza","Tempo di lettura stimato":"11 minuti"},"schema":{"@context":"https:\/\/schema.org","@graph":[{"@type":"Article","@id":"https:\/\/www.ilnotiziario.net\/wp\/prima-pagina\/week-end-di-eventi-dalla-giornata-della-donna-al-concerto-di-katia-ricciarelli-a-garbagnate\/#article","isPartOf":{"@id":"https:\/\/www.ilnotiziario.net\/wp\/prima-pagina\/week-end-di-eventi-dalla-giornata-della-donna-al-concerto-di-katia-ricciarelli-a-garbagnate\/"},"author":{"name":"Manuela Beriozza","@id":"https:\/\/www.ilnotiziario.net\/wp\/#\/schema\/person\/c902c4c1308705a92d37385bbce84394"},"headline":"Week-end di eventi, dalla Giornata della Donna al concerto di Katia Ricciarelli a Garbagnate","datePublished":"2024-03-08T16:11:21+00:00","mainEntityOfPage":{"@id":"https:\/\/www.ilnotiziario.net\/wp\/prima-pagina\/week-end-di-eventi-dalla-giornata-della-donna-al-concerto-di-katia-ricciarelli-a-garbagnate\/"},"wordCount":1962,"publisher":{"@id":"https:\/\/www.ilnotiziario.net\/wp\/#organization"},"image":{"@id":"https:\/\/www.ilnotiziario.net\/wp\/prima-pagina\/week-end-di-eventi-dalla-giornata-della-donna-al-concerto-di-katia-ricciarelli-a-garbagnate\/#primaryimage"},"thumbnailUrl":"https:\/\/www.ilnotiziario.net\/wp\/wp-content\/uploads\/2024\/03\/mimosa.jpg","keywords":["Appuntamenti","Eventi sabato e domenica","Fine settimana","week-end"],"articleSection":["APPUNTAMENTI","Prima Pagina"],"inLanguage":"it-IT"},{"@type":"WebPage","@id":"https:\/\/www.ilnotiziario.net\/wp\/prima-pagina\/week-end-di-eventi-dalla-giornata-della-donna-al-concerto-di-katia-ricciarelli-a-garbagnate\/","url":"https:\/\/www.ilnotiziario.net\/wp\/prima-pagina\/week-end-di-eventi-dalla-giornata-della-donna-al-concerto-di-katia-ricciarelli-a-garbagnate\/","name":"Week-end di eventi, dalla Giornata della Donna al concerto di Katia Ricciarelli a Garbagnate - Il Notiziario","isPartOf":{"@id":"https:\/\/www.ilnotiziario.net\/wp\/#website"},"primaryImageOfPage":{"@id":"https:\/\/www.ilnotiziario.net\/wp\/prima-pagina\/week-end-di-eventi-dalla-giornata-della-donna-al-concerto-di-katia-ricciarelli-a-garbagnate\/#primaryimage"},"image":{"@id":"https:\/\/www.ilnotiziario.net\/wp\/prima-pagina\/week-end-di-eventi-dalla-giornata-della-donna-al-concerto-di-katia-ricciarelli-a-garbagnate\/#primaryimage"},"thumbnailUrl":"https:\/\/www.ilnotiziario.net\/wp\/wp-content\/uploads\/2024\/03\/mimosa.jpg","datePublished":"2024-03-08T16:11:21+00:00","description":"Tutti gli appuntamenti pi\u00f9 interessanti del fine settimana sul nostro territorio, da venerd\u00ec 8 a domenica 10 marzo 2024: ORIGGIO \u2013 Danze meditative e","breadcrumb":{"@id":"https:\/\/www.ilnotiziario.net\/wp\/prima-pagina\/week-end-di-eventi-dalla-giornata-della-donna-al-concerto-di-katia-ricciarelli-a-garbagnate\/#breadcrumb"},"inLanguage":"it-IT","potentialAction":[{"@type":"ReadAction","target":["https:\/\/www.ilnotiziario.net\/wp\/prima-pagina\/week-end-di-eventi-dalla-giornata-della-donna-al-concerto-di-katia-ricciarelli-a-garbagnate\/"]}]},{"@type":"ImageObject","inLanguage":"it-IT","@id":"https:\/\/www.ilnotiziario.net\/wp\/prima-pagina\/week-end-di-eventi-dalla-giornata-della-donna-al-concerto-di-katia-ricciarelli-a-garbagnate\/#primaryimage","url":"https:\/\/www.ilnotiziario.net\/wp\/wp-content\/uploads\/2024\/03\/mimosa.jpg","contentUrl":"https:\/\/www.ilnotiziario.net\/wp\/wp-content\/uploads\/2024\/03\/mimosa.jpg","width":1102,"height":735,"caption":"Immagine di freepik"},{"@type":"BreadcrumbList","@id":"https:\/\/www.ilnotiziario.net\/wp\/prima-pagina\/week-end-di-eventi-dalla-giornata-della-donna-al-concerto-di-katia-ricciarelli-a-garbagnate\/#breadcrumb","itemListElement":[{"@type":"ListItem","position":1,"name":"tds_text_logo_tagline_colortds_text_logo_tagline_colortds_text_logo_tagline_colortds_text_logo_tagline_colortd_module_7_title_excerpttd_module_7_title_excerpttd_module_7_title_excerpttd_module_7_title_excerptHome","item":"https:\/\/www.ilnotiziario.net\/wp\/"},{"@type":"ListItem","position":2,"name":"Week-end di eventi, dalla Giornata della Donna al concerto di Katia Ricciarelli a Garbagnate"}]},{"@type":"WebSite","@id":"https:\/\/www.ilnotiziario.net\/wp\/#website","url":"https:\/\/www.ilnotiziario.net\/wp\/","name":"Il Notiziario","description":"Per restare sempre connessi alla notizia","publisher":{"@id":"https:\/\/www.ilnotiziario.net\/wp\/#organization"},"alternateName":"Il Notiziario Bollate","potentialAction":[{"@type":"SearchAction","target":{"@type":"EntryPoint","urlTemplate":"https:\/\/www.ilnotiziario.net\/wp\/?s={search_term_string}"},"query-input":{"@type":"PropertyValueSpecification","valueRequired":true,"valueName":"search_term_string"}}],"inLanguage":"it-IT"},{"@type":"Organization","@id":"https:\/\/www.ilnotiziario.net\/wp\/#organization","name":"Il Notiziario","url":"https:\/\/www.ilnotiziario.net\/wp\/","logo":{"@type":"ImageObject","inLanguage":"it-IT","@id":"https:\/\/www.ilnotiziario.net\/wp\/#\/schema\/logo\/image\/","url":"https:\/\/www.ilnotiziario.net\/wp\/wp-content\/uploads\/2022\/06\/170x170ilN.png","contentUrl":"https:\/\/www.ilnotiziario.net\/wp\/wp-content\/uploads\/2022\/06\/170x170ilN.png","width":355,"height":355,"caption":"Il Notiziario"},"image":{"@id":"https:\/\/www.ilnotiziario.net\/wp\/#\/schema\/logo\/image\/"},"sameAs":["https:\/\/www.facebook.com\/ilnotiziarioind\/","https:\/\/x.com\/ilNotiziarioInd","https:\/\/www.instagram.com\/ilnotiziario_settimanale\/"]},{"@type":"Person","@id":"https:\/\/www.ilnotiziario.net\/wp\/#\/schema\/person\/c902c4c1308705a92d37385bbce84394","name":"Manuela Beriozza","image":{"@type":"ImageObject","inLanguage":"it-IT","@id":"https:\/\/secure.gravatar.com\/avatar\/272ed53352846a57a9f07f89720b22f58373dc9a85fa5b8ff49254ae02b61057?s=96&d=mm&r=g","url":"https:\/\/secure.gravatar.com\/avatar\/272ed53352846a57a9f07f89720b22f58373dc9a85fa5b8ff49254ae02b61057?s=96&d=mm&r=g","contentUrl":"https:\/\/secure.gravatar.com\/avatar\/272ed53352846a57a9f07f89720b22f58373dc9a85fa5b8ff49254ae02b61057?s=96&d=mm&r=g","caption":"Manuela Beriozza"}}]}},"_links":{"self":[{"href":"https:\/\/www.ilnotiziario.net\/wp\/wp-json\/wp\/v2\/posts\/194055","targetHints":{"allow":["GET"]}}],"collection":[{"href":"https:\/\/www.ilnotiziario.net\/wp\/wp-json\/wp\/v2\/posts"}],"about":[{"href":"https:\/\/www.ilnotiziario.net\/wp\/wp-json\/wp\/v2\/types\/post"}],"author":[{"embeddable":true,"href":"https:\/\/www.ilnotiziario.net\/wp\/wp-json\/wp\/v2\/users\/223159"}],"replies":[{"embeddable":true,"href":"https:\/\/www.ilnotiziario.net\/wp\/wp-json\/wp\/v2\/comments?post=194055"}],"version-history":[{"count":0,"href":"https:\/\/www.ilnotiziario.net\/wp\/wp-json\/wp\/v2\/posts\/194055\/revisions"}],"wp:featuredmedia":[{"embeddable":true,"href":"https:\/\/www.ilnotiziario.net\/wp\/wp-json\/wp\/v2\/media\/194057"}],"wp:attachment":[{"href":"https:\/\/www.ilnotiziario.net\/wp\/wp-json\/wp\/v2\/media?parent=194055"}],"wp:term":[{"taxonomy":"category","embeddable":true,"href":"https:\/\/www.ilnotiziario.net\/wp\/wp-json\/wp\/v2\/categories?post=194055"},{"taxonomy":"post_tag","embeddable":true,"href":"https:\/\/www.ilnotiziario.net\/wp\/wp-json\/wp\/v2\/tags?post=194055"}],"curies":[{"name":"wp","href":"https:\/\/api.w.org\/{rel}","templated":true}]}}