{"id":194925,"date":"2024-04-12T16:16:43","date_gmt":"2024-04-12T14:16:43","guid":{"rendered":"https:\/\/www.ilnotiziario.net\/wp\/?p=194925"},"modified":"2024-04-12T16:16:43","modified_gmt":"2024-04-12T14:16:43","slug":"bollate-terza-casa-acqua","status":"publish","type":"post","link":"https:\/\/www.ilnotiziario.net\/wp\/bollatese\/bollate-terza-casa-acqua\/","title":{"rendered":"Bollate, inaugurata la terza Casa dell&#8217;Acqua in citt\u00e0"},"content":{"rendered":"<p>Taglio del nastro questa mattina, venerd\u00ec 12 aprile, a Bollate in via Ospitaletto, per la terza Casa dell\u2019Acqua cittadina. Installata dal Gruppo CAP, green utitlity che gestisce il servizio idrico in citt\u00e0, l\u2019impianto eroga acqua naturale e frizzante, buona, sicura e controllata.<\/p><div id=\"ilnot-3966786263\" class=\"ilnot-contenuto ilnot-entity-placement\"><p><!-- incontent_1 --><\/p>\n<div class=\"gptslot\" data-adunitid=\"1\"><\/div>\n<\/div>\n<p>Presenti all\u2019inaugurazione della terza casetta il <strong>Sindaco di Bollate Francesco Vassallo<\/strong>, il Presidente di Gruppo CAP Yuri Santagostino e molti cittadini intervenuti per il primo assaggio. Da oggi la Casa dell\u2019acqua \u00e8 funzionante e aperta a tutti.<\/p>\n<p>\u201c<em>Siamo molto felici<\/em> &#8211; ha detto Francesco Vassallo, sindaco di Bollate &#8211; <em>di inaugurare una nuova Casa dell\u2019acqua, la terza a Bollate, in primo luogo perch\u00e8 la nostra acqua \u00e8 buona e poi perch\u00e8 rappresenta un piccolo impegno del Comune e di tutti i cittadini verso una sostenibilit\u00e0 ambientale sempre pi\u00f9 concreta e fatta di piccole cose. Come notiamo dall\u2019utilizzo delle altre due casette e dai tanti cittadini presenti oggi all\u2019inaugurazione, ai bollatesi la Casa dell\u2019acqua piace. Ringraziamo quindi CAP per l\u2019attenzione dimostrata e per aver gestito insieme a noi questa installazione che ci guida tutti verso una maggior attenzione ambientale<\/em>\u201d.<\/p><div id=\"ilnot-3503273892\" class=\"ilnot-contenuto_2 ilnot-entity-placement\"><div class=\"ads-wrapper\">\n<div class=\"ad-slot\">\n   <div id=\"ilnot-4161420324\" style=\"margin-right: auto;margin-left: auto;text-align: center;width: 320px;height: 100px;\"><a href=\"https:\/\/www.scuolasicurezza.it\/\"><img decoding=\"async\" src=\"https:\/\/www.ilnotiziario.net\/wp\/wp-content\/uploads\/2026\/04\/IlNotiziario_banner-sito-e-newsletter-320-x-100-px-1.gif\" alt=\"\"><\/a><\/div>\n  <\/div>\n<div class=\"ad-slot\">\n   <div id=\"ilnot-1257232954\" style=\"margin-right: auto;margin-left: auto;text-align: center;width: 320px;height: 100px;\"><a href=\"https:\/\/purodesignarredamenti.com\/\"><img decoding=\"async\" src=\"https:\/\/www.ilnotiziario.net\/wp\/wp-content\/uploads\/2026\/04\/banner-puro-ok.gif\" alt=\"whatsapp\"><\/a><\/div><\/p><\/div>\n<\/div>\n<\/div>\n<p>Con la terza Casa dell\u2019Acqua di Bollate arrivano a quota 206 quelle inaugurate nell\u2019area della Citt\u00e0 metropolitana di Milano. Questo importante servizio per i cittadini \u00e8 frutto della collaborazione fra il Comune e Gruppo CAP. Le modalit\u00e0 per usufruire del servizio saranno le stesse di tutte le casette realizzate da CAP: il prelievo di acqua naturale sar\u00e0 libero e gratuito, mentre l\u2019acqua frizzante \u00e8 riservata ai soli residenti a Bollate, riconosciuti attraverso la tessera sanitaria. Ogni utente abilitato ha a disposizione 12 litri a settimana di acqua frizzante. In caso di guasti o malfunzionamenti, i cittadini avranno a disposizione il numero verde dedicato alle Case dell\u2019Acqua 800271999 o l\u2019indirizzo mail guasticaseacqua@gruppocap.it.<\/p>\n<p>Gruppo CAP si occuper\u00e0 poi di tutte le attivit\u00e0 di manutenzione ordinaria e straordinaria, del rifornimento di CO2 per l\u2019acqua frizzante, delle sanificazioni periodiche e delle analisi dell\u2019acqua erogata. Le analisi di tutte le Case dell\u2019acqua di Gruppo CAP, che vengono aggiornate a cadenza mensile, sono a disposizione dei cittadini, che possono consultarle sul sito web aziendale gruppocap.it nella sezione Cosa facciamo\/Case dell\u2019Acqua, oppure attraverso l\u2019app MyCAP, scaricabile gratuitamente da Apple Store e Google Play.<\/p>\n<p>Ogni Casa dell\u2019Acqua eroga in media 500 litri al giorno, pari a oltre 36.000.000 di litri all\u2019anno in totale, e con la nuova casetta saranno circa 550mila litri a Bollate. Su ciascuna casetta, Gruppo CAP effettua specifici controlli ogni mese su 40 parametri. A questi si aggiungono i controlli effettuati su pozzi e reti: quasi 20.000 prelievi all&#8217;anno e oltre 780.000 determinazioni analitiche portate a termine annualmente su diversi parametri chimici e microbiologici, che confermano che l&#8217;acqua del rubinetto \u00e8 di ottima qualit\u00e0, con una dose equilibrata di sali minerali e batteriologicamente pura.<\/p><div id=\"ilnot-1359933624\" class=\"ilnot-contenuto_2-2 ilnot-entity-placement\"><div class=\"gptslot\" data-adunitid=\"2\"><\/div>\n<\/div>\n<p>Leggi ilnotiziario anche in digitale da pc, smartphone e tablet. Clicca qui per la <a href=\"https:\/\/edicola.ilnotiziario.net\/citterioeditoresrl\/newsstand\">nostra edicola digitale<\/a>!<\/p>\n","protected":false},"excerpt":{"rendered":"<p>Taglio del nastro questa mattina, venerd\u00ec 12 aprile, a Bollate in via Ospitaletto, per la terza Casa dell\u2019Acqua cittadina. Installata dal Gruppo CAP, green utitlity che gestisce il servizio idrico in citt\u00e0, l\u2019impianto eroga acqua naturale e frizzante, buona, sicura e controllata. Presenti all\u2019inaugurazione della terza casetta il Sindaco di Bollate Francesco Vassallo, il Presidente<\/p>\n","protected":false},"author":3,"featured_media":194929,"comment_status":"closed","ping_status":"closed","sticky":false,"template":"","format":"standard","meta":{"footnotes":""},"categories":[8],"tags":[110,2410,2098],"class_list":{"0":"post-194925","1":"post","2":"type-post","3":"status-publish","4":"format-standard","5":"has-post-thumbnail","7":"category-bollatese","8":"tag-bollate","9":"tag-casa-dellacqua","10":"tag-inaugurazione"},"yoast_head":"<!-- This site is optimized with the Yoast SEO plugin v27.4 - https:\/\/yoast.com\/product\/yoast-seo-wordpress\/ -->\n<title>Bollate, inaugurata la terza Casa dell&#039;Acqua in citt\u00e0 - Il Notiziario<\/title>\n<meta name=\"description\" content=\"Taglio del nastro questa mattina, venerd\u00ec 12 aprile, a Bollate in via Ospitaletto, per la terza Casa dell\u2019Acqua cittadina. Installata dal Gruppo CAP,\" \/>\n<meta name=\"robots\" content=\"index, follow, max-snippet:-1, max-image-preview:large, max-video-preview:-1\" \/>\n<link rel=\"canonical\" href=\"https:\/\/www.ilnotiziario.net\/wp\/bollatese\/bollate-terza-casa-acqua\/\" \/>\n<meta property=\"og:locale\" content=\"it_IT\" \/>\n<meta property=\"og:type\" content=\"article\" \/>\n<meta property=\"og:title\" content=\"Bollate, inaugurata la terza Casa dell&#039;Acqua in citt\u00e0 - Il Notiziario\" \/>\n<meta property=\"og:description\" content=\"Taglio del nastro questa mattina, venerd\u00ec 12 aprile, a Bollate in via Ospitaletto, per la terza Casa dell\u2019Acqua cittadina. Installata dal Gruppo CAP,\" \/>\n<meta property=\"og:url\" content=\"https:\/\/www.ilnotiziario.net\/wp\/bollatese\/bollate-terza-casa-acqua\/\" \/>\n<meta property=\"og:site_name\" content=\"Il Notiziario\" \/>\n<meta property=\"article:publisher\" content=\"https:\/\/www.facebook.com\/ilnotiziarioind\/\" \/>\n<meta property=\"article:published_time\" content=\"2024-04-12T14:16:43+00:00\" \/>\n<meta property=\"og:image\" content=\"https:\/\/www.ilnotiziario.net\/wp\/wp-content\/uploads\/2024\/04\/Taglio-nastro-2.jpeg\" \/>\n\t<meta property=\"og:image:width\" content=\"1200\" \/>\n\t<meta property=\"og:image:height\" content=\"1600\" \/>\n\t<meta property=\"og:image:type\" content=\"image\/jpeg\" \/>\n<meta name=\"author\" content=\"Gabriele Bassani\" \/>\n<meta name=\"twitter:card\" content=\"summary_large_image\" \/>\n<meta name=\"twitter:creator\" content=\"@ilNotiziarioInd\" \/>\n<meta name=\"twitter:site\" content=\"@ilNotiziarioInd\" \/>\n<meta name=\"twitter:label1\" content=\"Scritto da\" \/>\n\t<meta name=\"twitter:data1\" content=\"Gabriele Bassani\" \/>\n\t<meta name=\"twitter:label2\" content=\"Tempo di lettura stimato\" \/>\n\t<meta name=\"twitter:data2\" content=\"3 minuti\" \/>\n<script type=\"application\/ld+json\" class=\"yoast-schema-graph\">{\"@context\":\"https:\\\/\\\/schema.org\",\"@graph\":[{\"@type\":\"Article\",\"@id\":\"https:\\\/\\\/www.ilnotiziario.net\\\/wp\\\/bollatese\\\/bollate-terza-casa-acqua\\\/#article\",\"isPartOf\":{\"@id\":\"https:\\\/\\\/www.ilnotiziario.net\\\/wp\\\/bollatese\\\/bollate-terza-casa-acqua\\\/\"},\"author\":{\"name\":\"Gabriele Bassani\",\"@id\":\"https:\\\/\\\/www.ilnotiziario.net\\\/wp\\\/#\\\/schema\\\/person\\\/386e222908f898bb41c033989482bbf2\"},\"headline\":\"Bollate, inaugurata la terza Casa dell&#8217;Acqua in citt\u00e0\",\"datePublished\":\"2024-04-12T14:16:43+00:00\",\"mainEntityOfPage\":{\"@id\":\"https:\\\/\\\/www.ilnotiziario.net\\\/wp\\\/bollatese\\\/bollate-terza-casa-acqua\\\/\"},\"wordCount\":498,\"publisher\":{\"@id\":\"https:\\\/\\\/www.ilnotiziario.net\\\/wp\\\/#organization\"},\"image\":{\"@id\":\"https:\\\/\\\/www.ilnotiziario.net\\\/wp\\\/bollatese\\\/bollate-terza-casa-acqua\\\/#primaryimage\"},\"thumbnailUrl\":\"https:\\\/\\\/www.ilnotiziario.net\\\/wp\\\/wp-content\\\/uploads\\\/2024\\\/04\\\/Taglio-nastro-2.jpeg\",\"keywords\":[\"Bollate\",\"Casa dell'Acqua\",\"inaugurazione\"],\"articleSection\":[\"BOLLATESE\"],\"inLanguage\":\"it-IT\"},{\"@type\":\"WebPage\",\"@id\":\"https:\\\/\\\/www.ilnotiziario.net\\\/wp\\\/bollatese\\\/bollate-terza-casa-acqua\\\/\",\"url\":\"https:\\\/\\\/www.ilnotiziario.net\\\/wp\\\/bollatese\\\/bollate-terza-casa-acqua\\\/\",\"name\":\"Bollate, inaugurata la terza Casa dell'Acqua in citt\u00e0 - Il Notiziario\",\"isPartOf\":{\"@id\":\"https:\\\/\\\/www.ilnotiziario.net\\\/wp\\\/#website\"},\"primaryImageOfPage\":{\"@id\":\"https:\\\/\\\/www.ilnotiziario.net\\\/wp\\\/bollatese\\\/bollate-terza-casa-acqua\\\/#primaryimage\"},\"image\":{\"@id\":\"https:\\\/\\\/www.ilnotiziario.net\\\/wp\\\/bollatese\\\/bollate-terza-casa-acqua\\\/#primaryimage\"},\"thumbnailUrl\":\"https:\\\/\\\/www.ilnotiziario.net\\\/wp\\\/wp-content\\\/uploads\\\/2024\\\/04\\\/Taglio-nastro-2.jpeg\",\"datePublished\":\"2024-04-12T14:16:43+00:00\",\"description\":\"Taglio del nastro questa mattina, venerd\u00ec 12 aprile, a Bollate in via Ospitaletto, per la terza Casa dell\u2019Acqua cittadina. Installata dal Gruppo CAP,\",\"breadcrumb\":{\"@id\":\"https:\\\/\\\/www.ilnotiziario.net\\\/wp\\\/bollatese\\\/bollate-terza-casa-acqua\\\/#breadcrumb\"},\"inLanguage\":\"it-IT\",\"potentialAction\":[{\"@type\":\"ReadAction\",\"target\":[\"https:\\\/\\\/www.ilnotiziario.net\\\/wp\\\/bollatese\\\/bollate-terza-casa-acqua\\\/\"]}]},{\"@type\":\"ImageObject\",\"inLanguage\":\"it-IT\",\"@id\":\"https:\\\/\\\/www.ilnotiziario.net\\\/wp\\\/bollatese\\\/bollate-terza-casa-acqua\\\/#primaryimage\",\"url\":\"https:\\\/\\\/www.ilnotiziario.net\\\/wp\\\/wp-content\\\/uploads\\\/2024\\\/04\\\/Taglio-nastro-2.jpeg\",\"contentUrl\":\"https:\\\/\\\/www.ilnotiziario.net\\\/wp\\\/wp-content\\\/uploads\\\/2024\\\/04\\\/Taglio-nastro-2.jpeg\",\"width\":1200,\"height\":1600},{\"@type\":\"BreadcrumbList\",\"@id\":\"https:\\\/\\\/www.ilnotiziario.net\\\/wp\\\/bollatese\\\/bollate-terza-casa-acqua\\\/#breadcrumb\",\"itemListElement\":[{\"@type\":\"ListItem\",\"position\":1,\"name\":\"tds_text_logo_tagline_colortds_text_logo_tagline_colortds_text_logo_tagline_colortds_text_logo_tagline_colortd_module_7_title_excerpttd_module_7_title_excerpttd_module_7_title_excerpttd_module_7_title_excerptHome\",\"item\":\"https:\\\/\\\/www.ilnotiziario.net\\\/wp\\\/\"},{\"@type\":\"ListItem\",\"position\":2,\"name\":\"Bollate, inaugurata la terza Casa dell&#8217;Acqua in citt\u00e0\"}]},{\"@type\":\"WebSite\",\"@id\":\"https:\\\/\\\/www.ilnotiziario.net\\\/wp\\\/#website\",\"url\":\"https:\\\/\\\/www.ilnotiziario.net\\\/wp\\\/\",\"name\":\"Il Notiziario\",\"description\":\"Per restare sempre connessi alla notizia\",\"publisher\":{\"@id\":\"https:\\\/\\\/www.ilnotiziario.net\\\/wp\\\/#organization\"},\"alternateName\":\"Il Notiziario Bollate\",\"potentialAction\":[{\"@type\":\"SearchAction\",\"target\":{\"@type\":\"EntryPoint\",\"urlTemplate\":\"https:\\\/\\\/www.ilnotiziario.net\\\/wp\\\/?s={search_term_string}\"},\"query-input\":{\"@type\":\"PropertyValueSpecification\",\"valueRequired\":true,\"valueName\":\"search_term_string\"}}],\"inLanguage\":\"it-IT\"},{\"@type\":\"Organization\",\"@id\":\"https:\\\/\\\/www.ilnotiziario.net\\\/wp\\\/#organization\",\"name\":\"Il Notiziario\",\"url\":\"https:\\\/\\\/www.ilnotiziario.net\\\/wp\\\/\",\"logo\":{\"@type\":\"ImageObject\",\"inLanguage\":\"it-IT\",\"@id\":\"https:\\\/\\\/www.ilnotiziario.net\\\/wp\\\/#\\\/schema\\\/logo\\\/image\\\/\",\"url\":\"https:\\\/\\\/www.ilnotiziario.net\\\/wp\\\/wp-content\\\/uploads\\\/2022\\\/06\\\/170x170ilN.png\",\"contentUrl\":\"https:\\\/\\\/www.ilnotiziario.net\\\/wp\\\/wp-content\\\/uploads\\\/2022\\\/06\\\/170x170ilN.png\",\"width\":355,\"height\":355,\"caption\":\"Il Notiziario\"},\"image\":{\"@id\":\"https:\\\/\\\/www.ilnotiziario.net\\\/wp\\\/#\\\/schema\\\/logo\\\/image\\\/\"},\"sameAs\":[\"https:\\\/\\\/www.facebook.com\\\/ilnotiziarioind\\\/\",\"https:\\\/\\\/x.com\\\/ilNotiziarioInd\",\"https:\\\/\\\/www.instagram.com\\\/ilnotiziario_settimanale\\\/\"]},{\"@type\":\"Person\",\"@id\":\"https:\\\/\\\/www.ilnotiziario.net\\\/wp\\\/#\\\/schema\\\/person\\\/386e222908f898bb41c033989482bbf2\",\"name\":\"Gabriele Bassani\",\"image\":{\"@type\":\"ImageObject\",\"inLanguage\":\"it-IT\",\"@id\":\"https:\\\/\\\/secure.gravatar.com\\\/avatar\\\/09274f4a84fa97698bde56f84b3afed61c8492d48b0550db9671b68c177479cb?s=96&d=mm&r=g\",\"url\":\"https:\\\/\\\/secure.gravatar.com\\\/avatar\\\/09274f4a84fa97698bde56f84b3afed61c8492d48b0550db9671b68c177479cb?s=96&d=mm&r=g\",\"contentUrl\":\"https:\\\/\\\/secure.gravatar.com\\\/avatar\\\/09274f4a84fa97698bde56f84b3afed61c8492d48b0550db9671b68c177479cb?s=96&d=mm&r=g\",\"caption\":\"Gabriele Bassani\"},\"sameAs\":[\"http:\\\/\\\/www.ilnotiziario.net\"]}]}<\/script>\n<!-- \/ Yoast SEO plugin. -->","yoast_head_json":{"title":"Bollate, inaugurata la terza Casa dell'Acqua in citt\u00e0 - Il Notiziario","description":"Taglio del nastro questa mattina, venerd\u00ec 12 aprile, a Bollate in via Ospitaletto, per la terza Casa dell\u2019Acqua cittadina. Installata dal Gruppo CAP,","robots":{"index":"index","follow":"follow","max-snippet":"max-snippet:-1","max-image-preview":"max-image-preview:large","max-video-preview":"max-video-preview:-1"},"canonical":"https:\/\/www.ilnotiziario.net\/wp\/bollatese\/bollate-terza-casa-acqua\/","og_locale":"it_IT","og_type":"article","og_title":"Bollate, inaugurata la terza Casa dell'Acqua in citt\u00e0 - Il Notiziario","og_description":"Taglio del nastro questa mattina, venerd\u00ec 12 aprile, a Bollate in via Ospitaletto, per la terza Casa dell\u2019Acqua cittadina. Installata dal Gruppo CAP,","og_url":"https:\/\/www.ilnotiziario.net\/wp\/bollatese\/bollate-terza-casa-acqua\/","og_site_name":"Il Notiziario","article_publisher":"https:\/\/www.facebook.com\/ilnotiziarioind\/","article_published_time":"2024-04-12T14:16:43+00:00","og_image":[{"width":1200,"height":1600,"url":"https:\/\/www.ilnotiziario.net\/wp\/wp-content\/uploads\/2024\/04\/Taglio-nastro-2.jpeg","type":"image\/jpeg"}],"author":"Gabriele Bassani","twitter_card":"summary_large_image","twitter_creator":"@ilNotiziarioInd","twitter_site":"@ilNotiziarioInd","twitter_misc":{"Scritto da":"Gabriele Bassani","Tempo di lettura stimato":"3 minuti"},"schema":{"@context":"https:\/\/schema.org","@graph":[{"@type":"Article","@id":"https:\/\/www.ilnotiziario.net\/wp\/bollatese\/bollate-terza-casa-acqua\/#article","isPartOf":{"@id":"https:\/\/www.ilnotiziario.net\/wp\/bollatese\/bollate-terza-casa-acqua\/"},"author":{"name":"Gabriele Bassani","@id":"https:\/\/www.ilnotiziario.net\/wp\/#\/schema\/person\/386e222908f898bb41c033989482bbf2"},"headline":"Bollate, inaugurata la terza Casa dell&#8217;Acqua in citt\u00e0","datePublished":"2024-04-12T14:16:43+00:00","mainEntityOfPage":{"@id":"https:\/\/www.ilnotiziario.net\/wp\/bollatese\/bollate-terza-casa-acqua\/"},"wordCount":498,"publisher":{"@id":"https:\/\/www.ilnotiziario.net\/wp\/#organization"},"image":{"@id":"https:\/\/www.ilnotiziario.net\/wp\/bollatese\/bollate-terza-casa-acqua\/#primaryimage"},"thumbnailUrl":"https:\/\/www.ilnotiziario.net\/wp\/wp-content\/uploads\/2024\/04\/Taglio-nastro-2.jpeg","keywords":["Bollate","Casa dell'Acqua","inaugurazione"],"articleSection":["BOLLATESE"],"inLanguage":"it-IT"},{"@type":"WebPage","@id":"https:\/\/www.ilnotiziario.net\/wp\/bollatese\/bollate-terza-casa-acqua\/","url":"https:\/\/www.ilnotiziario.net\/wp\/bollatese\/bollate-terza-casa-acqua\/","name":"Bollate, inaugurata la terza Casa dell'Acqua in citt\u00e0 - Il Notiziario","isPartOf":{"@id":"https:\/\/www.ilnotiziario.net\/wp\/#website"},"primaryImageOfPage":{"@id":"https:\/\/www.ilnotiziario.net\/wp\/bollatese\/bollate-terza-casa-acqua\/#primaryimage"},"image":{"@id":"https:\/\/www.ilnotiziario.net\/wp\/bollatese\/bollate-terza-casa-acqua\/#primaryimage"},"thumbnailUrl":"https:\/\/www.ilnotiziario.net\/wp\/wp-content\/uploads\/2024\/04\/Taglio-nastro-2.jpeg","datePublished":"2024-04-12T14:16:43+00:00","description":"Taglio del nastro questa mattina, venerd\u00ec 12 aprile, a Bollate in via Ospitaletto, per la terza Casa dell\u2019Acqua cittadina. Installata dal Gruppo CAP,","breadcrumb":{"@id":"https:\/\/www.ilnotiziario.net\/wp\/bollatese\/bollate-terza-casa-acqua\/#breadcrumb"},"inLanguage":"it-IT","potentialAction":[{"@type":"ReadAction","target":["https:\/\/www.ilnotiziario.net\/wp\/bollatese\/bollate-terza-casa-acqua\/"]}]},{"@type":"ImageObject","inLanguage":"it-IT","@id":"https:\/\/www.ilnotiziario.net\/wp\/bollatese\/bollate-terza-casa-acqua\/#primaryimage","url":"https:\/\/www.ilnotiziario.net\/wp\/wp-content\/uploads\/2024\/04\/Taglio-nastro-2.jpeg","contentUrl":"https:\/\/www.ilnotiziario.net\/wp\/wp-content\/uploads\/2024\/04\/Taglio-nastro-2.jpeg","width":1200,"height":1600},{"@type":"BreadcrumbList","@id":"https:\/\/www.ilnotiziario.net\/wp\/bollatese\/bollate-terza-casa-acqua\/#breadcrumb","itemListElement":[{"@type":"ListItem","position":1,"name":"tds_text_logo_tagline_colortds_text_logo_tagline_colortds_text_logo_tagline_colortds_text_logo_tagline_colortd_module_7_title_excerpttd_module_7_title_excerpttd_module_7_title_excerpttd_module_7_title_excerptHome","item":"https:\/\/www.ilnotiziario.net\/wp\/"},{"@type":"ListItem","position":2,"name":"Bollate, inaugurata la terza Casa dell&#8217;Acqua in citt\u00e0"}]},{"@type":"WebSite","@id":"https:\/\/www.ilnotiziario.net\/wp\/#website","url":"https:\/\/www.ilnotiziario.net\/wp\/","name":"Il Notiziario","description":"Per restare sempre connessi alla notizia","publisher":{"@id":"https:\/\/www.ilnotiziario.net\/wp\/#organization"},"alternateName":"Il Notiziario Bollate","potentialAction":[{"@type":"SearchAction","target":{"@type":"EntryPoint","urlTemplate":"https:\/\/www.ilnotiziario.net\/wp\/?s={search_term_string}"},"query-input":{"@type":"PropertyValueSpecification","valueRequired":true,"valueName":"search_term_string"}}],"inLanguage":"it-IT"},{"@type":"Organization","@id":"https:\/\/www.ilnotiziario.net\/wp\/#organization","name":"Il Notiziario","url":"https:\/\/www.ilnotiziario.net\/wp\/","logo":{"@type":"ImageObject","inLanguage":"it-IT","@id":"https:\/\/www.ilnotiziario.net\/wp\/#\/schema\/logo\/image\/","url":"https:\/\/www.ilnotiziario.net\/wp\/wp-content\/uploads\/2022\/06\/170x170ilN.png","contentUrl":"https:\/\/www.ilnotiziario.net\/wp\/wp-content\/uploads\/2022\/06\/170x170ilN.png","width":355,"height":355,"caption":"Il Notiziario"},"image":{"@id":"https:\/\/www.ilnotiziario.net\/wp\/#\/schema\/logo\/image\/"},"sameAs":["https:\/\/www.facebook.com\/ilnotiziarioind\/","https:\/\/x.com\/ilNotiziarioInd","https:\/\/www.instagram.com\/ilnotiziario_settimanale\/"]},{"@type":"Person","@id":"https:\/\/www.ilnotiziario.net\/wp\/#\/schema\/person\/386e222908f898bb41c033989482bbf2","name":"Gabriele Bassani","image":{"@type":"ImageObject","inLanguage":"it-IT","@id":"https:\/\/secure.gravatar.com\/avatar\/09274f4a84fa97698bde56f84b3afed61c8492d48b0550db9671b68c177479cb?s=96&d=mm&r=g","url":"https:\/\/secure.gravatar.com\/avatar\/09274f4a84fa97698bde56f84b3afed61c8492d48b0550db9671b68c177479cb?s=96&d=mm&r=g","contentUrl":"https:\/\/secure.gravatar.com\/avatar\/09274f4a84fa97698bde56f84b3afed61c8492d48b0550db9671b68c177479cb?s=96&d=mm&r=g","caption":"Gabriele Bassani"},"sameAs":["http:\/\/www.ilnotiziario.net"]}]}},"_links":{"self":[{"href":"https:\/\/www.ilnotiziario.net\/wp\/wp-json\/wp\/v2\/posts\/194925","targetHints":{"allow":["GET"]}}],"collection":[{"href":"https:\/\/www.ilnotiziario.net\/wp\/wp-json\/wp\/v2\/posts"}],"about":[{"href":"https:\/\/www.ilnotiziario.net\/wp\/wp-json\/wp\/v2\/types\/post"}],"author":[{"embeddable":true,"href":"https:\/\/www.ilnotiziario.net\/wp\/wp-json\/wp\/v2\/users\/3"}],"replies":[{"embeddable":true,"href":"https:\/\/www.ilnotiziario.net\/wp\/wp-json\/wp\/v2\/comments?post=194925"}],"version-history":[{"count":0,"href":"https:\/\/www.ilnotiziario.net\/wp\/wp-json\/wp\/v2\/posts\/194925\/revisions"}],"wp:featuredmedia":[{"embeddable":true,"href":"https:\/\/www.ilnotiziario.net\/wp\/wp-json\/wp\/v2\/media\/194929"}],"wp:attachment":[{"href":"https:\/\/www.ilnotiziario.net\/wp\/wp-json\/wp\/v2\/media?parent=194925"}],"wp:term":[{"taxonomy":"category","embeddable":true,"href":"https:\/\/www.ilnotiziario.net\/wp\/wp-json\/wp\/v2\/categories?post=194925"},{"taxonomy":"post_tag","embeddable":true,"href":"https:\/\/www.ilnotiziario.net\/wp\/wp-json\/wp\/v2\/tags?post=194925"}],"curies":[{"name":"wp","href":"https:\/\/api.w.org\/{rel}","templated":true}]}}