{"id":195293,"date":"2024-04-24T11:50:27","date_gmt":"2024-04-24T09:50:27","guid":{"rendered":"https:\/\/www.ilnotiziario.net\/wp\/?p=195293"},"modified":"2024-04-24T11:51:51","modified_gmt":"2024-04-24T09:51:51","slug":"incidente-rho-investito-strisce","status":"publish","type":"post","link":"https:\/\/www.ilnotiziario.net\/wp\/notizie\/incidente-rho-investito-strisce\/","title":{"rendered":"Incidente a Rho, uomo investito sulle strisce pedonali"},"content":{"rendered":"<p>Incidente questa mattina, mercoled\u00ec 24 aprile, a Rho in Corso Europa. Un uomo \u00e8 stato investito mentre attraversava la strada sulle strisce pedonali.<\/p><div id=\"ilnot-886584272\" class=\"ilnot-contenuto ilnot-entity-placement\"><p><!-- incontent_1 --><\/p>\n<div class=\"gptslot\" data-adunitid=\"1\"><\/div>\n<\/div>\n<p>L&#8217;incidente si \u00e8 verificato non lontano dallo storico stabilimento della Citterio. Il pensionato stava attraversando sulle strisce quando \u00e8 stato travolto da una macchina proveniente da via Lainate che stava svoltando verso il cimitero.<\/p>\n<p>Sul luogo del sinistro sono intervenuti gli agenti della Polizia Locale, i Carabinieri e un&#8217;ambulanza della Croce Azzurra, subito accorsa per prestare soccorso all&#8217;uomo.<\/p><div id=\"ilnot-1673568489\" class=\"ilnot-contenuto_2 ilnot-entity-placement\"><div class=\"ads-wrapper\">\n<div class=\"ad-slot\">\n   <div id=\"ilnot-1447802966\" style=\"margin-right: auto;margin-left: auto;text-align: center;width: 320px;height: 100px;\"><a href=\"https:\/\/www.scuolasicurezza.it\/\"><img decoding=\"async\" src=\"https:\/\/www.ilnotiziario.net\/wp\/wp-content\/uploads\/2026\/04\/IlNotiziario_banner-sito-e-newsletter-320-x-100-px-1.gif\" alt=\"\"><\/a><\/div>\n  <\/div>\n<div class=\"ad-slot\">\n   <div id=\"ilnot-2175520188\" style=\"margin-right: auto;margin-left: auto;text-align: center;width: 320px;height: 100px;\"><a href=\"https:\/\/purodesignarredamenti.com\/\"><img decoding=\"async\" src=\"https:\/\/www.ilnotiziario.net\/wp\/wp-content\/uploads\/2026\/04\/banner-puro-ok.gif\" alt=\"whatsapp\"><\/a><\/div><\/p><\/div>\n<\/div>\n<\/div>\n<p>Leggi ilnotiziario anche in digitale da pc, smartphone e tablet. Clicca qui per la <a href=\"https:\/\/edicola.ilnotiziario.net\/citterioeditoresrl\/newsstand\">nostra edicola digitale<\/a>!<\/p>\n","protected":false},"excerpt":{"rendered":"<p>Incidente questa mattina, mercoled\u00ec 24 aprile, a Rho in Corso Europa. Un uomo \u00e8 stato investito mentre attraversava la strada sulle strisce pedonali. L&#8217;incidente si \u00e8 verificato non lontano dallo storico stabilimento della Citterio. Il pensionato stava attraversando sulle strisce quando \u00e8 stato travolto da una macchina proveniente da via Lainate che stava svoltando verso<\/p>\n","protected":false},"author":3,"featured_media":166126,"comment_status":"closed","ping_status":"closed","sticky":false,"template":"","format":"standard","meta":{"footnotes":""},"categories":[3335,20],"tags":[2152,1150,120],"class_list":{"0":"post-195293","1":"post","2":"type-post","3":"status-publish","4":"format-standard","5":"has-post-thumbnail","7":"category-notizie","8":"category-prima-pagina","9":"tag-incidente-stradale","10":"tag-investito","11":"tag-rho"},"yoast_head":"<!-- This site is optimized with the Yoast SEO plugin v27.5 - https:\/\/yoast.com\/product\/yoast-seo-wordpress\/ -->\n<title>Incidente a Rho, uomo investito sulle strisce pedonali - Il Notiziario<\/title>\n<meta name=\"description\" content=\"Incidente questa mattina, mercoled\u00ec 24 aprile, a Rho in Corso Europa. Un uomo \u00e8 stato investito mentre attraversava la strada sulle strisce pedonali.\" \/>\n<meta name=\"robots\" content=\"index, follow, max-snippet:-1, max-image-preview:large, max-video-preview:-1\" \/>\n<link rel=\"canonical\" href=\"https:\/\/www.ilnotiziario.net\/wp\/notizie\/incidente-rho-investito-strisce\/\" \/>\n<meta property=\"og:locale\" content=\"it_IT\" \/>\n<meta property=\"og:type\" content=\"article\" \/>\n<meta property=\"og:title\" content=\"Incidente a Rho, uomo investito sulle strisce pedonali - Il Notiziario\" \/>\n<meta property=\"og:description\" content=\"Incidente questa mattina, mercoled\u00ec 24 aprile, a Rho in Corso Europa. Un uomo \u00e8 stato investito mentre attraversava la strada sulle strisce pedonali.\" \/>\n<meta property=\"og:url\" content=\"https:\/\/www.ilnotiziario.net\/wp\/notizie\/incidente-rho-investito-strisce\/\" \/>\n<meta property=\"og:site_name\" content=\"Il Notiziario\" \/>\n<meta property=\"article:publisher\" content=\"https:\/\/www.facebook.com\/ilnotiziarioind\/\" \/>\n<meta property=\"article:published_time\" content=\"2024-04-24T09:50:27+00:00\" \/>\n<meta property=\"article:modified_time\" content=\"2024-04-24T09:51:51+00:00\" \/>\n<meta property=\"og:image\" content=\"https:\/\/www.ilnotiziario.net\/wp\/wp-content\/uploads\/2022\/05\/ambulanza-barella.jpg\" \/>\n\t<meta property=\"og:image:width\" content=\"1000\" \/>\n\t<meta property=\"og:image:height\" content=\"666\" \/>\n\t<meta property=\"og:image:type\" content=\"image\/jpeg\" \/>\n<meta name=\"author\" content=\"Gabriele Bassani\" \/>\n<meta name=\"twitter:card\" content=\"summary_large_image\" \/>\n<meta name=\"twitter:creator\" content=\"@ilNotiziarioInd\" \/>\n<meta name=\"twitter:site\" content=\"@ilNotiziarioInd\" \/>\n<meta name=\"twitter:label1\" content=\"Scritto da\" \/>\n\t<meta name=\"twitter:data1\" content=\"Gabriele Bassani\" \/>\n\t<meta name=\"twitter:label2\" content=\"Tempo di lettura stimato\" \/>\n\t<meta name=\"twitter:data2\" content=\"1 minuto\" \/>\n<script type=\"application\/ld+json\" class=\"yoast-schema-graph\">{\"@context\":\"https:\\\/\\\/schema.org\",\"@graph\":[{\"@type\":\"Article\",\"@id\":\"https:\\\/\\\/www.ilnotiziario.net\\\/wp\\\/notizie\\\/incidente-rho-investito-strisce\\\/#article\",\"isPartOf\":{\"@id\":\"https:\\\/\\\/www.ilnotiziario.net\\\/wp\\\/notizie\\\/incidente-rho-investito-strisce\\\/\"},\"author\":{\"name\":\"Gabriele Bassani\",\"@id\":\"https:\\\/\\\/www.ilnotiziario.net\\\/wp\\\/#\\\/schema\\\/person\\\/386e222908f898bb41c033989482bbf2\"},\"headline\":\"Incidente a Rho, uomo investito sulle strisce pedonali\",\"datePublished\":\"2024-04-24T09:50:27+00:00\",\"dateModified\":\"2024-04-24T09:51:51+00:00\",\"mainEntityOfPage\":{\"@id\":\"https:\\\/\\\/www.ilnotiziario.net\\\/wp\\\/notizie\\\/incidente-rho-investito-strisce\\\/\"},\"wordCount\":105,\"publisher\":{\"@id\":\"https:\\\/\\\/www.ilnotiziario.net\\\/wp\\\/#organization\"},\"image\":{\"@id\":\"https:\\\/\\\/www.ilnotiziario.net\\\/wp\\\/notizie\\\/incidente-rho-investito-strisce\\\/#primaryimage\"},\"thumbnailUrl\":\"https:\\\/\\\/www.ilnotiziario.net\\\/wp\\\/wp-content\\\/uploads\\\/2022\\\/05\\\/ambulanza-barella.jpg\",\"keywords\":[\"Incidente Stradale\",\"investito\",\"Rho\"],\"articleSection\":[\"NEI DINTORNI\",\"Prima Pagina\"],\"inLanguage\":\"it-IT\"},{\"@type\":\"WebPage\",\"@id\":\"https:\\\/\\\/www.ilnotiziario.net\\\/wp\\\/notizie\\\/incidente-rho-investito-strisce\\\/\",\"url\":\"https:\\\/\\\/www.ilnotiziario.net\\\/wp\\\/notizie\\\/incidente-rho-investito-strisce\\\/\",\"name\":\"Incidente a Rho, uomo investito sulle strisce pedonali - Il Notiziario\",\"isPartOf\":{\"@id\":\"https:\\\/\\\/www.ilnotiziario.net\\\/wp\\\/#website\"},\"primaryImageOfPage\":{\"@id\":\"https:\\\/\\\/www.ilnotiziario.net\\\/wp\\\/notizie\\\/incidente-rho-investito-strisce\\\/#primaryimage\"},\"image\":{\"@id\":\"https:\\\/\\\/www.ilnotiziario.net\\\/wp\\\/notizie\\\/incidente-rho-investito-strisce\\\/#primaryimage\"},\"thumbnailUrl\":\"https:\\\/\\\/www.ilnotiziario.net\\\/wp\\\/wp-content\\\/uploads\\\/2022\\\/05\\\/ambulanza-barella.jpg\",\"datePublished\":\"2024-04-24T09:50:27+00:00\",\"dateModified\":\"2024-04-24T09:51:51+00:00\",\"description\":\"Incidente questa mattina, mercoled\u00ec 24 aprile, a Rho in Corso Europa. Un uomo \u00e8 stato investito mentre attraversava la strada sulle strisce pedonali.\",\"breadcrumb\":{\"@id\":\"https:\\\/\\\/www.ilnotiziario.net\\\/wp\\\/notizie\\\/incidente-rho-investito-strisce\\\/#breadcrumb\"},\"inLanguage\":\"it-IT\",\"potentialAction\":[{\"@type\":\"ReadAction\",\"target\":[\"https:\\\/\\\/www.ilnotiziario.net\\\/wp\\\/notizie\\\/incidente-rho-investito-strisce\\\/\"]}]},{\"@type\":\"ImageObject\",\"inLanguage\":\"it-IT\",\"@id\":\"https:\\\/\\\/www.ilnotiziario.net\\\/wp\\\/notizie\\\/incidente-rho-investito-strisce\\\/#primaryimage\",\"url\":\"https:\\\/\\\/www.ilnotiziario.net\\\/wp\\\/wp-content\\\/uploads\\\/2022\\\/05\\\/ambulanza-barella.jpg\",\"contentUrl\":\"https:\\\/\\\/www.ilnotiziario.net\\\/wp\\\/wp-content\\\/uploads\\\/2022\\\/05\\\/ambulanza-barella.jpg\",\"width\":1000,\"height\":666,\"caption\":\"immagine di repertorio\"},{\"@type\":\"BreadcrumbList\",\"@id\":\"https:\\\/\\\/www.ilnotiziario.net\\\/wp\\\/notizie\\\/incidente-rho-investito-strisce\\\/#breadcrumb\",\"itemListElement\":[{\"@type\":\"ListItem\",\"position\":1,\"name\":\"tds_text_logo_tagline_colortds_text_logo_tagline_colortds_text_logo_tagline_colortds_text_logo_tagline_colortd_module_7_title_excerpttd_module_7_title_excerpttd_module_7_title_excerpttd_module_7_title_excerptHome\",\"item\":\"https:\\\/\\\/www.ilnotiziario.net\\\/wp\\\/\"},{\"@type\":\"ListItem\",\"position\":2,\"name\":\"Incidente a Rho, uomo investito sulle strisce pedonali\"}]},{\"@type\":\"WebSite\",\"@id\":\"https:\\\/\\\/www.ilnotiziario.net\\\/wp\\\/#website\",\"url\":\"https:\\\/\\\/www.ilnotiziario.net\\\/wp\\\/\",\"name\":\"Il Notiziario\",\"description\":\"Per restare sempre connessi alla notizia\",\"publisher\":{\"@id\":\"https:\\\/\\\/www.ilnotiziario.net\\\/wp\\\/#organization\"},\"alternateName\":\"Il Notiziario Bollate\",\"potentialAction\":[{\"@type\":\"SearchAction\",\"target\":{\"@type\":\"EntryPoint\",\"urlTemplate\":\"https:\\\/\\\/www.ilnotiziario.net\\\/wp\\\/?s={search_term_string}\"},\"query-input\":{\"@type\":\"PropertyValueSpecification\",\"valueRequired\":true,\"valueName\":\"search_term_string\"}}],\"inLanguage\":\"it-IT\"},{\"@type\":\"Organization\",\"@id\":\"https:\\\/\\\/www.ilnotiziario.net\\\/wp\\\/#organization\",\"name\":\"Il Notiziario\",\"url\":\"https:\\\/\\\/www.ilnotiziario.net\\\/wp\\\/\",\"logo\":{\"@type\":\"ImageObject\",\"inLanguage\":\"it-IT\",\"@id\":\"https:\\\/\\\/www.ilnotiziario.net\\\/wp\\\/#\\\/schema\\\/logo\\\/image\\\/\",\"url\":\"https:\\\/\\\/www.ilnotiziario.net\\\/wp\\\/wp-content\\\/uploads\\\/2022\\\/06\\\/170x170ilN.png\",\"contentUrl\":\"https:\\\/\\\/www.ilnotiziario.net\\\/wp\\\/wp-content\\\/uploads\\\/2022\\\/06\\\/170x170ilN.png\",\"width\":355,\"height\":355,\"caption\":\"Il Notiziario\"},\"image\":{\"@id\":\"https:\\\/\\\/www.ilnotiziario.net\\\/wp\\\/#\\\/schema\\\/logo\\\/image\\\/\"},\"sameAs\":[\"https:\\\/\\\/www.facebook.com\\\/ilnotiziarioind\\\/\",\"https:\\\/\\\/x.com\\\/ilNotiziarioInd\",\"https:\\\/\\\/www.instagram.com\\\/ilnotiziario_settimanale\\\/\"]},{\"@type\":\"Person\",\"@id\":\"https:\\\/\\\/www.ilnotiziario.net\\\/wp\\\/#\\\/schema\\\/person\\\/386e222908f898bb41c033989482bbf2\",\"name\":\"Gabriele Bassani\",\"image\":{\"@type\":\"ImageObject\",\"inLanguage\":\"it-IT\",\"@id\":\"https:\\\/\\\/secure.gravatar.com\\\/avatar\\\/09274f4a84fa97698bde56f84b3afed61c8492d48b0550db9671b68c177479cb?s=96&d=mm&r=g\",\"url\":\"https:\\\/\\\/secure.gravatar.com\\\/avatar\\\/09274f4a84fa97698bde56f84b3afed61c8492d48b0550db9671b68c177479cb?s=96&d=mm&r=g\",\"contentUrl\":\"https:\\\/\\\/secure.gravatar.com\\\/avatar\\\/09274f4a84fa97698bde56f84b3afed61c8492d48b0550db9671b68c177479cb?s=96&d=mm&r=g\",\"caption\":\"Gabriele Bassani\"},\"sameAs\":[\"http:\\\/\\\/www.ilnotiziario.net\"]}]}<\/script>\n<!-- \/ Yoast SEO plugin. -->","yoast_head_json":{"title":"Incidente a Rho, uomo investito sulle strisce pedonali - Il Notiziario","description":"Incidente questa mattina, mercoled\u00ec 24 aprile, a Rho in Corso Europa. Un uomo \u00e8 stato investito mentre attraversava la strada sulle strisce pedonali.","robots":{"index":"index","follow":"follow","max-snippet":"max-snippet:-1","max-image-preview":"max-image-preview:large","max-video-preview":"max-video-preview:-1"},"canonical":"https:\/\/www.ilnotiziario.net\/wp\/notizie\/incidente-rho-investito-strisce\/","og_locale":"it_IT","og_type":"article","og_title":"Incidente a Rho, uomo investito sulle strisce pedonali - Il Notiziario","og_description":"Incidente questa mattina, mercoled\u00ec 24 aprile, a Rho in Corso Europa. Un uomo \u00e8 stato investito mentre attraversava la strada sulle strisce pedonali.","og_url":"https:\/\/www.ilnotiziario.net\/wp\/notizie\/incidente-rho-investito-strisce\/","og_site_name":"Il Notiziario","article_publisher":"https:\/\/www.facebook.com\/ilnotiziarioind\/","article_published_time":"2024-04-24T09:50:27+00:00","article_modified_time":"2024-04-24T09:51:51+00:00","og_image":[{"width":1000,"height":666,"url":"https:\/\/www.ilnotiziario.net\/wp\/wp-content\/uploads\/2022\/05\/ambulanza-barella.jpg","type":"image\/jpeg"}],"author":"Gabriele Bassani","twitter_card":"summary_large_image","twitter_creator":"@ilNotiziarioInd","twitter_site":"@ilNotiziarioInd","twitter_misc":{"Scritto da":"Gabriele Bassani","Tempo di lettura stimato":"1 minuto"},"schema":{"@context":"https:\/\/schema.org","@graph":[{"@type":"Article","@id":"https:\/\/www.ilnotiziario.net\/wp\/notizie\/incidente-rho-investito-strisce\/#article","isPartOf":{"@id":"https:\/\/www.ilnotiziario.net\/wp\/notizie\/incidente-rho-investito-strisce\/"},"author":{"name":"Gabriele Bassani","@id":"https:\/\/www.ilnotiziario.net\/wp\/#\/schema\/person\/386e222908f898bb41c033989482bbf2"},"headline":"Incidente a Rho, uomo investito sulle strisce pedonali","datePublished":"2024-04-24T09:50:27+00:00","dateModified":"2024-04-24T09:51:51+00:00","mainEntityOfPage":{"@id":"https:\/\/www.ilnotiziario.net\/wp\/notizie\/incidente-rho-investito-strisce\/"},"wordCount":105,"publisher":{"@id":"https:\/\/www.ilnotiziario.net\/wp\/#organization"},"image":{"@id":"https:\/\/www.ilnotiziario.net\/wp\/notizie\/incidente-rho-investito-strisce\/#primaryimage"},"thumbnailUrl":"https:\/\/www.ilnotiziario.net\/wp\/wp-content\/uploads\/2022\/05\/ambulanza-barella.jpg","keywords":["Incidente Stradale","investito","Rho"],"articleSection":["NEI DINTORNI","Prima Pagina"],"inLanguage":"it-IT"},{"@type":"WebPage","@id":"https:\/\/www.ilnotiziario.net\/wp\/notizie\/incidente-rho-investito-strisce\/","url":"https:\/\/www.ilnotiziario.net\/wp\/notizie\/incidente-rho-investito-strisce\/","name":"Incidente a Rho, uomo investito sulle strisce pedonali - Il Notiziario","isPartOf":{"@id":"https:\/\/www.ilnotiziario.net\/wp\/#website"},"primaryImageOfPage":{"@id":"https:\/\/www.ilnotiziario.net\/wp\/notizie\/incidente-rho-investito-strisce\/#primaryimage"},"image":{"@id":"https:\/\/www.ilnotiziario.net\/wp\/notizie\/incidente-rho-investito-strisce\/#primaryimage"},"thumbnailUrl":"https:\/\/www.ilnotiziario.net\/wp\/wp-content\/uploads\/2022\/05\/ambulanza-barella.jpg","datePublished":"2024-04-24T09:50:27+00:00","dateModified":"2024-04-24T09:51:51+00:00","description":"Incidente questa mattina, mercoled\u00ec 24 aprile, a Rho in Corso Europa. Un uomo \u00e8 stato investito mentre attraversava la strada sulle strisce pedonali.","breadcrumb":{"@id":"https:\/\/www.ilnotiziario.net\/wp\/notizie\/incidente-rho-investito-strisce\/#breadcrumb"},"inLanguage":"it-IT","potentialAction":[{"@type":"ReadAction","target":["https:\/\/www.ilnotiziario.net\/wp\/notizie\/incidente-rho-investito-strisce\/"]}]},{"@type":"ImageObject","inLanguage":"it-IT","@id":"https:\/\/www.ilnotiziario.net\/wp\/notizie\/incidente-rho-investito-strisce\/#primaryimage","url":"https:\/\/www.ilnotiziario.net\/wp\/wp-content\/uploads\/2022\/05\/ambulanza-barella.jpg","contentUrl":"https:\/\/www.ilnotiziario.net\/wp\/wp-content\/uploads\/2022\/05\/ambulanza-barella.jpg","width":1000,"height":666,"caption":"immagine di repertorio"},{"@type":"BreadcrumbList","@id":"https:\/\/www.ilnotiziario.net\/wp\/notizie\/incidente-rho-investito-strisce\/#breadcrumb","itemListElement":[{"@type":"ListItem","position":1,"name":"tds_text_logo_tagline_colortds_text_logo_tagline_colortds_text_logo_tagline_colortds_text_logo_tagline_colortd_module_7_title_excerpttd_module_7_title_excerpttd_module_7_title_excerpttd_module_7_title_excerptHome","item":"https:\/\/www.ilnotiziario.net\/wp\/"},{"@type":"ListItem","position":2,"name":"Incidente a Rho, uomo investito sulle strisce pedonali"}]},{"@type":"WebSite","@id":"https:\/\/www.ilnotiziario.net\/wp\/#website","url":"https:\/\/www.ilnotiziario.net\/wp\/","name":"Il Notiziario","description":"Per restare sempre connessi alla notizia","publisher":{"@id":"https:\/\/www.ilnotiziario.net\/wp\/#organization"},"alternateName":"Il Notiziario Bollate","potentialAction":[{"@type":"SearchAction","target":{"@type":"EntryPoint","urlTemplate":"https:\/\/www.ilnotiziario.net\/wp\/?s={search_term_string}"},"query-input":{"@type":"PropertyValueSpecification","valueRequired":true,"valueName":"search_term_string"}}],"inLanguage":"it-IT"},{"@type":"Organization","@id":"https:\/\/www.ilnotiziario.net\/wp\/#organization","name":"Il Notiziario","url":"https:\/\/www.ilnotiziario.net\/wp\/","logo":{"@type":"ImageObject","inLanguage":"it-IT","@id":"https:\/\/www.ilnotiziario.net\/wp\/#\/schema\/logo\/image\/","url":"https:\/\/www.ilnotiziario.net\/wp\/wp-content\/uploads\/2022\/06\/170x170ilN.png","contentUrl":"https:\/\/www.ilnotiziario.net\/wp\/wp-content\/uploads\/2022\/06\/170x170ilN.png","width":355,"height":355,"caption":"Il Notiziario"},"image":{"@id":"https:\/\/www.ilnotiziario.net\/wp\/#\/schema\/logo\/image\/"},"sameAs":["https:\/\/www.facebook.com\/ilnotiziarioind\/","https:\/\/x.com\/ilNotiziarioInd","https:\/\/www.instagram.com\/ilnotiziario_settimanale\/"]},{"@type":"Person","@id":"https:\/\/www.ilnotiziario.net\/wp\/#\/schema\/person\/386e222908f898bb41c033989482bbf2","name":"Gabriele Bassani","image":{"@type":"ImageObject","inLanguage":"it-IT","@id":"https:\/\/secure.gravatar.com\/avatar\/09274f4a84fa97698bde56f84b3afed61c8492d48b0550db9671b68c177479cb?s=96&d=mm&r=g","url":"https:\/\/secure.gravatar.com\/avatar\/09274f4a84fa97698bde56f84b3afed61c8492d48b0550db9671b68c177479cb?s=96&d=mm&r=g","contentUrl":"https:\/\/secure.gravatar.com\/avatar\/09274f4a84fa97698bde56f84b3afed61c8492d48b0550db9671b68c177479cb?s=96&d=mm&r=g","caption":"Gabriele Bassani"},"sameAs":["http:\/\/www.ilnotiziario.net"]}]}},"_links":{"self":[{"href":"https:\/\/www.ilnotiziario.net\/wp\/wp-json\/wp\/v2\/posts\/195293","targetHints":{"allow":["GET"]}}],"collection":[{"href":"https:\/\/www.ilnotiziario.net\/wp\/wp-json\/wp\/v2\/posts"}],"about":[{"href":"https:\/\/www.ilnotiziario.net\/wp\/wp-json\/wp\/v2\/types\/post"}],"author":[{"embeddable":true,"href":"https:\/\/www.ilnotiziario.net\/wp\/wp-json\/wp\/v2\/users\/3"}],"replies":[{"embeddable":true,"href":"https:\/\/www.ilnotiziario.net\/wp\/wp-json\/wp\/v2\/comments?post=195293"}],"version-history":[{"count":0,"href":"https:\/\/www.ilnotiziario.net\/wp\/wp-json\/wp\/v2\/posts\/195293\/revisions"}],"wp:featuredmedia":[{"embeddable":true,"href":"https:\/\/www.ilnotiziario.net\/wp\/wp-json\/wp\/v2\/media\/166126"}],"wp:attachment":[{"href":"https:\/\/www.ilnotiziario.net\/wp\/wp-json\/wp\/v2\/media?parent=195293"}],"wp:term":[{"taxonomy":"category","embeddable":true,"href":"https:\/\/www.ilnotiziario.net\/wp\/wp-json\/wp\/v2\/categories?post=195293"},{"taxonomy":"post_tag","embeddable":true,"href":"https:\/\/www.ilnotiziario.net\/wp\/wp-json\/wp\/v2\/tags?post=195293"}],"curies":[{"name":"wp","href":"https:\/\/api.w.org\/{rel}","templated":true}]}}