{"id":195398,"date":"2024-04-28T09:02:21","date_gmt":"2024-04-28T07:02:21","guid":{"rendered":"https:\/\/www.ilnotiziario.net\/wp\/?p=195398"},"modified":"2024-04-27T19:04:49","modified_gmt":"2024-04-27T17:04:49","slug":"garbagnate-come-funzionano-le-cure-palliative-in-ospedale","status":"publish","type":"post","link":"https:\/\/www.ilnotiziario.net\/wp\/prima-pagina\/garbagnate-come-funzionano-le-cure-palliative-in-ospedale\/","title":{"rendered":"Garbagnate, come funzionano le Cure palliative in ospedale?"},"content":{"rendered":"<p>Garbagnate, come funzionano le Cure palliative in ospedale?<br \/>\nAll\u2019interno del complesso dell\u2019ospedale di Garbagnate \u00e8 presente anche l\u2019Hospice, una struttura rinomata e all\u2019avanguardia nel campo, purtroppo triste ma importante, delle cure palliative.<br \/>\nPer comprendere meglio l\u2019attivit\u00e0 dell\u2019Hospice di Garbagnate, abbiamo intervistato la dottoressa Maria Carmen Toia Direttore Hospice.<\/p><div id=\"ilnot-2671257709\" class=\"ilnot-contenuto ilnot-entity-placement\"><p><!-- incontent_1 --><\/p>\n<div class=\"gptslot\" data-adunitid=\"1\"><\/div>\n<\/div>\n<h2>Garbagnate, Cure palliative intervista a Maria Carmen Toia, direttrice Hospice<\/h2>\n<p><strong>Come \u00e8 arrivata a dirigere l\u2019Hospice?<\/strong><br \/>\n\u201cHo intrapreso gli studi alla facolt\u00e0 di Medicina e Chirurgia dell\u2019Universit\u00e0 di Milano, dove li ho conclusi nel 1994 con una tesi di laurea incentrata sulla terapia del Sarcoma di Kaposi nei malati HIV positivi (ho iniziato a frequentare l\u2019Uo di Malattie Infettive diretta dalla Dr.ssa Cargnel presso il Polo Ospedaliero di Vialba Ospedale Sacco ancora durante il Corso di Laurea e l\u00ec sono rimasta anche dopo la Specializzazione, per circa 10 anni globalmente).<\/p>\n<p>E\u2019 stato un percorso formativo e personale molto importante ed intenso: erano gli anni dell\u2019esplosione dell\u2019infezione da HIV ed il contatto con la malattia e la sua ineluttabilit\u00e0 era quotidiano. Probabilmente l\u00ec \u00e8 iniziato il mio interesse per un approccio pi\u00f9 globale al malato e quando \u00e8 arrivata una proposta di lavoro presso l\u2019Uo di Cure Palliative e Terapia del Dolore di quella che ora \u00e8 Asst Ovest Milano \u00e8 stato naturale accettare e dare una svolta alla mia vita professionale.<\/p><div id=\"ilnot-987217486\" class=\"ilnot-contenuto_2 ilnot-entity-placement\"><div class=\"ads-wrapper\">\n<div class=\"ad-slot\">\n   <div id=\"ilnot-4086332024\" style=\"margin-right: auto;margin-left: auto;text-align: center;width: 320px;height: 100px;\"><a href=\"https:\/\/www.scuolasicurezza.it\/\"><img decoding=\"async\" src=\"https:\/\/www.ilnotiziario.net\/wp\/wp-content\/uploads\/2026\/04\/IlNotiziario_banner-sito-e-newsletter-320-x-100-px-1.gif\" alt=\"\"><\/a><\/div>\n  <\/div>\n<div class=\"ad-slot\">\n   <div id=\"ilnot-2587287486\" style=\"margin-right: auto;margin-left: auto;text-align: center;width: 320px;height: 100px;\"><a href=\"https:\/\/purodesignarredamenti.com\/\"><img decoding=\"async\" src=\"https:\/\/www.ilnotiziario.net\/wp\/wp-content\/uploads\/2026\/04\/banner-puro-ok.gif\" alt=\"whatsapp\"><\/a><\/div><\/p><\/div>\n<\/div>\n<\/div>\n<p>Nel 2014 \u00e8 iniziata la mia esperienza lavorativa presso l\u2019Uo di Cure Palliative della nostra Asst, accanto al dottor Sofia, allora Responsabile della Struttura. Dal 2022 sono Responsabile dell\u2019Uo di Cure Palliative e del Dipartimento Interaziendale di Cure Palliative\u201d.<\/p>\n<p><strong>Come \u00e8 giunta ad occuparsi nello specifico della lotta contro il dolore?<\/strong><br \/>\n\u201cDopo anni vissuti a gestire i malati sieropositivi e dopo aver scelto di lavorare in una struttura di Cure Palliative e Terapia del Dolore, occuparmi di questo \u00e8 stata una scelta, non un ripiego. Sinceramente credo di aver fatto la scelta migliore e pi\u00f9 coerente con le mie inclinazioni. Nel corso degli anni \u00e8 apparso evidente come la gestione del sintomo dolore sia trasversale a tutte le discipline mediche, nessuna esclusa\u201d.<\/p>\n<h2>Cure palliative: l&#8217;importanza del volontariato<\/h2>\n<p><strong>Ci sono strutture di volontariato che operano all\u2019interno del reparto?<\/strong><br \/>\n\u201cCertamente, non dimentichiamo che il Terzo Settore \u00e8 sempre pi\u00f9 presente nelle realt\u00e0 ospedaliere e nel territorio, con specificit\u00e0 e caratteristiche diverse in relazione all\u2019ambiente in cui opera. Ormai da molti anni nella nostra UO di Cure Palliative operano i Volontari dell\u2019Associazione Presenza Amica della quale il Presidente, il Prof. Furio Zucco, \u00e8 cuore pulsante. A lui il ringraziamento per le iniziative di formazione dei volontari, l\u2019entusiasmo, la tenacia, e la spinta a credere fermamente nel valore di ci\u00f2 che si fa\u201d.<\/p><div id=\"ilnot-435215669\" class=\"ilnot-contenuto_2-2 ilnot-entity-placement\"><div class=\"gptslot\" data-adunitid=\"2\"><\/div>\n<\/div>\n<p><strong>Qual \u00e8 lo scopo dell\u2019associazione?<\/strong><br \/>\n\u201cLe Associazioni di Volontariato ormai operano secondo modelli e protocolli, che non lasciano nulla al caso. Le Associazioni di Volontariato sono iscritte in un Registro Nazionale e accedono ai Reparti solo se rispondenti a determinati requisiti. Tutto ci\u00f2 che viene fatto in Reparto e al domicilio dei nostri malati \u00e8 documentato. La preparazione e la formazione sono fondamentali. Nulla si improvvisa: bisogna sapersi mettere accanto ai malati e alle loro famiglie. I Volontari di Presenza Amica sono formati per questo in maniera continua, anche attraverso degli incontri programmati con una psicologa\u201d.<\/p>\n<p><strong>Come si integra l\u2019associazione con le attivit\u00e0 garantite dalla Struttura?<\/strong><br \/>\n\u201cLe attivit\u00e0 dei Volontari ben si integrano nelle attivit\u00e0 del Nostro reparto: a volte si tratta di fare compagnia ad un malato, di leggere un libro insieme a lui, di ascoltare della musica. Spesso sono di supporto alle attivit\u00e0 di infermieri e Oss (ad esempio possono aiutare nella movimentazione o nell\u2019alimentazione se consentito dal personale medico\/ infermieristico). All\u2019inizio di ogni turno i volontari prendono informazioni relative ai singoli malati e sanno esattamente cosa possono fare per ciascuno di essi. Al domicilio sostanzialmente sono di conforto ai malati e di sostegno ai familiari, permettendo loro un momento di sollievo con la loro presenza\u201d.<\/p>\n<p><strong>Rifarebbe lo stesso percorso della sua carriera?<\/strong><br \/>\n\u201cAssolutamente s\u00ec. Qualche giorno fa, dopo una giornata particolarmente impegnativa e dopo un accesso domic i l iare altrettanto impegnativo, raccontando la giornata a mia sorella mi sono trovata a dirle che il mio \u00e8 forse il lavoro pi\u00f9 bello e completo che pu\u00f2 fare un medico\u201d.<\/p><div id=\"ilnot-3651649203\" class=\"ilnot-contenuto_2-2-2 ilnot-entity-placement\"><div class=\"gptslot\" data-adunitid=\"3\"><\/div>\n<\/div>\n<p><strong>Quali sono le difficolt\u00e0 nel dirigere una struttura come questa?<\/strong><br \/>\n\u201cMolta burocrazia e a volte meno tempo per continuare a fare il medico. A volte \u00e8 difficile fare comprendere alle persone con cui lavoro che ci sono regole che vanno considerate e rispettate, che \u00e8 importante e fondamentale la qualit\u00e0 del nostro lavoro, ma che occorre anche dimostrare nei fatti ci\u00f2 che si fa (i famosi numeri), perch\u00e9 poi su quello veniamo giudicati a livello Direzionale. Dimostrare di essere in grado di rispondere a quanto richiesto negli obiettivi \u00e8 fondamentale per l\u2019Asst e per l\u2019Uo stessa\u201d.<\/p>\n<p><strong>Progetti in cantiere?<\/strong><br \/>\n\u201cProgetti in via di partenza sono quelli formativi: quello interno, con il fondamentale supporto del Prof. Zucco, che inizier\u00e0 a met\u00e0 aprile e terminer\u00e0 a dicembre con 8 lezioni tenute da colleghi, allo scopo di sviluppare argomenti individuati dagli operatori stessi con lo scopo di sviluppare le competenze in maniera trasversale. Quello gi\u00e0 menzionato e voluto dal Dipartimento Interaziendale di Cure Palliative ed aperto ai Colleghi di altre Uo con l\u2019obiettivo di fornire gli strumenti per l\u2019individuazione precoce dei bisogni di Cure Palliative nei malati degenti nelle varie Uo. \u00c8 gi\u00e0 iniziato un progetto che ha visto la creazione di un Pdta, per la gestione dei malati affetti da Sla. Ci sono poi progetti in via di realizzazione con i Volontari di Presenza Amica\u201d.<\/p>\n","protected":false},"excerpt":{"rendered":"<p>Garbagnate, come funzionano le Cure palliative in ospedale? All\u2019interno del complesso dell\u2019ospedale di Garbagnate \u00e8 presente anche l\u2019Hospice, una struttura rinomata e all\u2019avanguardia nel campo, purtroppo triste ma importante, delle cure palliative. Per comprendere meglio l\u2019attivit\u00e0 dell\u2019Hospice di Garbagnate, abbiamo intervistato la dottoressa Maria Carmen Toia Direttore Hospice. Garbagnate, Cure palliative intervista a Maria Carmen<\/p>\n","protected":false},"author":14,"featured_media":195399,"comment_status":"closed","ping_status":"closed","sticky":false,"template":"","format":"standard","meta":{"footnotes":""},"categories":[8,20],"tags":[4725,43,219,16752],"class_list":{"0":"post-195398","1":"post","2":"type-post","3":"status-publish","4":"format-standard","5":"has-post-thumbnail","7":"category-bollatese","8":"category-prima-pagina","9":"tag-cure","10":"tag-garbagnate","11":"tag-ospedale","12":"tag-palliative"},"yoast_head":"<!-- This site is optimized with the Yoast SEO plugin v27.5 - https:\/\/yoast.com\/product\/yoast-seo-wordpress\/ -->\n<title>Garbagnate, come funzionano le Cure palliative in ospedale? - Il Notiziario<\/title>\n<meta name=\"description\" content=\"Garbagnate, come funzionano le Cure palliative in ospedale? All\u2019interno del complesso dell\u2019ospedale di Garbagnate \u00e8 presente anche l\u2019Hospice, una\" \/>\n<meta name=\"robots\" content=\"index, follow, max-snippet:-1, max-image-preview:large, max-video-preview:-1\" \/>\n<link rel=\"canonical\" href=\"https:\/\/www.ilnotiziario.net\/wp\/prima-pagina\/garbagnate-come-funzionano-le-cure-palliative-in-ospedale\/\" \/>\n<meta property=\"og:locale\" content=\"it_IT\" \/>\n<meta property=\"og:type\" content=\"article\" \/>\n<meta property=\"og:title\" content=\"Garbagnate, come funzionano le Cure palliative in ospedale? - Il Notiziario\" \/>\n<meta property=\"og:description\" content=\"Garbagnate, come funzionano le Cure palliative in ospedale? All\u2019interno del complesso dell\u2019ospedale di Garbagnate \u00e8 presente anche l\u2019Hospice, una\" \/>\n<meta property=\"og:url\" content=\"https:\/\/www.ilnotiziario.net\/wp\/prima-pagina\/garbagnate-come-funzionano-le-cure-palliative-in-ospedale\/\" \/>\n<meta property=\"og:site_name\" content=\"Il Notiziario\" \/>\n<meta property=\"article:publisher\" content=\"https:\/\/www.facebook.com\/ilnotiziarioind\/\" \/>\n<meta property=\"article:published_time\" content=\"2024-04-28T07:02:21+00:00\" \/>\n<meta property=\"og:image\" content=\"https:\/\/www.ilnotiziario.net\/wp\/wp-content\/uploads\/2024\/04\/Garbagnate-Cure-palliative-ospedale.jpg\" \/>\n\t<meta property=\"og:image:width\" content=\"443\" \/>\n\t<meta property=\"og:image:height\" content=\"332\" \/>\n\t<meta property=\"og:image:type\" content=\"image\/jpeg\" \/>\n<meta name=\"author\" content=\"Silvia Citterio\" \/>\n<meta name=\"twitter:card\" content=\"summary_large_image\" \/>\n<meta name=\"twitter:creator\" content=\"@ilNotiziarioInd\" \/>\n<meta name=\"twitter:site\" content=\"@ilNotiziarioInd\" \/>\n<meta name=\"twitter:label1\" content=\"Scritto da\" \/>\n\t<meta name=\"twitter:data1\" content=\"Silvia Citterio\" \/>\n\t<meta name=\"twitter:label2\" content=\"Tempo di lettura stimato\" \/>\n\t<meta name=\"twitter:data2\" content=\"6 minuti\" \/>\n<script type=\"application\/ld+json\" class=\"yoast-schema-graph\">{\"@context\":\"https:\\\/\\\/schema.org\",\"@graph\":[{\"@type\":\"Article\",\"@id\":\"https:\\\/\\\/www.ilnotiziario.net\\\/wp\\\/prima-pagina\\\/garbagnate-come-funzionano-le-cure-palliative-in-ospedale\\\/#article\",\"isPartOf\":{\"@id\":\"https:\\\/\\\/www.ilnotiziario.net\\\/wp\\\/prima-pagina\\\/garbagnate-come-funzionano-le-cure-palliative-in-ospedale\\\/\"},\"author\":{\"name\":\"Silvia Citterio\",\"@id\":\"https:\\\/\\\/www.ilnotiziario.net\\\/wp\\\/#\\\/schema\\\/person\\\/c5bca2edc3d99d29959f04a6126f687b\"},\"headline\":\"Garbagnate, come funzionano le Cure palliative in ospedale?\",\"datePublished\":\"2024-04-28T07:02:21+00:00\",\"mainEntityOfPage\":{\"@id\":\"https:\\\/\\\/www.ilnotiziario.net\\\/wp\\\/prima-pagina\\\/garbagnate-come-funzionano-le-cure-palliative-in-ospedale\\\/\"},\"wordCount\":935,\"publisher\":{\"@id\":\"https:\\\/\\\/www.ilnotiziario.net\\\/wp\\\/#organization\"},\"image\":{\"@id\":\"https:\\\/\\\/www.ilnotiziario.net\\\/wp\\\/prima-pagina\\\/garbagnate-come-funzionano-le-cure-palliative-in-ospedale\\\/#primaryimage\"},\"thumbnailUrl\":\"https:\\\/\\\/www.ilnotiziario.net\\\/wp\\\/wp-content\\\/uploads\\\/2024\\\/04\\\/Garbagnate-Cure-palliative-ospedale.jpg\",\"keywords\":[\"cure\",\"Garbagnate\",\"ospedale\",\"palliative\"],\"articleSection\":[\"BOLLATESE\",\"Prima Pagina\"],\"inLanguage\":\"it-IT\"},{\"@type\":\"WebPage\",\"@id\":\"https:\\\/\\\/www.ilnotiziario.net\\\/wp\\\/prima-pagina\\\/garbagnate-come-funzionano-le-cure-palliative-in-ospedale\\\/\",\"url\":\"https:\\\/\\\/www.ilnotiziario.net\\\/wp\\\/prima-pagina\\\/garbagnate-come-funzionano-le-cure-palliative-in-ospedale\\\/\",\"name\":\"Garbagnate, come funzionano le Cure palliative in ospedale? - Il Notiziario\",\"isPartOf\":{\"@id\":\"https:\\\/\\\/www.ilnotiziario.net\\\/wp\\\/#website\"},\"primaryImageOfPage\":{\"@id\":\"https:\\\/\\\/www.ilnotiziario.net\\\/wp\\\/prima-pagina\\\/garbagnate-come-funzionano-le-cure-palliative-in-ospedale\\\/#primaryimage\"},\"image\":{\"@id\":\"https:\\\/\\\/www.ilnotiziario.net\\\/wp\\\/prima-pagina\\\/garbagnate-come-funzionano-le-cure-palliative-in-ospedale\\\/#primaryimage\"},\"thumbnailUrl\":\"https:\\\/\\\/www.ilnotiziario.net\\\/wp\\\/wp-content\\\/uploads\\\/2024\\\/04\\\/Garbagnate-Cure-palliative-ospedale.jpg\",\"datePublished\":\"2024-04-28T07:02:21+00:00\",\"description\":\"Garbagnate, come funzionano le Cure palliative in ospedale? All\u2019interno del complesso dell\u2019ospedale di Garbagnate \u00e8 presente anche l\u2019Hospice, una\",\"breadcrumb\":{\"@id\":\"https:\\\/\\\/www.ilnotiziario.net\\\/wp\\\/prima-pagina\\\/garbagnate-come-funzionano-le-cure-palliative-in-ospedale\\\/#breadcrumb\"},\"inLanguage\":\"it-IT\",\"potentialAction\":[{\"@type\":\"ReadAction\",\"target\":[\"https:\\\/\\\/www.ilnotiziario.net\\\/wp\\\/prima-pagina\\\/garbagnate-come-funzionano-le-cure-palliative-in-ospedale\\\/\"]}]},{\"@type\":\"ImageObject\",\"inLanguage\":\"it-IT\",\"@id\":\"https:\\\/\\\/www.ilnotiziario.net\\\/wp\\\/prima-pagina\\\/garbagnate-come-funzionano-le-cure-palliative-in-ospedale\\\/#primaryimage\",\"url\":\"https:\\\/\\\/www.ilnotiziario.net\\\/wp\\\/wp-content\\\/uploads\\\/2024\\\/04\\\/Garbagnate-Cure-palliative-ospedale.jpg\",\"contentUrl\":\"https:\\\/\\\/www.ilnotiziario.net\\\/wp\\\/wp-content\\\/uploads\\\/2024\\\/04\\\/Garbagnate-Cure-palliative-ospedale.jpg\",\"width\":443,\"height\":332,\"caption\":\"Carmen Toia, primario dell'Hospice\"},{\"@type\":\"BreadcrumbList\",\"@id\":\"https:\\\/\\\/www.ilnotiziario.net\\\/wp\\\/prima-pagina\\\/garbagnate-come-funzionano-le-cure-palliative-in-ospedale\\\/#breadcrumb\",\"itemListElement\":[{\"@type\":\"ListItem\",\"position\":1,\"name\":\"tds_text_logo_tagline_colortds_text_logo_tagline_colortds_text_logo_tagline_colortds_text_logo_tagline_colortd_module_7_title_excerpttd_module_7_title_excerpttd_module_7_title_excerpttd_module_7_title_excerptHome\",\"item\":\"https:\\\/\\\/www.ilnotiziario.net\\\/wp\\\/\"},{\"@type\":\"ListItem\",\"position\":2,\"name\":\"Garbagnate, come funzionano le Cure palliative in ospedale?\"}]},{\"@type\":\"WebSite\",\"@id\":\"https:\\\/\\\/www.ilnotiziario.net\\\/wp\\\/#website\",\"url\":\"https:\\\/\\\/www.ilnotiziario.net\\\/wp\\\/\",\"name\":\"Il Notiziario\",\"description\":\"Per restare sempre connessi alla notizia\",\"publisher\":{\"@id\":\"https:\\\/\\\/www.ilnotiziario.net\\\/wp\\\/#organization\"},\"alternateName\":\"Il Notiziario Bollate\",\"potentialAction\":[{\"@type\":\"SearchAction\",\"target\":{\"@type\":\"EntryPoint\",\"urlTemplate\":\"https:\\\/\\\/www.ilnotiziario.net\\\/wp\\\/?s={search_term_string}\"},\"query-input\":{\"@type\":\"PropertyValueSpecification\",\"valueRequired\":true,\"valueName\":\"search_term_string\"}}],\"inLanguage\":\"it-IT\"},{\"@type\":\"Organization\",\"@id\":\"https:\\\/\\\/www.ilnotiziario.net\\\/wp\\\/#organization\",\"name\":\"Il Notiziario\",\"url\":\"https:\\\/\\\/www.ilnotiziario.net\\\/wp\\\/\",\"logo\":{\"@type\":\"ImageObject\",\"inLanguage\":\"it-IT\",\"@id\":\"https:\\\/\\\/www.ilnotiziario.net\\\/wp\\\/#\\\/schema\\\/logo\\\/image\\\/\",\"url\":\"https:\\\/\\\/www.ilnotiziario.net\\\/wp\\\/wp-content\\\/uploads\\\/2022\\\/06\\\/170x170ilN.png\",\"contentUrl\":\"https:\\\/\\\/www.ilnotiziario.net\\\/wp\\\/wp-content\\\/uploads\\\/2022\\\/06\\\/170x170ilN.png\",\"width\":355,\"height\":355,\"caption\":\"Il Notiziario\"},\"image\":{\"@id\":\"https:\\\/\\\/www.ilnotiziario.net\\\/wp\\\/#\\\/schema\\\/logo\\\/image\\\/\"},\"sameAs\":[\"https:\\\/\\\/www.facebook.com\\\/ilnotiziarioind\\\/\",\"https:\\\/\\\/x.com\\\/ilNotiziarioInd\",\"https:\\\/\\\/www.instagram.com\\\/ilnotiziario_settimanale\\\/\"]},{\"@type\":\"Person\",\"@id\":\"https:\\\/\\\/www.ilnotiziario.net\\\/wp\\\/#\\\/schema\\\/person\\\/c5bca2edc3d99d29959f04a6126f687b\",\"name\":\"Silvia Citterio\",\"image\":{\"@type\":\"ImageObject\",\"inLanguage\":\"it-IT\",\"@id\":\"https:\\\/\\\/secure.gravatar.com\\\/avatar\\\/03eb19c63b944e79a9b5ce53ca5d1ca303edcf368a68721ec3ccaae7f98c5afd?s=96&d=mm&r=g\",\"url\":\"https:\\\/\\\/secure.gravatar.com\\\/avatar\\\/03eb19c63b944e79a9b5ce53ca5d1ca303edcf368a68721ec3ccaae7f98c5afd?s=96&d=mm&r=g\",\"contentUrl\":\"https:\\\/\\\/secure.gravatar.com\\\/avatar\\\/03eb19c63b944e79a9b5ce53ca5d1ca303edcf368a68721ec3ccaae7f98c5afd?s=96&d=mm&r=g\",\"caption\":\"Silvia Citterio\"}}]}<\/script>\n<!-- \/ Yoast SEO plugin. -->","yoast_head_json":{"title":"Garbagnate, come funzionano le Cure palliative in ospedale? - Il Notiziario","description":"Garbagnate, come funzionano le Cure palliative in ospedale? All\u2019interno del complesso dell\u2019ospedale di Garbagnate \u00e8 presente anche l\u2019Hospice, una","robots":{"index":"index","follow":"follow","max-snippet":"max-snippet:-1","max-image-preview":"max-image-preview:large","max-video-preview":"max-video-preview:-1"},"canonical":"https:\/\/www.ilnotiziario.net\/wp\/prima-pagina\/garbagnate-come-funzionano-le-cure-palliative-in-ospedale\/","og_locale":"it_IT","og_type":"article","og_title":"Garbagnate, come funzionano le Cure palliative in ospedale? - Il Notiziario","og_description":"Garbagnate, come funzionano le Cure palliative in ospedale? All\u2019interno del complesso dell\u2019ospedale di Garbagnate \u00e8 presente anche l\u2019Hospice, una","og_url":"https:\/\/www.ilnotiziario.net\/wp\/prima-pagina\/garbagnate-come-funzionano-le-cure-palliative-in-ospedale\/","og_site_name":"Il Notiziario","article_publisher":"https:\/\/www.facebook.com\/ilnotiziarioind\/","article_published_time":"2024-04-28T07:02:21+00:00","og_image":[{"width":443,"height":332,"url":"https:\/\/www.ilnotiziario.net\/wp\/wp-content\/uploads\/2024\/04\/Garbagnate-Cure-palliative-ospedale.jpg","type":"image\/jpeg"}],"author":"Silvia Citterio","twitter_card":"summary_large_image","twitter_creator":"@ilNotiziarioInd","twitter_site":"@ilNotiziarioInd","twitter_misc":{"Scritto da":"Silvia Citterio","Tempo di lettura stimato":"6 minuti"},"schema":{"@context":"https:\/\/schema.org","@graph":[{"@type":"Article","@id":"https:\/\/www.ilnotiziario.net\/wp\/prima-pagina\/garbagnate-come-funzionano-le-cure-palliative-in-ospedale\/#article","isPartOf":{"@id":"https:\/\/www.ilnotiziario.net\/wp\/prima-pagina\/garbagnate-come-funzionano-le-cure-palliative-in-ospedale\/"},"author":{"name":"Silvia Citterio","@id":"https:\/\/www.ilnotiziario.net\/wp\/#\/schema\/person\/c5bca2edc3d99d29959f04a6126f687b"},"headline":"Garbagnate, come funzionano le Cure palliative in ospedale?","datePublished":"2024-04-28T07:02:21+00:00","mainEntityOfPage":{"@id":"https:\/\/www.ilnotiziario.net\/wp\/prima-pagina\/garbagnate-come-funzionano-le-cure-palliative-in-ospedale\/"},"wordCount":935,"publisher":{"@id":"https:\/\/www.ilnotiziario.net\/wp\/#organization"},"image":{"@id":"https:\/\/www.ilnotiziario.net\/wp\/prima-pagina\/garbagnate-come-funzionano-le-cure-palliative-in-ospedale\/#primaryimage"},"thumbnailUrl":"https:\/\/www.ilnotiziario.net\/wp\/wp-content\/uploads\/2024\/04\/Garbagnate-Cure-palliative-ospedale.jpg","keywords":["cure","Garbagnate","ospedale","palliative"],"articleSection":["BOLLATESE","Prima Pagina"],"inLanguage":"it-IT"},{"@type":"WebPage","@id":"https:\/\/www.ilnotiziario.net\/wp\/prima-pagina\/garbagnate-come-funzionano-le-cure-palliative-in-ospedale\/","url":"https:\/\/www.ilnotiziario.net\/wp\/prima-pagina\/garbagnate-come-funzionano-le-cure-palliative-in-ospedale\/","name":"Garbagnate, come funzionano le Cure palliative in ospedale? - Il Notiziario","isPartOf":{"@id":"https:\/\/www.ilnotiziario.net\/wp\/#website"},"primaryImageOfPage":{"@id":"https:\/\/www.ilnotiziario.net\/wp\/prima-pagina\/garbagnate-come-funzionano-le-cure-palliative-in-ospedale\/#primaryimage"},"image":{"@id":"https:\/\/www.ilnotiziario.net\/wp\/prima-pagina\/garbagnate-come-funzionano-le-cure-palliative-in-ospedale\/#primaryimage"},"thumbnailUrl":"https:\/\/www.ilnotiziario.net\/wp\/wp-content\/uploads\/2024\/04\/Garbagnate-Cure-palliative-ospedale.jpg","datePublished":"2024-04-28T07:02:21+00:00","description":"Garbagnate, come funzionano le Cure palliative in ospedale? All\u2019interno del complesso dell\u2019ospedale di Garbagnate \u00e8 presente anche l\u2019Hospice, una","breadcrumb":{"@id":"https:\/\/www.ilnotiziario.net\/wp\/prima-pagina\/garbagnate-come-funzionano-le-cure-palliative-in-ospedale\/#breadcrumb"},"inLanguage":"it-IT","potentialAction":[{"@type":"ReadAction","target":["https:\/\/www.ilnotiziario.net\/wp\/prima-pagina\/garbagnate-come-funzionano-le-cure-palliative-in-ospedale\/"]}]},{"@type":"ImageObject","inLanguage":"it-IT","@id":"https:\/\/www.ilnotiziario.net\/wp\/prima-pagina\/garbagnate-come-funzionano-le-cure-palliative-in-ospedale\/#primaryimage","url":"https:\/\/www.ilnotiziario.net\/wp\/wp-content\/uploads\/2024\/04\/Garbagnate-Cure-palliative-ospedale.jpg","contentUrl":"https:\/\/www.ilnotiziario.net\/wp\/wp-content\/uploads\/2024\/04\/Garbagnate-Cure-palliative-ospedale.jpg","width":443,"height":332,"caption":"Carmen Toia, primario dell'Hospice"},{"@type":"BreadcrumbList","@id":"https:\/\/www.ilnotiziario.net\/wp\/prima-pagina\/garbagnate-come-funzionano-le-cure-palliative-in-ospedale\/#breadcrumb","itemListElement":[{"@type":"ListItem","position":1,"name":"tds_text_logo_tagline_colortds_text_logo_tagline_colortds_text_logo_tagline_colortds_text_logo_tagline_colortd_module_7_title_excerpttd_module_7_title_excerpttd_module_7_title_excerpttd_module_7_title_excerptHome","item":"https:\/\/www.ilnotiziario.net\/wp\/"},{"@type":"ListItem","position":2,"name":"Garbagnate, come funzionano le Cure palliative in ospedale?"}]},{"@type":"WebSite","@id":"https:\/\/www.ilnotiziario.net\/wp\/#website","url":"https:\/\/www.ilnotiziario.net\/wp\/","name":"Il Notiziario","description":"Per restare sempre connessi alla notizia","publisher":{"@id":"https:\/\/www.ilnotiziario.net\/wp\/#organization"},"alternateName":"Il Notiziario Bollate","potentialAction":[{"@type":"SearchAction","target":{"@type":"EntryPoint","urlTemplate":"https:\/\/www.ilnotiziario.net\/wp\/?s={search_term_string}"},"query-input":{"@type":"PropertyValueSpecification","valueRequired":true,"valueName":"search_term_string"}}],"inLanguage":"it-IT"},{"@type":"Organization","@id":"https:\/\/www.ilnotiziario.net\/wp\/#organization","name":"Il Notiziario","url":"https:\/\/www.ilnotiziario.net\/wp\/","logo":{"@type":"ImageObject","inLanguage":"it-IT","@id":"https:\/\/www.ilnotiziario.net\/wp\/#\/schema\/logo\/image\/","url":"https:\/\/www.ilnotiziario.net\/wp\/wp-content\/uploads\/2022\/06\/170x170ilN.png","contentUrl":"https:\/\/www.ilnotiziario.net\/wp\/wp-content\/uploads\/2022\/06\/170x170ilN.png","width":355,"height":355,"caption":"Il Notiziario"},"image":{"@id":"https:\/\/www.ilnotiziario.net\/wp\/#\/schema\/logo\/image\/"},"sameAs":["https:\/\/www.facebook.com\/ilnotiziarioind\/","https:\/\/x.com\/ilNotiziarioInd","https:\/\/www.instagram.com\/ilnotiziario_settimanale\/"]},{"@type":"Person","@id":"https:\/\/www.ilnotiziario.net\/wp\/#\/schema\/person\/c5bca2edc3d99d29959f04a6126f687b","name":"Silvia Citterio","image":{"@type":"ImageObject","inLanguage":"it-IT","@id":"https:\/\/secure.gravatar.com\/avatar\/03eb19c63b944e79a9b5ce53ca5d1ca303edcf368a68721ec3ccaae7f98c5afd?s=96&d=mm&r=g","url":"https:\/\/secure.gravatar.com\/avatar\/03eb19c63b944e79a9b5ce53ca5d1ca303edcf368a68721ec3ccaae7f98c5afd?s=96&d=mm&r=g","contentUrl":"https:\/\/secure.gravatar.com\/avatar\/03eb19c63b944e79a9b5ce53ca5d1ca303edcf368a68721ec3ccaae7f98c5afd?s=96&d=mm&r=g","caption":"Silvia Citterio"}}]}},"_links":{"self":[{"href":"https:\/\/www.ilnotiziario.net\/wp\/wp-json\/wp\/v2\/posts\/195398","targetHints":{"allow":["GET"]}}],"collection":[{"href":"https:\/\/www.ilnotiziario.net\/wp\/wp-json\/wp\/v2\/posts"}],"about":[{"href":"https:\/\/www.ilnotiziario.net\/wp\/wp-json\/wp\/v2\/types\/post"}],"author":[{"embeddable":true,"href":"https:\/\/www.ilnotiziario.net\/wp\/wp-json\/wp\/v2\/users\/14"}],"replies":[{"embeddable":true,"href":"https:\/\/www.ilnotiziario.net\/wp\/wp-json\/wp\/v2\/comments?post=195398"}],"version-history":[{"count":0,"href":"https:\/\/www.ilnotiziario.net\/wp\/wp-json\/wp\/v2\/posts\/195398\/revisions"}],"wp:featuredmedia":[{"embeddable":true,"href":"https:\/\/www.ilnotiziario.net\/wp\/wp-json\/wp\/v2\/media\/195399"}],"wp:attachment":[{"href":"https:\/\/www.ilnotiziario.net\/wp\/wp-json\/wp\/v2\/media?parent=195398"}],"wp:term":[{"taxonomy":"category","embeddable":true,"href":"https:\/\/www.ilnotiziario.net\/wp\/wp-json\/wp\/v2\/categories?post=195398"},{"taxonomy":"post_tag","embeddable":true,"href":"https:\/\/www.ilnotiziario.net\/wp\/wp-json\/wp\/v2\/tags?post=195398"}],"curies":[{"name":"wp","href":"https:\/\/api.w.org\/{rel}","templated":true}]}}