{"id":196926,"date":"2024-06-14T20:18:18","date_gmt":"2024-06-14T18:18:18","guid":{"rendered":"https:\/\/www.ilnotiziario.net\/wp\/?p=196926"},"modified":"2024-06-14T18:19:07","modified_gmt":"2024-06-14T16:19:07","slug":"novate-esercitazione-e-festa-sabato-per-il-40-della-sos","status":"publish","type":"post","link":"https:\/\/www.ilnotiziario.net\/wp\/prima-pagina\/novate-esercitazione-e-festa-sabato-per-il-40-della-sos\/","title":{"rendered":"Novate, esercitazione e festa sabato per il 40\u00b0 della Sos"},"content":{"rendered":"<p>Novate, esercitazione e festa sabato per il 40\u00b0 della Sos.<br \/>\nPer la Sos Novate, dopo 40 anni di altruismo e servizio a chi era in difficolt\u00e0, \u00e8 arrivato finalmente il momento di prendersi una pausa per fare festa.<\/p><div id=\"ilnot-3013467392\" class=\"ilnot-contenuto ilnot-entity-placement\"><p><!-- incontent_1 --><\/p>\n<div class=\"gptslot\" data-adunitid=\"1\"><\/div>\n<\/div>\n<p>S\u00ec, perch\u00e9 l\u2019associazione di soccorso, che rappresenta un vero e proprio fiore all\u2019occhiello per la nostra citt\u00e0, questo sabato sera, 15 giugno, organizza una grande festa aperta a tutti negli spazi dell\u2019oratorio San Carlo. La festa avr\u00e0 inizio alle ore 21 con una serata musicale che vedr\u00e0 come protagonisti Dj Gianluca e Melina, la panettiera cantante di piazza della Chiesa, che proporranno una serata anni 70, 80 e 90, ma anche latin dance e animazione. Per tutta la serata sar\u00e0 anche attivo il servizio bar.<\/p>\n<p>Ma non \u00e8 tutto, perch\u00e9 sempre sabato, per\u00f2 nel pomeriggio, sempre nell\u2019ambito delle celebrazioni per i 40 anni della Sos Novate, l\u2019associazione organizza sul territorio di Novate in un\u2019area di via Beltrami a partire dalle ore 13 circa un\u2019esercitazione di maxi emergenza che vedr\u00e0 coinvolte diverse ambulanze insieme a protezione civile, vigili del fuoco e carabinieri.<\/p><div id=\"ilnot-744178090\" class=\"ilnot-contenuto_2 ilnot-entity-placement\"><div class=\"ads-wrapper\">\n<div class=\"ad-slot\">\n   <div id=\"ilnot-422142875\" style=\"margin-right: auto;margin-left: auto;text-align: center;width: 320px;height: 100px;\"><a href=\"https:\/\/www.scuolasicurezza.it\/\"><img decoding=\"async\" src=\"https:\/\/www.ilnotiziario.net\/wp\/wp-content\/uploads\/2026\/04\/IlNotiziario_banner-sito-e-newsletter-320-x-100-px-1.gif\" alt=\"\"><\/a><\/div>\n  <\/div>\n<div class=\"ad-slot\">\n   <div id=\"ilnot-112558133\" style=\"margin-right: auto;margin-left: auto;text-align: center;width: 320px;height: 100px;\"><a href=\"https:\/\/purodesignarredamenti.com\/\"><img decoding=\"async\" src=\"https:\/\/www.ilnotiziario.net\/wp\/wp-content\/uploads\/2026\/04\/banner-puro-ok.gif\" alt=\"whatsapp\"><\/a><\/div><\/p><\/div>\n<\/div>\n<\/div>\n<h2>Novate, 40\u00b0 della Sos: modifica della viabilit\u00e0<\/h2>\n<p>Inoltre, sabato dalle 10 alle 18, in occasione dell\u2019esercitazione di Protezione civile nell\u2019ambito delle celebrazioni del 40\u00b0 della Sos Novate, la via Fratelli Beltrami sar\u00e0 chiusa al traffico nel tratto tra l\u2019incrocio con via Vialba e la rotatoria del cavalcavia.<\/p>\n","protected":false},"excerpt":{"rendered":"<p>Novate, esercitazione e festa sabato per il 40\u00b0 della Sos. Per la Sos Novate, dopo 40 anni di altruismo e servizio a chi era in difficolt\u00e0, \u00e8 arrivato finalmente il momento di prendersi una pausa per fare festa. S\u00ec, perch\u00e9 l\u2019associazione di soccorso, che rappresenta un vero e proprio fiore all\u2019occhiello per la nostra citt\u00e0,<\/p>\n","protected":false},"author":14,"featured_media":196927,"comment_status":"closed","ping_status":"closed","sticky":false,"template":"","format":"standard","meta":{"footnotes":""},"categories":[8,20],"tags":[3297,130,172,931],"class_list":{"0":"post-196926","1":"post","2":"type-post","3":"status-publish","4":"format-standard","5":"has-post-thumbnail","7":"category-bollatese","8":"category-prima-pagina","9":"tag-esercitazione","10":"tag-festa","11":"tag-novate","12":"tag-sos"},"yoast_head":"<!-- This site is optimized with the Yoast SEO plugin v27.4 - https:\/\/yoast.com\/product\/yoast-seo-wordpress\/ -->\n<title>Novate, esercitazione e festa sabato per il 40\u00b0 della Sos - Il Notiziario<\/title>\n<meta name=\"description\" content=\"Novate, esercitazione e festa sabato per il 40\u00b0 della Sos. Per la Sos Novate, dopo 40 anni di altruismo e servizio a chi era in difficolt\u00e0, \u00e8 arrivato\" \/>\n<meta name=\"robots\" content=\"index, follow, max-snippet:-1, max-image-preview:large, max-video-preview:-1\" \/>\n<link rel=\"canonical\" href=\"https:\/\/www.ilnotiziario.net\/wp\/prima-pagina\/novate-esercitazione-e-festa-sabato-per-il-40-della-sos\/\" \/>\n<meta property=\"og:locale\" content=\"it_IT\" \/>\n<meta property=\"og:type\" content=\"article\" \/>\n<meta property=\"og:title\" content=\"Novate, esercitazione e festa sabato per il 40\u00b0 della Sos - Il Notiziario\" \/>\n<meta property=\"og:description\" content=\"Novate, esercitazione e festa sabato per il 40\u00b0 della Sos. Per la Sos Novate, dopo 40 anni di altruismo e servizio a chi era in difficolt\u00e0, \u00e8 arrivato\" \/>\n<meta property=\"og:url\" content=\"https:\/\/www.ilnotiziario.net\/wp\/prima-pagina\/novate-esercitazione-e-festa-sabato-per-il-40-della-sos\/\" \/>\n<meta property=\"og:site_name\" content=\"Il Notiziario\" \/>\n<meta property=\"article:publisher\" content=\"https:\/\/www.facebook.com\/ilnotiziarioind\/\" \/>\n<meta property=\"article:published_time\" content=\"2024-06-14T18:18:18+00:00\" \/>\n<meta property=\"og:image\" content=\"https:\/\/www.ilnotiziario.net\/wp\/wp-content\/uploads\/2024\/06\/Novate-esercitazione-festa-Sos.jpg\" \/>\n\t<meta property=\"og:image:width\" content=\"1034\" \/>\n\t<meta property=\"og:image:height\" content=\"730\" \/>\n\t<meta property=\"og:image:type\" content=\"image\/jpeg\" \/>\n<meta name=\"author\" content=\"Silvia Citterio\" \/>\n<meta name=\"twitter:card\" content=\"summary_large_image\" \/>\n<meta name=\"twitter:creator\" content=\"@ilNotiziarioInd\" \/>\n<meta name=\"twitter:site\" content=\"@ilNotiziarioInd\" \/>\n<meta name=\"twitter:label1\" content=\"Scritto da\" \/>\n\t<meta name=\"twitter:data1\" content=\"Silvia Citterio\" \/>\n\t<meta name=\"twitter:label2\" content=\"Tempo di lettura stimato\" \/>\n\t<meta name=\"twitter:data2\" content=\"2 minuti\" \/>\n<script type=\"application\/ld+json\" class=\"yoast-schema-graph\">{\"@context\":\"https:\\\/\\\/schema.org\",\"@graph\":[{\"@type\":\"Article\",\"@id\":\"https:\\\/\\\/www.ilnotiziario.net\\\/wp\\\/prima-pagina\\\/novate-esercitazione-e-festa-sabato-per-il-40-della-sos\\\/#article\",\"isPartOf\":{\"@id\":\"https:\\\/\\\/www.ilnotiziario.net\\\/wp\\\/prima-pagina\\\/novate-esercitazione-e-festa-sabato-per-il-40-della-sos\\\/\"},\"author\":{\"name\":\"Silvia Citterio\",\"@id\":\"https:\\\/\\\/www.ilnotiziario.net\\\/wp\\\/#\\\/schema\\\/person\\\/c5bca2edc3d99d29959f04a6126f687b\"},\"headline\":\"Novate, esercitazione e festa sabato per il 40\u00b0 della Sos\",\"datePublished\":\"2024-06-14T18:18:18+00:00\",\"mainEntityOfPage\":{\"@id\":\"https:\\\/\\\/www.ilnotiziario.net\\\/wp\\\/prima-pagina\\\/novate-esercitazione-e-festa-sabato-per-il-40-della-sos\\\/\"},\"wordCount\":230,\"publisher\":{\"@id\":\"https:\\\/\\\/www.ilnotiziario.net\\\/wp\\\/#organization\"},\"image\":{\"@id\":\"https:\\\/\\\/www.ilnotiziario.net\\\/wp\\\/prima-pagina\\\/novate-esercitazione-e-festa-sabato-per-il-40-della-sos\\\/#primaryimage\"},\"thumbnailUrl\":\"https:\\\/\\\/www.ilnotiziario.net\\\/wp\\\/wp-content\\\/uploads\\\/2024\\\/06\\\/Novate-esercitazione-festa-Sos.jpg\",\"keywords\":[\"Esercitazione\",\"festa\",\"novate\",\"Sos\"],\"articleSection\":[\"BOLLATESE\",\"Prima Pagina\"],\"inLanguage\":\"it-IT\"},{\"@type\":\"WebPage\",\"@id\":\"https:\\\/\\\/www.ilnotiziario.net\\\/wp\\\/prima-pagina\\\/novate-esercitazione-e-festa-sabato-per-il-40-della-sos\\\/\",\"url\":\"https:\\\/\\\/www.ilnotiziario.net\\\/wp\\\/prima-pagina\\\/novate-esercitazione-e-festa-sabato-per-il-40-della-sos\\\/\",\"name\":\"Novate, esercitazione e festa sabato per il 40\u00b0 della Sos - Il Notiziario\",\"isPartOf\":{\"@id\":\"https:\\\/\\\/www.ilnotiziario.net\\\/wp\\\/#website\"},\"primaryImageOfPage\":{\"@id\":\"https:\\\/\\\/www.ilnotiziario.net\\\/wp\\\/prima-pagina\\\/novate-esercitazione-e-festa-sabato-per-il-40-della-sos\\\/#primaryimage\"},\"image\":{\"@id\":\"https:\\\/\\\/www.ilnotiziario.net\\\/wp\\\/prima-pagina\\\/novate-esercitazione-e-festa-sabato-per-il-40-della-sos\\\/#primaryimage\"},\"thumbnailUrl\":\"https:\\\/\\\/www.ilnotiziario.net\\\/wp\\\/wp-content\\\/uploads\\\/2024\\\/06\\\/Novate-esercitazione-festa-Sos.jpg\",\"datePublished\":\"2024-06-14T18:18:18+00:00\",\"description\":\"Novate, esercitazione e festa sabato per il 40\u00b0 della Sos. Per la Sos Novate, dopo 40 anni di altruismo e servizio a chi era in difficolt\u00e0, \u00e8 arrivato\",\"breadcrumb\":{\"@id\":\"https:\\\/\\\/www.ilnotiziario.net\\\/wp\\\/prima-pagina\\\/novate-esercitazione-e-festa-sabato-per-il-40-della-sos\\\/#breadcrumb\"},\"inLanguage\":\"it-IT\",\"potentialAction\":[{\"@type\":\"ReadAction\",\"target\":[\"https:\\\/\\\/www.ilnotiziario.net\\\/wp\\\/prima-pagina\\\/novate-esercitazione-e-festa-sabato-per-il-40-della-sos\\\/\"]}]},{\"@type\":\"ImageObject\",\"inLanguage\":\"it-IT\",\"@id\":\"https:\\\/\\\/www.ilnotiziario.net\\\/wp\\\/prima-pagina\\\/novate-esercitazione-e-festa-sabato-per-il-40-della-sos\\\/#primaryimage\",\"url\":\"https:\\\/\\\/www.ilnotiziario.net\\\/wp\\\/wp-content\\\/uploads\\\/2024\\\/06\\\/Novate-esercitazione-festa-Sos.jpg\",\"contentUrl\":\"https:\\\/\\\/www.ilnotiziario.net\\\/wp\\\/wp-content\\\/uploads\\\/2024\\\/06\\\/Novate-esercitazione-festa-Sos.jpg\",\"width\":1034,\"height\":730,\"caption\":\"Novate esercitazione festa Sos\"},{\"@type\":\"BreadcrumbList\",\"@id\":\"https:\\\/\\\/www.ilnotiziario.net\\\/wp\\\/prima-pagina\\\/novate-esercitazione-e-festa-sabato-per-il-40-della-sos\\\/#breadcrumb\",\"itemListElement\":[{\"@type\":\"ListItem\",\"position\":1,\"name\":\"tds_text_logo_tagline_colortds_text_logo_tagline_colortds_text_logo_tagline_colortds_text_logo_tagline_colortd_module_7_title_excerpttd_module_7_title_excerpttd_module_7_title_excerpttd_module_7_title_excerptHome\",\"item\":\"https:\\\/\\\/www.ilnotiziario.net\\\/wp\\\/\"},{\"@type\":\"ListItem\",\"position\":2,\"name\":\"Novate, esercitazione e festa sabato per il 40\u00b0 della Sos\"}]},{\"@type\":\"WebSite\",\"@id\":\"https:\\\/\\\/www.ilnotiziario.net\\\/wp\\\/#website\",\"url\":\"https:\\\/\\\/www.ilnotiziario.net\\\/wp\\\/\",\"name\":\"Il Notiziario\",\"description\":\"Per restare sempre connessi alla notizia\",\"publisher\":{\"@id\":\"https:\\\/\\\/www.ilnotiziario.net\\\/wp\\\/#organization\"},\"alternateName\":\"Il Notiziario Bollate\",\"potentialAction\":[{\"@type\":\"SearchAction\",\"target\":{\"@type\":\"EntryPoint\",\"urlTemplate\":\"https:\\\/\\\/www.ilnotiziario.net\\\/wp\\\/?s={search_term_string}\"},\"query-input\":{\"@type\":\"PropertyValueSpecification\",\"valueRequired\":true,\"valueName\":\"search_term_string\"}}],\"inLanguage\":\"it-IT\"},{\"@type\":\"Organization\",\"@id\":\"https:\\\/\\\/www.ilnotiziario.net\\\/wp\\\/#organization\",\"name\":\"Il Notiziario\",\"url\":\"https:\\\/\\\/www.ilnotiziario.net\\\/wp\\\/\",\"logo\":{\"@type\":\"ImageObject\",\"inLanguage\":\"it-IT\",\"@id\":\"https:\\\/\\\/www.ilnotiziario.net\\\/wp\\\/#\\\/schema\\\/logo\\\/image\\\/\",\"url\":\"https:\\\/\\\/www.ilnotiziario.net\\\/wp\\\/wp-content\\\/uploads\\\/2022\\\/06\\\/170x170ilN.png\",\"contentUrl\":\"https:\\\/\\\/www.ilnotiziario.net\\\/wp\\\/wp-content\\\/uploads\\\/2022\\\/06\\\/170x170ilN.png\",\"width\":355,\"height\":355,\"caption\":\"Il Notiziario\"},\"image\":{\"@id\":\"https:\\\/\\\/www.ilnotiziario.net\\\/wp\\\/#\\\/schema\\\/logo\\\/image\\\/\"},\"sameAs\":[\"https:\\\/\\\/www.facebook.com\\\/ilnotiziarioind\\\/\",\"https:\\\/\\\/x.com\\\/ilNotiziarioInd\",\"https:\\\/\\\/www.instagram.com\\\/ilnotiziario_settimanale\\\/\"]},{\"@type\":\"Person\",\"@id\":\"https:\\\/\\\/www.ilnotiziario.net\\\/wp\\\/#\\\/schema\\\/person\\\/c5bca2edc3d99d29959f04a6126f687b\",\"name\":\"Silvia Citterio\",\"image\":{\"@type\":\"ImageObject\",\"inLanguage\":\"it-IT\",\"@id\":\"https:\\\/\\\/secure.gravatar.com\\\/avatar\\\/03eb19c63b944e79a9b5ce53ca5d1ca303edcf368a68721ec3ccaae7f98c5afd?s=96&d=mm&r=g\",\"url\":\"https:\\\/\\\/secure.gravatar.com\\\/avatar\\\/03eb19c63b944e79a9b5ce53ca5d1ca303edcf368a68721ec3ccaae7f98c5afd?s=96&d=mm&r=g\",\"contentUrl\":\"https:\\\/\\\/secure.gravatar.com\\\/avatar\\\/03eb19c63b944e79a9b5ce53ca5d1ca303edcf368a68721ec3ccaae7f98c5afd?s=96&d=mm&r=g\",\"caption\":\"Silvia Citterio\"}}]}<\/script>\n<!-- \/ Yoast SEO plugin. -->","yoast_head_json":{"title":"Novate, esercitazione e festa sabato per il 40\u00b0 della Sos - Il Notiziario","description":"Novate, esercitazione e festa sabato per il 40\u00b0 della Sos. Per la Sos Novate, dopo 40 anni di altruismo e servizio a chi era in difficolt\u00e0, \u00e8 arrivato","robots":{"index":"index","follow":"follow","max-snippet":"max-snippet:-1","max-image-preview":"max-image-preview:large","max-video-preview":"max-video-preview:-1"},"canonical":"https:\/\/www.ilnotiziario.net\/wp\/prima-pagina\/novate-esercitazione-e-festa-sabato-per-il-40-della-sos\/","og_locale":"it_IT","og_type":"article","og_title":"Novate, esercitazione e festa sabato per il 40\u00b0 della Sos - Il Notiziario","og_description":"Novate, esercitazione e festa sabato per il 40\u00b0 della Sos. Per la Sos Novate, dopo 40 anni di altruismo e servizio a chi era in difficolt\u00e0, \u00e8 arrivato","og_url":"https:\/\/www.ilnotiziario.net\/wp\/prima-pagina\/novate-esercitazione-e-festa-sabato-per-il-40-della-sos\/","og_site_name":"Il Notiziario","article_publisher":"https:\/\/www.facebook.com\/ilnotiziarioind\/","article_published_time":"2024-06-14T18:18:18+00:00","og_image":[{"width":1034,"height":730,"url":"https:\/\/www.ilnotiziario.net\/wp\/wp-content\/uploads\/2024\/06\/Novate-esercitazione-festa-Sos.jpg","type":"image\/jpeg"}],"author":"Silvia Citterio","twitter_card":"summary_large_image","twitter_creator":"@ilNotiziarioInd","twitter_site":"@ilNotiziarioInd","twitter_misc":{"Scritto da":"Silvia Citterio","Tempo di lettura stimato":"2 minuti"},"schema":{"@context":"https:\/\/schema.org","@graph":[{"@type":"Article","@id":"https:\/\/www.ilnotiziario.net\/wp\/prima-pagina\/novate-esercitazione-e-festa-sabato-per-il-40-della-sos\/#article","isPartOf":{"@id":"https:\/\/www.ilnotiziario.net\/wp\/prima-pagina\/novate-esercitazione-e-festa-sabato-per-il-40-della-sos\/"},"author":{"name":"Silvia Citterio","@id":"https:\/\/www.ilnotiziario.net\/wp\/#\/schema\/person\/c5bca2edc3d99d29959f04a6126f687b"},"headline":"Novate, esercitazione e festa sabato per il 40\u00b0 della Sos","datePublished":"2024-06-14T18:18:18+00:00","mainEntityOfPage":{"@id":"https:\/\/www.ilnotiziario.net\/wp\/prima-pagina\/novate-esercitazione-e-festa-sabato-per-il-40-della-sos\/"},"wordCount":230,"publisher":{"@id":"https:\/\/www.ilnotiziario.net\/wp\/#organization"},"image":{"@id":"https:\/\/www.ilnotiziario.net\/wp\/prima-pagina\/novate-esercitazione-e-festa-sabato-per-il-40-della-sos\/#primaryimage"},"thumbnailUrl":"https:\/\/www.ilnotiziario.net\/wp\/wp-content\/uploads\/2024\/06\/Novate-esercitazione-festa-Sos.jpg","keywords":["Esercitazione","festa","novate","Sos"],"articleSection":["BOLLATESE","Prima Pagina"],"inLanguage":"it-IT"},{"@type":"WebPage","@id":"https:\/\/www.ilnotiziario.net\/wp\/prima-pagina\/novate-esercitazione-e-festa-sabato-per-il-40-della-sos\/","url":"https:\/\/www.ilnotiziario.net\/wp\/prima-pagina\/novate-esercitazione-e-festa-sabato-per-il-40-della-sos\/","name":"Novate, esercitazione e festa sabato per il 40\u00b0 della Sos - Il Notiziario","isPartOf":{"@id":"https:\/\/www.ilnotiziario.net\/wp\/#website"},"primaryImageOfPage":{"@id":"https:\/\/www.ilnotiziario.net\/wp\/prima-pagina\/novate-esercitazione-e-festa-sabato-per-il-40-della-sos\/#primaryimage"},"image":{"@id":"https:\/\/www.ilnotiziario.net\/wp\/prima-pagina\/novate-esercitazione-e-festa-sabato-per-il-40-della-sos\/#primaryimage"},"thumbnailUrl":"https:\/\/www.ilnotiziario.net\/wp\/wp-content\/uploads\/2024\/06\/Novate-esercitazione-festa-Sos.jpg","datePublished":"2024-06-14T18:18:18+00:00","description":"Novate, esercitazione e festa sabato per il 40\u00b0 della Sos. Per la Sos Novate, dopo 40 anni di altruismo e servizio a chi era in difficolt\u00e0, \u00e8 arrivato","breadcrumb":{"@id":"https:\/\/www.ilnotiziario.net\/wp\/prima-pagina\/novate-esercitazione-e-festa-sabato-per-il-40-della-sos\/#breadcrumb"},"inLanguage":"it-IT","potentialAction":[{"@type":"ReadAction","target":["https:\/\/www.ilnotiziario.net\/wp\/prima-pagina\/novate-esercitazione-e-festa-sabato-per-il-40-della-sos\/"]}]},{"@type":"ImageObject","inLanguage":"it-IT","@id":"https:\/\/www.ilnotiziario.net\/wp\/prima-pagina\/novate-esercitazione-e-festa-sabato-per-il-40-della-sos\/#primaryimage","url":"https:\/\/www.ilnotiziario.net\/wp\/wp-content\/uploads\/2024\/06\/Novate-esercitazione-festa-Sos.jpg","contentUrl":"https:\/\/www.ilnotiziario.net\/wp\/wp-content\/uploads\/2024\/06\/Novate-esercitazione-festa-Sos.jpg","width":1034,"height":730,"caption":"Novate esercitazione festa Sos"},{"@type":"BreadcrumbList","@id":"https:\/\/www.ilnotiziario.net\/wp\/prima-pagina\/novate-esercitazione-e-festa-sabato-per-il-40-della-sos\/#breadcrumb","itemListElement":[{"@type":"ListItem","position":1,"name":"tds_text_logo_tagline_colortds_text_logo_tagline_colortds_text_logo_tagline_colortds_text_logo_tagline_colortd_module_7_title_excerpttd_module_7_title_excerpttd_module_7_title_excerpttd_module_7_title_excerptHome","item":"https:\/\/www.ilnotiziario.net\/wp\/"},{"@type":"ListItem","position":2,"name":"Novate, esercitazione e festa sabato per il 40\u00b0 della Sos"}]},{"@type":"WebSite","@id":"https:\/\/www.ilnotiziario.net\/wp\/#website","url":"https:\/\/www.ilnotiziario.net\/wp\/","name":"Il Notiziario","description":"Per restare sempre connessi alla notizia","publisher":{"@id":"https:\/\/www.ilnotiziario.net\/wp\/#organization"},"alternateName":"Il Notiziario Bollate","potentialAction":[{"@type":"SearchAction","target":{"@type":"EntryPoint","urlTemplate":"https:\/\/www.ilnotiziario.net\/wp\/?s={search_term_string}"},"query-input":{"@type":"PropertyValueSpecification","valueRequired":true,"valueName":"search_term_string"}}],"inLanguage":"it-IT"},{"@type":"Organization","@id":"https:\/\/www.ilnotiziario.net\/wp\/#organization","name":"Il Notiziario","url":"https:\/\/www.ilnotiziario.net\/wp\/","logo":{"@type":"ImageObject","inLanguage":"it-IT","@id":"https:\/\/www.ilnotiziario.net\/wp\/#\/schema\/logo\/image\/","url":"https:\/\/www.ilnotiziario.net\/wp\/wp-content\/uploads\/2022\/06\/170x170ilN.png","contentUrl":"https:\/\/www.ilnotiziario.net\/wp\/wp-content\/uploads\/2022\/06\/170x170ilN.png","width":355,"height":355,"caption":"Il Notiziario"},"image":{"@id":"https:\/\/www.ilnotiziario.net\/wp\/#\/schema\/logo\/image\/"},"sameAs":["https:\/\/www.facebook.com\/ilnotiziarioind\/","https:\/\/x.com\/ilNotiziarioInd","https:\/\/www.instagram.com\/ilnotiziario_settimanale\/"]},{"@type":"Person","@id":"https:\/\/www.ilnotiziario.net\/wp\/#\/schema\/person\/c5bca2edc3d99d29959f04a6126f687b","name":"Silvia Citterio","image":{"@type":"ImageObject","inLanguage":"it-IT","@id":"https:\/\/secure.gravatar.com\/avatar\/03eb19c63b944e79a9b5ce53ca5d1ca303edcf368a68721ec3ccaae7f98c5afd?s=96&d=mm&r=g","url":"https:\/\/secure.gravatar.com\/avatar\/03eb19c63b944e79a9b5ce53ca5d1ca303edcf368a68721ec3ccaae7f98c5afd?s=96&d=mm&r=g","contentUrl":"https:\/\/secure.gravatar.com\/avatar\/03eb19c63b944e79a9b5ce53ca5d1ca303edcf368a68721ec3ccaae7f98c5afd?s=96&d=mm&r=g","caption":"Silvia Citterio"}}]}},"_links":{"self":[{"href":"https:\/\/www.ilnotiziario.net\/wp\/wp-json\/wp\/v2\/posts\/196926","targetHints":{"allow":["GET"]}}],"collection":[{"href":"https:\/\/www.ilnotiziario.net\/wp\/wp-json\/wp\/v2\/posts"}],"about":[{"href":"https:\/\/www.ilnotiziario.net\/wp\/wp-json\/wp\/v2\/types\/post"}],"author":[{"embeddable":true,"href":"https:\/\/www.ilnotiziario.net\/wp\/wp-json\/wp\/v2\/users\/14"}],"replies":[{"embeddable":true,"href":"https:\/\/www.ilnotiziario.net\/wp\/wp-json\/wp\/v2\/comments?post=196926"}],"version-history":[{"count":0,"href":"https:\/\/www.ilnotiziario.net\/wp\/wp-json\/wp\/v2\/posts\/196926\/revisions"}],"wp:featuredmedia":[{"embeddable":true,"href":"https:\/\/www.ilnotiziario.net\/wp\/wp-json\/wp\/v2\/media\/196927"}],"wp:attachment":[{"href":"https:\/\/www.ilnotiziario.net\/wp\/wp-json\/wp\/v2\/media?parent=196926"}],"wp:term":[{"taxonomy":"category","embeddable":true,"href":"https:\/\/www.ilnotiziario.net\/wp\/wp-json\/wp\/v2\/categories?post=196926"},{"taxonomy":"post_tag","embeddable":true,"href":"https:\/\/www.ilnotiziario.net\/wp\/wp-json\/wp\/v2\/tags?post=196926"}],"curies":[{"name":"wp","href":"https:\/\/api.w.org\/{rel}","templated":true}]}}