{"id":197147,"date":"2024-06-23T12:42:03","date_gmt":"2024-06-23T10:42:03","guid":{"rendered":"https:\/\/www.ilnotiziario.net\/wp\/?p=197147"},"modified":"2024-06-23T08:43:14","modified_gmt":"2024-06-23T06:43:14","slug":"bollate-marzia-capezzutti-e-morta-ma-adesso-giustizia-e-fatta","status":"publish","type":"post","link":"https:\/\/www.ilnotiziario.net\/wp\/prima-pagina\/bollate-marzia-capezzutti-e-morta-ma-adesso-giustizia-e-fatta\/","title":{"rendered":"Bollate, Marzia Capezzutti \u00e8 morta, ma adesso giustizia \u00e8 fatta"},"content":{"rendered":"<p>Bollate, Marzia Capezzutti \u00e8 morta, ma adesso giustizia \u00e8 fatta.<br \/>\n<a href=\"https:\/\/www.ilnotiziario.net\/wp\/bollatese\/bollate-omicidio-di-marzia-tre-arresti\/\"><strong>La storia di Marzia Capezzuti \u00e8 tristemente nota:<\/strong><\/a> la ventinovenne bollatese aveva conosciuto in Internet un ragazzo e dopo qualche tempo si era trasferita in Campania a vivere con lui. Poi la relazione fin\u00ec, lei si mise con un altro uomo ma lui mor\u00ec in circostanze non chiare e per Marzia cominci\u00f2 un dramma: fu segregata, torturata e uccisa a Pontecagnano Faiano dai parenti del fidanzato morto.<\/p><div id=\"ilnot-2534915392\" class=\"ilnot-contenuto ilnot-entity-placement\"><p><!-- incontent_1 --><\/p>\n<div class=\"gptslot\" data-adunitid=\"1\"><\/div>\n<\/div>\n<h2>Bollate, Marzia Capezzutti: la giustizia<\/h2>\n<p>In questi mesi non si sono fermate le indagini che gi\u00e0 vedono a processo con sei capi d\u2019imputazione i coniugi Mariabarbara Vacchiano e Damiano Noschese, ma a seguito di approfondite indagini \u00e8 emerso che ha partecipato alle torture e all\u2019uccisione della giovane anche il figlio sedicenne della coppia.<br \/>\n\u201cL\u2019amm affogata\u201d (l\u2019abbiamo affogata), aveva detto il 16enne alla sorella in un video, diventato la prova schiacciante. Il Tribunale per i minorenni di Salerno adesso lo ha ritenuto colpevole di omicidio in concorso con i genitori condannandolo a 16 anni di reclusione.<\/p>\n<p>Marzia si era trasferita da Bollate a Pontecagnano in provincia di Salerno per amore, ma dopo la rottura con il fidanzato conosce Alessandro che purtroppo poco dopo morir\u00e0; dopo la morte di Alessandro, la giovane \u00e8 rimasta a vivere con la sorella dell\u2019uomo, colei che diventer\u00e0 poi la sua aguzzina nonch\u00e9 sua assassina. I famigliari della bollatese, non avendo pi\u00f9 sue notizie, si erano rivolti anche alla trasmissione \u201cChi l\u2019ha visto?\u201d e grazie proprio alle interviste sul posto condotte dai giornalisti alla Vacchiano e ai suoi famigliari, cominciano ad emergere diversi punti oscuri sulla vicenda. Marzia percepiva ogni mese un assegno di invalidit\u00e0 e, nonostante fosse scomparsa, qualcuno continuava ad incassare questi soldi.<\/p><div id=\"ilnot-3300133838\" class=\"ilnot-contenuto_2 ilnot-entity-placement\"><div class=\"ads-wrapper\">\n<div class=\"ad-slot\">\n   <div id=\"ilnot-2200854869\" style=\"margin-right: auto;margin-left: auto;text-align: center;width: 320px;height: 100px;\"><a href=\"https:\/\/www.scuolasicurezza.it\/\"><img decoding=\"async\" src=\"https:\/\/www.ilnotiziario.net\/wp\/wp-content\/uploads\/2026\/04\/IlNotiziario_banner-sito-e-newsletter-320-x-100-px-1.gif\" alt=\"\"><\/a><\/div>\n  <\/div>\n<div class=\"ad-slot\">\n   <div id=\"ilnot-156930795\" style=\"margin-right: auto;margin-left: auto;text-align: center;width: 320px;height: 100px;\"><a href=\"https:\/\/purodesignarredamenti.com\/\"><img decoding=\"async\" src=\"https:\/\/www.ilnotiziario.net\/wp\/wp-content\/uploads\/2026\/04\/banner-puro-ok.gif\" alt=\"whatsapp\"><\/a><\/div><\/p><\/div>\n<\/div>\n<\/div>\n<p>Poi diversi vicini hanno iniziato a raccontare episodi di violenza che avvenivano all\u2019interno dell\u2019abitazione, ma purtroppo nessuno \u00e8 intervenuto ad aiutare Marzia sottoposta a ripetuti pestaggi e sevizie, fino a portarla alla morte avvenuta tra il 6 e il 7 marzo 2022. Ora i suoi assassini sono in carcere, il corpo della giovane \u00e8 stato restituito alla famiglia e il 30 settembre 2023 <a href=\"https:\/\/www.ilnotiziario.net\/wp\/bollatese\/marzia-capezzuti-funerale-sabato-per-la-giovane-scomparsa-da-bollate\/\">si sono celebrati i funerali nel quartiere milanese di Quarto Oggiaro;<\/a> nello stesso quartiere in piazza Santa Lucia lo scorso dicembre hanno dedicato a Marzia una panchina rossa con una targa: \u201cUn mondo differente non pu\u00f2 essere costruito da persone indifferenti\u201d, riferendosi a tutte quelle persone che hanno visto e taciuto, come ha ricordato in diverse occasioni anche l\u2019avvocato della famiglia di Marzia, Nicodemo Gentile ( presidente dell\u2019associazione Penelope): \u201cqualcuno ne dovr\u00e0 rispondere\u201d.<\/p>\n","protected":false},"excerpt":{"rendered":"<p>Bollate, Marzia Capezzutti \u00e8 morta, ma adesso giustizia \u00e8 fatta. La storia di Marzia Capezzuti \u00e8 tristemente nota: la ventinovenne bollatese aveva conosciuto in Internet un ragazzo e dopo qualche tempo si era trasferita in Campania a vivere con lui. Poi la relazione fin\u00ec, lei si mise con un altro uomo ma lui mor\u00ec in<\/p>\n","protected":false},"author":14,"featured_media":197148,"comment_status":"closed","ping_status":"closed","sticky":false,"template":"","format":"standard","meta":{"footnotes":""},"categories":[8,20],"tags":[110,3409,16904],"class_list":{"0":"post-197147","1":"post","2":"type-post","3":"status-publish","4":"format-standard","5":"has-post-thumbnail","7":"category-bollatese","8":"category-prima-pagina","9":"tag-bollate","10":"tag-giustizia","11":"tag-marzia-capezzutti"},"yoast_head":"<!-- This site is optimized with the Yoast SEO plugin v27.4 - https:\/\/yoast.com\/product\/yoast-seo-wordpress\/ -->\n<title>Bollate, Marzia Capezzutti \u00e8 morta, ma adesso giustizia \u00e8 fatta - Il Notiziario<\/title>\n<meta name=\"description\" content=\"Bollate, Marzia Capezzutti \u00e8 morta, ma adesso giustizia \u00e8 fatta. La storia di Marzia Capezzuti \u00e8 tristemente nota: la ventinovenne bollatese aveva\" \/>\n<meta name=\"robots\" content=\"index, follow, max-snippet:-1, max-image-preview:large, max-video-preview:-1\" \/>\n<link rel=\"canonical\" href=\"https:\/\/www.ilnotiziario.net\/wp\/prima-pagina\/bollate-marzia-capezzutti-e-morta-ma-adesso-giustizia-e-fatta\/\" \/>\n<meta property=\"og:locale\" content=\"it_IT\" \/>\n<meta property=\"og:type\" content=\"article\" \/>\n<meta property=\"og:title\" content=\"Bollate, Marzia Capezzutti \u00e8 morta, ma adesso giustizia \u00e8 fatta - Il Notiziario\" \/>\n<meta property=\"og:description\" content=\"Bollate, Marzia Capezzutti \u00e8 morta, ma adesso giustizia \u00e8 fatta. La storia di Marzia Capezzuti \u00e8 tristemente nota: la ventinovenne bollatese aveva\" \/>\n<meta property=\"og:url\" content=\"https:\/\/www.ilnotiziario.net\/wp\/prima-pagina\/bollate-marzia-capezzutti-e-morta-ma-adesso-giustizia-e-fatta\/\" \/>\n<meta property=\"og:site_name\" content=\"Il Notiziario\" \/>\n<meta property=\"article:publisher\" content=\"https:\/\/www.facebook.com\/ilnotiziarioind\/\" \/>\n<meta property=\"article:published_time\" content=\"2024-06-23T10:42:03+00:00\" \/>\n<meta property=\"og:image\" content=\"https:\/\/www.ilnotiziario.net\/wp\/wp-content\/uploads\/2024\/06\/Bollate-Marzia-Capezzutti-giustizia.jpeg\" \/>\n\t<meta property=\"og:image:width\" content=\"768\" \/>\n\t<meta property=\"og:image:height\" content=\"596\" \/>\n\t<meta property=\"og:image:type\" content=\"image\/jpeg\" \/>\n<meta name=\"author\" content=\"Silvia Citterio\" \/>\n<meta name=\"twitter:card\" content=\"summary_large_image\" \/>\n<meta name=\"twitter:creator\" content=\"@ilNotiziarioInd\" \/>\n<meta name=\"twitter:site\" content=\"@ilNotiziarioInd\" \/>\n<meta name=\"twitter:label1\" content=\"Scritto da\" \/>\n\t<meta name=\"twitter:data1\" content=\"Silvia Citterio\" \/>\n\t<meta name=\"twitter:label2\" content=\"Tempo di lettura stimato\" \/>\n\t<meta name=\"twitter:data2\" content=\"3 minuti\" \/>\n<script type=\"application\/ld+json\" class=\"yoast-schema-graph\">{\"@context\":\"https:\\\/\\\/schema.org\",\"@graph\":[{\"@type\":\"Article\",\"@id\":\"https:\\\/\\\/www.ilnotiziario.net\\\/wp\\\/prima-pagina\\\/bollate-marzia-capezzutti-e-morta-ma-adesso-giustizia-e-fatta\\\/#article\",\"isPartOf\":{\"@id\":\"https:\\\/\\\/www.ilnotiziario.net\\\/wp\\\/prima-pagina\\\/bollate-marzia-capezzutti-e-morta-ma-adesso-giustizia-e-fatta\\\/\"},\"author\":{\"name\":\"Silvia Citterio\",\"@id\":\"https:\\\/\\\/www.ilnotiziario.net\\\/wp\\\/#\\\/schema\\\/person\\\/c5bca2edc3d99d29959f04a6126f687b\"},\"headline\":\"Bollate, Marzia Capezzutti \u00e8 morta, ma adesso giustizia \u00e8 fatta\",\"datePublished\":\"2024-06-23T10:42:03+00:00\",\"mainEntityOfPage\":{\"@id\":\"https:\\\/\\\/www.ilnotiziario.net\\\/wp\\\/prima-pagina\\\/bollate-marzia-capezzutti-e-morta-ma-adesso-giustizia-e-fatta\\\/\"},\"wordCount\":425,\"publisher\":{\"@id\":\"https:\\\/\\\/www.ilnotiziario.net\\\/wp\\\/#organization\"},\"image\":{\"@id\":\"https:\\\/\\\/www.ilnotiziario.net\\\/wp\\\/prima-pagina\\\/bollate-marzia-capezzutti-e-morta-ma-adesso-giustizia-e-fatta\\\/#primaryimage\"},\"thumbnailUrl\":\"https:\\\/\\\/www.ilnotiziario.net\\\/wp\\\/wp-content\\\/uploads\\\/2024\\\/06\\\/Bollate-Marzia-Capezzutti-giustizia.jpeg\",\"keywords\":[\"Bollate\",\"Giustizia\",\"Marzia Capezzutti\"],\"articleSection\":[\"BOLLATESE\",\"Prima Pagina\"],\"inLanguage\":\"it-IT\"},{\"@type\":\"WebPage\",\"@id\":\"https:\\\/\\\/www.ilnotiziario.net\\\/wp\\\/prima-pagina\\\/bollate-marzia-capezzutti-e-morta-ma-adesso-giustizia-e-fatta\\\/\",\"url\":\"https:\\\/\\\/www.ilnotiziario.net\\\/wp\\\/prima-pagina\\\/bollate-marzia-capezzutti-e-morta-ma-adesso-giustizia-e-fatta\\\/\",\"name\":\"Bollate, Marzia Capezzutti \u00e8 morta, ma adesso giustizia \u00e8 fatta - Il Notiziario\",\"isPartOf\":{\"@id\":\"https:\\\/\\\/www.ilnotiziario.net\\\/wp\\\/#website\"},\"primaryImageOfPage\":{\"@id\":\"https:\\\/\\\/www.ilnotiziario.net\\\/wp\\\/prima-pagina\\\/bollate-marzia-capezzutti-e-morta-ma-adesso-giustizia-e-fatta\\\/#primaryimage\"},\"image\":{\"@id\":\"https:\\\/\\\/www.ilnotiziario.net\\\/wp\\\/prima-pagina\\\/bollate-marzia-capezzutti-e-morta-ma-adesso-giustizia-e-fatta\\\/#primaryimage\"},\"thumbnailUrl\":\"https:\\\/\\\/www.ilnotiziario.net\\\/wp\\\/wp-content\\\/uploads\\\/2024\\\/06\\\/Bollate-Marzia-Capezzutti-giustizia.jpeg\",\"datePublished\":\"2024-06-23T10:42:03+00:00\",\"description\":\"Bollate, Marzia Capezzutti \u00e8 morta, ma adesso giustizia \u00e8 fatta. La storia di Marzia Capezzuti \u00e8 tristemente nota: la ventinovenne bollatese aveva\",\"breadcrumb\":{\"@id\":\"https:\\\/\\\/www.ilnotiziario.net\\\/wp\\\/prima-pagina\\\/bollate-marzia-capezzutti-e-morta-ma-adesso-giustizia-e-fatta\\\/#breadcrumb\"},\"inLanguage\":\"it-IT\",\"potentialAction\":[{\"@type\":\"ReadAction\",\"target\":[\"https:\\\/\\\/www.ilnotiziario.net\\\/wp\\\/prima-pagina\\\/bollate-marzia-capezzutti-e-morta-ma-adesso-giustizia-e-fatta\\\/\"]}]},{\"@type\":\"ImageObject\",\"inLanguage\":\"it-IT\",\"@id\":\"https:\\\/\\\/www.ilnotiziario.net\\\/wp\\\/prima-pagina\\\/bollate-marzia-capezzutti-e-morta-ma-adesso-giustizia-e-fatta\\\/#primaryimage\",\"url\":\"https:\\\/\\\/www.ilnotiziario.net\\\/wp\\\/wp-content\\\/uploads\\\/2024\\\/06\\\/Bollate-Marzia-Capezzutti-giustizia.jpeg\",\"contentUrl\":\"https:\\\/\\\/www.ilnotiziario.net\\\/wp\\\/wp-content\\\/uploads\\\/2024\\\/06\\\/Bollate-Marzia-Capezzutti-giustizia.jpeg\",\"width\":768,\"height\":596,\"caption\":\"Bollate Marzia Capezzutti giustizia\"},{\"@type\":\"BreadcrumbList\",\"@id\":\"https:\\\/\\\/www.ilnotiziario.net\\\/wp\\\/prima-pagina\\\/bollate-marzia-capezzutti-e-morta-ma-adesso-giustizia-e-fatta\\\/#breadcrumb\",\"itemListElement\":[{\"@type\":\"ListItem\",\"position\":1,\"name\":\"tds_text_logo_tagline_colortds_text_logo_tagline_colortds_text_logo_tagline_colortds_text_logo_tagline_colortd_module_7_title_excerpttd_module_7_title_excerpttd_module_7_title_excerpttd_module_7_title_excerptHome\",\"item\":\"https:\\\/\\\/www.ilnotiziario.net\\\/wp\\\/\"},{\"@type\":\"ListItem\",\"position\":2,\"name\":\"Bollate, Marzia Capezzutti \u00e8 morta, ma adesso giustizia \u00e8 fatta\"}]},{\"@type\":\"WebSite\",\"@id\":\"https:\\\/\\\/www.ilnotiziario.net\\\/wp\\\/#website\",\"url\":\"https:\\\/\\\/www.ilnotiziario.net\\\/wp\\\/\",\"name\":\"Il Notiziario\",\"description\":\"Per restare sempre connessi alla notizia\",\"publisher\":{\"@id\":\"https:\\\/\\\/www.ilnotiziario.net\\\/wp\\\/#organization\"},\"alternateName\":\"Il Notiziario Bollate\",\"potentialAction\":[{\"@type\":\"SearchAction\",\"target\":{\"@type\":\"EntryPoint\",\"urlTemplate\":\"https:\\\/\\\/www.ilnotiziario.net\\\/wp\\\/?s={search_term_string}\"},\"query-input\":{\"@type\":\"PropertyValueSpecification\",\"valueRequired\":true,\"valueName\":\"search_term_string\"}}],\"inLanguage\":\"it-IT\"},{\"@type\":\"Organization\",\"@id\":\"https:\\\/\\\/www.ilnotiziario.net\\\/wp\\\/#organization\",\"name\":\"Il Notiziario\",\"url\":\"https:\\\/\\\/www.ilnotiziario.net\\\/wp\\\/\",\"logo\":{\"@type\":\"ImageObject\",\"inLanguage\":\"it-IT\",\"@id\":\"https:\\\/\\\/www.ilnotiziario.net\\\/wp\\\/#\\\/schema\\\/logo\\\/image\\\/\",\"url\":\"https:\\\/\\\/www.ilnotiziario.net\\\/wp\\\/wp-content\\\/uploads\\\/2022\\\/06\\\/170x170ilN.png\",\"contentUrl\":\"https:\\\/\\\/www.ilnotiziario.net\\\/wp\\\/wp-content\\\/uploads\\\/2022\\\/06\\\/170x170ilN.png\",\"width\":355,\"height\":355,\"caption\":\"Il Notiziario\"},\"image\":{\"@id\":\"https:\\\/\\\/www.ilnotiziario.net\\\/wp\\\/#\\\/schema\\\/logo\\\/image\\\/\"},\"sameAs\":[\"https:\\\/\\\/www.facebook.com\\\/ilnotiziarioind\\\/\",\"https:\\\/\\\/x.com\\\/ilNotiziarioInd\",\"https:\\\/\\\/www.instagram.com\\\/ilnotiziario_settimanale\\\/\"]},{\"@type\":\"Person\",\"@id\":\"https:\\\/\\\/www.ilnotiziario.net\\\/wp\\\/#\\\/schema\\\/person\\\/c5bca2edc3d99d29959f04a6126f687b\",\"name\":\"Silvia Citterio\",\"image\":{\"@type\":\"ImageObject\",\"inLanguage\":\"it-IT\",\"@id\":\"https:\\\/\\\/secure.gravatar.com\\\/avatar\\\/03eb19c63b944e79a9b5ce53ca5d1ca303edcf368a68721ec3ccaae7f98c5afd?s=96&d=mm&r=g\",\"url\":\"https:\\\/\\\/secure.gravatar.com\\\/avatar\\\/03eb19c63b944e79a9b5ce53ca5d1ca303edcf368a68721ec3ccaae7f98c5afd?s=96&d=mm&r=g\",\"contentUrl\":\"https:\\\/\\\/secure.gravatar.com\\\/avatar\\\/03eb19c63b944e79a9b5ce53ca5d1ca303edcf368a68721ec3ccaae7f98c5afd?s=96&d=mm&r=g\",\"caption\":\"Silvia Citterio\"}}]}<\/script>\n<!-- \/ Yoast SEO plugin. -->","yoast_head_json":{"title":"Bollate, Marzia Capezzutti \u00e8 morta, ma adesso giustizia \u00e8 fatta - Il Notiziario","description":"Bollate, Marzia Capezzutti \u00e8 morta, ma adesso giustizia \u00e8 fatta. La storia di Marzia Capezzuti \u00e8 tristemente nota: la ventinovenne bollatese aveva","robots":{"index":"index","follow":"follow","max-snippet":"max-snippet:-1","max-image-preview":"max-image-preview:large","max-video-preview":"max-video-preview:-1"},"canonical":"https:\/\/www.ilnotiziario.net\/wp\/prima-pagina\/bollate-marzia-capezzutti-e-morta-ma-adesso-giustizia-e-fatta\/","og_locale":"it_IT","og_type":"article","og_title":"Bollate, Marzia Capezzutti \u00e8 morta, ma adesso giustizia \u00e8 fatta - Il Notiziario","og_description":"Bollate, Marzia Capezzutti \u00e8 morta, ma adesso giustizia \u00e8 fatta. La storia di Marzia Capezzuti \u00e8 tristemente nota: la ventinovenne bollatese aveva","og_url":"https:\/\/www.ilnotiziario.net\/wp\/prima-pagina\/bollate-marzia-capezzutti-e-morta-ma-adesso-giustizia-e-fatta\/","og_site_name":"Il Notiziario","article_publisher":"https:\/\/www.facebook.com\/ilnotiziarioind\/","article_published_time":"2024-06-23T10:42:03+00:00","og_image":[{"width":768,"height":596,"url":"https:\/\/www.ilnotiziario.net\/wp\/wp-content\/uploads\/2024\/06\/Bollate-Marzia-Capezzutti-giustizia.jpeg","type":"image\/jpeg"}],"author":"Silvia Citterio","twitter_card":"summary_large_image","twitter_creator":"@ilNotiziarioInd","twitter_site":"@ilNotiziarioInd","twitter_misc":{"Scritto da":"Silvia Citterio","Tempo di lettura stimato":"3 minuti"},"schema":{"@context":"https:\/\/schema.org","@graph":[{"@type":"Article","@id":"https:\/\/www.ilnotiziario.net\/wp\/prima-pagina\/bollate-marzia-capezzutti-e-morta-ma-adesso-giustizia-e-fatta\/#article","isPartOf":{"@id":"https:\/\/www.ilnotiziario.net\/wp\/prima-pagina\/bollate-marzia-capezzutti-e-morta-ma-adesso-giustizia-e-fatta\/"},"author":{"name":"Silvia Citterio","@id":"https:\/\/www.ilnotiziario.net\/wp\/#\/schema\/person\/c5bca2edc3d99d29959f04a6126f687b"},"headline":"Bollate, Marzia Capezzutti \u00e8 morta, ma adesso giustizia \u00e8 fatta","datePublished":"2024-06-23T10:42:03+00:00","mainEntityOfPage":{"@id":"https:\/\/www.ilnotiziario.net\/wp\/prima-pagina\/bollate-marzia-capezzutti-e-morta-ma-adesso-giustizia-e-fatta\/"},"wordCount":425,"publisher":{"@id":"https:\/\/www.ilnotiziario.net\/wp\/#organization"},"image":{"@id":"https:\/\/www.ilnotiziario.net\/wp\/prima-pagina\/bollate-marzia-capezzutti-e-morta-ma-adesso-giustizia-e-fatta\/#primaryimage"},"thumbnailUrl":"https:\/\/www.ilnotiziario.net\/wp\/wp-content\/uploads\/2024\/06\/Bollate-Marzia-Capezzutti-giustizia.jpeg","keywords":["Bollate","Giustizia","Marzia Capezzutti"],"articleSection":["BOLLATESE","Prima Pagina"],"inLanguage":"it-IT"},{"@type":"WebPage","@id":"https:\/\/www.ilnotiziario.net\/wp\/prima-pagina\/bollate-marzia-capezzutti-e-morta-ma-adesso-giustizia-e-fatta\/","url":"https:\/\/www.ilnotiziario.net\/wp\/prima-pagina\/bollate-marzia-capezzutti-e-morta-ma-adesso-giustizia-e-fatta\/","name":"Bollate, Marzia Capezzutti \u00e8 morta, ma adesso giustizia \u00e8 fatta - Il Notiziario","isPartOf":{"@id":"https:\/\/www.ilnotiziario.net\/wp\/#website"},"primaryImageOfPage":{"@id":"https:\/\/www.ilnotiziario.net\/wp\/prima-pagina\/bollate-marzia-capezzutti-e-morta-ma-adesso-giustizia-e-fatta\/#primaryimage"},"image":{"@id":"https:\/\/www.ilnotiziario.net\/wp\/prima-pagina\/bollate-marzia-capezzutti-e-morta-ma-adesso-giustizia-e-fatta\/#primaryimage"},"thumbnailUrl":"https:\/\/www.ilnotiziario.net\/wp\/wp-content\/uploads\/2024\/06\/Bollate-Marzia-Capezzutti-giustizia.jpeg","datePublished":"2024-06-23T10:42:03+00:00","description":"Bollate, Marzia Capezzutti \u00e8 morta, ma adesso giustizia \u00e8 fatta. La storia di Marzia Capezzuti \u00e8 tristemente nota: la ventinovenne bollatese aveva","breadcrumb":{"@id":"https:\/\/www.ilnotiziario.net\/wp\/prima-pagina\/bollate-marzia-capezzutti-e-morta-ma-adesso-giustizia-e-fatta\/#breadcrumb"},"inLanguage":"it-IT","potentialAction":[{"@type":"ReadAction","target":["https:\/\/www.ilnotiziario.net\/wp\/prima-pagina\/bollate-marzia-capezzutti-e-morta-ma-adesso-giustizia-e-fatta\/"]}]},{"@type":"ImageObject","inLanguage":"it-IT","@id":"https:\/\/www.ilnotiziario.net\/wp\/prima-pagina\/bollate-marzia-capezzutti-e-morta-ma-adesso-giustizia-e-fatta\/#primaryimage","url":"https:\/\/www.ilnotiziario.net\/wp\/wp-content\/uploads\/2024\/06\/Bollate-Marzia-Capezzutti-giustizia.jpeg","contentUrl":"https:\/\/www.ilnotiziario.net\/wp\/wp-content\/uploads\/2024\/06\/Bollate-Marzia-Capezzutti-giustizia.jpeg","width":768,"height":596,"caption":"Bollate Marzia Capezzutti giustizia"},{"@type":"BreadcrumbList","@id":"https:\/\/www.ilnotiziario.net\/wp\/prima-pagina\/bollate-marzia-capezzutti-e-morta-ma-adesso-giustizia-e-fatta\/#breadcrumb","itemListElement":[{"@type":"ListItem","position":1,"name":"tds_text_logo_tagline_colortds_text_logo_tagline_colortds_text_logo_tagline_colortds_text_logo_tagline_colortd_module_7_title_excerpttd_module_7_title_excerpttd_module_7_title_excerpttd_module_7_title_excerptHome","item":"https:\/\/www.ilnotiziario.net\/wp\/"},{"@type":"ListItem","position":2,"name":"Bollate, Marzia Capezzutti \u00e8 morta, ma adesso giustizia \u00e8 fatta"}]},{"@type":"WebSite","@id":"https:\/\/www.ilnotiziario.net\/wp\/#website","url":"https:\/\/www.ilnotiziario.net\/wp\/","name":"Il Notiziario","description":"Per restare sempre connessi alla notizia","publisher":{"@id":"https:\/\/www.ilnotiziario.net\/wp\/#organization"},"alternateName":"Il Notiziario Bollate","potentialAction":[{"@type":"SearchAction","target":{"@type":"EntryPoint","urlTemplate":"https:\/\/www.ilnotiziario.net\/wp\/?s={search_term_string}"},"query-input":{"@type":"PropertyValueSpecification","valueRequired":true,"valueName":"search_term_string"}}],"inLanguage":"it-IT"},{"@type":"Organization","@id":"https:\/\/www.ilnotiziario.net\/wp\/#organization","name":"Il Notiziario","url":"https:\/\/www.ilnotiziario.net\/wp\/","logo":{"@type":"ImageObject","inLanguage":"it-IT","@id":"https:\/\/www.ilnotiziario.net\/wp\/#\/schema\/logo\/image\/","url":"https:\/\/www.ilnotiziario.net\/wp\/wp-content\/uploads\/2022\/06\/170x170ilN.png","contentUrl":"https:\/\/www.ilnotiziario.net\/wp\/wp-content\/uploads\/2022\/06\/170x170ilN.png","width":355,"height":355,"caption":"Il Notiziario"},"image":{"@id":"https:\/\/www.ilnotiziario.net\/wp\/#\/schema\/logo\/image\/"},"sameAs":["https:\/\/www.facebook.com\/ilnotiziarioind\/","https:\/\/x.com\/ilNotiziarioInd","https:\/\/www.instagram.com\/ilnotiziario_settimanale\/"]},{"@type":"Person","@id":"https:\/\/www.ilnotiziario.net\/wp\/#\/schema\/person\/c5bca2edc3d99d29959f04a6126f687b","name":"Silvia Citterio","image":{"@type":"ImageObject","inLanguage":"it-IT","@id":"https:\/\/secure.gravatar.com\/avatar\/03eb19c63b944e79a9b5ce53ca5d1ca303edcf368a68721ec3ccaae7f98c5afd?s=96&d=mm&r=g","url":"https:\/\/secure.gravatar.com\/avatar\/03eb19c63b944e79a9b5ce53ca5d1ca303edcf368a68721ec3ccaae7f98c5afd?s=96&d=mm&r=g","contentUrl":"https:\/\/secure.gravatar.com\/avatar\/03eb19c63b944e79a9b5ce53ca5d1ca303edcf368a68721ec3ccaae7f98c5afd?s=96&d=mm&r=g","caption":"Silvia Citterio"}}]}},"_links":{"self":[{"href":"https:\/\/www.ilnotiziario.net\/wp\/wp-json\/wp\/v2\/posts\/197147","targetHints":{"allow":["GET"]}}],"collection":[{"href":"https:\/\/www.ilnotiziario.net\/wp\/wp-json\/wp\/v2\/posts"}],"about":[{"href":"https:\/\/www.ilnotiziario.net\/wp\/wp-json\/wp\/v2\/types\/post"}],"author":[{"embeddable":true,"href":"https:\/\/www.ilnotiziario.net\/wp\/wp-json\/wp\/v2\/users\/14"}],"replies":[{"embeddable":true,"href":"https:\/\/www.ilnotiziario.net\/wp\/wp-json\/wp\/v2\/comments?post=197147"}],"version-history":[{"count":0,"href":"https:\/\/www.ilnotiziario.net\/wp\/wp-json\/wp\/v2\/posts\/197147\/revisions"}],"wp:featuredmedia":[{"embeddable":true,"href":"https:\/\/www.ilnotiziario.net\/wp\/wp-json\/wp\/v2\/media\/197148"}],"wp:attachment":[{"href":"https:\/\/www.ilnotiziario.net\/wp\/wp-json\/wp\/v2\/media?parent=197147"}],"wp:term":[{"taxonomy":"category","embeddable":true,"href":"https:\/\/www.ilnotiziario.net\/wp\/wp-json\/wp\/v2\/categories?post=197147"},{"taxonomy":"post_tag","embeddable":true,"href":"https:\/\/www.ilnotiziario.net\/wp\/wp-json\/wp\/v2\/tags?post=197147"}],"curies":[{"name":"wp","href":"https:\/\/api.w.org\/{rel}","templated":true}]}}