{"id":197417,"date":"2024-07-02T19:36:30","date_gmt":"2024-07-02T17:36:30","guid":{"rendered":"https:\/\/www.ilnotiziario.net\/wp\/?p=197417"},"modified":"2024-07-02T17:40:30","modified_gmt":"2024-07-02T15:40:30","slug":"pannelli-fotovoltaici-e-lampade-led-municipio-di-bollate-sempre-piu-sostenibile","status":"publish","type":"post","link":"https:\/\/www.ilnotiziario.net\/wp\/bollatese\/pannelli-fotovoltaici-e-lampade-led-municipio-di-bollate-sempre-piu-sostenibile\/","title":{"rendered":"Pannelli fotovoltaici e lampade led   Municipio di Bollate sempre pi\u00f9 sostenibile"},"content":{"rendered":"<p>Un intervento da 95 mila euro per rendere sempre pi\u00f9 sostenibile la gestione degli edifici pubblici di Bollate. Questa volta \u00e8 toccato al palazzo comunale dove si sta procedendo con l\u2019installazione di 60 kilowatt totali di energia solare prodotta grazie a 140 pannelli fotovoltaici.<\/p><div id=\"ilnot-1600437359\" class=\"ilnot-contenuto ilnot-entity-placement\"><p><!-- incontent_1 --><\/p>\n<div class=\"gptslot\" data-adunitid=\"1\"><\/div>\n<\/div>\n<h2>Luci led nel parcheggio sotterraneo del Comune&nbsp;<\/h2>\n<p>&nbsp;<\/p>\n<p>L\u2019Amministrazione, infatti, ha dato il via libera anche al relamping nel parcheggio sotterraneo del Comune con la sostituzione di tutta l\u2019illuminazione con luci a led.<\/p>\n<p>\u201cL\u2019obiettivo \u00e8 un sempre maggior efficientamento delle strutture pubbliche. In questo caso l\u2019intervento consentir\u00e0 il parziale soddisfacimento delle necessit\u00e0 energetiche del municipio \u2013 spiega il Vice Sindaco Alberto Grassi\u201d.<\/p><div id=\"ilnot-1466051111\" class=\"ilnot-contenuto_2 ilnot-entity-placement\"><div class=\"ads-wrapper\">\n<div class=\"ad-slot\">\n   <div id=\"ilnot-3780475378\" style=\"margin-right: auto;margin-left: auto;text-align: center;width: 320px;height: 100px;\"><a href=\"https:\/\/www.scuolasicurezza.it\/\"><img decoding=\"async\" src=\"https:\/\/www.ilnotiziario.net\/wp\/wp-content\/uploads\/2026\/04\/IlNotiziario_banner-sito-e-newsletter-320-x-100-px-1.gif\" alt=\"\"><\/a><\/div>\n  <\/div>\n<div class=\"ad-slot\">\n   <div id=\"ilnot-2103823931\" style=\"margin-right: auto;margin-left: auto;text-align: center;width: 320px;height: 100px;\"><a href=\"https:\/\/purodesignarredamenti.com\/\"><img decoding=\"async\" src=\"https:\/\/www.ilnotiziario.net\/wp\/wp-content\/uploads\/2026\/04\/banner-puro-ok.gif\" alt=\"whatsapp\"><\/a><\/div><\/p><\/div>\n<\/div>\n<\/div>\n<p>Ma non \u00e8 l\u2019unica attivit\u00e0 di questi giorni. Lavori importanti, per un totale di 115mila euro, anche nella scuola media Leonardo da Vinci via Fratellanza dove si guarda alla maggior sicurezza per studenti e docenti. Qui i lavori hanno previsto la sostituzione dei serramenti interni in legno, con nuove e pi\u00f9 robuste strutture in pvc dotate di doppi vetri, e di tutte le porte delle aule in legno con quelle pi\u00f9 moderne e durevoli in alluminio.<\/p>\n","protected":false},"excerpt":{"rendered":"<p>Un intervento da 95 mila euro per rendere sempre pi\u00f9 sostenibile la gestione degli edifici pubblici di Bollate. Questa volta \u00e8 toccato al palazzo comunale dove si sta procedendo con l\u2019installazione di 60 kilowatt totali di energia solare prodotta grazie a 140 pannelli fotovoltaici. Luci led nel parcheggio sotterraneo del Comune&nbsp; &nbsp; L\u2019Amministrazione, infatti, ha<\/p>\n","protected":false},"author":3,"featured_media":197418,"comment_status":"closed","ping_status":"closed","sticky":false,"template":"","format":"standard","meta":{"footnotes":""},"categories":[8,20],"tags":[110,427,16764,4523,148],"class_list":{"0":"post-197417","1":"post","2":"type-post","3":"status-publish","4":"format-standard","5":"has-post-thumbnail","7":"category-bollatese","8":"category-prima-pagina","9":"tag-bollate","10":"tag-comune","11":"tag-fotovoltaici","12":"tag-led","13":"tag-pannelli"},"yoast_head":"<!-- This site is optimized with the Yoast SEO plugin v27.5 - https:\/\/yoast.com\/product\/yoast-seo-wordpress\/ -->\n<title>Pannelli fotovoltaici e lampade led  Municipio di Bollate sempre pi\u00f9 sostenibile - Il Notiziario<\/title>\n<meta name=\"description\" content=\"Un intervento da 95 mila euro per rendere sempre pi\u00f9 sostenibile la gestione degli edifici pubblici di Bollate. Questa volta \u00e8 toccato al palazzo comunale\" \/>\n<meta name=\"robots\" content=\"index, follow, max-snippet:-1, max-image-preview:large, max-video-preview:-1\" \/>\n<link rel=\"canonical\" href=\"https:\/\/www.ilnotiziario.net\/wp\/bollatese\/pannelli-fotovoltaici-e-lampade-led-municipio-di-bollate-sempre-piu-sostenibile\/\" \/>\n<meta property=\"og:locale\" content=\"it_IT\" \/>\n<meta property=\"og:type\" content=\"article\" \/>\n<meta property=\"og:title\" content=\"Pannelli fotovoltaici e lampade led  Municipio di Bollate sempre pi\u00f9 sostenibile - Il Notiziario\" \/>\n<meta property=\"og:description\" content=\"Un intervento da 95 mila euro per rendere sempre pi\u00f9 sostenibile la gestione degli edifici pubblici di Bollate. Questa volta \u00e8 toccato al palazzo comunale\" \/>\n<meta property=\"og:url\" content=\"https:\/\/www.ilnotiziario.net\/wp\/bollatese\/pannelli-fotovoltaici-e-lampade-led-municipio-di-bollate-sempre-piu-sostenibile\/\" \/>\n<meta property=\"og:site_name\" content=\"Il Notiziario\" \/>\n<meta property=\"article:publisher\" content=\"https:\/\/www.facebook.com\/ilnotiziarioind\/\" \/>\n<meta property=\"article:published_time\" content=\"2024-07-02T17:36:30+00:00\" \/>\n<meta property=\"og:image\" content=\"https:\/\/www.ilnotiziario.net\/wp\/wp-content\/uploads\/2024\/07\/Pannelli-solari-Comune.jpg\" \/>\n\t<meta property=\"og:image:width\" content=\"720\" \/>\n\t<meta property=\"og:image:height\" content=\"540\" \/>\n\t<meta property=\"og:image:type\" content=\"image\/jpeg\" \/>\n<meta name=\"author\" content=\"Gabriele Bassani\" \/>\n<meta name=\"twitter:card\" content=\"summary_large_image\" \/>\n<meta name=\"twitter:creator\" content=\"@ilNotiziarioInd\" \/>\n<meta name=\"twitter:site\" content=\"@ilNotiziarioInd\" \/>\n<meta name=\"twitter:label1\" content=\"Scritto da\" \/>\n\t<meta name=\"twitter:data1\" content=\"Gabriele Bassani\" \/>\n\t<meta name=\"twitter:label2\" content=\"Tempo di lettura stimato\" \/>\n\t<meta name=\"twitter:data2\" content=\"2 minuti\" \/>\n<script type=\"application\/ld+json\" class=\"yoast-schema-graph\">{\"@context\":\"https:\\\/\\\/schema.org\",\"@graph\":[{\"@type\":\"Article\",\"@id\":\"https:\\\/\\\/www.ilnotiziario.net\\\/wp\\\/bollatese\\\/pannelli-fotovoltaici-e-lampade-led-municipio-di-bollate-sempre-piu-sostenibile\\\/#article\",\"isPartOf\":{\"@id\":\"https:\\\/\\\/www.ilnotiziario.net\\\/wp\\\/bollatese\\\/pannelli-fotovoltaici-e-lampade-led-municipio-di-bollate-sempre-piu-sostenibile\\\/\"},\"author\":{\"name\":\"Gabriele Bassani\",\"@id\":\"https:\\\/\\\/www.ilnotiziario.net\\\/wp\\\/#\\\/schema\\\/person\\\/386e222908f898bb41c033989482bbf2\"},\"headline\":\"Pannelli fotovoltaici e lampade led Municipio di Bollate sempre pi\u00f9 sostenibile\",\"datePublished\":\"2024-07-02T17:36:30+00:00\",\"mainEntityOfPage\":{\"@id\":\"https:\\\/\\\/www.ilnotiziario.net\\\/wp\\\/bollatese\\\/pannelli-fotovoltaici-e-lampade-led-municipio-di-bollate-sempre-piu-sostenibile\\\/\"},\"wordCount\":193,\"publisher\":{\"@id\":\"https:\\\/\\\/www.ilnotiziario.net\\\/wp\\\/#organization\"},\"image\":{\"@id\":\"https:\\\/\\\/www.ilnotiziario.net\\\/wp\\\/bollatese\\\/pannelli-fotovoltaici-e-lampade-led-municipio-di-bollate-sempre-piu-sostenibile\\\/#primaryimage\"},\"thumbnailUrl\":\"https:\\\/\\\/www.ilnotiziario.net\\\/wp\\\/wp-content\\\/uploads\\\/2024\\\/07\\\/Pannelli-solari-Comune.jpg\",\"keywords\":[\"Bollate\",\"comune\",\"fotovoltaici\",\"Led\",\"pannelli\"],\"articleSection\":[\"BOLLATESE\",\"Prima Pagina\"],\"inLanguage\":\"it-IT\"},{\"@type\":\"WebPage\",\"@id\":\"https:\\\/\\\/www.ilnotiziario.net\\\/wp\\\/bollatese\\\/pannelli-fotovoltaici-e-lampade-led-municipio-di-bollate-sempre-piu-sostenibile\\\/\",\"url\":\"https:\\\/\\\/www.ilnotiziario.net\\\/wp\\\/bollatese\\\/pannelli-fotovoltaici-e-lampade-led-municipio-di-bollate-sempre-piu-sostenibile\\\/\",\"name\":\"Pannelli fotovoltaici e lampade led Municipio di Bollate sempre pi\u00f9 sostenibile - Il Notiziario\",\"isPartOf\":{\"@id\":\"https:\\\/\\\/www.ilnotiziario.net\\\/wp\\\/#website\"},\"primaryImageOfPage\":{\"@id\":\"https:\\\/\\\/www.ilnotiziario.net\\\/wp\\\/bollatese\\\/pannelli-fotovoltaici-e-lampade-led-municipio-di-bollate-sempre-piu-sostenibile\\\/#primaryimage\"},\"image\":{\"@id\":\"https:\\\/\\\/www.ilnotiziario.net\\\/wp\\\/bollatese\\\/pannelli-fotovoltaici-e-lampade-led-municipio-di-bollate-sempre-piu-sostenibile\\\/#primaryimage\"},\"thumbnailUrl\":\"https:\\\/\\\/www.ilnotiziario.net\\\/wp\\\/wp-content\\\/uploads\\\/2024\\\/07\\\/Pannelli-solari-Comune.jpg\",\"datePublished\":\"2024-07-02T17:36:30+00:00\",\"description\":\"Un intervento da 95 mila euro per rendere sempre pi\u00f9 sostenibile la gestione degli edifici pubblici di Bollate. Questa volta \u00e8 toccato al palazzo comunale\",\"breadcrumb\":{\"@id\":\"https:\\\/\\\/www.ilnotiziario.net\\\/wp\\\/bollatese\\\/pannelli-fotovoltaici-e-lampade-led-municipio-di-bollate-sempre-piu-sostenibile\\\/#breadcrumb\"},\"inLanguage\":\"it-IT\",\"potentialAction\":[{\"@type\":\"ReadAction\",\"target\":[\"https:\\\/\\\/www.ilnotiziario.net\\\/wp\\\/bollatese\\\/pannelli-fotovoltaici-e-lampade-led-municipio-di-bollate-sempre-piu-sostenibile\\\/\"]}]},{\"@type\":\"ImageObject\",\"inLanguage\":\"it-IT\",\"@id\":\"https:\\\/\\\/www.ilnotiziario.net\\\/wp\\\/bollatese\\\/pannelli-fotovoltaici-e-lampade-led-municipio-di-bollate-sempre-piu-sostenibile\\\/#primaryimage\",\"url\":\"https:\\\/\\\/www.ilnotiziario.net\\\/wp\\\/wp-content\\\/uploads\\\/2024\\\/07\\\/Pannelli-solari-Comune.jpg\",\"contentUrl\":\"https:\\\/\\\/www.ilnotiziario.net\\\/wp\\\/wp-content\\\/uploads\\\/2024\\\/07\\\/Pannelli-solari-Comune.jpg\",\"width\":720,\"height\":540,\"caption\":\"Bollate comune fotovoltaici\"},{\"@type\":\"BreadcrumbList\",\"@id\":\"https:\\\/\\\/www.ilnotiziario.net\\\/wp\\\/bollatese\\\/pannelli-fotovoltaici-e-lampade-led-municipio-di-bollate-sempre-piu-sostenibile\\\/#breadcrumb\",\"itemListElement\":[{\"@type\":\"ListItem\",\"position\":1,\"name\":\"tds_text_logo_tagline_colortds_text_logo_tagline_colortds_text_logo_tagline_colortds_text_logo_tagline_colortd_module_7_title_excerpttd_module_7_title_excerpttd_module_7_title_excerpttd_module_7_title_excerptHome\",\"item\":\"https:\\\/\\\/www.ilnotiziario.net\\\/wp\\\/\"},{\"@type\":\"ListItem\",\"position\":2,\"name\":\"Pannelli fotovoltaici e lampade led Municipio di Bollate sempre pi\u00f9 sostenibile\"}]},{\"@type\":\"WebSite\",\"@id\":\"https:\\\/\\\/www.ilnotiziario.net\\\/wp\\\/#website\",\"url\":\"https:\\\/\\\/www.ilnotiziario.net\\\/wp\\\/\",\"name\":\"Il Notiziario\",\"description\":\"Per restare sempre connessi alla notizia\",\"publisher\":{\"@id\":\"https:\\\/\\\/www.ilnotiziario.net\\\/wp\\\/#organization\"},\"alternateName\":\"Il Notiziario Bollate\",\"potentialAction\":[{\"@type\":\"SearchAction\",\"target\":{\"@type\":\"EntryPoint\",\"urlTemplate\":\"https:\\\/\\\/www.ilnotiziario.net\\\/wp\\\/?s={search_term_string}\"},\"query-input\":{\"@type\":\"PropertyValueSpecification\",\"valueRequired\":true,\"valueName\":\"search_term_string\"}}],\"inLanguage\":\"it-IT\"},{\"@type\":\"Organization\",\"@id\":\"https:\\\/\\\/www.ilnotiziario.net\\\/wp\\\/#organization\",\"name\":\"Il Notiziario\",\"url\":\"https:\\\/\\\/www.ilnotiziario.net\\\/wp\\\/\",\"logo\":{\"@type\":\"ImageObject\",\"inLanguage\":\"it-IT\",\"@id\":\"https:\\\/\\\/www.ilnotiziario.net\\\/wp\\\/#\\\/schema\\\/logo\\\/image\\\/\",\"url\":\"https:\\\/\\\/www.ilnotiziario.net\\\/wp\\\/wp-content\\\/uploads\\\/2022\\\/06\\\/170x170ilN.png\",\"contentUrl\":\"https:\\\/\\\/www.ilnotiziario.net\\\/wp\\\/wp-content\\\/uploads\\\/2022\\\/06\\\/170x170ilN.png\",\"width\":355,\"height\":355,\"caption\":\"Il Notiziario\"},\"image\":{\"@id\":\"https:\\\/\\\/www.ilnotiziario.net\\\/wp\\\/#\\\/schema\\\/logo\\\/image\\\/\"},\"sameAs\":[\"https:\\\/\\\/www.facebook.com\\\/ilnotiziarioind\\\/\",\"https:\\\/\\\/x.com\\\/ilNotiziarioInd\",\"https:\\\/\\\/www.instagram.com\\\/ilnotiziario_settimanale\\\/\"]},{\"@type\":\"Person\",\"@id\":\"https:\\\/\\\/www.ilnotiziario.net\\\/wp\\\/#\\\/schema\\\/person\\\/386e222908f898bb41c033989482bbf2\",\"name\":\"Gabriele Bassani\",\"image\":{\"@type\":\"ImageObject\",\"inLanguage\":\"it-IT\",\"@id\":\"https:\\\/\\\/secure.gravatar.com\\\/avatar\\\/09274f4a84fa97698bde56f84b3afed61c8492d48b0550db9671b68c177479cb?s=96&d=mm&r=g\",\"url\":\"https:\\\/\\\/secure.gravatar.com\\\/avatar\\\/09274f4a84fa97698bde56f84b3afed61c8492d48b0550db9671b68c177479cb?s=96&d=mm&r=g\",\"contentUrl\":\"https:\\\/\\\/secure.gravatar.com\\\/avatar\\\/09274f4a84fa97698bde56f84b3afed61c8492d48b0550db9671b68c177479cb?s=96&d=mm&r=g\",\"caption\":\"Gabriele Bassani\"},\"sameAs\":[\"http:\\\/\\\/www.ilnotiziario.net\"]}]}<\/script>\n<!-- \/ Yoast SEO plugin. -->","yoast_head_json":{"title":"Pannelli fotovoltaici e lampade led  Municipio di Bollate sempre pi\u00f9 sostenibile - Il Notiziario","description":"Un intervento da 95 mila euro per rendere sempre pi\u00f9 sostenibile la gestione degli edifici pubblici di Bollate. Questa volta \u00e8 toccato al palazzo comunale","robots":{"index":"index","follow":"follow","max-snippet":"max-snippet:-1","max-image-preview":"max-image-preview:large","max-video-preview":"max-video-preview:-1"},"canonical":"https:\/\/www.ilnotiziario.net\/wp\/bollatese\/pannelli-fotovoltaici-e-lampade-led-municipio-di-bollate-sempre-piu-sostenibile\/","og_locale":"it_IT","og_type":"article","og_title":"Pannelli fotovoltaici e lampade led  Municipio di Bollate sempre pi\u00f9 sostenibile - Il Notiziario","og_description":"Un intervento da 95 mila euro per rendere sempre pi\u00f9 sostenibile la gestione degli edifici pubblici di Bollate. Questa volta \u00e8 toccato al palazzo comunale","og_url":"https:\/\/www.ilnotiziario.net\/wp\/bollatese\/pannelli-fotovoltaici-e-lampade-led-municipio-di-bollate-sempre-piu-sostenibile\/","og_site_name":"Il Notiziario","article_publisher":"https:\/\/www.facebook.com\/ilnotiziarioind\/","article_published_time":"2024-07-02T17:36:30+00:00","og_image":[{"width":720,"height":540,"url":"https:\/\/www.ilnotiziario.net\/wp\/wp-content\/uploads\/2024\/07\/Pannelli-solari-Comune.jpg","type":"image\/jpeg"}],"author":"Gabriele Bassani","twitter_card":"summary_large_image","twitter_creator":"@ilNotiziarioInd","twitter_site":"@ilNotiziarioInd","twitter_misc":{"Scritto da":"Gabriele Bassani","Tempo di lettura stimato":"2 minuti"},"schema":{"@context":"https:\/\/schema.org","@graph":[{"@type":"Article","@id":"https:\/\/www.ilnotiziario.net\/wp\/bollatese\/pannelli-fotovoltaici-e-lampade-led-municipio-di-bollate-sempre-piu-sostenibile\/#article","isPartOf":{"@id":"https:\/\/www.ilnotiziario.net\/wp\/bollatese\/pannelli-fotovoltaici-e-lampade-led-municipio-di-bollate-sempre-piu-sostenibile\/"},"author":{"name":"Gabriele Bassani","@id":"https:\/\/www.ilnotiziario.net\/wp\/#\/schema\/person\/386e222908f898bb41c033989482bbf2"},"headline":"Pannelli fotovoltaici e lampade led Municipio di Bollate sempre pi\u00f9 sostenibile","datePublished":"2024-07-02T17:36:30+00:00","mainEntityOfPage":{"@id":"https:\/\/www.ilnotiziario.net\/wp\/bollatese\/pannelli-fotovoltaici-e-lampade-led-municipio-di-bollate-sempre-piu-sostenibile\/"},"wordCount":193,"publisher":{"@id":"https:\/\/www.ilnotiziario.net\/wp\/#organization"},"image":{"@id":"https:\/\/www.ilnotiziario.net\/wp\/bollatese\/pannelli-fotovoltaici-e-lampade-led-municipio-di-bollate-sempre-piu-sostenibile\/#primaryimage"},"thumbnailUrl":"https:\/\/www.ilnotiziario.net\/wp\/wp-content\/uploads\/2024\/07\/Pannelli-solari-Comune.jpg","keywords":["Bollate","comune","fotovoltaici","Led","pannelli"],"articleSection":["BOLLATESE","Prima Pagina"],"inLanguage":"it-IT"},{"@type":"WebPage","@id":"https:\/\/www.ilnotiziario.net\/wp\/bollatese\/pannelli-fotovoltaici-e-lampade-led-municipio-di-bollate-sempre-piu-sostenibile\/","url":"https:\/\/www.ilnotiziario.net\/wp\/bollatese\/pannelli-fotovoltaici-e-lampade-led-municipio-di-bollate-sempre-piu-sostenibile\/","name":"Pannelli fotovoltaici e lampade led Municipio di Bollate sempre pi\u00f9 sostenibile - Il Notiziario","isPartOf":{"@id":"https:\/\/www.ilnotiziario.net\/wp\/#website"},"primaryImageOfPage":{"@id":"https:\/\/www.ilnotiziario.net\/wp\/bollatese\/pannelli-fotovoltaici-e-lampade-led-municipio-di-bollate-sempre-piu-sostenibile\/#primaryimage"},"image":{"@id":"https:\/\/www.ilnotiziario.net\/wp\/bollatese\/pannelli-fotovoltaici-e-lampade-led-municipio-di-bollate-sempre-piu-sostenibile\/#primaryimage"},"thumbnailUrl":"https:\/\/www.ilnotiziario.net\/wp\/wp-content\/uploads\/2024\/07\/Pannelli-solari-Comune.jpg","datePublished":"2024-07-02T17:36:30+00:00","description":"Un intervento da 95 mila euro per rendere sempre pi\u00f9 sostenibile la gestione degli edifici pubblici di Bollate. Questa volta \u00e8 toccato al palazzo comunale","breadcrumb":{"@id":"https:\/\/www.ilnotiziario.net\/wp\/bollatese\/pannelli-fotovoltaici-e-lampade-led-municipio-di-bollate-sempre-piu-sostenibile\/#breadcrumb"},"inLanguage":"it-IT","potentialAction":[{"@type":"ReadAction","target":["https:\/\/www.ilnotiziario.net\/wp\/bollatese\/pannelli-fotovoltaici-e-lampade-led-municipio-di-bollate-sempre-piu-sostenibile\/"]}]},{"@type":"ImageObject","inLanguage":"it-IT","@id":"https:\/\/www.ilnotiziario.net\/wp\/bollatese\/pannelli-fotovoltaici-e-lampade-led-municipio-di-bollate-sempre-piu-sostenibile\/#primaryimage","url":"https:\/\/www.ilnotiziario.net\/wp\/wp-content\/uploads\/2024\/07\/Pannelli-solari-Comune.jpg","contentUrl":"https:\/\/www.ilnotiziario.net\/wp\/wp-content\/uploads\/2024\/07\/Pannelli-solari-Comune.jpg","width":720,"height":540,"caption":"Bollate comune fotovoltaici"},{"@type":"BreadcrumbList","@id":"https:\/\/www.ilnotiziario.net\/wp\/bollatese\/pannelli-fotovoltaici-e-lampade-led-municipio-di-bollate-sempre-piu-sostenibile\/#breadcrumb","itemListElement":[{"@type":"ListItem","position":1,"name":"tds_text_logo_tagline_colortds_text_logo_tagline_colortds_text_logo_tagline_colortds_text_logo_tagline_colortd_module_7_title_excerpttd_module_7_title_excerpttd_module_7_title_excerpttd_module_7_title_excerptHome","item":"https:\/\/www.ilnotiziario.net\/wp\/"},{"@type":"ListItem","position":2,"name":"Pannelli fotovoltaici e lampade led Municipio di Bollate sempre pi\u00f9 sostenibile"}]},{"@type":"WebSite","@id":"https:\/\/www.ilnotiziario.net\/wp\/#website","url":"https:\/\/www.ilnotiziario.net\/wp\/","name":"Il Notiziario","description":"Per restare sempre connessi alla notizia","publisher":{"@id":"https:\/\/www.ilnotiziario.net\/wp\/#organization"},"alternateName":"Il Notiziario Bollate","potentialAction":[{"@type":"SearchAction","target":{"@type":"EntryPoint","urlTemplate":"https:\/\/www.ilnotiziario.net\/wp\/?s={search_term_string}"},"query-input":{"@type":"PropertyValueSpecification","valueRequired":true,"valueName":"search_term_string"}}],"inLanguage":"it-IT"},{"@type":"Organization","@id":"https:\/\/www.ilnotiziario.net\/wp\/#organization","name":"Il Notiziario","url":"https:\/\/www.ilnotiziario.net\/wp\/","logo":{"@type":"ImageObject","inLanguage":"it-IT","@id":"https:\/\/www.ilnotiziario.net\/wp\/#\/schema\/logo\/image\/","url":"https:\/\/www.ilnotiziario.net\/wp\/wp-content\/uploads\/2022\/06\/170x170ilN.png","contentUrl":"https:\/\/www.ilnotiziario.net\/wp\/wp-content\/uploads\/2022\/06\/170x170ilN.png","width":355,"height":355,"caption":"Il Notiziario"},"image":{"@id":"https:\/\/www.ilnotiziario.net\/wp\/#\/schema\/logo\/image\/"},"sameAs":["https:\/\/www.facebook.com\/ilnotiziarioind\/","https:\/\/x.com\/ilNotiziarioInd","https:\/\/www.instagram.com\/ilnotiziario_settimanale\/"]},{"@type":"Person","@id":"https:\/\/www.ilnotiziario.net\/wp\/#\/schema\/person\/386e222908f898bb41c033989482bbf2","name":"Gabriele Bassani","image":{"@type":"ImageObject","inLanguage":"it-IT","@id":"https:\/\/secure.gravatar.com\/avatar\/09274f4a84fa97698bde56f84b3afed61c8492d48b0550db9671b68c177479cb?s=96&d=mm&r=g","url":"https:\/\/secure.gravatar.com\/avatar\/09274f4a84fa97698bde56f84b3afed61c8492d48b0550db9671b68c177479cb?s=96&d=mm&r=g","contentUrl":"https:\/\/secure.gravatar.com\/avatar\/09274f4a84fa97698bde56f84b3afed61c8492d48b0550db9671b68c177479cb?s=96&d=mm&r=g","caption":"Gabriele Bassani"},"sameAs":["http:\/\/www.ilnotiziario.net"]}]}},"_links":{"self":[{"href":"https:\/\/www.ilnotiziario.net\/wp\/wp-json\/wp\/v2\/posts\/197417","targetHints":{"allow":["GET"]}}],"collection":[{"href":"https:\/\/www.ilnotiziario.net\/wp\/wp-json\/wp\/v2\/posts"}],"about":[{"href":"https:\/\/www.ilnotiziario.net\/wp\/wp-json\/wp\/v2\/types\/post"}],"author":[{"embeddable":true,"href":"https:\/\/www.ilnotiziario.net\/wp\/wp-json\/wp\/v2\/users\/3"}],"replies":[{"embeddable":true,"href":"https:\/\/www.ilnotiziario.net\/wp\/wp-json\/wp\/v2\/comments?post=197417"}],"version-history":[{"count":0,"href":"https:\/\/www.ilnotiziario.net\/wp\/wp-json\/wp\/v2\/posts\/197417\/revisions"}],"wp:featuredmedia":[{"embeddable":true,"href":"https:\/\/www.ilnotiziario.net\/wp\/wp-json\/wp\/v2\/media\/197418"}],"wp:attachment":[{"href":"https:\/\/www.ilnotiziario.net\/wp\/wp-json\/wp\/v2\/media?parent=197417"}],"wp:term":[{"taxonomy":"category","embeddable":true,"href":"https:\/\/www.ilnotiziario.net\/wp\/wp-json\/wp\/v2\/categories?post=197417"},{"taxonomy":"post_tag","embeddable":true,"href":"https:\/\/www.ilnotiziario.net\/wp\/wp-json\/wp\/v2\/tags?post=197417"}],"curies":[{"name":"wp","href":"https:\/\/api.w.org\/{rel}","templated":true}]}}