{"id":197563,"date":"2024-07-06T19:18:38","date_gmt":"2024-07-06T17:18:38","guid":{"rendered":"https:\/\/www.ilnotiziario.net\/wp\/?p=197563"},"modified":"2024-07-06T19:18:38","modified_gmt":"2024-07-06T17:18:38","slug":"a-cislago-la-madonna-pellegrina-dei-poveri-benedetta-dal-papa","status":"publish","type":"post","link":"https:\/\/www.ilnotiziario.net\/wp\/prima-pagina\/a-cislago-la-madonna-pellegrina-dei-poveri-benedetta-dal-papa\/","title":{"rendered":"A Cislago la Madonna pellegrina dei Poveri, benedetta dal Papa"},"content":{"rendered":"<p>E\u2019 approdata a Cislago questo weekend la Madonna pellegrina dei Poveri di Seminara, <strong>comune della Calabria di cui \u00e8 originaria una comunit\u00e0 di emigrati in paese<\/strong>. La statua tradizionale, protagonista della processione che alle 21 di oggi 6 luglio partir\u00e0 dall\u2019oratorio, \u00e8 una copia di quella originale: prima di arrivare a Cislago ha fatto tappa a Roma in Vaticano, dov\u2019\u00e8 stata <strong>benedetta da Papa Francesco<\/strong>.<\/p><div id=\"ilnot-1531031004\" class=\"ilnot-contenuto ilnot-entity-placement\"><p><!-- incontent_1 --><\/p>\n<div class=\"gptslot\" data-adunitid=\"1\"><\/div>\n<\/div>\n<p>La delegazione accolta dall\u2019amministrazione comunale e dal parroco don Maurizio Restelli \u00e8 composta dal &nbsp;<strong>sindaco di Seminara Giovanni Piccolo<\/strong>, da alcuni suoi consiglieri e dal <strong>parroco don Domenico Caruso<\/strong> (oltre ad alcuni ragazzi). Gli amministratori hanno ospitato tutti nell\u2019aula consiliare del municipio; in seguito li hanno accompagnati in visita al Castello Castelbarco, gioiello storico del paese.<\/p>\n<figure id=\"attachment_197565\" aria-describedby=\"caption-attachment-197565\" style=\"width: 1682px\" class=\"wp-caption alignnone\"><img fetchpriority=\"high\" decoding=\"async\" class=\"size-full wp-image-197565\" src=\"https:\/\/www.ilnotiziario.net\/wp\/wp-content\/uploads\/2024\/07\/Immagine-WhatsApp-2024-07-06-ore-18.44.09_10625764.jpg\" alt=\"\" width=\"1682\" height=\"933\" srcset=\"https:\/\/www.ilnotiziario.net\/wp\/wp-content\/uploads\/2024\/07\/Immagine-WhatsApp-2024-07-06-ore-18.44.09_10625764.jpg 1682w, https:\/\/www.ilnotiziario.net\/wp\/wp-content\/uploads\/2024\/07\/Immagine-WhatsApp-2024-07-06-ore-18.44.09_10625764-300x166.jpg 300w, https:\/\/www.ilnotiziario.net\/wp\/wp-content\/uploads\/2024\/07\/Immagine-WhatsApp-2024-07-06-ore-18.44.09_10625764-1024x568.jpg 1024w, https:\/\/www.ilnotiziario.net\/wp\/wp-content\/uploads\/2024\/07\/Immagine-WhatsApp-2024-07-06-ore-18.44.09_10625764-768x426.jpg 768w, https:\/\/www.ilnotiziario.net\/wp\/wp-content\/uploads\/2024\/07\/Immagine-WhatsApp-2024-07-06-ore-18.44.09_10625764-1536x852.jpg 1536w, https:\/\/www.ilnotiziario.net\/wp\/wp-content\/uploads\/2024\/07\/Immagine-WhatsApp-2024-07-06-ore-18.44.09_10625764-150x83.jpg 150w, https:\/\/www.ilnotiziario.net\/wp\/wp-content\/uploads\/2024\/07\/Immagine-WhatsApp-2024-07-06-ore-18.44.09_10625764-450x250.jpg 450w, https:\/\/www.ilnotiziario.net\/wp\/wp-content\/uploads\/2024\/07\/Immagine-WhatsApp-2024-07-06-ore-18.44.09_10625764-1200x666.jpg 1200w\" sizes=\"(max-width: 1682px) 100vw, 1682px\" \/><figcaption id=\"caption-attachment-197565\" class=\"wp-caption-text\">La delegazione ospite in Comune<\/figcaption><\/figure>\n<p>Stasera, oltre alla processione, \u00e8 previsto il rosario in chiesa, seguito da spettacolari fuochi pirotecnici. Domani in chiesa, alle 10.30, sar\u00e0 officiata una speciale messa concelebrata dai due parroci. &nbsp;<\/p><div id=\"ilnot-4135397681\" class=\"ilnot-contenuto_2 ilnot-entity-placement\"><div class=\"ads-wrapper\">\n<div class=\"ad-slot\">\n   <div id=\"ilnot-3704061873\" style=\"margin-right: auto;margin-left: auto;text-align: center;width: 320px;height: 100px;\"><a href=\"https:\/\/www.scuolasicurezza.it\/\"><img decoding=\"async\" src=\"https:\/\/www.ilnotiziario.net\/wp\/wp-content\/uploads\/2026\/04\/IlNotiziario_banner-sito-e-newsletter-320-x-100-px-1.gif\" alt=\"\"><\/a><\/div>\n  <\/div>\n<div class=\"ad-slot\">\n   <div id=\"ilnot-356722562\" style=\"float: right;width: 320px;height: 100px;\"><a href=\"https:\/\/cedamitalia.it\/\"><img decoding=\"async\" src=\"https:\/\/www.ilnotiziario.net\/wp\/wp-content\/uploads\/2026\/04\/banner_cedam_320x100_OK.gif\" alt=\"Cedam\"><\/a><\/div><\/p><\/div>\n<\/div>\n<\/div>\n<p>Sfoglia l\u2019edizione digitale del notiziario su Pc, smartphone tablet, direttamente dal nostro sito&nbsp;<a href=\"http:\/\/edicola.ilnotiziario.net\/\"><strong>edicola.ilnotiziario.net&nbsp;<\/strong><\/a><\/p>\n<p>Condividi questo articolo!<\/p>\n","protected":false},"excerpt":{"rendered":"<p>E\u2019 approdata a Cislago questo weekend la Madonna pellegrina dei Poveri di Seminara, comune della Calabria di cui \u00e8 originaria una comunit\u00e0 di emigrati in paese. La statua tradizionale, protagonista della processione che alle 21 di oggi 6 luglio partir\u00e0 dall\u2019oratorio, \u00e8 una copia di quella originale: prima di arrivare a Cislago ha fatto tappa<\/p>\n","protected":false},"author":6,"featured_media":197564,"comment_status":"closed","ping_status":"closed","sticky":false,"template":"","format":"standard","meta":{"footnotes":""},"categories":[20,13],"tags":[75,16954,16953],"class_list":{"0":"post-197563","1":"post","2":"type-post","3":"status-publish","4":"format-standard","5":"has-post-thumbnail","7":"category-prima-pagina","8":"category-saronnese","9":"tag-cislago","10":"tag-madonna-dei-poveri","11":"tag-seminara"},"yoast_head":"<!-- This site is optimized with the Yoast SEO plugin v27.4 - https:\/\/yoast.com\/product\/yoast-seo-wordpress\/ -->\n<title>A Cislago la Madonna pellegrina dei Poveri, benedetta dal Papa - Il Notiziario<\/title>\n<meta name=\"description\" content=\"E\u2019 approdata a Cislago la Madonna pellegrina dei Poveri di Seminara, comune della Calabria di cui \u00e8 originaria una comunit\u00e0 di emigrati in paese\" \/>\n<meta name=\"robots\" content=\"index, follow, max-snippet:-1, max-image-preview:large, max-video-preview:-1\" \/>\n<link rel=\"canonical\" href=\"https:\/\/www.ilnotiziario.net\/wp\/prima-pagina\/a-cislago-la-madonna-pellegrina-dei-poveri-benedetta-dal-papa\/\" \/>\n<meta property=\"og:locale\" content=\"it_IT\" \/>\n<meta property=\"og:type\" content=\"article\" \/>\n<meta property=\"og:title\" content=\"A Cislago la Madonna pellegrina dei Poveri, benedetta dal Papa - Il Notiziario\" \/>\n<meta property=\"og:description\" content=\"E\u2019 approdata a Cislago la Madonna pellegrina dei Poveri di Seminara, comune della Calabria di cui \u00e8 originaria una comunit\u00e0 di emigrati in paese\" \/>\n<meta property=\"og:url\" content=\"https:\/\/www.ilnotiziario.net\/wp\/prima-pagina\/a-cislago-la-madonna-pellegrina-dei-poveri-benedetta-dal-papa\/\" \/>\n<meta property=\"og:site_name\" content=\"Il Notiziario\" \/>\n<meta property=\"article:publisher\" content=\"https:\/\/www.facebook.com\/ilnotiziarioind\/\" \/>\n<meta property=\"article:published_time\" content=\"2024-07-06T17:18:38+00:00\" \/>\n<meta property=\"og:image\" content=\"https:\/\/www.ilnotiziario.net\/wp\/wp-content\/uploads\/2024\/07\/Immagine-WhatsApp-2024-07-06-ore-18.46.08_023b6ffe.jpg\" \/>\n\t<meta property=\"og:image:width\" content=\"1500\" \/>\n\t<meta property=\"og:image:height\" content=\"956\" \/>\n\t<meta property=\"og:image:type\" content=\"image\/jpeg\" \/>\n<meta name=\"author\" content=\"Stefano Di Maria\" \/>\n<meta name=\"twitter:card\" content=\"summary_large_image\" \/>\n<meta name=\"twitter:creator\" content=\"@ilNotiziarioInd\" \/>\n<meta name=\"twitter:site\" content=\"@ilNotiziarioInd\" \/>\n<meta name=\"twitter:label1\" content=\"Scritto da\" \/>\n\t<meta name=\"twitter:data1\" content=\"Stefano Di Maria\" \/>\n\t<meta name=\"twitter:label2\" content=\"Tempo di lettura stimato\" \/>\n\t<meta name=\"twitter:data2\" content=\"2 minuti\" \/>\n<script type=\"application\/ld+json\" class=\"yoast-schema-graph\">{\"@context\":\"https:\\\/\\\/schema.org\",\"@graph\":[{\"@type\":\"Article\",\"@id\":\"https:\\\/\\\/www.ilnotiziario.net\\\/wp\\\/prima-pagina\\\/a-cislago-la-madonna-pellegrina-dei-poveri-benedetta-dal-papa\\\/#article\",\"isPartOf\":{\"@id\":\"https:\\\/\\\/www.ilnotiziario.net\\\/wp\\\/prima-pagina\\\/a-cislago-la-madonna-pellegrina-dei-poveri-benedetta-dal-papa\\\/\"},\"author\":{\"name\":\"Stefano Di Maria\",\"@id\":\"https:\\\/\\\/www.ilnotiziario.net\\\/wp\\\/#\\\/schema\\\/person\\\/82fdd8795bbed42a4164047853b6efe7\"},\"headline\":\"A Cislago la Madonna pellegrina dei Poveri, benedetta dal Papa\",\"datePublished\":\"2024-07-06T17:18:38+00:00\",\"mainEntityOfPage\":{\"@id\":\"https:\\\/\\\/www.ilnotiziario.net\\\/wp\\\/prima-pagina\\\/a-cislago-la-madonna-pellegrina-dei-poveri-benedetta-dal-papa\\\/\"},\"wordCount\":192,\"publisher\":{\"@id\":\"https:\\\/\\\/www.ilnotiziario.net\\\/wp\\\/#organization\"},\"image\":{\"@id\":\"https:\\\/\\\/www.ilnotiziario.net\\\/wp\\\/prima-pagina\\\/a-cislago-la-madonna-pellegrina-dei-poveri-benedetta-dal-papa\\\/#primaryimage\"},\"thumbnailUrl\":\"https:\\\/\\\/www.ilnotiziario.net\\\/wp\\\/wp-content\\\/uploads\\\/2024\\\/07\\\/Immagine-WhatsApp-2024-07-06-ore-18.46.08_023b6ffe.jpg\",\"keywords\":[\"Cislago\",\"Madonna dei Poveri\",\"Seminara\"],\"articleSection\":[\"Prima Pagina\",\"SARONNESE\"],\"inLanguage\":\"it-IT\"},{\"@type\":\"WebPage\",\"@id\":\"https:\\\/\\\/www.ilnotiziario.net\\\/wp\\\/prima-pagina\\\/a-cislago-la-madonna-pellegrina-dei-poveri-benedetta-dal-papa\\\/\",\"url\":\"https:\\\/\\\/www.ilnotiziario.net\\\/wp\\\/prima-pagina\\\/a-cislago-la-madonna-pellegrina-dei-poveri-benedetta-dal-papa\\\/\",\"name\":\"A Cislago la Madonna pellegrina dei Poveri, benedetta dal Papa - Il Notiziario\",\"isPartOf\":{\"@id\":\"https:\\\/\\\/www.ilnotiziario.net\\\/wp\\\/#website\"},\"primaryImageOfPage\":{\"@id\":\"https:\\\/\\\/www.ilnotiziario.net\\\/wp\\\/prima-pagina\\\/a-cislago-la-madonna-pellegrina-dei-poveri-benedetta-dal-papa\\\/#primaryimage\"},\"image\":{\"@id\":\"https:\\\/\\\/www.ilnotiziario.net\\\/wp\\\/prima-pagina\\\/a-cislago-la-madonna-pellegrina-dei-poveri-benedetta-dal-papa\\\/#primaryimage\"},\"thumbnailUrl\":\"https:\\\/\\\/www.ilnotiziario.net\\\/wp\\\/wp-content\\\/uploads\\\/2024\\\/07\\\/Immagine-WhatsApp-2024-07-06-ore-18.46.08_023b6ffe.jpg\",\"datePublished\":\"2024-07-06T17:18:38+00:00\",\"description\":\"E\u2019 approdata a Cislago la Madonna pellegrina dei Poveri di Seminara, comune della Calabria di cui \u00e8 originaria una comunit\u00e0 di emigrati in paese\",\"breadcrumb\":{\"@id\":\"https:\\\/\\\/www.ilnotiziario.net\\\/wp\\\/prima-pagina\\\/a-cislago-la-madonna-pellegrina-dei-poveri-benedetta-dal-papa\\\/#breadcrumb\"},\"inLanguage\":\"it-IT\",\"potentialAction\":[{\"@type\":\"ReadAction\",\"target\":[\"https:\\\/\\\/www.ilnotiziario.net\\\/wp\\\/prima-pagina\\\/a-cislago-la-madonna-pellegrina-dei-poveri-benedetta-dal-papa\\\/\"]}]},{\"@type\":\"ImageObject\",\"inLanguage\":\"it-IT\",\"@id\":\"https:\\\/\\\/www.ilnotiziario.net\\\/wp\\\/prima-pagina\\\/a-cislago-la-madonna-pellegrina-dei-poveri-benedetta-dal-papa\\\/#primaryimage\",\"url\":\"https:\\\/\\\/www.ilnotiziario.net\\\/wp\\\/wp-content\\\/uploads\\\/2024\\\/07\\\/Immagine-WhatsApp-2024-07-06-ore-18.46.08_023b6ffe.jpg\",\"contentUrl\":\"https:\\\/\\\/www.ilnotiziario.net\\\/wp\\\/wp-content\\\/uploads\\\/2024\\\/07\\\/Immagine-WhatsApp-2024-07-06-ore-18.46.08_023b6ffe.jpg\",\"width\":1500,\"height\":956},{\"@type\":\"BreadcrumbList\",\"@id\":\"https:\\\/\\\/www.ilnotiziario.net\\\/wp\\\/prima-pagina\\\/a-cislago-la-madonna-pellegrina-dei-poveri-benedetta-dal-papa\\\/#breadcrumb\",\"itemListElement\":[{\"@type\":\"ListItem\",\"position\":1,\"name\":\"tds_text_logo_tagline_colortds_text_logo_tagline_colortds_text_logo_tagline_colortds_text_logo_tagline_colortd_module_7_title_excerpttd_module_7_title_excerpttd_module_7_title_excerpttd_module_7_title_excerptHome\",\"item\":\"https:\\\/\\\/www.ilnotiziario.net\\\/wp\\\/\"},{\"@type\":\"ListItem\",\"position\":2,\"name\":\"A Cislago la Madonna pellegrina dei Poveri, benedetta dal Papa\"}]},{\"@type\":\"WebSite\",\"@id\":\"https:\\\/\\\/www.ilnotiziario.net\\\/wp\\\/#website\",\"url\":\"https:\\\/\\\/www.ilnotiziario.net\\\/wp\\\/\",\"name\":\"Il Notiziario\",\"description\":\"Per restare sempre connessi alla notizia\",\"publisher\":{\"@id\":\"https:\\\/\\\/www.ilnotiziario.net\\\/wp\\\/#organization\"},\"alternateName\":\"Il Notiziario Bollate\",\"potentialAction\":[{\"@type\":\"SearchAction\",\"target\":{\"@type\":\"EntryPoint\",\"urlTemplate\":\"https:\\\/\\\/www.ilnotiziario.net\\\/wp\\\/?s={search_term_string}\"},\"query-input\":{\"@type\":\"PropertyValueSpecification\",\"valueRequired\":true,\"valueName\":\"search_term_string\"}}],\"inLanguage\":\"it-IT\"},{\"@type\":\"Organization\",\"@id\":\"https:\\\/\\\/www.ilnotiziario.net\\\/wp\\\/#organization\",\"name\":\"Il Notiziario\",\"url\":\"https:\\\/\\\/www.ilnotiziario.net\\\/wp\\\/\",\"logo\":{\"@type\":\"ImageObject\",\"inLanguage\":\"it-IT\",\"@id\":\"https:\\\/\\\/www.ilnotiziario.net\\\/wp\\\/#\\\/schema\\\/logo\\\/image\\\/\",\"url\":\"https:\\\/\\\/www.ilnotiziario.net\\\/wp\\\/wp-content\\\/uploads\\\/2022\\\/06\\\/170x170ilN.png\",\"contentUrl\":\"https:\\\/\\\/www.ilnotiziario.net\\\/wp\\\/wp-content\\\/uploads\\\/2022\\\/06\\\/170x170ilN.png\",\"width\":355,\"height\":355,\"caption\":\"Il Notiziario\"},\"image\":{\"@id\":\"https:\\\/\\\/www.ilnotiziario.net\\\/wp\\\/#\\\/schema\\\/logo\\\/image\\\/\"},\"sameAs\":[\"https:\\\/\\\/www.facebook.com\\\/ilnotiziarioind\\\/\",\"https:\\\/\\\/x.com\\\/ilNotiziarioInd\",\"https:\\\/\\\/www.instagram.com\\\/ilnotiziario_settimanale\\\/\"]},{\"@type\":\"Person\",\"@id\":\"https:\\\/\\\/www.ilnotiziario.net\\\/wp\\\/#\\\/schema\\\/person\\\/82fdd8795bbed42a4164047853b6efe7\",\"name\":\"Stefano Di Maria\",\"image\":{\"@type\":\"ImageObject\",\"inLanguage\":\"it-IT\",\"@id\":\"https:\\\/\\\/secure.gravatar.com\\\/avatar\\\/b3163d1e75da759bd0a681248e88a87d84bdd563fec9b060a3ae82742880745a?s=96&d=mm&r=g\",\"url\":\"https:\\\/\\\/secure.gravatar.com\\\/avatar\\\/b3163d1e75da759bd0a681248e88a87d84bdd563fec9b060a3ae82742880745a?s=96&d=mm&r=g\",\"contentUrl\":\"https:\\\/\\\/secure.gravatar.com\\\/avatar\\\/b3163d1e75da759bd0a681248e88a87d84bdd563fec9b060a3ae82742880745a?s=96&d=mm&r=g\",\"caption\":\"Stefano Di Maria\"},\"sameAs\":[\"http:\\\/\\\/www.ilnotiziario.net\"]}]}<\/script>\n<!-- \/ Yoast SEO plugin. -->","yoast_head_json":{"title":"A Cislago la Madonna pellegrina dei Poveri, benedetta dal Papa - Il Notiziario","description":"E\u2019 approdata a Cislago la Madonna pellegrina dei Poveri di Seminara, comune della Calabria di cui \u00e8 originaria una comunit\u00e0 di emigrati in paese","robots":{"index":"index","follow":"follow","max-snippet":"max-snippet:-1","max-image-preview":"max-image-preview:large","max-video-preview":"max-video-preview:-1"},"canonical":"https:\/\/www.ilnotiziario.net\/wp\/prima-pagina\/a-cislago-la-madonna-pellegrina-dei-poveri-benedetta-dal-papa\/","og_locale":"it_IT","og_type":"article","og_title":"A Cislago la Madonna pellegrina dei Poveri, benedetta dal Papa - Il Notiziario","og_description":"E\u2019 approdata a Cislago la Madonna pellegrina dei Poveri di Seminara, comune della Calabria di cui \u00e8 originaria una comunit\u00e0 di emigrati in paese","og_url":"https:\/\/www.ilnotiziario.net\/wp\/prima-pagina\/a-cislago-la-madonna-pellegrina-dei-poveri-benedetta-dal-papa\/","og_site_name":"Il Notiziario","article_publisher":"https:\/\/www.facebook.com\/ilnotiziarioind\/","article_published_time":"2024-07-06T17:18:38+00:00","og_image":[{"width":1500,"height":956,"url":"https:\/\/www.ilnotiziario.net\/wp\/wp-content\/uploads\/2024\/07\/Immagine-WhatsApp-2024-07-06-ore-18.46.08_023b6ffe.jpg","type":"image\/jpeg"}],"author":"Stefano Di Maria","twitter_card":"summary_large_image","twitter_creator":"@ilNotiziarioInd","twitter_site":"@ilNotiziarioInd","twitter_misc":{"Scritto da":"Stefano Di Maria","Tempo di lettura stimato":"2 minuti"},"schema":{"@context":"https:\/\/schema.org","@graph":[{"@type":"Article","@id":"https:\/\/www.ilnotiziario.net\/wp\/prima-pagina\/a-cislago-la-madonna-pellegrina-dei-poveri-benedetta-dal-papa\/#article","isPartOf":{"@id":"https:\/\/www.ilnotiziario.net\/wp\/prima-pagina\/a-cislago-la-madonna-pellegrina-dei-poveri-benedetta-dal-papa\/"},"author":{"name":"Stefano Di Maria","@id":"https:\/\/www.ilnotiziario.net\/wp\/#\/schema\/person\/82fdd8795bbed42a4164047853b6efe7"},"headline":"A Cislago la Madonna pellegrina dei Poveri, benedetta dal Papa","datePublished":"2024-07-06T17:18:38+00:00","mainEntityOfPage":{"@id":"https:\/\/www.ilnotiziario.net\/wp\/prima-pagina\/a-cislago-la-madonna-pellegrina-dei-poveri-benedetta-dal-papa\/"},"wordCount":192,"publisher":{"@id":"https:\/\/www.ilnotiziario.net\/wp\/#organization"},"image":{"@id":"https:\/\/www.ilnotiziario.net\/wp\/prima-pagina\/a-cislago-la-madonna-pellegrina-dei-poveri-benedetta-dal-papa\/#primaryimage"},"thumbnailUrl":"https:\/\/www.ilnotiziario.net\/wp\/wp-content\/uploads\/2024\/07\/Immagine-WhatsApp-2024-07-06-ore-18.46.08_023b6ffe.jpg","keywords":["Cislago","Madonna dei Poveri","Seminara"],"articleSection":["Prima Pagina","SARONNESE"],"inLanguage":"it-IT"},{"@type":"WebPage","@id":"https:\/\/www.ilnotiziario.net\/wp\/prima-pagina\/a-cislago-la-madonna-pellegrina-dei-poveri-benedetta-dal-papa\/","url":"https:\/\/www.ilnotiziario.net\/wp\/prima-pagina\/a-cislago-la-madonna-pellegrina-dei-poveri-benedetta-dal-papa\/","name":"A Cislago la Madonna pellegrina dei Poveri, benedetta dal Papa - Il Notiziario","isPartOf":{"@id":"https:\/\/www.ilnotiziario.net\/wp\/#website"},"primaryImageOfPage":{"@id":"https:\/\/www.ilnotiziario.net\/wp\/prima-pagina\/a-cislago-la-madonna-pellegrina-dei-poveri-benedetta-dal-papa\/#primaryimage"},"image":{"@id":"https:\/\/www.ilnotiziario.net\/wp\/prima-pagina\/a-cislago-la-madonna-pellegrina-dei-poveri-benedetta-dal-papa\/#primaryimage"},"thumbnailUrl":"https:\/\/www.ilnotiziario.net\/wp\/wp-content\/uploads\/2024\/07\/Immagine-WhatsApp-2024-07-06-ore-18.46.08_023b6ffe.jpg","datePublished":"2024-07-06T17:18:38+00:00","description":"E\u2019 approdata a Cislago la Madonna pellegrina dei Poveri di Seminara, comune della Calabria di cui \u00e8 originaria una comunit\u00e0 di emigrati in paese","breadcrumb":{"@id":"https:\/\/www.ilnotiziario.net\/wp\/prima-pagina\/a-cislago-la-madonna-pellegrina-dei-poveri-benedetta-dal-papa\/#breadcrumb"},"inLanguage":"it-IT","potentialAction":[{"@type":"ReadAction","target":["https:\/\/www.ilnotiziario.net\/wp\/prima-pagina\/a-cislago-la-madonna-pellegrina-dei-poveri-benedetta-dal-papa\/"]}]},{"@type":"ImageObject","inLanguage":"it-IT","@id":"https:\/\/www.ilnotiziario.net\/wp\/prima-pagina\/a-cislago-la-madonna-pellegrina-dei-poveri-benedetta-dal-papa\/#primaryimage","url":"https:\/\/www.ilnotiziario.net\/wp\/wp-content\/uploads\/2024\/07\/Immagine-WhatsApp-2024-07-06-ore-18.46.08_023b6ffe.jpg","contentUrl":"https:\/\/www.ilnotiziario.net\/wp\/wp-content\/uploads\/2024\/07\/Immagine-WhatsApp-2024-07-06-ore-18.46.08_023b6ffe.jpg","width":1500,"height":956},{"@type":"BreadcrumbList","@id":"https:\/\/www.ilnotiziario.net\/wp\/prima-pagina\/a-cislago-la-madonna-pellegrina-dei-poveri-benedetta-dal-papa\/#breadcrumb","itemListElement":[{"@type":"ListItem","position":1,"name":"tds_text_logo_tagline_colortds_text_logo_tagline_colortds_text_logo_tagline_colortds_text_logo_tagline_colortd_module_7_title_excerpttd_module_7_title_excerpttd_module_7_title_excerpttd_module_7_title_excerptHome","item":"https:\/\/www.ilnotiziario.net\/wp\/"},{"@type":"ListItem","position":2,"name":"A Cislago la Madonna pellegrina dei Poveri, benedetta dal Papa"}]},{"@type":"WebSite","@id":"https:\/\/www.ilnotiziario.net\/wp\/#website","url":"https:\/\/www.ilnotiziario.net\/wp\/","name":"Il Notiziario","description":"Per restare sempre connessi alla notizia","publisher":{"@id":"https:\/\/www.ilnotiziario.net\/wp\/#organization"},"alternateName":"Il Notiziario Bollate","potentialAction":[{"@type":"SearchAction","target":{"@type":"EntryPoint","urlTemplate":"https:\/\/www.ilnotiziario.net\/wp\/?s={search_term_string}"},"query-input":{"@type":"PropertyValueSpecification","valueRequired":true,"valueName":"search_term_string"}}],"inLanguage":"it-IT"},{"@type":"Organization","@id":"https:\/\/www.ilnotiziario.net\/wp\/#organization","name":"Il Notiziario","url":"https:\/\/www.ilnotiziario.net\/wp\/","logo":{"@type":"ImageObject","inLanguage":"it-IT","@id":"https:\/\/www.ilnotiziario.net\/wp\/#\/schema\/logo\/image\/","url":"https:\/\/www.ilnotiziario.net\/wp\/wp-content\/uploads\/2022\/06\/170x170ilN.png","contentUrl":"https:\/\/www.ilnotiziario.net\/wp\/wp-content\/uploads\/2022\/06\/170x170ilN.png","width":355,"height":355,"caption":"Il Notiziario"},"image":{"@id":"https:\/\/www.ilnotiziario.net\/wp\/#\/schema\/logo\/image\/"},"sameAs":["https:\/\/www.facebook.com\/ilnotiziarioind\/","https:\/\/x.com\/ilNotiziarioInd","https:\/\/www.instagram.com\/ilnotiziario_settimanale\/"]},{"@type":"Person","@id":"https:\/\/www.ilnotiziario.net\/wp\/#\/schema\/person\/82fdd8795bbed42a4164047853b6efe7","name":"Stefano Di Maria","image":{"@type":"ImageObject","inLanguage":"it-IT","@id":"https:\/\/secure.gravatar.com\/avatar\/b3163d1e75da759bd0a681248e88a87d84bdd563fec9b060a3ae82742880745a?s=96&d=mm&r=g","url":"https:\/\/secure.gravatar.com\/avatar\/b3163d1e75da759bd0a681248e88a87d84bdd563fec9b060a3ae82742880745a?s=96&d=mm&r=g","contentUrl":"https:\/\/secure.gravatar.com\/avatar\/b3163d1e75da759bd0a681248e88a87d84bdd563fec9b060a3ae82742880745a?s=96&d=mm&r=g","caption":"Stefano Di Maria"},"sameAs":["http:\/\/www.ilnotiziario.net"]}]}},"_links":{"self":[{"href":"https:\/\/www.ilnotiziario.net\/wp\/wp-json\/wp\/v2\/posts\/197563","targetHints":{"allow":["GET"]}}],"collection":[{"href":"https:\/\/www.ilnotiziario.net\/wp\/wp-json\/wp\/v2\/posts"}],"about":[{"href":"https:\/\/www.ilnotiziario.net\/wp\/wp-json\/wp\/v2\/types\/post"}],"author":[{"embeddable":true,"href":"https:\/\/www.ilnotiziario.net\/wp\/wp-json\/wp\/v2\/users\/6"}],"replies":[{"embeddable":true,"href":"https:\/\/www.ilnotiziario.net\/wp\/wp-json\/wp\/v2\/comments?post=197563"}],"version-history":[{"count":0,"href":"https:\/\/www.ilnotiziario.net\/wp\/wp-json\/wp\/v2\/posts\/197563\/revisions"}],"wp:featuredmedia":[{"embeddable":true,"href":"https:\/\/www.ilnotiziario.net\/wp\/wp-json\/wp\/v2\/media\/197564"}],"wp:attachment":[{"href":"https:\/\/www.ilnotiziario.net\/wp\/wp-json\/wp\/v2\/media?parent=197563"}],"wp:term":[{"taxonomy":"category","embeddable":true,"href":"https:\/\/www.ilnotiziario.net\/wp\/wp-json\/wp\/v2\/categories?post=197563"},{"taxonomy":"post_tag","embeddable":true,"href":"https:\/\/www.ilnotiziario.net\/wp\/wp-json\/wp\/v2\/tags?post=197563"}],"curies":[{"name":"wp","href":"https:\/\/api.w.org\/{rel}","templated":true}]}}