{"id":197970,"date":"2024-07-19T20:39:12","date_gmt":"2024-07-19T18:39:12","guid":{"rendered":"https:\/\/www.ilnotiziario.net\/wp\/?p=197970"},"modified":"2024-07-19T20:39:12","modified_gmt":"2024-07-19T18:39:12","slug":"maltempo-nelle-groane-tetti-scoperchiati-a-ceriano-laghetto-alberi-caduti-a-lazzate-e-misinto-foto","status":"publish","type":"post","link":"https:\/\/www.ilnotiziario.net\/wp\/brianza\/maltempo-nelle-groane-tetti-scoperchiati-a-ceriano-laghetto-alberi-caduti-a-lazzate-e-misinto-foto\/","title":{"rendered":"Maltempo nelle Groane: tetti scoperchiati a Ceriano Laghetto, alberi caduti a Lazzate e Misinto | FOTO"},"content":{"rendered":"<p>Tetti scoperchiati a Ceriano Laghetto per il vento che ha accompagnato il temporale di questo pomeriggio, mentre a Misinto e a Lazzate si sono registrate cadute di alberi.<\/p><div id=\"ilnot-4264540335\" class=\"ilnot-contenuto ilnot-entity-placement\"><p><!-- incontent_1 --><\/p>\n<div class=\"gptslot\" data-adunitid=\"1\"><\/div>\n<\/div>\n<p>Al momento non risultano persone ferite ma sono oltre 40 le richieste di intervento ricevute nell\u2019arco di due ore dalle 17 alle 19 dalla sala operativa dei Vigili del fuoco di Monza e Brianza, legati alla forte ondata di maltempo che si \u00e8 abbattuta sulla provincia.<\/p>\n<h2>Danni da vento e temporale a Ceriano Laghetto, Misinto e Lazzate&nbsp;<\/h2>\n<p>Le zone pi\u00f9 colpite sono i comuni di Meda, Lentate sul Seveso, Lazzate, Ceriano Laghetto Cesano Maderno e Seveso.<br \/>\nInterventi anche nel comune di Lesmo.<\/p><div id=\"ilnot-344535549\" class=\"ilnot-contenuto_2 ilnot-entity-placement\"><div class=\"ads-wrapper\">\n<div class=\"ad-slot\">\n   <div id=\"ilnot-577170790\" style=\"margin-right: auto;margin-left: auto;text-align: center;width: 320px;height: 100px;\"><a href=\"https:\/\/www.scuolasicurezza.it\/\"><img decoding=\"async\" src=\"https:\/\/www.ilnotiziario.net\/wp\/wp-content\/uploads\/2026\/04\/IlNotiziario_banner-sito-e-newsletter-320-x-100-px-1.gif\" alt=\"\"><\/a><\/div>\n  <\/div>\n<div class=\"ad-slot\">\n   <div id=\"ilnot-2430950969\" style=\"margin-right: auto;margin-left: auto;text-align: center;width: 320px;height: 100px;\"><a href=\"https:\/\/purodesignarredamenti.com\/\"><img decoding=\"async\" src=\"https:\/\/www.ilnotiziario.net\/wp\/wp-content\/uploads\/2026\/04\/banner-puro-ok.gif\" alt=\"whatsapp\"><\/a><\/div><\/p><\/div>\n<\/div>\n<\/div>\n<p>Principalmente si tratta di alberi caduti al suolo, dissesti statici di elementi costruttivi (lamiere pericolanti e tegole pericolanti) e tetti scoperchiati.<\/p>\n<div id='gallery-1' class='gallery galleryid-197970 gallery-columns-3 gallery-size-full'><figure class='gallery-item'>\n\t\t\t<div class='gallery-icon landscape'>\n\t\t\t\t<a href='https:\/\/www.ilnotiziario.net\/wp\/brianza\/maltempo-nelle-groane-tetti-scoperchiati-a-ceriano-laghetto-alberi-caduti-a-lazzate-e-misinto-foto\/attachment\/ceriano-vvf1\/'><img fetchpriority=\"high\" decoding=\"async\" width=\"1280\" height=\"960\" src=\"https:\/\/www.ilnotiziario.net\/wp\/wp-content\/uploads\/2024\/07\/ceriano-VVf1.jpeg\" class=\"attachment-full size-full\" alt=\"\" srcset=\"https:\/\/www.ilnotiziario.net\/wp\/wp-content\/uploads\/2024\/07\/ceriano-VVf1.jpeg 1280w, https:\/\/www.ilnotiziario.net\/wp\/wp-content\/uploads\/2024\/07\/ceriano-VVf1-300x225.jpeg 300w, https:\/\/www.ilnotiziario.net\/wp\/wp-content\/uploads\/2024\/07\/ceriano-VVf1-1024x768.jpeg 1024w, https:\/\/www.ilnotiziario.net\/wp\/wp-content\/uploads\/2024\/07\/ceriano-VVf1-768x576.jpeg 768w, https:\/\/www.ilnotiziario.net\/wp\/wp-content\/uploads\/2024\/07\/ceriano-VVf1-150x113.jpeg 150w, https:\/\/www.ilnotiziario.net\/wp\/wp-content\/uploads\/2024\/07\/ceriano-VVf1-450x338.jpeg 450w, https:\/\/www.ilnotiziario.net\/wp\/wp-content\/uploads\/2024\/07\/ceriano-VVf1-1200x900.jpeg 1200w\" sizes=\"(max-width: 1280px) 100vw, 1280px\" \/><\/a>\n\t\t\t<\/div><\/figure><figure class='gallery-item'>\n\t\t\t<div class='gallery-icon landscape'>\n\t\t\t\t<a href='https:\/\/www.ilnotiziario.net\/wp\/brianza\/maltempo-nelle-groane-tetti-scoperchiati-a-ceriano-laghetto-alberi-caduti-a-lazzate-e-misinto-foto\/attachment\/ceriano-vvf2\/'><img decoding=\"async\" width=\"1280\" height=\"960\" src=\"https:\/\/www.ilnotiziario.net\/wp\/wp-content\/uploads\/2024\/07\/ceriano-Vvf2.jpeg\" class=\"attachment-full size-full\" alt=\"ceriano laghetto tetti\" srcset=\"https:\/\/www.ilnotiziario.net\/wp\/wp-content\/uploads\/2024\/07\/ceriano-Vvf2.jpeg 1280w, https:\/\/www.ilnotiziario.net\/wp\/wp-content\/uploads\/2024\/07\/ceriano-Vvf2-300x225.jpeg 300w, https:\/\/www.ilnotiziario.net\/wp\/wp-content\/uploads\/2024\/07\/ceriano-Vvf2-1024x768.jpeg 1024w, https:\/\/www.ilnotiziario.net\/wp\/wp-content\/uploads\/2024\/07\/ceriano-Vvf2-768x576.jpeg 768w, https:\/\/www.ilnotiziario.net\/wp\/wp-content\/uploads\/2024\/07\/ceriano-Vvf2-150x113.jpeg 150w, https:\/\/www.ilnotiziario.net\/wp\/wp-content\/uploads\/2024\/07\/ceriano-Vvf2-450x338.jpeg 450w, https:\/\/www.ilnotiziario.net\/wp\/wp-content\/uploads\/2024\/07\/ceriano-Vvf2-1200x900.jpeg 1200w\" sizes=\"(max-width: 1280px) 100vw, 1280px\" \/><\/a>\n\t\t\t<\/div><\/figure><figure class='gallery-item'>\n\t\t\t<div class='gallery-icon landscape'>\n\t\t\t\t<a href='https:\/\/www.ilnotiziario.net\/wp\/brianza\/maltempo-nelle-groane-tetti-scoperchiati-a-ceriano-laghetto-alberi-caduti-a-lazzate-e-misinto-foto\/attachment\/misinto-vvf-2\/'><img decoding=\"async\" width=\"1280\" height=\"960\" src=\"https:\/\/www.ilnotiziario.net\/wp\/wp-content\/uploads\/2024\/07\/misinto-VVf-2.jpeg\" class=\"attachment-full size-full\" alt=\"\" srcset=\"https:\/\/www.ilnotiziario.net\/wp\/wp-content\/uploads\/2024\/07\/misinto-VVf-2.jpeg 1280w, https:\/\/www.ilnotiziario.net\/wp\/wp-content\/uploads\/2024\/07\/misinto-VVf-2-300x225.jpeg 300w, https:\/\/www.ilnotiziario.net\/wp\/wp-content\/uploads\/2024\/07\/misinto-VVf-2-1024x768.jpeg 1024w, https:\/\/www.ilnotiziario.net\/wp\/wp-content\/uploads\/2024\/07\/misinto-VVf-2-768x576.jpeg 768w, https:\/\/www.ilnotiziario.net\/wp\/wp-content\/uploads\/2024\/07\/misinto-VVf-2-150x113.jpeg 150w, https:\/\/www.ilnotiziario.net\/wp\/wp-content\/uploads\/2024\/07\/misinto-VVf-2-450x338.jpeg 450w, https:\/\/www.ilnotiziario.net\/wp\/wp-content\/uploads\/2024\/07\/misinto-VVf-2-1200x900.jpeg 1200w\" sizes=\"(max-width: 1280px) 100vw, 1280px\" \/><\/a>\n\t\t\t<\/div><\/figure><figure class='gallery-item'>\n\t\t\t<div class='gallery-icon portrait'>\n\t\t\t\t<a href='https:\/\/www.ilnotiziario.net\/wp\/brianza\/maltempo-nelle-groane-tetti-scoperchiati-a-ceriano-laghetto-alberi-caduti-a-lazzate-e-misinto-foto\/attachment\/ceriano-laghetto-vvf3\/'><img loading=\"lazy\" decoding=\"async\" width=\"1152\" height=\"2048\" src=\"https:\/\/www.ilnotiziario.net\/wp\/wp-content\/uploads\/2024\/07\/ceriano-Laghetto-VVf3.jpeg\" class=\"attachment-full size-full\" alt=\"\" srcset=\"https:\/\/www.ilnotiziario.net\/wp\/wp-content\/uploads\/2024\/07\/ceriano-Laghetto-VVf3.jpeg 1152w, https:\/\/www.ilnotiziario.net\/wp\/wp-content\/uploads\/2024\/07\/ceriano-Laghetto-VVf3-169x300.jpeg 169w, https:\/\/www.ilnotiziario.net\/wp\/wp-content\/uploads\/2024\/07\/ceriano-Laghetto-VVf3-576x1024.jpeg 576w, https:\/\/www.ilnotiziario.net\/wp\/wp-content\/uploads\/2024\/07\/ceriano-Laghetto-VVf3-768x1365.jpeg 768w, https:\/\/www.ilnotiziario.net\/wp\/wp-content\/uploads\/2024\/07\/ceriano-Laghetto-VVf3-864x1536.jpeg 864w, https:\/\/www.ilnotiziario.net\/wp\/wp-content\/uploads\/2024\/07\/ceriano-Laghetto-VVf3-150x267.jpeg 150w, https:\/\/www.ilnotiziario.net\/wp\/wp-content\/uploads\/2024\/07\/ceriano-Laghetto-VVf3-450x800.jpeg 450w\" sizes=\"(max-width: 1152px) 100vw, 1152px\" \/><\/a>\n\t\t\t<\/div><\/figure><figure class='gallery-item'>\n\t\t\t<div class='gallery-icon landscape'>\n\t\t\t\t<a href='https:\/\/www.ilnotiziario.net\/wp\/brianza\/maltempo-nelle-groane-tetti-scoperchiati-a-ceriano-laghetto-alberi-caduti-a-lazzate-e-misinto-foto\/attachment\/ceriano-vvf4\/'><img loading=\"lazy\" decoding=\"async\" width=\"1280\" height=\"960\" src=\"https:\/\/www.ilnotiziario.net\/wp\/wp-content\/uploads\/2024\/07\/Ceriano-VVf4.jpeg\" class=\"attachment-full size-full\" alt=\"\" srcset=\"https:\/\/www.ilnotiziario.net\/wp\/wp-content\/uploads\/2024\/07\/Ceriano-VVf4.jpeg 1280w, https:\/\/www.ilnotiziario.net\/wp\/wp-content\/uploads\/2024\/07\/Ceriano-VVf4-300x225.jpeg 300w, https:\/\/www.ilnotiziario.net\/wp\/wp-content\/uploads\/2024\/07\/Ceriano-VVf4-1024x768.jpeg 1024w, https:\/\/www.ilnotiziario.net\/wp\/wp-content\/uploads\/2024\/07\/Ceriano-VVf4-768x576.jpeg 768w, https:\/\/www.ilnotiziario.net\/wp\/wp-content\/uploads\/2024\/07\/Ceriano-VVf4-150x113.jpeg 150w, https:\/\/www.ilnotiziario.net\/wp\/wp-content\/uploads\/2024\/07\/Ceriano-VVf4-450x338.jpeg 450w, https:\/\/www.ilnotiziario.net\/wp\/wp-content\/uploads\/2024\/07\/Ceriano-VVf4-1200x900.jpeg 1200w\" sizes=\"(max-width: 1280px) 100vw, 1280px\" \/><\/a>\n\t\t\t<\/div><\/figure>\n\t\t<\/div>\n\n<p>L\u2019episodio pi\u00f9 grave a Ceriano Laghetto, in via Stra Meda, dove una copertura di lamiera si \u00e8 sollevata dal tetto di un condominio di 4 piani ed \u00e8 precipitata a terra nel cortile interno, colpendo delle auto.<\/p>\n<p>A Misinto e Lazzate si sono registrati pi\u00f9 interventi dei Vigili del fuoco per la rimozione di alberi caduti a terra.<\/p><div id=\"ilnot-2391070924\" class=\"ilnot-contenuto_2-2 ilnot-entity-placement\"><div class=\"gptslot\" data-adunitid=\"2\"><\/div>\n<\/div>\n","protected":false},"excerpt":{"rendered":"<p>Tetti scoperchiati a Ceriano Laghetto per il vento che ha accompagnato il temporale di questo pomeriggio, mentre a Misinto e a Lazzate si sono registrate cadute di alberi. Al momento non risultano persone ferite ma sono oltre 40 le richieste di intervento ricevute nell\u2019arco di due ore dalle 17 alle 19 dalla sala operativa dei<\/p>\n","protected":false},"author":3,"featured_media":197974,"comment_status":"closed","ping_status":"closed","sticky":false,"template":"","format":"gallery","meta":{"footnotes":""},"categories":[9,20,13],"tags":[856,114,1898,135],"class_list":{"0":"post-197970","1":"post","2":"type-post","3":"status-publish","4":"format-gallery","5":"has-post-thumbnail","7":"category-brianza","8":"category-prima-pagina","9":"category-saronnese","10":"tag-ceriano-laghetto","11":"tag-lazzate","12":"tag-maltempo","13":"tag-misinto","14":"post_format-post-format-gallery"},"yoast_head":"<!-- This site is optimized with the Yoast SEO plugin v27.4 - https:\/\/yoast.com\/product\/yoast-seo-wordpress\/ -->\n<title>Maltempo nelle Groane: tetti scoperchiati a Ceriano Laghetto, alberi caduti a Lazzate e Misinto | FOTO - Il Notiziario<\/title>\n<meta name=\"description\" content=\"Tetti scoperchiati a Ceriano Laghetto per il vento che ha accompagnato il temporale di questo pomeriggio, mentre a Misinto e a Lazzate si sono registrate\" \/>\n<meta name=\"robots\" content=\"index, follow, max-snippet:-1, max-image-preview:large, max-video-preview:-1\" \/>\n<link rel=\"canonical\" href=\"https:\/\/www.ilnotiziario.net\/wp\/brianza\/maltempo-nelle-groane-tetti-scoperchiati-a-ceriano-laghetto-alberi-caduti-a-lazzate-e-misinto-foto\/\" \/>\n<meta property=\"og:locale\" content=\"it_IT\" \/>\n<meta property=\"og:type\" content=\"article\" \/>\n<meta property=\"og:title\" content=\"Maltempo nelle Groane: tetti scoperchiati a Ceriano Laghetto, alberi caduti a Lazzate e Misinto | FOTO - Il Notiziario\" \/>\n<meta property=\"og:description\" content=\"Tetti scoperchiati a Ceriano Laghetto per il vento che ha accompagnato il temporale di questo pomeriggio, mentre a Misinto e a Lazzate si sono registrate\" \/>\n<meta property=\"og:url\" content=\"https:\/\/www.ilnotiziario.net\/wp\/brianza\/maltempo-nelle-groane-tetti-scoperchiati-a-ceriano-laghetto-alberi-caduti-a-lazzate-e-misinto-foto\/\" \/>\n<meta property=\"og:site_name\" content=\"Il Notiziario\" \/>\n<meta property=\"article:publisher\" content=\"https:\/\/www.facebook.com\/ilnotiziarioind\/\" \/>\n<meta property=\"article:published_time\" content=\"2024-07-19T18:39:12+00:00\" \/>\n<meta property=\"og:image\" content=\"https:\/\/www.ilnotiziario.net\/wp\/wp-content\/uploads\/2024\/07\/ceriano-Vvf2.jpeg\" \/>\n\t<meta property=\"og:image:width\" content=\"1280\" \/>\n\t<meta property=\"og:image:height\" content=\"960\" \/>\n\t<meta property=\"og:image:type\" content=\"image\/jpeg\" \/>\n<meta name=\"author\" content=\"Gabriele Bassani\" \/>\n<meta name=\"twitter:card\" content=\"summary_large_image\" \/>\n<meta name=\"twitter:creator\" content=\"@ilNotiziarioInd\" \/>\n<meta name=\"twitter:site\" content=\"@ilNotiziarioInd\" \/>\n<meta name=\"twitter:label1\" content=\"Scritto da\" \/>\n\t<meta name=\"twitter:data1\" content=\"Gabriele Bassani\" \/>\n\t<meta name=\"twitter:label2\" content=\"Tempo di lettura stimato\" \/>\n\t<meta name=\"twitter:data2\" content=\"2 minuti\" \/>\n<script type=\"application\/ld+json\" class=\"yoast-schema-graph\">{\"@context\":\"https:\\\/\\\/schema.org\",\"@graph\":[{\"@type\":\"Article\",\"@id\":\"https:\\\/\\\/www.ilnotiziario.net\\\/wp\\\/brianza\\\/maltempo-nelle-groane-tetti-scoperchiati-a-ceriano-laghetto-alberi-caduti-a-lazzate-e-misinto-foto\\\/#article\",\"isPartOf\":{\"@id\":\"https:\\\/\\\/www.ilnotiziario.net\\\/wp\\\/brianza\\\/maltempo-nelle-groane-tetti-scoperchiati-a-ceriano-laghetto-alberi-caduti-a-lazzate-e-misinto-foto\\\/\"},\"author\":{\"name\":\"Gabriele Bassani\",\"@id\":\"https:\\\/\\\/www.ilnotiziario.net\\\/wp\\\/#\\\/schema\\\/person\\\/386e222908f898bb41c033989482bbf2\"},\"headline\":\"Maltempo nelle Groane: tetti scoperchiati a Ceriano Laghetto, alberi caduti a Lazzate e Misinto | FOTO\",\"datePublished\":\"2024-07-19T18:39:12+00:00\",\"mainEntityOfPage\":{\"@id\":\"https:\\\/\\\/www.ilnotiziario.net\\\/wp\\\/brianza\\\/maltempo-nelle-groane-tetti-scoperchiati-a-ceriano-laghetto-alberi-caduti-a-lazzate-e-misinto-foto\\\/\"},\"wordCount\":204,\"publisher\":{\"@id\":\"https:\\\/\\\/www.ilnotiziario.net\\\/wp\\\/#organization\"},\"image\":{\"@id\":\"https:\\\/\\\/www.ilnotiziario.net\\\/wp\\\/brianza\\\/maltempo-nelle-groane-tetti-scoperchiati-a-ceriano-laghetto-alberi-caduti-a-lazzate-e-misinto-foto\\\/#primaryimage\"},\"thumbnailUrl\":\"https:\\\/\\\/www.ilnotiziario.net\\\/wp\\\/wp-content\\\/uploads\\\/2024\\\/07\\\/ceriano-Vvf2.jpeg\",\"keywords\":[\"Ceriano Laghetto\",\"Lazzate\",\"Maltempo\",\"Misinto\"],\"articleSection\":[\"BRIANZA\",\"Prima Pagina\",\"SARONNESE\"],\"inLanguage\":\"it-IT\"},{\"@type\":\"WebPage\",\"@id\":\"https:\\\/\\\/www.ilnotiziario.net\\\/wp\\\/brianza\\\/maltempo-nelle-groane-tetti-scoperchiati-a-ceriano-laghetto-alberi-caduti-a-lazzate-e-misinto-foto\\\/\",\"url\":\"https:\\\/\\\/www.ilnotiziario.net\\\/wp\\\/brianza\\\/maltempo-nelle-groane-tetti-scoperchiati-a-ceriano-laghetto-alberi-caduti-a-lazzate-e-misinto-foto\\\/\",\"name\":\"Maltempo nelle Groane: tetti scoperchiati a Ceriano Laghetto, alberi caduti a Lazzate e Misinto | FOTO - Il Notiziario\",\"isPartOf\":{\"@id\":\"https:\\\/\\\/www.ilnotiziario.net\\\/wp\\\/#website\"},\"primaryImageOfPage\":{\"@id\":\"https:\\\/\\\/www.ilnotiziario.net\\\/wp\\\/brianza\\\/maltempo-nelle-groane-tetti-scoperchiati-a-ceriano-laghetto-alberi-caduti-a-lazzate-e-misinto-foto\\\/#primaryimage\"},\"image\":{\"@id\":\"https:\\\/\\\/www.ilnotiziario.net\\\/wp\\\/brianza\\\/maltempo-nelle-groane-tetti-scoperchiati-a-ceriano-laghetto-alberi-caduti-a-lazzate-e-misinto-foto\\\/#primaryimage\"},\"thumbnailUrl\":\"https:\\\/\\\/www.ilnotiziario.net\\\/wp\\\/wp-content\\\/uploads\\\/2024\\\/07\\\/ceriano-Vvf2.jpeg\",\"datePublished\":\"2024-07-19T18:39:12+00:00\",\"description\":\"Tetti scoperchiati a Ceriano Laghetto per il vento che ha accompagnato il temporale di questo pomeriggio, mentre a Misinto e a Lazzate si sono registrate\",\"breadcrumb\":{\"@id\":\"https:\\\/\\\/www.ilnotiziario.net\\\/wp\\\/brianza\\\/maltempo-nelle-groane-tetti-scoperchiati-a-ceriano-laghetto-alberi-caduti-a-lazzate-e-misinto-foto\\\/#breadcrumb\"},\"inLanguage\":\"it-IT\",\"potentialAction\":[{\"@type\":\"ReadAction\",\"target\":[\"https:\\\/\\\/www.ilnotiziario.net\\\/wp\\\/brianza\\\/maltempo-nelle-groane-tetti-scoperchiati-a-ceriano-laghetto-alberi-caduti-a-lazzate-e-misinto-foto\\\/\"]}]},{\"@type\":\"ImageObject\",\"inLanguage\":\"it-IT\",\"@id\":\"https:\\\/\\\/www.ilnotiziario.net\\\/wp\\\/brianza\\\/maltempo-nelle-groane-tetti-scoperchiati-a-ceriano-laghetto-alberi-caduti-a-lazzate-e-misinto-foto\\\/#primaryimage\",\"url\":\"https:\\\/\\\/www.ilnotiziario.net\\\/wp\\\/wp-content\\\/uploads\\\/2024\\\/07\\\/ceriano-Vvf2.jpeg\",\"contentUrl\":\"https:\\\/\\\/www.ilnotiziario.net\\\/wp\\\/wp-content\\\/uploads\\\/2024\\\/07\\\/ceriano-Vvf2.jpeg\",\"width\":1280,\"height\":960,\"caption\":\"ceriano laghetto tetti\"},{\"@type\":\"BreadcrumbList\",\"@id\":\"https:\\\/\\\/www.ilnotiziario.net\\\/wp\\\/brianza\\\/maltempo-nelle-groane-tetti-scoperchiati-a-ceriano-laghetto-alberi-caduti-a-lazzate-e-misinto-foto\\\/#breadcrumb\",\"itemListElement\":[{\"@type\":\"ListItem\",\"position\":1,\"name\":\"tds_text_logo_tagline_colortds_text_logo_tagline_colortds_text_logo_tagline_colortds_text_logo_tagline_colortd_module_7_title_excerpttd_module_7_title_excerpttd_module_7_title_excerpttd_module_7_title_excerptHome\",\"item\":\"https:\\\/\\\/www.ilnotiziario.net\\\/wp\\\/\"},{\"@type\":\"ListItem\",\"position\":2,\"name\":\"Maltempo nelle Groane: tetti scoperchiati a Ceriano Laghetto, alberi caduti a Lazzate e Misinto | FOTO\"}]},{\"@type\":\"WebSite\",\"@id\":\"https:\\\/\\\/www.ilnotiziario.net\\\/wp\\\/#website\",\"url\":\"https:\\\/\\\/www.ilnotiziario.net\\\/wp\\\/\",\"name\":\"Il Notiziario\",\"description\":\"Per restare sempre connessi alla notizia\",\"publisher\":{\"@id\":\"https:\\\/\\\/www.ilnotiziario.net\\\/wp\\\/#organization\"},\"alternateName\":\"Il Notiziario Bollate\",\"potentialAction\":[{\"@type\":\"SearchAction\",\"target\":{\"@type\":\"EntryPoint\",\"urlTemplate\":\"https:\\\/\\\/www.ilnotiziario.net\\\/wp\\\/?s={search_term_string}\"},\"query-input\":{\"@type\":\"PropertyValueSpecification\",\"valueRequired\":true,\"valueName\":\"search_term_string\"}}],\"inLanguage\":\"it-IT\"},{\"@type\":\"Organization\",\"@id\":\"https:\\\/\\\/www.ilnotiziario.net\\\/wp\\\/#organization\",\"name\":\"Il Notiziario\",\"url\":\"https:\\\/\\\/www.ilnotiziario.net\\\/wp\\\/\",\"logo\":{\"@type\":\"ImageObject\",\"inLanguage\":\"it-IT\",\"@id\":\"https:\\\/\\\/www.ilnotiziario.net\\\/wp\\\/#\\\/schema\\\/logo\\\/image\\\/\",\"url\":\"https:\\\/\\\/www.ilnotiziario.net\\\/wp\\\/wp-content\\\/uploads\\\/2022\\\/06\\\/170x170ilN.png\",\"contentUrl\":\"https:\\\/\\\/www.ilnotiziario.net\\\/wp\\\/wp-content\\\/uploads\\\/2022\\\/06\\\/170x170ilN.png\",\"width\":355,\"height\":355,\"caption\":\"Il Notiziario\"},\"image\":{\"@id\":\"https:\\\/\\\/www.ilnotiziario.net\\\/wp\\\/#\\\/schema\\\/logo\\\/image\\\/\"},\"sameAs\":[\"https:\\\/\\\/www.facebook.com\\\/ilnotiziarioind\\\/\",\"https:\\\/\\\/x.com\\\/ilNotiziarioInd\",\"https:\\\/\\\/www.instagram.com\\\/ilnotiziario_settimanale\\\/\"]},{\"@type\":\"Person\",\"@id\":\"https:\\\/\\\/www.ilnotiziario.net\\\/wp\\\/#\\\/schema\\\/person\\\/386e222908f898bb41c033989482bbf2\",\"name\":\"Gabriele Bassani\",\"image\":{\"@type\":\"ImageObject\",\"inLanguage\":\"it-IT\",\"@id\":\"https:\\\/\\\/secure.gravatar.com\\\/avatar\\\/09274f4a84fa97698bde56f84b3afed61c8492d48b0550db9671b68c177479cb?s=96&d=mm&r=g\",\"url\":\"https:\\\/\\\/secure.gravatar.com\\\/avatar\\\/09274f4a84fa97698bde56f84b3afed61c8492d48b0550db9671b68c177479cb?s=96&d=mm&r=g\",\"contentUrl\":\"https:\\\/\\\/secure.gravatar.com\\\/avatar\\\/09274f4a84fa97698bde56f84b3afed61c8492d48b0550db9671b68c177479cb?s=96&d=mm&r=g\",\"caption\":\"Gabriele Bassani\"},\"sameAs\":[\"http:\\\/\\\/www.ilnotiziario.net\"]}]}<\/script>\n<!-- \/ Yoast SEO plugin. -->","yoast_head_json":{"title":"Maltempo nelle Groane: tetti scoperchiati a Ceriano Laghetto, alberi caduti a Lazzate e Misinto | FOTO - Il Notiziario","description":"Tetti scoperchiati a Ceriano Laghetto per il vento che ha accompagnato il temporale di questo pomeriggio, mentre a Misinto e a Lazzate si sono registrate","robots":{"index":"index","follow":"follow","max-snippet":"max-snippet:-1","max-image-preview":"max-image-preview:large","max-video-preview":"max-video-preview:-1"},"canonical":"https:\/\/www.ilnotiziario.net\/wp\/brianza\/maltempo-nelle-groane-tetti-scoperchiati-a-ceriano-laghetto-alberi-caduti-a-lazzate-e-misinto-foto\/","og_locale":"it_IT","og_type":"article","og_title":"Maltempo nelle Groane: tetti scoperchiati a Ceriano Laghetto, alberi caduti a Lazzate e Misinto | FOTO - Il Notiziario","og_description":"Tetti scoperchiati a Ceriano Laghetto per il vento che ha accompagnato il temporale di questo pomeriggio, mentre a Misinto e a Lazzate si sono registrate","og_url":"https:\/\/www.ilnotiziario.net\/wp\/brianza\/maltempo-nelle-groane-tetti-scoperchiati-a-ceriano-laghetto-alberi-caduti-a-lazzate-e-misinto-foto\/","og_site_name":"Il Notiziario","article_publisher":"https:\/\/www.facebook.com\/ilnotiziarioind\/","article_published_time":"2024-07-19T18:39:12+00:00","og_image":[{"width":1280,"height":960,"url":"https:\/\/www.ilnotiziario.net\/wp\/wp-content\/uploads\/2024\/07\/ceriano-Vvf2.jpeg","type":"image\/jpeg"}],"author":"Gabriele Bassani","twitter_card":"summary_large_image","twitter_creator":"@ilNotiziarioInd","twitter_site":"@ilNotiziarioInd","twitter_misc":{"Scritto da":"Gabriele Bassani","Tempo di lettura stimato":"2 minuti"},"schema":{"@context":"https:\/\/schema.org","@graph":[{"@type":"Article","@id":"https:\/\/www.ilnotiziario.net\/wp\/brianza\/maltempo-nelle-groane-tetti-scoperchiati-a-ceriano-laghetto-alberi-caduti-a-lazzate-e-misinto-foto\/#article","isPartOf":{"@id":"https:\/\/www.ilnotiziario.net\/wp\/brianza\/maltempo-nelle-groane-tetti-scoperchiati-a-ceriano-laghetto-alberi-caduti-a-lazzate-e-misinto-foto\/"},"author":{"name":"Gabriele Bassani","@id":"https:\/\/www.ilnotiziario.net\/wp\/#\/schema\/person\/386e222908f898bb41c033989482bbf2"},"headline":"Maltempo nelle Groane: tetti scoperchiati a Ceriano Laghetto, alberi caduti a Lazzate e Misinto | FOTO","datePublished":"2024-07-19T18:39:12+00:00","mainEntityOfPage":{"@id":"https:\/\/www.ilnotiziario.net\/wp\/brianza\/maltempo-nelle-groane-tetti-scoperchiati-a-ceriano-laghetto-alberi-caduti-a-lazzate-e-misinto-foto\/"},"wordCount":204,"publisher":{"@id":"https:\/\/www.ilnotiziario.net\/wp\/#organization"},"image":{"@id":"https:\/\/www.ilnotiziario.net\/wp\/brianza\/maltempo-nelle-groane-tetti-scoperchiati-a-ceriano-laghetto-alberi-caduti-a-lazzate-e-misinto-foto\/#primaryimage"},"thumbnailUrl":"https:\/\/www.ilnotiziario.net\/wp\/wp-content\/uploads\/2024\/07\/ceriano-Vvf2.jpeg","keywords":["Ceriano Laghetto","Lazzate","Maltempo","Misinto"],"articleSection":["BRIANZA","Prima Pagina","SARONNESE"],"inLanguage":"it-IT"},{"@type":"WebPage","@id":"https:\/\/www.ilnotiziario.net\/wp\/brianza\/maltempo-nelle-groane-tetti-scoperchiati-a-ceriano-laghetto-alberi-caduti-a-lazzate-e-misinto-foto\/","url":"https:\/\/www.ilnotiziario.net\/wp\/brianza\/maltempo-nelle-groane-tetti-scoperchiati-a-ceriano-laghetto-alberi-caduti-a-lazzate-e-misinto-foto\/","name":"Maltempo nelle Groane: tetti scoperchiati a Ceriano Laghetto, alberi caduti a Lazzate e Misinto | FOTO - Il Notiziario","isPartOf":{"@id":"https:\/\/www.ilnotiziario.net\/wp\/#website"},"primaryImageOfPage":{"@id":"https:\/\/www.ilnotiziario.net\/wp\/brianza\/maltempo-nelle-groane-tetti-scoperchiati-a-ceriano-laghetto-alberi-caduti-a-lazzate-e-misinto-foto\/#primaryimage"},"image":{"@id":"https:\/\/www.ilnotiziario.net\/wp\/brianza\/maltempo-nelle-groane-tetti-scoperchiati-a-ceriano-laghetto-alberi-caduti-a-lazzate-e-misinto-foto\/#primaryimage"},"thumbnailUrl":"https:\/\/www.ilnotiziario.net\/wp\/wp-content\/uploads\/2024\/07\/ceriano-Vvf2.jpeg","datePublished":"2024-07-19T18:39:12+00:00","description":"Tetti scoperchiati a Ceriano Laghetto per il vento che ha accompagnato il temporale di questo pomeriggio, mentre a Misinto e a Lazzate si sono registrate","breadcrumb":{"@id":"https:\/\/www.ilnotiziario.net\/wp\/brianza\/maltempo-nelle-groane-tetti-scoperchiati-a-ceriano-laghetto-alberi-caduti-a-lazzate-e-misinto-foto\/#breadcrumb"},"inLanguage":"it-IT","potentialAction":[{"@type":"ReadAction","target":["https:\/\/www.ilnotiziario.net\/wp\/brianza\/maltempo-nelle-groane-tetti-scoperchiati-a-ceriano-laghetto-alberi-caduti-a-lazzate-e-misinto-foto\/"]}]},{"@type":"ImageObject","inLanguage":"it-IT","@id":"https:\/\/www.ilnotiziario.net\/wp\/brianza\/maltempo-nelle-groane-tetti-scoperchiati-a-ceriano-laghetto-alberi-caduti-a-lazzate-e-misinto-foto\/#primaryimage","url":"https:\/\/www.ilnotiziario.net\/wp\/wp-content\/uploads\/2024\/07\/ceriano-Vvf2.jpeg","contentUrl":"https:\/\/www.ilnotiziario.net\/wp\/wp-content\/uploads\/2024\/07\/ceriano-Vvf2.jpeg","width":1280,"height":960,"caption":"ceriano laghetto tetti"},{"@type":"BreadcrumbList","@id":"https:\/\/www.ilnotiziario.net\/wp\/brianza\/maltempo-nelle-groane-tetti-scoperchiati-a-ceriano-laghetto-alberi-caduti-a-lazzate-e-misinto-foto\/#breadcrumb","itemListElement":[{"@type":"ListItem","position":1,"name":"tds_text_logo_tagline_colortds_text_logo_tagline_colortds_text_logo_tagline_colortds_text_logo_tagline_colortd_module_7_title_excerpttd_module_7_title_excerpttd_module_7_title_excerpttd_module_7_title_excerptHome","item":"https:\/\/www.ilnotiziario.net\/wp\/"},{"@type":"ListItem","position":2,"name":"Maltempo nelle Groane: tetti scoperchiati a Ceriano Laghetto, alberi caduti a Lazzate e Misinto | FOTO"}]},{"@type":"WebSite","@id":"https:\/\/www.ilnotiziario.net\/wp\/#website","url":"https:\/\/www.ilnotiziario.net\/wp\/","name":"Il Notiziario","description":"Per restare sempre connessi alla notizia","publisher":{"@id":"https:\/\/www.ilnotiziario.net\/wp\/#organization"},"alternateName":"Il Notiziario Bollate","potentialAction":[{"@type":"SearchAction","target":{"@type":"EntryPoint","urlTemplate":"https:\/\/www.ilnotiziario.net\/wp\/?s={search_term_string}"},"query-input":{"@type":"PropertyValueSpecification","valueRequired":true,"valueName":"search_term_string"}}],"inLanguage":"it-IT"},{"@type":"Organization","@id":"https:\/\/www.ilnotiziario.net\/wp\/#organization","name":"Il Notiziario","url":"https:\/\/www.ilnotiziario.net\/wp\/","logo":{"@type":"ImageObject","inLanguage":"it-IT","@id":"https:\/\/www.ilnotiziario.net\/wp\/#\/schema\/logo\/image\/","url":"https:\/\/www.ilnotiziario.net\/wp\/wp-content\/uploads\/2022\/06\/170x170ilN.png","contentUrl":"https:\/\/www.ilnotiziario.net\/wp\/wp-content\/uploads\/2022\/06\/170x170ilN.png","width":355,"height":355,"caption":"Il Notiziario"},"image":{"@id":"https:\/\/www.ilnotiziario.net\/wp\/#\/schema\/logo\/image\/"},"sameAs":["https:\/\/www.facebook.com\/ilnotiziarioind\/","https:\/\/x.com\/ilNotiziarioInd","https:\/\/www.instagram.com\/ilnotiziario_settimanale\/"]},{"@type":"Person","@id":"https:\/\/www.ilnotiziario.net\/wp\/#\/schema\/person\/386e222908f898bb41c033989482bbf2","name":"Gabriele Bassani","image":{"@type":"ImageObject","inLanguage":"it-IT","@id":"https:\/\/secure.gravatar.com\/avatar\/09274f4a84fa97698bde56f84b3afed61c8492d48b0550db9671b68c177479cb?s=96&d=mm&r=g","url":"https:\/\/secure.gravatar.com\/avatar\/09274f4a84fa97698bde56f84b3afed61c8492d48b0550db9671b68c177479cb?s=96&d=mm&r=g","contentUrl":"https:\/\/secure.gravatar.com\/avatar\/09274f4a84fa97698bde56f84b3afed61c8492d48b0550db9671b68c177479cb?s=96&d=mm&r=g","caption":"Gabriele Bassani"},"sameAs":["http:\/\/www.ilnotiziario.net"]}]}},"_links":{"self":[{"href":"https:\/\/www.ilnotiziario.net\/wp\/wp-json\/wp\/v2\/posts\/197970","targetHints":{"allow":["GET"]}}],"collection":[{"href":"https:\/\/www.ilnotiziario.net\/wp\/wp-json\/wp\/v2\/posts"}],"about":[{"href":"https:\/\/www.ilnotiziario.net\/wp\/wp-json\/wp\/v2\/types\/post"}],"author":[{"embeddable":true,"href":"https:\/\/www.ilnotiziario.net\/wp\/wp-json\/wp\/v2\/users\/3"}],"replies":[{"embeddable":true,"href":"https:\/\/www.ilnotiziario.net\/wp\/wp-json\/wp\/v2\/comments?post=197970"}],"version-history":[{"count":0,"href":"https:\/\/www.ilnotiziario.net\/wp\/wp-json\/wp\/v2\/posts\/197970\/revisions"}],"wp:featuredmedia":[{"embeddable":true,"href":"https:\/\/www.ilnotiziario.net\/wp\/wp-json\/wp\/v2\/media\/197974"}],"wp:attachment":[{"href":"https:\/\/www.ilnotiziario.net\/wp\/wp-json\/wp\/v2\/media?parent=197970"}],"wp:term":[{"taxonomy":"category","embeddable":true,"href":"https:\/\/www.ilnotiziario.net\/wp\/wp-json\/wp\/v2\/categories?post=197970"},{"taxonomy":"post_tag","embeddable":true,"href":"https:\/\/www.ilnotiziario.net\/wp\/wp-json\/wp\/v2\/tags?post=197970"}],"curies":[{"name":"wp","href":"https:\/\/api.w.org\/{rel}","templated":true}]}}