{"id":198228,"date":"2024-07-31T09:59:38","date_gmt":"2024-07-31T07:59:38","guid":{"rendered":"https:\/\/www.ilnotiziario.net\/wp\/?p=198228"},"modified":"2024-07-31T09:59:38","modified_gmt":"2024-07-31T07:59:38","slug":"tumore-alla-prostata-al-san-gerardo-si-affronta-con-una-gestione-multidisciplinare","status":"publish","type":"post","link":"https:\/\/www.ilnotiziario.net\/wp\/buonoasapersi\/tumore-alla-prostata-al-san-gerardo-si-affronta-con-una-gestione-multidisciplinare\/","title":{"rendered":"Tumore alla prostata: al San Gerardo si affronta con una gestione multidisciplinare"},"content":{"rendered":"<p>Il tumore della prostata \u00e8 la neoplasia pi\u00f9 frequentemente riscontrata nell\u2019uomo. Oggi per\u00f2, se diagnosticata precocemente ed opportunamente curata, non modifica la sopravvivenza dei pazienti. Al fine di rispondere adeguatamente alla necessit\u00e0 di cura \u00e8 fondamentale coordinare tutte le specialit\u00e0 che sono coinvolte nella gestione di questa patologia.<\/p><div id=\"ilnot-3625118271\" class=\"ilnot-contenuto ilnot-entity-placement\"><p><!-- incontent_1 --><\/p>\n<div class=\"gptslot\" data-adunitid=\"1\"><\/div>\n<\/div>\n<h2>Team multidisciplinare per affrontare il tumore alla prostata al San Gerardo di Monza&nbsp;<\/h2>\n<p>Presso la Fondazione IRCCS San Gerardo di Monza, l\u2019approccio \u00e8 oggi multidisciplinare. Il dott. Salvatore Blanco, Direttore facente funzione di Urologia sottolinea: \u201cEsiste un affiatato gruppo di lavoro, che coordino personalmente, costituito da urologi, oncologi, radioterapisti, radiologi, medici nucleari, laboratoristi, patologi, infermieri, che riunendosi periodicamente, garantisce sempre al paziente un percorso diagnostico e terapeutico condiviso e basato sulle pi\u00f9 nuove evidenze scientifiche\u201d.<\/p>\n<p>\u201cL\u2019introduzione nelle nostre sale operatorie della piattaforma robotica &#8211; prosegue il dott. Blanco &#8211; i cui vantaggi sono ormai noti a tutti, ha permesso al reparto di Urologia di poter offrire al paziente anche la possibilit\u00e0 di un intervento di asportazione della prostata con tecnica minimamente invasiva: i risultati raggiunti sono ottimi, tali da averci dato la soddisfazione per aver richiamato pazienti da fuori regione\u201d.<\/p><div id=\"ilnot-2755986829\" class=\"ilnot-contenuto_2 ilnot-entity-placement\"><div class=\"ads-wrapper\">\n<div class=\"ad-slot\">\n   <div id=\"ilnot-3538720977\" style=\"margin-right: auto;margin-left: auto;text-align: center;width: 320px;height: 100px;\"><a href=\"https:\/\/www.scuolasicurezza.it\/\"><img decoding=\"async\" src=\"https:\/\/www.ilnotiziario.net\/wp\/wp-content\/uploads\/2026\/04\/IlNotiziario_banner-sito-e-newsletter-320-x-100-px-1.gif\" alt=\"\"><\/a><\/div>\n  <\/div>\n<div class=\"ad-slot\">\n   <div id=\"ilnot-2302336413\" style=\"margin-right: auto;margin-left: auto;text-align: center;width: 320px;height: 100px;\"><a href=\"https:\/\/purodesignarredamenti.com\/\"><img decoding=\"async\" src=\"https:\/\/www.ilnotiziario.net\/wp\/wp-content\/uploads\/2026\/04\/banner-puro-ok.gif\" alt=\"whatsapp\"><\/a><\/div><\/p><\/div>\n<\/div>\n<\/div>\n<p>Anche per la diagnosi ci sono importanti novit\u00e0 con l\u2019introduzione dell\u2019esecuzione ambulatoriale delle biopsie prostatiche con tecnica Fusion, che vengono effettuate da un team composto da urologi e radiologi. \u201cLa tecnica Fusion &#8211; spiega il dott. Rocco Corso, Direttore della Radiologia Diagnostica per immagini e interventistica &#8211; permette di eseguire la biopsia prostatica in modo mirato sulla lesione sospetta sovrapponendo e fondendo le immagini acquisite con la risonanza magnetica, visibili in tempo reale con l\u2019ecografia, raggiungendo con questa modalit\u00e0 una maggior precisione del prelievo bioptico con conseguente elevatissima accuratezza diagnostica\u201d.<\/p>\n<h2>Radioterapia con monitoraggio in tempo reale del bersaglio neoplastico&nbsp;<\/h2>\n<p>\u201cPer le terapie del tumore della prostata &#8211; aggiunge il prof. Stefano Arcangeli, Direttore della Radioterapia &#8211; abbiamo messo a punto trattamenti di avanguardia che, grazie all\u2019utilizzo di tecniche di imaging (Image guided radiotherapy o IGRT) e di tracking, ossia di monitoraggio in tempo reale del bersaglio neoplastico, permettono di somministrare con estrema precisione e non invasivamente dosi di radiazioni molto elevate con risparmio dei tessuti sani\u201d.<\/p>\n<p>\u201cPer quanto riguarda le terapie mediche &#8211; conferma il prof. Diego Cortinovis, Direttore dell\u2019Oncologia &#8211; oggi sono disponibili terapie anti-ormonali di nuova generazione che, se introdotte precocemente nel decorso della malattia, possono impattare in maniera evidente sulla prognosi di questi pazienti. L\u2019introduzione, inoltre, di trattamenti di combinazione che si affiancano alla chemioterapia possono rendere pi\u00f9 efficace la cura anche in malattie pi\u00f9 invasive e infine l\u2019impiego della valutazione biomolecolare permette oggi di utilizzare terapie specifiche non chemioterapiche in una quota di questi pazienti comportando, ancora una volta, un beneficio in termini di spettanza di vita\u201d .<\/p><div id=\"ilnot-2387202991\" class=\"ilnot-contenuto_2-2 ilnot-entity-placement\"><div class=\"gptslot\" data-adunitid=\"2\"><\/div>\n<\/div>\n<h3>Pet con Psma per il tumore alla prostata nella Medicina Nucleare del San Gerardo di Monza&nbsp;<\/h3>\n<p>&nbsp;<\/p>\n<p>\u201cPresso la Medicina Nucleare del nostro istituto &#8211; ricorda il Direttore, prof. Luca Guerra &#8211; \u00e8 possibile eseguire la PET (tomografia a emissione di positroni) con PSMA (Prostatic Specific Membrane Antigene), metodica diagnostica di riferimento per la diagnosi di malattia nei pazienti con recidiva biochimica e in caso di malattia all\u2019esordio in pazienti ad alto rischio di metastasi. Oltre a ci\u00f2, tra i futuri obiettivi, vi \u00e8 l\u2019utilizzo di nuovi radiofarmaci a scopo terapeutico che consentiranno di ampliare le opzioni di cura disponibili per questo tipo di malattia\u201d .<\/p>\n<p>&nbsp;<\/p>\n<p>Conclude il dott. Blanco: \u201cL\u2019aggiornamento e la ricerca in campo medico non si devono mai fermare, i programmi di sviluppo futuro su cui stiamo gi\u00e0 lavorando al San Gerardo, prevedono studi sui tumori con caratteristiche eredo-familiari, ovvero la ricerca delle mutazioni genetiche che possono predisporre gli uomini alla formazione del tumore della prostata al fine di personalizzare le terapie\u201d.<\/p>\n","protected":false},"excerpt":{"rendered":"<p>Il tumore della prostata \u00e8 la neoplasia pi\u00f9 frequentemente riscontrata nell\u2019uomo. Oggi per\u00f2, se diagnosticata precocemente ed opportunamente curata, non modifica la sopravvivenza dei pazienti. Al fine di rispondere adeguatamente alla necessit\u00e0 di cura \u00e8 fondamentale coordinare tutte le specialit\u00e0 che sono coinvolte nella gestione di questa patologia. Team multidisciplinare per affrontare il tumore alla<\/p>\n","protected":false},"author":3,"featured_media":198229,"comment_status":"closed","ping_status":"closed","sticky":false,"template":"","format":"standard","meta":{"footnotes":""},"categories":[4193],"tags":[2130,121,4853,4175,2962,1016],"class_list":{"0":"post-198228","1":"post","2":"type-post","3":"status-publish","4":"format-standard","5":"has-post-thumbnail","7":"category-buonoasapersi","8":"tag-medicina","9":"tag-monza","10":"tag-prostata","11":"tag-salute","12":"tag-san-gerardo","13":"tag-tumore"},"yoast_head":"<!-- This site is optimized with the Yoast SEO plugin v27.5 - https:\/\/yoast.com\/product\/yoast-seo-wordpress\/ -->\n<title>Tumore alla prostata: al San Gerardo si affronta con una gestione multidisciplinare - Il Notiziario<\/title>\n<meta name=\"description\" content=\"Il tumore della prostata \u00e8 la neoplasia pi\u00f9 frequentemente riscontrata nell\u2019uomo. Oggi per\u00f2, se diagnosticata precocemente ed opportunamente curata, non\" \/>\n<meta name=\"robots\" content=\"index, follow, max-snippet:-1, max-image-preview:large, max-video-preview:-1\" \/>\n<link rel=\"canonical\" href=\"https:\/\/www.ilnotiziario.net\/wp\/buonoasapersi\/tumore-alla-prostata-al-san-gerardo-si-affronta-con-una-gestione-multidisciplinare\/\" \/>\n<meta property=\"og:locale\" content=\"it_IT\" \/>\n<meta property=\"og:type\" content=\"article\" \/>\n<meta property=\"og:title\" content=\"Tumore alla prostata: al San Gerardo si affronta con una gestione multidisciplinare - Il Notiziario\" \/>\n<meta property=\"og:description\" content=\"Il tumore della prostata \u00e8 la neoplasia pi\u00f9 frequentemente riscontrata nell\u2019uomo. Oggi per\u00f2, se diagnosticata precocemente ed opportunamente curata, non\" \/>\n<meta property=\"og:url\" content=\"https:\/\/www.ilnotiziario.net\/wp\/buonoasapersi\/tumore-alla-prostata-al-san-gerardo-si-affronta-con-una-gestione-multidisciplinare\/\" \/>\n<meta property=\"og:site_name\" content=\"Il Notiziario\" \/>\n<meta property=\"article:publisher\" content=\"https:\/\/www.facebook.com\/ilnotiziarioind\/\" \/>\n<meta property=\"article:published_time\" content=\"2024-07-31T07:59:38+00:00\" \/>\n<meta property=\"og:image\" content=\"https:\/\/www.ilnotiziario.net\/wp\/wp-content\/uploads\/2024\/07\/Equipe-dott.-Blanco.jpg\" \/>\n\t<meta property=\"og:image:width\" content=\"725\" \/>\n\t<meta property=\"og:image:height\" content=\"532\" \/>\n\t<meta property=\"og:image:type\" content=\"image\/jpeg\" \/>\n<meta name=\"author\" content=\"Gabriele Bassani\" \/>\n<meta name=\"twitter:card\" content=\"summary_large_image\" \/>\n<meta name=\"twitter:creator\" content=\"@ilNotiziarioInd\" \/>\n<meta name=\"twitter:site\" content=\"@ilNotiziarioInd\" \/>\n<meta name=\"twitter:label1\" content=\"Scritto da\" \/>\n\t<meta name=\"twitter:data1\" content=\"Gabriele Bassani\" \/>\n\t<meta name=\"twitter:label2\" content=\"Tempo di lettura stimato\" \/>\n\t<meta name=\"twitter:data2\" content=\"4 minuti\" \/>\n<script type=\"application\/ld+json\" class=\"yoast-schema-graph\">{\"@context\":\"https:\\\/\\\/schema.org\",\"@graph\":[{\"@type\":\"Article\",\"@id\":\"https:\\\/\\\/www.ilnotiziario.net\\\/wp\\\/buonoasapersi\\\/tumore-alla-prostata-al-san-gerardo-si-affronta-con-una-gestione-multidisciplinare\\\/#article\",\"isPartOf\":{\"@id\":\"https:\\\/\\\/www.ilnotiziario.net\\\/wp\\\/buonoasapersi\\\/tumore-alla-prostata-al-san-gerardo-si-affronta-con-una-gestione-multidisciplinare\\\/\"},\"author\":{\"name\":\"Gabriele Bassani\",\"@id\":\"https:\\\/\\\/www.ilnotiziario.net\\\/wp\\\/#\\\/schema\\\/person\\\/386e222908f898bb41c033989482bbf2\"},\"headline\":\"Tumore alla prostata: al San Gerardo si affronta con una gestione multidisciplinare\",\"datePublished\":\"2024-07-31T07:59:38+00:00\",\"mainEntityOfPage\":{\"@id\":\"https:\\\/\\\/www.ilnotiziario.net\\\/wp\\\/buonoasapersi\\\/tumore-alla-prostata-al-san-gerardo-si-affronta-con-una-gestione-multidisciplinare\\\/\"},\"wordCount\":637,\"publisher\":{\"@id\":\"https:\\\/\\\/www.ilnotiziario.net\\\/wp\\\/#organization\"},\"image\":{\"@id\":\"https:\\\/\\\/www.ilnotiziario.net\\\/wp\\\/buonoasapersi\\\/tumore-alla-prostata-al-san-gerardo-si-affronta-con-una-gestione-multidisciplinare\\\/#primaryimage\"},\"thumbnailUrl\":\"https:\\\/\\\/www.ilnotiziario.net\\\/wp\\\/wp-content\\\/uploads\\\/2024\\\/07\\\/Equipe-dott.-Blanco.jpg\",\"keywords\":[\"medicina\",\"Monza\",\"prostata\",\"salute\",\"San Gerardo\",\"tumore\"],\"articleSection\":[\"BUONO A SAPERSI\"],\"inLanguage\":\"it-IT\"},{\"@type\":\"WebPage\",\"@id\":\"https:\\\/\\\/www.ilnotiziario.net\\\/wp\\\/buonoasapersi\\\/tumore-alla-prostata-al-san-gerardo-si-affronta-con-una-gestione-multidisciplinare\\\/\",\"url\":\"https:\\\/\\\/www.ilnotiziario.net\\\/wp\\\/buonoasapersi\\\/tumore-alla-prostata-al-san-gerardo-si-affronta-con-una-gestione-multidisciplinare\\\/\",\"name\":\"Tumore alla prostata: al San Gerardo si affronta con una gestione multidisciplinare - Il Notiziario\",\"isPartOf\":{\"@id\":\"https:\\\/\\\/www.ilnotiziario.net\\\/wp\\\/#website\"},\"primaryImageOfPage\":{\"@id\":\"https:\\\/\\\/www.ilnotiziario.net\\\/wp\\\/buonoasapersi\\\/tumore-alla-prostata-al-san-gerardo-si-affronta-con-una-gestione-multidisciplinare\\\/#primaryimage\"},\"image\":{\"@id\":\"https:\\\/\\\/www.ilnotiziario.net\\\/wp\\\/buonoasapersi\\\/tumore-alla-prostata-al-san-gerardo-si-affronta-con-una-gestione-multidisciplinare\\\/#primaryimage\"},\"thumbnailUrl\":\"https:\\\/\\\/www.ilnotiziario.net\\\/wp\\\/wp-content\\\/uploads\\\/2024\\\/07\\\/Equipe-dott.-Blanco.jpg\",\"datePublished\":\"2024-07-31T07:59:38+00:00\",\"description\":\"Il tumore della prostata \u00e8 la neoplasia pi\u00f9 frequentemente riscontrata nell\u2019uomo. Oggi per\u00f2, se diagnosticata precocemente ed opportunamente curata, non\",\"breadcrumb\":{\"@id\":\"https:\\\/\\\/www.ilnotiziario.net\\\/wp\\\/buonoasapersi\\\/tumore-alla-prostata-al-san-gerardo-si-affronta-con-una-gestione-multidisciplinare\\\/#breadcrumb\"},\"inLanguage\":\"it-IT\",\"potentialAction\":[{\"@type\":\"ReadAction\",\"target\":[\"https:\\\/\\\/www.ilnotiziario.net\\\/wp\\\/buonoasapersi\\\/tumore-alla-prostata-al-san-gerardo-si-affronta-con-una-gestione-multidisciplinare\\\/\"]}]},{\"@type\":\"ImageObject\",\"inLanguage\":\"it-IT\",\"@id\":\"https:\\\/\\\/www.ilnotiziario.net\\\/wp\\\/buonoasapersi\\\/tumore-alla-prostata-al-san-gerardo-si-affronta-con-una-gestione-multidisciplinare\\\/#primaryimage\",\"url\":\"https:\\\/\\\/www.ilnotiziario.net\\\/wp\\\/wp-content\\\/uploads\\\/2024\\\/07\\\/Equipe-dott.-Blanco.jpg\",\"contentUrl\":\"https:\\\/\\\/www.ilnotiziario.net\\\/wp\\\/wp-content\\\/uploads\\\/2024\\\/07\\\/Equipe-dott.-Blanco.jpg\",\"width\":725,\"height\":532,\"caption\":\"l'equipe del dottor Bianco al San Gerardo di Monza\"},{\"@type\":\"BreadcrumbList\",\"@id\":\"https:\\\/\\\/www.ilnotiziario.net\\\/wp\\\/buonoasapersi\\\/tumore-alla-prostata-al-san-gerardo-si-affronta-con-una-gestione-multidisciplinare\\\/#breadcrumb\",\"itemListElement\":[{\"@type\":\"ListItem\",\"position\":1,\"name\":\"tds_text_logo_tagline_colortds_text_logo_tagline_colortds_text_logo_tagline_colortds_text_logo_tagline_colortd_module_7_title_excerpttd_module_7_title_excerpttd_module_7_title_excerpttd_module_7_title_excerptHome\",\"item\":\"https:\\\/\\\/www.ilnotiziario.net\\\/wp\\\/\"},{\"@type\":\"ListItem\",\"position\":2,\"name\":\"Tumore alla prostata: al San Gerardo si affronta con una gestione multidisciplinare\"}]},{\"@type\":\"WebSite\",\"@id\":\"https:\\\/\\\/www.ilnotiziario.net\\\/wp\\\/#website\",\"url\":\"https:\\\/\\\/www.ilnotiziario.net\\\/wp\\\/\",\"name\":\"Il Notiziario\",\"description\":\"Per restare sempre connessi alla notizia\",\"publisher\":{\"@id\":\"https:\\\/\\\/www.ilnotiziario.net\\\/wp\\\/#organization\"},\"alternateName\":\"Il Notiziario Bollate\",\"potentialAction\":[{\"@type\":\"SearchAction\",\"target\":{\"@type\":\"EntryPoint\",\"urlTemplate\":\"https:\\\/\\\/www.ilnotiziario.net\\\/wp\\\/?s={search_term_string}\"},\"query-input\":{\"@type\":\"PropertyValueSpecification\",\"valueRequired\":true,\"valueName\":\"search_term_string\"}}],\"inLanguage\":\"it-IT\"},{\"@type\":\"Organization\",\"@id\":\"https:\\\/\\\/www.ilnotiziario.net\\\/wp\\\/#organization\",\"name\":\"Il Notiziario\",\"url\":\"https:\\\/\\\/www.ilnotiziario.net\\\/wp\\\/\",\"logo\":{\"@type\":\"ImageObject\",\"inLanguage\":\"it-IT\",\"@id\":\"https:\\\/\\\/www.ilnotiziario.net\\\/wp\\\/#\\\/schema\\\/logo\\\/image\\\/\",\"url\":\"https:\\\/\\\/www.ilnotiziario.net\\\/wp\\\/wp-content\\\/uploads\\\/2022\\\/06\\\/170x170ilN.png\",\"contentUrl\":\"https:\\\/\\\/www.ilnotiziario.net\\\/wp\\\/wp-content\\\/uploads\\\/2022\\\/06\\\/170x170ilN.png\",\"width\":355,\"height\":355,\"caption\":\"Il Notiziario\"},\"image\":{\"@id\":\"https:\\\/\\\/www.ilnotiziario.net\\\/wp\\\/#\\\/schema\\\/logo\\\/image\\\/\"},\"sameAs\":[\"https:\\\/\\\/www.facebook.com\\\/ilnotiziarioind\\\/\",\"https:\\\/\\\/x.com\\\/ilNotiziarioInd\",\"https:\\\/\\\/www.instagram.com\\\/ilnotiziario_settimanale\\\/\"]},{\"@type\":\"Person\",\"@id\":\"https:\\\/\\\/www.ilnotiziario.net\\\/wp\\\/#\\\/schema\\\/person\\\/386e222908f898bb41c033989482bbf2\",\"name\":\"Gabriele Bassani\",\"image\":{\"@type\":\"ImageObject\",\"inLanguage\":\"it-IT\",\"@id\":\"https:\\\/\\\/secure.gravatar.com\\\/avatar\\\/09274f4a84fa97698bde56f84b3afed61c8492d48b0550db9671b68c177479cb?s=96&d=mm&r=g\",\"url\":\"https:\\\/\\\/secure.gravatar.com\\\/avatar\\\/09274f4a84fa97698bde56f84b3afed61c8492d48b0550db9671b68c177479cb?s=96&d=mm&r=g\",\"contentUrl\":\"https:\\\/\\\/secure.gravatar.com\\\/avatar\\\/09274f4a84fa97698bde56f84b3afed61c8492d48b0550db9671b68c177479cb?s=96&d=mm&r=g\",\"caption\":\"Gabriele Bassani\"},\"sameAs\":[\"http:\\\/\\\/www.ilnotiziario.net\"]}]}<\/script>\n<!-- \/ Yoast SEO plugin. -->","yoast_head_json":{"title":"Tumore alla prostata: al San Gerardo si affronta con una gestione multidisciplinare - Il Notiziario","description":"Il tumore della prostata \u00e8 la neoplasia pi\u00f9 frequentemente riscontrata nell\u2019uomo. Oggi per\u00f2, se diagnosticata precocemente ed opportunamente curata, non","robots":{"index":"index","follow":"follow","max-snippet":"max-snippet:-1","max-image-preview":"max-image-preview:large","max-video-preview":"max-video-preview:-1"},"canonical":"https:\/\/www.ilnotiziario.net\/wp\/buonoasapersi\/tumore-alla-prostata-al-san-gerardo-si-affronta-con-una-gestione-multidisciplinare\/","og_locale":"it_IT","og_type":"article","og_title":"Tumore alla prostata: al San Gerardo si affronta con una gestione multidisciplinare - Il Notiziario","og_description":"Il tumore della prostata \u00e8 la neoplasia pi\u00f9 frequentemente riscontrata nell\u2019uomo. Oggi per\u00f2, se diagnosticata precocemente ed opportunamente curata, non","og_url":"https:\/\/www.ilnotiziario.net\/wp\/buonoasapersi\/tumore-alla-prostata-al-san-gerardo-si-affronta-con-una-gestione-multidisciplinare\/","og_site_name":"Il Notiziario","article_publisher":"https:\/\/www.facebook.com\/ilnotiziarioind\/","article_published_time":"2024-07-31T07:59:38+00:00","og_image":[{"width":725,"height":532,"url":"https:\/\/www.ilnotiziario.net\/wp\/wp-content\/uploads\/2024\/07\/Equipe-dott.-Blanco.jpg","type":"image\/jpeg"}],"author":"Gabriele Bassani","twitter_card":"summary_large_image","twitter_creator":"@ilNotiziarioInd","twitter_site":"@ilNotiziarioInd","twitter_misc":{"Scritto da":"Gabriele Bassani","Tempo di lettura stimato":"4 minuti"},"schema":{"@context":"https:\/\/schema.org","@graph":[{"@type":"Article","@id":"https:\/\/www.ilnotiziario.net\/wp\/buonoasapersi\/tumore-alla-prostata-al-san-gerardo-si-affronta-con-una-gestione-multidisciplinare\/#article","isPartOf":{"@id":"https:\/\/www.ilnotiziario.net\/wp\/buonoasapersi\/tumore-alla-prostata-al-san-gerardo-si-affronta-con-una-gestione-multidisciplinare\/"},"author":{"name":"Gabriele Bassani","@id":"https:\/\/www.ilnotiziario.net\/wp\/#\/schema\/person\/386e222908f898bb41c033989482bbf2"},"headline":"Tumore alla prostata: al San Gerardo si affronta con una gestione multidisciplinare","datePublished":"2024-07-31T07:59:38+00:00","mainEntityOfPage":{"@id":"https:\/\/www.ilnotiziario.net\/wp\/buonoasapersi\/tumore-alla-prostata-al-san-gerardo-si-affronta-con-una-gestione-multidisciplinare\/"},"wordCount":637,"publisher":{"@id":"https:\/\/www.ilnotiziario.net\/wp\/#organization"},"image":{"@id":"https:\/\/www.ilnotiziario.net\/wp\/buonoasapersi\/tumore-alla-prostata-al-san-gerardo-si-affronta-con-una-gestione-multidisciplinare\/#primaryimage"},"thumbnailUrl":"https:\/\/www.ilnotiziario.net\/wp\/wp-content\/uploads\/2024\/07\/Equipe-dott.-Blanco.jpg","keywords":["medicina","Monza","prostata","salute","San Gerardo","tumore"],"articleSection":["BUONO A SAPERSI"],"inLanguage":"it-IT"},{"@type":"WebPage","@id":"https:\/\/www.ilnotiziario.net\/wp\/buonoasapersi\/tumore-alla-prostata-al-san-gerardo-si-affronta-con-una-gestione-multidisciplinare\/","url":"https:\/\/www.ilnotiziario.net\/wp\/buonoasapersi\/tumore-alla-prostata-al-san-gerardo-si-affronta-con-una-gestione-multidisciplinare\/","name":"Tumore alla prostata: al San Gerardo si affronta con una gestione multidisciplinare - Il Notiziario","isPartOf":{"@id":"https:\/\/www.ilnotiziario.net\/wp\/#website"},"primaryImageOfPage":{"@id":"https:\/\/www.ilnotiziario.net\/wp\/buonoasapersi\/tumore-alla-prostata-al-san-gerardo-si-affronta-con-una-gestione-multidisciplinare\/#primaryimage"},"image":{"@id":"https:\/\/www.ilnotiziario.net\/wp\/buonoasapersi\/tumore-alla-prostata-al-san-gerardo-si-affronta-con-una-gestione-multidisciplinare\/#primaryimage"},"thumbnailUrl":"https:\/\/www.ilnotiziario.net\/wp\/wp-content\/uploads\/2024\/07\/Equipe-dott.-Blanco.jpg","datePublished":"2024-07-31T07:59:38+00:00","description":"Il tumore della prostata \u00e8 la neoplasia pi\u00f9 frequentemente riscontrata nell\u2019uomo. Oggi per\u00f2, se diagnosticata precocemente ed opportunamente curata, non","breadcrumb":{"@id":"https:\/\/www.ilnotiziario.net\/wp\/buonoasapersi\/tumore-alla-prostata-al-san-gerardo-si-affronta-con-una-gestione-multidisciplinare\/#breadcrumb"},"inLanguage":"it-IT","potentialAction":[{"@type":"ReadAction","target":["https:\/\/www.ilnotiziario.net\/wp\/buonoasapersi\/tumore-alla-prostata-al-san-gerardo-si-affronta-con-una-gestione-multidisciplinare\/"]}]},{"@type":"ImageObject","inLanguage":"it-IT","@id":"https:\/\/www.ilnotiziario.net\/wp\/buonoasapersi\/tumore-alla-prostata-al-san-gerardo-si-affronta-con-una-gestione-multidisciplinare\/#primaryimage","url":"https:\/\/www.ilnotiziario.net\/wp\/wp-content\/uploads\/2024\/07\/Equipe-dott.-Blanco.jpg","contentUrl":"https:\/\/www.ilnotiziario.net\/wp\/wp-content\/uploads\/2024\/07\/Equipe-dott.-Blanco.jpg","width":725,"height":532,"caption":"l'equipe del dottor Bianco al San Gerardo di Monza"},{"@type":"BreadcrumbList","@id":"https:\/\/www.ilnotiziario.net\/wp\/buonoasapersi\/tumore-alla-prostata-al-san-gerardo-si-affronta-con-una-gestione-multidisciplinare\/#breadcrumb","itemListElement":[{"@type":"ListItem","position":1,"name":"tds_text_logo_tagline_colortds_text_logo_tagline_colortds_text_logo_tagline_colortds_text_logo_tagline_colortd_module_7_title_excerpttd_module_7_title_excerpttd_module_7_title_excerpttd_module_7_title_excerptHome","item":"https:\/\/www.ilnotiziario.net\/wp\/"},{"@type":"ListItem","position":2,"name":"Tumore alla prostata: al San Gerardo si affronta con una gestione multidisciplinare"}]},{"@type":"WebSite","@id":"https:\/\/www.ilnotiziario.net\/wp\/#website","url":"https:\/\/www.ilnotiziario.net\/wp\/","name":"Il Notiziario","description":"Per restare sempre connessi alla notizia","publisher":{"@id":"https:\/\/www.ilnotiziario.net\/wp\/#organization"},"alternateName":"Il Notiziario Bollate","potentialAction":[{"@type":"SearchAction","target":{"@type":"EntryPoint","urlTemplate":"https:\/\/www.ilnotiziario.net\/wp\/?s={search_term_string}"},"query-input":{"@type":"PropertyValueSpecification","valueRequired":true,"valueName":"search_term_string"}}],"inLanguage":"it-IT"},{"@type":"Organization","@id":"https:\/\/www.ilnotiziario.net\/wp\/#organization","name":"Il Notiziario","url":"https:\/\/www.ilnotiziario.net\/wp\/","logo":{"@type":"ImageObject","inLanguage":"it-IT","@id":"https:\/\/www.ilnotiziario.net\/wp\/#\/schema\/logo\/image\/","url":"https:\/\/www.ilnotiziario.net\/wp\/wp-content\/uploads\/2022\/06\/170x170ilN.png","contentUrl":"https:\/\/www.ilnotiziario.net\/wp\/wp-content\/uploads\/2022\/06\/170x170ilN.png","width":355,"height":355,"caption":"Il Notiziario"},"image":{"@id":"https:\/\/www.ilnotiziario.net\/wp\/#\/schema\/logo\/image\/"},"sameAs":["https:\/\/www.facebook.com\/ilnotiziarioind\/","https:\/\/x.com\/ilNotiziarioInd","https:\/\/www.instagram.com\/ilnotiziario_settimanale\/"]},{"@type":"Person","@id":"https:\/\/www.ilnotiziario.net\/wp\/#\/schema\/person\/386e222908f898bb41c033989482bbf2","name":"Gabriele Bassani","image":{"@type":"ImageObject","inLanguage":"it-IT","@id":"https:\/\/secure.gravatar.com\/avatar\/09274f4a84fa97698bde56f84b3afed61c8492d48b0550db9671b68c177479cb?s=96&d=mm&r=g","url":"https:\/\/secure.gravatar.com\/avatar\/09274f4a84fa97698bde56f84b3afed61c8492d48b0550db9671b68c177479cb?s=96&d=mm&r=g","contentUrl":"https:\/\/secure.gravatar.com\/avatar\/09274f4a84fa97698bde56f84b3afed61c8492d48b0550db9671b68c177479cb?s=96&d=mm&r=g","caption":"Gabriele Bassani"},"sameAs":["http:\/\/www.ilnotiziario.net"]}]}},"_links":{"self":[{"href":"https:\/\/www.ilnotiziario.net\/wp\/wp-json\/wp\/v2\/posts\/198228","targetHints":{"allow":["GET"]}}],"collection":[{"href":"https:\/\/www.ilnotiziario.net\/wp\/wp-json\/wp\/v2\/posts"}],"about":[{"href":"https:\/\/www.ilnotiziario.net\/wp\/wp-json\/wp\/v2\/types\/post"}],"author":[{"embeddable":true,"href":"https:\/\/www.ilnotiziario.net\/wp\/wp-json\/wp\/v2\/users\/3"}],"replies":[{"embeddable":true,"href":"https:\/\/www.ilnotiziario.net\/wp\/wp-json\/wp\/v2\/comments?post=198228"}],"version-history":[{"count":0,"href":"https:\/\/www.ilnotiziario.net\/wp\/wp-json\/wp\/v2\/posts\/198228\/revisions"}],"wp:featuredmedia":[{"embeddable":true,"href":"https:\/\/www.ilnotiziario.net\/wp\/wp-json\/wp\/v2\/media\/198229"}],"wp:attachment":[{"href":"https:\/\/www.ilnotiziario.net\/wp\/wp-json\/wp\/v2\/media?parent=198228"}],"wp:term":[{"taxonomy":"category","embeddable":true,"href":"https:\/\/www.ilnotiziario.net\/wp\/wp-json\/wp\/v2\/categories?post=198228"},{"taxonomy":"post_tag","embeddable":true,"href":"https:\/\/www.ilnotiziario.net\/wp\/wp-json\/wp\/v2\/tags?post=198228"}],"curies":[{"name":"wp","href":"https:\/\/api.w.org\/{rel}","templated":true}]}}