{"id":198684,"date":"2024-08-27T08:39:38","date_gmt":"2024-08-27T06:39:38","guid":{"rendered":"https:\/\/www.ilnotiziario.net\/wp\/?p=198684"},"modified":"2024-08-27T09:14:49","modified_gmt":"2024-08-27T07:14:49","slug":"limbiate-vetri-rotti-alle-auto-in-sosta-vandali-in-azione-di-notte","status":"publish","type":"post","link":"https:\/\/www.ilnotiziario.net\/wp\/brianza\/limbiate-vetri-rotti-alle-auto-in-sosta-vandali-in-azione-di-notte\/","title":{"rendered":"Limbiate, danni e vetri rotti alle auto: vandali in azione di notte"},"content":{"rendered":"<p>Vetri rotti e vandalismi alle auto in sosta a Limbiate. Tre autovetture sono state gravemente danneggiate l\u2019altra notte mentre erano in sosta nel parcheggio di via Bramante nel quartiere Pinzano.<\/p><div id=\"ilnot-1504709515\" class=\"ilnot-contenuto ilnot-entity-placement\"><p><!-- incontent_1 --><\/p>\n<div class=\"gptslot\" data-adunitid=\"1\"><\/div>\n<\/div>\n<p>La denuncia pubblica, attraverso la pagina Facebook Sei di Limbiate se\u2026 \u00e8 di una donna, madre del giovane proprietario di una piccola utilitaria di colore rosso, sulla quale i vandali si sono particolarmente accaniti, distruggendo ben due vetri posteriori.<\/p>\n<h2>Vandali nel parcheggio a Limbiate, vetri rotti alle auto in sosta&nbsp;<\/h2>\n<p>Oltre a quella, altre due automobili sono state prese di mira. Secondo le vittime dei danneggiamenti, sarebbe opera di una banda di giovanissimi intenta a compiere atti vandalici non di ladri in cerca di oggetti o soldi lasciati nell\u2019abitacolo.&nbsp;Di certo i danni provocati sono ingenti: centinaia di euro per la sostituzione dei vetri rotti oltre al disagio dell\u2019auto ferma. Ai Carabinieri \u00e8 arrivata la denuncia dei proprietari. Secondo i commenti lasciati sotto il post, si tratterebbe dell\u2019ennesimo episodio di questo genere registrato a Limbiate nelle ultime settimane. Oltre ai vetri rotti delle auto in sosta, qualcuno ha segnalato il taglio delle gomme.<\/p><div id=\"ilnot-2036009472\" class=\"ilnot-contenuto_2 ilnot-entity-placement\"><div class=\"ads-wrapper\">\n<div class=\"ad-slot\">\n   <div id=\"ilnot-778990562\" style=\"margin-right: auto;margin-left: auto;text-align: center;width: 320px;height: 100px;\"><a href=\"https:\/\/www.scuolasicurezza.it\/\"><img decoding=\"async\" src=\"https:\/\/www.ilnotiziario.net\/wp\/wp-content\/uploads\/2026\/04\/IlNotiziario_banner-sito-e-newsletter-320-x-100-px-1.gif\" alt=\"\"><\/a><\/div>\n  <\/div>\n<div class=\"ad-slot\">\n   <div id=\"ilnot-2917030955\" style=\"margin-right: auto;margin-left: auto;text-align: center;width: 320px;height: 100px;\"><a href=\"https:\/\/purodesignarredamenti.com\/\"><img decoding=\"async\" src=\"https:\/\/www.ilnotiziario.net\/wp\/wp-content\/uploads\/2026\/04\/banner-puro-ok.gif\" alt=\"whatsapp\"><\/a><\/div><\/p><\/div>\n<\/div>\n<\/div>\n<h2>A Bollate preso il vandalo delle auto di Cassina Nuova&nbsp;<\/h2>\n<p>Invece, \u00e8 stato individuato <a href=\"https:\/\/www.ilnotiziario.net\/wp\/prima-pagina\/bollate-vandalismi-alle-auto-a-cassina-nuova\/#google_vignette\">il vandalo di Cassina Nuova a Bollate.<\/a> Nella settimana di Ferragosto, qualcuno ha vandalizzato le auto lasciate parcheggiate in strada. Nella zona attorno a via San Bernardo e al parcheggio attorno alla casetta dell\u2019acqua, proprio di fronte alla piazza del mercato del sabato. C\u2019\u00e8 chi si \u00e8 ritrovato con danni alle carrozzerie, chi ai finestrini. Ancora non \u00e8 ben definito il numero esatto di veicoli colpiti. Da subito \u00e8 partito il tam-tam di segnalazione tra chi \u00e8 in citt\u00e0. Cos\u00ec anche su Facebook si \u00e8 parlato del nuovo caso di vandalismi alle auto: c\u2019\u00e8 chi ha allertato i carabinieri che sono subito intervenuti. I militari avrebbero individuato il responsabile di quei danni ai veicoli in sosta. Da qui scatta per\u00f2 un appello a tutti i bollatesi: se avete l\u2019auto danneggiata, denunciate ai carabinieri. Perch\u00e9 la conta dei danni potrebbe aumentare e i casi di ieri sera di Cassina Nuova non sarebbero isolati.&nbsp;<\/p>\n","protected":false},"excerpt":{"rendered":"<p>Vetri rotti e vandalismi alle auto in sosta a Limbiate. Tre autovetture sono state gravemente danneggiate l\u2019altra notte mentre erano in sosta nel parcheggio di via Bramante nel quartiere Pinzano. La denuncia pubblica, attraverso la pagina Facebook Sei di Limbiate se\u2026 \u00e8 di una donna, madre del giovane proprietario di una piccola utilitaria di colore<\/p>\n","protected":false},"author":3,"featured_media":198685,"comment_status":"closed","ping_status":"closed","sticky":false,"template":"","format":"standard","meta":{"footnotes":""},"categories":[9,20],"tags":[323,47,947,2820],"class_list":{"0":"post-198684","1":"post","2":"type-post","3":"status-publish","4":"format-standard","5":"has-post-thumbnail","7":"category-brianza","8":"category-prima-pagina","9":"tag-auto","10":"tag-limbiate","11":"tag-vandali","12":"tag-vetri"},"yoast_head":"<!-- This site is optimized with the Yoast SEO plugin v27.4 - https:\/\/yoast.com\/product\/yoast-seo-wordpress\/ -->\n<title>Limbiate, danni e vetri rotti alle auto: vandali in azione di notte<\/title>\n<meta name=\"description\" content=\"Vetri rotti e vandalismi alle auto in sosta a Limbiate. Tre autovetture sono state gravemente danneggiate l\u2019altra notte\" \/>\n<meta name=\"robots\" content=\"index, follow, max-snippet:-1, max-image-preview:large, max-video-preview:-1\" \/>\n<link rel=\"canonical\" href=\"https:\/\/www.ilnotiziario.net\/wp\/brianza\/limbiate-vetri-rotti-alle-auto-in-sosta-vandali-in-azione-di-notte\/\" \/>\n<meta property=\"og:locale\" content=\"it_IT\" \/>\n<meta property=\"og:type\" content=\"article\" \/>\n<meta property=\"og:title\" content=\"Limbiate, danni e vetri rotti alle auto: vandali in azione di notte\" \/>\n<meta property=\"og:description\" content=\"Vetri rotti e vandalismi alle auto in sosta a Limbiate. Tre autovetture sono state gravemente danneggiate l\u2019altra notte\" \/>\n<meta property=\"og:url\" content=\"https:\/\/www.ilnotiziario.net\/wp\/brianza\/limbiate-vetri-rotti-alle-auto-in-sosta-vandali-in-azione-di-notte\/\" \/>\n<meta property=\"og:site_name\" content=\"Il Notiziario\" \/>\n<meta property=\"article:publisher\" content=\"https:\/\/www.facebook.com\/ilnotiziarioind\/\" \/>\n<meta property=\"article:published_time\" content=\"2024-08-27T06:39:38+00:00\" \/>\n<meta property=\"article:modified_time\" content=\"2024-08-27T07:14:49+00:00\" \/>\n<meta property=\"og:image\" content=\"https:\/\/www.ilnotiziario.net\/wp\/wp-content\/uploads\/2024\/08\/limbiate-via-Bramante.jpg\" \/>\n\t<meta property=\"og:image:width\" content=\"720\" \/>\n\t<meta property=\"og:image:height\" content=\"629\" \/>\n\t<meta property=\"og:image:type\" content=\"image\/jpeg\" \/>\n<meta name=\"author\" content=\"Gabriele Bassani\" \/>\n<meta name=\"twitter:card\" content=\"summary_large_image\" \/>\n<meta name=\"twitter:creator\" content=\"@ilNotiziarioInd\" \/>\n<meta name=\"twitter:site\" content=\"@ilNotiziarioInd\" \/>\n<meta name=\"twitter:label1\" content=\"Scritto da\" \/>\n\t<meta name=\"twitter:data1\" content=\"Gabriele Bassani\" \/>\n\t<meta name=\"twitter:label2\" content=\"Tempo di lettura stimato\" \/>\n\t<meta name=\"twitter:data2\" content=\"3 minuti\" \/>\n<script type=\"application\/ld+json\" class=\"yoast-schema-graph\">{\"@context\":\"https:\\\/\\\/schema.org\",\"@graph\":[{\"@type\":\"Article\",\"@id\":\"https:\\\/\\\/www.ilnotiziario.net\\\/wp\\\/brianza\\\/limbiate-vetri-rotti-alle-auto-in-sosta-vandali-in-azione-di-notte\\\/#article\",\"isPartOf\":{\"@id\":\"https:\\\/\\\/www.ilnotiziario.net\\\/wp\\\/brianza\\\/limbiate-vetri-rotti-alle-auto-in-sosta-vandali-in-azione-di-notte\\\/\"},\"author\":{\"name\":\"Gabriele Bassani\",\"@id\":\"https:\\\/\\\/www.ilnotiziario.net\\\/wp\\\/#\\\/schema\\\/person\\\/386e222908f898bb41c033989482bbf2\"},\"headline\":\"Limbiate, danni e vetri rotti alle auto: vandali in azione di notte\",\"datePublished\":\"2024-08-27T06:39:38+00:00\",\"dateModified\":\"2024-08-27T07:14:49+00:00\",\"mainEntityOfPage\":{\"@id\":\"https:\\\/\\\/www.ilnotiziario.net\\\/wp\\\/brianza\\\/limbiate-vetri-rotti-alle-auto-in-sosta-vandali-in-azione-di-notte\\\/\"},\"wordCount\":363,\"publisher\":{\"@id\":\"https:\\\/\\\/www.ilnotiziario.net\\\/wp\\\/#organization\"},\"image\":{\"@id\":\"https:\\\/\\\/www.ilnotiziario.net\\\/wp\\\/brianza\\\/limbiate-vetri-rotti-alle-auto-in-sosta-vandali-in-azione-di-notte\\\/#primaryimage\"},\"thumbnailUrl\":\"https:\\\/\\\/www.ilnotiziario.net\\\/wp\\\/wp-content\\\/uploads\\\/2024\\\/08\\\/limbiate-via-Bramante.jpg\",\"keywords\":[\"auto\",\"Limbiate\",\"vandali\",\"Vetri\"],\"articleSection\":[\"BRIANZA\",\"Prima Pagina\"],\"inLanguage\":\"it-IT\"},{\"@type\":\"WebPage\",\"@id\":\"https:\\\/\\\/www.ilnotiziario.net\\\/wp\\\/brianza\\\/limbiate-vetri-rotti-alle-auto-in-sosta-vandali-in-azione-di-notte\\\/\",\"url\":\"https:\\\/\\\/www.ilnotiziario.net\\\/wp\\\/brianza\\\/limbiate-vetri-rotti-alle-auto-in-sosta-vandali-in-azione-di-notte\\\/\",\"name\":\"Limbiate, danni e vetri rotti alle auto: vandali in azione di notte\",\"isPartOf\":{\"@id\":\"https:\\\/\\\/www.ilnotiziario.net\\\/wp\\\/#website\"},\"primaryImageOfPage\":{\"@id\":\"https:\\\/\\\/www.ilnotiziario.net\\\/wp\\\/brianza\\\/limbiate-vetri-rotti-alle-auto-in-sosta-vandali-in-azione-di-notte\\\/#primaryimage\"},\"image\":{\"@id\":\"https:\\\/\\\/www.ilnotiziario.net\\\/wp\\\/brianza\\\/limbiate-vetri-rotti-alle-auto-in-sosta-vandali-in-azione-di-notte\\\/#primaryimage\"},\"thumbnailUrl\":\"https:\\\/\\\/www.ilnotiziario.net\\\/wp\\\/wp-content\\\/uploads\\\/2024\\\/08\\\/limbiate-via-Bramante.jpg\",\"datePublished\":\"2024-08-27T06:39:38+00:00\",\"dateModified\":\"2024-08-27T07:14:49+00:00\",\"description\":\"Vetri rotti e vandalismi alle auto in sosta a Limbiate. Tre autovetture sono state gravemente danneggiate l\u2019altra notte\",\"breadcrumb\":{\"@id\":\"https:\\\/\\\/www.ilnotiziario.net\\\/wp\\\/brianza\\\/limbiate-vetri-rotti-alle-auto-in-sosta-vandali-in-azione-di-notte\\\/#breadcrumb\"},\"inLanguage\":\"it-IT\",\"potentialAction\":[{\"@type\":\"ReadAction\",\"target\":[\"https:\\\/\\\/www.ilnotiziario.net\\\/wp\\\/brianza\\\/limbiate-vetri-rotti-alle-auto-in-sosta-vandali-in-azione-di-notte\\\/\"]}]},{\"@type\":\"ImageObject\",\"inLanguage\":\"it-IT\",\"@id\":\"https:\\\/\\\/www.ilnotiziario.net\\\/wp\\\/brianza\\\/limbiate-vetri-rotti-alle-auto-in-sosta-vandali-in-azione-di-notte\\\/#primaryimage\",\"url\":\"https:\\\/\\\/www.ilnotiziario.net\\\/wp\\\/wp-content\\\/uploads\\\/2024\\\/08\\\/limbiate-via-Bramante.jpg\",\"contentUrl\":\"https:\\\/\\\/www.ilnotiziario.net\\\/wp\\\/wp-content\\\/uploads\\\/2024\\\/08\\\/limbiate-via-Bramante.jpg\",\"width\":720,\"height\":629,\"caption\":\"Limbiate vetri rotti\"},{\"@type\":\"BreadcrumbList\",\"@id\":\"https:\\\/\\\/www.ilnotiziario.net\\\/wp\\\/brianza\\\/limbiate-vetri-rotti-alle-auto-in-sosta-vandali-in-azione-di-notte\\\/#breadcrumb\",\"itemListElement\":[{\"@type\":\"ListItem\",\"position\":1,\"name\":\"tds_text_logo_tagline_colortds_text_logo_tagline_colortds_text_logo_tagline_colortds_text_logo_tagline_colortd_module_7_title_excerpttd_module_7_title_excerpttd_module_7_title_excerpttd_module_7_title_excerptHome\",\"item\":\"https:\\\/\\\/www.ilnotiziario.net\\\/wp\\\/\"},{\"@type\":\"ListItem\",\"position\":2,\"name\":\"Limbiate, danni e vetri rotti alle auto: vandali in azione di notte\"}]},{\"@type\":\"WebSite\",\"@id\":\"https:\\\/\\\/www.ilnotiziario.net\\\/wp\\\/#website\",\"url\":\"https:\\\/\\\/www.ilnotiziario.net\\\/wp\\\/\",\"name\":\"Il Notiziario\",\"description\":\"Per restare sempre connessi alla notizia\",\"publisher\":{\"@id\":\"https:\\\/\\\/www.ilnotiziario.net\\\/wp\\\/#organization\"},\"alternateName\":\"Il Notiziario Bollate\",\"potentialAction\":[{\"@type\":\"SearchAction\",\"target\":{\"@type\":\"EntryPoint\",\"urlTemplate\":\"https:\\\/\\\/www.ilnotiziario.net\\\/wp\\\/?s={search_term_string}\"},\"query-input\":{\"@type\":\"PropertyValueSpecification\",\"valueRequired\":true,\"valueName\":\"search_term_string\"}}],\"inLanguage\":\"it-IT\"},{\"@type\":\"Organization\",\"@id\":\"https:\\\/\\\/www.ilnotiziario.net\\\/wp\\\/#organization\",\"name\":\"Il Notiziario\",\"url\":\"https:\\\/\\\/www.ilnotiziario.net\\\/wp\\\/\",\"logo\":{\"@type\":\"ImageObject\",\"inLanguage\":\"it-IT\",\"@id\":\"https:\\\/\\\/www.ilnotiziario.net\\\/wp\\\/#\\\/schema\\\/logo\\\/image\\\/\",\"url\":\"https:\\\/\\\/www.ilnotiziario.net\\\/wp\\\/wp-content\\\/uploads\\\/2022\\\/06\\\/170x170ilN.png\",\"contentUrl\":\"https:\\\/\\\/www.ilnotiziario.net\\\/wp\\\/wp-content\\\/uploads\\\/2022\\\/06\\\/170x170ilN.png\",\"width\":355,\"height\":355,\"caption\":\"Il Notiziario\"},\"image\":{\"@id\":\"https:\\\/\\\/www.ilnotiziario.net\\\/wp\\\/#\\\/schema\\\/logo\\\/image\\\/\"},\"sameAs\":[\"https:\\\/\\\/www.facebook.com\\\/ilnotiziarioind\\\/\",\"https:\\\/\\\/x.com\\\/ilNotiziarioInd\",\"https:\\\/\\\/www.instagram.com\\\/ilnotiziario_settimanale\\\/\"]},{\"@type\":\"Person\",\"@id\":\"https:\\\/\\\/www.ilnotiziario.net\\\/wp\\\/#\\\/schema\\\/person\\\/386e222908f898bb41c033989482bbf2\",\"name\":\"Gabriele Bassani\",\"image\":{\"@type\":\"ImageObject\",\"inLanguage\":\"it-IT\",\"@id\":\"https:\\\/\\\/secure.gravatar.com\\\/avatar\\\/09274f4a84fa97698bde56f84b3afed61c8492d48b0550db9671b68c177479cb?s=96&d=mm&r=g\",\"url\":\"https:\\\/\\\/secure.gravatar.com\\\/avatar\\\/09274f4a84fa97698bde56f84b3afed61c8492d48b0550db9671b68c177479cb?s=96&d=mm&r=g\",\"contentUrl\":\"https:\\\/\\\/secure.gravatar.com\\\/avatar\\\/09274f4a84fa97698bde56f84b3afed61c8492d48b0550db9671b68c177479cb?s=96&d=mm&r=g\",\"caption\":\"Gabriele Bassani\"},\"sameAs\":[\"http:\\\/\\\/www.ilnotiziario.net\"]}]}<\/script>\n<!-- \/ Yoast SEO plugin. -->","yoast_head_json":{"title":"Limbiate, danni e vetri rotti alle auto: vandali in azione di notte","description":"Vetri rotti e vandalismi alle auto in sosta a Limbiate. Tre autovetture sono state gravemente danneggiate l\u2019altra notte","robots":{"index":"index","follow":"follow","max-snippet":"max-snippet:-1","max-image-preview":"max-image-preview:large","max-video-preview":"max-video-preview:-1"},"canonical":"https:\/\/www.ilnotiziario.net\/wp\/brianza\/limbiate-vetri-rotti-alle-auto-in-sosta-vandali-in-azione-di-notte\/","og_locale":"it_IT","og_type":"article","og_title":"Limbiate, danni e vetri rotti alle auto: vandali in azione di notte","og_description":"Vetri rotti e vandalismi alle auto in sosta a Limbiate. Tre autovetture sono state gravemente danneggiate l\u2019altra notte","og_url":"https:\/\/www.ilnotiziario.net\/wp\/brianza\/limbiate-vetri-rotti-alle-auto-in-sosta-vandali-in-azione-di-notte\/","og_site_name":"Il Notiziario","article_publisher":"https:\/\/www.facebook.com\/ilnotiziarioind\/","article_published_time":"2024-08-27T06:39:38+00:00","article_modified_time":"2024-08-27T07:14:49+00:00","og_image":[{"width":720,"height":629,"url":"https:\/\/www.ilnotiziario.net\/wp\/wp-content\/uploads\/2024\/08\/limbiate-via-Bramante.jpg","type":"image\/jpeg"}],"author":"Gabriele Bassani","twitter_card":"summary_large_image","twitter_creator":"@ilNotiziarioInd","twitter_site":"@ilNotiziarioInd","twitter_misc":{"Scritto da":"Gabriele Bassani","Tempo di lettura stimato":"3 minuti"},"schema":{"@context":"https:\/\/schema.org","@graph":[{"@type":"Article","@id":"https:\/\/www.ilnotiziario.net\/wp\/brianza\/limbiate-vetri-rotti-alle-auto-in-sosta-vandali-in-azione-di-notte\/#article","isPartOf":{"@id":"https:\/\/www.ilnotiziario.net\/wp\/brianza\/limbiate-vetri-rotti-alle-auto-in-sosta-vandali-in-azione-di-notte\/"},"author":{"name":"Gabriele Bassani","@id":"https:\/\/www.ilnotiziario.net\/wp\/#\/schema\/person\/386e222908f898bb41c033989482bbf2"},"headline":"Limbiate, danni e vetri rotti alle auto: vandali in azione di notte","datePublished":"2024-08-27T06:39:38+00:00","dateModified":"2024-08-27T07:14:49+00:00","mainEntityOfPage":{"@id":"https:\/\/www.ilnotiziario.net\/wp\/brianza\/limbiate-vetri-rotti-alle-auto-in-sosta-vandali-in-azione-di-notte\/"},"wordCount":363,"publisher":{"@id":"https:\/\/www.ilnotiziario.net\/wp\/#organization"},"image":{"@id":"https:\/\/www.ilnotiziario.net\/wp\/brianza\/limbiate-vetri-rotti-alle-auto-in-sosta-vandali-in-azione-di-notte\/#primaryimage"},"thumbnailUrl":"https:\/\/www.ilnotiziario.net\/wp\/wp-content\/uploads\/2024\/08\/limbiate-via-Bramante.jpg","keywords":["auto","Limbiate","vandali","Vetri"],"articleSection":["BRIANZA","Prima Pagina"],"inLanguage":"it-IT"},{"@type":"WebPage","@id":"https:\/\/www.ilnotiziario.net\/wp\/brianza\/limbiate-vetri-rotti-alle-auto-in-sosta-vandali-in-azione-di-notte\/","url":"https:\/\/www.ilnotiziario.net\/wp\/brianza\/limbiate-vetri-rotti-alle-auto-in-sosta-vandali-in-azione-di-notte\/","name":"Limbiate, danni e vetri rotti alle auto: vandali in azione di notte","isPartOf":{"@id":"https:\/\/www.ilnotiziario.net\/wp\/#website"},"primaryImageOfPage":{"@id":"https:\/\/www.ilnotiziario.net\/wp\/brianza\/limbiate-vetri-rotti-alle-auto-in-sosta-vandali-in-azione-di-notte\/#primaryimage"},"image":{"@id":"https:\/\/www.ilnotiziario.net\/wp\/brianza\/limbiate-vetri-rotti-alle-auto-in-sosta-vandali-in-azione-di-notte\/#primaryimage"},"thumbnailUrl":"https:\/\/www.ilnotiziario.net\/wp\/wp-content\/uploads\/2024\/08\/limbiate-via-Bramante.jpg","datePublished":"2024-08-27T06:39:38+00:00","dateModified":"2024-08-27T07:14:49+00:00","description":"Vetri rotti e vandalismi alle auto in sosta a Limbiate. Tre autovetture sono state gravemente danneggiate l\u2019altra notte","breadcrumb":{"@id":"https:\/\/www.ilnotiziario.net\/wp\/brianza\/limbiate-vetri-rotti-alle-auto-in-sosta-vandali-in-azione-di-notte\/#breadcrumb"},"inLanguage":"it-IT","potentialAction":[{"@type":"ReadAction","target":["https:\/\/www.ilnotiziario.net\/wp\/brianza\/limbiate-vetri-rotti-alle-auto-in-sosta-vandali-in-azione-di-notte\/"]}]},{"@type":"ImageObject","inLanguage":"it-IT","@id":"https:\/\/www.ilnotiziario.net\/wp\/brianza\/limbiate-vetri-rotti-alle-auto-in-sosta-vandali-in-azione-di-notte\/#primaryimage","url":"https:\/\/www.ilnotiziario.net\/wp\/wp-content\/uploads\/2024\/08\/limbiate-via-Bramante.jpg","contentUrl":"https:\/\/www.ilnotiziario.net\/wp\/wp-content\/uploads\/2024\/08\/limbiate-via-Bramante.jpg","width":720,"height":629,"caption":"Limbiate vetri rotti"},{"@type":"BreadcrumbList","@id":"https:\/\/www.ilnotiziario.net\/wp\/brianza\/limbiate-vetri-rotti-alle-auto-in-sosta-vandali-in-azione-di-notte\/#breadcrumb","itemListElement":[{"@type":"ListItem","position":1,"name":"tds_text_logo_tagline_colortds_text_logo_tagline_colortds_text_logo_tagline_colortds_text_logo_tagline_colortd_module_7_title_excerpttd_module_7_title_excerpttd_module_7_title_excerpttd_module_7_title_excerptHome","item":"https:\/\/www.ilnotiziario.net\/wp\/"},{"@type":"ListItem","position":2,"name":"Limbiate, danni e vetri rotti alle auto: vandali in azione di notte"}]},{"@type":"WebSite","@id":"https:\/\/www.ilnotiziario.net\/wp\/#website","url":"https:\/\/www.ilnotiziario.net\/wp\/","name":"Il Notiziario","description":"Per restare sempre connessi alla notizia","publisher":{"@id":"https:\/\/www.ilnotiziario.net\/wp\/#organization"},"alternateName":"Il Notiziario Bollate","potentialAction":[{"@type":"SearchAction","target":{"@type":"EntryPoint","urlTemplate":"https:\/\/www.ilnotiziario.net\/wp\/?s={search_term_string}"},"query-input":{"@type":"PropertyValueSpecification","valueRequired":true,"valueName":"search_term_string"}}],"inLanguage":"it-IT"},{"@type":"Organization","@id":"https:\/\/www.ilnotiziario.net\/wp\/#organization","name":"Il Notiziario","url":"https:\/\/www.ilnotiziario.net\/wp\/","logo":{"@type":"ImageObject","inLanguage":"it-IT","@id":"https:\/\/www.ilnotiziario.net\/wp\/#\/schema\/logo\/image\/","url":"https:\/\/www.ilnotiziario.net\/wp\/wp-content\/uploads\/2022\/06\/170x170ilN.png","contentUrl":"https:\/\/www.ilnotiziario.net\/wp\/wp-content\/uploads\/2022\/06\/170x170ilN.png","width":355,"height":355,"caption":"Il Notiziario"},"image":{"@id":"https:\/\/www.ilnotiziario.net\/wp\/#\/schema\/logo\/image\/"},"sameAs":["https:\/\/www.facebook.com\/ilnotiziarioind\/","https:\/\/x.com\/ilNotiziarioInd","https:\/\/www.instagram.com\/ilnotiziario_settimanale\/"]},{"@type":"Person","@id":"https:\/\/www.ilnotiziario.net\/wp\/#\/schema\/person\/386e222908f898bb41c033989482bbf2","name":"Gabriele Bassani","image":{"@type":"ImageObject","inLanguage":"it-IT","@id":"https:\/\/secure.gravatar.com\/avatar\/09274f4a84fa97698bde56f84b3afed61c8492d48b0550db9671b68c177479cb?s=96&d=mm&r=g","url":"https:\/\/secure.gravatar.com\/avatar\/09274f4a84fa97698bde56f84b3afed61c8492d48b0550db9671b68c177479cb?s=96&d=mm&r=g","contentUrl":"https:\/\/secure.gravatar.com\/avatar\/09274f4a84fa97698bde56f84b3afed61c8492d48b0550db9671b68c177479cb?s=96&d=mm&r=g","caption":"Gabriele Bassani"},"sameAs":["http:\/\/www.ilnotiziario.net"]}]}},"_links":{"self":[{"href":"https:\/\/www.ilnotiziario.net\/wp\/wp-json\/wp\/v2\/posts\/198684","targetHints":{"allow":["GET"]}}],"collection":[{"href":"https:\/\/www.ilnotiziario.net\/wp\/wp-json\/wp\/v2\/posts"}],"about":[{"href":"https:\/\/www.ilnotiziario.net\/wp\/wp-json\/wp\/v2\/types\/post"}],"author":[{"embeddable":true,"href":"https:\/\/www.ilnotiziario.net\/wp\/wp-json\/wp\/v2\/users\/3"}],"replies":[{"embeddable":true,"href":"https:\/\/www.ilnotiziario.net\/wp\/wp-json\/wp\/v2\/comments?post=198684"}],"version-history":[{"count":0,"href":"https:\/\/www.ilnotiziario.net\/wp\/wp-json\/wp\/v2\/posts\/198684\/revisions"}],"wp:featuredmedia":[{"embeddable":true,"href":"https:\/\/www.ilnotiziario.net\/wp\/wp-json\/wp\/v2\/media\/198685"}],"wp:attachment":[{"href":"https:\/\/www.ilnotiziario.net\/wp\/wp-json\/wp\/v2\/media?parent=198684"}],"wp:term":[{"taxonomy":"category","embeddable":true,"href":"https:\/\/www.ilnotiziario.net\/wp\/wp-json\/wp\/v2\/categories?post=198684"},{"taxonomy":"post_tag","embeddable":true,"href":"https:\/\/www.ilnotiziario.net\/wp\/wp-json\/wp\/v2\/tags?post=198684"}],"curies":[{"name":"wp","href":"https:\/\/api.w.org\/{rel}","templated":true}]}}