{"id":199219,"date":"2024-09-11T14:08:42","date_gmt":"2024-09-11T12:08:42","guid":{"rendered":"https:\/\/www.ilnotiziario.net\/wp\/?p=199219"},"modified":"2024-09-11T14:10:41","modified_gmt":"2024-09-11T12:10:41","slug":"strage-paderno-funerali-divieti","status":"publish","type":"post","link":"https:\/\/www.ilnotiziario.net\/wp\/prima-pagina\/strage-paderno-funerali-divieti\/","title":{"rendered":"Strage di Paderno, funerali della famiglia: le strade chiuse (non solo via Roma) e divieti di sosta"},"content":{"rendered":"<p class=\"p1\"><span class=\"s1\">Strade chiuse e divieti di sosta a Paderno Dugnano nel giorno dei funerali della famiglia Chiarioni che saranno celebrati da monsignor Mario Delpini. La sindaca ha firmato l\u2019ordinanza insieme al lutto cittadino.<\/span><\/p><div id=\"ilnot-2658468695\" class=\"ilnot-contenuto ilnot-entity-placement\"><p><!-- incontent_1 --><\/p>\n<div class=\"gptslot\" data-adunitid=\"1\"><\/div>\n<\/div>\n<h2 class=\"p1\"><span class=\"s1\">Strade chiuse e divieti di sosta a Paderno per i funerali&nbsp;<\/span><\/h2>\n<p class=\"p1\"><span class=\"s1\">Via Roma e via Camposanto saranno chiuse al traffico. Ci saranno divieti di sosta in centro a Paderno, ma anche di fronte al cimitero di Dugnano. In queste ore, la cabina di regia comunale sta mettendo a punto anche il servizio d\u2019ordine con polizia locale e carabinieri ai varchi.<\/span><\/p>\n<h3 class=\"p1\"><span class=\"s1\">Divieto di sosta in via Camposanto<\/span><\/h3>\n<p class=\"p1\"><span class=\"s1\">Dalla mezzanotte di oggi e fino al termine dei funerali della famiglia Chiarioni \u00e8 imposto il divieto di sosta con rimozione forzata sulle aree di parcheggio situate in via Camposanto. Sar\u00e0 riservato l\u2019utilizzo dalle ore 13 del giorno dei funerali ai mezzi dei familiari delle vittime, delle Forze dell\u2019Ordine, delle cariche religiose e civili, dei mezzi di soccorso e dei partecipanti alla cerimonia.<\/span><\/p><div id=\"ilnot-1419457747\" class=\"ilnot-contenuto_2 ilnot-entity-placement\"><div class=\"ads-wrapper\">\n<div class=\"ad-slot\">\n   <div id=\"ilnot-3749239025\" style=\"margin-right: auto;margin-left: auto;text-align: center;width: 320px;height: 100px;\"><a href=\"https:\/\/www.scuolasicurezza.it\/\"><img decoding=\"async\" src=\"https:\/\/www.ilnotiziario.net\/wp\/wp-content\/uploads\/2026\/04\/IlNotiziario_banner-sito-e-newsletter-320-x-100-px-1.gif\" alt=\"\"><\/a><\/div>\n  <\/div>\n<div class=\"ad-slot\">\n   <div id=\"ilnot-2971142306\" style=\"margin-right: auto;margin-left: auto;text-align: center;width: 320px;height: 100px;\"><a href=\"https:\/\/purodesignarredamenti.com\/\"><img decoding=\"async\" src=\"https:\/\/www.ilnotiziario.net\/wp\/wp-content\/uploads\/2026\/04\/banner-puro-ok.gif\" alt=\"whatsapp\"><\/a><\/div><\/p><\/div>\n<\/div>\n<\/div>\n<h3 class=\"p1\"><span class=\"s1\">Chiuso al traffico il centro di Paderno<\/span><\/h3>\n<p class=\"p1\"><span class=\"s1\">Inoltre, dalle ore 13 di gioved\u00ec sar\u00e0 chiuso al traffico il centro di Paderno. In particolare, in via Roma non si potr\u00e0 transitare nel tratto tra via IV novembre e via Gramsci. Anche in via Camposanto ci saranno delle limitazioni. In particolare, nel tratto tra via Roma e la rotatoria tra le vie Camposanto\/San Michele. All\u2019interno di questa zona off-limits saranno attivi \u2013 fino a esaurimento posti \u2013 i parcheggi di via Camposanto, piazza Falcone e Borsellino e nel tratto tra via De Marchi e via Gramsci a servizio di chi parteciper\u00e0 alla cerimonia e dei residenti.<\/span><\/p>\n<h3 class=\"p1\"><span class=\"s1\">Rimozione forzata dai parcheggi del centro e davanti al cimitero di Dugnano<\/span><\/h3>\n<p class=\"p1\"><span class=\"s1\">Nella stessa fascia oraria, sar\u00e0 imposto il divieto di sosta con rimozione forzata sugli stalli di sosta situati in via Roma, nel tratto compreso tra via IV Novembre e via Gramsci, su ambo i lati. I divieti non riguarderanno solo le aree attorno alla parrocchia di Santa Maria Nascente, ma anche del cimitero di Dugnano. Qui al termine della funzione saranno accompagnate le salme delle tre vittime. Sar\u00e0 quindi istituito il divieto di sosta nei parcheggi antistanti l\u2019ingresso del cimitero di Dugnano situato tra le vie Copernico e Della Repubblica.<\/span><\/p>\n<h2 class=\"p1\"><span class=\"s1\">La chiesa, gli orari dei funerali a Paderno<\/span><\/h2>\n<p class=\"p1\"><span class=\"s1\">I funerali saranno celebrati nella parrocchia di Santa Maria Nascente di via Camposanto a Paderno. L\u2019unica ritenuta adeguata a ospitare un gran numero di fedeli che arriveranno per l\u2019ultimo saluto a Fabio e Lorenzo Chiarioni e a Daniela Albano, uccisi per mano del loro primogenito nella villetta di via Anzio a Incirano. Nelle ultime ore, sono stati affissi i <a href=\"https:\/\/www.ilnotiziario.net\/wp\/prima-pagina\/paderno-lutto-cittadino-famiglia-chiarioni\/\">manifesti funebri<\/a> in tutta la citt\u00e0. La cerimonia inizier\u00e0 alle ore 14:30 e sar\u00e0 presieduta dall\u2019Arcivescovo Mario Delpini.<\/span><\/p><div id=\"ilnot-3170741792\" class=\"ilnot-contenuto_2-2 ilnot-entity-placement\"><div class=\"gptslot\" data-adunitid=\"2\"><\/div>\n<\/div>\n","protected":false},"excerpt":{"rendered":"<p>Strade chiuse e divieti di sosta a Paderno Dugnano nel giorno dei funerali della famiglia Chiarioni che saranno celebrati da monsignor Mario Delpini. La sindaca ha firmato l\u2019ordinanza insieme al lutto cittadino. Strade chiuse e divieti di sosta a Paderno per i funerali&nbsp; Via Roma e via Camposanto saranno chiuse al traffico. Ci saranno divieti<\/p>\n","protected":false},"author":7,"featured_media":199220,"comment_status":"closed","ping_status":"closed","sticky":false,"template":"","format":"standard","meta":{"footnotes":""},"categories":[20],"tags":[],"class_list":{"0":"post-199219","1":"post","2":"type-post","3":"status-publish","4":"format-standard","5":"has-post-thumbnail","7":"category-prima-pagina"},"yoast_head":"<!-- This site is optimized with the Yoast SEO plugin v27.4 - https:\/\/yoast.com\/product\/yoast-seo-wordpress\/ -->\n<title>Strage di Paderno, funerali della famiglia: le strade chiuse (non solo via Roma) e divieti di sosta<\/title>\n<meta name=\"description\" content=\"Strade chiuse e divieti di sosta a Paderno Dugnano domani nel giorno dei funerali della famiglia Chiarioni\" \/>\n<meta name=\"robots\" content=\"index, follow, max-snippet:-1, max-image-preview:large, max-video-preview:-1\" \/>\n<link rel=\"canonical\" href=\"https:\/\/www.ilnotiziario.net\/wp\/prima-pagina\/strage-paderno-funerali-divieti\/\" \/>\n<meta property=\"og:locale\" content=\"it_IT\" \/>\n<meta property=\"og:type\" content=\"article\" \/>\n<meta property=\"og:title\" content=\"Strage di Paderno, funerali della famiglia: le strade chiuse (non solo via Roma) e divieti di sosta\" \/>\n<meta property=\"og:description\" content=\"Strade chiuse e divieti di sosta a Paderno Dugnano domani nel giorno dei funerali della famiglia Chiarioni\" \/>\n<meta property=\"og:url\" content=\"https:\/\/www.ilnotiziario.net\/wp\/prima-pagina\/strage-paderno-funerali-divieti\/\" \/>\n<meta property=\"og:site_name\" content=\"Il Notiziario\" \/>\n<meta property=\"article:publisher\" content=\"https:\/\/www.facebook.com\/ilnotiziarioind\/\" \/>\n<meta property=\"article:published_time\" content=\"2024-09-11T12:08:42+00:00\" \/>\n<meta property=\"article:modified_time\" content=\"2024-09-11T12:10:41+00:00\" \/>\n<meta property=\"og:image\" content=\"https:\/\/www.ilnotiziario.net\/wp\/wp-content\/uploads\/2024\/09\/IMG_8080-scaled.jpeg\" \/>\n\t<meta property=\"og:image:width\" content=\"2560\" \/>\n\t<meta property=\"og:image:height\" content=\"1440\" \/>\n\t<meta property=\"og:image:type\" content=\"image\/jpeg\" \/>\n<meta name=\"author\" content=\"Simone Carcano\" \/>\n<meta name=\"twitter:card\" content=\"summary_large_image\" \/>\n<meta name=\"twitter:creator\" content=\"@simone_carcano\" \/>\n<meta name=\"twitter:site\" content=\"@ilNotiziarioInd\" \/>\n<meta name=\"twitter:label1\" content=\"Scritto da\" \/>\n\t<meta name=\"twitter:data1\" content=\"Simone Carcano\" \/>\n\t<meta name=\"twitter:label2\" content=\"Tempo di lettura stimato\" \/>\n\t<meta name=\"twitter:data2\" content=\"3 minuti\" \/>\n<script type=\"application\/ld+json\" class=\"yoast-schema-graph\">{\"@context\":\"https:\\\/\\\/schema.org\",\"@graph\":[{\"@type\":\"Article\",\"@id\":\"https:\\\/\\\/www.ilnotiziario.net\\\/wp\\\/prima-pagina\\\/strage-paderno-funerali-divieti\\\/#article\",\"isPartOf\":{\"@id\":\"https:\\\/\\\/www.ilnotiziario.net\\\/wp\\\/prima-pagina\\\/strage-paderno-funerali-divieti\\\/\"},\"author\":{\"name\":\"Simone Carcano\",\"@id\":\"https:\\\/\\\/www.ilnotiziario.net\\\/wp\\\/#\\\/schema\\\/person\\\/c218ad0865f96bfe2c1c2cfa719653f7\"},\"headline\":\"Strage di Paderno, funerali della famiglia: le strade chiuse (non solo via Roma) e divieti di sosta\",\"datePublished\":\"2024-09-11T12:08:42+00:00\",\"dateModified\":\"2024-09-11T12:10:41+00:00\",\"mainEntityOfPage\":{\"@id\":\"https:\\\/\\\/www.ilnotiziario.net\\\/wp\\\/prima-pagina\\\/strage-paderno-funerali-divieti\\\/\"},\"wordCount\":474,\"publisher\":{\"@id\":\"https:\\\/\\\/www.ilnotiziario.net\\\/wp\\\/#organization\"},\"image\":{\"@id\":\"https:\\\/\\\/www.ilnotiziario.net\\\/wp\\\/prima-pagina\\\/strage-paderno-funerali-divieti\\\/#primaryimage\"},\"thumbnailUrl\":\"https:\\\/\\\/www.ilnotiziario.net\\\/wp\\\/wp-content\\\/uploads\\\/2024\\\/09\\\/IMG_8080-scaled.jpeg\",\"articleSection\":[\"Prima Pagina\"],\"inLanguage\":\"it-IT\"},{\"@type\":\"WebPage\",\"@id\":\"https:\\\/\\\/www.ilnotiziario.net\\\/wp\\\/prima-pagina\\\/strage-paderno-funerali-divieti\\\/\",\"url\":\"https:\\\/\\\/www.ilnotiziario.net\\\/wp\\\/prima-pagina\\\/strage-paderno-funerali-divieti\\\/\",\"name\":\"Strage di Paderno, funerali della famiglia: le strade chiuse (non solo via Roma) e divieti di sosta\",\"isPartOf\":{\"@id\":\"https:\\\/\\\/www.ilnotiziario.net\\\/wp\\\/#website\"},\"primaryImageOfPage\":{\"@id\":\"https:\\\/\\\/www.ilnotiziario.net\\\/wp\\\/prima-pagina\\\/strage-paderno-funerali-divieti\\\/#primaryimage\"},\"image\":{\"@id\":\"https:\\\/\\\/www.ilnotiziario.net\\\/wp\\\/prima-pagina\\\/strage-paderno-funerali-divieti\\\/#primaryimage\"},\"thumbnailUrl\":\"https:\\\/\\\/www.ilnotiziario.net\\\/wp\\\/wp-content\\\/uploads\\\/2024\\\/09\\\/IMG_8080-scaled.jpeg\",\"datePublished\":\"2024-09-11T12:08:42+00:00\",\"dateModified\":\"2024-09-11T12:10:41+00:00\",\"description\":\"Strade chiuse e divieti di sosta a Paderno Dugnano domani nel giorno dei funerali della famiglia Chiarioni\",\"breadcrumb\":{\"@id\":\"https:\\\/\\\/www.ilnotiziario.net\\\/wp\\\/prima-pagina\\\/strage-paderno-funerali-divieti\\\/#breadcrumb\"},\"inLanguage\":\"it-IT\",\"potentialAction\":[{\"@type\":\"ReadAction\",\"target\":[\"https:\\\/\\\/www.ilnotiziario.net\\\/wp\\\/prima-pagina\\\/strage-paderno-funerali-divieti\\\/\"]}]},{\"@type\":\"ImageObject\",\"inLanguage\":\"it-IT\",\"@id\":\"https:\\\/\\\/www.ilnotiziario.net\\\/wp\\\/prima-pagina\\\/strage-paderno-funerali-divieti\\\/#primaryimage\",\"url\":\"https:\\\/\\\/www.ilnotiziario.net\\\/wp\\\/wp-content\\\/uploads\\\/2024\\\/09\\\/IMG_8080-scaled.jpeg\",\"contentUrl\":\"https:\\\/\\\/www.ilnotiziario.net\\\/wp\\\/wp-content\\\/uploads\\\/2024\\\/09\\\/IMG_8080-scaled.jpeg\",\"width\":2560,\"height\":1440},{\"@type\":\"BreadcrumbList\",\"@id\":\"https:\\\/\\\/www.ilnotiziario.net\\\/wp\\\/prima-pagina\\\/strage-paderno-funerali-divieti\\\/#breadcrumb\",\"itemListElement\":[{\"@type\":\"ListItem\",\"position\":1,\"name\":\"tds_text_logo_tagline_colortds_text_logo_tagline_colortds_text_logo_tagline_colortds_text_logo_tagline_colortd_module_7_title_excerpttd_module_7_title_excerpttd_module_7_title_excerpttd_module_7_title_excerptHome\",\"item\":\"https:\\\/\\\/www.ilnotiziario.net\\\/wp\\\/\"},{\"@type\":\"ListItem\",\"position\":2,\"name\":\"Strage di Paderno, funerali della famiglia: le strade chiuse (non solo via Roma) e divieti di sosta\"}]},{\"@type\":\"WebSite\",\"@id\":\"https:\\\/\\\/www.ilnotiziario.net\\\/wp\\\/#website\",\"url\":\"https:\\\/\\\/www.ilnotiziario.net\\\/wp\\\/\",\"name\":\"Il Notiziario\",\"description\":\"Per restare sempre connessi alla notizia\",\"publisher\":{\"@id\":\"https:\\\/\\\/www.ilnotiziario.net\\\/wp\\\/#organization\"},\"alternateName\":\"Il Notiziario Bollate\",\"potentialAction\":[{\"@type\":\"SearchAction\",\"target\":{\"@type\":\"EntryPoint\",\"urlTemplate\":\"https:\\\/\\\/www.ilnotiziario.net\\\/wp\\\/?s={search_term_string}\"},\"query-input\":{\"@type\":\"PropertyValueSpecification\",\"valueRequired\":true,\"valueName\":\"search_term_string\"}}],\"inLanguage\":\"it-IT\"},{\"@type\":\"Organization\",\"@id\":\"https:\\\/\\\/www.ilnotiziario.net\\\/wp\\\/#organization\",\"name\":\"Il Notiziario\",\"url\":\"https:\\\/\\\/www.ilnotiziario.net\\\/wp\\\/\",\"logo\":{\"@type\":\"ImageObject\",\"inLanguage\":\"it-IT\",\"@id\":\"https:\\\/\\\/www.ilnotiziario.net\\\/wp\\\/#\\\/schema\\\/logo\\\/image\\\/\",\"url\":\"https:\\\/\\\/www.ilnotiziario.net\\\/wp\\\/wp-content\\\/uploads\\\/2022\\\/06\\\/170x170ilN.png\",\"contentUrl\":\"https:\\\/\\\/www.ilnotiziario.net\\\/wp\\\/wp-content\\\/uploads\\\/2022\\\/06\\\/170x170ilN.png\",\"width\":355,\"height\":355,\"caption\":\"Il Notiziario\"},\"image\":{\"@id\":\"https:\\\/\\\/www.ilnotiziario.net\\\/wp\\\/#\\\/schema\\\/logo\\\/image\\\/\"},\"sameAs\":[\"https:\\\/\\\/www.facebook.com\\\/ilnotiziarioind\\\/\",\"https:\\\/\\\/x.com\\\/ilNotiziarioInd\",\"https:\\\/\\\/www.instagram.com\\\/ilnotiziario_settimanale\\\/\"]},{\"@type\":\"Person\",\"@id\":\"https:\\\/\\\/www.ilnotiziario.net\\\/wp\\\/#\\\/schema\\\/person\\\/c218ad0865f96bfe2c1c2cfa719653f7\",\"name\":\"Simone Carcano\",\"image\":{\"@type\":\"ImageObject\",\"inLanguage\":\"it-IT\",\"@id\":\"https:\\\/\\\/secure.gravatar.com\\\/avatar\\\/5e677023cff2c47e9f7a896b9157a46e18bd36e7c4d000a1726bb730be7d38bb?s=96&d=mm&r=g\",\"url\":\"https:\\\/\\\/secure.gravatar.com\\\/avatar\\\/5e677023cff2c47e9f7a896b9157a46e18bd36e7c4d000a1726bb730be7d38bb?s=96&d=mm&r=g\",\"contentUrl\":\"https:\\\/\\\/secure.gravatar.com\\\/avatar\\\/5e677023cff2c47e9f7a896b9157a46e18bd36e7c4d000a1726bb730be7d38bb?s=96&d=mm&r=g\",\"caption\":\"Simone Carcano\"},\"sameAs\":[\"http:\\\/\\\/www.ilnotiziario.net\",\"https:\\\/\\\/x.com\\\/@simone_carcano\"]}]}<\/script>\n<!-- \/ Yoast SEO plugin. -->","yoast_head_json":{"title":"Strage di Paderno, funerali della famiglia: le strade chiuse (non solo via Roma) e divieti di sosta","description":"Strade chiuse e divieti di sosta a Paderno Dugnano domani nel giorno dei funerali della famiglia Chiarioni","robots":{"index":"index","follow":"follow","max-snippet":"max-snippet:-1","max-image-preview":"max-image-preview:large","max-video-preview":"max-video-preview:-1"},"canonical":"https:\/\/www.ilnotiziario.net\/wp\/prima-pagina\/strage-paderno-funerali-divieti\/","og_locale":"it_IT","og_type":"article","og_title":"Strage di Paderno, funerali della famiglia: le strade chiuse (non solo via Roma) e divieti di sosta","og_description":"Strade chiuse e divieti di sosta a Paderno Dugnano domani nel giorno dei funerali della famiglia Chiarioni","og_url":"https:\/\/www.ilnotiziario.net\/wp\/prima-pagina\/strage-paderno-funerali-divieti\/","og_site_name":"Il Notiziario","article_publisher":"https:\/\/www.facebook.com\/ilnotiziarioind\/","article_published_time":"2024-09-11T12:08:42+00:00","article_modified_time":"2024-09-11T12:10:41+00:00","og_image":[{"width":2560,"height":1440,"url":"https:\/\/www.ilnotiziario.net\/wp\/wp-content\/uploads\/2024\/09\/IMG_8080-scaled.jpeg","type":"image\/jpeg"}],"author":"Simone Carcano","twitter_card":"summary_large_image","twitter_creator":"@simone_carcano","twitter_site":"@ilNotiziarioInd","twitter_misc":{"Scritto da":"Simone Carcano","Tempo di lettura stimato":"3 minuti"},"schema":{"@context":"https:\/\/schema.org","@graph":[{"@type":"Article","@id":"https:\/\/www.ilnotiziario.net\/wp\/prima-pagina\/strage-paderno-funerali-divieti\/#article","isPartOf":{"@id":"https:\/\/www.ilnotiziario.net\/wp\/prima-pagina\/strage-paderno-funerali-divieti\/"},"author":{"name":"Simone Carcano","@id":"https:\/\/www.ilnotiziario.net\/wp\/#\/schema\/person\/c218ad0865f96bfe2c1c2cfa719653f7"},"headline":"Strage di Paderno, funerali della famiglia: le strade chiuse (non solo via Roma) e divieti di sosta","datePublished":"2024-09-11T12:08:42+00:00","dateModified":"2024-09-11T12:10:41+00:00","mainEntityOfPage":{"@id":"https:\/\/www.ilnotiziario.net\/wp\/prima-pagina\/strage-paderno-funerali-divieti\/"},"wordCount":474,"publisher":{"@id":"https:\/\/www.ilnotiziario.net\/wp\/#organization"},"image":{"@id":"https:\/\/www.ilnotiziario.net\/wp\/prima-pagina\/strage-paderno-funerali-divieti\/#primaryimage"},"thumbnailUrl":"https:\/\/www.ilnotiziario.net\/wp\/wp-content\/uploads\/2024\/09\/IMG_8080-scaled.jpeg","articleSection":["Prima Pagina"],"inLanguage":"it-IT"},{"@type":"WebPage","@id":"https:\/\/www.ilnotiziario.net\/wp\/prima-pagina\/strage-paderno-funerali-divieti\/","url":"https:\/\/www.ilnotiziario.net\/wp\/prima-pagina\/strage-paderno-funerali-divieti\/","name":"Strage di Paderno, funerali della famiglia: le strade chiuse (non solo via Roma) e divieti di sosta","isPartOf":{"@id":"https:\/\/www.ilnotiziario.net\/wp\/#website"},"primaryImageOfPage":{"@id":"https:\/\/www.ilnotiziario.net\/wp\/prima-pagina\/strage-paderno-funerali-divieti\/#primaryimage"},"image":{"@id":"https:\/\/www.ilnotiziario.net\/wp\/prima-pagina\/strage-paderno-funerali-divieti\/#primaryimage"},"thumbnailUrl":"https:\/\/www.ilnotiziario.net\/wp\/wp-content\/uploads\/2024\/09\/IMG_8080-scaled.jpeg","datePublished":"2024-09-11T12:08:42+00:00","dateModified":"2024-09-11T12:10:41+00:00","description":"Strade chiuse e divieti di sosta a Paderno Dugnano domani nel giorno dei funerali della famiglia Chiarioni","breadcrumb":{"@id":"https:\/\/www.ilnotiziario.net\/wp\/prima-pagina\/strage-paderno-funerali-divieti\/#breadcrumb"},"inLanguage":"it-IT","potentialAction":[{"@type":"ReadAction","target":["https:\/\/www.ilnotiziario.net\/wp\/prima-pagina\/strage-paderno-funerali-divieti\/"]}]},{"@type":"ImageObject","inLanguage":"it-IT","@id":"https:\/\/www.ilnotiziario.net\/wp\/prima-pagina\/strage-paderno-funerali-divieti\/#primaryimage","url":"https:\/\/www.ilnotiziario.net\/wp\/wp-content\/uploads\/2024\/09\/IMG_8080-scaled.jpeg","contentUrl":"https:\/\/www.ilnotiziario.net\/wp\/wp-content\/uploads\/2024\/09\/IMG_8080-scaled.jpeg","width":2560,"height":1440},{"@type":"BreadcrumbList","@id":"https:\/\/www.ilnotiziario.net\/wp\/prima-pagina\/strage-paderno-funerali-divieti\/#breadcrumb","itemListElement":[{"@type":"ListItem","position":1,"name":"tds_text_logo_tagline_colortds_text_logo_tagline_colortds_text_logo_tagline_colortds_text_logo_tagline_colortd_module_7_title_excerpttd_module_7_title_excerpttd_module_7_title_excerpttd_module_7_title_excerptHome","item":"https:\/\/www.ilnotiziario.net\/wp\/"},{"@type":"ListItem","position":2,"name":"Strage di Paderno, funerali della famiglia: le strade chiuse (non solo via Roma) e divieti di sosta"}]},{"@type":"WebSite","@id":"https:\/\/www.ilnotiziario.net\/wp\/#website","url":"https:\/\/www.ilnotiziario.net\/wp\/","name":"Il Notiziario","description":"Per restare sempre connessi alla notizia","publisher":{"@id":"https:\/\/www.ilnotiziario.net\/wp\/#organization"},"alternateName":"Il Notiziario Bollate","potentialAction":[{"@type":"SearchAction","target":{"@type":"EntryPoint","urlTemplate":"https:\/\/www.ilnotiziario.net\/wp\/?s={search_term_string}"},"query-input":{"@type":"PropertyValueSpecification","valueRequired":true,"valueName":"search_term_string"}}],"inLanguage":"it-IT"},{"@type":"Organization","@id":"https:\/\/www.ilnotiziario.net\/wp\/#organization","name":"Il Notiziario","url":"https:\/\/www.ilnotiziario.net\/wp\/","logo":{"@type":"ImageObject","inLanguage":"it-IT","@id":"https:\/\/www.ilnotiziario.net\/wp\/#\/schema\/logo\/image\/","url":"https:\/\/www.ilnotiziario.net\/wp\/wp-content\/uploads\/2022\/06\/170x170ilN.png","contentUrl":"https:\/\/www.ilnotiziario.net\/wp\/wp-content\/uploads\/2022\/06\/170x170ilN.png","width":355,"height":355,"caption":"Il Notiziario"},"image":{"@id":"https:\/\/www.ilnotiziario.net\/wp\/#\/schema\/logo\/image\/"},"sameAs":["https:\/\/www.facebook.com\/ilnotiziarioind\/","https:\/\/x.com\/ilNotiziarioInd","https:\/\/www.instagram.com\/ilnotiziario_settimanale\/"]},{"@type":"Person","@id":"https:\/\/www.ilnotiziario.net\/wp\/#\/schema\/person\/c218ad0865f96bfe2c1c2cfa719653f7","name":"Simone Carcano","image":{"@type":"ImageObject","inLanguage":"it-IT","@id":"https:\/\/secure.gravatar.com\/avatar\/5e677023cff2c47e9f7a896b9157a46e18bd36e7c4d000a1726bb730be7d38bb?s=96&d=mm&r=g","url":"https:\/\/secure.gravatar.com\/avatar\/5e677023cff2c47e9f7a896b9157a46e18bd36e7c4d000a1726bb730be7d38bb?s=96&d=mm&r=g","contentUrl":"https:\/\/secure.gravatar.com\/avatar\/5e677023cff2c47e9f7a896b9157a46e18bd36e7c4d000a1726bb730be7d38bb?s=96&d=mm&r=g","caption":"Simone Carcano"},"sameAs":["http:\/\/www.ilnotiziario.net","https:\/\/x.com\/@simone_carcano"]}]}},"_links":{"self":[{"href":"https:\/\/www.ilnotiziario.net\/wp\/wp-json\/wp\/v2\/posts\/199219","targetHints":{"allow":["GET"]}}],"collection":[{"href":"https:\/\/www.ilnotiziario.net\/wp\/wp-json\/wp\/v2\/posts"}],"about":[{"href":"https:\/\/www.ilnotiziario.net\/wp\/wp-json\/wp\/v2\/types\/post"}],"author":[{"embeddable":true,"href":"https:\/\/www.ilnotiziario.net\/wp\/wp-json\/wp\/v2\/users\/7"}],"replies":[{"embeddable":true,"href":"https:\/\/www.ilnotiziario.net\/wp\/wp-json\/wp\/v2\/comments?post=199219"}],"version-history":[{"count":0,"href":"https:\/\/www.ilnotiziario.net\/wp\/wp-json\/wp\/v2\/posts\/199219\/revisions"}],"wp:featuredmedia":[{"embeddable":true,"href":"https:\/\/www.ilnotiziario.net\/wp\/wp-json\/wp\/v2\/media\/199220"}],"wp:attachment":[{"href":"https:\/\/www.ilnotiziario.net\/wp\/wp-json\/wp\/v2\/media?parent=199219"}],"wp:term":[{"taxonomy":"category","embeddable":true,"href":"https:\/\/www.ilnotiziario.net\/wp\/wp-json\/wp\/v2\/categories?post=199219"},{"taxonomy":"post_tag","embeddable":true,"href":"https:\/\/www.ilnotiziario.net\/wp\/wp-json\/wp\/v2\/tags?post=199219"}],"curies":[{"name":"wp","href":"https:\/\/api.w.org\/{rel}","templated":true}]}}