{"id":199261,"date":"2024-09-12T15:16:30","date_gmt":"2024-09-12T13:16:30","guid":{"rendered":"https:\/\/www.ilnotiziario.net\/wp\/?p=199261"},"modified":"2024-09-12T15:59:35","modified_gmt":"2024-09-12T13:59:35","slug":"che-cosa-ha-detto-dio-incontrando-lorenzo-daniela-e-fabio-la-toccante-omelia-dellarcivescovo-delpini-a-paderno-dugnano","status":"publish","type":"post","link":"https:\/\/www.ilnotiziario.net\/wp\/prima-pagina\/che-cosa-ha-detto-dio-incontrando-lorenzo-daniela-e-fabio-la-toccante-omelia-dellarcivescovo-delpini-a-paderno-dugnano\/","title":{"rendered":"Che cosa ha detto Dio a Lorenzo, Daniela e Fabio: l&#8217;omelia dell\u2019arcivescovo Delpini a Paderno Dugnano"},"content":{"rendered":"<p>I funerali di Fabio, Daniela e Lorenzo Chiarioni sono <a href=\"https:\/\/www.ilnotiziario.net\/wp\/notizia_del_giorno\/paderno-lutto-cittadino-funerali\/\"><strong>stati celebrati dall\u2019arcivescovo di Milano, mons. Mario Delpini nella chiesa di Santa Maria Nascente a Paderno Dugnano.<\/strong><\/a><\/p><div id=\"ilnot-799669285\" class=\"ilnot-contenuto ilnot-entity-placement\"><p><!-- incontent_1 --><\/p>\n<div class=\"gptslot\" data-adunitid=\"1\"><\/div>\n<\/div>\n<p>Queste le toccanti parole pronunciate dall\u2019arcivescovo durante l\u2019omelia nella chiesa stracolma, diffuse anche all\u2019esterno tramite impianto di amplificazione.<\/p>\n<h2>Funerali a Paderno Dugnano per Lorenzo, Daniela e Fabio Chiarioni, omelia dell&#8217;arcivescovo Delpini&nbsp;<\/h2>\n<p><em>\u201cIo mi immagino che accogliendo Lorenzo il Signore Dio gli abbia detto: perch\u00e9 sei qui, cos\u00ec giovane? Da dove vieni? Che cosa sono queste ferite? Che cosa \u00e8 stato della tua vita?<\/em><\/p><div id=\"ilnot-3092053781\" class=\"ilnot-contenuto_2 ilnot-entity-placement\"><div class=\"ads-wrapper\">\n<div class=\"ad-slot\">\n   <div id=\"ilnot-2225903938\" style=\"margin-right: auto;margin-left: auto;text-align: center;width: 320px;height: 100px;\"><a href=\"https:\/\/www.scuolasicurezza.it\/\"><img decoding=\"async\" src=\"https:\/\/www.ilnotiziario.net\/wp\/wp-content\/uploads\/2026\/04\/IlNotiziario_banner-sito-e-newsletter-320-x-100-px-1.gif\" alt=\"\"><\/a><\/div>\n  <\/div>\n<div class=\"ad-slot\">\n   <div id=\"ilnot-316116974\" style=\"margin-right: auto;margin-left: auto;text-align: center;width: 320px;height: 100px;\"><a href=\"https:\/\/purodesignarredamenti.com\/\"><img decoding=\"async\" src=\"https:\/\/www.ilnotiziario.net\/wp\/wp-content\/uploads\/2026\/04\/banner-puro-ok.gif\" alt=\"whatsapp\"><\/a><\/div><\/p><\/div>\n<\/div>\n<\/div>\n<p><em>Io mi immagino che Lorenzo abbia risposto: \u201cSono qui, a causa di mio fratello, il mio fratello grande, il mio fratello intelligente. \u00c8 stato lui che ha interrotto il mio incubo notturno, mentre avevo l\u2019impressione di essere inseguito da un mostro e mi sarei svegliato, penso, come al solito spaventato e rassicurato di essere ancora vivo. Ma in quella notte non mi sono svegliato, a causa di mio fratello, il mio fratello grande, il mio fratello intelligente\u201d.<\/em><\/p>\n<p><em>E il Signore Dio ha chiesto a Lorenzo: \u201cChe cosa \u00e8 stato della tua vita? Che cosa sar\u00e0 della vita di tuo fratello, senza di te?\u201d<\/em><\/p>\n<p><em>Io mi immagino che Lorenzo abbia risposto: \u201cEcco, la mia vita \u00e8 stata un inizio, la mia vita \u00e8 stata un sogno. Forse qualcuno dir\u00e0 che la mia vita \u00e8 stata un niente. Ma invece io voglio essere un inno alla vita, io voglio vivere, vivere in eterno e voglio cantare alla vita, alla sua bellezza, alle sue promesse. Io voglio cantare la vita, anche per quelli della mia et\u00e0 che vivono tristi, arrabbiati, pessimisti. Io voglio cantare la poesia della vita, degli amici, del diventare grande, del coltivare speranze. Mio fratello mi ha impedito di diventare grande e inseguire sogni, ma continuo a vivere in questa gloria della tua casa, Signore, e voglio cantare l\u2019incanto dell\u2019amore, lo stupore del pensiero, il coraggio della fatica.<\/em><br \/>\n<em>Come far\u00e0 senza di me Riccardo, il mio fratello grande, il mio fratello intelligente? Ecco io voglio stargli vicino sempre, io voglio consolare le sue lacrime, voglio calmare i suoi spaventi, voglio sperare con lui e per lui.<\/em><br \/>\n<em>Ecco, sono vivo e voglio cantare la vita, perch\u00e9 sono qui con te, Signore Dio!\u201d.<\/em><\/p><div id=\"ilnot-3349470892\" class=\"ilnot-contenuto_2-2 ilnot-entity-placement\"><div class=\"gptslot\" data-adunitid=\"2\"><\/div>\n<\/div>\n<h2>Che cosa ha&nbsp; detto Dio incontrando Daniela, la mamma uccisa dal figlio Riccardo?&nbsp;<\/h2>\n<p><em>Io mi immagino che accogliendo Daniela il Signore Dio le abbia detto: \u201cPerch\u00e9 sei qui, Daniela? Da dove vieni? Perch\u00e9 queste ferite?\u201d.<\/em><\/p>\n<p><em>Mi immagino che Daniela abbia risposto: \u201c\u00c8 stato il mio figlio grande, il mio figlio primogenito, il figlio di cui sono orgogliosa. \u00c8 stato lui a spaventarmi nella notte, \u00e8 stato lui a ferirmi con l\u2019orrore del sangue di Lorenzo e con il colpo che ha posto fine allo spavento e all\u2019orrore. Per questo sono qui, Signore Dio, a causa del mio Riccardo\u201d.<\/em><\/p>\n<p><em>E il Signore Dio ha chiesto a Daniela: \u201cChe cosa \u00e8 stato della tua vita? E adesso che cosa sar\u00e0 della vita del tuo Riccardo senza di te?\u201d.<\/em><br \/>\n<em>E Daniela ha risposto: \u201cSignore Dio, che posso dire della mia vita? Ecco, posso dire del mistero, di quel buio impenetrabile in cui si accende una luce. Posso dire del mistero, di quella gioia sovrabbondante e indicibile in cui si accende una vita; di quell\u2019enigma impenetrabile che diventano talvolta le persone che amiamo; di quelle parole incomprensibili che sconcertano e zittiscono. Posso dire del mistero: la mamma abita il mistero dell\u2019amore, della vita, del generare e dell\u2019accudire. La mamma abita il mistero e non sa come dire e non sa che cosa dire. La mamma abita il mistero ed \u00e8 solo capace di amare.<\/em><br \/>\n<em>Come far\u00e0 senza di me Riccardo, il mio figlio grande? La mamma mette al mondo e lascia partire i figli per la loro strada, ma io continuer\u00f2 ad abitare il mistero, voglio ostinarmi a seminare una scintilla di luce, anche nel buio pi\u00f9 cupo, voglio stare vicino a Riccardo per continuare a rassicurarlo di fronte al mistero, infatti nel mistero abiti tu, Signore Dio, e io sono con te!\u201d.<\/em><\/p><div id=\"ilnot-2973876924\" class=\"ilnot-contenuto_2-2-2 ilnot-entity-placement\"><div class=\"gptslot\" data-adunitid=\"3\"><\/div>\n<\/div>\n<h2>Che cosa ha detto Dio incontrando Fabio, ucciso dal figlio Riccardo ?<\/h2>\n<p><em>Mi immagino che quando il Signore Dio ha accolto Fabio gli abbia detto: \u201cCome sei arrivato qui? Che cosa sono queste ferite?\u201d.<\/em><br \/>\n<em>Mi immagino che Fabio abbia risposto: \u201c\u00c8 stato Riccardo, il mio figlio grande, quasi un uomo ormai. \u00c8 stato Riccardo che mi ha teso un agguato nella notte dello spavento, e non ho potuto, non ho voluto difendermi, pur essendo forte non ho usato la forza, lo spettacolo era troppo assurdo, troppo sbagliato, troppo, troppo insanguinato. Ma poi subito la vista si \u00e8 oscurata, l\u2019assurdo \u00e8 scomparso e sei apparso tu, Signore Dio\u201d.<\/em><\/p>\n<p><em>E il Signore Dio ha chiesto a Fabio: \u201cChe cosa \u00e8 stata la tua vita? E ora che cosa sar\u00e0 di Riccardo, il tuo figlio che diventa uomo, senza di te?\u201d.<\/em><br \/>\n<em>E Fabio ha risposto: \u201cRiccardo, il mio figlio grande, quasi un uomo ormai, forse mi ha sentito come un peso, come un fastidio, come capita a tutti i figli che hanno momenti in cui sentono insopportabile il pap\u00e0. Ma io ho parole da dire. Ecco: il pap\u00e0 \u00e8 uomo di parola, \u00e8 uomo che ha parole da dire, \u00e8 uomo che aiuta i figli a trovare le parole per dire di s\u00e9, della loro inquietudine e della loro speranza. Il mio Riccardo non ha ancora imparato a esprimere in parole quello che dentro l\u2019animo si agita, si aggroviglia, si raggela. Voglio stare vicino a Riccardo e aiutarlo a dire le parole giuste, a dare il nome giusto alla vita, anche al dolore, anche alla rabbia. La parola \u00e8 gi\u00e0 una medicina. Il pap\u00e0, se ascolta la sua esperienza e ascolta la voce del Signore, sa la parola giusta, sa il discorso rassicurante, sa la parola che incoraggia, che corregge, che rimprovera, che perdona.<\/em><br \/>\n<em>Ecco: sono vivo presso di te, Signore, per avere una parola da dire al mio Riccardo, il mio figlio grande. Forse mi ascolter\u00e0, forse diventer\u00e0 anche lui un uomo che conosce la parola della verit\u00e0 e la via della vita!\u201d.<\/em><\/p>\n<h2>&#8220;La Parola del Signore ci aiuta a decifrare l&#8217;enigma&#8221;<\/h2>\n<p><em>Ecco: di fronte all\u2019incomprensibile tragedia la parola del Signore ci aiuta a decifrare l\u2019enigma e a raccogliere da Lorenzo, Daniela, Fabio il cantico della vita e della speranza giovane di un fratello, l\u2019intensit\u00e0 dell\u2019amore misterioso di una mamma e la responsabilit\u00e0 della parola vera di un pap\u00e0\u201d.<\/em><\/p><div id=\"ilnot-2119042405\" class=\"ilnot-contenuto_2-2-2-2 ilnot-entity-placement\"><div class=\"gptslot\" data-adunitid=\"4\"><\/div>\n<\/div>\n","protected":false},"excerpt":{"rendered":"<p>I funerali di Fabio, Daniela e Lorenzo Chiarioni sono stati celebrati dall\u2019arcivescovo di Milano, mons. Mario Delpini nella chiesa di Santa Maria Nascente a Paderno Dugnano. Queste le toccanti parole pronunciate dall\u2019arcivescovo durante l\u2019omelia nella chiesa stracolma, diffuse anche all\u2019esterno tramite impianto di amplificazione. Funerali a Paderno Dugnano per Lorenzo, Daniela e Fabio Chiarioni, omelia<\/p>\n","protected":false},"author":3,"featured_media":199257,"comment_status":"closed","ping_status":"closed","sticky":false,"template":"","format":"standard","meta":{"footnotes":""},"categories":[11,20],"tags":[4054,2554,14994,39],"class_list":{"0":"post-199261","1":"post","2":"type-post","3":"status-publish","4":"format-standard","5":"has-post-thumbnail","7":"category-nord-milano","8":"category-prima-pagina","9":"tag-delpini","10":"tag-funerali","11":"tag-omelia","12":"tag-paderno-dugnano"},"yoast_head":"<!-- This site is optimized with the Yoast SEO plugin v27.4 - https:\/\/yoast.com\/product\/yoast-seo-wordpress\/ -->\n<title>Che cosa ha detto Dio a Lorenzo, Daniela e Fabio: l&#039;omelia dell\u2019arcivescovo Delpini a Paderno Dugnano - Il Notiziario<\/title>\n<meta name=\"description\" content=\"I funerali di Fabio, Daniela e Lorenzo Chiarioni sono stati celebrati dall\u2019arcivescovo di Milano, mons. Mario Delpini nella chiesa di Santa Maria Nascente\" \/>\n<meta name=\"robots\" content=\"index, follow, max-snippet:-1, max-image-preview:large, max-video-preview:-1\" \/>\n<link rel=\"canonical\" href=\"https:\/\/www.ilnotiziario.net\/wp\/prima-pagina\/che-cosa-ha-detto-dio-incontrando-lorenzo-daniela-e-fabio-la-toccante-omelia-dellarcivescovo-delpini-a-paderno-dugnano\/\" \/>\n<meta property=\"og:locale\" content=\"it_IT\" \/>\n<meta property=\"og:type\" content=\"article\" \/>\n<meta property=\"og:title\" content=\"Che cosa ha detto Dio a Lorenzo, Daniela e Fabio: l&#039;omelia dell\u2019arcivescovo Delpini a Paderno Dugnano - Il Notiziario\" \/>\n<meta property=\"og:description\" content=\"I funerali di Fabio, Daniela e Lorenzo Chiarioni sono stati celebrati dall\u2019arcivescovo di Milano, mons. Mario Delpini nella chiesa di Santa Maria Nascente\" \/>\n<meta property=\"og:url\" content=\"https:\/\/www.ilnotiziario.net\/wp\/prima-pagina\/che-cosa-ha-detto-dio-incontrando-lorenzo-daniela-e-fabio-la-toccante-omelia-dellarcivescovo-delpini-a-paderno-dugnano\/\" \/>\n<meta property=\"og:site_name\" content=\"Il Notiziario\" \/>\n<meta property=\"article:publisher\" content=\"https:\/\/www.facebook.com\/ilnotiziarioind\/\" \/>\n<meta property=\"article:published_time\" content=\"2024-09-12T13:16:30+00:00\" \/>\n<meta property=\"article:modified_time\" content=\"2024-09-12T13:59:35+00:00\" \/>\n<meta property=\"og:image\" content=\"https:\/\/www.ilnotiziario.net\/wp\/wp-content\/uploads\/2024\/09\/d37a1595-b346-4504-84ac-7b3cf4d651e5.jpeg\" \/>\n\t<meta property=\"og:image:width\" content=\"2040\" \/>\n\t<meta property=\"og:image:height\" content=\"1530\" \/>\n\t<meta property=\"og:image:type\" content=\"image\/jpeg\" \/>\n<meta name=\"author\" content=\"Gabriele Bassani\" \/>\n<meta name=\"twitter:card\" content=\"summary_large_image\" \/>\n<meta name=\"twitter:creator\" content=\"@ilNotiziarioInd\" \/>\n<meta name=\"twitter:site\" content=\"@ilNotiziarioInd\" \/>\n<meta name=\"twitter:label1\" content=\"Scritto da\" \/>\n\t<meta name=\"twitter:data1\" content=\"Gabriele Bassani\" \/>\n\t<meta name=\"twitter:label2\" content=\"Tempo di lettura stimato\" \/>\n\t<meta name=\"twitter:data2\" content=\"6 minuti\" \/>\n<script type=\"application\/ld+json\" class=\"yoast-schema-graph\">{\"@context\":\"https:\\\/\\\/schema.org\",\"@graph\":[{\"@type\":\"Article\",\"@id\":\"https:\\\/\\\/www.ilnotiziario.net\\\/wp\\\/prima-pagina\\\/che-cosa-ha-detto-dio-incontrando-lorenzo-daniela-e-fabio-la-toccante-omelia-dellarcivescovo-delpini-a-paderno-dugnano\\\/#article\",\"isPartOf\":{\"@id\":\"https:\\\/\\\/www.ilnotiziario.net\\\/wp\\\/prima-pagina\\\/che-cosa-ha-detto-dio-incontrando-lorenzo-daniela-e-fabio-la-toccante-omelia-dellarcivescovo-delpini-a-paderno-dugnano\\\/\"},\"author\":{\"name\":\"Gabriele Bassani\",\"@id\":\"https:\\\/\\\/www.ilnotiziario.net\\\/wp\\\/#\\\/schema\\\/person\\\/386e222908f898bb41c033989482bbf2\"},\"headline\":\"Che cosa ha detto Dio a Lorenzo, Daniela e Fabio: l&#8217;omelia dell\u2019arcivescovo Delpini a Paderno Dugnano\",\"datePublished\":\"2024-09-12T13:16:30+00:00\",\"dateModified\":\"2024-09-12T13:59:35+00:00\",\"mainEntityOfPage\":{\"@id\":\"https:\\\/\\\/www.ilnotiziario.net\\\/wp\\\/prima-pagina\\\/che-cosa-ha-detto-dio-incontrando-lorenzo-daniela-e-fabio-la-toccante-omelia-dellarcivescovo-delpini-a-paderno-dugnano\\\/\"},\"wordCount\":1086,\"publisher\":{\"@id\":\"https:\\\/\\\/www.ilnotiziario.net\\\/wp\\\/#organization\"},\"image\":{\"@id\":\"https:\\\/\\\/www.ilnotiziario.net\\\/wp\\\/prima-pagina\\\/che-cosa-ha-detto-dio-incontrando-lorenzo-daniela-e-fabio-la-toccante-omelia-dellarcivescovo-delpini-a-paderno-dugnano\\\/#primaryimage\"},\"thumbnailUrl\":\"https:\\\/\\\/www.ilnotiziario.net\\\/wp\\\/wp-content\\\/uploads\\\/2024\\\/09\\\/d37a1595-b346-4504-84ac-7b3cf4d651e5.jpeg\",\"keywords\":[\"Delpini\",\"funerali\",\"omelia\",\"Paderno Dugnano\"],\"articleSection\":[\"NORD MILANO\",\"Prima Pagina\"],\"inLanguage\":\"it-IT\"},{\"@type\":\"WebPage\",\"@id\":\"https:\\\/\\\/www.ilnotiziario.net\\\/wp\\\/prima-pagina\\\/che-cosa-ha-detto-dio-incontrando-lorenzo-daniela-e-fabio-la-toccante-omelia-dellarcivescovo-delpini-a-paderno-dugnano\\\/\",\"url\":\"https:\\\/\\\/www.ilnotiziario.net\\\/wp\\\/prima-pagina\\\/che-cosa-ha-detto-dio-incontrando-lorenzo-daniela-e-fabio-la-toccante-omelia-dellarcivescovo-delpini-a-paderno-dugnano\\\/\",\"name\":\"Che cosa ha detto Dio a Lorenzo, Daniela e Fabio: l'omelia dell\u2019arcivescovo Delpini a Paderno Dugnano - Il Notiziario\",\"isPartOf\":{\"@id\":\"https:\\\/\\\/www.ilnotiziario.net\\\/wp\\\/#website\"},\"primaryImageOfPage\":{\"@id\":\"https:\\\/\\\/www.ilnotiziario.net\\\/wp\\\/prima-pagina\\\/che-cosa-ha-detto-dio-incontrando-lorenzo-daniela-e-fabio-la-toccante-omelia-dellarcivescovo-delpini-a-paderno-dugnano\\\/#primaryimage\"},\"image\":{\"@id\":\"https:\\\/\\\/www.ilnotiziario.net\\\/wp\\\/prima-pagina\\\/che-cosa-ha-detto-dio-incontrando-lorenzo-daniela-e-fabio-la-toccante-omelia-dellarcivescovo-delpini-a-paderno-dugnano\\\/#primaryimage\"},\"thumbnailUrl\":\"https:\\\/\\\/www.ilnotiziario.net\\\/wp\\\/wp-content\\\/uploads\\\/2024\\\/09\\\/d37a1595-b346-4504-84ac-7b3cf4d651e5.jpeg\",\"datePublished\":\"2024-09-12T13:16:30+00:00\",\"dateModified\":\"2024-09-12T13:59:35+00:00\",\"description\":\"I funerali di Fabio, Daniela e Lorenzo Chiarioni sono stati celebrati dall\u2019arcivescovo di Milano, mons. Mario Delpini nella chiesa di Santa Maria Nascente\",\"breadcrumb\":{\"@id\":\"https:\\\/\\\/www.ilnotiziario.net\\\/wp\\\/prima-pagina\\\/che-cosa-ha-detto-dio-incontrando-lorenzo-daniela-e-fabio-la-toccante-omelia-dellarcivescovo-delpini-a-paderno-dugnano\\\/#breadcrumb\"},\"inLanguage\":\"it-IT\",\"potentialAction\":[{\"@type\":\"ReadAction\",\"target\":[\"https:\\\/\\\/www.ilnotiziario.net\\\/wp\\\/prima-pagina\\\/che-cosa-ha-detto-dio-incontrando-lorenzo-daniela-e-fabio-la-toccante-omelia-dellarcivescovo-delpini-a-paderno-dugnano\\\/\"]}]},{\"@type\":\"ImageObject\",\"inLanguage\":\"it-IT\",\"@id\":\"https:\\\/\\\/www.ilnotiziario.net\\\/wp\\\/prima-pagina\\\/che-cosa-ha-detto-dio-incontrando-lorenzo-daniela-e-fabio-la-toccante-omelia-dellarcivescovo-delpini-a-paderno-dugnano\\\/#primaryimage\",\"url\":\"https:\\\/\\\/www.ilnotiziario.net\\\/wp\\\/wp-content\\\/uploads\\\/2024\\\/09\\\/d37a1595-b346-4504-84ac-7b3cf4d651e5.jpeg\",\"contentUrl\":\"https:\\\/\\\/www.ilnotiziario.net\\\/wp\\\/wp-content\\\/uploads\\\/2024\\\/09\\\/d37a1595-b346-4504-84ac-7b3cf4d651e5.jpeg\",\"width\":2040,\"height\":1530},{\"@type\":\"BreadcrumbList\",\"@id\":\"https:\\\/\\\/www.ilnotiziario.net\\\/wp\\\/prima-pagina\\\/che-cosa-ha-detto-dio-incontrando-lorenzo-daniela-e-fabio-la-toccante-omelia-dellarcivescovo-delpini-a-paderno-dugnano\\\/#breadcrumb\",\"itemListElement\":[{\"@type\":\"ListItem\",\"position\":1,\"name\":\"tds_text_logo_tagline_colortds_text_logo_tagline_colortds_text_logo_tagline_colortds_text_logo_tagline_colortd_module_7_title_excerpttd_module_7_title_excerpttd_module_7_title_excerpttd_module_7_title_excerptHome\",\"item\":\"https:\\\/\\\/www.ilnotiziario.net\\\/wp\\\/\"},{\"@type\":\"ListItem\",\"position\":2,\"name\":\"Che cosa ha detto Dio a Lorenzo, Daniela e Fabio: l&#8217;omelia dell\u2019arcivescovo Delpini a Paderno Dugnano\"}]},{\"@type\":\"WebSite\",\"@id\":\"https:\\\/\\\/www.ilnotiziario.net\\\/wp\\\/#website\",\"url\":\"https:\\\/\\\/www.ilnotiziario.net\\\/wp\\\/\",\"name\":\"Il Notiziario\",\"description\":\"Per restare sempre connessi alla notizia\",\"publisher\":{\"@id\":\"https:\\\/\\\/www.ilnotiziario.net\\\/wp\\\/#organization\"},\"alternateName\":\"Il Notiziario Bollate\",\"potentialAction\":[{\"@type\":\"SearchAction\",\"target\":{\"@type\":\"EntryPoint\",\"urlTemplate\":\"https:\\\/\\\/www.ilnotiziario.net\\\/wp\\\/?s={search_term_string}\"},\"query-input\":{\"@type\":\"PropertyValueSpecification\",\"valueRequired\":true,\"valueName\":\"search_term_string\"}}],\"inLanguage\":\"it-IT\"},{\"@type\":\"Organization\",\"@id\":\"https:\\\/\\\/www.ilnotiziario.net\\\/wp\\\/#organization\",\"name\":\"Il Notiziario\",\"url\":\"https:\\\/\\\/www.ilnotiziario.net\\\/wp\\\/\",\"logo\":{\"@type\":\"ImageObject\",\"inLanguage\":\"it-IT\",\"@id\":\"https:\\\/\\\/www.ilnotiziario.net\\\/wp\\\/#\\\/schema\\\/logo\\\/image\\\/\",\"url\":\"https:\\\/\\\/www.ilnotiziario.net\\\/wp\\\/wp-content\\\/uploads\\\/2022\\\/06\\\/170x170ilN.png\",\"contentUrl\":\"https:\\\/\\\/www.ilnotiziario.net\\\/wp\\\/wp-content\\\/uploads\\\/2022\\\/06\\\/170x170ilN.png\",\"width\":355,\"height\":355,\"caption\":\"Il Notiziario\"},\"image\":{\"@id\":\"https:\\\/\\\/www.ilnotiziario.net\\\/wp\\\/#\\\/schema\\\/logo\\\/image\\\/\"},\"sameAs\":[\"https:\\\/\\\/www.facebook.com\\\/ilnotiziarioind\\\/\",\"https:\\\/\\\/x.com\\\/ilNotiziarioInd\",\"https:\\\/\\\/www.instagram.com\\\/ilnotiziario_settimanale\\\/\"]},{\"@type\":\"Person\",\"@id\":\"https:\\\/\\\/www.ilnotiziario.net\\\/wp\\\/#\\\/schema\\\/person\\\/386e222908f898bb41c033989482bbf2\",\"name\":\"Gabriele Bassani\",\"image\":{\"@type\":\"ImageObject\",\"inLanguage\":\"it-IT\",\"@id\":\"https:\\\/\\\/secure.gravatar.com\\\/avatar\\\/09274f4a84fa97698bde56f84b3afed61c8492d48b0550db9671b68c177479cb?s=96&d=mm&r=g\",\"url\":\"https:\\\/\\\/secure.gravatar.com\\\/avatar\\\/09274f4a84fa97698bde56f84b3afed61c8492d48b0550db9671b68c177479cb?s=96&d=mm&r=g\",\"contentUrl\":\"https:\\\/\\\/secure.gravatar.com\\\/avatar\\\/09274f4a84fa97698bde56f84b3afed61c8492d48b0550db9671b68c177479cb?s=96&d=mm&r=g\",\"caption\":\"Gabriele Bassani\"},\"sameAs\":[\"http:\\\/\\\/www.ilnotiziario.net\"]}]}<\/script>\n<!-- \/ Yoast SEO plugin. -->","yoast_head_json":{"title":"Che cosa ha detto Dio a Lorenzo, Daniela e Fabio: l'omelia dell\u2019arcivescovo Delpini a Paderno Dugnano - Il Notiziario","description":"I funerali di Fabio, Daniela e Lorenzo Chiarioni sono stati celebrati dall\u2019arcivescovo di Milano, mons. Mario Delpini nella chiesa di Santa Maria Nascente","robots":{"index":"index","follow":"follow","max-snippet":"max-snippet:-1","max-image-preview":"max-image-preview:large","max-video-preview":"max-video-preview:-1"},"canonical":"https:\/\/www.ilnotiziario.net\/wp\/prima-pagina\/che-cosa-ha-detto-dio-incontrando-lorenzo-daniela-e-fabio-la-toccante-omelia-dellarcivescovo-delpini-a-paderno-dugnano\/","og_locale":"it_IT","og_type":"article","og_title":"Che cosa ha detto Dio a Lorenzo, Daniela e Fabio: l'omelia dell\u2019arcivescovo Delpini a Paderno Dugnano - Il Notiziario","og_description":"I funerali di Fabio, Daniela e Lorenzo Chiarioni sono stati celebrati dall\u2019arcivescovo di Milano, mons. Mario Delpini nella chiesa di Santa Maria Nascente","og_url":"https:\/\/www.ilnotiziario.net\/wp\/prima-pagina\/che-cosa-ha-detto-dio-incontrando-lorenzo-daniela-e-fabio-la-toccante-omelia-dellarcivescovo-delpini-a-paderno-dugnano\/","og_site_name":"Il Notiziario","article_publisher":"https:\/\/www.facebook.com\/ilnotiziarioind\/","article_published_time":"2024-09-12T13:16:30+00:00","article_modified_time":"2024-09-12T13:59:35+00:00","og_image":[{"width":2040,"height":1530,"url":"https:\/\/www.ilnotiziario.net\/wp\/wp-content\/uploads\/2024\/09\/d37a1595-b346-4504-84ac-7b3cf4d651e5.jpeg","type":"image\/jpeg"}],"author":"Gabriele Bassani","twitter_card":"summary_large_image","twitter_creator":"@ilNotiziarioInd","twitter_site":"@ilNotiziarioInd","twitter_misc":{"Scritto da":"Gabriele Bassani","Tempo di lettura stimato":"6 minuti"},"schema":{"@context":"https:\/\/schema.org","@graph":[{"@type":"Article","@id":"https:\/\/www.ilnotiziario.net\/wp\/prima-pagina\/che-cosa-ha-detto-dio-incontrando-lorenzo-daniela-e-fabio-la-toccante-omelia-dellarcivescovo-delpini-a-paderno-dugnano\/#article","isPartOf":{"@id":"https:\/\/www.ilnotiziario.net\/wp\/prima-pagina\/che-cosa-ha-detto-dio-incontrando-lorenzo-daniela-e-fabio-la-toccante-omelia-dellarcivescovo-delpini-a-paderno-dugnano\/"},"author":{"name":"Gabriele Bassani","@id":"https:\/\/www.ilnotiziario.net\/wp\/#\/schema\/person\/386e222908f898bb41c033989482bbf2"},"headline":"Che cosa ha detto Dio a Lorenzo, Daniela e Fabio: l&#8217;omelia dell\u2019arcivescovo Delpini a Paderno Dugnano","datePublished":"2024-09-12T13:16:30+00:00","dateModified":"2024-09-12T13:59:35+00:00","mainEntityOfPage":{"@id":"https:\/\/www.ilnotiziario.net\/wp\/prima-pagina\/che-cosa-ha-detto-dio-incontrando-lorenzo-daniela-e-fabio-la-toccante-omelia-dellarcivescovo-delpini-a-paderno-dugnano\/"},"wordCount":1086,"publisher":{"@id":"https:\/\/www.ilnotiziario.net\/wp\/#organization"},"image":{"@id":"https:\/\/www.ilnotiziario.net\/wp\/prima-pagina\/che-cosa-ha-detto-dio-incontrando-lorenzo-daniela-e-fabio-la-toccante-omelia-dellarcivescovo-delpini-a-paderno-dugnano\/#primaryimage"},"thumbnailUrl":"https:\/\/www.ilnotiziario.net\/wp\/wp-content\/uploads\/2024\/09\/d37a1595-b346-4504-84ac-7b3cf4d651e5.jpeg","keywords":["Delpini","funerali","omelia","Paderno Dugnano"],"articleSection":["NORD MILANO","Prima Pagina"],"inLanguage":"it-IT"},{"@type":"WebPage","@id":"https:\/\/www.ilnotiziario.net\/wp\/prima-pagina\/che-cosa-ha-detto-dio-incontrando-lorenzo-daniela-e-fabio-la-toccante-omelia-dellarcivescovo-delpini-a-paderno-dugnano\/","url":"https:\/\/www.ilnotiziario.net\/wp\/prima-pagina\/che-cosa-ha-detto-dio-incontrando-lorenzo-daniela-e-fabio-la-toccante-omelia-dellarcivescovo-delpini-a-paderno-dugnano\/","name":"Che cosa ha detto Dio a Lorenzo, Daniela e Fabio: l'omelia dell\u2019arcivescovo Delpini a Paderno Dugnano - Il Notiziario","isPartOf":{"@id":"https:\/\/www.ilnotiziario.net\/wp\/#website"},"primaryImageOfPage":{"@id":"https:\/\/www.ilnotiziario.net\/wp\/prima-pagina\/che-cosa-ha-detto-dio-incontrando-lorenzo-daniela-e-fabio-la-toccante-omelia-dellarcivescovo-delpini-a-paderno-dugnano\/#primaryimage"},"image":{"@id":"https:\/\/www.ilnotiziario.net\/wp\/prima-pagina\/che-cosa-ha-detto-dio-incontrando-lorenzo-daniela-e-fabio-la-toccante-omelia-dellarcivescovo-delpini-a-paderno-dugnano\/#primaryimage"},"thumbnailUrl":"https:\/\/www.ilnotiziario.net\/wp\/wp-content\/uploads\/2024\/09\/d37a1595-b346-4504-84ac-7b3cf4d651e5.jpeg","datePublished":"2024-09-12T13:16:30+00:00","dateModified":"2024-09-12T13:59:35+00:00","description":"I funerali di Fabio, Daniela e Lorenzo Chiarioni sono stati celebrati dall\u2019arcivescovo di Milano, mons. Mario Delpini nella chiesa di Santa Maria Nascente","breadcrumb":{"@id":"https:\/\/www.ilnotiziario.net\/wp\/prima-pagina\/che-cosa-ha-detto-dio-incontrando-lorenzo-daniela-e-fabio-la-toccante-omelia-dellarcivescovo-delpini-a-paderno-dugnano\/#breadcrumb"},"inLanguage":"it-IT","potentialAction":[{"@type":"ReadAction","target":["https:\/\/www.ilnotiziario.net\/wp\/prima-pagina\/che-cosa-ha-detto-dio-incontrando-lorenzo-daniela-e-fabio-la-toccante-omelia-dellarcivescovo-delpini-a-paderno-dugnano\/"]}]},{"@type":"ImageObject","inLanguage":"it-IT","@id":"https:\/\/www.ilnotiziario.net\/wp\/prima-pagina\/che-cosa-ha-detto-dio-incontrando-lorenzo-daniela-e-fabio-la-toccante-omelia-dellarcivescovo-delpini-a-paderno-dugnano\/#primaryimage","url":"https:\/\/www.ilnotiziario.net\/wp\/wp-content\/uploads\/2024\/09\/d37a1595-b346-4504-84ac-7b3cf4d651e5.jpeg","contentUrl":"https:\/\/www.ilnotiziario.net\/wp\/wp-content\/uploads\/2024\/09\/d37a1595-b346-4504-84ac-7b3cf4d651e5.jpeg","width":2040,"height":1530},{"@type":"BreadcrumbList","@id":"https:\/\/www.ilnotiziario.net\/wp\/prima-pagina\/che-cosa-ha-detto-dio-incontrando-lorenzo-daniela-e-fabio-la-toccante-omelia-dellarcivescovo-delpini-a-paderno-dugnano\/#breadcrumb","itemListElement":[{"@type":"ListItem","position":1,"name":"tds_text_logo_tagline_colortds_text_logo_tagline_colortds_text_logo_tagline_colortds_text_logo_tagline_colortd_module_7_title_excerpttd_module_7_title_excerpttd_module_7_title_excerpttd_module_7_title_excerptHome","item":"https:\/\/www.ilnotiziario.net\/wp\/"},{"@type":"ListItem","position":2,"name":"Che cosa ha detto Dio a Lorenzo, Daniela e Fabio: l&#8217;omelia dell\u2019arcivescovo Delpini a Paderno Dugnano"}]},{"@type":"WebSite","@id":"https:\/\/www.ilnotiziario.net\/wp\/#website","url":"https:\/\/www.ilnotiziario.net\/wp\/","name":"Il Notiziario","description":"Per restare sempre connessi alla notizia","publisher":{"@id":"https:\/\/www.ilnotiziario.net\/wp\/#organization"},"alternateName":"Il Notiziario Bollate","potentialAction":[{"@type":"SearchAction","target":{"@type":"EntryPoint","urlTemplate":"https:\/\/www.ilnotiziario.net\/wp\/?s={search_term_string}"},"query-input":{"@type":"PropertyValueSpecification","valueRequired":true,"valueName":"search_term_string"}}],"inLanguage":"it-IT"},{"@type":"Organization","@id":"https:\/\/www.ilnotiziario.net\/wp\/#organization","name":"Il Notiziario","url":"https:\/\/www.ilnotiziario.net\/wp\/","logo":{"@type":"ImageObject","inLanguage":"it-IT","@id":"https:\/\/www.ilnotiziario.net\/wp\/#\/schema\/logo\/image\/","url":"https:\/\/www.ilnotiziario.net\/wp\/wp-content\/uploads\/2022\/06\/170x170ilN.png","contentUrl":"https:\/\/www.ilnotiziario.net\/wp\/wp-content\/uploads\/2022\/06\/170x170ilN.png","width":355,"height":355,"caption":"Il Notiziario"},"image":{"@id":"https:\/\/www.ilnotiziario.net\/wp\/#\/schema\/logo\/image\/"},"sameAs":["https:\/\/www.facebook.com\/ilnotiziarioind\/","https:\/\/x.com\/ilNotiziarioInd","https:\/\/www.instagram.com\/ilnotiziario_settimanale\/"]},{"@type":"Person","@id":"https:\/\/www.ilnotiziario.net\/wp\/#\/schema\/person\/386e222908f898bb41c033989482bbf2","name":"Gabriele Bassani","image":{"@type":"ImageObject","inLanguage":"it-IT","@id":"https:\/\/secure.gravatar.com\/avatar\/09274f4a84fa97698bde56f84b3afed61c8492d48b0550db9671b68c177479cb?s=96&d=mm&r=g","url":"https:\/\/secure.gravatar.com\/avatar\/09274f4a84fa97698bde56f84b3afed61c8492d48b0550db9671b68c177479cb?s=96&d=mm&r=g","contentUrl":"https:\/\/secure.gravatar.com\/avatar\/09274f4a84fa97698bde56f84b3afed61c8492d48b0550db9671b68c177479cb?s=96&d=mm&r=g","caption":"Gabriele Bassani"},"sameAs":["http:\/\/www.ilnotiziario.net"]}]}},"_links":{"self":[{"href":"https:\/\/www.ilnotiziario.net\/wp\/wp-json\/wp\/v2\/posts\/199261","targetHints":{"allow":["GET"]}}],"collection":[{"href":"https:\/\/www.ilnotiziario.net\/wp\/wp-json\/wp\/v2\/posts"}],"about":[{"href":"https:\/\/www.ilnotiziario.net\/wp\/wp-json\/wp\/v2\/types\/post"}],"author":[{"embeddable":true,"href":"https:\/\/www.ilnotiziario.net\/wp\/wp-json\/wp\/v2\/users\/3"}],"replies":[{"embeddable":true,"href":"https:\/\/www.ilnotiziario.net\/wp\/wp-json\/wp\/v2\/comments?post=199261"}],"version-history":[{"count":0,"href":"https:\/\/www.ilnotiziario.net\/wp\/wp-json\/wp\/v2\/posts\/199261\/revisions"}],"wp:featuredmedia":[{"embeddable":true,"href":"https:\/\/www.ilnotiziario.net\/wp\/wp-json\/wp\/v2\/media\/199257"}],"wp:attachment":[{"href":"https:\/\/www.ilnotiziario.net\/wp\/wp-json\/wp\/v2\/media?parent=199261"}],"wp:term":[{"taxonomy":"category","embeddable":true,"href":"https:\/\/www.ilnotiziario.net\/wp\/wp-json\/wp\/v2\/categories?post=199261"},{"taxonomy":"post_tag","embeddable":true,"href":"https:\/\/www.ilnotiziario.net\/wp\/wp-json\/wp\/v2\/tags?post=199261"}],"curies":[{"name":"wp","href":"https:\/\/api.w.org\/{rel}","templated":true}]}}