{"id":199810,"date":"2024-09-30T18:58:55","date_gmt":"2024-09-30T16:58:55","guid":{"rendered":"https:\/\/www.ilnotiziario.net\/wp\/?p=199810"},"modified":"2024-09-30T19:09:18","modified_gmt":"2024-09-30T17:09:18","slug":"a-uboldo-arrivano-t-red-sulla-saronnese","status":"publish","type":"post","link":"https:\/\/www.ilnotiziario.net\/wp\/prima-pagina\/a-uboldo-arrivano-t-red-sulla-saronnese\/","title":{"rendered":"Multe a Uboldo sulla Saronnese a chi passa col rosso: in arrivo i t-red ai semafori"},"content":{"rendered":"<p>Troppi rischi per chi passa col rosso: polizia locale e amministrazione comunale di Uboldo hanno dovuto prendere la decisione di reintrodurre i T-Red. <strong>Posizionati una ventina di anni fa e poi tolti<\/strong>, stanno per tornare sulla Saronnese i famigerati semafori intelligenti, che fotografano e multano i trasgressori.<\/p><div id=\"ilnot-1459551697\" class=\"ilnot-contenuto ilnot-entity-placement\"><p><!-- incontent_1 --><\/p>\n<div class=\"gptslot\" data-adunitid=\"1\"><\/div>\n<\/div>\n<p>L\u2019incrocio \u00e8 quello <strong>fra via 4 Novembre, via Dell\u2019Acqua e via Sanzio<\/strong>, dov\u2019\u00e8 stata riscontrata una particolare pericolosit\u00e0, come dimostrano i continui incidenti. Tanto pi\u00f9 considerando che la Saronnese \u00e8 una strada molto trafficata (passano 7 milioni di veicoli all\u2019anno) e ci sono parecchi pedoni e ciclisti che attraversano dal rione al di l\u00e0 dell\u2019ex provinciale.<\/p>\n<h2>Prevista una multa ogni 3mila passaggi: 180mila euro di incassi l&#8217;anno&nbsp;<\/h2>\n<p>I T-Red arriveranno da inizio 2025. \u201cIl noleggio degli impianti per il primo anno ci coster\u00e0 50mila euro \u2013 spiega l\u2019assessore alla Sicurezza Matteo Croci &#8211; Come previsione prudenziale delle multe abbiamo previsto 180mila euro per il primo anno\u201d. Come si \u00e8 arrivati a questa stima? \u201cSu quell\u2019incrocio transitano ogni settimana dai 110 ai 130mila veicoli; la media delle statistiche registra un passaggio col rosso ogni mille conducenti, ma noi abbiamo ipotizzato un\u2019infrazione ogni 3mila. <strong>La sanzione \u00e8 di&nbsp;167 euro<\/strong> (116,90 se pagata entro cinque giorni), oltre alla <strong>decurtazione di 6 punti<\/strong> dalla patente, che diventano 10 se si \u00e8 patentati da meno di tre anni. Di notte, <strong>fra le 22 e le 7 del mattino, l\u2019importo sale a 222 euro.<\/strong><\/p><div id=\"ilnot-199069932\" class=\"ilnot-contenuto_2 ilnot-entity-placement\"><div class=\"ads-wrapper\">\n<div class=\"ad-slot\">\n   <div id=\"ilnot-3179960285\" style=\"margin-right: auto;margin-left: auto;text-align: center;width: 320px;height: 100px;\"><a href=\"https:\/\/www.scuolasicurezza.it\/\"><img decoding=\"async\" src=\"https:\/\/www.ilnotiziario.net\/wp\/wp-content\/uploads\/2026\/04\/IlNotiziario_banner-sito-e-newsletter-320-x-100-px-1.gif\" alt=\"\"><\/a><\/div>\n  <\/div>\n<div class=\"ad-slot\">\n   <div id=\"ilnot-3256484297\" style=\"float: right;width: 320px;height: 100px;\"><a href=\"https:\/\/cedamitalia.it\/\"><img decoding=\"async\" src=\"https:\/\/www.ilnotiziario.net\/wp\/wp-content\/uploads\/2026\/04\/banner_cedam_320x100_OK.gif\" alt=\"Cedam\"><\/a><\/div><\/p><\/div>\n<\/div>\n<\/div>\n<p>Sfoglia l\u2019edizione digitale del notiziario su Pc, smartphone tablet, direttamente dal nostro sito&nbsp;<a href=\"http:\/\/edicola.ilnotiziario.net\/\"><strong>edicola.ilnotiziario.net&nbsp;<\/strong><\/a><\/p>\n<p>Condividi questo articolo!<\/p>\n","protected":false},"excerpt":{"rendered":"<p>Troppi rischi per chi passa col rosso: polizia locale e amministrazione comunale di Uboldo hanno dovuto prendere la decisione di reintrodurre i T-Red. Posizionati una ventina di anni fa e poi tolti, stanno per tornare sulla Saronnese i famigerati semafori intelligenti, che fotografano e multano i trasgressori. L\u2019incrocio \u00e8 quello fra via 4 Novembre, via<\/p>\n","protected":false},"author":6,"featured_media":199811,"comment_status":"closed","ping_status":"closed","sticky":false,"template":"","format":"standard","meta":{"footnotes":""},"categories":[20,13],"tags":[525,942,60],"class_list":{"0":"post-199810","1":"post","2":"type-post","3":"status-publish","4":"format-standard","5":"has-post-thumbnail","7":"category-prima-pagina","8":"category-saronnese","9":"tag-multe","10":"tag-t-red","11":"tag-uboldo"},"yoast_head":"<!-- This site is optimized with the Yoast SEO plugin v27.4 - https:\/\/yoast.com\/product\/yoast-seo-wordpress\/ -->\n<title>Multe a Uboldo sulla Saronnese a chi passa col rosso: in arrivo i t-red ai semafori<\/title>\n<meta name=\"description\" content=\"Troppi rischi per chi passa col rosso: polizia locale e amministrazione di Uboldo hanno dovuto prendere la decisione di reintrodurre i T-Red\" \/>\n<meta name=\"robots\" content=\"index, follow, max-snippet:-1, max-image-preview:large, max-video-preview:-1\" \/>\n<link rel=\"canonical\" href=\"https:\/\/www.ilnotiziario.net\/wp\/prima-pagina\/a-uboldo-arrivano-t-red-sulla-saronnese\/\" \/>\n<meta property=\"og:locale\" content=\"it_IT\" \/>\n<meta property=\"og:type\" content=\"article\" \/>\n<meta property=\"og:title\" content=\"Multe a Uboldo sulla Saronnese a chi passa col rosso: in arrivo i t-red ai semafori\" \/>\n<meta property=\"og:description\" content=\"Troppi rischi per chi passa col rosso: polizia locale e amministrazione di Uboldo hanno dovuto prendere la decisione di reintrodurre i T-Red\" \/>\n<meta property=\"og:url\" content=\"https:\/\/www.ilnotiziario.net\/wp\/prima-pagina\/a-uboldo-arrivano-t-red-sulla-saronnese\/\" \/>\n<meta property=\"og:site_name\" content=\"Il Notiziario\" \/>\n<meta property=\"article:publisher\" content=\"https:\/\/www.facebook.com\/ilnotiziarioind\/\" \/>\n<meta property=\"article:published_time\" content=\"2024-09-30T16:58:55+00:00\" \/>\n<meta property=\"article:modified_time\" content=\"2024-09-30T17:09:18+00:00\" \/>\n<meta property=\"og:image\" content=\"https:\/\/www.ilnotiziario.net\/wp\/wp-content\/uploads\/2024\/09\/incrocio-1.jpg\" \/>\n\t<meta property=\"og:image:width\" content=\"1600\" \/>\n\t<meta property=\"og:image:height\" content=\"1112\" \/>\n\t<meta property=\"og:image:type\" content=\"image\/jpeg\" \/>\n<meta name=\"author\" content=\"Stefano Di Maria\" \/>\n<meta name=\"twitter:card\" content=\"summary_large_image\" \/>\n<meta name=\"twitter:creator\" content=\"@ilNotiziarioInd\" \/>\n<meta name=\"twitter:site\" content=\"@ilNotiziarioInd\" \/>\n<meta name=\"twitter:label1\" content=\"Scritto da\" \/>\n\t<meta name=\"twitter:data1\" content=\"Stefano Di Maria\" \/>\n\t<meta name=\"twitter:label2\" content=\"Tempo di lettura stimato\" \/>\n\t<meta name=\"twitter:data2\" content=\"2 minuti\" \/>\n<script type=\"application\/ld+json\" class=\"yoast-schema-graph\">{\"@context\":\"https:\\\/\\\/schema.org\",\"@graph\":[{\"@type\":\"Article\",\"@id\":\"https:\\\/\\\/www.ilnotiziario.net\\\/wp\\\/prima-pagina\\\/a-uboldo-arrivano-t-red-sulla-saronnese\\\/#article\",\"isPartOf\":{\"@id\":\"https:\\\/\\\/www.ilnotiziario.net\\\/wp\\\/prima-pagina\\\/a-uboldo-arrivano-t-red-sulla-saronnese\\\/\"},\"author\":{\"name\":\"Stefano Di Maria\",\"@id\":\"https:\\\/\\\/www.ilnotiziario.net\\\/wp\\\/#\\\/schema\\\/person\\\/82fdd8795bbed42a4164047853b6efe7\"},\"headline\":\"Multe a Uboldo sulla Saronnese a chi passa col rosso: in arrivo i t-red ai semafori\",\"datePublished\":\"2024-09-30T16:58:55+00:00\",\"dateModified\":\"2024-09-30T17:09:18+00:00\",\"mainEntityOfPage\":{\"@id\":\"https:\\\/\\\/www.ilnotiziario.net\\\/wp\\\/prima-pagina\\\/a-uboldo-arrivano-t-red-sulla-saronnese\\\/\"},\"wordCount\":268,\"publisher\":{\"@id\":\"https:\\\/\\\/www.ilnotiziario.net\\\/wp\\\/#organization\"},\"image\":{\"@id\":\"https:\\\/\\\/www.ilnotiziario.net\\\/wp\\\/prima-pagina\\\/a-uboldo-arrivano-t-red-sulla-saronnese\\\/#primaryimage\"},\"thumbnailUrl\":\"https:\\\/\\\/www.ilnotiziario.net\\\/wp\\\/wp-content\\\/uploads\\\/2024\\\/09\\\/incrocio-1.jpg\",\"keywords\":[\"multe\",\"t-red\",\"Uboldo\"],\"articleSection\":[\"Prima Pagina\",\"SARONNESE\"],\"inLanguage\":\"it-IT\"},{\"@type\":\"WebPage\",\"@id\":\"https:\\\/\\\/www.ilnotiziario.net\\\/wp\\\/prima-pagina\\\/a-uboldo-arrivano-t-red-sulla-saronnese\\\/\",\"url\":\"https:\\\/\\\/www.ilnotiziario.net\\\/wp\\\/prima-pagina\\\/a-uboldo-arrivano-t-red-sulla-saronnese\\\/\",\"name\":\"Multe a Uboldo sulla Saronnese a chi passa col rosso: in arrivo i t-red ai semafori\",\"isPartOf\":{\"@id\":\"https:\\\/\\\/www.ilnotiziario.net\\\/wp\\\/#website\"},\"primaryImageOfPage\":{\"@id\":\"https:\\\/\\\/www.ilnotiziario.net\\\/wp\\\/prima-pagina\\\/a-uboldo-arrivano-t-red-sulla-saronnese\\\/#primaryimage\"},\"image\":{\"@id\":\"https:\\\/\\\/www.ilnotiziario.net\\\/wp\\\/prima-pagina\\\/a-uboldo-arrivano-t-red-sulla-saronnese\\\/#primaryimage\"},\"thumbnailUrl\":\"https:\\\/\\\/www.ilnotiziario.net\\\/wp\\\/wp-content\\\/uploads\\\/2024\\\/09\\\/incrocio-1.jpg\",\"datePublished\":\"2024-09-30T16:58:55+00:00\",\"dateModified\":\"2024-09-30T17:09:18+00:00\",\"description\":\"Troppi rischi per chi passa col rosso: polizia locale e amministrazione di Uboldo hanno dovuto prendere la decisione di reintrodurre i T-Red\",\"breadcrumb\":{\"@id\":\"https:\\\/\\\/www.ilnotiziario.net\\\/wp\\\/prima-pagina\\\/a-uboldo-arrivano-t-red-sulla-saronnese\\\/#breadcrumb\"},\"inLanguage\":\"it-IT\",\"potentialAction\":[{\"@type\":\"ReadAction\",\"target\":[\"https:\\\/\\\/www.ilnotiziario.net\\\/wp\\\/prima-pagina\\\/a-uboldo-arrivano-t-red-sulla-saronnese\\\/\"]}]},{\"@type\":\"ImageObject\",\"inLanguage\":\"it-IT\",\"@id\":\"https:\\\/\\\/www.ilnotiziario.net\\\/wp\\\/prima-pagina\\\/a-uboldo-arrivano-t-red-sulla-saronnese\\\/#primaryimage\",\"url\":\"https:\\\/\\\/www.ilnotiziario.net\\\/wp\\\/wp-content\\\/uploads\\\/2024\\\/09\\\/incrocio-1.jpg\",\"contentUrl\":\"https:\\\/\\\/www.ilnotiziario.net\\\/wp\\\/wp-content\\\/uploads\\\/2024\\\/09\\\/incrocio-1.jpg\",\"width\":1600,\"height\":1112,\"caption\":\"L'incrocio semaforico della Saronnese\"},{\"@type\":\"BreadcrumbList\",\"@id\":\"https:\\\/\\\/www.ilnotiziario.net\\\/wp\\\/prima-pagina\\\/a-uboldo-arrivano-t-red-sulla-saronnese\\\/#breadcrumb\",\"itemListElement\":[{\"@type\":\"ListItem\",\"position\":1,\"name\":\"tds_text_logo_tagline_colortds_text_logo_tagline_colortds_text_logo_tagline_colortds_text_logo_tagline_colortd_module_7_title_excerpttd_module_7_title_excerpttd_module_7_title_excerpttd_module_7_title_excerptHome\",\"item\":\"https:\\\/\\\/www.ilnotiziario.net\\\/wp\\\/\"},{\"@type\":\"ListItem\",\"position\":2,\"name\":\"Multe a Uboldo sulla Saronnese a chi passa col rosso: in arrivo i t-red ai semafori\"}]},{\"@type\":\"WebSite\",\"@id\":\"https:\\\/\\\/www.ilnotiziario.net\\\/wp\\\/#website\",\"url\":\"https:\\\/\\\/www.ilnotiziario.net\\\/wp\\\/\",\"name\":\"Il Notiziario\",\"description\":\"Per restare sempre connessi alla notizia\",\"publisher\":{\"@id\":\"https:\\\/\\\/www.ilnotiziario.net\\\/wp\\\/#organization\"},\"alternateName\":\"Il Notiziario Bollate\",\"potentialAction\":[{\"@type\":\"SearchAction\",\"target\":{\"@type\":\"EntryPoint\",\"urlTemplate\":\"https:\\\/\\\/www.ilnotiziario.net\\\/wp\\\/?s={search_term_string}\"},\"query-input\":{\"@type\":\"PropertyValueSpecification\",\"valueRequired\":true,\"valueName\":\"search_term_string\"}}],\"inLanguage\":\"it-IT\"},{\"@type\":\"Organization\",\"@id\":\"https:\\\/\\\/www.ilnotiziario.net\\\/wp\\\/#organization\",\"name\":\"Il Notiziario\",\"url\":\"https:\\\/\\\/www.ilnotiziario.net\\\/wp\\\/\",\"logo\":{\"@type\":\"ImageObject\",\"inLanguage\":\"it-IT\",\"@id\":\"https:\\\/\\\/www.ilnotiziario.net\\\/wp\\\/#\\\/schema\\\/logo\\\/image\\\/\",\"url\":\"https:\\\/\\\/www.ilnotiziario.net\\\/wp\\\/wp-content\\\/uploads\\\/2022\\\/06\\\/170x170ilN.png\",\"contentUrl\":\"https:\\\/\\\/www.ilnotiziario.net\\\/wp\\\/wp-content\\\/uploads\\\/2022\\\/06\\\/170x170ilN.png\",\"width\":355,\"height\":355,\"caption\":\"Il Notiziario\"},\"image\":{\"@id\":\"https:\\\/\\\/www.ilnotiziario.net\\\/wp\\\/#\\\/schema\\\/logo\\\/image\\\/\"},\"sameAs\":[\"https:\\\/\\\/www.facebook.com\\\/ilnotiziarioind\\\/\",\"https:\\\/\\\/x.com\\\/ilNotiziarioInd\",\"https:\\\/\\\/www.instagram.com\\\/ilnotiziario_settimanale\\\/\"]},{\"@type\":\"Person\",\"@id\":\"https:\\\/\\\/www.ilnotiziario.net\\\/wp\\\/#\\\/schema\\\/person\\\/82fdd8795bbed42a4164047853b6efe7\",\"name\":\"Stefano Di Maria\",\"image\":{\"@type\":\"ImageObject\",\"inLanguage\":\"it-IT\",\"@id\":\"https:\\\/\\\/secure.gravatar.com\\\/avatar\\\/b3163d1e75da759bd0a681248e88a87d84bdd563fec9b060a3ae82742880745a?s=96&d=mm&r=g\",\"url\":\"https:\\\/\\\/secure.gravatar.com\\\/avatar\\\/b3163d1e75da759bd0a681248e88a87d84bdd563fec9b060a3ae82742880745a?s=96&d=mm&r=g\",\"contentUrl\":\"https:\\\/\\\/secure.gravatar.com\\\/avatar\\\/b3163d1e75da759bd0a681248e88a87d84bdd563fec9b060a3ae82742880745a?s=96&d=mm&r=g\",\"caption\":\"Stefano Di Maria\"},\"sameAs\":[\"http:\\\/\\\/www.ilnotiziario.net\"]}]}<\/script>\n<!-- \/ Yoast SEO plugin. -->","yoast_head_json":{"title":"Multe a Uboldo sulla Saronnese a chi passa col rosso: in arrivo i t-red ai semafori","description":"Troppi rischi per chi passa col rosso: polizia locale e amministrazione di Uboldo hanno dovuto prendere la decisione di reintrodurre i T-Red","robots":{"index":"index","follow":"follow","max-snippet":"max-snippet:-1","max-image-preview":"max-image-preview:large","max-video-preview":"max-video-preview:-1"},"canonical":"https:\/\/www.ilnotiziario.net\/wp\/prima-pagina\/a-uboldo-arrivano-t-red-sulla-saronnese\/","og_locale":"it_IT","og_type":"article","og_title":"Multe a Uboldo sulla Saronnese a chi passa col rosso: in arrivo i t-red ai semafori","og_description":"Troppi rischi per chi passa col rosso: polizia locale e amministrazione di Uboldo hanno dovuto prendere la decisione di reintrodurre i T-Red","og_url":"https:\/\/www.ilnotiziario.net\/wp\/prima-pagina\/a-uboldo-arrivano-t-red-sulla-saronnese\/","og_site_name":"Il Notiziario","article_publisher":"https:\/\/www.facebook.com\/ilnotiziarioind\/","article_published_time":"2024-09-30T16:58:55+00:00","article_modified_time":"2024-09-30T17:09:18+00:00","og_image":[{"width":1600,"height":1112,"url":"https:\/\/www.ilnotiziario.net\/wp\/wp-content\/uploads\/2024\/09\/incrocio-1.jpg","type":"image\/jpeg"}],"author":"Stefano Di Maria","twitter_card":"summary_large_image","twitter_creator":"@ilNotiziarioInd","twitter_site":"@ilNotiziarioInd","twitter_misc":{"Scritto da":"Stefano Di Maria","Tempo di lettura stimato":"2 minuti"},"schema":{"@context":"https:\/\/schema.org","@graph":[{"@type":"Article","@id":"https:\/\/www.ilnotiziario.net\/wp\/prima-pagina\/a-uboldo-arrivano-t-red-sulla-saronnese\/#article","isPartOf":{"@id":"https:\/\/www.ilnotiziario.net\/wp\/prima-pagina\/a-uboldo-arrivano-t-red-sulla-saronnese\/"},"author":{"name":"Stefano Di Maria","@id":"https:\/\/www.ilnotiziario.net\/wp\/#\/schema\/person\/82fdd8795bbed42a4164047853b6efe7"},"headline":"Multe a Uboldo sulla Saronnese a chi passa col rosso: in arrivo i t-red ai semafori","datePublished":"2024-09-30T16:58:55+00:00","dateModified":"2024-09-30T17:09:18+00:00","mainEntityOfPage":{"@id":"https:\/\/www.ilnotiziario.net\/wp\/prima-pagina\/a-uboldo-arrivano-t-red-sulla-saronnese\/"},"wordCount":268,"publisher":{"@id":"https:\/\/www.ilnotiziario.net\/wp\/#organization"},"image":{"@id":"https:\/\/www.ilnotiziario.net\/wp\/prima-pagina\/a-uboldo-arrivano-t-red-sulla-saronnese\/#primaryimage"},"thumbnailUrl":"https:\/\/www.ilnotiziario.net\/wp\/wp-content\/uploads\/2024\/09\/incrocio-1.jpg","keywords":["multe","t-red","Uboldo"],"articleSection":["Prima Pagina","SARONNESE"],"inLanguage":"it-IT"},{"@type":"WebPage","@id":"https:\/\/www.ilnotiziario.net\/wp\/prima-pagina\/a-uboldo-arrivano-t-red-sulla-saronnese\/","url":"https:\/\/www.ilnotiziario.net\/wp\/prima-pagina\/a-uboldo-arrivano-t-red-sulla-saronnese\/","name":"Multe a Uboldo sulla Saronnese a chi passa col rosso: in arrivo i t-red ai semafori","isPartOf":{"@id":"https:\/\/www.ilnotiziario.net\/wp\/#website"},"primaryImageOfPage":{"@id":"https:\/\/www.ilnotiziario.net\/wp\/prima-pagina\/a-uboldo-arrivano-t-red-sulla-saronnese\/#primaryimage"},"image":{"@id":"https:\/\/www.ilnotiziario.net\/wp\/prima-pagina\/a-uboldo-arrivano-t-red-sulla-saronnese\/#primaryimage"},"thumbnailUrl":"https:\/\/www.ilnotiziario.net\/wp\/wp-content\/uploads\/2024\/09\/incrocio-1.jpg","datePublished":"2024-09-30T16:58:55+00:00","dateModified":"2024-09-30T17:09:18+00:00","description":"Troppi rischi per chi passa col rosso: polizia locale e amministrazione di Uboldo hanno dovuto prendere la decisione di reintrodurre i T-Red","breadcrumb":{"@id":"https:\/\/www.ilnotiziario.net\/wp\/prima-pagina\/a-uboldo-arrivano-t-red-sulla-saronnese\/#breadcrumb"},"inLanguage":"it-IT","potentialAction":[{"@type":"ReadAction","target":["https:\/\/www.ilnotiziario.net\/wp\/prima-pagina\/a-uboldo-arrivano-t-red-sulla-saronnese\/"]}]},{"@type":"ImageObject","inLanguage":"it-IT","@id":"https:\/\/www.ilnotiziario.net\/wp\/prima-pagina\/a-uboldo-arrivano-t-red-sulla-saronnese\/#primaryimage","url":"https:\/\/www.ilnotiziario.net\/wp\/wp-content\/uploads\/2024\/09\/incrocio-1.jpg","contentUrl":"https:\/\/www.ilnotiziario.net\/wp\/wp-content\/uploads\/2024\/09\/incrocio-1.jpg","width":1600,"height":1112,"caption":"L'incrocio semaforico della Saronnese"},{"@type":"BreadcrumbList","@id":"https:\/\/www.ilnotiziario.net\/wp\/prima-pagina\/a-uboldo-arrivano-t-red-sulla-saronnese\/#breadcrumb","itemListElement":[{"@type":"ListItem","position":1,"name":"tds_text_logo_tagline_colortds_text_logo_tagline_colortds_text_logo_tagline_colortds_text_logo_tagline_colortd_module_7_title_excerpttd_module_7_title_excerpttd_module_7_title_excerpttd_module_7_title_excerptHome","item":"https:\/\/www.ilnotiziario.net\/wp\/"},{"@type":"ListItem","position":2,"name":"Multe a Uboldo sulla Saronnese a chi passa col rosso: in arrivo i t-red ai semafori"}]},{"@type":"WebSite","@id":"https:\/\/www.ilnotiziario.net\/wp\/#website","url":"https:\/\/www.ilnotiziario.net\/wp\/","name":"Il Notiziario","description":"Per restare sempre connessi alla notizia","publisher":{"@id":"https:\/\/www.ilnotiziario.net\/wp\/#organization"},"alternateName":"Il Notiziario Bollate","potentialAction":[{"@type":"SearchAction","target":{"@type":"EntryPoint","urlTemplate":"https:\/\/www.ilnotiziario.net\/wp\/?s={search_term_string}"},"query-input":{"@type":"PropertyValueSpecification","valueRequired":true,"valueName":"search_term_string"}}],"inLanguage":"it-IT"},{"@type":"Organization","@id":"https:\/\/www.ilnotiziario.net\/wp\/#organization","name":"Il Notiziario","url":"https:\/\/www.ilnotiziario.net\/wp\/","logo":{"@type":"ImageObject","inLanguage":"it-IT","@id":"https:\/\/www.ilnotiziario.net\/wp\/#\/schema\/logo\/image\/","url":"https:\/\/www.ilnotiziario.net\/wp\/wp-content\/uploads\/2022\/06\/170x170ilN.png","contentUrl":"https:\/\/www.ilnotiziario.net\/wp\/wp-content\/uploads\/2022\/06\/170x170ilN.png","width":355,"height":355,"caption":"Il Notiziario"},"image":{"@id":"https:\/\/www.ilnotiziario.net\/wp\/#\/schema\/logo\/image\/"},"sameAs":["https:\/\/www.facebook.com\/ilnotiziarioind\/","https:\/\/x.com\/ilNotiziarioInd","https:\/\/www.instagram.com\/ilnotiziario_settimanale\/"]},{"@type":"Person","@id":"https:\/\/www.ilnotiziario.net\/wp\/#\/schema\/person\/82fdd8795bbed42a4164047853b6efe7","name":"Stefano Di Maria","image":{"@type":"ImageObject","inLanguage":"it-IT","@id":"https:\/\/secure.gravatar.com\/avatar\/b3163d1e75da759bd0a681248e88a87d84bdd563fec9b060a3ae82742880745a?s=96&d=mm&r=g","url":"https:\/\/secure.gravatar.com\/avatar\/b3163d1e75da759bd0a681248e88a87d84bdd563fec9b060a3ae82742880745a?s=96&d=mm&r=g","contentUrl":"https:\/\/secure.gravatar.com\/avatar\/b3163d1e75da759bd0a681248e88a87d84bdd563fec9b060a3ae82742880745a?s=96&d=mm&r=g","caption":"Stefano Di Maria"},"sameAs":["http:\/\/www.ilnotiziario.net"]}]}},"_links":{"self":[{"href":"https:\/\/www.ilnotiziario.net\/wp\/wp-json\/wp\/v2\/posts\/199810","targetHints":{"allow":["GET"]}}],"collection":[{"href":"https:\/\/www.ilnotiziario.net\/wp\/wp-json\/wp\/v2\/posts"}],"about":[{"href":"https:\/\/www.ilnotiziario.net\/wp\/wp-json\/wp\/v2\/types\/post"}],"author":[{"embeddable":true,"href":"https:\/\/www.ilnotiziario.net\/wp\/wp-json\/wp\/v2\/users\/6"}],"replies":[{"embeddable":true,"href":"https:\/\/www.ilnotiziario.net\/wp\/wp-json\/wp\/v2\/comments?post=199810"}],"version-history":[{"count":0,"href":"https:\/\/www.ilnotiziario.net\/wp\/wp-json\/wp\/v2\/posts\/199810\/revisions"}],"wp:featuredmedia":[{"embeddable":true,"href":"https:\/\/www.ilnotiziario.net\/wp\/wp-json\/wp\/v2\/media\/199811"}],"wp:attachment":[{"href":"https:\/\/www.ilnotiziario.net\/wp\/wp-json\/wp\/v2\/media?parent=199810"}],"wp:term":[{"taxonomy":"category","embeddable":true,"href":"https:\/\/www.ilnotiziario.net\/wp\/wp-json\/wp\/v2\/categories?post=199810"},{"taxonomy":"post_tag","embeddable":true,"href":"https:\/\/www.ilnotiziario.net\/wp\/wp-json\/wp\/v2\/tags?post=199810"}],"curies":[{"name":"wp","href":"https:\/\/api.w.org\/{rel}","templated":true}]}}