{"id":200168,"date":"2024-10-10T09:39:11","date_gmt":"2024-10-10T07:39:11","guid":{"rendered":"https:\/\/www.ilnotiziario.net\/wp\/?p=200168"},"modified":"2024-10-10T09:39:11","modified_gmt":"2024-10-10T07:39:11","slug":"da-saronno-nel-cuore-delluragano-milton-in-florida-il-racconto-di-giuliano-sanvitale","status":"publish","type":"post","link":"https:\/\/www.ilnotiziario.net\/wp\/prima-pagina\/da-saronno-nel-cuore-delluragano-milton-in-florida-il-racconto-di-giuliano-sanvitale\/","title":{"rendered":"Da Saronno nel cuore dell&#8217;uragano Milton in Florida, il racconto di Giuliano Sanvitale"},"content":{"rendered":"<p>Uragano Milton in Florida: Giacomo Sanvitale, di Saronno, racconta la sua esperienza dal suo appartamento vicino a Tampa, dove vive ormai da qualche anno.<\/p><div id=\"ilnot-698805348\" class=\"ilnot-contenuto ilnot-entity-placement\"><p><!-- incontent_1 --><\/p>\n<div class=\"gptslot\" data-adunitid=\"1\"><\/div>\n<\/div>\n<h2>Giacomo Sanvitale da Saronno, in mezzo all&#8217;uragano Milton in Florida<\/h2>\n<p>Giacomo Sanvitale ha circa 120.000 follower su Instagram ma \u00e8 conosciuto da tempo nella comunit\u00e0 social specialmente dei pi\u00f9 giovani, per la sua esperienza di giocatore di calcio negli Usa.<\/p>\n<p>Giacomo studia al college e gioca in una squadra di calcio locale. La scelta di giocare a calcio negli Usa \u00e8 tra i motivi che lo hanno portato negli Stati Uniti \u00e8 proprio il calcio, <a href=\"https:\/\/www.ilnotiziario.net\/wp\/prima-pagina\/saronno-calciatore-professionista-in-usa-sanvitale-si-racconta-a-gazzoli-su-radio-deejay\/\"><strong>come aveva raccontato recentemente a Radio Deejay intervistato da Gianluca Gazzoli.<\/strong><\/a><\/p><div id=\"ilnot-1496386204\" class=\"ilnot-contenuto_2 ilnot-entity-placement\"><div class=\"ads-wrapper\">\n<div class=\"ad-slot\">\n   <div id=\"ilnot-262136301\" style=\"margin-right: auto;margin-left: auto;text-align: center;width: 320px;height: 100px;\"><a href=\"https:\/\/www.scuolasicurezza.it\/\"><img decoding=\"async\" src=\"https:\/\/www.ilnotiziario.net\/wp\/wp-content\/uploads\/2026\/04\/IlNotiziario_banner-sito-e-newsletter-320-x-100-px-1.gif\" alt=\"\"><\/a><\/div>\n  <\/div>\n<div class=\"ad-slot\">\n   <div id=\"ilnot-3140441013\" style=\"margin-right: auto;margin-left: auto;text-align: center;width: 320px;height: 100px;\"><a href=\"https:\/\/purodesignarredamenti.com\/\"><img decoding=\"async\" src=\"https:\/\/www.ilnotiziario.net\/wp\/wp-content\/uploads\/2026\/04\/banner-puro-ok.gif\" alt=\"whatsapp\"><\/a><\/div><\/p><\/div>\n<\/div>\n<\/div>\n<p>Sanvitale ha postato qualche ora fa un video in cui mostra la casa al buio, la corrente staccata e l\u2019acqua che sta iniziando a infiltrarsi dalle finestre e dalle porte: \u201cSiamo ufficialmente al buio, stiamo usando le candele. Un po\u2019 di acqua sta entrando in casa. Sar\u00e0 una notte pesante l\u2019uragano penso sia sopra di noi. Senza luce, senza nulla. Speriamo bene\u201d.<\/p>\n<p>Giacomo non \u00e8 il solo italiano a raccontare cosa sta succedendo in Florida. A Orlando c\u2019\u00e8 anche Alessandro Della Giusta, un creator molto seguito sui social. Anche lui ha mostrato quello che sta succedendo in queste ore anche se a Orlando l\u2019impatto dell\u2019uragano \u00e8 pi\u00f9 leggero rispetto a Tampa.<\/p>\n","protected":false},"excerpt":{"rendered":"<p>Uragano Milton in Florida: Giacomo Sanvitale, di Saronno, racconta la sua esperienza dal suo appartamento vicino a Tampa, dove vive ormai da qualche anno. Giacomo Sanvitale da Saronno, in mezzo all&#8217;uragano Milton in Florida Giacomo Sanvitale ha circa 120.000 follower su Instagram ma \u00e8 conosciuto da tempo nella comunit\u00e0 social specialmente dei pi\u00f9 giovani, per<\/p>\n","protected":false},"author":3,"featured_media":200169,"comment_status":"closed","ping_status":"closed","sticky":false,"template":"","format":"standard","meta":{"footnotes":""},"categories":[20,14,16],"tags":[793,17195,16435,56,17194],"class_list":{"0":"post-200168","1":"post","2":"type-post","3":"status-publish","4":"format-standard","5":"has-post-thumbnail","7":"category-prima-pagina","8":"category-saronno","9":"category-storie","10":"tag-florida","11":"tag-milton","12":"tag-sanvitale","13":"tag-saronno-2","14":"tag-uragano"},"yoast_head":"<!-- This site is optimized with the Yoast SEO plugin v27.4 - https:\/\/yoast.com\/product\/yoast-seo-wordpress\/ -->\n<title>Da Saronno nel cuore dell&#039;uragano Milton in Florida, il racconto di Giuliano Sanvitale - Il Notiziario<\/title>\n<meta name=\"description\" content=\"Uragano Milton in Florida: Giacomo Sanvitale, di Saronno, racconta la sua esperienza dal suo appartamento vicino a Tampa, dove vive ormai da qualche anno.\" \/>\n<meta name=\"robots\" content=\"index, follow, max-snippet:-1, max-image-preview:large, max-video-preview:-1\" \/>\n<link rel=\"canonical\" href=\"https:\/\/www.ilnotiziario.net\/wp\/prima-pagina\/da-saronno-nel-cuore-delluragano-milton-in-florida-il-racconto-di-giuliano-sanvitale\/\" \/>\n<meta property=\"og:locale\" content=\"it_IT\" \/>\n<meta property=\"og:type\" content=\"article\" \/>\n<meta property=\"og:title\" content=\"Da Saronno nel cuore dell&#039;uragano Milton in Florida, il racconto di Giuliano Sanvitale - Il Notiziario\" \/>\n<meta property=\"og:description\" content=\"Uragano Milton in Florida: Giacomo Sanvitale, di Saronno, racconta la sua esperienza dal suo appartamento vicino a Tampa, dove vive ormai da qualche anno.\" \/>\n<meta property=\"og:url\" content=\"https:\/\/www.ilnotiziario.net\/wp\/prima-pagina\/da-saronno-nel-cuore-delluragano-milton-in-florida-il-racconto-di-giuliano-sanvitale\/\" \/>\n<meta property=\"og:site_name\" content=\"Il Notiziario\" \/>\n<meta property=\"article:publisher\" content=\"https:\/\/www.facebook.com\/ilnotiziarioind\/\" \/>\n<meta property=\"article:published_time\" content=\"2024-10-10T07:39:11+00:00\" \/>\n<meta property=\"og:image\" content=\"https:\/\/www.ilnotiziario.net\/wp\/wp-content\/uploads\/2024\/10\/sanvitale-Uragano.jpg\" \/>\n\t<meta property=\"og:image:width\" content=\"1920\" \/>\n\t<meta property=\"og:image:height\" content=\"1920\" \/>\n\t<meta property=\"og:image:type\" content=\"image\/jpeg\" \/>\n<meta name=\"author\" content=\"Gabriele Bassani\" \/>\n<meta name=\"twitter:card\" content=\"summary_large_image\" \/>\n<meta name=\"twitter:creator\" content=\"@ilNotiziarioInd\" \/>\n<meta name=\"twitter:site\" content=\"@ilNotiziarioInd\" \/>\n<meta name=\"twitter:label1\" content=\"Scritto da\" \/>\n\t<meta name=\"twitter:data1\" content=\"Gabriele Bassani\" \/>\n\t<meta name=\"twitter:label2\" content=\"Tempo di lettura stimato\" \/>\n\t<meta name=\"twitter:data2\" content=\"2 minuti\" \/>\n<script type=\"application\/ld+json\" class=\"yoast-schema-graph\">{\"@context\":\"https:\\\/\\\/schema.org\",\"@graph\":[{\"@type\":\"Article\",\"@id\":\"https:\\\/\\\/www.ilnotiziario.net\\\/wp\\\/prima-pagina\\\/da-saronno-nel-cuore-delluragano-milton-in-florida-il-racconto-di-giuliano-sanvitale\\\/#article\",\"isPartOf\":{\"@id\":\"https:\\\/\\\/www.ilnotiziario.net\\\/wp\\\/prima-pagina\\\/da-saronno-nel-cuore-delluragano-milton-in-florida-il-racconto-di-giuliano-sanvitale\\\/\"},\"author\":{\"name\":\"Gabriele Bassani\",\"@id\":\"https:\\\/\\\/www.ilnotiziario.net\\\/wp\\\/#\\\/schema\\\/person\\\/386e222908f898bb41c033989482bbf2\"},\"headline\":\"Da Saronno nel cuore dell&#8217;uragano Milton in Florida, il racconto di Giuliano Sanvitale\",\"datePublished\":\"2024-10-10T07:39:11+00:00\",\"mainEntityOfPage\":{\"@id\":\"https:\\\/\\\/www.ilnotiziario.net\\\/wp\\\/prima-pagina\\\/da-saronno-nel-cuore-delluragano-milton-in-florida-il-racconto-di-giuliano-sanvitale\\\/\"},\"wordCount\":234,\"publisher\":{\"@id\":\"https:\\\/\\\/www.ilnotiziario.net\\\/wp\\\/#organization\"},\"image\":{\"@id\":\"https:\\\/\\\/www.ilnotiziario.net\\\/wp\\\/prima-pagina\\\/da-saronno-nel-cuore-delluragano-milton-in-florida-il-racconto-di-giuliano-sanvitale\\\/#primaryimage\"},\"thumbnailUrl\":\"https:\\\/\\\/www.ilnotiziario.net\\\/wp\\\/wp-content\\\/uploads\\\/2024\\\/10\\\/sanvitale-Uragano.jpg\",\"keywords\":[\"Florida\",\"Milton\",\"sanvitale\",\"Saronno\",\"uragano\"],\"articleSection\":[\"Prima Pagina\",\"SARONNO\",\"STORIE\"],\"inLanguage\":\"it-IT\"},{\"@type\":\"WebPage\",\"@id\":\"https:\\\/\\\/www.ilnotiziario.net\\\/wp\\\/prima-pagina\\\/da-saronno-nel-cuore-delluragano-milton-in-florida-il-racconto-di-giuliano-sanvitale\\\/\",\"url\":\"https:\\\/\\\/www.ilnotiziario.net\\\/wp\\\/prima-pagina\\\/da-saronno-nel-cuore-delluragano-milton-in-florida-il-racconto-di-giuliano-sanvitale\\\/\",\"name\":\"Da Saronno nel cuore dell'uragano Milton in Florida, il racconto di Giuliano Sanvitale - Il Notiziario\",\"isPartOf\":{\"@id\":\"https:\\\/\\\/www.ilnotiziario.net\\\/wp\\\/#website\"},\"primaryImageOfPage\":{\"@id\":\"https:\\\/\\\/www.ilnotiziario.net\\\/wp\\\/prima-pagina\\\/da-saronno-nel-cuore-delluragano-milton-in-florida-il-racconto-di-giuliano-sanvitale\\\/#primaryimage\"},\"image\":{\"@id\":\"https:\\\/\\\/www.ilnotiziario.net\\\/wp\\\/prima-pagina\\\/da-saronno-nel-cuore-delluragano-milton-in-florida-il-racconto-di-giuliano-sanvitale\\\/#primaryimage\"},\"thumbnailUrl\":\"https:\\\/\\\/www.ilnotiziario.net\\\/wp\\\/wp-content\\\/uploads\\\/2024\\\/10\\\/sanvitale-Uragano.jpg\",\"datePublished\":\"2024-10-10T07:39:11+00:00\",\"description\":\"Uragano Milton in Florida: Giacomo Sanvitale, di Saronno, racconta la sua esperienza dal suo appartamento vicino a Tampa, dove vive ormai da qualche anno.\",\"breadcrumb\":{\"@id\":\"https:\\\/\\\/www.ilnotiziario.net\\\/wp\\\/prima-pagina\\\/da-saronno-nel-cuore-delluragano-milton-in-florida-il-racconto-di-giuliano-sanvitale\\\/#breadcrumb\"},\"inLanguage\":\"it-IT\",\"potentialAction\":[{\"@type\":\"ReadAction\",\"target\":[\"https:\\\/\\\/www.ilnotiziario.net\\\/wp\\\/prima-pagina\\\/da-saronno-nel-cuore-delluragano-milton-in-florida-il-racconto-di-giuliano-sanvitale\\\/\"]}]},{\"@type\":\"ImageObject\",\"inLanguage\":\"it-IT\",\"@id\":\"https:\\\/\\\/www.ilnotiziario.net\\\/wp\\\/prima-pagina\\\/da-saronno-nel-cuore-delluragano-milton-in-florida-il-racconto-di-giuliano-sanvitale\\\/#primaryimage\",\"url\":\"https:\\\/\\\/www.ilnotiziario.net\\\/wp\\\/wp-content\\\/uploads\\\/2024\\\/10\\\/sanvitale-Uragano.jpg\",\"contentUrl\":\"https:\\\/\\\/www.ilnotiziario.net\\\/wp\\\/wp-content\\\/uploads\\\/2024\\\/10\\\/sanvitale-Uragano.jpg\",\"width\":1920,\"height\":1920,\"caption\":\"Saronno uragano milton florida\"},{\"@type\":\"BreadcrumbList\",\"@id\":\"https:\\\/\\\/www.ilnotiziario.net\\\/wp\\\/prima-pagina\\\/da-saronno-nel-cuore-delluragano-milton-in-florida-il-racconto-di-giuliano-sanvitale\\\/#breadcrumb\",\"itemListElement\":[{\"@type\":\"ListItem\",\"position\":1,\"name\":\"tds_text_logo_tagline_colortds_text_logo_tagline_colortds_text_logo_tagline_colortds_text_logo_tagline_colortd_module_7_title_excerpttd_module_7_title_excerpttd_module_7_title_excerpttd_module_7_title_excerptHome\",\"item\":\"https:\\\/\\\/www.ilnotiziario.net\\\/wp\\\/\"},{\"@type\":\"ListItem\",\"position\":2,\"name\":\"Da Saronno nel cuore dell&#8217;uragano Milton in Florida, il racconto di Giuliano Sanvitale\"}]},{\"@type\":\"WebSite\",\"@id\":\"https:\\\/\\\/www.ilnotiziario.net\\\/wp\\\/#website\",\"url\":\"https:\\\/\\\/www.ilnotiziario.net\\\/wp\\\/\",\"name\":\"Il Notiziario\",\"description\":\"Per restare sempre connessi alla notizia\",\"publisher\":{\"@id\":\"https:\\\/\\\/www.ilnotiziario.net\\\/wp\\\/#organization\"},\"alternateName\":\"Il Notiziario Bollate\",\"potentialAction\":[{\"@type\":\"SearchAction\",\"target\":{\"@type\":\"EntryPoint\",\"urlTemplate\":\"https:\\\/\\\/www.ilnotiziario.net\\\/wp\\\/?s={search_term_string}\"},\"query-input\":{\"@type\":\"PropertyValueSpecification\",\"valueRequired\":true,\"valueName\":\"search_term_string\"}}],\"inLanguage\":\"it-IT\"},{\"@type\":\"Organization\",\"@id\":\"https:\\\/\\\/www.ilnotiziario.net\\\/wp\\\/#organization\",\"name\":\"Il Notiziario\",\"url\":\"https:\\\/\\\/www.ilnotiziario.net\\\/wp\\\/\",\"logo\":{\"@type\":\"ImageObject\",\"inLanguage\":\"it-IT\",\"@id\":\"https:\\\/\\\/www.ilnotiziario.net\\\/wp\\\/#\\\/schema\\\/logo\\\/image\\\/\",\"url\":\"https:\\\/\\\/www.ilnotiziario.net\\\/wp\\\/wp-content\\\/uploads\\\/2022\\\/06\\\/170x170ilN.png\",\"contentUrl\":\"https:\\\/\\\/www.ilnotiziario.net\\\/wp\\\/wp-content\\\/uploads\\\/2022\\\/06\\\/170x170ilN.png\",\"width\":355,\"height\":355,\"caption\":\"Il Notiziario\"},\"image\":{\"@id\":\"https:\\\/\\\/www.ilnotiziario.net\\\/wp\\\/#\\\/schema\\\/logo\\\/image\\\/\"},\"sameAs\":[\"https:\\\/\\\/www.facebook.com\\\/ilnotiziarioind\\\/\",\"https:\\\/\\\/x.com\\\/ilNotiziarioInd\",\"https:\\\/\\\/www.instagram.com\\\/ilnotiziario_settimanale\\\/\"]},{\"@type\":\"Person\",\"@id\":\"https:\\\/\\\/www.ilnotiziario.net\\\/wp\\\/#\\\/schema\\\/person\\\/386e222908f898bb41c033989482bbf2\",\"name\":\"Gabriele Bassani\",\"image\":{\"@type\":\"ImageObject\",\"inLanguage\":\"it-IT\",\"@id\":\"https:\\\/\\\/secure.gravatar.com\\\/avatar\\\/09274f4a84fa97698bde56f84b3afed61c8492d48b0550db9671b68c177479cb?s=96&d=mm&r=g\",\"url\":\"https:\\\/\\\/secure.gravatar.com\\\/avatar\\\/09274f4a84fa97698bde56f84b3afed61c8492d48b0550db9671b68c177479cb?s=96&d=mm&r=g\",\"contentUrl\":\"https:\\\/\\\/secure.gravatar.com\\\/avatar\\\/09274f4a84fa97698bde56f84b3afed61c8492d48b0550db9671b68c177479cb?s=96&d=mm&r=g\",\"caption\":\"Gabriele Bassani\"},\"sameAs\":[\"http:\\\/\\\/www.ilnotiziario.net\"]}]}<\/script>\n<!-- \/ Yoast SEO plugin. -->","yoast_head_json":{"title":"Da Saronno nel cuore dell'uragano Milton in Florida, il racconto di Giuliano Sanvitale - Il Notiziario","description":"Uragano Milton in Florida: Giacomo Sanvitale, di Saronno, racconta la sua esperienza dal suo appartamento vicino a Tampa, dove vive ormai da qualche anno.","robots":{"index":"index","follow":"follow","max-snippet":"max-snippet:-1","max-image-preview":"max-image-preview:large","max-video-preview":"max-video-preview:-1"},"canonical":"https:\/\/www.ilnotiziario.net\/wp\/prima-pagina\/da-saronno-nel-cuore-delluragano-milton-in-florida-il-racconto-di-giuliano-sanvitale\/","og_locale":"it_IT","og_type":"article","og_title":"Da Saronno nel cuore dell'uragano Milton in Florida, il racconto di Giuliano Sanvitale - Il Notiziario","og_description":"Uragano Milton in Florida: Giacomo Sanvitale, di Saronno, racconta la sua esperienza dal suo appartamento vicino a Tampa, dove vive ormai da qualche anno.","og_url":"https:\/\/www.ilnotiziario.net\/wp\/prima-pagina\/da-saronno-nel-cuore-delluragano-milton-in-florida-il-racconto-di-giuliano-sanvitale\/","og_site_name":"Il Notiziario","article_publisher":"https:\/\/www.facebook.com\/ilnotiziarioind\/","article_published_time":"2024-10-10T07:39:11+00:00","og_image":[{"width":1920,"height":1920,"url":"https:\/\/www.ilnotiziario.net\/wp\/wp-content\/uploads\/2024\/10\/sanvitale-Uragano.jpg","type":"image\/jpeg"}],"author":"Gabriele Bassani","twitter_card":"summary_large_image","twitter_creator":"@ilNotiziarioInd","twitter_site":"@ilNotiziarioInd","twitter_misc":{"Scritto da":"Gabriele Bassani","Tempo di lettura stimato":"2 minuti"},"schema":{"@context":"https:\/\/schema.org","@graph":[{"@type":"Article","@id":"https:\/\/www.ilnotiziario.net\/wp\/prima-pagina\/da-saronno-nel-cuore-delluragano-milton-in-florida-il-racconto-di-giuliano-sanvitale\/#article","isPartOf":{"@id":"https:\/\/www.ilnotiziario.net\/wp\/prima-pagina\/da-saronno-nel-cuore-delluragano-milton-in-florida-il-racconto-di-giuliano-sanvitale\/"},"author":{"name":"Gabriele Bassani","@id":"https:\/\/www.ilnotiziario.net\/wp\/#\/schema\/person\/386e222908f898bb41c033989482bbf2"},"headline":"Da Saronno nel cuore dell&#8217;uragano Milton in Florida, il racconto di Giuliano Sanvitale","datePublished":"2024-10-10T07:39:11+00:00","mainEntityOfPage":{"@id":"https:\/\/www.ilnotiziario.net\/wp\/prima-pagina\/da-saronno-nel-cuore-delluragano-milton-in-florida-il-racconto-di-giuliano-sanvitale\/"},"wordCount":234,"publisher":{"@id":"https:\/\/www.ilnotiziario.net\/wp\/#organization"},"image":{"@id":"https:\/\/www.ilnotiziario.net\/wp\/prima-pagina\/da-saronno-nel-cuore-delluragano-milton-in-florida-il-racconto-di-giuliano-sanvitale\/#primaryimage"},"thumbnailUrl":"https:\/\/www.ilnotiziario.net\/wp\/wp-content\/uploads\/2024\/10\/sanvitale-Uragano.jpg","keywords":["Florida","Milton","sanvitale","Saronno","uragano"],"articleSection":["Prima Pagina","SARONNO","STORIE"],"inLanguage":"it-IT"},{"@type":"WebPage","@id":"https:\/\/www.ilnotiziario.net\/wp\/prima-pagina\/da-saronno-nel-cuore-delluragano-milton-in-florida-il-racconto-di-giuliano-sanvitale\/","url":"https:\/\/www.ilnotiziario.net\/wp\/prima-pagina\/da-saronno-nel-cuore-delluragano-milton-in-florida-il-racconto-di-giuliano-sanvitale\/","name":"Da Saronno nel cuore dell'uragano Milton in Florida, il racconto di Giuliano Sanvitale - Il Notiziario","isPartOf":{"@id":"https:\/\/www.ilnotiziario.net\/wp\/#website"},"primaryImageOfPage":{"@id":"https:\/\/www.ilnotiziario.net\/wp\/prima-pagina\/da-saronno-nel-cuore-delluragano-milton-in-florida-il-racconto-di-giuliano-sanvitale\/#primaryimage"},"image":{"@id":"https:\/\/www.ilnotiziario.net\/wp\/prima-pagina\/da-saronno-nel-cuore-delluragano-milton-in-florida-il-racconto-di-giuliano-sanvitale\/#primaryimage"},"thumbnailUrl":"https:\/\/www.ilnotiziario.net\/wp\/wp-content\/uploads\/2024\/10\/sanvitale-Uragano.jpg","datePublished":"2024-10-10T07:39:11+00:00","description":"Uragano Milton in Florida: Giacomo Sanvitale, di Saronno, racconta la sua esperienza dal suo appartamento vicino a Tampa, dove vive ormai da qualche anno.","breadcrumb":{"@id":"https:\/\/www.ilnotiziario.net\/wp\/prima-pagina\/da-saronno-nel-cuore-delluragano-milton-in-florida-il-racconto-di-giuliano-sanvitale\/#breadcrumb"},"inLanguage":"it-IT","potentialAction":[{"@type":"ReadAction","target":["https:\/\/www.ilnotiziario.net\/wp\/prima-pagina\/da-saronno-nel-cuore-delluragano-milton-in-florida-il-racconto-di-giuliano-sanvitale\/"]}]},{"@type":"ImageObject","inLanguage":"it-IT","@id":"https:\/\/www.ilnotiziario.net\/wp\/prima-pagina\/da-saronno-nel-cuore-delluragano-milton-in-florida-il-racconto-di-giuliano-sanvitale\/#primaryimage","url":"https:\/\/www.ilnotiziario.net\/wp\/wp-content\/uploads\/2024\/10\/sanvitale-Uragano.jpg","contentUrl":"https:\/\/www.ilnotiziario.net\/wp\/wp-content\/uploads\/2024\/10\/sanvitale-Uragano.jpg","width":1920,"height":1920,"caption":"Saronno uragano milton florida"},{"@type":"BreadcrumbList","@id":"https:\/\/www.ilnotiziario.net\/wp\/prima-pagina\/da-saronno-nel-cuore-delluragano-milton-in-florida-il-racconto-di-giuliano-sanvitale\/#breadcrumb","itemListElement":[{"@type":"ListItem","position":1,"name":"tds_text_logo_tagline_colortds_text_logo_tagline_colortds_text_logo_tagline_colortds_text_logo_tagline_colortd_module_7_title_excerpttd_module_7_title_excerpttd_module_7_title_excerpttd_module_7_title_excerptHome","item":"https:\/\/www.ilnotiziario.net\/wp\/"},{"@type":"ListItem","position":2,"name":"Da Saronno nel cuore dell&#8217;uragano Milton in Florida, il racconto di Giuliano Sanvitale"}]},{"@type":"WebSite","@id":"https:\/\/www.ilnotiziario.net\/wp\/#website","url":"https:\/\/www.ilnotiziario.net\/wp\/","name":"Il Notiziario","description":"Per restare sempre connessi alla notizia","publisher":{"@id":"https:\/\/www.ilnotiziario.net\/wp\/#organization"},"alternateName":"Il Notiziario Bollate","potentialAction":[{"@type":"SearchAction","target":{"@type":"EntryPoint","urlTemplate":"https:\/\/www.ilnotiziario.net\/wp\/?s={search_term_string}"},"query-input":{"@type":"PropertyValueSpecification","valueRequired":true,"valueName":"search_term_string"}}],"inLanguage":"it-IT"},{"@type":"Organization","@id":"https:\/\/www.ilnotiziario.net\/wp\/#organization","name":"Il Notiziario","url":"https:\/\/www.ilnotiziario.net\/wp\/","logo":{"@type":"ImageObject","inLanguage":"it-IT","@id":"https:\/\/www.ilnotiziario.net\/wp\/#\/schema\/logo\/image\/","url":"https:\/\/www.ilnotiziario.net\/wp\/wp-content\/uploads\/2022\/06\/170x170ilN.png","contentUrl":"https:\/\/www.ilnotiziario.net\/wp\/wp-content\/uploads\/2022\/06\/170x170ilN.png","width":355,"height":355,"caption":"Il Notiziario"},"image":{"@id":"https:\/\/www.ilnotiziario.net\/wp\/#\/schema\/logo\/image\/"},"sameAs":["https:\/\/www.facebook.com\/ilnotiziarioind\/","https:\/\/x.com\/ilNotiziarioInd","https:\/\/www.instagram.com\/ilnotiziario_settimanale\/"]},{"@type":"Person","@id":"https:\/\/www.ilnotiziario.net\/wp\/#\/schema\/person\/386e222908f898bb41c033989482bbf2","name":"Gabriele Bassani","image":{"@type":"ImageObject","inLanguage":"it-IT","@id":"https:\/\/secure.gravatar.com\/avatar\/09274f4a84fa97698bde56f84b3afed61c8492d48b0550db9671b68c177479cb?s=96&d=mm&r=g","url":"https:\/\/secure.gravatar.com\/avatar\/09274f4a84fa97698bde56f84b3afed61c8492d48b0550db9671b68c177479cb?s=96&d=mm&r=g","contentUrl":"https:\/\/secure.gravatar.com\/avatar\/09274f4a84fa97698bde56f84b3afed61c8492d48b0550db9671b68c177479cb?s=96&d=mm&r=g","caption":"Gabriele Bassani"},"sameAs":["http:\/\/www.ilnotiziario.net"]}]}},"_links":{"self":[{"href":"https:\/\/www.ilnotiziario.net\/wp\/wp-json\/wp\/v2\/posts\/200168","targetHints":{"allow":["GET"]}}],"collection":[{"href":"https:\/\/www.ilnotiziario.net\/wp\/wp-json\/wp\/v2\/posts"}],"about":[{"href":"https:\/\/www.ilnotiziario.net\/wp\/wp-json\/wp\/v2\/types\/post"}],"author":[{"embeddable":true,"href":"https:\/\/www.ilnotiziario.net\/wp\/wp-json\/wp\/v2\/users\/3"}],"replies":[{"embeddable":true,"href":"https:\/\/www.ilnotiziario.net\/wp\/wp-json\/wp\/v2\/comments?post=200168"}],"version-history":[{"count":0,"href":"https:\/\/www.ilnotiziario.net\/wp\/wp-json\/wp\/v2\/posts\/200168\/revisions"}],"wp:featuredmedia":[{"embeddable":true,"href":"https:\/\/www.ilnotiziario.net\/wp\/wp-json\/wp\/v2\/media\/200169"}],"wp:attachment":[{"href":"https:\/\/www.ilnotiziario.net\/wp\/wp-json\/wp\/v2\/media?parent=200168"}],"wp:term":[{"taxonomy":"category","embeddable":true,"href":"https:\/\/www.ilnotiziario.net\/wp\/wp-json\/wp\/v2\/categories?post=200168"},{"taxonomy":"post_tag","embeddable":true,"href":"https:\/\/www.ilnotiziario.net\/wp\/wp-json\/wp\/v2\/tags?post=200168"}],"curies":[{"name":"wp","href":"https:\/\/api.w.org\/{rel}","templated":true}]}}