{"id":200741,"date":"2024-10-28T20:54:46","date_gmt":"2024-10-28T19:54:46","guid":{"rendered":"https:\/\/www.ilnotiziario.net\/wp\/?p=200741"},"modified":"2024-10-28T20:56:07","modified_gmt":"2024-10-28T19:56:07","slug":"senago-si-e-dimesso-il-vicesindaco-non-ancora-nominato-il-sostituto","status":"publish","type":"post","link":"https:\/\/www.ilnotiziario.net\/wp\/bollatese\/senago-si-e-dimesso-il-vicesindaco-non-ancora-nominato-il-sostituto\/","title":{"rendered":"Senago, si \u00e8 dimesso il vicesindaco, non ancora nominato il sostituto"},"content":{"rendered":"<p>Non \u00e8 ancora stato nominato il sostituto del vicesindaco di Senago, Saverio Cucinotta che si \u00e8 dimesso la scorsa settimana, come abbiamo riportato nell&#8217;edizione cartacea del Notiziario di venerd\u00ec 25 ottobre.<\/p><div id=\"ilnot-1851891384\" class=\"ilnot-contenuto ilnot-entity-placement\"><p><!-- incontent_1 --><\/p>\n<div class=\"gptslot\" data-adunitid=\"1\"><\/div>\n<\/div>\n<p>La decisione, concretizzata nero su bianco, \u00e8 stata protocollata nella giornata di luned\u00ec 21 ottobre. &#8220;I motivi sono di carattere riservato&#8221; ha spiegato il sindaco Magda Beretta che a domanda di rito ha risposto: &#8220;Non c&#8217;\u00e8 stata alcun tipo di discussione, c&#8217;\u00e8 sempre stato un rapporto di ottima collaborazione&#8221;.<\/p>\n<h2>Si \u00e8 dimesso il vicesindaco di Senago, non ancora scelto il sostituto&nbsp;<\/h2>\n<p>La conferma \u00e8 arrivata anche dal diretto interessato. &#8220;Si tratta di motivazioni di carattere riservato&#8221; ha spiegato il tenente colonnello Saverio Cucinotta che oltre alla carica di vicesindaco ricopriva il ruolo di assessore con deleghe a Sicurezza, Polizia Locale, Protezione Civile, Cultura, Biblioteca, Tutela degli Animali e Scuola.<br \/>\nNon sono stati aggiunti dettagli sulla ragione delle dimissioni, come richiesto da Cucinotta, ma \u00e8 arrivato un ringraziamento a Sindaco, Giunta e Uffici Comunali.<\/p><div id=\"ilnot-3085248280\" class=\"ilnot-contenuto_2 ilnot-entity-placement\"><div class=\"ads-wrapper\">\n<div class=\"ad-slot\">\n   <div id=\"ilnot-3516846015\" style=\"margin-right: auto;margin-left: auto;text-align: center;width: 320px;height: 100px;\"><a href=\"https:\/\/www.scuolasicurezza.it\/\"><img decoding=\"async\" src=\"https:\/\/www.ilnotiziario.net\/wp\/wp-content\/uploads\/2026\/04\/IlNotiziario_banner-sito-e-newsletter-320-x-100-px-1.gif\" alt=\"\"><\/a><\/div>\n  <\/div>\n<div class=\"ad-slot\">\n   <div id=\"ilnot-1274611155\" style=\"margin-right: auto;margin-left: auto;text-align: center;width: 320px;height: 100px;\"><a href=\"https:\/\/purodesignarredamenti.com\/\"><img decoding=\"async\" src=\"https:\/\/www.ilnotiziario.net\/wp\/wp-content\/uploads\/2026\/04\/banner-puro-ok.gif\" alt=\"whatsapp\"><\/a><\/div><\/p><\/div>\n<\/div>\n<\/div>\n<p>&#8220;Ho mandato un messaggio personale ai membri della Giunta e ai consiglieri che hanno contribuito in modo concreto al lavoro che ho avuto modo di svolgere a Senago sulle diverse tematiche inerenti le deleghe affidatemi. E&#8217; stato un lavoro intenso e molto interessante. Ringrazio il sindaco per avermi coinvolto. Sono un militare e questa esperienza mi ha dato pi\u00f9 di quello che avrei immaginato.<br \/>\nCi tengo a esprimere un sentito ringraziamento anche al Comandante della Polizia Locale Fabio Tagliabue, alla responsabile del settore Scuola Laura Andenna, alla responsabile del Personale Sandra Carn\u00e0, al segretario generale Marco Redaelli per il proficuo lavoro di questi mesi&#8221;.<\/p>\n<p>A fugare ogni dubbio sulle motivazioni di carattere riservato l&#8217;ex vicesindaco ha confermato anche la propria disponibilit\u00e0 all&#8217;Amministrazione e alla citt\u00e0 di Senago. &#8220;Sar\u00f2 sempre disponibile per un consiglio, un supporto, qualora fossero richiesti &#8211; ha concluso &#8211; Credo sia mio dovere, in primis perch\u00e9 sono un cittadino di Senago&#8221;.<\/p>\n<p><strong>Stefania Priolo <\/strong><\/p><div id=\"ilnot-3107858160\" class=\"ilnot-contenuto_2-2 ilnot-entity-placement\"><div class=\"gptslot\" data-adunitid=\"2\"><\/div>\n<\/div>\n","protected":false},"excerpt":{"rendered":"<p>Non \u00e8 ancora stato nominato il sostituto del vicesindaco di Senago, Saverio Cucinotta che si \u00e8 dimesso la scorsa settimana, come abbiamo riportato nell&#8217;edizione cartacea del Notiziario di venerd\u00ec 25 ottobre. La decisione, concretizzata nero su bianco, \u00e8 stata protocollata nella giornata di luned\u00ec 21 ottobre. &#8220;I motivi sono di carattere riservato&#8221; ha spiegato il<\/p>\n","protected":false},"author":3,"featured_media":200742,"comment_status":"closed","ping_status":"closed","sticky":false,"template":"","format":"standard","meta":{"footnotes":""},"categories":[8,11,20],"tags":[17246,17247,183,7496],"class_list":{"0":"post-200741","1":"post","2":"type-post","3":"status-publish","4":"format-standard","5":"has-post-thumbnail","7":"category-bollatese","8":"category-nord-milano","9":"category-prima-pagina","10":"tag-cucinotta","11":"tag-dimesso","12":"tag-senago","13":"tag-vicesindaco"},"yoast_head":"<!-- This site is optimized with the Yoast SEO plugin v27.4 - https:\/\/yoast.com\/product\/yoast-seo-wordpress\/ -->\n<title>Senago, si \u00e8 dimesso il vicesindaco, non ancora nominato il sostituto - Il Notiziario<\/title>\n<meta name=\"description\" content=\"Non \u00e8 ancora stato nominato il sostituto del vicesindaco di Senago, Saverio Cucinotta che si \u00e8 dimesso la scorsa settimana, come abbiamo riportato\" \/>\n<meta name=\"robots\" content=\"index, follow, max-snippet:-1, max-image-preview:large, max-video-preview:-1\" \/>\n<link rel=\"canonical\" href=\"https:\/\/www.ilnotiziario.net\/wp\/bollatese\/senago-si-e-dimesso-il-vicesindaco-non-ancora-nominato-il-sostituto\/\" \/>\n<meta property=\"og:locale\" content=\"it_IT\" \/>\n<meta property=\"og:type\" content=\"article\" \/>\n<meta property=\"og:title\" content=\"Senago, si \u00e8 dimesso il vicesindaco, non ancora nominato il sostituto - Il Notiziario\" \/>\n<meta property=\"og:description\" content=\"Non \u00e8 ancora stato nominato il sostituto del vicesindaco di Senago, Saverio Cucinotta che si \u00e8 dimesso la scorsa settimana, come abbiamo riportato\" \/>\n<meta property=\"og:url\" content=\"https:\/\/www.ilnotiziario.net\/wp\/bollatese\/senago-si-e-dimesso-il-vicesindaco-non-ancora-nominato-il-sostituto\/\" \/>\n<meta property=\"og:site_name\" content=\"Il Notiziario\" \/>\n<meta property=\"article:publisher\" content=\"https:\/\/www.facebook.com\/ilnotiziarioind\/\" \/>\n<meta property=\"article:published_time\" content=\"2024-10-28T19:54:46+00:00\" \/>\n<meta property=\"article:modified_time\" content=\"2024-10-28T19:56:07+00:00\" \/>\n<meta property=\"og:image\" content=\"https:\/\/www.ilnotiziario.net\/wp\/wp-content\/uploads\/2024\/10\/Senago-Vicesindaco-.jpg\" \/>\n\t<meta property=\"og:image:width\" content=\"464\" \/>\n\t<meta property=\"og:image:height\" content=\"287\" \/>\n\t<meta property=\"og:image:type\" content=\"image\/jpeg\" \/>\n<meta name=\"author\" content=\"Gabriele Bassani\" \/>\n<meta name=\"twitter:card\" content=\"summary_large_image\" \/>\n<meta name=\"twitter:creator\" content=\"@ilNotiziarioInd\" \/>\n<meta name=\"twitter:site\" content=\"@ilNotiziarioInd\" \/>\n<meta name=\"twitter:label1\" content=\"Scritto da\" \/>\n\t<meta name=\"twitter:data1\" content=\"Gabriele Bassani\" \/>\n\t<meta name=\"twitter:label2\" content=\"Tempo di lettura stimato\" \/>\n\t<meta name=\"twitter:data2\" content=\"2 minuti\" \/>\n<script type=\"application\/ld+json\" class=\"yoast-schema-graph\">{\"@context\":\"https:\\\/\\\/schema.org\",\"@graph\":[{\"@type\":\"Article\",\"@id\":\"https:\\\/\\\/www.ilnotiziario.net\\\/wp\\\/bollatese\\\/senago-si-e-dimesso-il-vicesindaco-non-ancora-nominato-il-sostituto\\\/#article\",\"isPartOf\":{\"@id\":\"https:\\\/\\\/www.ilnotiziario.net\\\/wp\\\/bollatese\\\/senago-si-e-dimesso-il-vicesindaco-non-ancora-nominato-il-sostituto\\\/\"},\"author\":{\"name\":\"Gabriele Bassani\",\"@id\":\"https:\\\/\\\/www.ilnotiziario.net\\\/wp\\\/#\\\/schema\\\/person\\\/386e222908f898bb41c033989482bbf2\"},\"headline\":\"Senago, si \u00e8 dimesso il vicesindaco, non ancora nominato il sostituto\",\"datePublished\":\"2024-10-28T19:54:46+00:00\",\"dateModified\":\"2024-10-28T19:56:07+00:00\",\"mainEntityOfPage\":{\"@id\":\"https:\\\/\\\/www.ilnotiziario.net\\\/wp\\\/bollatese\\\/senago-si-e-dimesso-il-vicesindaco-non-ancora-nominato-il-sostituto\\\/\"},\"wordCount\":326,\"publisher\":{\"@id\":\"https:\\\/\\\/www.ilnotiziario.net\\\/wp\\\/#organization\"},\"image\":{\"@id\":\"https:\\\/\\\/www.ilnotiziario.net\\\/wp\\\/bollatese\\\/senago-si-e-dimesso-il-vicesindaco-non-ancora-nominato-il-sostituto\\\/#primaryimage\"},\"thumbnailUrl\":\"https:\\\/\\\/www.ilnotiziario.net\\\/wp\\\/wp-content\\\/uploads\\\/2024\\\/10\\\/Senago-Vicesindaco-.jpg\",\"keywords\":[\"cucinotta\",\"dimesso\",\"Senago\",\"vicesindaco\"],\"articleSection\":[\"BOLLATESE\",\"NORD MILANO\",\"Prima Pagina\"],\"inLanguage\":\"it-IT\"},{\"@type\":\"WebPage\",\"@id\":\"https:\\\/\\\/www.ilnotiziario.net\\\/wp\\\/bollatese\\\/senago-si-e-dimesso-il-vicesindaco-non-ancora-nominato-il-sostituto\\\/\",\"url\":\"https:\\\/\\\/www.ilnotiziario.net\\\/wp\\\/bollatese\\\/senago-si-e-dimesso-il-vicesindaco-non-ancora-nominato-il-sostituto\\\/\",\"name\":\"Senago, si \u00e8 dimesso il vicesindaco, non ancora nominato il sostituto - Il Notiziario\",\"isPartOf\":{\"@id\":\"https:\\\/\\\/www.ilnotiziario.net\\\/wp\\\/#website\"},\"primaryImageOfPage\":{\"@id\":\"https:\\\/\\\/www.ilnotiziario.net\\\/wp\\\/bollatese\\\/senago-si-e-dimesso-il-vicesindaco-non-ancora-nominato-il-sostituto\\\/#primaryimage\"},\"image\":{\"@id\":\"https:\\\/\\\/www.ilnotiziario.net\\\/wp\\\/bollatese\\\/senago-si-e-dimesso-il-vicesindaco-non-ancora-nominato-il-sostituto\\\/#primaryimage\"},\"thumbnailUrl\":\"https:\\\/\\\/www.ilnotiziario.net\\\/wp\\\/wp-content\\\/uploads\\\/2024\\\/10\\\/Senago-Vicesindaco-.jpg\",\"datePublished\":\"2024-10-28T19:54:46+00:00\",\"dateModified\":\"2024-10-28T19:56:07+00:00\",\"description\":\"Non \u00e8 ancora stato nominato il sostituto del vicesindaco di Senago, Saverio Cucinotta che si \u00e8 dimesso la scorsa settimana, come abbiamo riportato\",\"breadcrumb\":{\"@id\":\"https:\\\/\\\/www.ilnotiziario.net\\\/wp\\\/bollatese\\\/senago-si-e-dimesso-il-vicesindaco-non-ancora-nominato-il-sostituto\\\/#breadcrumb\"},\"inLanguage\":\"it-IT\",\"potentialAction\":[{\"@type\":\"ReadAction\",\"target\":[\"https:\\\/\\\/www.ilnotiziario.net\\\/wp\\\/bollatese\\\/senago-si-e-dimesso-il-vicesindaco-non-ancora-nominato-il-sostituto\\\/\"]}]},{\"@type\":\"ImageObject\",\"inLanguage\":\"it-IT\",\"@id\":\"https:\\\/\\\/www.ilnotiziario.net\\\/wp\\\/bollatese\\\/senago-si-e-dimesso-il-vicesindaco-non-ancora-nominato-il-sostituto\\\/#primaryimage\",\"url\":\"https:\\\/\\\/www.ilnotiziario.net\\\/wp\\\/wp-content\\\/uploads\\\/2024\\\/10\\\/Senago-Vicesindaco-.jpg\",\"contentUrl\":\"https:\\\/\\\/www.ilnotiziario.net\\\/wp\\\/wp-content\\\/uploads\\\/2024\\\/10\\\/Senago-Vicesindaco-.jpg\",\"width\":464,\"height\":287,\"caption\":\"l'ex vicesindaco di Senago, Saverio Cucinotta\"},{\"@type\":\"BreadcrumbList\",\"@id\":\"https:\\\/\\\/www.ilnotiziario.net\\\/wp\\\/bollatese\\\/senago-si-e-dimesso-il-vicesindaco-non-ancora-nominato-il-sostituto\\\/#breadcrumb\",\"itemListElement\":[{\"@type\":\"ListItem\",\"position\":1,\"name\":\"tds_text_logo_tagline_colortds_text_logo_tagline_colortds_text_logo_tagline_colortds_text_logo_tagline_colortd_module_7_title_excerpttd_module_7_title_excerpttd_module_7_title_excerpttd_module_7_title_excerptHome\",\"item\":\"https:\\\/\\\/www.ilnotiziario.net\\\/wp\\\/\"},{\"@type\":\"ListItem\",\"position\":2,\"name\":\"Senago, si \u00e8 dimesso il vicesindaco, non ancora nominato il sostituto\"}]},{\"@type\":\"WebSite\",\"@id\":\"https:\\\/\\\/www.ilnotiziario.net\\\/wp\\\/#website\",\"url\":\"https:\\\/\\\/www.ilnotiziario.net\\\/wp\\\/\",\"name\":\"Il Notiziario\",\"description\":\"Per restare sempre connessi alla notizia\",\"publisher\":{\"@id\":\"https:\\\/\\\/www.ilnotiziario.net\\\/wp\\\/#organization\"},\"alternateName\":\"Il Notiziario Bollate\",\"potentialAction\":[{\"@type\":\"SearchAction\",\"target\":{\"@type\":\"EntryPoint\",\"urlTemplate\":\"https:\\\/\\\/www.ilnotiziario.net\\\/wp\\\/?s={search_term_string}\"},\"query-input\":{\"@type\":\"PropertyValueSpecification\",\"valueRequired\":true,\"valueName\":\"search_term_string\"}}],\"inLanguage\":\"it-IT\"},{\"@type\":\"Organization\",\"@id\":\"https:\\\/\\\/www.ilnotiziario.net\\\/wp\\\/#organization\",\"name\":\"Il Notiziario\",\"url\":\"https:\\\/\\\/www.ilnotiziario.net\\\/wp\\\/\",\"logo\":{\"@type\":\"ImageObject\",\"inLanguage\":\"it-IT\",\"@id\":\"https:\\\/\\\/www.ilnotiziario.net\\\/wp\\\/#\\\/schema\\\/logo\\\/image\\\/\",\"url\":\"https:\\\/\\\/www.ilnotiziario.net\\\/wp\\\/wp-content\\\/uploads\\\/2022\\\/06\\\/170x170ilN.png\",\"contentUrl\":\"https:\\\/\\\/www.ilnotiziario.net\\\/wp\\\/wp-content\\\/uploads\\\/2022\\\/06\\\/170x170ilN.png\",\"width\":355,\"height\":355,\"caption\":\"Il Notiziario\"},\"image\":{\"@id\":\"https:\\\/\\\/www.ilnotiziario.net\\\/wp\\\/#\\\/schema\\\/logo\\\/image\\\/\"},\"sameAs\":[\"https:\\\/\\\/www.facebook.com\\\/ilnotiziarioind\\\/\",\"https:\\\/\\\/x.com\\\/ilNotiziarioInd\",\"https:\\\/\\\/www.instagram.com\\\/ilnotiziario_settimanale\\\/\"]},{\"@type\":\"Person\",\"@id\":\"https:\\\/\\\/www.ilnotiziario.net\\\/wp\\\/#\\\/schema\\\/person\\\/386e222908f898bb41c033989482bbf2\",\"name\":\"Gabriele Bassani\",\"image\":{\"@type\":\"ImageObject\",\"inLanguage\":\"it-IT\",\"@id\":\"https:\\\/\\\/secure.gravatar.com\\\/avatar\\\/09274f4a84fa97698bde56f84b3afed61c8492d48b0550db9671b68c177479cb?s=96&d=mm&r=g\",\"url\":\"https:\\\/\\\/secure.gravatar.com\\\/avatar\\\/09274f4a84fa97698bde56f84b3afed61c8492d48b0550db9671b68c177479cb?s=96&d=mm&r=g\",\"contentUrl\":\"https:\\\/\\\/secure.gravatar.com\\\/avatar\\\/09274f4a84fa97698bde56f84b3afed61c8492d48b0550db9671b68c177479cb?s=96&d=mm&r=g\",\"caption\":\"Gabriele Bassani\"},\"sameAs\":[\"http:\\\/\\\/www.ilnotiziario.net\"]}]}<\/script>\n<!-- \/ Yoast SEO plugin. -->","yoast_head_json":{"title":"Senago, si \u00e8 dimesso il vicesindaco, non ancora nominato il sostituto - Il Notiziario","description":"Non \u00e8 ancora stato nominato il sostituto del vicesindaco di Senago, Saverio Cucinotta che si \u00e8 dimesso la scorsa settimana, come abbiamo riportato","robots":{"index":"index","follow":"follow","max-snippet":"max-snippet:-1","max-image-preview":"max-image-preview:large","max-video-preview":"max-video-preview:-1"},"canonical":"https:\/\/www.ilnotiziario.net\/wp\/bollatese\/senago-si-e-dimesso-il-vicesindaco-non-ancora-nominato-il-sostituto\/","og_locale":"it_IT","og_type":"article","og_title":"Senago, si \u00e8 dimesso il vicesindaco, non ancora nominato il sostituto - Il Notiziario","og_description":"Non \u00e8 ancora stato nominato il sostituto del vicesindaco di Senago, Saverio Cucinotta che si \u00e8 dimesso la scorsa settimana, come abbiamo riportato","og_url":"https:\/\/www.ilnotiziario.net\/wp\/bollatese\/senago-si-e-dimesso-il-vicesindaco-non-ancora-nominato-il-sostituto\/","og_site_name":"Il Notiziario","article_publisher":"https:\/\/www.facebook.com\/ilnotiziarioind\/","article_published_time":"2024-10-28T19:54:46+00:00","article_modified_time":"2024-10-28T19:56:07+00:00","og_image":[{"width":464,"height":287,"url":"https:\/\/www.ilnotiziario.net\/wp\/wp-content\/uploads\/2024\/10\/Senago-Vicesindaco-.jpg","type":"image\/jpeg"}],"author":"Gabriele Bassani","twitter_card":"summary_large_image","twitter_creator":"@ilNotiziarioInd","twitter_site":"@ilNotiziarioInd","twitter_misc":{"Scritto da":"Gabriele Bassani","Tempo di lettura stimato":"2 minuti"},"schema":{"@context":"https:\/\/schema.org","@graph":[{"@type":"Article","@id":"https:\/\/www.ilnotiziario.net\/wp\/bollatese\/senago-si-e-dimesso-il-vicesindaco-non-ancora-nominato-il-sostituto\/#article","isPartOf":{"@id":"https:\/\/www.ilnotiziario.net\/wp\/bollatese\/senago-si-e-dimesso-il-vicesindaco-non-ancora-nominato-il-sostituto\/"},"author":{"name":"Gabriele Bassani","@id":"https:\/\/www.ilnotiziario.net\/wp\/#\/schema\/person\/386e222908f898bb41c033989482bbf2"},"headline":"Senago, si \u00e8 dimesso il vicesindaco, non ancora nominato il sostituto","datePublished":"2024-10-28T19:54:46+00:00","dateModified":"2024-10-28T19:56:07+00:00","mainEntityOfPage":{"@id":"https:\/\/www.ilnotiziario.net\/wp\/bollatese\/senago-si-e-dimesso-il-vicesindaco-non-ancora-nominato-il-sostituto\/"},"wordCount":326,"publisher":{"@id":"https:\/\/www.ilnotiziario.net\/wp\/#organization"},"image":{"@id":"https:\/\/www.ilnotiziario.net\/wp\/bollatese\/senago-si-e-dimesso-il-vicesindaco-non-ancora-nominato-il-sostituto\/#primaryimage"},"thumbnailUrl":"https:\/\/www.ilnotiziario.net\/wp\/wp-content\/uploads\/2024\/10\/Senago-Vicesindaco-.jpg","keywords":["cucinotta","dimesso","Senago","vicesindaco"],"articleSection":["BOLLATESE","NORD MILANO","Prima Pagina"],"inLanguage":"it-IT"},{"@type":"WebPage","@id":"https:\/\/www.ilnotiziario.net\/wp\/bollatese\/senago-si-e-dimesso-il-vicesindaco-non-ancora-nominato-il-sostituto\/","url":"https:\/\/www.ilnotiziario.net\/wp\/bollatese\/senago-si-e-dimesso-il-vicesindaco-non-ancora-nominato-il-sostituto\/","name":"Senago, si \u00e8 dimesso il vicesindaco, non ancora nominato il sostituto - Il Notiziario","isPartOf":{"@id":"https:\/\/www.ilnotiziario.net\/wp\/#website"},"primaryImageOfPage":{"@id":"https:\/\/www.ilnotiziario.net\/wp\/bollatese\/senago-si-e-dimesso-il-vicesindaco-non-ancora-nominato-il-sostituto\/#primaryimage"},"image":{"@id":"https:\/\/www.ilnotiziario.net\/wp\/bollatese\/senago-si-e-dimesso-il-vicesindaco-non-ancora-nominato-il-sostituto\/#primaryimage"},"thumbnailUrl":"https:\/\/www.ilnotiziario.net\/wp\/wp-content\/uploads\/2024\/10\/Senago-Vicesindaco-.jpg","datePublished":"2024-10-28T19:54:46+00:00","dateModified":"2024-10-28T19:56:07+00:00","description":"Non \u00e8 ancora stato nominato il sostituto del vicesindaco di Senago, Saverio Cucinotta che si \u00e8 dimesso la scorsa settimana, come abbiamo riportato","breadcrumb":{"@id":"https:\/\/www.ilnotiziario.net\/wp\/bollatese\/senago-si-e-dimesso-il-vicesindaco-non-ancora-nominato-il-sostituto\/#breadcrumb"},"inLanguage":"it-IT","potentialAction":[{"@type":"ReadAction","target":["https:\/\/www.ilnotiziario.net\/wp\/bollatese\/senago-si-e-dimesso-il-vicesindaco-non-ancora-nominato-il-sostituto\/"]}]},{"@type":"ImageObject","inLanguage":"it-IT","@id":"https:\/\/www.ilnotiziario.net\/wp\/bollatese\/senago-si-e-dimesso-il-vicesindaco-non-ancora-nominato-il-sostituto\/#primaryimage","url":"https:\/\/www.ilnotiziario.net\/wp\/wp-content\/uploads\/2024\/10\/Senago-Vicesindaco-.jpg","contentUrl":"https:\/\/www.ilnotiziario.net\/wp\/wp-content\/uploads\/2024\/10\/Senago-Vicesindaco-.jpg","width":464,"height":287,"caption":"l'ex vicesindaco di Senago, Saverio Cucinotta"},{"@type":"BreadcrumbList","@id":"https:\/\/www.ilnotiziario.net\/wp\/bollatese\/senago-si-e-dimesso-il-vicesindaco-non-ancora-nominato-il-sostituto\/#breadcrumb","itemListElement":[{"@type":"ListItem","position":1,"name":"tds_text_logo_tagline_colortds_text_logo_tagline_colortds_text_logo_tagline_colortds_text_logo_tagline_colortd_module_7_title_excerpttd_module_7_title_excerpttd_module_7_title_excerpttd_module_7_title_excerptHome","item":"https:\/\/www.ilnotiziario.net\/wp\/"},{"@type":"ListItem","position":2,"name":"Senago, si \u00e8 dimesso il vicesindaco, non ancora nominato il sostituto"}]},{"@type":"WebSite","@id":"https:\/\/www.ilnotiziario.net\/wp\/#website","url":"https:\/\/www.ilnotiziario.net\/wp\/","name":"Il Notiziario","description":"Per restare sempre connessi alla notizia","publisher":{"@id":"https:\/\/www.ilnotiziario.net\/wp\/#organization"},"alternateName":"Il Notiziario Bollate","potentialAction":[{"@type":"SearchAction","target":{"@type":"EntryPoint","urlTemplate":"https:\/\/www.ilnotiziario.net\/wp\/?s={search_term_string}"},"query-input":{"@type":"PropertyValueSpecification","valueRequired":true,"valueName":"search_term_string"}}],"inLanguage":"it-IT"},{"@type":"Organization","@id":"https:\/\/www.ilnotiziario.net\/wp\/#organization","name":"Il Notiziario","url":"https:\/\/www.ilnotiziario.net\/wp\/","logo":{"@type":"ImageObject","inLanguage":"it-IT","@id":"https:\/\/www.ilnotiziario.net\/wp\/#\/schema\/logo\/image\/","url":"https:\/\/www.ilnotiziario.net\/wp\/wp-content\/uploads\/2022\/06\/170x170ilN.png","contentUrl":"https:\/\/www.ilnotiziario.net\/wp\/wp-content\/uploads\/2022\/06\/170x170ilN.png","width":355,"height":355,"caption":"Il Notiziario"},"image":{"@id":"https:\/\/www.ilnotiziario.net\/wp\/#\/schema\/logo\/image\/"},"sameAs":["https:\/\/www.facebook.com\/ilnotiziarioind\/","https:\/\/x.com\/ilNotiziarioInd","https:\/\/www.instagram.com\/ilnotiziario_settimanale\/"]},{"@type":"Person","@id":"https:\/\/www.ilnotiziario.net\/wp\/#\/schema\/person\/386e222908f898bb41c033989482bbf2","name":"Gabriele Bassani","image":{"@type":"ImageObject","inLanguage":"it-IT","@id":"https:\/\/secure.gravatar.com\/avatar\/09274f4a84fa97698bde56f84b3afed61c8492d48b0550db9671b68c177479cb?s=96&d=mm&r=g","url":"https:\/\/secure.gravatar.com\/avatar\/09274f4a84fa97698bde56f84b3afed61c8492d48b0550db9671b68c177479cb?s=96&d=mm&r=g","contentUrl":"https:\/\/secure.gravatar.com\/avatar\/09274f4a84fa97698bde56f84b3afed61c8492d48b0550db9671b68c177479cb?s=96&d=mm&r=g","caption":"Gabriele Bassani"},"sameAs":["http:\/\/www.ilnotiziario.net"]}]}},"_links":{"self":[{"href":"https:\/\/www.ilnotiziario.net\/wp\/wp-json\/wp\/v2\/posts\/200741","targetHints":{"allow":["GET"]}}],"collection":[{"href":"https:\/\/www.ilnotiziario.net\/wp\/wp-json\/wp\/v2\/posts"}],"about":[{"href":"https:\/\/www.ilnotiziario.net\/wp\/wp-json\/wp\/v2\/types\/post"}],"author":[{"embeddable":true,"href":"https:\/\/www.ilnotiziario.net\/wp\/wp-json\/wp\/v2\/users\/3"}],"replies":[{"embeddable":true,"href":"https:\/\/www.ilnotiziario.net\/wp\/wp-json\/wp\/v2\/comments?post=200741"}],"version-history":[{"count":0,"href":"https:\/\/www.ilnotiziario.net\/wp\/wp-json\/wp\/v2\/posts\/200741\/revisions"}],"wp:featuredmedia":[{"embeddable":true,"href":"https:\/\/www.ilnotiziario.net\/wp\/wp-json\/wp\/v2\/media\/200742"}],"wp:attachment":[{"href":"https:\/\/www.ilnotiziario.net\/wp\/wp-json\/wp\/v2\/media?parent=200741"}],"wp:term":[{"taxonomy":"category","embeddable":true,"href":"https:\/\/www.ilnotiziario.net\/wp\/wp-json\/wp\/v2\/categories?post=200741"},{"taxonomy":"post_tag","embeddable":true,"href":"https:\/\/www.ilnotiziario.net\/wp\/wp-json\/wp\/v2\/tags?post=200741"}],"curies":[{"name":"wp","href":"https:\/\/api.w.org\/{rel}","templated":true}]}}