{"id":200831,"date":"2024-11-01T10:29:52","date_gmt":"2024-11-01T09:29:52","guid":{"rendered":"https:\/\/www.ilnotiziario.net\/wp\/?p=200831"},"modified":"2024-11-01T10:29:52","modified_gmt":"2024-11-01T09:29:52","slug":"limbiate-auto-danneggiate-da-atti-vandalici-al-villaggio-giovi","status":"publish","type":"post","link":"https:\/\/www.ilnotiziario.net\/wp\/prima-pagina\/limbiate-auto-danneggiate-da-atti-vandalici-al-villaggio-giovi\/","title":{"rendered":"Limbiate, auto danneggiate da atti vandalici  al Villaggio Giovi"},"content":{"rendered":"<p>Il Villaggio dei Giovi di Limbiate&nbsp; ostaggio dei vandali: notti di devastazioni a danni delle auto posteggiate tra via Sottocorno e via Machiavelli. Numerose le auto danneggiate nella notte tra luned\u00ec e marted\u00ec. I residenti marted\u00ec mattina uscendo di casa hanno trovato diversi cristalli delle loro auto posteggiate devastati. Diverse le denunce fatte alle forze dell\u2019ordine.<\/p><div id=\"ilnot-3649749139\" class=\"ilnot-contenuto ilnot-entity-placement\"><p><!-- incontent_1 --><\/p>\n<div class=\"gptslot\" data-adunitid=\"1\"><\/div>\n<\/div>\n<h2>Limbiate, danni nella notte alle auto, i proprietari al mattino restano bloccati&nbsp;<\/h2>\n<p>C\u2019\u00e8 amarezza tra i cittadini che ultimamente non si sentono pi\u00f9 sicuri. \u201cDa sabato notte si aggira uno, attrezzato ben bene, che si diverte a spaccare i vetri delle auto parcheggiate, e a rompere i tergicristalli- si legge sui social- Non siamo al primo episodio. \u00c8 da tempo che questa situazione va avanti. Non ne possiamo pi\u00f9. La risposta oggi delle forze dell&#8217;ordine non \u00e8 stata confortante, in quanto impossibilitati ad uscire\u201d.<\/p>\n<p>&nbsp;<\/p>\n<p>L\u2019allerta \u00e8 alta tra chi si sente impotente davanti a simili situazioni e chi sta gi\u00e0 dichiarando di volersi fare giustizia da solo. Difficile risolvere la situazione che non fa che creare disagi agli abitanti della zona che non possono posteggiare in un luogo sicuro e che al mattino devono fare i conti con auto danneggiate che spesso sono inutilizzabili per recarsi a lavoro.<\/p><div id=\"ilnot-4248627846\" class=\"ilnot-contenuto_2 ilnot-entity-placement\"><div class=\"ads-wrapper\">\n<div class=\"ad-slot\">\n   <div id=\"ilnot-3303699552\" style=\"margin-right: auto;margin-left: auto;text-align: center;width: 320px;height: 100px;\"><a href=\"https:\/\/www.scuolasicurezza.it\/\"><img decoding=\"async\" src=\"https:\/\/www.ilnotiziario.net\/wp\/wp-content\/uploads\/2026\/04\/IlNotiziario_banner-sito-e-newsletter-320-x-100-px-1.gif\" alt=\"\"><\/a><\/div>\n  <\/div>\n<div class=\"ad-slot\">\n   <div id=\"ilnot-2318825767\" style=\"margin-right: auto;margin-left: auto;text-align: center;width: 320px;height: 100px;\"><a href=\"https:\/\/purodesignarredamenti.com\/\"><img decoding=\"async\" src=\"https:\/\/www.ilnotiziario.net\/wp\/wp-content\/uploads\/2026\/04\/banner-puro-ok.gif\" alt=\"whatsapp\"><\/a><\/div><\/p><\/div>\n<\/div>\n<\/div>\n<p>Anche in via Toscana, sempre al Villaggio de Giovi, nei giorni scorsi sono stati effettuati diversi atti vandalici a danni di auto posteggiate. Vetri rotti, ruote bucate, ma anche il tentativo di introduzione all\u2019interno di box chiusi e recintati e tentativi di furti a danni dei furgoni. L\u2019area, adiacente alla Comasina e vicina a Varedo, sembra essere decisamente poco sicura e ad oggi, nonostante le denunce fatte dai residenti, non sembra siano stati identificati i responsabili che probabilmente potrebbero essere gli stessi che hanno messo in atto simili episodi anche in altre zone del Villaggio Dei Giovi.<\/p>\n","protected":false},"excerpt":{"rendered":"<p>Il Villaggio dei Giovi di Limbiate&nbsp; ostaggio dei vandali: notti di devastazioni a danni delle auto posteggiate tra via Sottocorno e via Machiavelli. Numerose le auto danneggiate nella notte tra luned\u00ec e marted\u00ec. I residenti marted\u00ec mattina uscendo di casa hanno trovato diversi cristalli delle loro auto posteggiate devastati. Diverse le denunce fatte alle forze<\/p>\n","protected":false},"author":3,"featured_media":200833,"comment_status":"closed","ping_status":"closed","sticky":false,"template":"","format":"standard","meta":{"footnotes":""},"categories":[20],"tags":[323,389,47,947],"class_list":{"0":"post-200831","1":"post","2":"type-post","3":"status-publish","4":"format-standard","5":"has-post-thumbnail","7":"category-prima-pagina","8":"tag-auto","9":"tag-danni","10":"tag-limbiate","11":"tag-vandali"},"yoast_head":"<!-- This site is optimized with the Yoast SEO plugin v27.4 - https:\/\/yoast.com\/product\/yoast-seo-wordpress\/ -->\n<title>Limbiate, auto danneggiate da atti vandalici al Villaggio Giovi - Il Notiziario<\/title>\n<meta name=\"description\" content=\"Il Villaggio dei Giovi di Limbiate&nbsp; ostaggio dei vandali: notti di devastazioni a danni delle auto posteggiate tra via Sottocorno e via Machiavelli.\" \/>\n<meta name=\"robots\" content=\"index, follow, max-snippet:-1, max-image-preview:large, max-video-preview:-1\" \/>\n<link rel=\"canonical\" href=\"https:\/\/www.ilnotiziario.net\/wp\/prima-pagina\/limbiate-auto-danneggiate-da-atti-vandalici-al-villaggio-giovi\/\" \/>\n<meta property=\"og:locale\" content=\"it_IT\" \/>\n<meta property=\"og:type\" content=\"article\" \/>\n<meta property=\"og:title\" content=\"Limbiate, auto danneggiate da atti vandalici al Villaggio Giovi - Il Notiziario\" \/>\n<meta property=\"og:description\" content=\"Il Villaggio dei Giovi di Limbiate&nbsp; ostaggio dei vandali: notti di devastazioni a danni delle auto posteggiate tra via Sottocorno e via Machiavelli.\" \/>\n<meta property=\"og:url\" content=\"https:\/\/www.ilnotiziario.net\/wp\/prima-pagina\/limbiate-auto-danneggiate-da-atti-vandalici-al-villaggio-giovi\/\" \/>\n<meta property=\"og:site_name\" content=\"Il Notiziario\" \/>\n<meta property=\"article:publisher\" content=\"https:\/\/www.facebook.com\/ilnotiziarioind\/\" \/>\n<meta property=\"article:published_time\" content=\"2024-11-01T09:29:52+00:00\" \/>\n<meta property=\"og:image\" content=\"https:\/\/www.ilnotiziario.net\/wp\/wp-content\/uploads\/2024\/11\/auto-danni-limbiate.jpg\" \/>\n\t<meta property=\"og:image:width\" content=\"792\" \/>\n\t<meta property=\"og:image:height\" content=\"620\" \/>\n\t<meta property=\"og:image:type\" content=\"image\/jpeg\" \/>\n<meta name=\"author\" content=\"Gabriele Bassani\" \/>\n<meta name=\"twitter:card\" content=\"summary_large_image\" \/>\n<meta name=\"twitter:creator\" content=\"@ilNotiziarioInd\" \/>\n<meta name=\"twitter:site\" content=\"@ilNotiziarioInd\" \/>\n<meta name=\"twitter:label1\" content=\"Scritto da\" \/>\n\t<meta name=\"twitter:data1\" content=\"Gabriele Bassani\" \/>\n\t<meta name=\"twitter:label2\" content=\"Tempo di lettura stimato\" \/>\n\t<meta name=\"twitter:data2\" content=\"2 minuti\" \/>\n<script type=\"application\/ld+json\" class=\"yoast-schema-graph\">{\"@context\":\"https:\\\/\\\/schema.org\",\"@graph\":[{\"@type\":\"Article\",\"@id\":\"https:\\\/\\\/www.ilnotiziario.net\\\/wp\\\/prima-pagina\\\/limbiate-auto-danneggiate-da-atti-vandalici-al-villaggio-giovi\\\/#article\",\"isPartOf\":{\"@id\":\"https:\\\/\\\/www.ilnotiziario.net\\\/wp\\\/prima-pagina\\\/limbiate-auto-danneggiate-da-atti-vandalici-al-villaggio-giovi\\\/\"},\"author\":{\"name\":\"Gabriele Bassani\",\"@id\":\"https:\\\/\\\/www.ilnotiziario.net\\\/wp\\\/#\\\/schema\\\/person\\\/386e222908f898bb41c033989482bbf2\"},\"headline\":\"Limbiate, auto danneggiate da atti vandalici al Villaggio Giovi\",\"datePublished\":\"2024-11-01T09:29:52+00:00\",\"mainEntityOfPage\":{\"@id\":\"https:\\\/\\\/www.ilnotiziario.net\\\/wp\\\/prima-pagina\\\/limbiate-auto-danneggiate-da-atti-vandalici-al-villaggio-giovi\\\/\"},\"wordCount\":315,\"publisher\":{\"@id\":\"https:\\\/\\\/www.ilnotiziario.net\\\/wp\\\/#organization\"},\"image\":{\"@id\":\"https:\\\/\\\/www.ilnotiziario.net\\\/wp\\\/prima-pagina\\\/limbiate-auto-danneggiate-da-atti-vandalici-al-villaggio-giovi\\\/#primaryimage\"},\"thumbnailUrl\":\"https:\\\/\\\/www.ilnotiziario.net\\\/wp\\\/wp-content\\\/uploads\\\/2024\\\/11\\\/auto-danni-limbiate.jpg\",\"keywords\":[\"auto\",\"danni\",\"Limbiate\",\"vandali\"],\"articleSection\":[\"Prima Pagina\"],\"inLanguage\":\"it-IT\"},{\"@type\":\"WebPage\",\"@id\":\"https:\\\/\\\/www.ilnotiziario.net\\\/wp\\\/prima-pagina\\\/limbiate-auto-danneggiate-da-atti-vandalici-al-villaggio-giovi\\\/\",\"url\":\"https:\\\/\\\/www.ilnotiziario.net\\\/wp\\\/prima-pagina\\\/limbiate-auto-danneggiate-da-atti-vandalici-al-villaggio-giovi\\\/\",\"name\":\"Limbiate, auto danneggiate da atti vandalici al Villaggio Giovi - Il Notiziario\",\"isPartOf\":{\"@id\":\"https:\\\/\\\/www.ilnotiziario.net\\\/wp\\\/#website\"},\"primaryImageOfPage\":{\"@id\":\"https:\\\/\\\/www.ilnotiziario.net\\\/wp\\\/prima-pagina\\\/limbiate-auto-danneggiate-da-atti-vandalici-al-villaggio-giovi\\\/#primaryimage\"},\"image\":{\"@id\":\"https:\\\/\\\/www.ilnotiziario.net\\\/wp\\\/prima-pagina\\\/limbiate-auto-danneggiate-da-atti-vandalici-al-villaggio-giovi\\\/#primaryimage\"},\"thumbnailUrl\":\"https:\\\/\\\/www.ilnotiziario.net\\\/wp\\\/wp-content\\\/uploads\\\/2024\\\/11\\\/auto-danni-limbiate.jpg\",\"datePublished\":\"2024-11-01T09:29:52+00:00\",\"description\":\"Il Villaggio dei Giovi di Limbiate&nbsp; ostaggio dei vandali: notti di devastazioni a danni delle auto posteggiate tra via Sottocorno e via Machiavelli.\",\"breadcrumb\":{\"@id\":\"https:\\\/\\\/www.ilnotiziario.net\\\/wp\\\/prima-pagina\\\/limbiate-auto-danneggiate-da-atti-vandalici-al-villaggio-giovi\\\/#breadcrumb\"},\"inLanguage\":\"it-IT\",\"potentialAction\":[{\"@type\":\"ReadAction\",\"target\":[\"https:\\\/\\\/www.ilnotiziario.net\\\/wp\\\/prima-pagina\\\/limbiate-auto-danneggiate-da-atti-vandalici-al-villaggio-giovi\\\/\"]}]},{\"@type\":\"ImageObject\",\"inLanguage\":\"it-IT\",\"@id\":\"https:\\\/\\\/www.ilnotiziario.net\\\/wp\\\/prima-pagina\\\/limbiate-auto-danneggiate-da-atti-vandalici-al-villaggio-giovi\\\/#primaryimage\",\"url\":\"https:\\\/\\\/www.ilnotiziario.net\\\/wp\\\/wp-content\\\/uploads\\\/2024\\\/11\\\/auto-danni-limbiate.jpg\",\"contentUrl\":\"https:\\\/\\\/www.ilnotiziario.net\\\/wp\\\/wp-content\\\/uploads\\\/2024\\\/11\\\/auto-danni-limbiate.jpg\",\"width\":792,\"height\":620,\"caption\":\"Limbiate danni auto\"},{\"@type\":\"BreadcrumbList\",\"@id\":\"https:\\\/\\\/www.ilnotiziario.net\\\/wp\\\/prima-pagina\\\/limbiate-auto-danneggiate-da-atti-vandalici-al-villaggio-giovi\\\/#breadcrumb\",\"itemListElement\":[{\"@type\":\"ListItem\",\"position\":1,\"name\":\"tds_text_logo_tagline_colortds_text_logo_tagline_colortds_text_logo_tagline_colortds_text_logo_tagline_colortd_module_7_title_excerpttd_module_7_title_excerpttd_module_7_title_excerpttd_module_7_title_excerptHome\",\"item\":\"https:\\\/\\\/www.ilnotiziario.net\\\/wp\\\/\"},{\"@type\":\"ListItem\",\"position\":2,\"name\":\"Limbiate, auto danneggiate da atti vandalici al Villaggio Giovi\"}]},{\"@type\":\"WebSite\",\"@id\":\"https:\\\/\\\/www.ilnotiziario.net\\\/wp\\\/#website\",\"url\":\"https:\\\/\\\/www.ilnotiziario.net\\\/wp\\\/\",\"name\":\"Il Notiziario\",\"description\":\"Per restare sempre connessi alla notizia\",\"publisher\":{\"@id\":\"https:\\\/\\\/www.ilnotiziario.net\\\/wp\\\/#organization\"},\"alternateName\":\"Il Notiziario Bollate\",\"potentialAction\":[{\"@type\":\"SearchAction\",\"target\":{\"@type\":\"EntryPoint\",\"urlTemplate\":\"https:\\\/\\\/www.ilnotiziario.net\\\/wp\\\/?s={search_term_string}\"},\"query-input\":{\"@type\":\"PropertyValueSpecification\",\"valueRequired\":true,\"valueName\":\"search_term_string\"}}],\"inLanguage\":\"it-IT\"},{\"@type\":\"Organization\",\"@id\":\"https:\\\/\\\/www.ilnotiziario.net\\\/wp\\\/#organization\",\"name\":\"Il Notiziario\",\"url\":\"https:\\\/\\\/www.ilnotiziario.net\\\/wp\\\/\",\"logo\":{\"@type\":\"ImageObject\",\"inLanguage\":\"it-IT\",\"@id\":\"https:\\\/\\\/www.ilnotiziario.net\\\/wp\\\/#\\\/schema\\\/logo\\\/image\\\/\",\"url\":\"https:\\\/\\\/www.ilnotiziario.net\\\/wp\\\/wp-content\\\/uploads\\\/2022\\\/06\\\/170x170ilN.png\",\"contentUrl\":\"https:\\\/\\\/www.ilnotiziario.net\\\/wp\\\/wp-content\\\/uploads\\\/2022\\\/06\\\/170x170ilN.png\",\"width\":355,\"height\":355,\"caption\":\"Il Notiziario\"},\"image\":{\"@id\":\"https:\\\/\\\/www.ilnotiziario.net\\\/wp\\\/#\\\/schema\\\/logo\\\/image\\\/\"},\"sameAs\":[\"https:\\\/\\\/www.facebook.com\\\/ilnotiziarioind\\\/\",\"https:\\\/\\\/x.com\\\/ilNotiziarioInd\",\"https:\\\/\\\/www.instagram.com\\\/ilnotiziario_settimanale\\\/\"]},{\"@type\":\"Person\",\"@id\":\"https:\\\/\\\/www.ilnotiziario.net\\\/wp\\\/#\\\/schema\\\/person\\\/386e222908f898bb41c033989482bbf2\",\"name\":\"Gabriele Bassani\",\"image\":{\"@type\":\"ImageObject\",\"inLanguage\":\"it-IT\",\"@id\":\"https:\\\/\\\/secure.gravatar.com\\\/avatar\\\/09274f4a84fa97698bde56f84b3afed61c8492d48b0550db9671b68c177479cb?s=96&d=mm&r=g\",\"url\":\"https:\\\/\\\/secure.gravatar.com\\\/avatar\\\/09274f4a84fa97698bde56f84b3afed61c8492d48b0550db9671b68c177479cb?s=96&d=mm&r=g\",\"contentUrl\":\"https:\\\/\\\/secure.gravatar.com\\\/avatar\\\/09274f4a84fa97698bde56f84b3afed61c8492d48b0550db9671b68c177479cb?s=96&d=mm&r=g\",\"caption\":\"Gabriele Bassani\"},\"sameAs\":[\"http:\\\/\\\/www.ilnotiziario.net\"]}]}<\/script>\n<!-- \/ Yoast SEO plugin. -->","yoast_head_json":{"title":"Limbiate, auto danneggiate da atti vandalici al Villaggio Giovi - Il Notiziario","description":"Il Villaggio dei Giovi di Limbiate&nbsp; ostaggio dei vandali: notti di devastazioni a danni delle auto posteggiate tra via Sottocorno e via Machiavelli.","robots":{"index":"index","follow":"follow","max-snippet":"max-snippet:-1","max-image-preview":"max-image-preview:large","max-video-preview":"max-video-preview:-1"},"canonical":"https:\/\/www.ilnotiziario.net\/wp\/prima-pagina\/limbiate-auto-danneggiate-da-atti-vandalici-al-villaggio-giovi\/","og_locale":"it_IT","og_type":"article","og_title":"Limbiate, auto danneggiate da atti vandalici al Villaggio Giovi - Il Notiziario","og_description":"Il Villaggio dei Giovi di Limbiate&nbsp; ostaggio dei vandali: notti di devastazioni a danni delle auto posteggiate tra via Sottocorno e via Machiavelli.","og_url":"https:\/\/www.ilnotiziario.net\/wp\/prima-pagina\/limbiate-auto-danneggiate-da-atti-vandalici-al-villaggio-giovi\/","og_site_name":"Il Notiziario","article_publisher":"https:\/\/www.facebook.com\/ilnotiziarioind\/","article_published_time":"2024-11-01T09:29:52+00:00","og_image":[{"width":792,"height":620,"url":"https:\/\/www.ilnotiziario.net\/wp\/wp-content\/uploads\/2024\/11\/auto-danni-limbiate.jpg","type":"image\/jpeg"}],"author":"Gabriele Bassani","twitter_card":"summary_large_image","twitter_creator":"@ilNotiziarioInd","twitter_site":"@ilNotiziarioInd","twitter_misc":{"Scritto da":"Gabriele Bassani","Tempo di lettura stimato":"2 minuti"},"schema":{"@context":"https:\/\/schema.org","@graph":[{"@type":"Article","@id":"https:\/\/www.ilnotiziario.net\/wp\/prima-pagina\/limbiate-auto-danneggiate-da-atti-vandalici-al-villaggio-giovi\/#article","isPartOf":{"@id":"https:\/\/www.ilnotiziario.net\/wp\/prima-pagina\/limbiate-auto-danneggiate-da-atti-vandalici-al-villaggio-giovi\/"},"author":{"name":"Gabriele Bassani","@id":"https:\/\/www.ilnotiziario.net\/wp\/#\/schema\/person\/386e222908f898bb41c033989482bbf2"},"headline":"Limbiate, auto danneggiate da atti vandalici al Villaggio Giovi","datePublished":"2024-11-01T09:29:52+00:00","mainEntityOfPage":{"@id":"https:\/\/www.ilnotiziario.net\/wp\/prima-pagina\/limbiate-auto-danneggiate-da-atti-vandalici-al-villaggio-giovi\/"},"wordCount":315,"publisher":{"@id":"https:\/\/www.ilnotiziario.net\/wp\/#organization"},"image":{"@id":"https:\/\/www.ilnotiziario.net\/wp\/prima-pagina\/limbiate-auto-danneggiate-da-atti-vandalici-al-villaggio-giovi\/#primaryimage"},"thumbnailUrl":"https:\/\/www.ilnotiziario.net\/wp\/wp-content\/uploads\/2024\/11\/auto-danni-limbiate.jpg","keywords":["auto","danni","Limbiate","vandali"],"articleSection":["Prima Pagina"],"inLanguage":"it-IT"},{"@type":"WebPage","@id":"https:\/\/www.ilnotiziario.net\/wp\/prima-pagina\/limbiate-auto-danneggiate-da-atti-vandalici-al-villaggio-giovi\/","url":"https:\/\/www.ilnotiziario.net\/wp\/prima-pagina\/limbiate-auto-danneggiate-da-atti-vandalici-al-villaggio-giovi\/","name":"Limbiate, auto danneggiate da atti vandalici al Villaggio Giovi - Il Notiziario","isPartOf":{"@id":"https:\/\/www.ilnotiziario.net\/wp\/#website"},"primaryImageOfPage":{"@id":"https:\/\/www.ilnotiziario.net\/wp\/prima-pagina\/limbiate-auto-danneggiate-da-atti-vandalici-al-villaggio-giovi\/#primaryimage"},"image":{"@id":"https:\/\/www.ilnotiziario.net\/wp\/prima-pagina\/limbiate-auto-danneggiate-da-atti-vandalici-al-villaggio-giovi\/#primaryimage"},"thumbnailUrl":"https:\/\/www.ilnotiziario.net\/wp\/wp-content\/uploads\/2024\/11\/auto-danni-limbiate.jpg","datePublished":"2024-11-01T09:29:52+00:00","description":"Il Villaggio dei Giovi di Limbiate&nbsp; ostaggio dei vandali: notti di devastazioni a danni delle auto posteggiate tra via Sottocorno e via Machiavelli.","breadcrumb":{"@id":"https:\/\/www.ilnotiziario.net\/wp\/prima-pagina\/limbiate-auto-danneggiate-da-atti-vandalici-al-villaggio-giovi\/#breadcrumb"},"inLanguage":"it-IT","potentialAction":[{"@type":"ReadAction","target":["https:\/\/www.ilnotiziario.net\/wp\/prima-pagina\/limbiate-auto-danneggiate-da-atti-vandalici-al-villaggio-giovi\/"]}]},{"@type":"ImageObject","inLanguage":"it-IT","@id":"https:\/\/www.ilnotiziario.net\/wp\/prima-pagina\/limbiate-auto-danneggiate-da-atti-vandalici-al-villaggio-giovi\/#primaryimage","url":"https:\/\/www.ilnotiziario.net\/wp\/wp-content\/uploads\/2024\/11\/auto-danni-limbiate.jpg","contentUrl":"https:\/\/www.ilnotiziario.net\/wp\/wp-content\/uploads\/2024\/11\/auto-danni-limbiate.jpg","width":792,"height":620,"caption":"Limbiate danni auto"},{"@type":"BreadcrumbList","@id":"https:\/\/www.ilnotiziario.net\/wp\/prima-pagina\/limbiate-auto-danneggiate-da-atti-vandalici-al-villaggio-giovi\/#breadcrumb","itemListElement":[{"@type":"ListItem","position":1,"name":"tds_text_logo_tagline_colortds_text_logo_tagline_colortds_text_logo_tagline_colortds_text_logo_tagline_colortd_module_7_title_excerpttd_module_7_title_excerpttd_module_7_title_excerpttd_module_7_title_excerptHome","item":"https:\/\/www.ilnotiziario.net\/wp\/"},{"@type":"ListItem","position":2,"name":"Limbiate, auto danneggiate da atti vandalici al Villaggio Giovi"}]},{"@type":"WebSite","@id":"https:\/\/www.ilnotiziario.net\/wp\/#website","url":"https:\/\/www.ilnotiziario.net\/wp\/","name":"Il Notiziario","description":"Per restare sempre connessi alla notizia","publisher":{"@id":"https:\/\/www.ilnotiziario.net\/wp\/#organization"},"alternateName":"Il Notiziario Bollate","potentialAction":[{"@type":"SearchAction","target":{"@type":"EntryPoint","urlTemplate":"https:\/\/www.ilnotiziario.net\/wp\/?s={search_term_string}"},"query-input":{"@type":"PropertyValueSpecification","valueRequired":true,"valueName":"search_term_string"}}],"inLanguage":"it-IT"},{"@type":"Organization","@id":"https:\/\/www.ilnotiziario.net\/wp\/#organization","name":"Il Notiziario","url":"https:\/\/www.ilnotiziario.net\/wp\/","logo":{"@type":"ImageObject","inLanguage":"it-IT","@id":"https:\/\/www.ilnotiziario.net\/wp\/#\/schema\/logo\/image\/","url":"https:\/\/www.ilnotiziario.net\/wp\/wp-content\/uploads\/2022\/06\/170x170ilN.png","contentUrl":"https:\/\/www.ilnotiziario.net\/wp\/wp-content\/uploads\/2022\/06\/170x170ilN.png","width":355,"height":355,"caption":"Il Notiziario"},"image":{"@id":"https:\/\/www.ilnotiziario.net\/wp\/#\/schema\/logo\/image\/"},"sameAs":["https:\/\/www.facebook.com\/ilnotiziarioind\/","https:\/\/x.com\/ilNotiziarioInd","https:\/\/www.instagram.com\/ilnotiziario_settimanale\/"]},{"@type":"Person","@id":"https:\/\/www.ilnotiziario.net\/wp\/#\/schema\/person\/386e222908f898bb41c033989482bbf2","name":"Gabriele Bassani","image":{"@type":"ImageObject","inLanguage":"it-IT","@id":"https:\/\/secure.gravatar.com\/avatar\/09274f4a84fa97698bde56f84b3afed61c8492d48b0550db9671b68c177479cb?s=96&d=mm&r=g","url":"https:\/\/secure.gravatar.com\/avatar\/09274f4a84fa97698bde56f84b3afed61c8492d48b0550db9671b68c177479cb?s=96&d=mm&r=g","contentUrl":"https:\/\/secure.gravatar.com\/avatar\/09274f4a84fa97698bde56f84b3afed61c8492d48b0550db9671b68c177479cb?s=96&d=mm&r=g","caption":"Gabriele Bassani"},"sameAs":["http:\/\/www.ilnotiziario.net"]}]}},"_links":{"self":[{"href":"https:\/\/www.ilnotiziario.net\/wp\/wp-json\/wp\/v2\/posts\/200831","targetHints":{"allow":["GET"]}}],"collection":[{"href":"https:\/\/www.ilnotiziario.net\/wp\/wp-json\/wp\/v2\/posts"}],"about":[{"href":"https:\/\/www.ilnotiziario.net\/wp\/wp-json\/wp\/v2\/types\/post"}],"author":[{"embeddable":true,"href":"https:\/\/www.ilnotiziario.net\/wp\/wp-json\/wp\/v2\/users\/3"}],"replies":[{"embeddable":true,"href":"https:\/\/www.ilnotiziario.net\/wp\/wp-json\/wp\/v2\/comments?post=200831"}],"version-history":[{"count":0,"href":"https:\/\/www.ilnotiziario.net\/wp\/wp-json\/wp\/v2\/posts\/200831\/revisions"}],"wp:featuredmedia":[{"embeddable":true,"href":"https:\/\/www.ilnotiziario.net\/wp\/wp-json\/wp\/v2\/media\/200833"}],"wp:attachment":[{"href":"https:\/\/www.ilnotiziario.net\/wp\/wp-json\/wp\/v2\/media?parent=200831"}],"wp:term":[{"taxonomy":"category","embeddable":true,"href":"https:\/\/www.ilnotiziario.net\/wp\/wp-json\/wp\/v2\/categories?post=200831"},{"taxonomy":"post_tag","embeddable":true,"href":"https:\/\/www.ilnotiziario.net\/wp\/wp-json\/wp\/v2\/tags?post=200831"}],"curies":[{"name":"wp","href":"https:\/\/api.w.org\/{rel}","templated":true}]}}