{"id":201027,"date":"2024-11-08T17:15:10","date_gmt":"2024-11-08T16:15:10","guid":{"rendered":"https:\/\/www.ilnotiziario.net\/wp\/?p=201027"},"modified":"2024-11-08T17:15:10","modified_gmt":"2024-11-08T16:15:10","slug":"eventi-week-end-dalla-festa-di-san-martino-a-bollate-allo-zio-fester-in-scena-a-limbiate","status":"publish","type":"post","link":"https:\/\/www.ilnotiziario.net\/wp\/prima-pagina\/eventi-week-end-dalla-festa-di-san-martino-a-bollate-allo-zio-fester-in-scena-a-limbiate\/","title":{"rendered":"Eventi week-end: dalla Festa di San Martino a Bollate allo &#8220;zio Fester&#8221; in scena a Limbiate"},"content":{"rendered":"<p>Ecco il consueto appuntamento con una selezione di eventi dall&#8217;8 al 10 novembre 2024:<\/p><div id=\"ilnot-1824877488\" class=\"ilnot-contenuto ilnot-entity-placement\"><p><!-- incontent_1 --><\/p>\n<div class=\"gptslot\" data-adunitid=\"1\"><\/div>\n<\/div>\n<h2>GERENZANO \u2013 Insieme per la \u201cPulizia dei Rioni\u201d<\/h2>\n<p>L\u2019associazione \u201cI Colori di Gerenzano\u201d e le Contrade del Palio, in collaborazione con il Comune e all\u2019interno del progetto \u201cAmbienti@moci\u201d, hanno organizzato per questa domenica 10 novembre la \u201cPulizia dei Rioni\u201d. Il ritrovo \u00e8 previsto alle 8.45 nei seguenti punti: Burghett al parcheggio del bar \u201cBuongustaia\u201d; Funtan in piazza 25 Aprile; Gio da Val in piazza De Gasperi; Madunina al parchetto di via Firenze; San Giacum alla chiesetta di San Giacomo; Tupini in via Berra.<\/p>\n<h2>ROVELLASCA \u2013 Inaugurazione della nuova piazza e festa &#8220;Autunno al Parco&#8221;<\/h2>\n<p>Domenica verr\u00e0 inaugurata la nuova piazza della chiesa parrocchiale dei Santi Pietro e Paolo. La cerimonia, con il taglio del nastro e la benedizione del nuovo sagrato recentemente ristrutturato, avr\u00e0 luogo alle 11, al termine della messa. Seguir\u00e0 un momento di conviviale caratterizzato da un rinfresco cui tutta la popolazione \u00e8 invitata a partecipare.<\/p><div id=\"ilnot-2894106806\" class=\"ilnot-contenuto_2 ilnot-entity-placement\"><div class=\"ads-wrapper\">\n<div class=\"ad-slot\">\n   <div id=\"ilnot-3555510701\" style=\"margin-right: auto;margin-left: auto;text-align: center;width: 320px;height: 100px;\"><a href=\"https:\/\/www.scuolasicurezza.it\/\"><img decoding=\"async\" src=\"https:\/\/www.ilnotiziario.net\/wp\/wp-content\/uploads\/2026\/04\/IlNotiziario_banner-sito-e-newsletter-320-x-100-px-1.gif\" alt=\"\"><\/a><\/div>\n  <\/div>\n<div class=\"ad-slot\">\n   <div id=\"ilnot-4004969573\" style=\"margin-right: auto;margin-left: auto;text-align: center;width: 320px;height: 100px;\"><a href=\"https:\/\/purodesignarredamenti.com\/\"><img decoding=\"async\" src=\"https:\/\/www.ilnotiziario.net\/wp\/wp-content\/uploads\/2026\/04\/banner-puro-ok.gif\" alt=\"whatsapp\"><\/a><\/div><\/p><\/div>\n<\/div>\n<\/div>\n<p>Domenica inoltre, al Burgh\u00e8, ci sar\u00e0 \u201cautunno al parco\u201d. Dalle 9 alle 19 ci saranno i mercatini degli hobbisti e dei creativi, e dei prodotti tipici italiani. Esporranno il loro materiale anche le associazioni, mentre i banchi con il \u201cpranzo da strada\u201d invaderanno i filari. Dalle 13.30 aprir\u00e0 il mercatino dei bambini \u201cProtagonista per un giorno\u201d. I pi\u00f9 piccoli potranno portare quello che non usano pi\u00f9, tipo libri, giochi e bambole, e scambiarlo con quello che portano gli altri bambini. Per tutto il pomeriggio nel parco si potranno incontrare anche le mascotte \u201cMario\u201d e \u201cLuigi Bross\u201d e truccabimbi. In caso di maltempo l\u2019evento sar\u00e0 posticipato al 17 novembre.<\/p>\n<h2>SOLARO \u2013 Pulizia del verde nelle aree di confine con Limbiate<\/h2>\n<p>Appuntamento domenica mattina per la pulizia del verde tra Solaro e Limbiate con Green Peaks. Il Comune di Solaro ha concesso il patrocinio all&#8217;evento di pulizia e di raccolta dei rifiuti organizzato per domenica 10 dal gruppo Green Peaks di Limbiate all\u2019interno delle iniziative promosse dalla Onlus Plastic Free. Il ritrovo \u00e8 alle ore 9 in via Beccaria a Solaro. L\u2019iniziativa, della durata di un paio d&#8217;ore, toccher\u00e0 le aree verdi diffuse al confine fra i territori comunali di Limbiate e di Solaro.<\/p>\n<p>Dalla partenza ci si diriger\u00e0 in via Oberdan e in via Sant&#8217;Anna per procedere con la raccolta dei rifiuti abbandonati. Green Peaks \u00e8 un gruppo di cittadini limbiatesi impegnato sul territorio per la cura dell\u2019ambiente e la pulizia delle aree verdi. L\u2019associazione fornir\u00e0 sacchi, pinze e guanti. \u00c8 consigliato un vestiario comodo e stivali alti.<\/p><div id=\"ilnot-523386155\" class=\"ilnot-contenuto_2-2 ilnot-entity-placement\"><div class=\"gptslot\" data-adunitid=\"2\"><\/div>\n<\/div>\n<h2>BOLLATE \u2013 A LaBolla concerto di cinque corali LGBTQIA+<\/h2>\n<p>La Citt\u00e0 di Bollate d\u00e0 spazio alla celebrazione della diversit\u00e0, con un concerto di cori LGBTQAI+ (che significa lesbiche, gay, bisessuali, transgender e transessuali, queer; intersessuali, asessuali, pi\u00f9 altre identit\u00e0 di genere e\/o orientamenti sessuali). Sabato 9, infatti, alle ore 20.30 al Teatro LaBolla il Comune di Bollate e Milano Pride NordOvest organizzano il concerto a ingresso libero \u201cThis is US\u201d, che vedr\u00e0 protagonisti 5 cori Arcobaleno provenienti da tutta Italia. Si tratta dei cori Checcoro (Milano), Diversa Vox (Sesto San Giovanni), Fuori dal Coro (Bergamo), Qoro (Torino) e The Good News Female Gospel Choir (Milano).<\/p>\n<p>Lo spettacolo celebra il valore della diversit\u00e0 e dell\u2019autodeterminazione attraverso la magia della musica.<br \/>\nIl concerto \u00e8 organizzato in occasione del Coming Out Day. Condotto dall\u2019esuberante Lawanda Gastrica, lo spettacolo offrir\u00e0 un viaggio musicale che spazier\u00e0 dal pop al rock, fino a brani della tradizione, con arrangiamenti a cappella e accompagnamenti strumentali. Ogni coro porter\u00e0 la propria identit\u00e0 e il proprio stile, con coreografie e interpretazioni che arricchiranno l\u2019esibizione rispecchiando la bellezza della pluralit\u00e0.<\/p>\n<h2>BOLLATE \u2013 Festa in piazza per San Martino: stand, esposizioni<\/h2>\n<p>Domenica 10 torna la festa del santo patrono, San Martino. Per l\u2019occasione, infatti, la Pro Loco Bollate organizza la quarta edizione di questa kermesse popolare, una giornata di animazione che si terr\u00e0 al Cantun Sciatin, area centrale della citt\u00e0, dalle 9 alle 18.30. Ricco il programma della festa, che prevede dalle 9 del mattino un mercatino con stand che proporranno prodotti enogastronomici di vario genere. Alle 12 la Confraternita della pentola comincer\u00e0 a proporre la cassoeula d\u2019asporto e un risotto a sorpresa (per prenotazioni: 328-6851592). Alle 14.30 andr\u00e0 in scena in piazza il concerto della Banda di Pinzano di Limbiate.<\/p><div id=\"ilnot-3424873484\" class=\"ilnot-contenuto_2-2-2 ilnot-entity-placement\"><div class=\"gptslot\" data-adunitid=\"3\"><\/div>\n<\/div>\n<p>Ma non \u00e8 tutto, perch\u00e8 per l\u2019intera giornata ci saranno un\u2019esposizione di motociclette Vespa a cura del Vespa Club e le immancabili caldarroste accompagnate dal vin brul\u00e8 con il Gruppo Alpini Bollate. Ci saranno stand di hobbisti e associazioni del territorio e rassegna d\u2019arte del Gruppo Artisti Bollatesi. Infine, nello Spazio Europa sotto il Comune, un\u2019esposizione a cura degli Amici modellisti San Martino con le loro eccezionali ricostruzioni in miniatura. Il tutto per trascorrere una bella giornata in compagnia.<\/p>\n<h2>NOVATE \u2013 Incontro su Thomas Merton al Centro Soci Coop<\/h2>\n<p>Venerd\u00ec 8 alle ore 21 presso il centro culturale Soci Coop di via Repubblica 15 si terr\u00e0 un incontro su Thomas Merton, monaco trappista e costruttore di pace. Relatore don Mario Zaninelli. Incontro organizzato con Acli Novate, Anpi, Coop Lombardia.<\/p>\n<h2>PALAZZOLO \u2013 Concerto di San Martino<\/h2>\n<p>\u00c8 in programma il tradizionale concerto di San Martino organizzato da Anbima e dal corpo musicale Santa Cecilia 1900. L\u2019appuntamento \u00e8 per sabato 9 alle ore 21 nella parrocchia di Palazzolo (via San Martino 2). Si esibir\u00e0 la banda del Campus Musicale senior del gruppo Anbima Lombardia. La direzione sar\u00e0 affidata al maestro Paolo Belloli.<\/p><div id=\"ilnot-3779936772\" class=\"ilnot-contenuto_2-2-2-2 ilnot-entity-placement\"><div class=\"gptslot\" data-adunitid=\"4\"><\/div>\n<\/div>\n<h2>LIMBIATE \u2013 Zio Fester all\u2019Auditorium<\/h2>\n<p>Dopo Halloween, si torna a divertirsi con i mostri a Limbiate con uno spettacolo della Compagnia Teatrale Fanteatro dal titolo \u201cChe fine ha fatto lo zio Fester?\u201d, Sabato 9 alle ore 21 la compagnia teatrale infatti racconter\u00e0 un giallo misterioso che vede protagonista la famiglia Addams in cerca dell\u2019amato zio Fester che sembra essere scomparso nel nulla. La compagnia ha la sua sede nel sotto teatro di Limbiate dove organizza anche corsi per ragazzi. In scena alcuni limbiatesi tra cui Andrea Ciaravola e Stefania Ciaravola che ha anche la regia dello spettacolo. L\u2019appuntamento \u00e8 all\u2019Auditorium di via Rodari (scuola elementare \u201cDon Milani\u201d) ed \u00e8 ad ingresso libero.<\/p>\n<h2>LIMBIATE \u2013 Giacomo Poretti e \u201cLa guerra dei bottoni\u201d a teatro<\/h2>\n<p>Giacomo Poretti, famoso per aver fatto parte di un trio con Aldo e Giovanni torna sul palco del teatro di Limbiate (via Valsugana 1) con uno spettacolo dal titolo \u201cCondominio mon amour\u201d affiancato dall\u2019attrice Daniela Cristofori. Venerd\u00ec 8 alle 21, andr\u00e0 infatti in scena uno spettacolo divertente ed esilarante che racconta le vicende legate al vecchio custode Angelo che svolge il proprio lavoro con dedizione presso la portineria di un condominio della \u201cMilano-bene\u201d. Lavora da pi\u00f9 di 30 anni in quello stabile quando gli viene annunciato il suo licenziamento. La sua presenza non \u00e8 pi\u00f9 richiesta e verr\u00e0 presto sostituito da un\u2019App. Da qui il racconto si fa sempre pi\u00f9 avvincente e lo spettatore verr\u00e0 travolto dagli eventi.<\/p><div id=\"ilnot-3445220074\" class=\"ilnot-contenuto_2-2-2-2-2 ilnot-entity-placement\"><div class=\"gptslot\" data-adunitid=\"5\"><\/div>\n<\/div>\n<p>Lo spettacolo che \u00e8 stato realizzato con la regia di Marco Zoppello, ha un costo di 20 euro per i biglietti interi e 15 per i ridotti. I biglietti sono in vendita direttamente in teatro. Domenica 10 alle 16, sempre presso il teatro comunale di via Valsugana, andr\u00e0 in scena uno spettacolo per famiglie prodotto da Bam Bam teatro con \u201cTocat\u00ec\u201d dal titolo \u201cLa guerra dei bottoni\u201d. Uno spettacolo rivolto alle famiglie da non perdere che ha un costo di 10 euro a persona per i biglietti interi e 5 euro per i ridotti.<\/p>\n<h2>LIMBIATE \u2013 Domenica mattinata di pulizia al Parco<\/h2>\n<p>Si torna a pulire la citt\u00e0 con Plastic Free e il gruppo Sei di Limbiate se pulisci. Domenica 10 dalle 9 alle 11 si terr\u00e0 una pulizia straordinaria nel Parco Groane. Il punto di ritrovo sar\u00e0 in via Cesare Beccaria a Solaro, proprio al confine con Limbiate. \u201cDa l\u00ec ci dirigeremo in via Per Limbiate e in via Oberdan per procedere con la raccolta- spiegano gli organizzatori-. Il materiale sar\u00e0 fornito da noi. Sacchi, pinze e guanti per tutti coloro che aderiranno all\u2019iniziativa. La durata della raccolta sar\u00e0 di circa 2 ore e consigliamo di vestirsi comodi, magari anche usando stivali alti.<\/p>\n<p>Chi volesse partecipare all\u2019evento dovr\u00e0 iscriversi utilizzando il link che \u00e8 riportato sulla nostra pagina Facebook, Sei di Limbiate se pulisci. Un\u2019occasione per fare qualcosa di concreto per la pulizia del proprio paese. Ogni volta sono numerosi i sacchi di spazzatura raccolti e questo lavoro sembra sempre infinito. La speranza \u00e8 che chi pulisce possa essere un esempio per quanti invece continuano a sporcare.<\/p>\n<h2>GARBAGNATE \u2013 Campionato di danze argentine<\/h2>\n<p>Domenica 10 alla sala Pegaso di via Milano 140 si terr\u00e0 il Campionato nazionale di danze argentine (tango, vals, milonga, canyengue, foxtrot e milongueros). Inizio competizioni alle ore 15.<\/p><div id=\"ilnot-2770075233\" class=\"ilnot-contenuto_2-2-2-2-2-2 ilnot-entity-placement\"><div class=\"gptslot\" data-adunitid=\"6\"><\/div>\n<\/div>\n<h2>ARESE \u2013 Novembre, mese di giochi: divertimento in biblioteca<\/h2>\n<p>La biblioteca anche quest\u2019anno partecipa all\u2019International Games Month. L\u2019adesione prevede l\u2019organizzazione di eventi ludici e interattivi per coinvolgere appassionati e curiosi di ogni et\u00e0. Il primo appuntamento, dal titolo Escape Room \u201cBloccati nello spazio\u201d, prender\u00e0 il via venerd\u00ec 8 (per poi proseguire il 15, 22 e 29 novembre) dalle 17 alle 18.30.<\/p>\n<p>Tutto ruota attorno a un asteroide non segnato sul radar, poi un\u2019improvvisa esplosione e la nave alla deriva. I sistemi, dopo un blackout, sono tutti offline e un oggetto sconosciuto si avvicina pericolosamente. Restano soltanto 15 minuti per riattivare la nave, salvare l\u2019equipaggio e fuggire con il prezioso carico\u2026 e salvare la vita. L\u2019attivit\u00e0 \u00e8 aperta a partire dai 6 anni. Prenotazione obbligatoria all\u2019indirizzo e-mail: biblioteca. arese@csbno.net.<\/p>\n","protected":false},"excerpt":{"rendered":"<p>Ecco il consueto appuntamento con una selezione di eventi dall&#8217;8 al 10 novembre 2024: GERENZANO \u2013 Insieme per la \u201cPulizia dei Rioni\u201d L\u2019associazione \u201cI Colori di Gerenzano\u201d e le Contrade del Palio, in collaborazione con il Comune e all\u2019interno del progetto \u201cAmbienti@moci\u201d, hanno organizzato per questa domenica 10 novembre la \u201cPulizia dei Rioni\u201d. Il ritrovo<\/p>\n","protected":false},"author":223159,"featured_media":201029,"comment_status":"closed","ping_status":"closed","sticky":false,"template":"","format":"standard","meta":{"footnotes":""},"categories":[277,20],"tags":[17124,17125,16290,16185],"class_list":{"0":"post-201027","1":"post","2":"type-post","3":"status-publish","4":"format-standard","5":"has-post-thumbnail","7":"category-appuntamenti-della-settimana","8":"category-prima-pagina","9":"tag-cosa-fare-domenica","10":"tag-cosa-fare-sabato","11":"tag-eventi-sabato-e-domenica","12":"tag-eventi-week-end"},"yoast_head":"<!-- This site is optimized with the Yoast SEO plugin v27.4 - https:\/\/yoast.com\/product\/yoast-seo-wordpress\/ -->\n<title>Eventi week-end: dalla Festa di San Martino a Bollate allo &quot;zio Fester&quot; in scena a Limbiate - Il Notiziario<\/title>\n<meta name=\"description\" content=\"Ecco il consueto appuntamento con una selezione di eventi dall&#039;8 al 10 novembre 2024: GERENZANO \u2013 Insieme per la \u201cPulizia dei Rioni\u201d L\u2019associazione \u201cI\" \/>\n<meta name=\"robots\" content=\"index, follow, max-snippet:-1, max-image-preview:large, max-video-preview:-1\" \/>\n<link rel=\"canonical\" href=\"https:\/\/www.ilnotiziario.net\/wp\/prima-pagina\/eventi-week-end-dalla-festa-di-san-martino-a-bollate-allo-zio-fester-in-scena-a-limbiate\/\" \/>\n<meta property=\"og:locale\" content=\"it_IT\" \/>\n<meta property=\"og:type\" content=\"article\" \/>\n<meta property=\"og:title\" content=\"Eventi week-end: dalla Festa di San Martino a Bollate allo &quot;zio Fester&quot; in scena a Limbiate - Il Notiziario\" \/>\n<meta property=\"og:description\" content=\"Ecco il consueto appuntamento con una selezione di eventi dall&#039;8 al 10 novembre 2024: GERENZANO \u2013 Insieme per la \u201cPulizia dei Rioni\u201d L\u2019associazione \u201cI\" \/>\n<meta property=\"og:url\" content=\"https:\/\/www.ilnotiziario.net\/wp\/prima-pagina\/eventi-week-end-dalla-festa-di-san-martino-a-bollate-allo-zio-fester-in-scena-a-limbiate\/\" \/>\n<meta property=\"og:site_name\" content=\"Il Notiziario\" \/>\n<meta property=\"article:publisher\" content=\"https:\/\/www.facebook.com\/ilnotiziarioind\/\" \/>\n<meta property=\"article:published_time\" content=\"2024-11-08T16:15:10+00:00\" \/>\n<meta property=\"og:image\" content=\"https:\/\/www.ilnotiziario.net\/wp\/wp-content\/uploads\/2024\/11\/festa-san-martino-bollate.jpg\" \/>\n\t<meta property=\"og:image:width\" content=\"1102\" \/>\n\t<meta property=\"og:image:height\" content=\"735\" \/>\n\t<meta property=\"og:image:type\" content=\"image\/jpeg\" \/>\n<meta name=\"author\" content=\"Manuela Beriozza\" \/>\n<meta name=\"twitter:card\" content=\"summary_large_image\" \/>\n<meta name=\"twitter:creator\" content=\"@ilNotiziarioInd\" \/>\n<meta name=\"twitter:site\" content=\"@ilNotiziarioInd\" \/>\n<meta name=\"twitter:label1\" content=\"Scritto da\" \/>\n\t<meta name=\"twitter:data1\" content=\"Manuela Beriozza\" \/>\n\t<meta name=\"twitter:label2\" content=\"Tempo di lettura stimato\" \/>\n\t<meta name=\"twitter:data2\" content=\"9 minuti\" \/>\n<script type=\"application\/ld+json\" class=\"yoast-schema-graph\">{\"@context\":\"https:\\\/\\\/schema.org\",\"@graph\":[{\"@type\":\"Article\",\"@id\":\"https:\\\/\\\/www.ilnotiziario.net\\\/wp\\\/prima-pagina\\\/eventi-week-end-dalla-festa-di-san-martino-a-bollate-allo-zio-fester-in-scena-a-limbiate\\\/#article\",\"isPartOf\":{\"@id\":\"https:\\\/\\\/www.ilnotiziario.net\\\/wp\\\/prima-pagina\\\/eventi-week-end-dalla-festa-di-san-martino-a-bollate-allo-zio-fester-in-scena-a-limbiate\\\/\"},\"author\":{\"name\":\"Manuela Beriozza\",\"@id\":\"https:\\\/\\\/www.ilnotiziario.net\\\/wp\\\/#\\\/schema\\\/person\\\/c902c4c1308705a92d37385bbce84394\"},\"headline\":\"Eventi week-end: dalla Festa di San Martino a Bollate allo &#8220;zio Fester&#8221; in scena a Limbiate\",\"datePublished\":\"2024-11-08T16:15:10+00:00\",\"mainEntityOfPage\":{\"@id\":\"https:\\\/\\\/www.ilnotiziario.net\\\/wp\\\/prima-pagina\\\/eventi-week-end-dalla-festa-di-san-martino-a-bollate-allo-zio-fester-in-scena-a-limbiate\\\/\"},\"wordCount\":1544,\"publisher\":{\"@id\":\"https:\\\/\\\/www.ilnotiziario.net\\\/wp\\\/#organization\"},\"image\":{\"@id\":\"https:\\\/\\\/www.ilnotiziario.net\\\/wp\\\/prima-pagina\\\/eventi-week-end-dalla-festa-di-san-martino-a-bollate-allo-zio-fester-in-scena-a-limbiate\\\/#primaryimage\"},\"thumbnailUrl\":\"https:\\\/\\\/www.ilnotiziario.net\\\/wp\\\/wp-content\\\/uploads\\\/2024\\\/11\\\/festa-san-martino-bollate.jpg\",\"keywords\":[\"cosa fare domenica\",\"cosa fare sabato\",\"Eventi sabato e domenica\",\"Eventi week-end\"],\"articleSection\":[\"APPUNTAMENTI\",\"Prima Pagina\"],\"inLanguage\":\"it-IT\"},{\"@type\":\"WebPage\",\"@id\":\"https:\\\/\\\/www.ilnotiziario.net\\\/wp\\\/prima-pagina\\\/eventi-week-end-dalla-festa-di-san-martino-a-bollate-allo-zio-fester-in-scena-a-limbiate\\\/\",\"url\":\"https:\\\/\\\/www.ilnotiziario.net\\\/wp\\\/prima-pagina\\\/eventi-week-end-dalla-festa-di-san-martino-a-bollate-allo-zio-fester-in-scena-a-limbiate\\\/\",\"name\":\"Eventi week-end: dalla Festa di San Martino a Bollate allo \\\"zio Fester\\\" in scena a Limbiate - Il Notiziario\",\"isPartOf\":{\"@id\":\"https:\\\/\\\/www.ilnotiziario.net\\\/wp\\\/#website\"},\"primaryImageOfPage\":{\"@id\":\"https:\\\/\\\/www.ilnotiziario.net\\\/wp\\\/prima-pagina\\\/eventi-week-end-dalla-festa-di-san-martino-a-bollate-allo-zio-fester-in-scena-a-limbiate\\\/#primaryimage\"},\"image\":{\"@id\":\"https:\\\/\\\/www.ilnotiziario.net\\\/wp\\\/prima-pagina\\\/eventi-week-end-dalla-festa-di-san-martino-a-bollate-allo-zio-fester-in-scena-a-limbiate\\\/#primaryimage\"},\"thumbnailUrl\":\"https:\\\/\\\/www.ilnotiziario.net\\\/wp\\\/wp-content\\\/uploads\\\/2024\\\/11\\\/festa-san-martino-bollate.jpg\",\"datePublished\":\"2024-11-08T16:15:10+00:00\",\"description\":\"Ecco il consueto appuntamento con una selezione di eventi dall'8 al 10 novembre 2024: GERENZANO \u2013 Insieme per la \u201cPulizia dei Rioni\u201d L\u2019associazione \u201cI\",\"breadcrumb\":{\"@id\":\"https:\\\/\\\/www.ilnotiziario.net\\\/wp\\\/prima-pagina\\\/eventi-week-end-dalla-festa-di-san-martino-a-bollate-allo-zio-fester-in-scena-a-limbiate\\\/#breadcrumb\"},\"inLanguage\":\"it-IT\",\"potentialAction\":[{\"@type\":\"ReadAction\",\"target\":[\"https:\\\/\\\/www.ilnotiziario.net\\\/wp\\\/prima-pagina\\\/eventi-week-end-dalla-festa-di-san-martino-a-bollate-allo-zio-fester-in-scena-a-limbiate\\\/\"]}]},{\"@type\":\"ImageObject\",\"inLanguage\":\"it-IT\",\"@id\":\"https:\\\/\\\/www.ilnotiziario.net\\\/wp\\\/prima-pagina\\\/eventi-week-end-dalla-festa-di-san-martino-a-bollate-allo-zio-fester-in-scena-a-limbiate\\\/#primaryimage\",\"url\":\"https:\\\/\\\/www.ilnotiziario.net\\\/wp\\\/wp-content\\\/uploads\\\/2024\\\/11\\\/festa-san-martino-bollate.jpg\",\"contentUrl\":\"https:\\\/\\\/www.ilnotiziario.net\\\/wp\\\/wp-content\\\/uploads\\\/2024\\\/11\\\/festa-san-martino-bollate.jpg\",\"width\":1102,\"height\":735,\"caption\":\"Fonte: Facebook\"},{\"@type\":\"BreadcrumbList\",\"@id\":\"https:\\\/\\\/www.ilnotiziario.net\\\/wp\\\/prima-pagina\\\/eventi-week-end-dalla-festa-di-san-martino-a-bollate-allo-zio-fester-in-scena-a-limbiate\\\/#breadcrumb\",\"itemListElement\":[{\"@type\":\"ListItem\",\"position\":1,\"name\":\"tds_text_logo_tagline_colortds_text_logo_tagline_colortds_text_logo_tagline_colortds_text_logo_tagline_colortd_module_7_title_excerpttd_module_7_title_excerpttd_module_7_title_excerpttd_module_7_title_excerptHome\",\"item\":\"https:\\\/\\\/www.ilnotiziario.net\\\/wp\\\/\"},{\"@type\":\"ListItem\",\"position\":2,\"name\":\"Eventi week-end: dalla Festa di San Martino a Bollate allo &#8220;zio Fester&#8221; in scena a Limbiate\"}]},{\"@type\":\"WebSite\",\"@id\":\"https:\\\/\\\/www.ilnotiziario.net\\\/wp\\\/#website\",\"url\":\"https:\\\/\\\/www.ilnotiziario.net\\\/wp\\\/\",\"name\":\"Il Notiziario\",\"description\":\"Per restare sempre connessi alla notizia\",\"publisher\":{\"@id\":\"https:\\\/\\\/www.ilnotiziario.net\\\/wp\\\/#organization\"},\"alternateName\":\"Il Notiziario Bollate\",\"potentialAction\":[{\"@type\":\"SearchAction\",\"target\":{\"@type\":\"EntryPoint\",\"urlTemplate\":\"https:\\\/\\\/www.ilnotiziario.net\\\/wp\\\/?s={search_term_string}\"},\"query-input\":{\"@type\":\"PropertyValueSpecification\",\"valueRequired\":true,\"valueName\":\"search_term_string\"}}],\"inLanguage\":\"it-IT\"},{\"@type\":\"Organization\",\"@id\":\"https:\\\/\\\/www.ilnotiziario.net\\\/wp\\\/#organization\",\"name\":\"Il Notiziario\",\"url\":\"https:\\\/\\\/www.ilnotiziario.net\\\/wp\\\/\",\"logo\":{\"@type\":\"ImageObject\",\"inLanguage\":\"it-IT\",\"@id\":\"https:\\\/\\\/www.ilnotiziario.net\\\/wp\\\/#\\\/schema\\\/logo\\\/image\\\/\",\"url\":\"https:\\\/\\\/www.ilnotiziario.net\\\/wp\\\/wp-content\\\/uploads\\\/2022\\\/06\\\/170x170ilN.png\",\"contentUrl\":\"https:\\\/\\\/www.ilnotiziario.net\\\/wp\\\/wp-content\\\/uploads\\\/2022\\\/06\\\/170x170ilN.png\",\"width\":355,\"height\":355,\"caption\":\"Il Notiziario\"},\"image\":{\"@id\":\"https:\\\/\\\/www.ilnotiziario.net\\\/wp\\\/#\\\/schema\\\/logo\\\/image\\\/\"},\"sameAs\":[\"https:\\\/\\\/www.facebook.com\\\/ilnotiziarioind\\\/\",\"https:\\\/\\\/x.com\\\/ilNotiziarioInd\",\"https:\\\/\\\/www.instagram.com\\\/ilnotiziario_settimanale\\\/\"]},{\"@type\":\"Person\",\"@id\":\"https:\\\/\\\/www.ilnotiziario.net\\\/wp\\\/#\\\/schema\\\/person\\\/c902c4c1308705a92d37385bbce84394\",\"name\":\"Manuela Beriozza\",\"image\":{\"@type\":\"ImageObject\",\"inLanguage\":\"it-IT\",\"@id\":\"https:\\\/\\\/secure.gravatar.com\\\/avatar\\\/272ed53352846a57a9f07f89720b22f58373dc9a85fa5b8ff49254ae02b61057?s=96&d=mm&r=g\",\"url\":\"https:\\\/\\\/secure.gravatar.com\\\/avatar\\\/272ed53352846a57a9f07f89720b22f58373dc9a85fa5b8ff49254ae02b61057?s=96&d=mm&r=g\",\"contentUrl\":\"https:\\\/\\\/secure.gravatar.com\\\/avatar\\\/272ed53352846a57a9f07f89720b22f58373dc9a85fa5b8ff49254ae02b61057?s=96&d=mm&r=g\",\"caption\":\"Manuela Beriozza\"}}]}<\/script>\n<!-- \/ Yoast SEO plugin. -->","yoast_head_json":{"title":"Eventi week-end: dalla Festa di San Martino a Bollate allo \"zio Fester\" in scena a Limbiate - Il Notiziario","description":"Ecco il consueto appuntamento con una selezione di eventi dall'8 al 10 novembre 2024: GERENZANO \u2013 Insieme per la \u201cPulizia dei Rioni\u201d L\u2019associazione \u201cI","robots":{"index":"index","follow":"follow","max-snippet":"max-snippet:-1","max-image-preview":"max-image-preview:large","max-video-preview":"max-video-preview:-1"},"canonical":"https:\/\/www.ilnotiziario.net\/wp\/prima-pagina\/eventi-week-end-dalla-festa-di-san-martino-a-bollate-allo-zio-fester-in-scena-a-limbiate\/","og_locale":"it_IT","og_type":"article","og_title":"Eventi week-end: dalla Festa di San Martino a Bollate allo \"zio Fester\" in scena a Limbiate - Il Notiziario","og_description":"Ecco il consueto appuntamento con una selezione di eventi dall'8 al 10 novembre 2024: GERENZANO \u2013 Insieme per la \u201cPulizia dei Rioni\u201d L\u2019associazione \u201cI","og_url":"https:\/\/www.ilnotiziario.net\/wp\/prima-pagina\/eventi-week-end-dalla-festa-di-san-martino-a-bollate-allo-zio-fester-in-scena-a-limbiate\/","og_site_name":"Il Notiziario","article_publisher":"https:\/\/www.facebook.com\/ilnotiziarioind\/","article_published_time":"2024-11-08T16:15:10+00:00","og_image":[{"width":1102,"height":735,"url":"https:\/\/www.ilnotiziario.net\/wp\/wp-content\/uploads\/2024\/11\/festa-san-martino-bollate.jpg","type":"image\/jpeg"}],"author":"Manuela Beriozza","twitter_card":"summary_large_image","twitter_creator":"@ilNotiziarioInd","twitter_site":"@ilNotiziarioInd","twitter_misc":{"Scritto da":"Manuela Beriozza","Tempo di lettura stimato":"9 minuti"},"schema":{"@context":"https:\/\/schema.org","@graph":[{"@type":"Article","@id":"https:\/\/www.ilnotiziario.net\/wp\/prima-pagina\/eventi-week-end-dalla-festa-di-san-martino-a-bollate-allo-zio-fester-in-scena-a-limbiate\/#article","isPartOf":{"@id":"https:\/\/www.ilnotiziario.net\/wp\/prima-pagina\/eventi-week-end-dalla-festa-di-san-martino-a-bollate-allo-zio-fester-in-scena-a-limbiate\/"},"author":{"name":"Manuela Beriozza","@id":"https:\/\/www.ilnotiziario.net\/wp\/#\/schema\/person\/c902c4c1308705a92d37385bbce84394"},"headline":"Eventi week-end: dalla Festa di San Martino a Bollate allo &#8220;zio Fester&#8221; in scena a Limbiate","datePublished":"2024-11-08T16:15:10+00:00","mainEntityOfPage":{"@id":"https:\/\/www.ilnotiziario.net\/wp\/prima-pagina\/eventi-week-end-dalla-festa-di-san-martino-a-bollate-allo-zio-fester-in-scena-a-limbiate\/"},"wordCount":1544,"publisher":{"@id":"https:\/\/www.ilnotiziario.net\/wp\/#organization"},"image":{"@id":"https:\/\/www.ilnotiziario.net\/wp\/prima-pagina\/eventi-week-end-dalla-festa-di-san-martino-a-bollate-allo-zio-fester-in-scena-a-limbiate\/#primaryimage"},"thumbnailUrl":"https:\/\/www.ilnotiziario.net\/wp\/wp-content\/uploads\/2024\/11\/festa-san-martino-bollate.jpg","keywords":["cosa fare domenica","cosa fare sabato","Eventi sabato e domenica","Eventi week-end"],"articleSection":["APPUNTAMENTI","Prima Pagina"],"inLanguage":"it-IT"},{"@type":"WebPage","@id":"https:\/\/www.ilnotiziario.net\/wp\/prima-pagina\/eventi-week-end-dalla-festa-di-san-martino-a-bollate-allo-zio-fester-in-scena-a-limbiate\/","url":"https:\/\/www.ilnotiziario.net\/wp\/prima-pagina\/eventi-week-end-dalla-festa-di-san-martino-a-bollate-allo-zio-fester-in-scena-a-limbiate\/","name":"Eventi week-end: dalla Festa di San Martino a Bollate allo \"zio Fester\" in scena a Limbiate - Il Notiziario","isPartOf":{"@id":"https:\/\/www.ilnotiziario.net\/wp\/#website"},"primaryImageOfPage":{"@id":"https:\/\/www.ilnotiziario.net\/wp\/prima-pagina\/eventi-week-end-dalla-festa-di-san-martino-a-bollate-allo-zio-fester-in-scena-a-limbiate\/#primaryimage"},"image":{"@id":"https:\/\/www.ilnotiziario.net\/wp\/prima-pagina\/eventi-week-end-dalla-festa-di-san-martino-a-bollate-allo-zio-fester-in-scena-a-limbiate\/#primaryimage"},"thumbnailUrl":"https:\/\/www.ilnotiziario.net\/wp\/wp-content\/uploads\/2024\/11\/festa-san-martino-bollate.jpg","datePublished":"2024-11-08T16:15:10+00:00","description":"Ecco il consueto appuntamento con una selezione di eventi dall'8 al 10 novembre 2024: GERENZANO \u2013 Insieme per la \u201cPulizia dei Rioni\u201d L\u2019associazione \u201cI","breadcrumb":{"@id":"https:\/\/www.ilnotiziario.net\/wp\/prima-pagina\/eventi-week-end-dalla-festa-di-san-martino-a-bollate-allo-zio-fester-in-scena-a-limbiate\/#breadcrumb"},"inLanguage":"it-IT","potentialAction":[{"@type":"ReadAction","target":["https:\/\/www.ilnotiziario.net\/wp\/prima-pagina\/eventi-week-end-dalla-festa-di-san-martino-a-bollate-allo-zio-fester-in-scena-a-limbiate\/"]}]},{"@type":"ImageObject","inLanguage":"it-IT","@id":"https:\/\/www.ilnotiziario.net\/wp\/prima-pagina\/eventi-week-end-dalla-festa-di-san-martino-a-bollate-allo-zio-fester-in-scena-a-limbiate\/#primaryimage","url":"https:\/\/www.ilnotiziario.net\/wp\/wp-content\/uploads\/2024\/11\/festa-san-martino-bollate.jpg","contentUrl":"https:\/\/www.ilnotiziario.net\/wp\/wp-content\/uploads\/2024\/11\/festa-san-martino-bollate.jpg","width":1102,"height":735,"caption":"Fonte: Facebook"},{"@type":"BreadcrumbList","@id":"https:\/\/www.ilnotiziario.net\/wp\/prima-pagina\/eventi-week-end-dalla-festa-di-san-martino-a-bollate-allo-zio-fester-in-scena-a-limbiate\/#breadcrumb","itemListElement":[{"@type":"ListItem","position":1,"name":"tds_text_logo_tagline_colortds_text_logo_tagline_colortds_text_logo_tagline_colortds_text_logo_tagline_colortd_module_7_title_excerpttd_module_7_title_excerpttd_module_7_title_excerpttd_module_7_title_excerptHome","item":"https:\/\/www.ilnotiziario.net\/wp\/"},{"@type":"ListItem","position":2,"name":"Eventi week-end: dalla Festa di San Martino a Bollate allo &#8220;zio Fester&#8221; in scena a Limbiate"}]},{"@type":"WebSite","@id":"https:\/\/www.ilnotiziario.net\/wp\/#website","url":"https:\/\/www.ilnotiziario.net\/wp\/","name":"Il Notiziario","description":"Per restare sempre connessi alla notizia","publisher":{"@id":"https:\/\/www.ilnotiziario.net\/wp\/#organization"},"alternateName":"Il Notiziario Bollate","potentialAction":[{"@type":"SearchAction","target":{"@type":"EntryPoint","urlTemplate":"https:\/\/www.ilnotiziario.net\/wp\/?s={search_term_string}"},"query-input":{"@type":"PropertyValueSpecification","valueRequired":true,"valueName":"search_term_string"}}],"inLanguage":"it-IT"},{"@type":"Organization","@id":"https:\/\/www.ilnotiziario.net\/wp\/#organization","name":"Il Notiziario","url":"https:\/\/www.ilnotiziario.net\/wp\/","logo":{"@type":"ImageObject","inLanguage":"it-IT","@id":"https:\/\/www.ilnotiziario.net\/wp\/#\/schema\/logo\/image\/","url":"https:\/\/www.ilnotiziario.net\/wp\/wp-content\/uploads\/2022\/06\/170x170ilN.png","contentUrl":"https:\/\/www.ilnotiziario.net\/wp\/wp-content\/uploads\/2022\/06\/170x170ilN.png","width":355,"height":355,"caption":"Il Notiziario"},"image":{"@id":"https:\/\/www.ilnotiziario.net\/wp\/#\/schema\/logo\/image\/"},"sameAs":["https:\/\/www.facebook.com\/ilnotiziarioind\/","https:\/\/x.com\/ilNotiziarioInd","https:\/\/www.instagram.com\/ilnotiziario_settimanale\/"]},{"@type":"Person","@id":"https:\/\/www.ilnotiziario.net\/wp\/#\/schema\/person\/c902c4c1308705a92d37385bbce84394","name":"Manuela Beriozza","image":{"@type":"ImageObject","inLanguage":"it-IT","@id":"https:\/\/secure.gravatar.com\/avatar\/272ed53352846a57a9f07f89720b22f58373dc9a85fa5b8ff49254ae02b61057?s=96&d=mm&r=g","url":"https:\/\/secure.gravatar.com\/avatar\/272ed53352846a57a9f07f89720b22f58373dc9a85fa5b8ff49254ae02b61057?s=96&d=mm&r=g","contentUrl":"https:\/\/secure.gravatar.com\/avatar\/272ed53352846a57a9f07f89720b22f58373dc9a85fa5b8ff49254ae02b61057?s=96&d=mm&r=g","caption":"Manuela Beriozza"}}]}},"_links":{"self":[{"href":"https:\/\/www.ilnotiziario.net\/wp\/wp-json\/wp\/v2\/posts\/201027","targetHints":{"allow":["GET"]}}],"collection":[{"href":"https:\/\/www.ilnotiziario.net\/wp\/wp-json\/wp\/v2\/posts"}],"about":[{"href":"https:\/\/www.ilnotiziario.net\/wp\/wp-json\/wp\/v2\/types\/post"}],"author":[{"embeddable":true,"href":"https:\/\/www.ilnotiziario.net\/wp\/wp-json\/wp\/v2\/users\/223159"}],"replies":[{"embeddable":true,"href":"https:\/\/www.ilnotiziario.net\/wp\/wp-json\/wp\/v2\/comments?post=201027"}],"version-history":[{"count":0,"href":"https:\/\/www.ilnotiziario.net\/wp\/wp-json\/wp\/v2\/posts\/201027\/revisions"}],"wp:featuredmedia":[{"embeddable":true,"href":"https:\/\/www.ilnotiziario.net\/wp\/wp-json\/wp\/v2\/media\/201029"}],"wp:attachment":[{"href":"https:\/\/www.ilnotiziario.net\/wp\/wp-json\/wp\/v2\/media?parent=201027"}],"wp:term":[{"taxonomy":"category","embeddable":true,"href":"https:\/\/www.ilnotiziario.net\/wp\/wp-json\/wp\/v2\/categories?post=201027"},{"taxonomy":"post_tag","embeddable":true,"href":"https:\/\/www.ilnotiziario.net\/wp\/wp-json\/wp\/v2\/tags?post=201027"}],"curies":[{"name":"wp","href":"https:\/\/api.w.org\/{rel}","templated":true}]}}