{"id":201065,"date":"2024-11-10T08:34:15","date_gmt":"2024-11-10T07:34:15","guid":{"rendered":"https:\/\/www.ilnotiziario.net\/wp\/?p=201065"},"modified":"2024-11-09T21:34:57","modified_gmt":"2024-11-09T20:34:57","slug":"garbagnate-arriva-la-tassa-di-soggiorno","status":"publish","type":"post","link":"https:\/\/www.ilnotiziario.net\/wp\/prima-pagina\/garbagnate-arriva-la-tassa-di-soggiorno\/","title":{"rendered":"Garbagnate, arriva la tassa di soggiorno"},"content":{"rendered":"<p>Garbagnate, arriva la tassa di soggiorno.<br \/>\nAnche il Comune di Garbagnate, come gi\u00e0 hanno fatto molti comuni limitrofi, ha deciso di introdurre l\u2019Imposta di soggiorno, ossia la tassa che deve pagare chi soggiorna in strutture alberghiere (e non solo) nella nostra citt\u00e0. L\u2019introduzione dell\u2019Imposta di soggiorno \u00e8 stata approvata dal Consiglio comunale nella seduta di luned\u00ec 4 novembre.<\/p><div id=\"ilnot-1534566661\" class=\"ilnot-contenuto ilnot-entity-placement\"><p><!-- incontent_1 --><\/p>\n<div class=\"gptslot\" data-adunitid=\"1\"><\/div>\n<\/div>\n<h2>Garbagnate, arriva la tassa di soggiorno: cos&#8217;\u00e8<\/h2>\n<p>L\u2019Imposta di soggiorno \u00e8 un tributo locale applicato a carico di chi pernotta in una struttura ricettiva cittadina (albergo, b&amp;b, ecc); \u00e8 determinata per persona e per numero di notti che tale persona dorme a Garbagnate. Tale imposta non pu\u00f2 essere istituita da tutti i Comuni, ma solo in quelli \u201cturistici\u201d, le Citt\u00e0 d\u2019Arte e i Capoluoghi di Provincia.<\/p>\n<p>A seguito dell\u2019aggiornamento Istat sulle densit\u00e0 turistiche, nel 2020 Garbagnate Milanese (cos\u00ec come i comuni limitrofi) \u00e8 stata inclusa da Regione Lombardia tra i \u201ccomuni turistici\u201d, dunque pu\u00f2 applicare tale imposta. Ogni Comune, conoscendo al meglio le peculiarit\u00e0 e le esigenze del Territorio, stabilisce autonomamente i parametri (tariffe, esenzioni, scadenze) da applicare, su indicazione della Giunta Comunale. L\u2019imposta non \u00e8 rivolta ai cittadini garbagnatesi ma agli ospiti: una sorta di \u201crisarcimento\u201d per i residenti dell\u2019impatto negativo portato dal Turismo, dal punto di vista ambientale (inquinamento), di vivibilit\u00e0, e di usura (di strade, strutture e servizi).<\/p><div id=\"ilnot-4293975443\" class=\"ilnot-contenuto_2 ilnot-entity-placement\"><div class=\"ads-wrapper\">\n<div class=\"ad-slot\">\n   <div id=\"ilnot-693140783\" style=\"margin-right: auto;margin-left: auto;text-align: center;width: 320px;height: 100px;\"><a href=\"https:\/\/www.scuolasicurezza.it\/\"><img decoding=\"async\" src=\"https:\/\/www.ilnotiziario.net\/wp\/wp-content\/uploads\/2026\/04\/IlNotiziario_banner-sito-e-newsletter-320-x-100-px-1.gif\" alt=\"\"><\/a><\/div>\n  <\/div>\n<div class=\"ad-slot\">\n   <div id=\"ilnot-2488727271\" style=\"margin-right: auto;margin-left: auto;text-align: center;width: 320px;height: 100px;\"><a href=\"https:\/\/purodesignarredamenti.com\/\"><img decoding=\"async\" src=\"https:\/\/www.ilnotiziario.net\/wp\/wp-content\/uploads\/2026\/04\/banner-puro-ok.gif\" alt=\"whatsapp\"><\/a><\/div><\/p><\/div>\n<\/div>\n<\/div>\n<h2>Tassa di soggiorno, quando e dove<\/h2>\n<p>L\u2019entrata in vigore dell\u2019Imposta di soggiorno \u00e8 prevista per il 1\u00b0 aprile del 2025. L\u2019importo non \u00e8 stato ancora definito, ma si parla di una tassa tra i 2 e i 3 euro a notte, a seconda che si alloggi in un hotel a 4 stelle o in un B&amp;b. E ci sarebbe anche un massimo di notti per cui si paga, che dovrebbe andare dalle 7 alle 14 notti, superate le quali non si paga pi\u00f9. Saranno esenti dal pagamento dell\u2019Imposta i minori, i familiari o accompagnatori di soggetti in degenza presso le strutture sanitarie di Garbagnate, i portatori di handicap e i loro accompagnatori, gli accompagnatori turistici e gli appartenenti alle Forze dell\u2019Ordine.<\/p>\n","protected":false},"excerpt":{"rendered":"<p>Garbagnate, arriva la tassa di soggiorno. Anche il Comune di Garbagnate, come gi\u00e0 hanno fatto molti comuni limitrofi, ha deciso di introdurre l\u2019Imposta di soggiorno, ossia la tassa che deve pagare chi soggiorna in strutture alberghiere (e non solo) nella nostra citt\u00e0. L\u2019introduzione dell\u2019Imposta di soggiorno \u00e8 stata approvata dal Consiglio comunale nella seduta di<\/p>\n","protected":false},"author":14,"featured_media":201068,"comment_status":"closed","ping_status":"closed","sticky":false,"template":"","format":"standard","meta":{"footnotes":""},"categories":[8,20],"tags":[16483,43,16484,2276],"class_list":{"0":"post-201065","1":"post","2":"type-post","3":"status-publish","4":"format-standard","5":"has-post-thumbnail","7":"category-bollatese","8":"category-prima-pagina","9":"tag-arriva","10":"tag-garbagnate","11":"tag-soggiorno","12":"tag-tassa"},"yoast_head":"<!-- This site is optimized with the Yoast SEO plugin v27.4 - https:\/\/yoast.com\/product\/yoast-seo-wordpress\/ -->\n<title>Garbagnate, arriva la tassa di soggiorno - Il Notiziario<\/title>\n<meta name=\"description\" content=\"Garbagnate, arriva la tassa di soggiorno. Anche il Comune di Garbagnate, come gi\u00e0 hanno fatto molti comuni limitrofi, ha deciso di introdurre l\u2019Imposta di\" \/>\n<meta name=\"robots\" content=\"index, follow, max-snippet:-1, max-image-preview:large, max-video-preview:-1\" \/>\n<link rel=\"canonical\" href=\"https:\/\/www.ilnotiziario.net\/wp\/prima-pagina\/garbagnate-arriva-la-tassa-di-soggiorno\/\" \/>\n<meta property=\"og:locale\" content=\"it_IT\" \/>\n<meta property=\"og:type\" content=\"article\" \/>\n<meta property=\"og:title\" content=\"Garbagnate, arriva la tassa di soggiorno - Il Notiziario\" \/>\n<meta property=\"og:description\" content=\"Garbagnate, arriva la tassa di soggiorno. Anche il Comune di Garbagnate, come gi\u00e0 hanno fatto molti comuni limitrofi, ha deciso di introdurre l\u2019Imposta di\" \/>\n<meta property=\"og:url\" content=\"https:\/\/www.ilnotiziario.net\/wp\/prima-pagina\/garbagnate-arriva-la-tassa-di-soggiorno\/\" \/>\n<meta property=\"og:site_name\" content=\"Il Notiziario\" \/>\n<meta property=\"article:publisher\" content=\"https:\/\/www.facebook.com\/ilnotiziarioind\/\" \/>\n<meta property=\"article:published_time\" content=\"2024-11-10T07:34:15+00:00\" \/>\n<meta property=\"og:image\" content=\"https:\/\/www.ilnotiziario.net\/wp\/wp-content\/uploads\/2024\/11\/Garbagnate-arriva-tassa-soggiorno.jpg\" \/>\n\t<meta property=\"og:image:width\" content=\"640\" \/>\n\t<meta property=\"og:image:height\" content=\"444\" \/>\n\t<meta property=\"og:image:type\" content=\"image\/jpeg\" \/>\n<meta name=\"author\" content=\"Silvia Citterio\" \/>\n<meta name=\"twitter:card\" content=\"summary_large_image\" \/>\n<meta name=\"twitter:creator\" content=\"@ilNotiziarioInd\" \/>\n<meta name=\"twitter:site\" content=\"@ilNotiziarioInd\" \/>\n<meta name=\"twitter:label1\" content=\"Scritto da\" \/>\n\t<meta name=\"twitter:data1\" content=\"Silvia Citterio\" \/>\n\t<meta name=\"twitter:label2\" content=\"Tempo di lettura stimato\" \/>\n\t<meta name=\"twitter:data2\" content=\"3 minuti\" \/>\n<script type=\"application\/ld+json\" class=\"yoast-schema-graph\">{\"@context\":\"https:\\\/\\\/schema.org\",\"@graph\":[{\"@type\":\"Article\",\"@id\":\"https:\\\/\\\/www.ilnotiziario.net\\\/wp\\\/prima-pagina\\\/garbagnate-arriva-la-tassa-di-soggiorno\\\/#article\",\"isPartOf\":{\"@id\":\"https:\\\/\\\/www.ilnotiziario.net\\\/wp\\\/prima-pagina\\\/garbagnate-arriva-la-tassa-di-soggiorno\\\/\"},\"author\":{\"name\":\"Silvia Citterio\",\"@id\":\"https:\\\/\\\/www.ilnotiziario.net\\\/wp\\\/#\\\/schema\\\/person\\\/c5bca2edc3d99d29959f04a6126f687b\"},\"headline\":\"Garbagnate, arriva la tassa di soggiorno\",\"datePublished\":\"2024-11-10T07:34:15+00:00\",\"mainEntityOfPage\":{\"@id\":\"https:\\\/\\\/www.ilnotiziario.net\\\/wp\\\/prima-pagina\\\/garbagnate-arriva-la-tassa-di-soggiorno\\\/\"},\"wordCount\":347,\"publisher\":{\"@id\":\"https:\\\/\\\/www.ilnotiziario.net\\\/wp\\\/#organization\"},\"image\":{\"@id\":\"https:\\\/\\\/www.ilnotiziario.net\\\/wp\\\/prima-pagina\\\/garbagnate-arriva-la-tassa-di-soggiorno\\\/#primaryimage\"},\"thumbnailUrl\":\"https:\\\/\\\/www.ilnotiziario.net\\\/wp\\\/wp-content\\\/uploads\\\/2024\\\/11\\\/Garbagnate-arriva-tassa-soggiorno.jpg\",\"keywords\":[\"Arriva\",\"Garbagnate\",\"soggiorno\",\"tassa\"],\"articleSection\":[\"BOLLATESE\",\"Prima Pagina\"],\"inLanguage\":\"it-IT\"},{\"@type\":\"WebPage\",\"@id\":\"https:\\\/\\\/www.ilnotiziario.net\\\/wp\\\/prima-pagina\\\/garbagnate-arriva-la-tassa-di-soggiorno\\\/\",\"url\":\"https:\\\/\\\/www.ilnotiziario.net\\\/wp\\\/prima-pagina\\\/garbagnate-arriva-la-tassa-di-soggiorno\\\/\",\"name\":\"Garbagnate, arriva la tassa di soggiorno - Il Notiziario\",\"isPartOf\":{\"@id\":\"https:\\\/\\\/www.ilnotiziario.net\\\/wp\\\/#website\"},\"primaryImageOfPage\":{\"@id\":\"https:\\\/\\\/www.ilnotiziario.net\\\/wp\\\/prima-pagina\\\/garbagnate-arriva-la-tassa-di-soggiorno\\\/#primaryimage\"},\"image\":{\"@id\":\"https:\\\/\\\/www.ilnotiziario.net\\\/wp\\\/prima-pagina\\\/garbagnate-arriva-la-tassa-di-soggiorno\\\/#primaryimage\"},\"thumbnailUrl\":\"https:\\\/\\\/www.ilnotiziario.net\\\/wp\\\/wp-content\\\/uploads\\\/2024\\\/11\\\/Garbagnate-arriva-tassa-soggiorno.jpg\",\"datePublished\":\"2024-11-10T07:34:15+00:00\",\"description\":\"Garbagnate, arriva la tassa di soggiorno. Anche il Comune di Garbagnate, come gi\u00e0 hanno fatto molti comuni limitrofi, ha deciso di introdurre l\u2019Imposta di\",\"breadcrumb\":{\"@id\":\"https:\\\/\\\/www.ilnotiziario.net\\\/wp\\\/prima-pagina\\\/garbagnate-arriva-la-tassa-di-soggiorno\\\/#breadcrumb\"},\"inLanguage\":\"it-IT\",\"potentialAction\":[{\"@type\":\"ReadAction\",\"target\":[\"https:\\\/\\\/www.ilnotiziario.net\\\/wp\\\/prima-pagina\\\/garbagnate-arriva-la-tassa-di-soggiorno\\\/\"]}]},{\"@type\":\"ImageObject\",\"inLanguage\":\"it-IT\",\"@id\":\"https:\\\/\\\/www.ilnotiziario.net\\\/wp\\\/prima-pagina\\\/garbagnate-arriva-la-tassa-di-soggiorno\\\/#primaryimage\",\"url\":\"https:\\\/\\\/www.ilnotiziario.net\\\/wp\\\/wp-content\\\/uploads\\\/2024\\\/11\\\/Garbagnate-arriva-tassa-soggiorno.jpg\",\"contentUrl\":\"https:\\\/\\\/www.ilnotiziario.net\\\/wp\\\/wp-content\\\/uploads\\\/2024\\\/11\\\/Garbagnate-arriva-tassa-soggiorno.jpg\",\"width\":640,\"height\":444,\"caption\":\"Garbagnate arriva tassa soggiorno\"},{\"@type\":\"BreadcrumbList\",\"@id\":\"https:\\\/\\\/www.ilnotiziario.net\\\/wp\\\/prima-pagina\\\/garbagnate-arriva-la-tassa-di-soggiorno\\\/#breadcrumb\",\"itemListElement\":[{\"@type\":\"ListItem\",\"position\":1,\"name\":\"tds_text_logo_tagline_colortds_text_logo_tagline_colortds_text_logo_tagline_colortds_text_logo_tagline_colortd_module_7_title_excerpttd_module_7_title_excerpttd_module_7_title_excerpttd_module_7_title_excerptHome\",\"item\":\"https:\\\/\\\/www.ilnotiziario.net\\\/wp\\\/\"},{\"@type\":\"ListItem\",\"position\":2,\"name\":\"Garbagnate, arriva la tassa di soggiorno\"}]},{\"@type\":\"WebSite\",\"@id\":\"https:\\\/\\\/www.ilnotiziario.net\\\/wp\\\/#website\",\"url\":\"https:\\\/\\\/www.ilnotiziario.net\\\/wp\\\/\",\"name\":\"Il Notiziario\",\"description\":\"Per restare sempre connessi alla notizia\",\"publisher\":{\"@id\":\"https:\\\/\\\/www.ilnotiziario.net\\\/wp\\\/#organization\"},\"alternateName\":\"Il Notiziario Bollate\",\"potentialAction\":[{\"@type\":\"SearchAction\",\"target\":{\"@type\":\"EntryPoint\",\"urlTemplate\":\"https:\\\/\\\/www.ilnotiziario.net\\\/wp\\\/?s={search_term_string}\"},\"query-input\":{\"@type\":\"PropertyValueSpecification\",\"valueRequired\":true,\"valueName\":\"search_term_string\"}}],\"inLanguage\":\"it-IT\"},{\"@type\":\"Organization\",\"@id\":\"https:\\\/\\\/www.ilnotiziario.net\\\/wp\\\/#organization\",\"name\":\"Il Notiziario\",\"url\":\"https:\\\/\\\/www.ilnotiziario.net\\\/wp\\\/\",\"logo\":{\"@type\":\"ImageObject\",\"inLanguage\":\"it-IT\",\"@id\":\"https:\\\/\\\/www.ilnotiziario.net\\\/wp\\\/#\\\/schema\\\/logo\\\/image\\\/\",\"url\":\"https:\\\/\\\/www.ilnotiziario.net\\\/wp\\\/wp-content\\\/uploads\\\/2022\\\/06\\\/170x170ilN.png\",\"contentUrl\":\"https:\\\/\\\/www.ilnotiziario.net\\\/wp\\\/wp-content\\\/uploads\\\/2022\\\/06\\\/170x170ilN.png\",\"width\":355,\"height\":355,\"caption\":\"Il Notiziario\"},\"image\":{\"@id\":\"https:\\\/\\\/www.ilnotiziario.net\\\/wp\\\/#\\\/schema\\\/logo\\\/image\\\/\"},\"sameAs\":[\"https:\\\/\\\/www.facebook.com\\\/ilnotiziarioind\\\/\",\"https:\\\/\\\/x.com\\\/ilNotiziarioInd\",\"https:\\\/\\\/www.instagram.com\\\/ilnotiziario_settimanale\\\/\"]},{\"@type\":\"Person\",\"@id\":\"https:\\\/\\\/www.ilnotiziario.net\\\/wp\\\/#\\\/schema\\\/person\\\/c5bca2edc3d99d29959f04a6126f687b\",\"name\":\"Silvia Citterio\",\"image\":{\"@type\":\"ImageObject\",\"inLanguage\":\"it-IT\",\"@id\":\"https:\\\/\\\/secure.gravatar.com\\\/avatar\\\/03eb19c63b944e79a9b5ce53ca5d1ca303edcf368a68721ec3ccaae7f98c5afd?s=96&d=mm&r=g\",\"url\":\"https:\\\/\\\/secure.gravatar.com\\\/avatar\\\/03eb19c63b944e79a9b5ce53ca5d1ca303edcf368a68721ec3ccaae7f98c5afd?s=96&d=mm&r=g\",\"contentUrl\":\"https:\\\/\\\/secure.gravatar.com\\\/avatar\\\/03eb19c63b944e79a9b5ce53ca5d1ca303edcf368a68721ec3ccaae7f98c5afd?s=96&d=mm&r=g\",\"caption\":\"Silvia Citterio\"}}]}<\/script>\n<!-- \/ Yoast SEO plugin. -->","yoast_head_json":{"title":"Garbagnate, arriva la tassa di soggiorno - Il Notiziario","description":"Garbagnate, arriva la tassa di soggiorno. Anche il Comune di Garbagnate, come gi\u00e0 hanno fatto molti comuni limitrofi, ha deciso di introdurre l\u2019Imposta di","robots":{"index":"index","follow":"follow","max-snippet":"max-snippet:-1","max-image-preview":"max-image-preview:large","max-video-preview":"max-video-preview:-1"},"canonical":"https:\/\/www.ilnotiziario.net\/wp\/prima-pagina\/garbagnate-arriva-la-tassa-di-soggiorno\/","og_locale":"it_IT","og_type":"article","og_title":"Garbagnate, arriva la tassa di soggiorno - Il Notiziario","og_description":"Garbagnate, arriva la tassa di soggiorno. Anche il Comune di Garbagnate, come gi\u00e0 hanno fatto molti comuni limitrofi, ha deciso di introdurre l\u2019Imposta di","og_url":"https:\/\/www.ilnotiziario.net\/wp\/prima-pagina\/garbagnate-arriva-la-tassa-di-soggiorno\/","og_site_name":"Il Notiziario","article_publisher":"https:\/\/www.facebook.com\/ilnotiziarioind\/","article_published_time":"2024-11-10T07:34:15+00:00","og_image":[{"width":640,"height":444,"url":"https:\/\/www.ilnotiziario.net\/wp\/wp-content\/uploads\/2024\/11\/Garbagnate-arriva-tassa-soggiorno.jpg","type":"image\/jpeg"}],"author":"Silvia Citterio","twitter_card":"summary_large_image","twitter_creator":"@ilNotiziarioInd","twitter_site":"@ilNotiziarioInd","twitter_misc":{"Scritto da":"Silvia Citterio","Tempo di lettura stimato":"3 minuti"},"schema":{"@context":"https:\/\/schema.org","@graph":[{"@type":"Article","@id":"https:\/\/www.ilnotiziario.net\/wp\/prima-pagina\/garbagnate-arriva-la-tassa-di-soggiorno\/#article","isPartOf":{"@id":"https:\/\/www.ilnotiziario.net\/wp\/prima-pagina\/garbagnate-arriva-la-tassa-di-soggiorno\/"},"author":{"name":"Silvia Citterio","@id":"https:\/\/www.ilnotiziario.net\/wp\/#\/schema\/person\/c5bca2edc3d99d29959f04a6126f687b"},"headline":"Garbagnate, arriva la tassa di soggiorno","datePublished":"2024-11-10T07:34:15+00:00","mainEntityOfPage":{"@id":"https:\/\/www.ilnotiziario.net\/wp\/prima-pagina\/garbagnate-arriva-la-tassa-di-soggiorno\/"},"wordCount":347,"publisher":{"@id":"https:\/\/www.ilnotiziario.net\/wp\/#organization"},"image":{"@id":"https:\/\/www.ilnotiziario.net\/wp\/prima-pagina\/garbagnate-arriva-la-tassa-di-soggiorno\/#primaryimage"},"thumbnailUrl":"https:\/\/www.ilnotiziario.net\/wp\/wp-content\/uploads\/2024\/11\/Garbagnate-arriva-tassa-soggiorno.jpg","keywords":["Arriva","Garbagnate","soggiorno","tassa"],"articleSection":["BOLLATESE","Prima Pagina"],"inLanguage":"it-IT"},{"@type":"WebPage","@id":"https:\/\/www.ilnotiziario.net\/wp\/prima-pagina\/garbagnate-arriva-la-tassa-di-soggiorno\/","url":"https:\/\/www.ilnotiziario.net\/wp\/prima-pagina\/garbagnate-arriva-la-tassa-di-soggiorno\/","name":"Garbagnate, arriva la tassa di soggiorno - Il Notiziario","isPartOf":{"@id":"https:\/\/www.ilnotiziario.net\/wp\/#website"},"primaryImageOfPage":{"@id":"https:\/\/www.ilnotiziario.net\/wp\/prima-pagina\/garbagnate-arriva-la-tassa-di-soggiorno\/#primaryimage"},"image":{"@id":"https:\/\/www.ilnotiziario.net\/wp\/prima-pagina\/garbagnate-arriva-la-tassa-di-soggiorno\/#primaryimage"},"thumbnailUrl":"https:\/\/www.ilnotiziario.net\/wp\/wp-content\/uploads\/2024\/11\/Garbagnate-arriva-tassa-soggiorno.jpg","datePublished":"2024-11-10T07:34:15+00:00","description":"Garbagnate, arriva la tassa di soggiorno. Anche il Comune di Garbagnate, come gi\u00e0 hanno fatto molti comuni limitrofi, ha deciso di introdurre l\u2019Imposta di","breadcrumb":{"@id":"https:\/\/www.ilnotiziario.net\/wp\/prima-pagina\/garbagnate-arriva-la-tassa-di-soggiorno\/#breadcrumb"},"inLanguage":"it-IT","potentialAction":[{"@type":"ReadAction","target":["https:\/\/www.ilnotiziario.net\/wp\/prima-pagina\/garbagnate-arriva-la-tassa-di-soggiorno\/"]}]},{"@type":"ImageObject","inLanguage":"it-IT","@id":"https:\/\/www.ilnotiziario.net\/wp\/prima-pagina\/garbagnate-arriva-la-tassa-di-soggiorno\/#primaryimage","url":"https:\/\/www.ilnotiziario.net\/wp\/wp-content\/uploads\/2024\/11\/Garbagnate-arriva-tassa-soggiorno.jpg","contentUrl":"https:\/\/www.ilnotiziario.net\/wp\/wp-content\/uploads\/2024\/11\/Garbagnate-arriva-tassa-soggiorno.jpg","width":640,"height":444,"caption":"Garbagnate arriva tassa soggiorno"},{"@type":"BreadcrumbList","@id":"https:\/\/www.ilnotiziario.net\/wp\/prima-pagina\/garbagnate-arriva-la-tassa-di-soggiorno\/#breadcrumb","itemListElement":[{"@type":"ListItem","position":1,"name":"tds_text_logo_tagline_colortds_text_logo_tagline_colortds_text_logo_tagline_colortds_text_logo_tagline_colortd_module_7_title_excerpttd_module_7_title_excerpttd_module_7_title_excerpttd_module_7_title_excerptHome","item":"https:\/\/www.ilnotiziario.net\/wp\/"},{"@type":"ListItem","position":2,"name":"Garbagnate, arriva la tassa di soggiorno"}]},{"@type":"WebSite","@id":"https:\/\/www.ilnotiziario.net\/wp\/#website","url":"https:\/\/www.ilnotiziario.net\/wp\/","name":"Il Notiziario","description":"Per restare sempre connessi alla notizia","publisher":{"@id":"https:\/\/www.ilnotiziario.net\/wp\/#organization"},"alternateName":"Il Notiziario Bollate","potentialAction":[{"@type":"SearchAction","target":{"@type":"EntryPoint","urlTemplate":"https:\/\/www.ilnotiziario.net\/wp\/?s={search_term_string}"},"query-input":{"@type":"PropertyValueSpecification","valueRequired":true,"valueName":"search_term_string"}}],"inLanguage":"it-IT"},{"@type":"Organization","@id":"https:\/\/www.ilnotiziario.net\/wp\/#organization","name":"Il Notiziario","url":"https:\/\/www.ilnotiziario.net\/wp\/","logo":{"@type":"ImageObject","inLanguage":"it-IT","@id":"https:\/\/www.ilnotiziario.net\/wp\/#\/schema\/logo\/image\/","url":"https:\/\/www.ilnotiziario.net\/wp\/wp-content\/uploads\/2022\/06\/170x170ilN.png","contentUrl":"https:\/\/www.ilnotiziario.net\/wp\/wp-content\/uploads\/2022\/06\/170x170ilN.png","width":355,"height":355,"caption":"Il Notiziario"},"image":{"@id":"https:\/\/www.ilnotiziario.net\/wp\/#\/schema\/logo\/image\/"},"sameAs":["https:\/\/www.facebook.com\/ilnotiziarioind\/","https:\/\/x.com\/ilNotiziarioInd","https:\/\/www.instagram.com\/ilnotiziario_settimanale\/"]},{"@type":"Person","@id":"https:\/\/www.ilnotiziario.net\/wp\/#\/schema\/person\/c5bca2edc3d99d29959f04a6126f687b","name":"Silvia Citterio","image":{"@type":"ImageObject","inLanguage":"it-IT","@id":"https:\/\/secure.gravatar.com\/avatar\/03eb19c63b944e79a9b5ce53ca5d1ca303edcf368a68721ec3ccaae7f98c5afd?s=96&d=mm&r=g","url":"https:\/\/secure.gravatar.com\/avatar\/03eb19c63b944e79a9b5ce53ca5d1ca303edcf368a68721ec3ccaae7f98c5afd?s=96&d=mm&r=g","contentUrl":"https:\/\/secure.gravatar.com\/avatar\/03eb19c63b944e79a9b5ce53ca5d1ca303edcf368a68721ec3ccaae7f98c5afd?s=96&d=mm&r=g","caption":"Silvia Citterio"}}]}},"_links":{"self":[{"href":"https:\/\/www.ilnotiziario.net\/wp\/wp-json\/wp\/v2\/posts\/201065","targetHints":{"allow":["GET"]}}],"collection":[{"href":"https:\/\/www.ilnotiziario.net\/wp\/wp-json\/wp\/v2\/posts"}],"about":[{"href":"https:\/\/www.ilnotiziario.net\/wp\/wp-json\/wp\/v2\/types\/post"}],"author":[{"embeddable":true,"href":"https:\/\/www.ilnotiziario.net\/wp\/wp-json\/wp\/v2\/users\/14"}],"replies":[{"embeddable":true,"href":"https:\/\/www.ilnotiziario.net\/wp\/wp-json\/wp\/v2\/comments?post=201065"}],"version-history":[{"count":0,"href":"https:\/\/www.ilnotiziario.net\/wp\/wp-json\/wp\/v2\/posts\/201065\/revisions"}],"wp:featuredmedia":[{"embeddable":true,"href":"https:\/\/www.ilnotiziario.net\/wp\/wp-json\/wp\/v2\/media\/201068"}],"wp:attachment":[{"href":"https:\/\/www.ilnotiziario.net\/wp\/wp-json\/wp\/v2\/media?parent=201065"}],"wp:term":[{"taxonomy":"category","embeddable":true,"href":"https:\/\/www.ilnotiziario.net\/wp\/wp-json\/wp\/v2\/categories?post=201065"},{"taxonomy":"post_tag","embeddable":true,"href":"https:\/\/www.ilnotiziario.net\/wp\/wp-json\/wp\/v2\/tags?post=201065"}],"curies":[{"name":"wp","href":"https:\/\/api.w.org\/{rel}","templated":true}]}}