{"id":201527,"date":"2024-11-28T18:47:29","date_gmt":"2024-11-28T17:47:29","guid":{"rendered":"https:\/\/www.ilnotiziario.net\/wp\/?p=201527"},"modified":"2024-11-30T16:43:02","modified_gmt":"2024-11-30T15:43:02","slug":"le-mamme-dei-pinguini-recensione-dalla-polonia-una-serie-sulla-disabilita-infantile","status":"publish","type":"post","link":"https:\/\/www.ilnotiziario.net\/wp\/serietv\/le-mamme-dei-pinguini-recensione-dalla-polonia-una-serie-sulla-disabilita-infantile\/","title":{"rendered":"Le mamme dei pinguini, recensione: dalla Polonia una serie sulla disabilit\u00e0 infantile"},"content":{"rendered":"<p>di Stefano Di Maria &nbsp;<\/p><div id=\"ilnot-505130923\" class=\"ilnot-contenuto ilnot-entity-placement\"><p><!-- incontent_1 --><\/p>\n<div class=\"gptslot\" data-adunitid=\"1\"><\/div>\n<\/div>\n<p>Dalla Polonia \u00e8 approdato di recente su Netflix LE MAMME DEI PINGUINI, che tratta un tema poco affrontato dalla serialit\u00e0: la disabilit\u00e0 nell\u2019infanzia e le difficolt\u00e0 che devono affrontare non solo i piccoli ma anche le famiglie e il mondo della scuola. E\u2019 uno di quegli show che lasciano il segno, che <strong>ti restano dentro<\/strong> anche dopo i titoli di coda dell\u2019ultimo episodio. Questa \u00e8 la nostra recensione.<\/p>\n<p>Sotto<strong> il trailer:&nbsp;<\/strong> dal sito <strong>Trailer in Italiano<\/strong><\/p><div id=\"ilnot-385779652\" class=\"ilnot-contenuto_2 ilnot-entity-placement\"><div class=\"ads-wrapper\">\n<div class=\"ad-slot\">\n   <div id=\"ilnot-1632938294\" style=\"margin-right: auto;margin-left: auto;text-align: center;width: 320px;height: 100px;\"><a href=\"https:\/\/www.scuolasicurezza.it\/\"><img decoding=\"async\" src=\"https:\/\/www.ilnotiziario.net\/wp\/wp-content\/uploads\/2026\/04\/IlNotiziario_banner-sito-e-newsletter-320-x-100-px-1.gif\" alt=\"\"><\/a><\/div>\n  <\/div>\n<div class=\"ad-slot\">\n   <div id=\"ilnot-2789989544\" style=\"margin-right: auto;margin-left: auto;text-align: center;width: 320px;height: 100px;\"><a href=\"https:\/\/purodesignarredamenti.com\/\"><img decoding=\"async\" src=\"https:\/\/www.ilnotiziario.net\/wp\/wp-content\/uploads\/2026\/04\/banner-puro-ok.gif\" alt=\"whatsapp\"><\/a><\/div><\/p><\/div>\n<\/div>\n<\/div>\n<div class=\"epyt-video-wrapper\"><iframe  id=\"_ytid_81887\"  width=\"765\" height=\"430\"  data-origwidth=\"765\" data-origheight=\"430\"  data-relstop=\"1\" src=\"https:\/\/www.youtube-nocookie.com\/embed\/e2qsV8tifTY?enablejsapi=1&#038;autoplay=0&#038;cc_load_policy=0&#038;cc_lang_pref=&#038;iv_load_policy=1&#038;loop=0&#038;rel=0&#038;fs=1&#038;playsinline=0&#038;autohide=2&#038;theme=dark&#038;color=red&#038;controls=1&#038;disablekb=0&#038;\" class=\"__youtube_prefs__  epyt-is-override  no-lazyload\" title=\"YouTube player\"  allow=\"fullscreen; accelerometer; autoplay; clipboard-write; encrypted-media; gyroscope; picture-in-picture; web-share\" referrerpolicy=\"strict-origin-when-cross-origin\" allowfullscreen data-no-lazy=\"1\" data-skipgform_ajax_framebjll=\"\"><\/iframe><\/div>\n<h2><strong>LE MAMME DEI PINGUINI &#8211; La trama<\/strong><\/h2>\n<p>Madre single di giorno, lottatrice di MMA di notte, Kama non \u00e8 un tipico genitore ed \u00e8 proprio per questo che le riesce difficile accettare l\u2019autismo del figlio. Separata ma in buoni rapporti con l\u2019ex compagno, legatissima al suo piccolo, quando lo inserisce in una scuola per bambini disabili si scontra con difficolt\u00e0 di vita che non avrebbe mai immaginato. Attorno a lei ruotano le mamme degli altri allievi, tutte provate da una quotidianit\u00e0 dura, anzi durissima, ma anche accomunate dalla consapevolezza che fare gruppo d\u00e0 molta forza nell\u2019affrontare le difficili prove della vita.<\/p>\n<p><img fetchpriority=\"high\" decoding=\"async\" class=\"alignnone size-full wp-image-201530\" src=\"https:\/\/www.ilnotiziario.net\/wp\/wp-content\/uploads\/2024\/11\/stagione-1.jpg\" alt=\"\" width=\"332\" height=\"472\" srcset=\"https:\/\/www.ilnotiziario.net\/wp\/wp-content\/uploads\/2024\/11\/stagione-1.jpg 332w, https:\/\/www.ilnotiziario.net\/wp\/wp-content\/uploads\/2024\/11\/stagione-1-211x300.jpg 211w, https:\/\/www.ilnotiziario.net\/wp\/wp-content\/uploads\/2024\/11\/stagione-1-150x213.jpg 150w\" sizes=\"(max-width: 332px) 100vw, 332px\" \/><\/p>\n<h2><strong>LE MAMME DEI PINGUINI \u2013 La recensione<\/strong><\/h2>\n<p>La miniserie in sei episodi colpisce per <strong>il realismo<\/strong> con cui vengono raccontate le vicende familiari. Ogni genitore ha le sue paure, le sue fissazioni e manie legate al proprio bambino: c\u2019\u00e8 la protagonista Kama che nega l\u2019evidenza, non riuscendo ad ammettere che il suo piccolo si trova nello spettro autistico; c\u2019\u00e8 chi \u00e8 ossessionata dai social al punto da non rispettare la privacy delle altre mamme; c\u2019\u00e8 una madre che aspetta fuori dalla scuola in un furgone, pronta a correre quando la chiamano perch\u00e9 il figlio deve andare in bagno (\u00e8 affetto da distrofia muscolare).<\/p>\n<p><img decoding=\"async\" class=\"alignnone size-full wp-image-201531\" src=\"https:\/\/www.ilnotiziario.net\/wp\/wp-content\/uploads\/2024\/11\/AAAABdYJkdj_v6MQBStWPHjpsdE7-wWjZhmlv9GIl7uRH4tT00RdF4qk-RBmgyrX6RDlJgB6q0w6saNV2x1ZlK1m0xxiuC_wNhiXkPOTSVfiK0D4Os48z69z_Nry.jpg\" alt=\"\" width=\"448\" height=\"252\" srcset=\"https:\/\/www.ilnotiziario.net\/wp\/wp-content\/uploads\/2024\/11\/AAAABdYJkdj_v6MQBStWPHjpsdE7-wWjZhmlv9GIl7uRH4tT00RdF4qk-RBmgyrX6RDlJgB6q0w6saNV2x1ZlK1m0xxiuC_wNhiXkPOTSVfiK0D4Os48z69z_Nry.jpg 448w, https:\/\/www.ilnotiziario.net\/wp\/wp-content\/uploads\/2024\/11\/AAAABdYJkdj_v6MQBStWPHjpsdE7-wWjZhmlv9GIl7uRH4tT00RdF4qk-RBmgyrX6RDlJgB6q0w6saNV2x1ZlK1m0xxiuC_wNhiXkPOTSVfiK0D4Os48z69z_Nry-300x169.jpg 300w, https:\/\/www.ilnotiziario.net\/wp\/wp-content\/uploads\/2024\/11\/AAAABdYJkdj_v6MQBStWPHjpsdE7-wWjZhmlv9GIl7uRH4tT00RdF4qk-RBmgyrX6RDlJgB6q0w6saNV2x1ZlK1m0xxiuC_wNhiXkPOTSVfiK0D4Os48z69z_Nry-150x84.jpg 150w\" sizes=\"(max-width: 448px) 100vw, 448px\" \/><\/p>\n<p>All\u2019interno di questo microcosmo viene inserita una normalit\u00e0 che coinvolge tutti: tradimenti, corteggiamenti, crisi di coppia, omosessualit\u00e0 non dichiarata, battaglie scolastiche e furti sul lavoro. Come a voler rimarcare quanto le vite di chi combatte tutti i giorni con la disabilit\u00e0, dopo tutto, <strong>non sono poi cos\u00ec diverse<\/strong> da chi definisce la sua esistenza \u201cnormale\u201d. Certo, quella delle mamme dei pinguini (dal nome di una classe) \u00e8 una storia di coraggio, fatta di prove e difficolt\u00e0 che non tutti sarebbero in grado di affrontare. E\u2019 questo a renderle eccezionali.<\/p><div id=\"ilnot-1335056813\" class=\"ilnot-contenuto_2-2 ilnot-entity-placement\"><div class=\"gptslot\" data-adunitid=\"2\"><\/div>\n<\/div>\n<p><img decoding=\"async\" class=\"alignnone size-full wp-image-201532\" src=\"https:\/\/www.ilnotiziario.net\/wp\/wp-content\/uploads\/2024\/11\/images.jpg\" alt=\"\" width=\"300\" height=\"168\" srcset=\"https:\/\/www.ilnotiziario.net\/wp\/wp-content\/uploads\/2024\/11\/images.jpg 300w, https:\/\/www.ilnotiziario.net\/wp\/wp-content\/uploads\/2024\/11\/images-150x84.jpg 150w\" sizes=\"(max-width: 300px) 100vw, 300px\" \/><\/p>\n<p>La miniserie Netflix \u00e8 <strong>un<\/strong> <strong>dramma motivante ed emozionante<\/strong>, portato in scena da <strong>un cast credibile e convincente<\/strong>, valorizzato da una regia e da una scrittura che sono sempre centrate sui temi cardine del racconto, <strong>senza inutili lungaggini n\u00e9 sbavature.<\/strong><\/p>\n<p>Non ci resta che attendere la seconda stagione.<\/p>\n<h2>GIUDIZIO: 3\/5<\/h2>\n<p>Trovate qui tutte le nostre recensioni<\/p><div id=\"ilnot-3746449136\" class=\"ilnot-contenuto_2-2-2 ilnot-entity-placement\"><div class=\"gptslot\" data-adunitid=\"3\"><\/div>\n<\/div>\n<p><a href=\"https:\/\/www.ilnotiziario.net\/wp\/serie-tv\/?fbclid=IwZXh0bgNhZW0CMTAAAR3IR5oZVWxDHgTTMXtrr07fuCDGGaUzhkyE0AkcEyhNl7gd1Upp-WYusNI_aem_pobzJGm4SI9Wb-XTME8rSg\">https:\/\/www.ilnotiziario.net\/wp\/serie-tv\/<\/a><\/p>\n<p><strong>&nbsp;<\/strong><\/p>\n<p>&nbsp;<\/p>\n","protected":false},"excerpt":{"rendered":"<p>di Stefano Di Maria &nbsp; Dalla Polonia \u00e8 approdato di recente su Netflix LE MAMME DEI PINGUINI, che tratta un tema poco affrontato dalla serialit\u00e0: la disabilit\u00e0 nell\u2019infanzia e le difficolt\u00e0 che devono affrontare non solo i piccoli ma anche le famiglie e il mondo della scuola. E\u2019 uno di quegli show che lasciano il<\/p>\n","protected":false},"author":6,"featured_media":201529,"comment_status":"closed","ping_status":"closed","sticky":false,"template":"","format":"standard","meta":{"footnotes":""},"categories":[6756],"tags":[17313,6759,7900,6757],"class_list":{"0":"post-201527","1":"post","2":"type-post","3":"status-publish","4":"format-standard","5":"has-post-thumbnail","7":"category-serietv","8":"tag-le-mamme-dei-pinguini","9":"tag-netflix","10":"tag-recensione","11":"tag-serie-tv"},"yoast_head":"<!-- This site is optimized with the Yoast SEO plugin v27.4 - https:\/\/yoast.com\/product\/yoast-seo-wordpress\/ -->\n<title>Le mamme dei pinguini, recensione: dalla Polonia una serie sulla disabilit\u00e0 infantile - Il Notiziario<\/title>\n<meta name=\"description\" content=\"Un dramma motivante ed emozionante, portato in scena da un cast credibile e valorizzata da una regia e da una scrittura sempre centrate\" \/>\n<meta name=\"robots\" content=\"index, follow, max-snippet:-1, max-image-preview:large, max-video-preview:-1\" \/>\n<link rel=\"canonical\" href=\"https:\/\/www.ilnotiziario.net\/wp\/serietv\/le-mamme-dei-pinguini-recensione-dalla-polonia-una-serie-sulla-disabilita-infantile\/\" \/>\n<meta property=\"og:locale\" content=\"it_IT\" \/>\n<meta property=\"og:type\" content=\"article\" \/>\n<meta property=\"og:title\" content=\"Le mamme dei pinguini, recensione: dalla Polonia una serie sulla disabilit\u00e0 infantile - Il Notiziario\" \/>\n<meta property=\"og:description\" content=\"Un dramma motivante ed emozionante, portato in scena da un cast credibile e valorizzata da una regia e da una scrittura sempre centrate\" \/>\n<meta property=\"og:url\" content=\"https:\/\/www.ilnotiziario.net\/wp\/serietv\/le-mamme-dei-pinguini-recensione-dalla-polonia-una-serie-sulla-disabilita-infantile\/\" \/>\n<meta property=\"og:site_name\" content=\"Il Notiziario\" \/>\n<meta property=\"article:publisher\" content=\"https:\/\/www.facebook.com\/ilnotiziarioind\/\" \/>\n<meta property=\"article:published_time\" content=\"2024-11-28T17:47:29+00:00\" \/>\n<meta property=\"article:modified_time\" content=\"2024-11-30T15:43:02+00:00\" \/>\n<meta property=\"og:image\" content=\"https:\/\/www.ilnotiziario.net\/wp\/wp-content\/uploads\/2024\/11\/Immagine-2024-11-19-185033.jpg\" \/>\n\t<meta property=\"og:image:width\" content=\"715\" \/>\n\t<meta property=\"og:image:height\" content=\"414\" \/>\n\t<meta property=\"og:image:type\" content=\"image\/jpeg\" \/>\n<meta name=\"author\" content=\"Stefano Di Maria\" \/>\n<meta name=\"twitter:card\" content=\"summary_large_image\" \/>\n<meta name=\"twitter:creator\" content=\"@ilNotiziarioInd\" \/>\n<meta name=\"twitter:site\" content=\"@ilNotiziarioInd\" \/>\n<meta name=\"twitter:label1\" content=\"Scritto da\" \/>\n\t<meta name=\"twitter:data1\" content=\"Stefano Di Maria\" \/>\n\t<meta name=\"twitter:label2\" content=\"Tempo di lettura stimato\" \/>\n\t<meta name=\"twitter:data2\" content=\"4 minuti\" \/>\n<script type=\"application\/ld+json\" class=\"yoast-schema-graph\">{\"@context\":\"https:\\\/\\\/schema.org\",\"@graph\":[{\"@type\":\"Article\",\"@id\":\"https:\\\/\\\/www.ilnotiziario.net\\\/wp\\\/serietv\\\/le-mamme-dei-pinguini-recensione-dalla-polonia-una-serie-sulla-disabilita-infantile\\\/#article\",\"isPartOf\":{\"@id\":\"https:\\\/\\\/www.ilnotiziario.net\\\/wp\\\/serietv\\\/le-mamme-dei-pinguini-recensione-dalla-polonia-una-serie-sulla-disabilita-infantile\\\/\"},\"author\":{\"name\":\"Stefano Di Maria\",\"@id\":\"https:\\\/\\\/www.ilnotiziario.net\\\/wp\\\/#\\\/schema\\\/person\\\/82fdd8795bbed42a4164047853b6efe7\"},\"headline\":\"Le mamme dei pinguini, recensione: dalla Polonia una serie sulla disabilit\u00e0 infantile\",\"datePublished\":\"2024-11-28T17:47:29+00:00\",\"dateModified\":\"2024-11-30T15:43:02+00:00\",\"mainEntityOfPage\":{\"@id\":\"https:\\\/\\\/www.ilnotiziario.net\\\/wp\\\/serietv\\\/le-mamme-dei-pinguini-recensione-dalla-polonia-una-serie-sulla-disabilita-infantile\\\/\"},\"wordCount\":461,\"publisher\":{\"@id\":\"https:\\\/\\\/www.ilnotiziario.net\\\/wp\\\/#organization\"},\"image\":{\"@id\":\"https:\\\/\\\/www.ilnotiziario.net\\\/wp\\\/serietv\\\/le-mamme-dei-pinguini-recensione-dalla-polonia-una-serie-sulla-disabilita-infantile\\\/#primaryimage\"},\"thumbnailUrl\":\"https:\\\/\\\/www.ilnotiziario.net\\\/wp\\\/wp-content\\\/uploads\\\/2024\\\/11\\\/Immagine-2024-11-19-185033.jpg\",\"keywords\":[\"Le mamme dei pinguini\",\"netflix\",\"recensione\",\"serie tv\"],\"articleSection\":[\"SERIE TV\"],\"inLanguage\":\"it-IT\"},{\"@type\":\"WebPage\",\"@id\":\"https:\\\/\\\/www.ilnotiziario.net\\\/wp\\\/serietv\\\/le-mamme-dei-pinguini-recensione-dalla-polonia-una-serie-sulla-disabilita-infantile\\\/\",\"url\":\"https:\\\/\\\/www.ilnotiziario.net\\\/wp\\\/serietv\\\/le-mamme-dei-pinguini-recensione-dalla-polonia-una-serie-sulla-disabilita-infantile\\\/\",\"name\":\"Le mamme dei pinguini, recensione: dalla Polonia una serie sulla disabilit\u00e0 infantile - Il Notiziario\",\"isPartOf\":{\"@id\":\"https:\\\/\\\/www.ilnotiziario.net\\\/wp\\\/#website\"},\"primaryImageOfPage\":{\"@id\":\"https:\\\/\\\/www.ilnotiziario.net\\\/wp\\\/serietv\\\/le-mamme-dei-pinguini-recensione-dalla-polonia-una-serie-sulla-disabilita-infantile\\\/#primaryimage\"},\"image\":{\"@id\":\"https:\\\/\\\/www.ilnotiziario.net\\\/wp\\\/serietv\\\/le-mamme-dei-pinguini-recensione-dalla-polonia-una-serie-sulla-disabilita-infantile\\\/#primaryimage\"},\"thumbnailUrl\":\"https:\\\/\\\/www.ilnotiziario.net\\\/wp\\\/wp-content\\\/uploads\\\/2024\\\/11\\\/Immagine-2024-11-19-185033.jpg\",\"datePublished\":\"2024-11-28T17:47:29+00:00\",\"dateModified\":\"2024-11-30T15:43:02+00:00\",\"description\":\"Un dramma motivante ed emozionante, portato in scena da un cast credibile e valorizzata da una regia e da una scrittura sempre centrate\",\"breadcrumb\":{\"@id\":\"https:\\\/\\\/www.ilnotiziario.net\\\/wp\\\/serietv\\\/le-mamme-dei-pinguini-recensione-dalla-polonia-una-serie-sulla-disabilita-infantile\\\/#breadcrumb\"},\"inLanguage\":\"it-IT\",\"potentialAction\":[{\"@type\":\"ReadAction\",\"target\":[\"https:\\\/\\\/www.ilnotiziario.net\\\/wp\\\/serietv\\\/le-mamme-dei-pinguini-recensione-dalla-polonia-una-serie-sulla-disabilita-infantile\\\/\"]}]},{\"@type\":\"ImageObject\",\"inLanguage\":\"it-IT\",\"@id\":\"https:\\\/\\\/www.ilnotiziario.net\\\/wp\\\/serietv\\\/le-mamme-dei-pinguini-recensione-dalla-polonia-una-serie-sulla-disabilita-infantile\\\/#primaryimage\",\"url\":\"https:\\\/\\\/www.ilnotiziario.net\\\/wp\\\/wp-content\\\/uploads\\\/2024\\\/11\\\/Immagine-2024-11-19-185033.jpg\",\"contentUrl\":\"https:\\\/\\\/www.ilnotiziario.net\\\/wp\\\/wp-content\\\/uploads\\\/2024\\\/11\\\/Immagine-2024-11-19-185033.jpg\",\"width\":715,\"height\":414},{\"@type\":\"BreadcrumbList\",\"@id\":\"https:\\\/\\\/www.ilnotiziario.net\\\/wp\\\/serietv\\\/le-mamme-dei-pinguini-recensione-dalla-polonia-una-serie-sulla-disabilita-infantile\\\/#breadcrumb\",\"itemListElement\":[{\"@type\":\"ListItem\",\"position\":1,\"name\":\"tds_text_logo_tagline_colortds_text_logo_tagline_colortds_text_logo_tagline_colortds_text_logo_tagline_colortd_module_7_title_excerpttd_module_7_title_excerpttd_module_7_title_excerpttd_module_7_title_excerptHome\",\"item\":\"https:\\\/\\\/www.ilnotiziario.net\\\/wp\\\/\"},{\"@type\":\"ListItem\",\"position\":2,\"name\":\"Le mamme dei pinguini, recensione: dalla Polonia una serie sulla disabilit\u00e0 infantile\"}]},{\"@type\":\"WebSite\",\"@id\":\"https:\\\/\\\/www.ilnotiziario.net\\\/wp\\\/#website\",\"url\":\"https:\\\/\\\/www.ilnotiziario.net\\\/wp\\\/\",\"name\":\"Il Notiziario\",\"description\":\"Per restare sempre connessi alla notizia\",\"publisher\":{\"@id\":\"https:\\\/\\\/www.ilnotiziario.net\\\/wp\\\/#organization\"},\"alternateName\":\"Il Notiziario Bollate\",\"potentialAction\":[{\"@type\":\"SearchAction\",\"target\":{\"@type\":\"EntryPoint\",\"urlTemplate\":\"https:\\\/\\\/www.ilnotiziario.net\\\/wp\\\/?s={search_term_string}\"},\"query-input\":{\"@type\":\"PropertyValueSpecification\",\"valueRequired\":true,\"valueName\":\"search_term_string\"}}],\"inLanguage\":\"it-IT\"},{\"@type\":\"Organization\",\"@id\":\"https:\\\/\\\/www.ilnotiziario.net\\\/wp\\\/#organization\",\"name\":\"Il Notiziario\",\"url\":\"https:\\\/\\\/www.ilnotiziario.net\\\/wp\\\/\",\"logo\":{\"@type\":\"ImageObject\",\"inLanguage\":\"it-IT\",\"@id\":\"https:\\\/\\\/www.ilnotiziario.net\\\/wp\\\/#\\\/schema\\\/logo\\\/image\\\/\",\"url\":\"https:\\\/\\\/www.ilnotiziario.net\\\/wp\\\/wp-content\\\/uploads\\\/2022\\\/06\\\/170x170ilN.png\",\"contentUrl\":\"https:\\\/\\\/www.ilnotiziario.net\\\/wp\\\/wp-content\\\/uploads\\\/2022\\\/06\\\/170x170ilN.png\",\"width\":355,\"height\":355,\"caption\":\"Il Notiziario\"},\"image\":{\"@id\":\"https:\\\/\\\/www.ilnotiziario.net\\\/wp\\\/#\\\/schema\\\/logo\\\/image\\\/\"},\"sameAs\":[\"https:\\\/\\\/www.facebook.com\\\/ilnotiziarioind\\\/\",\"https:\\\/\\\/x.com\\\/ilNotiziarioInd\",\"https:\\\/\\\/www.instagram.com\\\/ilnotiziario_settimanale\\\/\"]},{\"@type\":\"Person\",\"@id\":\"https:\\\/\\\/www.ilnotiziario.net\\\/wp\\\/#\\\/schema\\\/person\\\/82fdd8795bbed42a4164047853b6efe7\",\"name\":\"Stefano Di Maria\",\"image\":{\"@type\":\"ImageObject\",\"inLanguage\":\"it-IT\",\"@id\":\"https:\\\/\\\/secure.gravatar.com\\\/avatar\\\/b3163d1e75da759bd0a681248e88a87d84bdd563fec9b060a3ae82742880745a?s=96&d=mm&r=g\",\"url\":\"https:\\\/\\\/secure.gravatar.com\\\/avatar\\\/b3163d1e75da759bd0a681248e88a87d84bdd563fec9b060a3ae82742880745a?s=96&d=mm&r=g\",\"contentUrl\":\"https:\\\/\\\/secure.gravatar.com\\\/avatar\\\/b3163d1e75da759bd0a681248e88a87d84bdd563fec9b060a3ae82742880745a?s=96&d=mm&r=g\",\"caption\":\"Stefano Di Maria\"},\"sameAs\":[\"http:\\\/\\\/www.ilnotiziario.net\"]}]}<\/script>\n<!-- \/ Yoast SEO plugin. -->","yoast_head_json":{"title":"Le mamme dei pinguini, recensione: dalla Polonia una serie sulla disabilit\u00e0 infantile - Il Notiziario","description":"Un dramma motivante ed emozionante, portato in scena da un cast credibile e valorizzata da una regia e da una scrittura sempre centrate","robots":{"index":"index","follow":"follow","max-snippet":"max-snippet:-1","max-image-preview":"max-image-preview:large","max-video-preview":"max-video-preview:-1"},"canonical":"https:\/\/www.ilnotiziario.net\/wp\/serietv\/le-mamme-dei-pinguini-recensione-dalla-polonia-una-serie-sulla-disabilita-infantile\/","og_locale":"it_IT","og_type":"article","og_title":"Le mamme dei pinguini, recensione: dalla Polonia una serie sulla disabilit\u00e0 infantile - Il Notiziario","og_description":"Un dramma motivante ed emozionante, portato in scena da un cast credibile e valorizzata da una regia e da una scrittura sempre centrate","og_url":"https:\/\/www.ilnotiziario.net\/wp\/serietv\/le-mamme-dei-pinguini-recensione-dalla-polonia-una-serie-sulla-disabilita-infantile\/","og_site_name":"Il Notiziario","article_publisher":"https:\/\/www.facebook.com\/ilnotiziarioind\/","article_published_time":"2024-11-28T17:47:29+00:00","article_modified_time":"2024-11-30T15:43:02+00:00","og_image":[{"width":715,"height":414,"url":"https:\/\/www.ilnotiziario.net\/wp\/wp-content\/uploads\/2024\/11\/Immagine-2024-11-19-185033.jpg","type":"image\/jpeg"}],"author":"Stefano Di Maria","twitter_card":"summary_large_image","twitter_creator":"@ilNotiziarioInd","twitter_site":"@ilNotiziarioInd","twitter_misc":{"Scritto da":"Stefano Di Maria","Tempo di lettura stimato":"4 minuti"},"schema":{"@context":"https:\/\/schema.org","@graph":[{"@type":"Article","@id":"https:\/\/www.ilnotiziario.net\/wp\/serietv\/le-mamme-dei-pinguini-recensione-dalla-polonia-una-serie-sulla-disabilita-infantile\/#article","isPartOf":{"@id":"https:\/\/www.ilnotiziario.net\/wp\/serietv\/le-mamme-dei-pinguini-recensione-dalla-polonia-una-serie-sulla-disabilita-infantile\/"},"author":{"name":"Stefano Di Maria","@id":"https:\/\/www.ilnotiziario.net\/wp\/#\/schema\/person\/82fdd8795bbed42a4164047853b6efe7"},"headline":"Le mamme dei pinguini, recensione: dalla Polonia una serie sulla disabilit\u00e0 infantile","datePublished":"2024-11-28T17:47:29+00:00","dateModified":"2024-11-30T15:43:02+00:00","mainEntityOfPage":{"@id":"https:\/\/www.ilnotiziario.net\/wp\/serietv\/le-mamme-dei-pinguini-recensione-dalla-polonia-una-serie-sulla-disabilita-infantile\/"},"wordCount":461,"publisher":{"@id":"https:\/\/www.ilnotiziario.net\/wp\/#organization"},"image":{"@id":"https:\/\/www.ilnotiziario.net\/wp\/serietv\/le-mamme-dei-pinguini-recensione-dalla-polonia-una-serie-sulla-disabilita-infantile\/#primaryimage"},"thumbnailUrl":"https:\/\/www.ilnotiziario.net\/wp\/wp-content\/uploads\/2024\/11\/Immagine-2024-11-19-185033.jpg","keywords":["Le mamme dei pinguini","netflix","recensione","serie tv"],"articleSection":["SERIE TV"],"inLanguage":"it-IT"},{"@type":"WebPage","@id":"https:\/\/www.ilnotiziario.net\/wp\/serietv\/le-mamme-dei-pinguini-recensione-dalla-polonia-una-serie-sulla-disabilita-infantile\/","url":"https:\/\/www.ilnotiziario.net\/wp\/serietv\/le-mamme-dei-pinguini-recensione-dalla-polonia-una-serie-sulla-disabilita-infantile\/","name":"Le mamme dei pinguini, recensione: dalla Polonia una serie sulla disabilit\u00e0 infantile - Il Notiziario","isPartOf":{"@id":"https:\/\/www.ilnotiziario.net\/wp\/#website"},"primaryImageOfPage":{"@id":"https:\/\/www.ilnotiziario.net\/wp\/serietv\/le-mamme-dei-pinguini-recensione-dalla-polonia-una-serie-sulla-disabilita-infantile\/#primaryimage"},"image":{"@id":"https:\/\/www.ilnotiziario.net\/wp\/serietv\/le-mamme-dei-pinguini-recensione-dalla-polonia-una-serie-sulla-disabilita-infantile\/#primaryimage"},"thumbnailUrl":"https:\/\/www.ilnotiziario.net\/wp\/wp-content\/uploads\/2024\/11\/Immagine-2024-11-19-185033.jpg","datePublished":"2024-11-28T17:47:29+00:00","dateModified":"2024-11-30T15:43:02+00:00","description":"Un dramma motivante ed emozionante, portato in scena da un cast credibile e valorizzata da una regia e da una scrittura sempre centrate","breadcrumb":{"@id":"https:\/\/www.ilnotiziario.net\/wp\/serietv\/le-mamme-dei-pinguini-recensione-dalla-polonia-una-serie-sulla-disabilita-infantile\/#breadcrumb"},"inLanguage":"it-IT","potentialAction":[{"@type":"ReadAction","target":["https:\/\/www.ilnotiziario.net\/wp\/serietv\/le-mamme-dei-pinguini-recensione-dalla-polonia-una-serie-sulla-disabilita-infantile\/"]}]},{"@type":"ImageObject","inLanguage":"it-IT","@id":"https:\/\/www.ilnotiziario.net\/wp\/serietv\/le-mamme-dei-pinguini-recensione-dalla-polonia-una-serie-sulla-disabilita-infantile\/#primaryimage","url":"https:\/\/www.ilnotiziario.net\/wp\/wp-content\/uploads\/2024\/11\/Immagine-2024-11-19-185033.jpg","contentUrl":"https:\/\/www.ilnotiziario.net\/wp\/wp-content\/uploads\/2024\/11\/Immagine-2024-11-19-185033.jpg","width":715,"height":414},{"@type":"BreadcrumbList","@id":"https:\/\/www.ilnotiziario.net\/wp\/serietv\/le-mamme-dei-pinguini-recensione-dalla-polonia-una-serie-sulla-disabilita-infantile\/#breadcrumb","itemListElement":[{"@type":"ListItem","position":1,"name":"tds_text_logo_tagline_colortds_text_logo_tagline_colortds_text_logo_tagline_colortds_text_logo_tagline_colortd_module_7_title_excerpttd_module_7_title_excerpttd_module_7_title_excerpttd_module_7_title_excerptHome","item":"https:\/\/www.ilnotiziario.net\/wp\/"},{"@type":"ListItem","position":2,"name":"Le mamme dei pinguini, recensione: dalla Polonia una serie sulla disabilit\u00e0 infantile"}]},{"@type":"WebSite","@id":"https:\/\/www.ilnotiziario.net\/wp\/#website","url":"https:\/\/www.ilnotiziario.net\/wp\/","name":"Il Notiziario","description":"Per restare sempre connessi alla notizia","publisher":{"@id":"https:\/\/www.ilnotiziario.net\/wp\/#organization"},"alternateName":"Il Notiziario Bollate","potentialAction":[{"@type":"SearchAction","target":{"@type":"EntryPoint","urlTemplate":"https:\/\/www.ilnotiziario.net\/wp\/?s={search_term_string}"},"query-input":{"@type":"PropertyValueSpecification","valueRequired":true,"valueName":"search_term_string"}}],"inLanguage":"it-IT"},{"@type":"Organization","@id":"https:\/\/www.ilnotiziario.net\/wp\/#organization","name":"Il Notiziario","url":"https:\/\/www.ilnotiziario.net\/wp\/","logo":{"@type":"ImageObject","inLanguage":"it-IT","@id":"https:\/\/www.ilnotiziario.net\/wp\/#\/schema\/logo\/image\/","url":"https:\/\/www.ilnotiziario.net\/wp\/wp-content\/uploads\/2022\/06\/170x170ilN.png","contentUrl":"https:\/\/www.ilnotiziario.net\/wp\/wp-content\/uploads\/2022\/06\/170x170ilN.png","width":355,"height":355,"caption":"Il Notiziario"},"image":{"@id":"https:\/\/www.ilnotiziario.net\/wp\/#\/schema\/logo\/image\/"},"sameAs":["https:\/\/www.facebook.com\/ilnotiziarioind\/","https:\/\/x.com\/ilNotiziarioInd","https:\/\/www.instagram.com\/ilnotiziario_settimanale\/"]},{"@type":"Person","@id":"https:\/\/www.ilnotiziario.net\/wp\/#\/schema\/person\/82fdd8795bbed42a4164047853b6efe7","name":"Stefano Di Maria","image":{"@type":"ImageObject","inLanguage":"it-IT","@id":"https:\/\/secure.gravatar.com\/avatar\/b3163d1e75da759bd0a681248e88a87d84bdd563fec9b060a3ae82742880745a?s=96&d=mm&r=g","url":"https:\/\/secure.gravatar.com\/avatar\/b3163d1e75da759bd0a681248e88a87d84bdd563fec9b060a3ae82742880745a?s=96&d=mm&r=g","contentUrl":"https:\/\/secure.gravatar.com\/avatar\/b3163d1e75da759bd0a681248e88a87d84bdd563fec9b060a3ae82742880745a?s=96&d=mm&r=g","caption":"Stefano Di Maria"},"sameAs":["http:\/\/www.ilnotiziario.net"]}]}},"_links":{"self":[{"href":"https:\/\/www.ilnotiziario.net\/wp\/wp-json\/wp\/v2\/posts\/201527","targetHints":{"allow":["GET"]}}],"collection":[{"href":"https:\/\/www.ilnotiziario.net\/wp\/wp-json\/wp\/v2\/posts"}],"about":[{"href":"https:\/\/www.ilnotiziario.net\/wp\/wp-json\/wp\/v2\/types\/post"}],"author":[{"embeddable":true,"href":"https:\/\/www.ilnotiziario.net\/wp\/wp-json\/wp\/v2\/users\/6"}],"replies":[{"embeddable":true,"href":"https:\/\/www.ilnotiziario.net\/wp\/wp-json\/wp\/v2\/comments?post=201527"}],"version-history":[{"count":0,"href":"https:\/\/www.ilnotiziario.net\/wp\/wp-json\/wp\/v2\/posts\/201527\/revisions"}],"wp:featuredmedia":[{"embeddable":true,"href":"https:\/\/www.ilnotiziario.net\/wp\/wp-json\/wp\/v2\/media\/201529"}],"wp:attachment":[{"href":"https:\/\/www.ilnotiziario.net\/wp\/wp-json\/wp\/v2\/media?parent=201527"}],"wp:term":[{"taxonomy":"category","embeddable":true,"href":"https:\/\/www.ilnotiziario.net\/wp\/wp-json\/wp\/v2\/categories?post=201527"},{"taxonomy":"post_tag","embeddable":true,"href":"https:\/\/www.ilnotiziario.net\/wp\/wp-json\/wp\/v2\/tags?post=201527"}],"curies":[{"name":"wp","href":"https:\/\/api.w.org\/{rel}","templated":true}]}}