{"id":201564,"date":"2024-11-29T17:14:38","date_gmt":"2024-11-29T16:14:38","guid":{"rendered":"https:\/\/www.ilnotiziario.net\/wp\/?p=201564"},"modified":"2024-11-29T20:43:50","modified_gmt":"2024-11-29T19:43:50","slug":"eventi-week-end-dallo-spettacolo-io-il-favoloso-gianni-a-uboldo-alla-corsa-babbo-run-di-solaro","status":"publish","type":"post","link":"https:\/\/www.ilnotiziario.net\/wp\/prima-pagina\/eventi-week-end-dallo-spettacolo-io-il-favoloso-gianni-a-uboldo-alla-corsa-babbo-run-di-solaro\/","title":{"rendered":"Eventi week-end: dallo spettacolo \u201cIo, il Favoloso Gianni\u201d a Uboldo alla corsa \u201cBabbo Run\u201d a Solaro"},"content":{"rendered":"<p>Una selezione di appuntamenti da venerd\u00ec 29 novembre a domenica 1 dicembre 2024, con tante iniziative solidali, spettacoli teatrali, concerti e tanto altro.<\/p><div id=\"ilnot-2913534546\" class=\"ilnot-contenuto ilnot-entity-placement\"><p><!-- incontent_1 --><\/p>\n<div class=\"gptslot\" data-adunitid=\"1\"><\/div>\n<\/div>\n<h2>ORIGGIO \u2013 Al via la nuova stagione musicale<\/h2>\n<p>L\u2019Associazione Amici di Villa Borletti propone per questo venerd\u00ec 29 novembre alle 21 il primo appuntamento della nuova stagione musicale: si esibiranno i musicisti Tommaso Polloni al corno e Simone Cereda al pianoforte.<\/p>\n<h2>UBOLDO \u2013 In scena lo spettacolo \u201cIo, il Favoloso Gianni\u201d<\/h2>\n<p>E \u2019 iniziato il conto alla rovescia per la \u201cprima\u201d ufficiale di \u201cIo, il Favoloso Gianni \u2013 La vera storia della mia prima vita da maestro straordinario\u201d, di Alessandro Colombo, tratto dal libro scritto dallo stesso Colombo con la consulenza editoriale di Sara Hamcho per Macchione Editore. Uno spettacolo che ha un forte legame con Uboldo, perch\u00e9 parla anche degli anni in cui il noto scrittore per bambini lavor\u00f2 come maestro alla scuola elementare uboldese. L\u2019appuntamento \u00e8 per sabato 30 novembre alle 21 all\u2019auditorium Paccagnini di Castano Primo. Lo spettacolo sar\u00e0 portato in scena dalla Cooperativa Fiore che ride.<\/p><div id=\"ilnot-933742922\" class=\"ilnot-contenuto_2 ilnot-entity-placement\"><div class=\"ads-wrapper\">\n<div class=\"ad-slot\">\n   <div id=\"ilnot-2841915860\" style=\"margin-right: auto;margin-left: auto;text-align: center;width: 320px;height: 100px;\"><a href=\"https:\/\/www.scuolasicurezza.it\/\"><img decoding=\"async\" src=\"https:\/\/www.ilnotiziario.net\/wp\/wp-content\/uploads\/2026\/04\/IlNotiziario_banner-sito-e-newsletter-320-x-100-px-1.gif\" alt=\"\"><\/a><\/div>\n  <\/div>\n<div class=\"ad-slot\">\n   <div id=\"ilnot-1558289670\" style=\"margin-right: auto;margin-left: auto;text-align: center;width: 320px;height: 100px;\"><a href=\"https:\/\/purodesignarredamenti.com\/\"><img decoding=\"async\" src=\"https:\/\/www.ilnotiziario.net\/wp\/wp-content\/uploads\/2026\/04\/banner-puro-ok.gif\" alt=\"whatsapp\"><\/a><\/div><\/p><\/div>\n<\/div>\n<\/div>\n<p>Sul palco, assieme ad Alessandro Colombo che interpreta il giovane Rodari, Silvia Chiaravalle, laureanda in mediazione linguistica, che interpreta alcune fra le pi\u00f9 belle poesie e filastrocche di Rodari. E poi Giulia Boretti, giovane cantante, che interviene cantando alcuni brani su poesie di Rodari e che \u00e8 accompagnata alla chitarra da Flavio Milan, il quale si occupa anche del commento musicale e della regia. La regia audio e luci \u00e8 affidata a Graziano Dalla Valle. Ingresso a 5 euro. Info e prenotazioni al 3515827607 \/www.mailticket.it -info@fiorecheride.it<\/p>\n<h2>CISLAGO \u2013 Visita guidata a Santa Maria<\/h2>\n<p>Torner\u00e0 domani alle 16, come ogni prima domenica del mese, la visita guidata alla chiesetta di Santa Maria della Neve, promossa dalla Pro Loco. Sar\u00e0 un viaggio fra il Medioevo e la Controriforma, attraverso la \u201clettura\u201d dei preziosi affreschi raffiguranti soggetti rari. A tenere la visita guidata saranno i volontari dell\u2019associazione.<\/p>\n<h2>ROVELLASCA \u2013 Tante iniziative in biblioteca in attesa del Natale<\/h2>\n<p>Tante iniziative in biblioteca in attesa del Natale. Sabato 30 alle 15 sar\u00e0 inaugurata la pista del ghiaccio allestita nel parco del Burgh\u00e8 (davanti al pozzo di San Francesco). Il primo ingresso sar\u00e0 fatto dal sindaco Sergio Zauli che entrer\u00e0 in pista con tanto di pattini per il ghiaccio. Per mezz\u2019ora l\u2019accesso sar\u00e0 gratuito per tutti. La pista rimarr\u00e0 installata fino al giorno dell\u2019Epifania.<\/p><div id=\"ilnot-2700978456\" class=\"ilnot-contenuto_2-2 ilnot-entity-placement\"><div class=\"gptslot\" data-adunitid=\"2\"><\/div>\n<\/div>\n<p>Sempre sabato sar\u00e0 inaugurato il presepe realizzato dall\u2019artista rovellaschese Roberto Fuoco. Il taglio del nastro, al centro lettura, \u00e8 previsto per le 16. Al centro lettura sar\u00e0 esposta anche la cassetta di Babbo Natale dove i bambini potranno inserire la lettera con i doni che vorranno ricevere.<\/p>\n<h2>LAZZATE \u2013 Festa di Santa Barbara con i Vigili del fuoco<\/h2>\n<p>Domenica si celebra a Lazzate la Festa di Santa Barbara, patrona dei Vigili del Fuoco: Sar\u00e0 l\u2019occasione per avvicinare il pubblico al mondo dei pompieri e rendere omaggio a chi dedica la propria vita alla sicurezza e al soccorso. Il programma della giornata inizier\u00e0 al mattino, con una Santa Messa alle ore 10.30 nella Chiesa di San Lorenzo a Lazzate. Nel pomeriggio, dalle 14 alle 18, la caserma aprir\u00e0 le sue porte al pubblico per una speciale visita guidata.<\/p>\n<p>Sar\u00e0 possibile conoscere da vicino i mezzi di soccorso, osservare le attrezzature utilizzate quotidianamente dai Vigili del fuoco. L\u2019evento \u00e8 organizzato con il supporto dell\u2019associazione AVAPL (Amici Volontariato Pompieri Lazzate), che da sempre promuove iniziative per sensibilizzare la comunit\u00e0 sul ruolo cruciale svolto dai vigili del fuoco volontari.<\/p><div id=\"ilnot-2674874000\" class=\"ilnot-contenuto_2-2-2 ilnot-entity-placement\"><div class=\"gptslot\" data-adunitid=\"3\"><\/div>\n<\/div>\n<h2>SOLARO \u2013 Torna la Babbo Run, corsa dei Babbi Natale<\/h2>\n<p>Domenica torna la \u201cBabbo Run\u201d, corsa podistica non competitiva in clima natalizio. L\u2019appuntamento prevede il ritrovo domenica 1 dicembre alle 10 in Villa Borromeo. Gli iscritti saranno accolti da cappello di Natale, zucchero filato e pop-corn offerti da Avis e Fabbrica delle Feste, mentre al riscaldamento ci penseranno ragazze e ragazzi della squadra di atletica dell\u2019associazione In x Aut. Alla fine della corsa, su un percorso a circuito, con anche la versione baby, ci sar\u00e0 il classico ristoro finale a base di polenta e bruscit.<\/p>\n<p>Sar\u00e0 possibile presentare l\u2019iscrizione per i gruppi (almeno 10 persone) sabato 30 novembre dalle 10 alle 11 in Villa Borromeo. I singoli invece potranno iscriversi sia nella mattinata di sabato che domenica prima della corsa al costo di 3 euro per gli adulti (gratuiti i bambini fino a 10 anni). Per informazioni \u00e8 possibile contattare l\u2019ufficio Sport al numero 0296984238.<\/p>\n<h2>BOLLATE \u2013 Il \u201cCanto di Natale\u201d a LaBolla<\/h2>\n<p>LaBolla Teatro propone per domenica 1 dicembre alle 16.00 lo spettacolo \u201cCanto di Natale\u201d a cura di Teatro Blu. Un racconto comico e poetico sui valori del Natale, tratto dalla pi\u00f9 celebre storia di Charles Dickens, scritta per diffondere il valore della solidariet\u00e0 e il calore e la magia tipici del periodo natalizio.<\/p><div id=\"ilnot-1195312460\" class=\"ilnot-contenuto_2-2-2-2 ilnot-entity-placement\"><div class=\"gptslot\" data-adunitid=\"4\"><\/div>\n<\/div>\n<h2>BARANZATE \u2013 Sabato la commedia \u201cQualcuno sposi mia figlia!\u201d<\/h2>\n<p>Il salone dell\u2019Oratorio di via Conciliazione si prepara ad accogliere una serata all\u2019insegna della comicit\u00e0 e del teatro. Sabato 30 novembre alle 20.30, la compagnia teatrale baranzatese \u201cSan Giovanni Bosco\u201d presenter\u00e0 infatti la sua ultima fatica: \u201cQualcuno sposi mia figlia!\u201d, una commedia brillante in tre atti, tradotta dal dialetto milanese all\u2019italiano. L\u2019opera \u00e8 tratta da \u201cOn mar\u00ec per la mia tosa\u201d di Ambrogio Lunati e sar\u00e0 messa in scena sotto la sapiente regia di Andrea Marzullo. Gli attori, membri della compagnia teatrale SGB, porteranno sul palco personaggi esilaranti e situazioni rocambolesche.<\/p>\n<p>Tra i protagonisti troviamo: Carletto Tiravanti, interpretato da Giovanni Di Liberto, La Cicci, portata in scena da Giusi Bianchini, Bastian Bergamotti e Maria Bergamotti, rispettivamente interpretati da Giuseppe Aponte e Amelita Rainoldi, Valentina Pifferi (Nerina), Maurizia Carlino (Palmira), Stefano Degiovanni (Filippo), Luigi Cucciniello (Pinella) e Carla Ferla (Carla). L\u2019ingresso all\u2019evento \u00e8 libero, un\u2019occasione perfetta per grandi e piccoli per trascorrere una serata in allegria.<\/p><div id=\"ilnot-1060886976\" class=\"ilnot-contenuto_2-2-2-2-2 ilnot-entity-placement\"><div class=\"gptslot\" data-adunitid=\"5\"><\/div>\n<\/div>\n<h2>NOVATE \u2013 \u201cBibliocrime\u201d domani in biblioteca<\/h2>\n<p>Sabato 30 alle 16 si terr\u00e0 \u201cBibliocrime\u201d, laboratorio-gioco per bambini dagli otto anni in su. Saranno a disposizione dei partecipanti giochi da tavolo investigativi della biblioteca e dell\u2019associazione Novateca.<\/p>\n<h2>VILLAGGIO A. \u2013 Il Villaggio di Natale \u00e8 all&#8217;Ambrosiano<\/h2>\n<p>Si inizia gi\u00e0 alle 8 di domenica con il mercatino di hobbisti, espositori e l\u2019immancabile casetta di Babbo Natale. Segue poi la sfilata del gruppo Academy Parade Band e dal primo pomeriggio arrivano le attrazioni per i pi\u00f9 piccoli. Dalle 16, le sonorit\u00e0 del Natale invaderanno il Villaggio con chitarre e cori di bambini.<\/p>\n<h2>CUSANO MILANO \u2013 Serata jazz per la Caritas<\/h2>\n<p>Serata musicale jazz di beneficenza a cura dell\u2019Associazione Citt\u00e0giardino Cusano Milanino con il patrocinio dell\u2019assessorato alla cultura. L\u2019appuntamento \u00e8 per sabato 30 alle ore 21, al Teatro Papa Giovanni XXIII (viale Matteotti 57). L\u2019ingresso \u00e8 a offerta libera e il ricavato sar\u00e0 devoluto interamente alla Caritas cittadina.<\/p>\n<h2>LIMBIATE \u2013 &#8216;La bella e la bestia&#8217; a teatro<\/h2>\n<p>Domenica 1 dicembre alle 16 arriva la storia intramontabile de \u201cLa bella e la bestia\u201d al teatro comunale di Limbiate (via Valsugana 1) . Una storia ricca di fascino e di emozione, che utilizza principalmente la tecnica del racconto orale, con la sua essenzialit\u00e0 ed immediatezza. Uno spettacolo che ha avuto la menzione speciale premio Eolo Award 2006 e il premio della critica Luglio Bambino Festival (Campi Bisenzio \u2013 2006). I biglietti possono essere acquistati direttamente in teatro e hanno un costo che varia dai 5 ai 10 euro.<\/p><div id=\"ilnot-3774372281\" class=\"ilnot-contenuto_2-2-2-2-2-2 ilnot-entity-placement\"><div class=\"gptslot\" data-adunitid=\"6\"><\/div>\n<\/div>\n<h2>GARBAGNATE \u2013 Concerto di pianoforte in chiesa a S. Maria<\/h2>\n<p>Grande musica domenica 1\u00b0 dicembre alle 16.00, nella chiesa Ildefonso Schuster di Santa Maria Rossa. Il Gruppo Culturale La Piazza presenta il pianista Marcello Pennuto in un repertorio di tutto rispetto con ascolto guidato. Musiche di Mozart, Beethoven, Schubert e Chopin. La direzione artistica \u00e8 affidata al maestro Vincenzo Maniscalco.<\/p>\n<h2>SENAGO \u2013 Mostra \u201cFrammenti di emozioni\u201d<\/h2>\n<p>Sar\u00e0 sabato 30, dalle 20.45, la mostra \u201cFrammenti di emozioni, immagini di vita da luoghi in cerca di pace\u201d di Saverio Cucinotta. Durante la serata verranno proiettate delle immagini, accompagnate dai racconti in prima persona del tenente colonnello Cucinotta, che offrir\u00e0 una visione autentica e personale di realt\u00e0 spesso dimenticate, costrette, ogni giorno, a vivere in condizioni terribili. L\u2019appuntamento \u00e8 nella sede dell\u2019Utl di via Neruda 2. L\u2019ingresso sar\u00e0 libero sino ad esaurimento posti.<\/p>\n<h2>BOLLATE \u2013 Spettacolo teatrale \u201cLe custodi delle storie\u201d<\/h2>\n<p>Auser Insieme Incontri, che gestisce il Centro Anziani comunale, in collaborazione con Youmani Odv, associazione di volontariato del territorio, propone ai propri soci, per sabato 30 alle ore 15.30 uno spettacolo teatrale di narrazione denominato \u201cLe custodi delle storie\u201d, nel quale verranno raccontate quattro affascinanti storie. Ingresso libero e riservato agli associati Auser\/Centro Anziani. Al termine dello spettacolo verr\u00e0 offerto un rinfresco.<\/p><div id=\"ilnot-3946279702\" class=\"ilnot-contenuto_2-2-2-2-2-2-2 ilnot-entity-placement\"><div class=\"gptslot\" data-adunitid=\"7\"><\/div>\n<\/div>\n","protected":false},"excerpt":{"rendered":"<p>Una selezione di appuntamenti da venerd\u00ec 29 novembre a domenica 1 dicembre 2024, con tante iniziative solidali, spettacoli teatrali, concerti e tanto altro. ORIGGIO \u2013 Al via la nuova stagione musicale L\u2019Associazione Amici di Villa Borletti propone per questo venerd\u00ec 29 novembre alle 21 il primo appuntamento della nuova stagione musicale: si esibiranno i musicisti<\/p>\n","protected":false},"author":223159,"featured_media":201567,"comment_status":"closed","ping_status":"closed","sticky":false,"template":"","format":"standard","meta":{"footnotes":""},"categories":[277,20],"tags":[17124,10968,16979,16978,16185],"class_list":{"0":"post-201564","1":"post","2":"type-post","3":"status-publish","4":"format-standard","5":"has-post-thumbnail","7":"category-appuntamenti-della-settimana","8":"category-prima-pagina","9":"tag-cosa-fare-domenica","10":"tag-cosa-fare-weekend","11":"tag-eventi-domenica","12":"tag-eventi-sabato","13":"tag-eventi-week-end"},"yoast_head":"<!-- This site is optimized with the Yoast SEO plugin v27.4 - https:\/\/yoast.com\/product\/yoast-seo-wordpress\/ -->\n<title>Eventi week-end: dallo spettacolo \u201cIo, il Favoloso Gianni\u201d a Uboldo alla corsa \u201cBabbo Run\u201d a Solaro - Il Notiziario<\/title>\n<meta name=\"description\" content=\"Una selezione di appuntamenti da venerd\u00ec 29 novembre a domenica 1 dicembre 2024, con tante iniziative solidali, spettacoli teatrali, concerti e tanto\" \/>\n<meta name=\"robots\" content=\"index, follow, max-snippet:-1, max-image-preview:large, max-video-preview:-1\" \/>\n<link rel=\"canonical\" href=\"https:\/\/www.ilnotiziario.net\/wp\/prima-pagina\/eventi-week-end-dallo-spettacolo-io-il-favoloso-gianni-a-uboldo-alla-corsa-babbo-run-di-solaro\/\" \/>\n<meta property=\"og:locale\" content=\"it_IT\" \/>\n<meta property=\"og:type\" content=\"article\" \/>\n<meta property=\"og:title\" content=\"Eventi week-end: dallo spettacolo \u201cIo, il Favoloso Gianni\u201d a Uboldo alla corsa \u201cBabbo Run\u201d a Solaro - Il Notiziario\" \/>\n<meta property=\"og:description\" content=\"Una selezione di appuntamenti da venerd\u00ec 29 novembre a domenica 1 dicembre 2024, con tante iniziative solidali, spettacoli teatrali, concerti e tanto\" \/>\n<meta property=\"og:url\" content=\"https:\/\/www.ilnotiziario.net\/wp\/prima-pagina\/eventi-week-end-dallo-spettacolo-io-il-favoloso-gianni-a-uboldo-alla-corsa-babbo-run-di-solaro\/\" \/>\n<meta property=\"og:site_name\" content=\"Il Notiziario\" \/>\n<meta property=\"article:publisher\" content=\"https:\/\/www.facebook.com\/ilnotiziarioind\/\" \/>\n<meta property=\"article:published_time\" content=\"2024-11-29T16:14:38+00:00\" \/>\n<meta property=\"article:modified_time\" content=\"2024-11-29T19:43:50+00:00\" \/>\n<meta property=\"og:image\" content=\"https:\/\/www.ilnotiziario.net\/wp\/wp-content\/uploads\/2024\/11\/babbo-run-1.jpg\" \/>\n\t<meta property=\"og:image:width\" content=\"1102\" \/>\n\t<meta property=\"og:image:height\" content=\"608\" \/>\n\t<meta property=\"og:image:type\" content=\"image\/jpeg\" \/>\n<meta name=\"author\" content=\"Manuela Beriozza\" \/>\n<meta name=\"twitter:card\" content=\"summary_large_image\" \/>\n<meta name=\"twitter:creator\" content=\"@ilNotiziarioInd\" \/>\n<meta name=\"twitter:site\" content=\"@ilNotiziarioInd\" \/>\n<meta name=\"twitter:label1\" content=\"Scritto da\" \/>\n\t<meta name=\"twitter:data1\" content=\"Manuela Beriozza\" \/>\n\t<meta name=\"twitter:label2\" content=\"Tempo di lettura stimato\" \/>\n\t<meta name=\"twitter:data2\" content=\"8 minuti\" \/>\n<script type=\"application\/ld+json\" class=\"yoast-schema-graph\">{\"@context\":\"https:\\\/\\\/schema.org\",\"@graph\":[{\"@type\":\"Article\",\"@id\":\"https:\\\/\\\/www.ilnotiziario.net\\\/wp\\\/prima-pagina\\\/eventi-week-end-dallo-spettacolo-io-il-favoloso-gianni-a-uboldo-alla-corsa-babbo-run-di-solaro\\\/#article\",\"isPartOf\":{\"@id\":\"https:\\\/\\\/www.ilnotiziario.net\\\/wp\\\/prima-pagina\\\/eventi-week-end-dallo-spettacolo-io-il-favoloso-gianni-a-uboldo-alla-corsa-babbo-run-di-solaro\\\/\"},\"author\":{\"name\":\"Manuela Beriozza\",\"@id\":\"https:\\\/\\\/www.ilnotiziario.net\\\/wp\\\/#\\\/schema\\\/person\\\/c902c4c1308705a92d37385bbce84394\"},\"headline\":\"Eventi week-end: dallo spettacolo \u201cIo, il Favoloso Gianni\u201d a Uboldo alla corsa \u201cBabbo Run\u201d a Solaro\",\"datePublished\":\"2024-11-29T16:14:38+00:00\",\"dateModified\":\"2024-11-29T19:43:50+00:00\",\"mainEntityOfPage\":{\"@id\":\"https:\\\/\\\/www.ilnotiziario.net\\\/wp\\\/prima-pagina\\\/eventi-week-end-dallo-spettacolo-io-il-favoloso-gianni-a-uboldo-alla-corsa-babbo-run-di-solaro\\\/\"},\"wordCount\":1389,\"publisher\":{\"@id\":\"https:\\\/\\\/www.ilnotiziario.net\\\/wp\\\/#organization\"},\"image\":{\"@id\":\"https:\\\/\\\/www.ilnotiziario.net\\\/wp\\\/prima-pagina\\\/eventi-week-end-dallo-spettacolo-io-il-favoloso-gianni-a-uboldo-alla-corsa-babbo-run-di-solaro\\\/#primaryimage\"},\"thumbnailUrl\":\"https:\\\/\\\/www.ilnotiziario.net\\\/wp\\\/wp-content\\\/uploads\\\/2024\\\/11\\\/babbo-run-1.jpg\",\"keywords\":[\"cosa fare domenica\",\"cosa fare weekend\",\"eventi domenica\",\"eventi sabato\",\"Eventi week-end\"],\"articleSection\":[\"APPUNTAMENTI\",\"Prima Pagina\"],\"inLanguage\":\"it-IT\"},{\"@type\":\"WebPage\",\"@id\":\"https:\\\/\\\/www.ilnotiziario.net\\\/wp\\\/prima-pagina\\\/eventi-week-end-dallo-spettacolo-io-il-favoloso-gianni-a-uboldo-alla-corsa-babbo-run-di-solaro\\\/\",\"url\":\"https:\\\/\\\/www.ilnotiziario.net\\\/wp\\\/prima-pagina\\\/eventi-week-end-dallo-spettacolo-io-il-favoloso-gianni-a-uboldo-alla-corsa-babbo-run-di-solaro\\\/\",\"name\":\"Eventi week-end: dallo spettacolo \u201cIo, il Favoloso Gianni\u201d a Uboldo alla corsa \u201cBabbo Run\u201d a Solaro - Il Notiziario\",\"isPartOf\":{\"@id\":\"https:\\\/\\\/www.ilnotiziario.net\\\/wp\\\/#website\"},\"primaryImageOfPage\":{\"@id\":\"https:\\\/\\\/www.ilnotiziario.net\\\/wp\\\/prima-pagina\\\/eventi-week-end-dallo-spettacolo-io-il-favoloso-gianni-a-uboldo-alla-corsa-babbo-run-di-solaro\\\/#primaryimage\"},\"image\":{\"@id\":\"https:\\\/\\\/www.ilnotiziario.net\\\/wp\\\/prima-pagina\\\/eventi-week-end-dallo-spettacolo-io-il-favoloso-gianni-a-uboldo-alla-corsa-babbo-run-di-solaro\\\/#primaryimage\"},\"thumbnailUrl\":\"https:\\\/\\\/www.ilnotiziario.net\\\/wp\\\/wp-content\\\/uploads\\\/2024\\\/11\\\/babbo-run-1.jpg\",\"datePublished\":\"2024-11-29T16:14:38+00:00\",\"dateModified\":\"2024-11-29T19:43:50+00:00\",\"description\":\"Una selezione di appuntamenti da venerd\u00ec 29 novembre a domenica 1 dicembre 2024, con tante iniziative solidali, spettacoli teatrali, concerti e tanto\",\"breadcrumb\":{\"@id\":\"https:\\\/\\\/www.ilnotiziario.net\\\/wp\\\/prima-pagina\\\/eventi-week-end-dallo-spettacolo-io-il-favoloso-gianni-a-uboldo-alla-corsa-babbo-run-di-solaro\\\/#breadcrumb\"},\"inLanguage\":\"it-IT\",\"potentialAction\":[{\"@type\":\"ReadAction\",\"target\":[\"https:\\\/\\\/www.ilnotiziario.net\\\/wp\\\/prima-pagina\\\/eventi-week-end-dallo-spettacolo-io-il-favoloso-gianni-a-uboldo-alla-corsa-babbo-run-di-solaro\\\/\"]}]},{\"@type\":\"ImageObject\",\"inLanguage\":\"it-IT\",\"@id\":\"https:\\\/\\\/www.ilnotiziario.net\\\/wp\\\/prima-pagina\\\/eventi-week-end-dallo-spettacolo-io-il-favoloso-gianni-a-uboldo-alla-corsa-babbo-run-di-solaro\\\/#primaryimage\",\"url\":\"https:\\\/\\\/www.ilnotiziario.net\\\/wp\\\/wp-content\\\/uploads\\\/2024\\\/11\\\/babbo-run-1.jpg\",\"contentUrl\":\"https:\\\/\\\/www.ilnotiziario.net\\\/wp\\\/wp-content\\\/uploads\\\/2024\\\/11\\\/babbo-run-1.jpg\",\"width\":1102,\"height\":608,\"caption\":\"Foto: COGLI L'ATTIMO Solaro (Fonte: Facebook)\"},{\"@type\":\"BreadcrumbList\",\"@id\":\"https:\\\/\\\/www.ilnotiziario.net\\\/wp\\\/prima-pagina\\\/eventi-week-end-dallo-spettacolo-io-il-favoloso-gianni-a-uboldo-alla-corsa-babbo-run-di-solaro\\\/#breadcrumb\",\"itemListElement\":[{\"@type\":\"ListItem\",\"position\":1,\"name\":\"tds_text_logo_tagline_colortds_text_logo_tagline_colortds_text_logo_tagline_colortds_text_logo_tagline_colortd_module_7_title_excerpttd_module_7_title_excerpttd_module_7_title_excerpttd_module_7_title_excerptHome\",\"item\":\"https:\\\/\\\/www.ilnotiziario.net\\\/wp\\\/\"},{\"@type\":\"ListItem\",\"position\":2,\"name\":\"Eventi week-end: dallo spettacolo \u201cIo, il Favoloso Gianni\u201d a Uboldo alla corsa \u201cBabbo Run\u201d a Solaro\"}]},{\"@type\":\"WebSite\",\"@id\":\"https:\\\/\\\/www.ilnotiziario.net\\\/wp\\\/#website\",\"url\":\"https:\\\/\\\/www.ilnotiziario.net\\\/wp\\\/\",\"name\":\"Il Notiziario\",\"description\":\"Per restare sempre connessi alla notizia\",\"publisher\":{\"@id\":\"https:\\\/\\\/www.ilnotiziario.net\\\/wp\\\/#organization\"},\"alternateName\":\"Il Notiziario Bollate\",\"potentialAction\":[{\"@type\":\"SearchAction\",\"target\":{\"@type\":\"EntryPoint\",\"urlTemplate\":\"https:\\\/\\\/www.ilnotiziario.net\\\/wp\\\/?s={search_term_string}\"},\"query-input\":{\"@type\":\"PropertyValueSpecification\",\"valueRequired\":true,\"valueName\":\"search_term_string\"}}],\"inLanguage\":\"it-IT\"},{\"@type\":\"Organization\",\"@id\":\"https:\\\/\\\/www.ilnotiziario.net\\\/wp\\\/#organization\",\"name\":\"Il Notiziario\",\"url\":\"https:\\\/\\\/www.ilnotiziario.net\\\/wp\\\/\",\"logo\":{\"@type\":\"ImageObject\",\"inLanguage\":\"it-IT\",\"@id\":\"https:\\\/\\\/www.ilnotiziario.net\\\/wp\\\/#\\\/schema\\\/logo\\\/image\\\/\",\"url\":\"https:\\\/\\\/www.ilnotiziario.net\\\/wp\\\/wp-content\\\/uploads\\\/2022\\\/06\\\/170x170ilN.png\",\"contentUrl\":\"https:\\\/\\\/www.ilnotiziario.net\\\/wp\\\/wp-content\\\/uploads\\\/2022\\\/06\\\/170x170ilN.png\",\"width\":355,\"height\":355,\"caption\":\"Il Notiziario\"},\"image\":{\"@id\":\"https:\\\/\\\/www.ilnotiziario.net\\\/wp\\\/#\\\/schema\\\/logo\\\/image\\\/\"},\"sameAs\":[\"https:\\\/\\\/www.facebook.com\\\/ilnotiziarioind\\\/\",\"https:\\\/\\\/x.com\\\/ilNotiziarioInd\",\"https:\\\/\\\/www.instagram.com\\\/ilnotiziario_settimanale\\\/\"]},{\"@type\":\"Person\",\"@id\":\"https:\\\/\\\/www.ilnotiziario.net\\\/wp\\\/#\\\/schema\\\/person\\\/c902c4c1308705a92d37385bbce84394\",\"name\":\"Manuela Beriozza\",\"image\":{\"@type\":\"ImageObject\",\"inLanguage\":\"it-IT\",\"@id\":\"https:\\\/\\\/secure.gravatar.com\\\/avatar\\\/272ed53352846a57a9f07f89720b22f58373dc9a85fa5b8ff49254ae02b61057?s=96&d=mm&r=g\",\"url\":\"https:\\\/\\\/secure.gravatar.com\\\/avatar\\\/272ed53352846a57a9f07f89720b22f58373dc9a85fa5b8ff49254ae02b61057?s=96&d=mm&r=g\",\"contentUrl\":\"https:\\\/\\\/secure.gravatar.com\\\/avatar\\\/272ed53352846a57a9f07f89720b22f58373dc9a85fa5b8ff49254ae02b61057?s=96&d=mm&r=g\",\"caption\":\"Manuela Beriozza\"}}]}<\/script>\n<!-- \/ Yoast SEO plugin. -->","yoast_head_json":{"title":"Eventi week-end: dallo spettacolo \u201cIo, il Favoloso Gianni\u201d a Uboldo alla corsa \u201cBabbo Run\u201d a Solaro - Il Notiziario","description":"Una selezione di appuntamenti da venerd\u00ec 29 novembre a domenica 1 dicembre 2024, con tante iniziative solidali, spettacoli teatrali, concerti e tanto","robots":{"index":"index","follow":"follow","max-snippet":"max-snippet:-1","max-image-preview":"max-image-preview:large","max-video-preview":"max-video-preview:-1"},"canonical":"https:\/\/www.ilnotiziario.net\/wp\/prima-pagina\/eventi-week-end-dallo-spettacolo-io-il-favoloso-gianni-a-uboldo-alla-corsa-babbo-run-di-solaro\/","og_locale":"it_IT","og_type":"article","og_title":"Eventi week-end: dallo spettacolo \u201cIo, il Favoloso Gianni\u201d a Uboldo alla corsa \u201cBabbo Run\u201d a Solaro - Il Notiziario","og_description":"Una selezione di appuntamenti da venerd\u00ec 29 novembre a domenica 1 dicembre 2024, con tante iniziative solidali, spettacoli teatrali, concerti e tanto","og_url":"https:\/\/www.ilnotiziario.net\/wp\/prima-pagina\/eventi-week-end-dallo-spettacolo-io-il-favoloso-gianni-a-uboldo-alla-corsa-babbo-run-di-solaro\/","og_site_name":"Il Notiziario","article_publisher":"https:\/\/www.facebook.com\/ilnotiziarioind\/","article_published_time":"2024-11-29T16:14:38+00:00","article_modified_time":"2024-11-29T19:43:50+00:00","og_image":[{"width":1102,"height":608,"url":"https:\/\/www.ilnotiziario.net\/wp\/wp-content\/uploads\/2024\/11\/babbo-run-1.jpg","type":"image\/jpeg"}],"author":"Manuela Beriozza","twitter_card":"summary_large_image","twitter_creator":"@ilNotiziarioInd","twitter_site":"@ilNotiziarioInd","twitter_misc":{"Scritto da":"Manuela Beriozza","Tempo di lettura stimato":"8 minuti"},"schema":{"@context":"https:\/\/schema.org","@graph":[{"@type":"Article","@id":"https:\/\/www.ilnotiziario.net\/wp\/prima-pagina\/eventi-week-end-dallo-spettacolo-io-il-favoloso-gianni-a-uboldo-alla-corsa-babbo-run-di-solaro\/#article","isPartOf":{"@id":"https:\/\/www.ilnotiziario.net\/wp\/prima-pagina\/eventi-week-end-dallo-spettacolo-io-il-favoloso-gianni-a-uboldo-alla-corsa-babbo-run-di-solaro\/"},"author":{"name":"Manuela Beriozza","@id":"https:\/\/www.ilnotiziario.net\/wp\/#\/schema\/person\/c902c4c1308705a92d37385bbce84394"},"headline":"Eventi week-end: dallo spettacolo \u201cIo, il Favoloso Gianni\u201d a Uboldo alla corsa \u201cBabbo Run\u201d a Solaro","datePublished":"2024-11-29T16:14:38+00:00","dateModified":"2024-11-29T19:43:50+00:00","mainEntityOfPage":{"@id":"https:\/\/www.ilnotiziario.net\/wp\/prima-pagina\/eventi-week-end-dallo-spettacolo-io-il-favoloso-gianni-a-uboldo-alla-corsa-babbo-run-di-solaro\/"},"wordCount":1389,"publisher":{"@id":"https:\/\/www.ilnotiziario.net\/wp\/#organization"},"image":{"@id":"https:\/\/www.ilnotiziario.net\/wp\/prima-pagina\/eventi-week-end-dallo-spettacolo-io-il-favoloso-gianni-a-uboldo-alla-corsa-babbo-run-di-solaro\/#primaryimage"},"thumbnailUrl":"https:\/\/www.ilnotiziario.net\/wp\/wp-content\/uploads\/2024\/11\/babbo-run-1.jpg","keywords":["cosa fare domenica","cosa fare weekend","eventi domenica","eventi sabato","Eventi week-end"],"articleSection":["APPUNTAMENTI","Prima Pagina"],"inLanguage":"it-IT"},{"@type":"WebPage","@id":"https:\/\/www.ilnotiziario.net\/wp\/prima-pagina\/eventi-week-end-dallo-spettacolo-io-il-favoloso-gianni-a-uboldo-alla-corsa-babbo-run-di-solaro\/","url":"https:\/\/www.ilnotiziario.net\/wp\/prima-pagina\/eventi-week-end-dallo-spettacolo-io-il-favoloso-gianni-a-uboldo-alla-corsa-babbo-run-di-solaro\/","name":"Eventi week-end: dallo spettacolo \u201cIo, il Favoloso Gianni\u201d a Uboldo alla corsa \u201cBabbo Run\u201d a Solaro - Il Notiziario","isPartOf":{"@id":"https:\/\/www.ilnotiziario.net\/wp\/#website"},"primaryImageOfPage":{"@id":"https:\/\/www.ilnotiziario.net\/wp\/prima-pagina\/eventi-week-end-dallo-spettacolo-io-il-favoloso-gianni-a-uboldo-alla-corsa-babbo-run-di-solaro\/#primaryimage"},"image":{"@id":"https:\/\/www.ilnotiziario.net\/wp\/prima-pagina\/eventi-week-end-dallo-spettacolo-io-il-favoloso-gianni-a-uboldo-alla-corsa-babbo-run-di-solaro\/#primaryimage"},"thumbnailUrl":"https:\/\/www.ilnotiziario.net\/wp\/wp-content\/uploads\/2024\/11\/babbo-run-1.jpg","datePublished":"2024-11-29T16:14:38+00:00","dateModified":"2024-11-29T19:43:50+00:00","description":"Una selezione di appuntamenti da venerd\u00ec 29 novembre a domenica 1 dicembre 2024, con tante iniziative solidali, spettacoli teatrali, concerti e tanto","breadcrumb":{"@id":"https:\/\/www.ilnotiziario.net\/wp\/prima-pagina\/eventi-week-end-dallo-spettacolo-io-il-favoloso-gianni-a-uboldo-alla-corsa-babbo-run-di-solaro\/#breadcrumb"},"inLanguage":"it-IT","potentialAction":[{"@type":"ReadAction","target":["https:\/\/www.ilnotiziario.net\/wp\/prima-pagina\/eventi-week-end-dallo-spettacolo-io-il-favoloso-gianni-a-uboldo-alla-corsa-babbo-run-di-solaro\/"]}]},{"@type":"ImageObject","inLanguage":"it-IT","@id":"https:\/\/www.ilnotiziario.net\/wp\/prima-pagina\/eventi-week-end-dallo-spettacolo-io-il-favoloso-gianni-a-uboldo-alla-corsa-babbo-run-di-solaro\/#primaryimage","url":"https:\/\/www.ilnotiziario.net\/wp\/wp-content\/uploads\/2024\/11\/babbo-run-1.jpg","contentUrl":"https:\/\/www.ilnotiziario.net\/wp\/wp-content\/uploads\/2024\/11\/babbo-run-1.jpg","width":1102,"height":608,"caption":"Foto: COGLI L'ATTIMO Solaro (Fonte: Facebook)"},{"@type":"BreadcrumbList","@id":"https:\/\/www.ilnotiziario.net\/wp\/prima-pagina\/eventi-week-end-dallo-spettacolo-io-il-favoloso-gianni-a-uboldo-alla-corsa-babbo-run-di-solaro\/#breadcrumb","itemListElement":[{"@type":"ListItem","position":1,"name":"tds_text_logo_tagline_colortds_text_logo_tagline_colortds_text_logo_tagline_colortds_text_logo_tagline_colortd_module_7_title_excerpttd_module_7_title_excerpttd_module_7_title_excerpttd_module_7_title_excerptHome","item":"https:\/\/www.ilnotiziario.net\/wp\/"},{"@type":"ListItem","position":2,"name":"Eventi week-end: dallo spettacolo \u201cIo, il Favoloso Gianni\u201d a Uboldo alla corsa \u201cBabbo Run\u201d a Solaro"}]},{"@type":"WebSite","@id":"https:\/\/www.ilnotiziario.net\/wp\/#website","url":"https:\/\/www.ilnotiziario.net\/wp\/","name":"Il Notiziario","description":"Per restare sempre connessi alla notizia","publisher":{"@id":"https:\/\/www.ilnotiziario.net\/wp\/#organization"},"alternateName":"Il Notiziario Bollate","potentialAction":[{"@type":"SearchAction","target":{"@type":"EntryPoint","urlTemplate":"https:\/\/www.ilnotiziario.net\/wp\/?s={search_term_string}"},"query-input":{"@type":"PropertyValueSpecification","valueRequired":true,"valueName":"search_term_string"}}],"inLanguage":"it-IT"},{"@type":"Organization","@id":"https:\/\/www.ilnotiziario.net\/wp\/#organization","name":"Il Notiziario","url":"https:\/\/www.ilnotiziario.net\/wp\/","logo":{"@type":"ImageObject","inLanguage":"it-IT","@id":"https:\/\/www.ilnotiziario.net\/wp\/#\/schema\/logo\/image\/","url":"https:\/\/www.ilnotiziario.net\/wp\/wp-content\/uploads\/2022\/06\/170x170ilN.png","contentUrl":"https:\/\/www.ilnotiziario.net\/wp\/wp-content\/uploads\/2022\/06\/170x170ilN.png","width":355,"height":355,"caption":"Il Notiziario"},"image":{"@id":"https:\/\/www.ilnotiziario.net\/wp\/#\/schema\/logo\/image\/"},"sameAs":["https:\/\/www.facebook.com\/ilnotiziarioind\/","https:\/\/x.com\/ilNotiziarioInd","https:\/\/www.instagram.com\/ilnotiziario_settimanale\/"]},{"@type":"Person","@id":"https:\/\/www.ilnotiziario.net\/wp\/#\/schema\/person\/c902c4c1308705a92d37385bbce84394","name":"Manuela Beriozza","image":{"@type":"ImageObject","inLanguage":"it-IT","@id":"https:\/\/secure.gravatar.com\/avatar\/272ed53352846a57a9f07f89720b22f58373dc9a85fa5b8ff49254ae02b61057?s=96&d=mm&r=g","url":"https:\/\/secure.gravatar.com\/avatar\/272ed53352846a57a9f07f89720b22f58373dc9a85fa5b8ff49254ae02b61057?s=96&d=mm&r=g","contentUrl":"https:\/\/secure.gravatar.com\/avatar\/272ed53352846a57a9f07f89720b22f58373dc9a85fa5b8ff49254ae02b61057?s=96&d=mm&r=g","caption":"Manuela Beriozza"}}]}},"_links":{"self":[{"href":"https:\/\/www.ilnotiziario.net\/wp\/wp-json\/wp\/v2\/posts\/201564","targetHints":{"allow":["GET"]}}],"collection":[{"href":"https:\/\/www.ilnotiziario.net\/wp\/wp-json\/wp\/v2\/posts"}],"about":[{"href":"https:\/\/www.ilnotiziario.net\/wp\/wp-json\/wp\/v2\/types\/post"}],"author":[{"embeddable":true,"href":"https:\/\/www.ilnotiziario.net\/wp\/wp-json\/wp\/v2\/users\/223159"}],"replies":[{"embeddable":true,"href":"https:\/\/www.ilnotiziario.net\/wp\/wp-json\/wp\/v2\/comments?post=201564"}],"version-history":[{"count":0,"href":"https:\/\/www.ilnotiziario.net\/wp\/wp-json\/wp\/v2\/posts\/201564\/revisions"}],"wp:featuredmedia":[{"embeddable":true,"href":"https:\/\/www.ilnotiziario.net\/wp\/wp-json\/wp\/v2\/media\/201567"}],"wp:attachment":[{"href":"https:\/\/www.ilnotiziario.net\/wp\/wp-json\/wp\/v2\/media?parent=201564"}],"wp:term":[{"taxonomy":"category","embeddable":true,"href":"https:\/\/www.ilnotiziario.net\/wp\/wp-json\/wp\/v2\/categories?post=201564"},{"taxonomy":"post_tag","embeddable":true,"href":"https:\/\/www.ilnotiziario.net\/wp\/wp-json\/wp\/v2\/tags?post=201564"}],"curies":[{"name":"wp","href":"https:\/\/api.w.org\/{rel}","templated":true}]}}