{"id":202197,"date":"2024-12-23T16:35:24","date_gmt":"2024-12-23T15:35:24","guid":{"rendered":"https:\/\/www.ilnotiziario.net\/wp\/?p=202197"},"modified":"2024-12-23T16:38:25","modified_gmt":"2024-12-23T15:38:25","slug":"supermercati-aperti-natale-santo-stefano","status":"publish","type":"post","link":"https:\/\/www.ilnotiziario.net\/wp\/prima-pagina\/supermercati-aperti-natale-santo-stefano\/","title":{"rendered":"Supermercati aperti (e chiusi) a Natale e Santo Stefano: da Il Centro a Esselunga"},"content":{"rendered":"<p>Supermercati aperti la Vigilia di Natale (e chiusi il 25 dicembre) e in alcuni casi a Santo Stefano. Ecco una carrellata degli orari dei principali marchi della zona di nostra copertura dei prossimi giorni da &nbsp;<span class=\"google-anno-t\">Il Centro di Arese<\/span> al Carrefour di Limbiate e il Centro commerciale Brianza di Paderno Dugnano fino ai punti vendita di Esselunga.<\/p><div id=\"ilnot-48720269\" class=\"ilnot-contenuto ilnot-entity-placement\"><p><!-- incontent_1 --><\/p>\n<div class=\"gptslot\" data-adunitid=\"1\"><\/div>\n<\/div>\n<h2 class=\"p1\"><span class=\"s1\">Il Centro di Arese aperto la Vigilia e a Santo Stefano: gli orari<\/span><\/h2>\n<p class=\"p1\"><span class=\"s1\">Il Centro rientra nella lista dei supermercati aperti la Vigilia di Natale dalle ore 9 alle 20. Il giorno di Natale sar\u00e0 chiuso per essere nuovamente aperto a Santo Stefano. Il 26 dicembre osserver\u00e0 questi orari: apertura alle 9 e chiusura entro le ore 22.<\/span><\/p>\n<h2 class=\"p1\"><span class=\"s1\">Supermercati aperti a Santo Stefano? Gli orari di Carrefour<\/span><\/h2>\n<p class=\"p1\"><span class=\"s1\">Anche il Centro Brianza di Paderno Dugnano e il Carrefour di Limbiate si fermeranno per qualche ora durante i giorni di Natale. Il Centro Brianza di Paderno sar\u00e0 aperto fino alle 20 il giorno della Vigilia: l\u2019ipermercato Carrefour aprir\u00e0 dalle ore 7:30 mentre la galleria commerciale dalle ore 9. Il giorno di Natale il Centro Brianza sar\u00e0 totalmente chiuso mentre riaprir\u00e0 in versione ridotta il giorno di Santo Stefano. Il 26 dicembre il Centro di via Amendola sar\u00e0 aperto solo come ipermercato dalle ore 8:30 alle 20 mentre la galleria commerciale e i suoi negozi rimarranno chiusi.<\/span><\/p><div id=\"ilnot-2890738899\" class=\"ilnot-contenuto_2 ilnot-entity-placement\"><div class=\"ads-wrapper\">\n<div class=\"ad-slot\">\n   <div id=\"ilnot-4118499247\" style=\"margin-right: auto;margin-left: auto;text-align: center;width: 320px;height: 100px;\"><a href=\"https:\/\/www.scuolasicurezza.it\/\"><img decoding=\"async\" src=\"https:\/\/www.ilnotiziario.net\/wp\/wp-content\/uploads\/2026\/04\/IlNotiziario_banner-sito-e-newsletter-320-x-100-px-1.gif\" alt=\"\"><\/a><\/div>\n  <\/div>\n<div class=\"ad-slot\">\n   <div id=\"ilnot-2017342942\" style=\"margin-right: auto;margin-left: auto;text-align: center;width: 320px;height: 100px;\"><a href=\"https:\/\/purodesignarredamenti.com\/\"><img decoding=\"async\" src=\"https:\/\/www.ilnotiziario.net\/wp\/wp-content\/uploads\/2026\/04\/banner-puro-ok.gif\" alt=\"whatsapp\"><\/a><\/div><\/p><\/div>\n<\/div>\n<\/div>\n<p class=\"p1\"><span class=\"s1\">Invece al <a href=\"https:\/\/centrocarrefourlimbiate.it\">Carrefour di Limbiate<\/a> gli orari cambiano tra ristorazione, negozi e ipermercato. La Vigilia di Natale l&#8217;Ipermercato sar\u00e0 aperto dalle 7:30 alle 20, negozi e ristorazione dalle 9 alle 20. Tutto chiuso sia a Natale che a Santo Stefano. Da marted\u00ec 27 dicembre, riprenderanno gli orari consueti. <\/span><\/p>\n<h2 class=\"p1\"><span class=\"s1\">Supermercati Esselunga: non saranno aperti n\u00e9 a Natale n\u00e9 a Santo Stefano<\/span><\/h2>\n<p class=\"p1\"><span class=\"s1\">Orari differenti anche per Esselunga in vista del lungo fine settimana di Natale. I punti vendita da Baranzate a Solaro e da Garbagnate a Cusano Milanino saranno aperti a partire dalle ore 7:30 il giorno della Vigilia di Natale. La chiusura \u00e8 fissata per le ore 20. Invece, Esselunga sar\u00e0 chiusa sia il giorno di Natale che di Santo Stefano. Dopo la pausa il 25 e il 26 dicembre, i punti vendita riapriranno regolarmente da venerd\u00ec 27.<\/span><\/p>\n<h2>Supermercati il Gigante: aperti a Santo Stefano<\/h2>\n<p>Infine, i <a href=\"https:\/\/ilgigante.net\">supermercati Il Gigante<\/a> saranno aperti con orario anticipato la Vigilia di Natale (dalle ore 7:30 alle 20). Resteranno chiusi a Natale e aperti a Santo Stefano. Il 26 dicembre saranno aperti dalle ore 8:30 alle 19:30.&nbsp;<\/p><div id=\"ilnot-1927819501\" class=\"ilnot-contenuto_2-2 ilnot-entity-placement\"><div class=\"gptslot\" data-adunitid=\"2\"><\/div>\n<\/div>\n","protected":false},"excerpt":{"rendered":"<p>Supermercati aperti la Vigilia di Natale (e chiusi il 25 dicembre) e in alcuni casi a Santo Stefano. Ecco una carrellata degli orari dei principali marchi della zona di nostra copertura dei prossimi giorni da &nbsp;Il Centro di Arese al Carrefour di Limbiate e il Centro commerciale Brianza di Paderno Dugnano fino ai punti vendita<\/p>\n","protected":false},"author":7,"featured_media":169642,"comment_status":"closed","ping_status":"closed","sticky":false,"template":"","format":"standard","meta":{"footnotes":""},"categories":[20],"tags":[],"class_list":{"0":"post-202197","1":"post","2":"type-post","3":"status-publish","4":"format-standard","5":"has-post-thumbnail","7":"category-prima-pagina"},"yoast_head":"<!-- This site is optimized with the Yoast SEO plugin v27.4 - https:\/\/yoast.com\/product\/yoast-seo-wordpress\/ -->\n<title>Supermercati aperti (e chiusi) a Natale e Santo Stefano: da Il Centro a Esselunga<\/title>\n<meta name=\"description\" content=\"Supermercati aperti la Vigilia di Natale (e chiusi il 25 dicembre) e in alcuni casi a Santo Stefano. Ecco una carrellata degli orar\" \/>\n<meta name=\"robots\" content=\"index, follow, max-snippet:-1, max-image-preview:large, max-video-preview:-1\" \/>\n<link rel=\"canonical\" href=\"https:\/\/www.ilnotiziario.net\/wp\/prima-pagina\/supermercati-aperti-natale-santo-stefano\/\" \/>\n<meta property=\"og:locale\" content=\"it_IT\" \/>\n<meta property=\"og:type\" content=\"article\" \/>\n<meta property=\"og:title\" content=\"Supermercati aperti (e chiusi) a Natale e Santo Stefano: da Il Centro a Esselunga\" \/>\n<meta property=\"og:description\" content=\"Supermercati aperti la Vigilia di Natale (e chiusi il 25 dicembre) e in alcuni casi a Santo Stefano. Ecco una carrellata degli orar\" \/>\n<meta property=\"og:url\" content=\"https:\/\/www.ilnotiziario.net\/wp\/prima-pagina\/supermercati-aperti-natale-santo-stefano\/\" \/>\n<meta property=\"og:site_name\" content=\"Il Notiziario\" \/>\n<meta property=\"article:publisher\" content=\"https:\/\/www.facebook.com\/ilnotiziarioind\/\" \/>\n<meta property=\"article:published_time\" content=\"2024-12-23T15:35:24+00:00\" \/>\n<meta property=\"article:modified_time\" content=\"2024-12-23T15:38:25+00:00\" \/>\n<meta property=\"og:image\" content=\"https:\/\/www.ilnotiziario.net\/wp\/wp-content\/uploads\/2022\/08\/arese-centro.jpg\" \/>\n\t<meta property=\"og:image:width\" content=\"902\" \/>\n\t<meta property=\"og:image:height\" content=\"619\" \/>\n\t<meta property=\"og:image:type\" content=\"image\/jpeg\" \/>\n<meta name=\"author\" content=\"Simone Carcano\" \/>\n<meta name=\"twitter:card\" content=\"summary_large_image\" \/>\n<meta name=\"twitter:creator\" content=\"@simone_carcano\" \/>\n<meta name=\"twitter:site\" content=\"@ilNotiziarioInd\" \/>\n<meta name=\"twitter:label1\" content=\"Scritto da\" \/>\n\t<meta name=\"twitter:data1\" content=\"Simone Carcano\" \/>\n\t<meta name=\"twitter:label2\" content=\"Tempo di lettura stimato\" \/>\n\t<meta name=\"twitter:data2\" content=\"3 minuti\" \/>\n<script type=\"application\/ld+json\" class=\"yoast-schema-graph\">{\"@context\":\"https:\\\/\\\/schema.org\",\"@graph\":[{\"@type\":\"Article\",\"@id\":\"https:\\\/\\\/www.ilnotiziario.net\\\/wp\\\/prima-pagina\\\/supermercati-aperti-natale-santo-stefano\\\/#article\",\"isPartOf\":{\"@id\":\"https:\\\/\\\/www.ilnotiziario.net\\\/wp\\\/prima-pagina\\\/supermercati-aperti-natale-santo-stefano\\\/\"},\"author\":{\"name\":\"Simone Carcano\",\"@id\":\"https:\\\/\\\/www.ilnotiziario.net\\\/wp\\\/#\\\/schema\\\/person\\\/c218ad0865f96bfe2c1c2cfa719653f7\"},\"headline\":\"Supermercati aperti (e chiusi) a Natale e Santo Stefano: da Il Centro a Esselunga\",\"datePublished\":\"2024-12-23T15:35:24+00:00\",\"dateModified\":\"2024-12-23T15:38:25+00:00\",\"mainEntityOfPage\":{\"@id\":\"https:\\\/\\\/www.ilnotiziario.net\\\/wp\\\/prima-pagina\\\/supermercati-aperti-natale-santo-stefano\\\/\"},\"wordCount\":393,\"publisher\":{\"@id\":\"https:\\\/\\\/www.ilnotiziario.net\\\/wp\\\/#organization\"},\"image\":{\"@id\":\"https:\\\/\\\/www.ilnotiziario.net\\\/wp\\\/prima-pagina\\\/supermercati-aperti-natale-santo-stefano\\\/#primaryimage\"},\"thumbnailUrl\":\"https:\\\/\\\/www.ilnotiziario.net\\\/wp\\\/wp-content\\\/uploads\\\/2022\\\/08\\\/arese-centro.jpg\",\"articleSection\":[\"Prima Pagina\"],\"inLanguage\":\"it-IT\"},{\"@type\":\"WebPage\",\"@id\":\"https:\\\/\\\/www.ilnotiziario.net\\\/wp\\\/prima-pagina\\\/supermercati-aperti-natale-santo-stefano\\\/\",\"url\":\"https:\\\/\\\/www.ilnotiziario.net\\\/wp\\\/prima-pagina\\\/supermercati-aperti-natale-santo-stefano\\\/\",\"name\":\"Supermercati aperti (e chiusi) a Natale e Santo Stefano: da Il Centro a Esselunga\",\"isPartOf\":{\"@id\":\"https:\\\/\\\/www.ilnotiziario.net\\\/wp\\\/#website\"},\"primaryImageOfPage\":{\"@id\":\"https:\\\/\\\/www.ilnotiziario.net\\\/wp\\\/prima-pagina\\\/supermercati-aperti-natale-santo-stefano\\\/#primaryimage\"},\"image\":{\"@id\":\"https:\\\/\\\/www.ilnotiziario.net\\\/wp\\\/prima-pagina\\\/supermercati-aperti-natale-santo-stefano\\\/#primaryimage\"},\"thumbnailUrl\":\"https:\\\/\\\/www.ilnotiziario.net\\\/wp\\\/wp-content\\\/uploads\\\/2022\\\/08\\\/arese-centro.jpg\",\"datePublished\":\"2024-12-23T15:35:24+00:00\",\"dateModified\":\"2024-12-23T15:38:25+00:00\",\"description\":\"Supermercati aperti la Vigilia di Natale (e chiusi il 25 dicembre) e in alcuni casi a Santo Stefano. Ecco una carrellata degli orar\",\"breadcrumb\":{\"@id\":\"https:\\\/\\\/www.ilnotiziario.net\\\/wp\\\/prima-pagina\\\/supermercati-aperti-natale-santo-stefano\\\/#breadcrumb\"},\"inLanguage\":\"it-IT\",\"potentialAction\":[{\"@type\":\"ReadAction\",\"target\":[\"https:\\\/\\\/www.ilnotiziario.net\\\/wp\\\/prima-pagina\\\/supermercati-aperti-natale-santo-stefano\\\/\"]}]},{\"@type\":\"ImageObject\",\"inLanguage\":\"it-IT\",\"@id\":\"https:\\\/\\\/www.ilnotiziario.net\\\/wp\\\/prima-pagina\\\/supermercati-aperti-natale-santo-stefano\\\/#primaryimage\",\"url\":\"https:\\\/\\\/www.ilnotiziario.net\\\/wp\\\/wp-content\\\/uploads\\\/2022\\\/08\\\/arese-centro.jpg\",\"contentUrl\":\"https:\\\/\\\/www.ilnotiziario.net\\\/wp\\\/wp-content\\\/uploads\\\/2022\\\/08\\\/arese-centro.jpg\",\"width\":902,\"height\":619,\"caption\":\"Arese Centro Racing Weeks\"},{\"@type\":\"BreadcrumbList\",\"@id\":\"https:\\\/\\\/www.ilnotiziario.net\\\/wp\\\/prima-pagina\\\/supermercati-aperti-natale-santo-stefano\\\/#breadcrumb\",\"itemListElement\":[{\"@type\":\"ListItem\",\"position\":1,\"name\":\"tds_text_logo_tagline_colortds_text_logo_tagline_colortds_text_logo_tagline_colortds_text_logo_tagline_colortd_module_7_title_excerpttd_module_7_title_excerpttd_module_7_title_excerpttd_module_7_title_excerptHome\",\"item\":\"https:\\\/\\\/www.ilnotiziario.net\\\/wp\\\/\"},{\"@type\":\"ListItem\",\"position\":2,\"name\":\"Supermercati aperti (e chiusi) a Natale e Santo Stefano: da Il Centro a Esselunga\"}]},{\"@type\":\"WebSite\",\"@id\":\"https:\\\/\\\/www.ilnotiziario.net\\\/wp\\\/#website\",\"url\":\"https:\\\/\\\/www.ilnotiziario.net\\\/wp\\\/\",\"name\":\"Il Notiziario\",\"description\":\"Per restare sempre connessi alla notizia\",\"publisher\":{\"@id\":\"https:\\\/\\\/www.ilnotiziario.net\\\/wp\\\/#organization\"},\"alternateName\":\"Il Notiziario Bollate\",\"potentialAction\":[{\"@type\":\"SearchAction\",\"target\":{\"@type\":\"EntryPoint\",\"urlTemplate\":\"https:\\\/\\\/www.ilnotiziario.net\\\/wp\\\/?s={search_term_string}\"},\"query-input\":{\"@type\":\"PropertyValueSpecification\",\"valueRequired\":true,\"valueName\":\"search_term_string\"}}],\"inLanguage\":\"it-IT\"},{\"@type\":\"Organization\",\"@id\":\"https:\\\/\\\/www.ilnotiziario.net\\\/wp\\\/#organization\",\"name\":\"Il Notiziario\",\"url\":\"https:\\\/\\\/www.ilnotiziario.net\\\/wp\\\/\",\"logo\":{\"@type\":\"ImageObject\",\"inLanguage\":\"it-IT\",\"@id\":\"https:\\\/\\\/www.ilnotiziario.net\\\/wp\\\/#\\\/schema\\\/logo\\\/image\\\/\",\"url\":\"https:\\\/\\\/www.ilnotiziario.net\\\/wp\\\/wp-content\\\/uploads\\\/2022\\\/06\\\/170x170ilN.png\",\"contentUrl\":\"https:\\\/\\\/www.ilnotiziario.net\\\/wp\\\/wp-content\\\/uploads\\\/2022\\\/06\\\/170x170ilN.png\",\"width\":355,\"height\":355,\"caption\":\"Il Notiziario\"},\"image\":{\"@id\":\"https:\\\/\\\/www.ilnotiziario.net\\\/wp\\\/#\\\/schema\\\/logo\\\/image\\\/\"},\"sameAs\":[\"https:\\\/\\\/www.facebook.com\\\/ilnotiziarioind\\\/\",\"https:\\\/\\\/x.com\\\/ilNotiziarioInd\",\"https:\\\/\\\/www.instagram.com\\\/ilnotiziario_settimanale\\\/\"]},{\"@type\":\"Person\",\"@id\":\"https:\\\/\\\/www.ilnotiziario.net\\\/wp\\\/#\\\/schema\\\/person\\\/c218ad0865f96bfe2c1c2cfa719653f7\",\"name\":\"Simone Carcano\",\"image\":{\"@type\":\"ImageObject\",\"inLanguage\":\"it-IT\",\"@id\":\"https:\\\/\\\/secure.gravatar.com\\\/avatar\\\/5e677023cff2c47e9f7a896b9157a46e18bd36e7c4d000a1726bb730be7d38bb?s=96&d=mm&r=g\",\"url\":\"https:\\\/\\\/secure.gravatar.com\\\/avatar\\\/5e677023cff2c47e9f7a896b9157a46e18bd36e7c4d000a1726bb730be7d38bb?s=96&d=mm&r=g\",\"contentUrl\":\"https:\\\/\\\/secure.gravatar.com\\\/avatar\\\/5e677023cff2c47e9f7a896b9157a46e18bd36e7c4d000a1726bb730be7d38bb?s=96&d=mm&r=g\",\"caption\":\"Simone Carcano\"},\"sameAs\":[\"http:\\\/\\\/www.ilnotiziario.net\",\"https:\\\/\\\/x.com\\\/@simone_carcano\"]}]}<\/script>\n<!-- \/ Yoast SEO plugin. -->","yoast_head_json":{"title":"Supermercati aperti (e chiusi) a Natale e Santo Stefano: da Il Centro a Esselunga","description":"Supermercati aperti la Vigilia di Natale (e chiusi il 25 dicembre) e in alcuni casi a Santo Stefano. Ecco una carrellata degli orar","robots":{"index":"index","follow":"follow","max-snippet":"max-snippet:-1","max-image-preview":"max-image-preview:large","max-video-preview":"max-video-preview:-1"},"canonical":"https:\/\/www.ilnotiziario.net\/wp\/prima-pagina\/supermercati-aperti-natale-santo-stefano\/","og_locale":"it_IT","og_type":"article","og_title":"Supermercati aperti (e chiusi) a Natale e Santo Stefano: da Il Centro a Esselunga","og_description":"Supermercati aperti la Vigilia di Natale (e chiusi il 25 dicembre) e in alcuni casi a Santo Stefano. Ecco una carrellata degli orar","og_url":"https:\/\/www.ilnotiziario.net\/wp\/prima-pagina\/supermercati-aperti-natale-santo-stefano\/","og_site_name":"Il Notiziario","article_publisher":"https:\/\/www.facebook.com\/ilnotiziarioind\/","article_published_time":"2024-12-23T15:35:24+00:00","article_modified_time":"2024-12-23T15:38:25+00:00","og_image":[{"width":902,"height":619,"url":"https:\/\/www.ilnotiziario.net\/wp\/wp-content\/uploads\/2022\/08\/arese-centro.jpg","type":"image\/jpeg"}],"author":"Simone Carcano","twitter_card":"summary_large_image","twitter_creator":"@simone_carcano","twitter_site":"@ilNotiziarioInd","twitter_misc":{"Scritto da":"Simone Carcano","Tempo di lettura stimato":"3 minuti"},"schema":{"@context":"https:\/\/schema.org","@graph":[{"@type":"Article","@id":"https:\/\/www.ilnotiziario.net\/wp\/prima-pagina\/supermercati-aperti-natale-santo-stefano\/#article","isPartOf":{"@id":"https:\/\/www.ilnotiziario.net\/wp\/prima-pagina\/supermercati-aperti-natale-santo-stefano\/"},"author":{"name":"Simone Carcano","@id":"https:\/\/www.ilnotiziario.net\/wp\/#\/schema\/person\/c218ad0865f96bfe2c1c2cfa719653f7"},"headline":"Supermercati aperti (e chiusi) a Natale e Santo Stefano: da Il Centro a Esselunga","datePublished":"2024-12-23T15:35:24+00:00","dateModified":"2024-12-23T15:38:25+00:00","mainEntityOfPage":{"@id":"https:\/\/www.ilnotiziario.net\/wp\/prima-pagina\/supermercati-aperti-natale-santo-stefano\/"},"wordCount":393,"publisher":{"@id":"https:\/\/www.ilnotiziario.net\/wp\/#organization"},"image":{"@id":"https:\/\/www.ilnotiziario.net\/wp\/prima-pagina\/supermercati-aperti-natale-santo-stefano\/#primaryimage"},"thumbnailUrl":"https:\/\/www.ilnotiziario.net\/wp\/wp-content\/uploads\/2022\/08\/arese-centro.jpg","articleSection":["Prima Pagina"],"inLanguage":"it-IT"},{"@type":"WebPage","@id":"https:\/\/www.ilnotiziario.net\/wp\/prima-pagina\/supermercati-aperti-natale-santo-stefano\/","url":"https:\/\/www.ilnotiziario.net\/wp\/prima-pagina\/supermercati-aperti-natale-santo-stefano\/","name":"Supermercati aperti (e chiusi) a Natale e Santo Stefano: da Il Centro a Esselunga","isPartOf":{"@id":"https:\/\/www.ilnotiziario.net\/wp\/#website"},"primaryImageOfPage":{"@id":"https:\/\/www.ilnotiziario.net\/wp\/prima-pagina\/supermercati-aperti-natale-santo-stefano\/#primaryimage"},"image":{"@id":"https:\/\/www.ilnotiziario.net\/wp\/prima-pagina\/supermercati-aperti-natale-santo-stefano\/#primaryimage"},"thumbnailUrl":"https:\/\/www.ilnotiziario.net\/wp\/wp-content\/uploads\/2022\/08\/arese-centro.jpg","datePublished":"2024-12-23T15:35:24+00:00","dateModified":"2024-12-23T15:38:25+00:00","description":"Supermercati aperti la Vigilia di Natale (e chiusi il 25 dicembre) e in alcuni casi a Santo Stefano. Ecco una carrellata degli orar","breadcrumb":{"@id":"https:\/\/www.ilnotiziario.net\/wp\/prima-pagina\/supermercati-aperti-natale-santo-stefano\/#breadcrumb"},"inLanguage":"it-IT","potentialAction":[{"@type":"ReadAction","target":["https:\/\/www.ilnotiziario.net\/wp\/prima-pagina\/supermercati-aperti-natale-santo-stefano\/"]}]},{"@type":"ImageObject","inLanguage":"it-IT","@id":"https:\/\/www.ilnotiziario.net\/wp\/prima-pagina\/supermercati-aperti-natale-santo-stefano\/#primaryimage","url":"https:\/\/www.ilnotiziario.net\/wp\/wp-content\/uploads\/2022\/08\/arese-centro.jpg","contentUrl":"https:\/\/www.ilnotiziario.net\/wp\/wp-content\/uploads\/2022\/08\/arese-centro.jpg","width":902,"height":619,"caption":"Arese Centro Racing Weeks"},{"@type":"BreadcrumbList","@id":"https:\/\/www.ilnotiziario.net\/wp\/prima-pagina\/supermercati-aperti-natale-santo-stefano\/#breadcrumb","itemListElement":[{"@type":"ListItem","position":1,"name":"tds_text_logo_tagline_colortds_text_logo_tagline_colortds_text_logo_tagline_colortds_text_logo_tagline_colortd_module_7_title_excerpttd_module_7_title_excerpttd_module_7_title_excerpttd_module_7_title_excerptHome","item":"https:\/\/www.ilnotiziario.net\/wp\/"},{"@type":"ListItem","position":2,"name":"Supermercati aperti (e chiusi) a Natale e Santo Stefano: da Il Centro a Esselunga"}]},{"@type":"WebSite","@id":"https:\/\/www.ilnotiziario.net\/wp\/#website","url":"https:\/\/www.ilnotiziario.net\/wp\/","name":"Il Notiziario","description":"Per restare sempre connessi alla notizia","publisher":{"@id":"https:\/\/www.ilnotiziario.net\/wp\/#organization"},"alternateName":"Il Notiziario Bollate","potentialAction":[{"@type":"SearchAction","target":{"@type":"EntryPoint","urlTemplate":"https:\/\/www.ilnotiziario.net\/wp\/?s={search_term_string}"},"query-input":{"@type":"PropertyValueSpecification","valueRequired":true,"valueName":"search_term_string"}}],"inLanguage":"it-IT"},{"@type":"Organization","@id":"https:\/\/www.ilnotiziario.net\/wp\/#organization","name":"Il Notiziario","url":"https:\/\/www.ilnotiziario.net\/wp\/","logo":{"@type":"ImageObject","inLanguage":"it-IT","@id":"https:\/\/www.ilnotiziario.net\/wp\/#\/schema\/logo\/image\/","url":"https:\/\/www.ilnotiziario.net\/wp\/wp-content\/uploads\/2022\/06\/170x170ilN.png","contentUrl":"https:\/\/www.ilnotiziario.net\/wp\/wp-content\/uploads\/2022\/06\/170x170ilN.png","width":355,"height":355,"caption":"Il Notiziario"},"image":{"@id":"https:\/\/www.ilnotiziario.net\/wp\/#\/schema\/logo\/image\/"},"sameAs":["https:\/\/www.facebook.com\/ilnotiziarioind\/","https:\/\/x.com\/ilNotiziarioInd","https:\/\/www.instagram.com\/ilnotiziario_settimanale\/"]},{"@type":"Person","@id":"https:\/\/www.ilnotiziario.net\/wp\/#\/schema\/person\/c218ad0865f96bfe2c1c2cfa719653f7","name":"Simone Carcano","image":{"@type":"ImageObject","inLanguage":"it-IT","@id":"https:\/\/secure.gravatar.com\/avatar\/5e677023cff2c47e9f7a896b9157a46e18bd36e7c4d000a1726bb730be7d38bb?s=96&d=mm&r=g","url":"https:\/\/secure.gravatar.com\/avatar\/5e677023cff2c47e9f7a896b9157a46e18bd36e7c4d000a1726bb730be7d38bb?s=96&d=mm&r=g","contentUrl":"https:\/\/secure.gravatar.com\/avatar\/5e677023cff2c47e9f7a896b9157a46e18bd36e7c4d000a1726bb730be7d38bb?s=96&d=mm&r=g","caption":"Simone Carcano"},"sameAs":["http:\/\/www.ilnotiziario.net","https:\/\/x.com\/@simone_carcano"]}]}},"_links":{"self":[{"href":"https:\/\/www.ilnotiziario.net\/wp\/wp-json\/wp\/v2\/posts\/202197","targetHints":{"allow":["GET"]}}],"collection":[{"href":"https:\/\/www.ilnotiziario.net\/wp\/wp-json\/wp\/v2\/posts"}],"about":[{"href":"https:\/\/www.ilnotiziario.net\/wp\/wp-json\/wp\/v2\/types\/post"}],"author":[{"embeddable":true,"href":"https:\/\/www.ilnotiziario.net\/wp\/wp-json\/wp\/v2\/users\/7"}],"replies":[{"embeddable":true,"href":"https:\/\/www.ilnotiziario.net\/wp\/wp-json\/wp\/v2\/comments?post=202197"}],"version-history":[{"count":0,"href":"https:\/\/www.ilnotiziario.net\/wp\/wp-json\/wp\/v2\/posts\/202197\/revisions"}],"wp:featuredmedia":[{"embeddable":true,"href":"https:\/\/www.ilnotiziario.net\/wp\/wp-json\/wp\/v2\/media\/169642"}],"wp:attachment":[{"href":"https:\/\/www.ilnotiziario.net\/wp\/wp-json\/wp\/v2\/media?parent=202197"}],"wp:term":[{"taxonomy":"category","embeddable":true,"href":"https:\/\/www.ilnotiziario.net\/wp\/wp-json\/wp\/v2\/categories?post=202197"},{"taxonomy":"post_tag","embeddable":true,"href":"https:\/\/www.ilnotiziario.net\/wp\/wp-json\/wp\/v2\/tags?post=202197"}],"curies":[{"name":"wp","href":"https:\/\/api.w.org\/{rel}","templated":true}]}}