{"id":202241,"date":"2024-12-24T17:35:30","date_gmt":"2024-12-24T16:35:30","guid":{"rendered":"https:\/\/www.ilnotiziario.net\/wp\/?p=202241"},"modified":"2024-12-24T17:37:38","modified_gmt":"2024-12-24T16:37:38","slug":"paderno-dioguardi-polizia-locale-comandante-lecco","status":"publish","type":"post","link":"https:\/\/www.ilnotiziario.net\/wp\/prima-pagina\/paderno-dioguardi-polizia-locale-comandante-lecco\/","title":{"rendered":"Paderno, Dioguardi saluta la polizia locale: sar\u00e0 il nuovo comandante di Lecco"},"content":{"rendered":"<p>Il comandante Lucio Dioguardi saluta il comando della polizia locale di Paderno Dugnano. Tra pochi giorni, sar\u00e0 ufficializzato il suo passaggio a Lecco.<span class=\"Apple-converted-space\">&nbsp;<\/span><\/p><div id=\"ilnot-2683478447\" class=\"ilnot-contenuto ilnot-entity-placement\"><p><!-- incontent_1 --><\/p>\n<div class=\"gptslot\" data-adunitid=\"1\"><\/div>\n<\/div>\n<h2>Lucio Dioguardi saluta la polizia locale di Paderno Dugnano<\/h2>\n<p>Con lo scambio di auguri della Vigilia di Natale, il comandante Lucio Dioguardi ha annunciato il suo addio al comando di Paderno Dugnano. Gi\u00e0 da gennaio &#8211; o al pi\u00f9 tardi da febbraio &#8211; sar\u00e0 perfezionato il suo passaggio alla polizia locale di Lecco mantenendo lo stesso ruolo.<span class=\"Apple-converted-space\">&nbsp;<\/span><\/p>\n<p>Dioguardi, 50 anni, lavora a Paderno Dugnano dalla fine del 2010 a capo del Settore polizia locale e servizi per la Citt\u00e0 che comprende anche lo Sportello Unico per le Attivit\u00e0 Produttive, i Servizi demografici ed elettorali. Nel corso della sua esperienza padernese, ha diretto anche il Servizio urbanistica ed edilizia per 3 anni dal 2017 al 2020. Quasi 15 anni \u00e8 durata anche l&#8217;esperienza al comando di Cant\u00f9 (Como): Dioguardi vi ha presentato servizio dal 1995 al 2010. Iniziando come agente era arrivato a ricoprire il ruolo di comandante con una pausa di qualche anno nello stesso ruolo anche a Rescaldina.<span class=\"Apple-converted-space\">&nbsp;<\/span><\/p><div id=\"ilnot-2305856145\" class=\"ilnot-contenuto_2 ilnot-entity-placement\"><div class=\"ads-wrapper\">\n<div class=\"ad-slot\">\n   <div id=\"ilnot-3487341969\" style=\"margin-right: auto;margin-left: auto;text-align: center;width: 320px;height: 100px;\"><a href=\"https:\/\/www.scuolasicurezza.it\/\"><img decoding=\"async\" src=\"https:\/\/www.ilnotiziario.net\/wp\/wp-content\/uploads\/2026\/04\/IlNotiziario_banner-sito-e-newsletter-320-x-100-px-1.gif\" alt=\"\"><\/a><\/div>\n  <\/div>\n<div class=\"ad-slot\">\n   <div id=\"ilnot-1382575481\" style=\"margin-right: auto;margin-left: auto;text-align: center;width: 320px;height: 100px;\"><a href=\"https:\/\/purodesignarredamenti.com\/\"><img decoding=\"async\" src=\"https:\/\/www.ilnotiziario.net\/wp\/wp-content\/uploads\/2026\/04\/banner-puro-ok.gif\" alt=\"whatsapp\"><\/a><\/div><\/p><\/div>\n<\/div>\n<\/div>\n<h2>Chi sar\u00e0 il nuovo comandante di Paderno?<\/h2>\n<p>La notizia dell\u2019addio di Dioguardi a Paderno Dugnano \u00e8 circolata solo nelle ultimissime ore, da quando il comune di Lecco ha comunicato l\u2019esito della selezione tramite mobilit\u00e0 al termine dei vari colloqui. Dioguardi \u00e8 risultato il migliore in una rosa di una decina di candidati e inizier\u00e0 a prendere servizio gradualmente a Lecco subito dopo le festivit\u00e0 natalizie. Nella prima fase manterr\u00e0 anche l&#8217;incarico padernese per consentire un completo passaggio di consegne che dovrebbe concludersi entro la prossima primavera. Nel frattempo, la giunta Varisco dovr\u00e0 definire le modalit\u00e0 per individuare il suo successore.&nbsp;<\/p>\n<p><a href=\"https:\/\/www.ilnotiziario.net\/wp\/paderno-dugnano-notizie-news\/\">Leggi le ultime notizie da Paderno Dugnano<\/a><\/p>\n<p>Durante il brindisi di auguri, il comandante Dioguardi ha spiegato ai suoi agenti le ragioni di questa scelta. Da una parte \u00e8 per lui una nuova sfida professionale in un comune capoluogo di provincia e dall\u2019altra pu\u00f2 lasciare un comando con attivit\u00e0 e personale assestato.&nbsp;Nel corso degli ultimi 15 anni, la polizia locale di Paderno ha cambiato profondamente volto nelle attivit\u00e0 e nella presenza sul territorio.&nbsp;Il comando ha avuto una nuova sede, il parco mezzi \u00e8 stato rinnovato nella sua totalit\u00e0 ed \u00e8 stata avviata la videsorveglianza per le strade che oggi conta oltre 100 telecamere. Da ultimo, un paio di anni fa, \u00e8 stata rivista la turnazione degli agenti&nbsp;per avere anche giornate di riposo pi\u00f9 efficaci per il personale e garantendo un servizio giornaliero di&nbsp;14 ore 7 giorni su 7.<span class=\"Apple-converted-space\">&nbsp;<\/span><\/p><div id=\"ilnot-3138789296\" class=\"ilnot-contenuto_2-2 ilnot-entity-placement\"><div class=\"gptslot\" data-adunitid=\"2\"><\/div>\n<\/div>\n","protected":false},"excerpt":{"rendered":"<p>Il comandante Lucio Dioguardi saluta il comando della polizia locale di Paderno Dugnano. Tra pochi giorni, sar\u00e0 ufficializzato il suo passaggio a Lecco.&nbsp; Lucio Dioguardi saluta la polizia locale di Paderno Dugnano Con lo scambio di auguri della Vigilia di Natale, il comandante Lucio Dioguardi ha annunciato il suo addio al comando di Paderno Dugnano.<\/p>\n","protected":false},"author":7,"featured_media":202242,"comment_status":"closed","ping_status":"closed","sticky":false,"template":"","format":"standard","meta":{"footnotes":""},"categories":[11,20],"tags":[1293,39],"class_list":{"0":"post-202241","1":"post","2":"type-post","3":"status-publish","4":"format-standard","5":"has-post-thumbnail","7":"category-nord-milano","8":"category-prima-pagina","9":"tag-lucio-dioguardi","10":"tag-paderno-dugnano"},"yoast_head":"<!-- This site is optimized with the Yoast SEO plugin v27.4 - https:\/\/yoast.com\/product\/yoast-seo-wordpress\/ -->\n<title>Paderno, Dioguardi saluta la polizia locale: sar\u00e0 il nuovo comandante di Lecco<\/title>\n<meta name=\"description\" content=\"Il comandante Lucio Dioguardi saluta il comando della polizia locale di Paderno. Sar\u00e0 ufficializzato il suo passaggio a Lecco\" \/>\n<meta name=\"robots\" content=\"index, follow, max-snippet:-1, max-image-preview:large, max-video-preview:-1\" \/>\n<link rel=\"canonical\" href=\"https:\/\/www.ilnotiziario.net\/wp\/prima-pagina\/paderno-dioguardi-polizia-locale-comandante-lecco\/\" \/>\n<meta property=\"og:locale\" content=\"it_IT\" \/>\n<meta property=\"og:type\" content=\"article\" \/>\n<meta property=\"og:title\" content=\"Paderno, Dioguardi saluta la polizia locale: sar\u00e0 il nuovo comandante di Lecco\" \/>\n<meta property=\"og:description\" content=\"Il comandante Lucio Dioguardi saluta il comando della polizia locale di Paderno. Sar\u00e0 ufficializzato il suo passaggio a Lecco\" \/>\n<meta property=\"og:url\" content=\"https:\/\/www.ilnotiziario.net\/wp\/prima-pagina\/paderno-dioguardi-polizia-locale-comandante-lecco\/\" \/>\n<meta property=\"og:site_name\" content=\"Il Notiziario\" \/>\n<meta property=\"article:publisher\" content=\"https:\/\/www.facebook.com\/ilnotiziarioind\/\" \/>\n<meta property=\"article:published_time\" content=\"2024-12-24T16:35:30+00:00\" \/>\n<meta property=\"article:modified_time\" content=\"2024-12-24T16:37:38+00:00\" \/>\n<meta property=\"og:image\" content=\"https:\/\/www.ilnotiziario.net\/wp\/wp-content\/uploads\/2024\/12\/lucio-dioguardi-paderno.jpg\" \/>\n\t<meta property=\"og:image:width\" content=\"1280\" \/>\n\t<meta property=\"og:image:height\" content=\"720\" \/>\n\t<meta property=\"og:image:type\" content=\"image\/jpeg\" \/>\n<meta name=\"author\" content=\"Simone Carcano\" \/>\n<meta name=\"twitter:card\" content=\"summary_large_image\" \/>\n<meta name=\"twitter:creator\" content=\"@simone_carcano\" \/>\n<meta name=\"twitter:site\" content=\"@ilNotiziarioInd\" \/>\n<meta name=\"twitter:label1\" content=\"Scritto da\" \/>\n\t<meta name=\"twitter:data1\" content=\"Simone Carcano\" \/>\n\t<meta name=\"twitter:label2\" content=\"Tempo di lettura stimato\" \/>\n\t<meta name=\"twitter:data2\" content=\"3 minuti\" \/>\n<script type=\"application\/ld+json\" class=\"yoast-schema-graph\">{\"@context\":\"https:\\\/\\\/schema.org\",\"@graph\":[{\"@type\":\"Article\",\"@id\":\"https:\\\/\\\/www.ilnotiziario.net\\\/wp\\\/prima-pagina\\\/paderno-dioguardi-polizia-locale-comandante-lecco\\\/#article\",\"isPartOf\":{\"@id\":\"https:\\\/\\\/www.ilnotiziario.net\\\/wp\\\/prima-pagina\\\/paderno-dioguardi-polizia-locale-comandante-lecco\\\/\"},\"author\":{\"name\":\"Simone Carcano\",\"@id\":\"https:\\\/\\\/www.ilnotiziario.net\\\/wp\\\/#\\\/schema\\\/person\\\/c218ad0865f96bfe2c1c2cfa719653f7\"},\"headline\":\"Paderno, Dioguardi saluta la polizia locale: sar\u00e0 il nuovo comandante di Lecco\",\"datePublished\":\"2024-12-24T16:35:30+00:00\",\"dateModified\":\"2024-12-24T16:37:38+00:00\",\"mainEntityOfPage\":{\"@id\":\"https:\\\/\\\/www.ilnotiziario.net\\\/wp\\\/prima-pagina\\\/paderno-dioguardi-polizia-locale-comandante-lecco\\\/\"},\"wordCount\":430,\"publisher\":{\"@id\":\"https:\\\/\\\/www.ilnotiziario.net\\\/wp\\\/#organization\"},\"image\":{\"@id\":\"https:\\\/\\\/www.ilnotiziario.net\\\/wp\\\/prima-pagina\\\/paderno-dioguardi-polizia-locale-comandante-lecco\\\/#primaryimage\"},\"thumbnailUrl\":\"https:\\\/\\\/www.ilnotiziario.net\\\/wp\\\/wp-content\\\/uploads\\\/2024\\\/12\\\/lucio-dioguardi-paderno.jpg\",\"keywords\":[\"Lucio Dioguardi\",\"Paderno Dugnano\"],\"articleSection\":[\"NORD MILANO\",\"Prima Pagina\"],\"inLanguage\":\"it-IT\"},{\"@type\":\"WebPage\",\"@id\":\"https:\\\/\\\/www.ilnotiziario.net\\\/wp\\\/prima-pagina\\\/paderno-dioguardi-polizia-locale-comandante-lecco\\\/\",\"url\":\"https:\\\/\\\/www.ilnotiziario.net\\\/wp\\\/prima-pagina\\\/paderno-dioguardi-polizia-locale-comandante-lecco\\\/\",\"name\":\"Paderno, Dioguardi saluta la polizia locale: sar\u00e0 il nuovo comandante di Lecco\",\"isPartOf\":{\"@id\":\"https:\\\/\\\/www.ilnotiziario.net\\\/wp\\\/#website\"},\"primaryImageOfPage\":{\"@id\":\"https:\\\/\\\/www.ilnotiziario.net\\\/wp\\\/prima-pagina\\\/paderno-dioguardi-polizia-locale-comandante-lecco\\\/#primaryimage\"},\"image\":{\"@id\":\"https:\\\/\\\/www.ilnotiziario.net\\\/wp\\\/prima-pagina\\\/paderno-dioguardi-polizia-locale-comandante-lecco\\\/#primaryimage\"},\"thumbnailUrl\":\"https:\\\/\\\/www.ilnotiziario.net\\\/wp\\\/wp-content\\\/uploads\\\/2024\\\/12\\\/lucio-dioguardi-paderno.jpg\",\"datePublished\":\"2024-12-24T16:35:30+00:00\",\"dateModified\":\"2024-12-24T16:37:38+00:00\",\"description\":\"Il comandante Lucio Dioguardi saluta il comando della polizia locale di Paderno. Sar\u00e0 ufficializzato il suo passaggio a Lecco\",\"breadcrumb\":{\"@id\":\"https:\\\/\\\/www.ilnotiziario.net\\\/wp\\\/prima-pagina\\\/paderno-dioguardi-polizia-locale-comandante-lecco\\\/#breadcrumb\"},\"inLanguage\":\"it-IT\",\"potentialAction\":[{\"@type\":\"ReadAction\",\"target\":[\"https:\\\/\\\/www.ilnotiziario.net\\\/wp\\\/prima-pagina\\\/paderno-dioguardi-polizia-locale-comandante-lecco\\\/\"]}]},{\"@type\":\"ImageObject\",\"inLanguage\":\"it-IT\",\"@id\":\"https:\\\/\\\/www.ilnotiziario.net\\\/wp\\\/prima-pagina\\\/paderno-dioguardi-polizia-locale-comandante-lecco\\\/#primaryimage\",\"url\":\"https:\\\/\\\/www.ilnotiziario.net\\\/wp\\\/wp-content\\\/uploads\\\/2024\\\/12\\\/lucio-dioguardi-paderno.jpg\",\"contentUrl\":\"https:\\\/\\\/www.ilnotiziario.net\\\/wp\\\/wp-content\\\/uploads\\\/2024\\\/12\\\/lucio-dioguardi-paderno.jpg\",\"width\":1280,\"height\":720},{\"@type\":\"BreadcrumbList\",\"@id\":\"https:\\\/\\\/www.ilnotiziario.net\\\/wp\\\/prima-pagina\\\/paderno-dioguardi-polizia-locale-comandante-lecco\\\/#breadcrumb\",\"itemListElement\":[{\"@type\":\"ListItem\",\"position\":1,\"name\":\"tds_text_logo_tagline_colortds_text_logo_tagline_colortds_text_logo_tagline_colortds_text_logo_tagline_colortd_module_7_title_excerpttd_module_7_title_excerpttd_module_7_title_excerpttd_module_7_title_excerptHome\",\"item\":\"https:\\\/\\\/www.ilnotiziario.net\\\/wp\\\/\"},{\"@type\":\"ListItem\",\"position\":2,\"name\":\"Paderno, Dioguardi saluta la polizia locale: sar\u00e0 il nuovo comandante di Lecco\"}]},{\"@type\":\"WebSite\",\"@id\":\"https:\\\/\\\/www.ilnotiziario.net\\\/wp\\\/#website\",\"url\":\"https:\\\/\\\/www.ilnotiziario.net\\\/wp\\\/\",\"name\":\"Il Notiziario\",\"description\":\"Per restare sempre connessi alla notizia\",\"publisher\":{\"@id\":\"https:\\\/\\\/www.ilnotiziario.net\\\/wp\\\/#organization\"},\"alternateName\":\"Il Notiziario Bollate\",\"potentialAction\":[{\"@type\":\"SearchAction\",\"target\":{\"@type\":\"EntryPoint\",\"urlTemplate\":\"https:\\\/\\\/www.ilnotiziario.net\\\/wp\\\/?s={search_term_string}\"},\"query-input\":{\"@type\":\"PropertyValueSpecification\",\"valueRequired\":true,\"valueName\":\"search_term_string\"}}],\"inLanguage\":\"it-IT\"},{\"@type\":\"Organization\",\"@id\":\"https:\\\/\\\/www.ilnotiziario.net\\\/wp\\\/#organization\",\"name\":\"Il Notiziario\",\"url\":\"https:\\\/\\\/www.ilnotiziario.net\\\/wp\\\/\",\"logo\":{\"@type\":\"ImageObject\",\"inLanguage\":\"it-IT\",\"@id\":\"https:\\\/\\\/www.ilnotiziario.net\\\/wp\\\/#\\\/schema\\\/logo\\\/image\\\/\",\"url\":\"https:\\\/\\\/www.ilnotiziario.net\\\/wp\\\/wp-content\\\/uploads\\\/2022\\\/06\\\/170x170ilN.png\",\"contentUrl\":\"https:\\\/\\\/www.ilnotiziario.net\\\/wp\\\/wp-content\\\/uploads\\\/2022\\\/06\\\/170x170ilN.png\",\"width\":355,\"height\":355,\"caption\":\"Il Notiziario\"},\"image\":{\"@id\":\"https:\\\/\\\/www.ilnotiziario.net\\\/wp\\\/#\\\/schema\\\/logo\\\/image\\\/\"},\"sameAs\":[\"https:\\\/\\\/www.facebook.com\\\/ilnotiziarioind\\\/\",\"https:\\\/\\\/x.com\\\/ilNotiziarioInd\",\"https:\\\/\\\/www.instagram.com\\\/ilnotiziario_settimanale\\\/\"]},{\"@type\":\"Person\",\"@id\":\"https:\\\/\\\/www.ilnotiziario.net\\\/wp\\\/#\\\/schema\\\/person\\\/c218ad0865f96bfe2c1c2cfa719653f7\",\"name\":\"Simone Carcano\",\"image\":{\"@type\":\"ImageObject\",\"inLanguage\":\"it-IT\",\"@id\":\"https:\\\/\\\/secure.gravatar.com\\\/avatar\\\/5e677023cff2c47e9f7a896b9157a46e18bd36e7c4d000a1726bb730be7d38bb?s=96&d=mm&r=g\",\"url\":\"https:\\\/\\\/secure.gravatar.com\\\/avatar\\\/5e677023cff2c47e9f7a896b9157a46e18bd36e7c4d000a1726bb730be7d38bb?s=96&d=mm&r=g\",\"contentUrl\":\"https:\\\/\\\/secure.gravatar.com\\\/avatar\\\/5e677023cff2c47e9f7a896b9157a46e18bd36e7c4d000a1726bb730be7d38bb?s=96&d=mm&r=g\",\"caption\":\"Simone Carcano\"},\"sameAs\":[\"http:\\\/\\\/www.ilnotiziario.net\",\"https:\\\/\\\/x.com\\\/@simone_carcano\"]}]}<\/script>\n<!-- \/ Yoast SEO plugin. -->","yoast_head_json":{"title":"Paderno, Dioguardi saluta la polizia locale: sar\u00e0 il nuovo comandante di Lecco","description":"Il comandante Lucio Dioguardi saluta il comando della polizia locale di Paderno. Sar\u00e0 ufficializzato il suo passaggio a Lecco","robots":{"index":"index","follow":"follow","max-snippet":"max-snippet:-1","max-image-preview":"max-image-preview:large","max-video-preview":"max-video-preview:-1"},"canonical":"https:\/\/www.ilnotiziario.net\/wp\/prima-pagina\/paderno-dioguardi-polizia-locale-comandante-lecco\/","og_locale":"it_IT","og_type":"article","og_title":"Paderno, Dioguardi saluta la polizia locale: sar\u00e0 il nuovo comandante di Lecco","og_description":"Il comandante Lucio Dioguardi saluta il comando della polizia locale di Paderno. Sar\u00e0 ufficializzato il suo passaggio a Lecco","og_url":"https:\/\/www.ilnotiziario.net\/wp\/prima-pagina\/paderno-dioguardi-polizia-locale-comandante-lecco\/","og_site_name":"Il Notiziario","article_publisher":"https:\/\/www.facebook.com\/ilnotiziarioind\/","article_published_time":"2024-12-24T16:35:30+00:00","article_modified_time":"2024-12-24T16:37:38+00:00","og_image":[{"width":1280,"height":720,"url":"https:\/\/www.ilnotiziario.net\/wp\/wp-content\/uploads\/2024\/12\/lucio-dioguardi-paderno.jpg","type":"image\/jpeg"}],"author":"Simone Carcano","twitter_card":"summary_large_image","twitter_creator":"@simone_carcano","twitter_site":"@ilNotiziarioInd","twitter_misc":{"Scritto da":"Simone Carcano","Tempo di lettura stimato":"3 minuti"},"schema":{"@context":"https:\/\/schema.org","@graph":[{"@type":"Article","@id":"https:\/\/www.ilnotiziario.net\/wp\/prima-pagina\/paderno-dioguardi-polizia-locale-comandante-lecco\/#article","isPartOf":{"@id":"https:\/\/www.ilnotiziario.net\/wp\/prima-pagina\/paderno-dioguardi-polizia-locale-comandante-lecco\/"},"author":{"name":"Simone Carcano","@id":"https:\/\/www.ilnotiziario.net\/wp\/#\/schema\/person\/c218ad0865f96bfe2c1c2cfa719653f7"},"headline":"Paderno, Dioguardi saluta la polizia locale: sar\u00e0 il nuovo comandante di Lecco","datePublished":"2024-12-24T16:35:30+00:00","dateModified":"2024-12-24T16:37:38+00:00","mainEntityOfPage":{"@id":"https:\/\/www.ilnotiziario.net\/wp\/prima-pagina\/paderno-dioguardi-polizia-locale-comandante-lecco\/"},"wordCount":430,"publisher":{"@id":"https:\/\/www.ilnotiziario.net\/wp\/#organization"},"image":{"@id":"https:\/\/www.ilnotiziario.net\/wp\/prima-pagina\/paderno-dioguardi-polizia-locale-comandante-lecco\/#primaryimage"},"thumbnailUrl":"https:\/\/www.ilnotiziario.net\/wp\/wp-content\/uploads\/2024\/12\/lucio-dioguardi-paderno.jpg","keywords":["Lucio Dioguardi","Paderno Dugnano"],"articleSection":["NORD MILANO","Prima Pagina"],"inLanguage":"it-IT"},{"@type":"WebPage","@id":"https:\/\/www.ilnotiziario.net\/wp\/prima-pagina\/paderno-dioguardi-polizia-locale-comandante-lecco\/","url":"https:\/\/www.ilnotiziario.net\/wp\/prima-pagina\/paderno-dioguardi-polizia-locale-comandante-lecco\/","name":"Paderno, Dioguardi saluta la polizia locale: sar\u00e0 il nuovo comandante di Lecco","isPartOf":{"@id":"https:\/\/www.ilnotiziario.net\/wp\/#website"},"primaryImageOfPage":{"@id":"https:\/\/www.ilnotiziario.net\/wp\/prima-pagina\/paderno-dioguardi-polizia-locale-comandante-lecco\/#primaryimage"},"image":{"@id":"https:\/\/www.ilnotiziario.net\/wp\/prima-pagina\/paderno-dioguardi-polizia-locale-comandante-lecco\/#primaryimage"},"thumbnailUrl":"https:\/\/www.ilnotiziario.net\/wp\/wp-content\/uploads\/2024\/12\/lucio-dioguardi-paderno.jpg","datePublished":"2024-12-24T16:35:30+00:00","dateModified":"2024-12-24T16:37:38+00:00","description":"Il comandante Lucio Dioguardi saluta il comando della polizia locale di Paderno. Sar\u00e0 ufficializzato il suo passaggio a Lecco","breadcrumb":{"@id":"https:\/\/www.ilnotiziario.net\/wp\/prima-pagina\/paderno-dioguardi-polizia-locale-comandante-lecco\/#breadcrumb"},"inLanguage":"it-IT","potentialAction":[{"@type":"ReadAction","target":["https:\/\/www.ilnotiziario.net\/wp\/prima-pagina\/paderno-dioguardi-polizia-locale-comandante-lecco\/"]}]},{"@type":"ImageObject","inLanguage":"it-IT","@id":"https:\/\/www.ilnotiziario.net\/wp\/prima-pagina\/paderno-dioguardi-polizia-locale-comandante-lecco\/#primaryimage","url":"https:\/\/www.ilnotiziario.net\/wp\/wp-content\/uploads\/2024\/12\/lucio-dioguardi-paderno.jpg","contentUrl":"https:\/\/www.ilnotiziario.net\/wp\/wp-content\/uploads\/2024\/12\/lucio-dioguardi-paderno.jpg","width":1280,"height":720},{"@type":"BreadcrumbList","@id":"https:\/\/www.ilnotiziario.net\/wp\/prima-pagina\/paderno-dioguardi-polizia-locale-comandante-lecco\/#breadcrumb","itemListElement":[{"@type":"ListItem","position":1,"name":"tds_text_logo_tagline_colortds_text_logo_tagline_colortds_text_logo_tagline_colortds_text_logo_tagline_colortd_module_7_title_excerpttd_module_7_title_excerpttd_module_7_title_excerpttd_module_7_title_excerptHome","item":"https:\/\/www.ilnotiziario.net\/wp\/"},{"@type":"ListItem","position":2,"name":"Paderno, Dioguardi saluta la polizia locale: sar\u00e0 il nuovo comandante di Lecco"}]},{"@type":"WebSite","@id":"https:\/\/www.ilnotiziario.net\/wp\/#website","url":"https:\/\/www.ilnotiziario.net\/wp\/","name":"Il Notiziario","description":"Per restare sempre connessi alla notizia","publisher":{"@id":"https:\/\/www.ilnotiziario.net\/wp\/#organization"},"alternateName":"Il Notiziario Bollate","potentialAction":[{"@type":"SearchAction","target":{"@type":"EntryPoint","urlTemplate":"https:\/\/www.ilnotiziario.net\/wp\/?s={search_term_string}"},"query-input":{"@type":"PropertyValueSpecification","valueRequired":true,"valueName":"search_term_string"}}],"inLanguage":"it-IT"},{"@type":"Organization","@id":"https:\/\/www.ilnotiziario.net\/wp\/#organization","name":"Il Notiziario","url":"https:\/\/www.ilnotiziario.net\/wp\/","logo":{"@type":"ImageObject","inLanguage":"it-IT","@id":"https:\/\/www.ilnotiziario.net\/wp\/#\/schema\/logo\/image\/","url":"https:\/\/www.ilnotiziario.net\/wp\/wp-content\/uploads\/2022\/06\/170x170ilN.png","contentUrl":"https:\/\/www.ilnotiziario.net\/wp\/wp-content\/uploads\/2022\/06\/170x170ilN.png","width":355,"height":355,"caption":"Il Notiziario"},"image":{"@id":"https:\/\/www.ilnotiziario.net\/wp\/#\/schema\/logo\/image\/"},"sameAs":["https:\/\/www.facebook.com\/ilnotiziarioind\/","https:\/\/x.com\/ilNotiziarioInd","https:\/\/www.instagram.com\/ilnotiziario_settimanale\/"]},{"@type":"Person","@id":"https:\/\/www.ilnotiziario.net\/wp\/#\/schema\/person\/c218ad0865f96bfe2c1c2cfa719653f7","name":"Simone Carcano","image":{"@type":"ImageObject","inLanguage":"it-IT","@id":"https:\/\/secure.gravatar.com\/avatar\/5e677023cff2c47e9f7a896b9157a46e18bd36e7c4d000a1726bb730be7d38bb?s=96&d=mm&r=g","url":"https:\/\/secure.gravatar.com\/avatar\/5e677023cff2c47e9f7a896b9157a46e18bd36e7c4d000a1726bb730be7d38bb?s=96&d=mm&r=g","contentUrl":"https:\/\/secure.gravatar.com\/avatar\/5e677023cff2c47e9f7a896b9157a46e18bd36e7c4d000a1726bb730be7d38bb?s=96&d=mm&r=g","caption":"Simone Carcano"},"sameAs":["http:\/\/www.ilnotiziario.net","https:\/\/x.com\/@simone_carcano"]}]}},"_links":{"self":[{"href":"https:\/\/www.ilnotiziario.net\/wp\/wp-json\/wp\/v2\/posts\/202241","targetHints":{"allow":["GET"]}}],"collection":[{"href":"https:\/\/www.ilnotiziario.net\/wp\/wp-json\/wp\/v2\/posts"}],"about":[{"href":"https:\/\/www.ilnotiziario.net\/wp\/wp-json\/wp\/v2\/types\/post"}],"author":[{"embeddable":true,"href":"https:\/\/www.ilnotiziario.net\/wp\/wp-json\/wp\/v2\/users\/7"}],"replies":[{"embeddable":true,"href":"https:\/\/www.ilnotiziario.net\/wp\/wp-json\/wp\/v2\/comments?post=202241"}],"version-history":[{"count":0,"href":"https:\/\/www.ilnotiziario.net\/wp\/wp-json\/wp\/v2\/posts\/202241\/revisions"}],"wp:featuredmedia":[{"embeddable":true,"href":"https:\/\/www.ilnotiziario.net\/wp\/wp-json\/wp\/v2\/media\/202242"}],"wp:attachment":[{"href":"https:\/\/www.ilnotiziario.net\/wp\/wp-json\/wp\/v2\/media?parent=202241"}],"wp:term":[{"taxonomy":"category","embeddable":true,"href":"https:\/\/www.ilnotiziario.net\/wp\/wp-json\/wp\/v2\/categories?post=202241"},{"taxonomy":"post_tag","embeddable":true,"href":"https:\/\/www.ilnotiziario.net\/wp\/wp-json\/wp\/v2\/tags?post=202241"}],"curies":[{"name":"wp","href":"https:\/\/api.w.org\/{rel}","templated":true}]}}