{"id":202954,"date":"2025-01-19T10:44:58","date_gmt":"2025-01-19T09:44:58","guid":{"rendered":"https:\/\/www.ilnotiziario.net\/wp\/?p=202954"},"modified":"2025-01-19T12:29:58","modified_gmt":"2025-01-19T11:29:58","slug":"senago-si-e-spento-bruno-nava-la-lega-perde-una-colonna","status":"publish","type":"post","link":"https:\/\/www.ilnotiziario.net\/wp\/prima-pagina\/senago-si-e-spento-bruno-nava-la-lega-perde-una-colonna\/","title":{"rendered":"Senago, si \u00e8 spento Bruno Nava, la Lega perde una colonna"},"content":{"rendered":"<p>Senago, si \u00e8 spento Bruno Nava, la Lega perde una colonna.<br \/>\nLutto in citt\u00e0 per la scomparsa di Bruno Nava, storico militante della Lega. 86 anni, si \u00e8 spento improvvisamente nel pomeriggio di mercoled\u00ec. Una vita intensa da tecnico specializzato di macchinari, un lavoro che lo ha visto spesso in giro per l\u2019Italia e per il mondo, anche quando ha deciso di mettersi in proprio. Politica e Motori le due grandi passioni che hanno accompagnato l\u2019intero corso della sua vita. Bruno amava moltissimo le auto, che usava anche collezionare, modelli d\u2019epoca o sportivi, gioiellini che teneva d\u2019acconto senza negarsi un giro per le vie cittadine di tanto in tanto. Amava moltissimo anche le moto, il mezzo che utilizzava di consueto, quando non era in bici, per gli spostamenti.<\/p><div id=\"ilnot-1842876195\" class=\"ilnot-contenuto ilnot-entity-placement\"><p><!-- incontent_1 --><\/p>\n<div class=\"gptslot\" data-adunitid=\"1\"><\/div>\n<\/div>\n<p>Casco in testa e pettine sempre a portata di mano per un\u2019aggiustatina a cui teneva moltissimo. La politica l\u2019altra sua grande passione. Bruno era un militante storico della Lega Nord, sempre presente a riunioni e banchetti, era il socio pi\u00f9 anziano. Un punto di riferimento per tutti nella sezione del Carroccio in particolare per una giovane militante oggi divenuta primo cittadino di Senago.<\/p>\n<h2>Senago, si \u00e8 spento Bruno Nava, la Lega perde una colonna. Il commento del sindaco<\/h2>\n<p>\u201cCon profondo rammarico ho appreso la notizia della scomparsa \u2013 ha commentato il sindaco Magda Beretta &#8211; tutta la comunit\u00e0 leghista e non solo piange Bruno che ha dedicato gran parte del suo tempo libero al nostro movimento. Bruno \u00e8 stata una persona fondamentale nel mio percorso politico, una spalla importante, un amico vero con cui abbiamo condiviso tante battaglie e conquiste politiche. Sono molto scossa perch\u00e9 ho sempre provato un affetto sincero per lui. Sono stata per tanti anni la pi\u00f9 piccola della sezione di Senago e lui il pi\u00f9 anziano, e con affetto mi ha sempre chiamato \u2018la mia Berettina\u2019. Mi stringo al dolore della famiglia Nava a cui invio un caloroso abbraccio\u201d.<\/p><div id=\"ilnot-3515393665\" class=\"ilnot-contenuto_2 ilnot-entity-placement\"><div class=\"ads-wrapper\">\n<div class=\"ad-slot\">\n   <div id=\"ilnot-2996766077\" style=\"margin-right: auto;margin-left: auto;text-align: center;width: 320px;height: 100px;\"><a href=\"https:\/\/www.scuolasicurezza.it\/\"><img decoding=\"async\" src=\"https:\/\/www.ilnotiziario.net\/wp\/wp-content\/uploads\/2026\/04\/IlNotiziario_banner-sito-e-newsletter-320-x-100-px-1.gif\" alt=\"\"><\/a><\/div>\n  <\/div>\n<div class=\"ad-slot\">\n   <div id=\"ilnot-201618783\" style=\"margin-right: auto;margin-left: auto;text-align: center;width: 320px;height: 100px;\"><a href=\"https:\/\/purodesignarredamenti.com\/\"><img decoding=\"async\" src=\"https:\/\/www.ilnotiziario.net\/wp\/wp-content\/uploads\/2026\/04\/banner-puro-ok.gif\" alt=\"whatsapp\"><\/a><\/div><\/p><\/div>\n<\/div>\n<\/div>\n<p>Le condoglianze del sindaco si sono aggiunte ai numerosi altri messaggi di cordoglio arrivati alla famiglia di Bruno da conoscenti, amici ed esponenti della politica locale, a testimonianza di un affetto e di un ricordo che a lungo rimarranno nei cuori di quanti lo hanno conosciuto.<\/p>\n<p>I funerali si sono tenuti sabato 18 a Senago.<\/p>\n","protected":false},"excerpt":{"rendered":"<p>Senago, si \u00e8 spento Bruno Nava, la Lega perde una colonna. Lutto in citt\u00e0 per la scomparsa di Bruno Nava, storico militante della Lega. 86 anni, si \u00e8 spento improvvisamente nel pomeriggio di mercoled\u00ec. Una vita intensa da tecnico specializzato di macchinari, un lavoro che lo ha visto spesso in giro per l\u2019Italia e per<\/p>\n","protected":false},"author":14,"featured_media":202955,"comment_status":"closed","ping_status":"closed","sticky":false,"template":"","format":"standard","meta":{"footnotes":""},"categories":[8,20],"tags":[17437,1422,183],"class_list":{"0":"post-202954","1":"post","2":"type-post","3":"status-publish","4":"format-standard","5":"has-post-thumbnail","7":"category-bollatese","8":"category-prima-pagina","9":"tag-bruno-nava","10":"tag-lega","11":"tag-senago"},"yoast_head":"<!-- This site is optimized with the Yoast SEO plugin v27.5 - https:\/\/yoast.com\/product\/yoast-seo-wordpress\/ -->\n<title>Senago, si \u00e8 spento Bruno Nava, la Lega perde una colonna - Il Notiziario<\/title>\n<meta name=\"description\" content=\"Senago, si \u00e8 spento Bruno Nava, la Lega perde una colonna. Lutto in citt\u00e0 per la scomparsa di Bruno Nava, storico militante della Lega. 86 anni, si \u00e8\" \/>\n<meta name=\"robots\" content=\"index, follow, max-snippet:-1, max-image-preview:large, max-video-preview:-1\" \/>\n<link rel=\"canonical\" href=\"https:\/\/www.ilnotiziario.net\/wp\/prima-pagina\/senago-si-e-spento-bruno-nava-la-lega-perde-una-colonna\/\" \/>\n<meta property=\"og:locale\" content=\"it_IT\" \/>\n<meta property=\"og:type\" content=\"article\" \/>\n<meta property=\"og:title\" content=\"Senago, si \u00e8 spento Bruno Nava, la Lega perde una colonna - Il Notiziario\" \/>\n<meta property=\"og:description\" content=\"Senago, si \u00e8 spento Bruno Nava, la Lega perde una colonna. Lutto in citt\u00e0 per la scomparsa di Bruno Nava, storico militante della Lega. 86 anni, si \u00e8\" \/>\n<meta property=\"og:url\" content=\"https:\/\/www.ilnotiziario.net\/wp\/prima-pagina\/senago-si-e-spento-bruno-nava-la-lega-perde-una-colonna\/\" \/>\n<meta property=\"og:site_name\" content=\"Il Notiziario\" \/>\n<meta property=\"article:publisher\" content=\"https:\/\/www.facebook.com\/ilnotiziarioind\/\" \/>\n<meta property=\"article:published_time\" content=\"2025-01-19T09:44:58+00:00\" \/>\n<meta property=\"article:modified_time\" content=\"2025-01-19T11:29:58+00:00\" \/>\n<meta property=\"og:image\" content=\"https:\/\/www.ilnotiziario.net\/wp\/wp-content\/uploads\/2025\/01\/Senago-Bruno-Nava-Lega.jpg\" \/>\n\t<meta property=\"og:image:width\" content=\"218\" \/>\n\t<meta property=\"og:image:height\" content=\"167\" \/>\n\t<meta property=\"og:image:type\" content=\"image\/jpeg\" \/>\n<meta name=\"author\" content=\"Silvia Citterio\" \/>\n<meta name=\"twitter:card\" content=\"summary_large_image\" \/>\n<meta name=\"twitter:creator\" content=\"@ilNotiziarioInd\" \/>\n<meta name=\"twitter:site\" content=\"@ilNotiziarioInd\" \/>\n<meta name=\"twitter:label1\" content=\"Scritto da\" \/>\n\t<meta name=\"twitter:data1\" content=\"Silvia Citterio\" \/>\n\t<meta name=\"twitter:label2\" content=\"Tempo di lettura stimato\" \/>\n\t<meta name=\"twitter:data2\" content=\"3 minuti\" \/>\n<script type=\"application\/ld+json\" class=\"yoast-schema-graph\">{\"@context\":\"https:\\\/\\\/schema.org\",\"@graph\":[{\"@type\":\"Article\",\"@id\":\"https:\\\/\\\/www.ilnotiziario.net\\\/wp\\\/prima-pagina\\\/senago-si-e-spento-bruno-nava-la-lega-perde-una-colonna\\\/#article\",\"isPartOf\":{\"@id\":\"https:\\\/\\\/www.ilnotiziario.net\\\/wp\\\/prima-pagina\\\/senago-si-e-spento-bruno-nava-la-lega-perde-una-colonna\\\/\"},\"author\":{\"name\":\"Silvia Citterio\",\"@id\":\"https:\\\/\\\/www.ilnotiziario.net\\\/wp\\\/#\\\/schema\\\/person\\\/c5bca2edc3d99d29959f04a6126f687b\"},\"headline\":\"Senago, si \u00e8 spento Bruno Nava, la Lega perde una colonna\",\"datePublished\":\"2025-01-19T09:44:58+00:00\",\"dateModified\":\"2025-01-19T11:29:58+00:00\",\"mainEntityOfPage\":{\"@id\":\"https:\\\/\\\/www.ilnotiziario.net\\\/wp\\\/prima-pagina\\\/senago-si-e-spento-bruno-nava-la-lega-perde-una-colonna\\\/\"},\"wordCount\":385,\"publisher\":{\"@id\":\"https:\\\/\\\/www.ilnotiziario.net\\\/wp\\\/#organization\"},\"image\":{\"@id\":\"https:\\\/\\\/www.ilnotiziario.net\\\/wp\\\/prima-pagina\\\/senago-si-e-spento-bruno-nava-la-lega-perde-una-colonna\\\/#primaryimage\"},\"thumbnailUrl\":\"https:\\\/\\\/www.ilnotiziario.net\\\/wp\\\/wp-content\\\/uploads\\\/2025\\\/01\\\/Senago-Bruno-Nava-Lega.jpg\",\"keywords\":[\"Bruno Nava\",\"lega\",\"Senago\"],\"articleSection\":[\"BOLLATESE\",\"Prima Pagina\"],\"inLanguage\":\"it-IT\"},{\"@type\":\"WebPage\",\"@id\":\"https:\\\/\\\/www.ilnotiziario.net\\\/wp\\\/prima-pagina\\\/senago-si-e-spento-bruno-nava-la-lega-perde-una-colonna\\\/\",\"url\":\"https:\\\/\\\/www.ilnotiziario.net\\\/wp\\\/prima-pagina\\\/senago-si-e-spento-bruno-nava-la-lega-perde-una-colonna\\\/\",\"name\":\"Senago, si \u00e8 spento Bruno Nava, la Lega perde una colonna - Il Notiziario\",\"isPartOf\":{\"@id\":\"https:\\\/\\\/www.ilnotiziario.net\\\/wp\\\/#website\"},\"primaryImageOfPage\":{\"@id\":\"https:\\\/\\\/www.ilnotiziario.net\\\/wp\\\/prima-pagina\\\/senago-si-e-spento-bruno-nava-la-lega-perde-una-colonna\\\/#primaryimage\"},\"image\":{\"@id\":\"https:\\\/\\\/www.ilnotiziario.net\\\/wp\\\/prima-pagina\\\/senago-si-e-spento-bruno-nava-la-lega-perde-una-colonna\\\/#primaryimage\"},\"thumbnailUrl\":\"https:\\\/\\\/www.ilnotiziario.net\\\/wp\\\/wp-content\\\/uploads\\\/2025\\\/01\\\/Senago-Bruno-Nava-Lega.jpg\",\"datePublished\":\"2025-01-19T09:44:58+00:00\",\"dateModified\":\"2025-01-19T11:29:58+00:00\",\"description\":\"Senago, si \u00e8 spento Bruno Nava, la Lega perde una colonna. Lutto in citt\u00e0 per la scomparsa di Bruno Nava, storico militante della Lega. 86 anni, si \u00e8\",\"breadcrumb\":{\"@id\":\"https:\\\/\\\/www.ilnotiziario.net\\\/wp\\\/prima-pagina\\\/senago-si-e-spento-bruno-nava-la-lega-perde-una-colonna\\\/#breadcrumb\"},\"inLanguage\":\"it-IT\",\"potentialAction\":[{\"@type\":\"ReadAction\",\"target\":[\"https:\\\/\\\/www.ilnotiziario.net\\\/wp\\\/prima-pagina\\\/senago-si-e-spento-bruno-nava-la-lega-perde-una-colonna\\\/\"]}]},{\"@type\":\"ImageObject\",\"inLanguage\":\"it-IT\",\"@id\":\"https:\\\/\\\/www.ilnotiziario.net\\\/wp\\\/prima-pagina\\\/senago-si-e-spento-bruno-nava-la-lega-perde-una-colonna\\\/#primaryimage\",\"url\":\"https:\\\/\\\/www.ilnotiziario.net\\\/wp\\\/wp-content\\\/uploads\\\/2025\\\/01\\\/Senago-Bruno-Nava-Lega.jpg\",\"contentUrl\":\"https:\\\/\\\/www.ilnotiziario.net\\\/wp\\\/wp-content\\\/uploads\\\/2025\\\/01\\\/Senago-Bruno-Nava-Lega.jpg\",\"width\":218,\"height\":167,\"caption\":\"Senago Bruno Nava Lega\"},{\"@type\":\"BreadcrumbList\",\"@id\":\"https:\\\/\\\/www.ilnotiziario.net\\\/wp\\\/prima-pagina\\\/senago-si-e-spento-bruno-nava-la-lega-perde-una-colonna\\\/#breadcrumb\",\"itemListElement\":[{\"@type\":\"ListItem\",\"position\":1,\"name\":\"tds_text_logo_tagline_colortds_text_logo_tagline_colortds_text_logo_tagline_colortds_text_logo_tagline_colortd_module_7_title_excerpttd_module_7_title_excerpttd_module_7_title_excerpttd_module_7_title_excerptHome\",\"item\":\"https:\\\/\\\/www.ilnotiziario.net\\\/wp\\\/\"},{\"@type\":\"ListItem\",\"position\":2,\"name\":\"Senago, si \u00e8 spento Bruno Nava, la Lega perde una colonna\"}]},{\"@type\":\"WebSite\",\"@id\":\"https:\\\/\\\/www.ilnotiziario.net\\\/wp\\\/#website\",\"url\":\"https:\\\/\\\/www.ilnotiziario.net\\\/wp\\\/\",\"name\":\"Il Notiziario\",\"description\":\"Per restare sempre connessi alla notizia\",\"publisher\":{\"@id\":\"https:\\\/\\\/www.ilnotiziario.net\\\/wp\\\/#organization\"},\"alternateName\":\"Il Notiziario Bollate\",\"potentialAction\":[{\"@type\":\"SearchAction\",\"target\":{\"@type\":\"EntryPoint\",\"urlTemplate\":\"https:\\\/\\\/www.ilnotiziario.net\\\/wp\\\/?s={search_term_string}\"},\"query-input\":{\"@type\":\"PropertyValueSpecification\",\"valueRequired\":true,\"valueName\":\"search_term_string\"}}],\"inLanguage\":\"it-IT\"},{\"@type\":\"Organization\",\"@id\":\"https:\\\/\\\/www.ilnotiziario.net\\\/wp\\\/#organization\",\"name\":\"Il Notiziario\",\"url\":\"https:\\\/\\\/www.ilnotiziario.net\\\/wp\\\/\",\"logo\":{\"@type\":\"ImageObject\",\"inLanguage\":\"it-IT\",\"@id\":\"https:\\\/\\\/www.ilnotiziario.net\\\/wp\\\/#\\\/schema\\\/logo\\\/image\\\/\",\"url\":\"https:\\\/\\\/www.ilnotiziario.net\\\/wp\\\/wp-content\\\/uploads\\\/2022\\\/06\\\/170x170ilN.png\",\"contentUrl\":\"https:\\\/\\\/www.ilnotiziario.net\\\/wp\\\/wp-content\\\/uploads\\\/2022\\\/06\\\/170x170ilN.png\",\"width\":355,\"height\":355,\"caption\":\"Il Notiziario\"},\"image\":{\"@id\":\"https:\\\/\\\/www.ilnotiziario.net\\\/wp\\\/#\\\/schema\\\/logo\\\/image\\\/\"},\"sameAs\":[\"https:\\\/\\\/www.facebook.com\\\/ilnotiziarioind\\\/\",\"https:\\\/\\\/x.com\\\/ilNotiziarioInd\",\"https:\\\/\\\/www.instagram.com\\\/ilnotiziario_settimanale\\\/\"]},{\"@type\":\"Person\",\"@id\":\"https:\\\/\\\/www.ilnotiziario.net\\\/wp\\\/#\\\/schema\\\/person\\\/c5bca2edc3d99d29959f04a6126f687b\",\"name\":\"Silvia Citterio\",\"image\":{\"@type\":\"ImageObject\",\"inLanguage\":\"it-IT\",\"@id\":\"https:\\\/\\\/secure.gravatar.com\\\/avatar\\\/03eb19c63b944e79a9b5ce53ca5d1ca303edcf368a68721ec3ccaae7f98c5afd?s=96&d=mm&r=g\",\"url\":\"https:\\\/\\\/secure.gravatar.com\\\/avatar\\\/03eb19c63b944e79a9b5ce53ca5d1ca303edcf368a68721ec3ccaae7f98c5afd?s=96&d=mm&r=g\",\"contentUrl\":\"https:\\\/\\\/secure.gravatar.com\\\/avatar\\\/03eb19c63b944e79a9b5ce53ca5d1ca303edcf368a68721ec3ccaae7f98c5afd?s=96&d=mm&r=g\",\"caption\":\"Silvia Citterio\"}}]}<\/script>\n<!-- \/ Yoast SEO plugin. -->","yoast_head_json":{"title":"Senago, si \u00e8 spento Bruno Nava, la Lega perde una colonna - Il Notiziario","description":"Senago, si \u00e8 spento Bruno Nava, la Lega perde una colonna. Lutto in citt\u00e0 per la scomparsa di Bruno Nava, storico militante della Lega. 86 anni, si \u00e8","robots":{"index":"index","follow":"follow","max-snippet":"max-snippet:-1","max-image-preview":"max-image-preview:large","max-video-preview":"max-video-preview:-1"},"canonical":"https:\/\/www.ilnotiziario.net\/wp\/prima-pagina\/senago-si-e-spento-bruno-nava-la-lega-perde-una-colonna\/","og_locale":"it_IT","og_type":"article","og_title":"Senago, si \u00e8 spento Bruno Nava, la Lega perde una colonna - Il Notiziario","og_description":"Senago, si \u00e8 spento Bruno Nava, la Lega perde una colonna. Lutto in citt\u00e0 per la scomparsa di Bruno Nava, storico militante della Lega. 86 anni, si \u00e8","og_url":"https:\/\/www.ilnotiziario.net\/wp\/prima-pagina\/senago-si-e-spento-bruno-nava-la-lega-perde-una-colonna\/","og_site_name":"Il Notiziario","article_publisher":"https:\/\/www.facebook.com\/ilnotiziarioind\/","article_published_time":"2025-01-19T09:44:58+00:00","article_modified_time":"2025-01-19T11:29:58+00:00","og_image":[{"width":218,"height":167,"url":"https:\/\/www.ilnotiziario.net\/wp\/wp-content\/uploads\/2025\/01\/Senago-Bruno-Nava-Lega.jpg","type":"image\/jpeg"}],"author":"Silvia Citterio","twitter_card":"summary_large_image","twitter_creator":"@ilNotiziarioInd","twitter_site":"@ilNotiziarioInd","twitter_misc":{"Scritto da":"Silvia Citterio","Tempo di lettura stimato":"3 minuti"},"schema":{"@context":"https:\/\/schema.org","@graph":[{"@type":"Article","@id":"https:\/\/www.ilnotiziario.net\/wp\/prima-pagina\/senago-si-e-spento-bruno-nava-la-lega-perde-una-colonna\/#article","isPartOf":{"@id":"https:\/\/www.ilnotiziario.net\/wp\/prima-pagina\/senago-si-e-spento-bruno-nava-la-lega-perde-una-colonna\/"},"author":{"name":"Silvia Citterio","@id":"https:\/\/www.ilnotiziario.net\/wp\/#\/schema\/person\/c5bca2edc3d99d29959f04a6126f687b"},"headline":"Senago, si \u00e8 spento Bruno Nava, la Lega perde una colonna","datePublished":"2025-01-19T09:44:58+00:00","dateModified":"2025-01-19T11:29:58+00:00","mainEntityOfPage":{"@id":"https:\/\/www.ilnotiziario.net\/wp\/prima-pagina\/senago-si-e-spento-bruno-nava-la-lega-perde-una-colonna\/"},"wordCount":385,"publisher":{"@id":"https:\/\/www.ilnotiziario.net\/wp\/#organization"},"image":{"@id":"https:\/\/www.ilnotiziario.net\/wp\/prima-pagina\/senago-si-e-spento-bruno-nava-la-lega-perde-una-colonna\/#primaryimage"},"thumbnailUrl":"https:\/\/www.ilnotiziario.net\/wp\/wp-content\/uploads\/2025\/01\/Senago-Bruno-Nava-Lega.jpg","keywords":["Bruno Nava","lega","Senago"],"articleSection":["BOLLATESE","Prima Pagina"],"inLanguage":"it-IT"},{"@type":"WebPage","@id":"https:\/\/www.ilnotiziario.net\/wp\/prima-pagina\/senago-si-e-spento-bruno-nava-la-lega-perde-una-colonna\/","url":"https:\/\/www.ilnotiziario.net\/wp\/prima-pagina\/senago-si-e-spento-bruno-nava-la-lega-perde-una-colonna\/","name":"Senago, si \u00e8 spento Bruno Nava, la Lega perde una colonna - Il Notiziario","isPartOf":{"@id":"https:\/\/www.ilnotiziario.net\/wp\/#website"},"primaryImageOfPage":{"@id":"https:\/\/www.ilnotiziario.net\/wp\/prima-pagina\/senago-si-e-spento-bruno-nava-la-lega-perde-una-colonna\/#primaryimage"},"image":{"@id":"https:\/\/www.ilnotiziario.net\/wp\/prima-pagina\/senago-si-e-spento-bruno-nava-la-lega-perde-una-colonna\/#primaryimage"},"thumbnailUrl":"https:\/\/www.ilnotiziario.net\/wp\/wp-content\/uploads\/2025\/01\/Senago-Bruno-Nava-Lega.jpg","datePublished":"2025-01-19T09:44:58+00:00","dateModified":"2025-01-19T11:29:58+00:00","description":"Senago, si \u00e8 spento Bruno Nava, la Lega perde una colonna. Lutto in citt\u00e0 per la scomparsa di Bruno Nava, storico militante della Lega. 86 anni, si \u00e8","breadcrumb":{"@id":"https:\/\/www.ilnotiziario.net\/wp\/prima-pagina\/senago-si-e-spento-bruno-nava-la-lega-perde-una-colonna\/#breadcrumb"},"inLanguage":"it-IT","potentialAction":[{"@type":"ReadAction","target":["https:\/\/www.ilnotiziario.net\/wp\/prima-pagina\/senago-si-e-spento-bruno-nava-la-lega-perde-una-colonna\/"]}]},{"@type":"ImageObject","inLanguage":"it-IT","@id":"https:\/\/www.ilnotiziario.net\/wp\/prima-pagina\/senago-si-e-spento-bruno-nava-la-lega-perde-una-colonna\/#primaryimage","url":"https:\/\/www.ilnotiziario.net\/wp\/wp-content\/uploads\/2025\/01\/Senago-Bruno-Nava-Lega.jpg","contentUrl":"https:\/\/www.ilnotiziario.net\/wp\/wp-content\/uploads\/2025\/01\/Senago-Bruno-Nava-Lega.jpg","width":218,"height":167,"caption":"Senago Bruno Nava Lega"},{"@type":"BreadcrumbList","@id":"https:\/\/www.ilnotiziario.net\/wp\/prima-pagina\/senago-si-e-spento-bruno-nava-la-lega-perde-una-colonna\/#breadcrumb","itemListElement":[{"@type":"ListItem","position":1,"name":"tds_text_logo_tagline_colortds_text_logo_tagline_colortds_text_logo_tagline_colortds_text_logo_tagline_colortd_module_7_title_excerpttd_module_7_title_excerpttd_module_7_title_excerpttd_module_7_title_excerptHome","item":"https:\/\/www.ilnotiziario.net\/wp\/"},{"@type":"ListItem","position":2,"name":"Senago, si \u00e8 spento Bruno Nava, la Lega perde una colonna"}]},{"@type":"WebSite","@id":"https:\/\/www.ilnotiziario.net\/wp\/#website","url":"https:\/\/www.ilnotiziario.net\/wp\/","name":"Il Notiziario","description":"Per restare sempre connessi alla notizia","publisher":{"@id":"https:\/\/www.ilnotiziario.net\/wp\/#organization"},"alternateName":"Il Notiziario Bollate","potentialAction":[{"@type":"SearchAction","target":{"@type":"EntryPoint","urlTemplate":"https:\/\/www.ilnotiziario.net\/wp\/?s={search_term_string}"},"query-input":{"@type":"PropertyValueSpecification","valueRequired":true,"valueName":"search_term_string"}}],"inLanguage":"it-IT"},{"@type":"Organization","@id":"https:\/\/www.ilnotiziario.net\/wp\/#organization","name":"Il Notiziario","url":"https:\/\/www.ilnotiziario.net\/wp\/","logo":{"@type":"ImageObject","inLanguage":"it-IT","@id":"https:\/\/www.ilnotiziario.net\/wp\/#\/schema\/logo\/image\/","url":"https:\/\/www.ilnotiziario.net\/wp\/wp-content\/uploads\/2022\/06\/170x170ilN.png","contentUrl":"https:\/\/www.ilnotiziario.net\/wp\/wp-content\/uploads\/2022\/06\/170x170ilN.png","width":355,"height":355,"caption":"Il Notiziario"},"image":{"@id":"https:\/\/www.ilnotiziario.net\/wp\/#\/schema\/logo\/image\/"},"sameAs":["https:\/\/www.facebook.com\/ilnotiziarioind\/","https:\/\/x.com\/ilNotiziarioInd","https:\/\/www.instagram.com\/ilnotiziario_settimanale\/"]},{"@type":"Person","@id":"https:\/\/www.ilnotiziario.net\/wp\/#\/schema\/person\/c5bca2edc3d99d29959f04a6126f687b","name":"Silvia Citterio","image":{"@type":"ImageObject","inLanguage":"it-IT","@id":"https:\/\/secure.gravatar.com\/avatar\/03eb19c63b944e79a9b5ce53ca5d1ca303edcf368a68721ec3ccaae7f98c5afd?s=96&d=mm&r=g","url":"https:\/\/secure.gravatar.com\/avatar\/03eb19c63b944e79a9b5ce53ca5d1ca303edcf368a68721ec3ccaae7f98c5afd?s=96&d=mm&r=g","contentUrl":"https:\/\/secure.gravatar.com\/avatar\/03eb19c63b944e79a9b5ce53ca5d1ca303edcf368a68721ec3ccaae7f98c5afd?s=96&d=mm&r=g","caption":"Silvia Citterio"}}]}},"_links":{"self":[{"href":"https:\/\/www.ilnotiziario.net\/wp\/wp-json\/wp\/v2\/posts\/202954","targetHints":{"allow":["GET"]}}],"collection":[{"href":"https:\/\/www.ilnotiziario.net\/wp\/wp-json\/wp\/v2\/posts"}],"about":[{"href":"https:\/\/www.ilnotiziario.net\/wp\/wp-json\/wp\/v2\/types\/post"}],"author":[{"embeddable":true,"href":"https:\/\/www.ilnotiziario.net\/wp\/wp-json\/wp\/v2\/users\/14"}],"replies":[{"embeddable":true,"href":"https:\/\/www.ilnotiziario.net\/wp\/wp-json\/wp\/v2\/comments?post=202954"}],"version-history":[{"count":0,"href":"https:\/\/www.ilnotiziario.net\/wp\/wp-json\/wp\/v2\/posts\/202954\/revisions"}],"wp:featuredmedia":[{"embeddable":true,"href":"https:\/\/www.ilnotiziario.net\/wp\/wp-json\/wp\/v2\/media\/202955"}],"wp:attachment":[{"href":"https:\/\/www.ilnotiziario.net\/wp\/wp-json\/wp\/v2\/media?parent=202954"}],"wp:term":[{"taxonomy":"category","embeddable":true,"href":"https:\/\/www.ilnotiziario.net\/wp\/wp-json\/wp\/v2\/categories?post=202954"},{"taxonomy":"post_tag","embeddable":true,"href":"https:\/\/www.ilnotiziario.net\/wp\/wp-json\/wp\/v2\/tags?post=202954"}],"curies":[{"name":"wp","href":"https:\/\/api.w.org\/{rel}","templated":true}]}}