{"id":203085,"date":"2025-01-25T08:00:56","date_gmt":"2025-01-25T07:00:56","guid":{"rendered":"https:\/\/www.ilnotiziario.net\/wp\/?p=203085"},"modified":"2025-01-24T20:35:51","modified_gmt":"2025-01-24T19:35:51","slug":"baranzate-a-scuola-fa-freddo-il-sindaco-non-e-cosi","status":"publish","type":"post","link":"https:\/\/www.ilnotiziario.net\/wp\/prima-pagina\/baranzate-a-scuola-fa-freddo-il-sindaco-non-e-cosi\/","title":{"rendered":"Baranzate, \u201cA scuola fa freddo!\u201d. Il sindaco: \u201cNon \u00e8 cos\u00ec&#8230;\u201d"},"content":{"rendered":"<p>Baranzate, \u201cA scuola fa freddo!\u201d. Il sindaco: \u201cNon \u00e8 cos\u00ec&#8230;\u201d.<br \/>\nAlla scuola elementare di via Mentana fa freddo, soprattutto negli spazi comuni dove il personale deve lavorare col cappotto, per non parlare di quella parte dell\u2019edificio la cui caldaia \u00e8 fuori uso e che per\u00f2 non pu\u00f2 essere utilizzata. Le aule sono state spostate tutte nella parte di edificio in cui il riscaldamento funziona, ma nei giorni di maggior freddo anche l\u00ec ci sono studenti che tengono il giubbotto.<\/p><div id=\"ilnot-2078776377\" class=\"ilnot-contenuto ilnot-entity-placement\"><p><!-- incontent_1 --><\/p>\n<div class=\"gptslot\" data-adunitid=\"1\"><\/div>\n<\/div>\n<p>A denunciare la situazione, insieme ad alcuni genitori, \u00e8 il consigliere di minoranza Pietro Prisciandaro, che lancia un appello all\u2019amministrazione comunale: \u201cLascino per qualche giorno i riscaldamenti accesi notte e giorno, almeno la struttura si riscalderebbe un po\u2019 e tutti si troverebbero meglio. Lo facciano per lo meno in questo periodo in cui siamo nel pieno dell\u2019inverno!\u201d.<\/p>\n<h2>Baranzate, \u201cA scuola fa freddo!\u201d. Il sindaco: \u201cNon \u00e8 cos\u00ec&#8230;\u201d<\/h2>\n<p>Sulla questione per\u00f2 \u00e8 intervenuto anche il sindaco Luca Elia con una lunga e dettagliata relazione, da cui emerge una situazione ben diversa: secondo quanto sostiene il primo cittadino, la situazione nella scuola elementare di via Mentana non \u00e8 cos\u00ec grave, se non per il corridoio centrale, mentre negli altri spazi comuni la temperatura rilevata rientra comunque entro i limiti di legge.<\/p><div id=\"ilnot-2586231978\" class=\"ilnot-contenuto_2 ilnot-entity-placement\"><div class=\"ads-wrapper\">\n<div class=\"ad-slot\">\n   <div id=\"ilnot-1978130377\" style=\"margin-right: auto;margin-left: auto;text-align: center;width: 320px;height: 100px;\"><a href=\"https:\/\/www.scuolasicurezza.it\/\"><img decoding=\"async\" src=\"https:\/\/www.ilnotiziario.net\/wp\/wp-content\/uploads\/2026\/04\/IlNotiziario_banner-sito-e-newsletter-320-x-100-px-1.gif\" alt=\"\"><\/a><\/div>\n  <\/div>\n<div class=\"ad-slot\">\n   <div id=\"ilnot-4199626765\" style=\"margin-right: auto;margin-left: auto;text-align: center;width: 320px;height: 100px;\"><a href=\"https:\/\/purodesignarredamenti.com\/\"><img decoding=\"async\" src=\"https:\/\/www.ilnotiziario.net\/wp\/wp-content\/uploads\/2026\/04\/banner-puro-ok.gif\" alt=\"whatsapp\"><\/a><\/div><\/p><\/div>\n<\/div>\n<\/div>\n<p>\u201cIl plesso che ospita la primaria \u00e8 dotato di due caldaie \u2013 spiega il sindaco &#8211; una delle quali sostituita qualche anno fa e che in questo momento serve, scaldandola, la porzione di plesso dove sono collocate le classi, la mensa al piano superiore e la palestra. La principale criticit\u00e0 \u00e8 il guasto sulla linea di distribuzione calore del corridoio centrale del plesso, che lo porta ad avere una temperatura di 14-15 gradi, e dell\u2019ala destra della scuola, dove non sono presenti classi o laboratori attivi. In linea generale il comfort termico in un edificio degli anni \u201860 non \u00e8 certamente quello di un edificio moderno, ma le temperature idonee sono sempre state assicurate nelle classi. Nella giornata di marted\u00ec 21 gennaio tra le ore 8 e le ore 9 \u00e8 stata effettuata la misurazione della temperatura in tutti gli ambienti della scuola e le temperature delle aule variavano da 18,5 a 21 gradi: per legge devono essere tra 18 e 21. Sono stati poi rilevati 20 gradi nei bagni, 17-18 nei corridoi; la bidelleria, la segreteria, la mensa grande e gli spogliatoi della palestra hanno un riscaldamento con pompe di calore, quindi indipendente dalle caldaie\u201d.<\/p>\n<p>Poi Elia torna sul guasto lungo la linea di distribuzione calore e spiega che cosa si sta facendo per ripararlo: \u201cPer la primaria abbiamo ottenuto un importante finanziamento di 960.000 euro per la realizzazione di un nuovo locale mensa &#8211; in aggiunta agli spazi esistenti &#8211; pi\u00f9 grande, confortevole ed energeticamente pi\u00f9 efficiente. Insieme a questi lavori, programmati entro quest\u2019anno scolastico (stiamo concludendo le procedure di affidamento), ne verranno realizzati ulteriori che supereranno le criticit\u00e0 relative al riscaldamento della parte di plesso ora non utilizzata\u201d.<\/p>\n<p>Infine Elia ricorda gli investimenti fatti sulle scuole baranzatesi: \u201cNegli ultimi anni sono stati realizzati diversi interventi di manutenzione straordinaria in tutti i plessi: alla Secondaria si \u00e8 fatta la riqualificazione delle facciate, dei bagni della palestra e dell\u2019aula magna, l\u2019eliminazione dell\u2019amianto dal sottotetto della mensa, la sostituzione degli infissi in tutto il plesso; alla Primaria l\u2019installazione di due ascensori, sostituzione di una caldaia e dell\u2019ingresso vetrato principale, completo rifacimento di quattro blocchi bagni e degli spogliatoi della palestra, rifacimento della canna fumaria e installazione di pompe di calore nella mensa grande, negli spogliatoi, in bidelleria e nella segreteria; alla Scuola Infanzia Collodi bonifica dell\u2019amianto dalla pavimentazione e dal tetto, efficientamento energetico dell\u2019illuminazione interna; alla Scuola Infanzia Marco Polo bonifica dell\u2019amianto dal tetto, rifacimento delle facciate, aumento di una classe e all\u2019accorpamento del vecchio comando di PL per le cresciute esigenze della scuola. Inoltre da qualche anno \u00e8 attivo il nuovo nido comunale ospitato in un edificio nuovo e moderno\u201d.<\/p><div id=\"ilnot-3190641735\" class=\"ilnot-contenuto_2-2 ilnot-entity-placement\"><div class=\"gptslot\" data-adunitid=\"2\"><\/div>\n<\/div>\n","protected":false},"excerpt":{"rendered":"<p>Baranzate, \u201cA scuola fa freddo!\u201d. Il sindaco: \u201cNon \u00e8 cos\u00ec&#8230;\u201d. Alla scuola elementare di via Mentana fa freddo, soprattutto negli spazi comuni dove il personale deve lavorare col cappotto, per non parlare di quella parte dell\u2019edificio la cui caldaia \u00e8 fuori uso e che per\u00f2 non pu\u00f2 essere utilizzata. Le aule sono state spostate tutte<\/p>\n","protected":false},"author":14,"featured_media":203087,"comment_status":"closed","ping_status":"closed","sticky":false,"template":"","format":"standard","meta":{"footnotes":""},"categories":[8,20],"tags":[29,4784,380,27],"class_list":{"0":"post-203085","1":"post","2":"type-post","3":"status-publish","4":"format-standard","5":"has-post-thumbnail","7":"category-bollatese","8":"category-prima-pagina","9":"tag-baranzate","10":"tag-freddo","11":"tag-scuola","12":"tag-sindaco"},"yoast_head":"<!-- This site is optimized with the Yoast SEO plugin v27.4 - https:\/\/yoast.com\/product\/yoast-seo-wordpress\/ -->\n<title>Baranzate, \u201cA scuola fa freddo!\u201d. Il sindaco: \u201cNon \u00e8 cos\u00ec...\u201d - Il Notiziario<\/title>\n<meta name=\"description\" content=\"Baranzate, \u201cA scuola fa freddo!\u201d. Il sindaco: \u201cNon \u00e8 cos\u00ec...\u201d. Alla scuola elementare di via Mentana fa freddo, soprattutto negli spazi comuni dove il\" \/>\n<meta name=\"robots\" content=\"index, follow, max-snippet:-1, max-image-preview:large, max-video-preview:-1\" \/>\n<link rel=\"canonical\" href=\"https:\/\/www.ilnotiziario.net\/wp\/prima-pagina\/baranzate-a-scuola-fa-freddo-il-sindaco-non-e-cosi\/\" \/>\n<meta property=\"og:locale\" content=\"it_IT\" \/>\n<meta property=\"og:type\" content=\"article\" \/>\n<meta property=\"og:title\" content=\"Baranzate, \u201cA scuola fa freddo!\u201d. Il sindaco: \u201cNon \u00e8 cos\u00ec...\u201d - Il Notiziario\" \/>\n<meta property=\"og:description\" content=\"Baranzate, \u201cA scuola fa freddo!\u201d. Il sindaco: \u201cNon \u00e8 cos\u00ec...\u201d. Alla scuola elementare di via Mentana fa freddo, soprattutto negli spazi comuni dove il\" \/>\n<meta property=\"og:url\" content=\"https:\/\/www.ilnotiziario.net\/wp\/prima-pagina\/baranzate-a-scuola-fa-freddo-il-sindaco-non-e-cosi\/\" \/>\n<meta property=\"og:site_name\" content=\"Il Notiziario\" \/>\n<meta property=\"article:publisher\" content=\"https:\/\/www.facebook.com\/ilnotiziarioind\/\" \/>\n<meta property=\"article:published_time\" content=\"2025-01-25T07:00:56+00:00\" \/>\n<meta property=\"og:image\" content=\"https:\/\/www.ilnotiziario.net\/wp\/wp-content\/uploads\/2025\/01\/Baranzate-scuola-freddo-sindaco-1.jpg\" \/>\n\t<meta property=\"og:image:width\" content=\"373\" \/>\n\t<meta property=\"og:image:height\" content=\"273\" \/>\n\t<meta property=\"og:image:type\" content=\"image\/jpeg\" \/>\n<meta name=\"author\" content=\"Silvia Citterio\" \/>\n<meta name=\"twitter:card\" content=\"summary_large_image\" \/>\n<meta name=\"twitter:creator\" content=\"@ilNotiziarioInd\" \/>\n<meta name=\"twitter:site\" content=\"@ilNotiziarioInd\" \/>\n<meta name=\"twitter:label1\" content=\"Scritto da\" \/>\n\t<meta name=\"twitter:data1\" content=\"Silvia Citterio\" \/>\n\t<meta name=\"twitter:label2\" content=\"Tempo di lettura stimato\" \/>\n\t<meta name=\"twitter:data2\" content=\"4 minuti\" \/>\n<script type=\"application\/ld+json\" class=\"yoast-schema-graph\">{\"@context\":\"https:\\\/\\\/schema.org\",\"@graph\":[{\"@type\":\"Article\",\"@id\":\"https:\\\/\\\/www.ilnotiziario.net\\\/wp\\\/prima-pagina\\\/baranzate-a-scuola-fa-freddo-il-sindaco-non-e-cosi\\\/#article\",\"isPartOf\":{\"@id\":\"https:\\\/\\\/www.ilnotiziario.net\\\/wp\\\/prima-pagina\\\/baranzate-a-scuola-fa-freddo-il-sindaco-non-e-cosi\\\/\"},\"author\":{\"name\":\"Silvia Citterio\",\"@id\":\"https:\\\/\\\/www.ilnotiziario.net\\\/wp\\\/#\\\/schema\\\/person\\\/c5bca2edc3d99d29959f04a6126f687b\"},\"headline\":\"Baranzate, \u201cA scuola fa freddo!\u201d. Il sindaco: \u201cNon \u00e8 cos\u00ec&#8230;\u201d\",\"datePublished\":\"2025-01-25T07:00:56+00:00\",\"mainEntityOfPage\":{\"@id\":\"https:\\\/\\\/www.ilnotiziario.net\\\/wp\\\/prima-pagina\\\/baranzate-a-scuola-fa-freddo-il-sindaco-non-e-cosi\\\/\"},\"wordCount\":649,\"publisher\":{\"@id\":\"https:\\\/\\\/www.ilnotiziario.net\\\/wp\\\/#organization\"},\"image\":{\"@id\":\"https:\\\/\\\/www.ilnotiziario.net\\\/wp\\\/prima-pagina\\\/baranzate-a-scuola-fa-freddo-il-sindaco-non-e-cosi\\\/#primaryimage\"},\"thumbnailUrl\":\"https:\\\/\\\/www.ilnotiziario.net\\\/wp\\\/wp-content\\\/uploads\\\/2025\\\/01\\\/Baranzate-scuola-freddo-sindaco-1.jpg\",\"keywords\":[\"Baranzate\",\"freddo\",\"scuola\",\"sindaco\"],\"articleSection\":[\"BOLLATESE\",\"Prima Pagina\"],\"inLanguage\":\"it-IT\"},{\"@type\":\"WebPage\",\"@id\":\"https:\\\/\\\/www.ilnotiziario.net\\\/wp\\\/prima-pagina\\\/baranzate-a-scuola-fa-freddo-il-sindaco-non-e-cosi\\\/\",\"url\":\"https:\\\/\\\/www.ilnotiziario.net\\\/wp\\\/prima-pagina\\\/baranzate-a-scuola-fa-freddo-il-sindaco-non-e-cosi\\\/\",\"name\":\"Baranzate, \u201cA scuola fa freddo!\u201d. Il sindaco: \u201cNon \u00e8 cos\u00ec...\u201d - Il Notiziario\",\"isPartOf\":{\"@id\":\"https:\\\/\\\/www.ilnotiziario.net\\\/wp\\\/#website\"},\"primaryImageOfPage\":{\"@id\":\"https:\\\/\\\/www.ilnotiziario.net\\\/wp\\\/prima-pagina\\\/baranzate-a-scuola-fa-freddo-il-sindaco-non-e-cosi\\\/#primaryimage\"},\"image\":{\"@id\":\"https:\\\/\\\/www.ilnotiziario.net\\\/wp\\\/prima-pagina\\\/baranzate-a-scuola-fa-freddo-il-sindaco-non-e-cosi\\\/#primaryimage\"},\"thumbnailUrl\":\"https:\\\/\\\/www.ilnotiziario.net\\\/wp\\\/wp-content\\\/uploads\\\/2025\\\/01\\\/Baranzate-scuola-freddo-sindaco-1.jpg\",\"datePublished\":\"2025-01-25T07:00:56+00:00\",\"description\":\"Baranzate, \u201cA scuola fa freddo!\u201d. Il sindaco: \u201cNon \u00e8 cos\u00ec...\u201d. Alla scuola elementare di via Mentana fa freddo, soprattutto negli spazi comuni dove il\",\"breadcrumb\":{\"@id\":\"https:\\\/\\\/www.ilnotiziario.net\\\/wp\\\/prima-pagina\\\/baranzate-a-scuola-fa-freddo-il-sindaco-non-e-cosi\\\/#breadcrumb\"},\"inLanguage\":\"it-IT\",\"potentialAction\":[{\"@type\":\"ReadAction\",\"target\":[\"https:\\\/\\\/www.ilnotiziario.net\\\/wp\\\/prima-pagina\\\/baranzate-a-scuola-fa-freddo-il-sindaco-non-e-cosi\\\/\"]}]},{\"@type\":\"ImageObject\",\"inLanguage\":\"it-IT\",\"@id\":\"https:\\\/\\\/www.ilnotiziario.net\\\/wp\\\/prima-pagina\\\/baranzate-a-scuola-fa-freddo-il-sindaco-non-e-cosi\\\/#primaryimage\",\"url\":\"https:\\\/\\\/www.ilnotiziario.net\\\/wp\\\/wp-content\\\/uploads\\\/2025\\\/01\\\/Baranzate-scuola-freddo-sindaco-1.jpg\",\"contentUrl\":\"https:\\\/\\\/www.ilnotiziario.net\\\/wp\\\/wp-content\\\/uploads\\\/2025\\\/01\\\/Baranzate-scuola-freddo-sindaco-1.jpg\",\"width\":373,\"height\":273,\"caption\":\"Luca Elia\"},{\"@type\":\"BreadcrumbList\",\"@id\":\"https:\\\/\\\/www.ilnotiziario.net\\\/wp\\\/prima-pagina\\\/baranzate-a-scuola-fa-freddo-il-sindaco-non-e-cosi\\\/#breadcrumb\",\"itemListElement\":[{\"@type\":\"ListItem\",\"position\":1,\"name\":\"tds_text_logo_tagline_colortds_text_logo_tagline_colortds_text_logo_tagline_colortds_text_logo_tagline_colortd_module_7_title_excerpttd_module_7_title_excerpttd_module_7_title_excerpttd_module_7_title_excerptHome\",\"item\":\"https:\\\/\\\/www.ilnotiziario.net\\\/wp\\\/\"},{\"@type\":\"ListItem\",\"position\":2,\"name\":\"Baranzate, \u201cA scuola fa freddo!\u201d. Il sindaco: \u201cNon \u00e8 cos\u00ec&#8230;\u201d\"}]},{\"@type\":\"WebSite\",\"@id\":\"https:\\\/\\\/www.ilnotiziario.net\\\/wp\\\/#website\",\"url\":\"https:\\\/\\\/www.ilnotiziario.net\\\/wp\\\/\",\"name\":\"Il Notiziario\",\"description\":\"Per restare sempre connessi alla notizia\",\"publisher\":{\"@id\":\"https:\\\/\\\/www.ilnotiziario.net\\\/wp\\\/#organization\"},\"alternateName\":\"Il Notiziario Bollate\",\"potentialAction\":[{\"@type\":\"SearchAction\",\"target\":{\"@type\":\"EntryPoint\",\"urlTemplate\":\"https:\\\/\\\/www.ilnotiziario.net\\\/wp\\\/?s={search_term_string}\"},\"query-input\":{\"@type\":\"PropertyValueSpecification\",\"valueRequired\":true,\"valueName\":\"search_term_string\"}}],\"inLanguage\":\"it-IT\"},{\"@type\":\"Organization\",\"@id\":\"https:\\\/\\\/www.ilnotiziario.net\\\/wp\\\/#organization\",\"name\":\"Il Notiziario\",\"url\":\"https:\\\/\\\/www.ilnotiziario.net\\\/wp\\\/\",\"logo\":{\"@type\":\"ImageObject\",\"inLanguage\":\"it-IT\",\"@id\":\"https:\\\/\\\/www.ilnotiziario.net\\\/wp\\\/#\\\/schema\\\/logo\\\/image\\\/\",\"url\":\"https:\\\/\\\/www.ilnotiziario.net\\\/wp\\\/wp-content\\\/uploads\\\/2022\\\/06\\\/170x170ilN.png\",\"contentUrl\":\"https:\\\/\\\/www.ilnotiziario.net\\\/wp\\\/wp-content\\\/uploads\\\/2022\\\/06\\\/170x170ilN.png\",\"width\":355,\"height\":355,\"caption\":\"Il Notiziario\"},\"image\":{\"@id\":\"https:\\\/\\\/www.ilnotiziario.net\\\/wp\\\/#\\\/schema\\\/logo\\\/image\\\/\"},\"sameAs\":[\"https:\\\/\\\/www.facebook.com\\\/ilnotiziarioind\\\/\",\"https:\\\/\\\/x.com\\\/ilNotiziarioInd\",\"https:\\\/\\\/www.instagram.com\\\/ilnotiziario_settimanale\\\/\"]},{\"@type\":\"Person\",\"@id\":\"https:\\\/\\\/www.ilnotiziario.net\\\/wp\\\/#\\\/schema\\\/person\\\/c5bca2edc3d99d29959f04a6126f687b\",\"name\":\"Silvia Citterio\",\"image\":{\"@type\":\"ImageObject\",\"inLanguage\":\"it-IT\",\"@id\":\"https:\\\/\\\/secure.gravatar.com\\\/avatar\\\/03eb19c63b944e79a9b5ce53ca5d1ca303edcf368a68721ec3ccaae7f98c5afd?s=96&d=mm&r=g\",\"url\":\"https:\\\/\\\/secure.gravatar.com\\\/avatar\\\/03eb19c63b944e79a9b5ce53ca5d1ca303edcf368a68721ec3ccaae7f98c5afd?s=96&d=mm&r=g\",\"contentUrl\":\"https:\\\/\\\/secure.gravatar.com\\\/avatar\\\/03eb19c63b944e79a9b5ce53ca5d1ca303edcf368a68721ec3ccaae7f98c5afd?s=96&d=mm&r=g\",\"caption\":\"Silvia Citterio\"}}]}<\/script>\n<!-- \/ Yoast SEO plugin. -->","yoast_head_json":{"title":"Baranzate, \u201cA scuola fa freddo!\u201d. Il sindaco: \u201cNon \u00e8 cos\u00ec...\u201d - Il Notiziario","description":"Baranzate, \u201cA scuola fa freddo!\u201d. Il sindaco: \u201cNon \u00e8 cos\u00ec...\u201d. Alla scuola elementare di via Mentana fa freddo, soprattutto negli spazi comuni dove il","robots":{"index":"index","follow":"follow","max-snippet":"max-snippet:-1","max-image-preview":"max-image-preview:large","max-video-preview":"max-video-preview:-1"},"canonical":"https:\/\/www.ilnotiziario.net\/wp\/prima-pagina\/baranzate-a-scuola-fa-freddo-il-sindaco-non-e-cosi\/","og_locale":"it_IT","og_type":"article","og_title":"Baranzate, \u201cA scuola fa freddo!\u201d. Il sindaco: \u201cNon \u00e8 cos\u00ec...\u201d - Il Notiziario","og_description":"Baranzate, \u201cA scuola fa freddo!\u201d. Il sindaco: \u201cNon \u00e8 cos\u00ec...\u201d. Alla scuola elementare di via Mentana fa freddo, soprattutto negli spazi comuni dove il","og_url":"https:\/\/www.ilnotiziario.net\/wp\/prima-pagina\/baranzate-a-scuola-fa-freddo-il-sindaco-non-e-cosi\/","og_site_name":"Il Notiziario","article_publisher":"https:\/\/www.facebook.com\/ilnotiziarioind\/","article_published_time":"2025-01-25T07:00:56+00:00","og_image":[{"width":373,"height":273,"url":"https:\/\/www.ilnotiziario.net\/wp\/wp-content\/uploads\/2025\/01\/Baranzate-scuola-freddo-sindaco-1.jpg","type":"image\/jpeg"}],"author":"Silvia Citterio","twitter_card":"summary_large_image","twitter_creator":"@ilNotiziarioInd","twitter_site":"@ilNotiziarioInd","twitter_misc":{"Scritto da":"Silvia Citterio","Tempo di lettura stimato":"4 minuti"},"schema":{"@context":"https:\/\/schema.org","@graph":[{"@type":"Article","@id":"https:\/\/www.ilnotiziario.net\/wp\/prima-pagina\/baranzate-a-scuola-fa-freddo-il-sindaco-non-e-cosi\/#article","isPartOf":{"@id":"https:\/\/www.ilnotiziario.net\/wp\/prima-pagina\/baranzate-a-scuola-fa-freddo-il-sindaco-non-e-cosi\/"},"author":{"name":"Silvia Citterio","@id":"https:\/\/www.ilnotiziario.net\/wp\/#\/schema\/person\/c5bca2edc3d99d29959f04a6126f687b"},"headline":"Baranzate, \u201cA scuola fa freddo!\u201d. Il sindaco: \u201cNon \u00e8 cos\u00ec&#8230;\u201d","datePublished":"2025-01-25T07:00:56+00:00","mainEntityOfPage":{"@id":"https:\/\/www.ilnotiziario.net\/wp\/prima-pagina\/baranzate-a-scuola-fa-freddo-il-sindaco-non-e-cosi\/"},"wordCount":649,"publisher":{"@id":"https:\/\/www.ilnotiziario.net\/wp\/#organization"},"image":{"@id":"https:\/\/www.ilnotiziario.net\/wp\/prima-pagina\/baranzate-a-scuola-fa-freddo-il-sindaco-non-e-cosi\/#primaryimage"},"thumbnailUrl":"https:\/\/www.ilnotiziario.net\/wp\/wp-content\/uploads\/2025\/01\/Baranzate-scuola-freddo-sindaco-1.jpg","keywords":["Baranzate","freddo","scuola","sindaco"],"articleSection":["BOLLATESE","Prima Pagina"],"inLanguage":"it-IT"},{"@type":"WebPage","@id":"https:\/\/www.ilnotiziario.net\/wp\/prima-pagina\/baranzate-a-scuola-fa-freddo-il-sindaco-non-e-cosi\/","url":"https:\/\/www.ilnotiziario.net\/wp\/prima-pagina\/baranzate-a-scuola-fa-freddo-il-sindaco-non-e-cosi\/","name":"Baranzate, \u201cA scuola fa freddo!\u201d. Il sindaco: \u201cNon \u00e8 cos\u00ec...\u201d - Il Notiziario","isPartOf":{"@id":"https:\/\/www.ilnotiziario.net\/wp\/#website"},"primaryImageOfPage":{"@id":"https:\/\/www.ilnotiziario.net\/wp\/prima-pagina\/baranzate-a-scuola-fa-freddo-il-sindaco-non-e-cosi\/#primaryimage"},"image":{"@id":"https:\/\/www.ilnotiziario.net\/wp\/prima-pagina\/baranzate-a-scuola-fa-freddo-il-sindaco-non-e-cosi\/#primaryimage"},"thumbnailUrl":"https:\/\/www.ilnotiziario.net\/wp\/wp-content\/uploads\/2025\/01\/Baranzate-scuola-freddo-sindaco-1.jpg","datePublished":"2025-01-25T07:00:56+00:00","description":"Baranzate, \u201cA scuola fa freddo!\u201d. Il sindaco: \u201cNon \u00e8 cos\u00ec...\u201d. Alla scuola elementare di via Mentana fa freddo, soprattutto negli spazi comuni dove il","breadcrumb":{"@id":"https:\/\/www.ilnotiziario.net\/wp\/prima-pagina\/baranzate-a-scuola-fa-freddo-il-sindaco-non-e-cosi\/#breadcrumb"},"inLanguage":"it-IT","potentialAction":[{"@type":"ReadAction","target":["https:\/\/www.ilnotiziario.net\/wp\/prima-pagina\/baranzate-a-scuola-fa-freddo-il-sindaco-non-e-cosi\/"]}]},{"@type":"ImageObject","inLanguage":"it-IT","@id":"https:\/\/www.ilnotiziario.net\/wp\/prima-pagina\/baranzate-a-scuola-fa-freddo-il-sindaco-non-e-cosi\/#primaryimage","url":"https:\/\/www.ilnotiziario.net\/wp\/wp-content\/uploads\/2025\/01\/Baranzate-scuola-freddo-sindaco-1.jpg","contentUrl":"https:\/\/www.ilnotiziario.net\/wp\/wp-content\/uploads\/2025\/01\/Baranzate-scuola-freddo-sindaco-1.jpg","width":373,"height":273,"caption":"Luca Elia"},{"@type":"BreadcrumbList","@id":"https:\/\/www.ilnotiziario.net\/wp\/prima-pagina\/baranzate-a-scuola-fa-freddo-il-sindaco-non-e-cosi\/#breadcrumb","itemListElement":[{"@type":"ListItem","position":1,"name":"tds_text_logo_tagline_colortds_text_logo_tagline_colortds_text_logo_tagline_colortds_text_logo_tagline_colortd_module_7_title_excerpttd_module_7_title_excerpttd_module_7_title_excerpttd_module_7_title_excerptHome","item":"https:\/\/www.ilnotiziario.net\/wp\/"},{"@type":"ListItem","position":2,"name":"Baranzate, \u201cA scuola fa freddo!\u201d. Il sindaco: \u201cNon \u00e8 cos\u00ec&#8230;\u201d"}]},{"@type":"WebSite","@id":"https:\/\/www.ilnotiziario.net\/wp\/#website","url":"https:\/\/www.ilnotiziario.net\/wp\/","name":"Il Notiziario","description":"Per restare sempre connessi alla notizia","publisher":{"@id":"https:\/\/www.ilnotiziario.net\/wp\/#organization"},"alternateName":"Il Notiziario Bollate","potentialAction":[{"@type":"SearchAction","target":{"@type":"EntryPoint","urlTemplate":"https:\/\/www.ilnotiziario.net\/wp\/?s={search_term_string}"},"query-input":{"@type":"PropertyValueSpecification","valueRequired":true,"valueName":"search_term_string"}}],"inLanguage":"it-IT"},{"@type":"Organization","@id":"https:\/\/www.ilnotiziario.net\/wp\/#organization","name":"Il Notiziario","url":"https:\/\/www.ilnotiziario.net\/wp\/","logo":{"@type":"ImageObject","inLanguage":"it-IT","@id":"https:\/\/www.ilnotiziario.net\/wp\/#\/schema\/logo\/image\/","url":"https:\/\/www.ilnotiziario.net\/wp\/wp-content\/uploads\/2022\/06\/170x170ilN.png","contentUrl":"https:\/\/www.ilnotiziario.net\/wp\/wp-content\/uploads\/2022\/06\/170x170ilN.png","width":355,"height":355,"caption":"Il Notiziario"},"image":{"@id":"https:\/\/www.ilnotiziario.net\/wp\/#\/schema\/logo\/image\/"},"sameAs":["https:\/\/www.facebook.com\/ilnotiziarioind\/","https:\/\/x.com\/ilNotiziarioInd","https:\/\/www.instagram.com\/ilnotiziario_settimanale\/"]},{"@type":"Person","@id":"https:\/\/www.ilnotiziario.net\/wp\/#\/schema\/person\/c5bca2edc3d99d29959f04a6126f687b","name":"Silvia Citterio","image":{"@type":"ImageObject","inLanguage":"it-IT","@id":"https:\/\/secure.gravatar.com\/avatar\/03eb19c63b944e79a9b5ce53ca5d1ca303edcf368a68721ec3ccaae7f98c5afd?s=96&d=mm&r=g","url":"https:\/\/secure.gravatar.com\/avatar\/03eb19c63b944e79a9b5ce53ca5d1ca303edcf368a68721ec3ccaae7f98c5afd?s=96&d=mm&r=g","contentUrl":"https:\/\/secure.gravatar.com\/avatar\/03eb19c63b944e79a9b5ce53ca5d1ca303edcf368a68721ec3ccaae7f98c5afd?s=96&d=mm&r=g","caption":"Silvia Citterio"}}]}},"_links":{"self":[{"href":"https:\/\/www.ilnotiziario.net\/wp\/wp-json\/wp\/v2\/posts\/203085","targetHints":{"allow":["GET"]}}],"collection":[{"href":"https:\/\/www.ilnotiziario.net\/wp\/wp-json\/wp\/v2\/posts"}],"about":[{"href":"https:\/\/www.ilnotiziario.net\/wp\/wp-json\/wp\/v2\/types\/post"}],"author":[{"embeddable":true,"href":"https:\/\/www.ilnotiziario.net\/wp\/wp-json\/wp\/v2\/users\/14"}],"replies":[{"embeddable":true,"href":"https:\/\/www.ilnotiziario.net\/wp\/wp-json\/wp\/v2\/comments?post=203085"}],"version-history":[{"count":0,"href":"https:\/\/www.ilnotiziario.net\/wp\/wp-json\/wp\/v2\/posts\/203085\/revisions"}],"wp:featuredmedia":[{"embeddable":true,"href":"https:\/\/www.ilnotiziario.net\/wp\/wp-json\/wp\/v2\/media\/203087"}],"wp:attachment":[{"href":"https:\/\/www.ilnotiziario.net\/wp\/wp-json\/wp\/v2\/media?parent=203085"}],"wp:term":[{"taxonomy":"category","embeddable":true,"href":"https:\/\/www.ilnotiziario.net\/wp\/wp-json\/wp\/v2\/categories?post=203085"},{"taxonomy":"post_tag","embeddable":true,"href":"https:\/\/www.ilnotiziario.net\/wp\/wp-json\/wp\/v2\/tags?post=203085"}],"curies":[{"name":"wp","href":"https:\/\/api.w.org\/{rel}","templated":true}]}}