{"id":203302,"date":"2025-02-02T15:29:01","date_gmt":"2025-02-02T14:29:01","guid":{"rendered":"https:\/\/www.ilnotiziario.net\/wp\/?p=203302"},"modified":"2025-02-01T21:31:14","modified_gmt":"2025-02-01T20:31:14","slug":"garbagnate-tribuna-inagibile-ma-presto-il-via-ai-lavori","status":"publish","type":"post","link":"https:\/\/www.ilnotiziario.net\/wp\/prima-pagina\/garbagnate-tribuna-inagibile-ma-presto-il-via-ai-lavori\/","title":{"rendered":"Garbagnate, tribuna inagibile presto il via ai lavori"},"content":{"rendered":"<p>Garbagnate, tribuna inagibile ma presto il via ai lavori.<br \/>\nQualche settimana fa l\u2019Osl calcio, non avendo a disposizione il campo dell\u2019oratorio San Luigi di via Vismara a causa di una manifestazione sportiva, ha chiesto al Comune di poter giocare al campo di calcio del Centro sportivo di via Montenero.<\/p><div id=\"ilnot-1427708036\" class=\"ilnot-contenuto ilnot-entity-placement\"><p><!-- incontent_1 --><\/p>\n<div class=\"gptslot\" data-adunitid=\"1\"><\/div>\n<\/div>\n<p>La disponibilit\u00e0 del campo c\u2019era, ma non quella della tribuna poich\u00e9 l\u2019area della tribuna gi\u00e0 da qualche tempo \u00e8 stata dichiarata inagibile. Il campo \u00e8 agibile, la tribuna no. Cos\u00ec la societ\u00e0, non essendoci la tribuna per i tifosi, ha dovuto trovare un campo fuori Garbagnate da prendere in affitto per disputare la partita. Una situazione che pu\u00f2 sorprendere, per cui noi abbiamo voluto approfondire per capire che cosa sta succedendo.<\/p>\n<p>Parlando con gli uffici comunali \u00e8 emerso che quella tribuna fa parte del piano di riqualificazione del Centro sportivo che deve essere effettuato dall\u2019operatore dell\u2019area ex Alfa.<\/p><div id=\"ilnot-3735575682\" class=\"ilnot-contenuto_2 ilnot-entity-placement\"><div class=\"ads-wrapper\">\n<div class=\"ad-slot\">\n   <div id=\"ilnot-4048355680\" style=\"margin-right: auto;margin-left: auto;text-align: center;width: 320px;height: 100px;\"><a href=\"https:\/\/www.scuolasicurezza.it\/\"><img decoding=\"async\" src=\"https:\/\/www.ilnotiziario.net\/wp\/wp-content\/uploads\/2026\/04\/IlNotiziario_banner-sito-e-newsletter-320-x-100-px-1.gif\" alt=\"\"><\/a><\/div>\n  <\/div>\n<div class=\"ad-slot\">\n   <div id=\"ilnot-2558986698\" style=\"margin-right: auto;margin-left: auto;text-align: center;width: 320px;height: 100px;\"><a href=\"https:\/\/purodesignarredamenti.com\/\"><img decoding=\"async\" src=\"https:\/\/www.ilnotiziario.net\/wp\/wp-content\/uploads\/2026\/04\/banner-puro-ok.gif\" alt=\"whatsapp\"><\/a><\/div><\/p><\/div>\n<\/div>\n<\/div>\n<h2>Lavori per la tribuna inagibile a Garbagnate&nbsp;<\/h2>\n<p>Proprio in vista di tali lavori, sono stati effettuati alcuni sopralluoghi e controlli ed \u00e8 emerso che, in via prudenziale, \u00e8 bene non utilizzare le tribune. Anche perch\u00e9 l\u2019inizio dei lavori di riqualificazione del Centro sportivo (tribuna inclusa) dovrebbe avvenire molto presto, forse gi\u00e0 nel mese di marzo e comunque sicuramente entro giugno.<\/p>\n<p>La riqualificazione riguarder\u00e0 non soltanto il campo da calcio con pista di atletica e tribuna, ma anche le altre strutture (piscina esclusa dato che \u00e8 gi\u00e0 stata ristrutturata), per accrescere l\u2019offerta sportiva del centro.<\/p>\n","protected":false},"excerpt":{"rendered":"<p>Garbagnate, tribuna inagibile ma presto il via ai lavori. Qualche settimana fa l\u2019Osl calcio, non avendo a disposizione il campo dell\u2019oratorio San Luigi di via Vismara a causa di una manifestazione sportiva, ha chiesto al Comune di poter giocare al campo di calcio del Centro sportivo di via Montenero. La disponibilit\u00e0 del campo c\u2019era, ma<\/p>\n","protected":false},"author":14,"featured_media":203303,"comment_status":"closed","ping_status":"closed","sticky":false,"template":"","format":"standard","meta":{"footnotes":""},"categories":[8,20],"tags":[43,1586,237,9547],"class_list":{"0":"post-203302","1":"post","2":"type-post","3":"status-publish","4":"format-standard","5":"has-post-thumbnail","7":"category-bollatese","8":"category-prima-pagina","9":"tag-garbagnate","10":"tag-inagibile","11":"tag-lavori","12":"tag-tribuna"},"yoast_head":"<!-- This site is optimized with the Yoast SEO plugin v27.5 - https:\/\/yoast.com\/product\/yoast-seo-wordpress\/ -->\n<title>Garbagnate, tribuna inagibile presto il via ai lavori - Il Notiziario<\/title>\n<meta name=\"description\" content=\"Garbagnate, tribuna inagibile ma presto il via ai lavori. Qualche settimana fa l\u2019Osl calcio, non avendo a disposizione il campo dell\u2019oratorio San Luigi di\" \/>\n<meta name=\"robots\" content=\"index, follow, max-snippet:-1, max-image-preview:large, max-video-preview:-1\" \/>\n<link rel=\"canonical\" href=\"https:\/\/www.ilnotiziario.net\/wp\/prima-pagina\/garbagnate-tribuna-inagibile-ma-presto-il-via-ai-lavori\/\" \/>\n<meta property=\"og:locale\" content=\"it_IT\" \/>\n<meta property=\"og:type\" content=\"article\" \/>\n<meta property=\"og:title\" content=\"Garbagnate, tribuna inagibile presto il via ai lavori - Il Notiziario\" \/>\n<meta property=\"og:description\" content=\"Garbagnate, tribuna inagibile ma presto il via ai lavori. Qualche settimana fa l\u2019Osl calcio, non avendo a disposizione il campo dell\u2019oratorio San Luigi di\" \/>\n<meta property=\"og:url\" content=\"https:\/\/www.ilnotiziario.net\/wp\/prima-pagina\/garbagnate-tribuna-inagibile-ma-presto-il-via-ai-lavori\/\" \/>\n<meta property=\"og:site_name\" content=\"Il Notiziario\" \/>\n<meta property=\"article:publisher\" content=\"https:\/\/www.facebook.com\/ilnotiziarioind\/\" \/>\n<meta property=\"article:published_time\" content=\"2025-02-02T14:29:01+00:00\" \/>\n<meta property=\"og:image\" content=\"https:\/\/www.ilnotiziario.net\/wp\/wp-content\/uploads\/2025\/02\/Garbagnate-tribuna-inagibile-lavori.jpg\" \/>\n\t<meta property=\"og:image:width\" content=\"1063\" \/>\n\t<meta property=\"og:image:height\" content=\"473\" \/>\n\t<meta property=\"og:image:type\" content=\"image\/jpeg\" \/>\n<meta name=\"author\" content=\"Silvia Citterio\" \/>\n<meta name=\"twitter:card\" content=\"summary_large_image\" \/>\n<meta name=\"twitter:creator\" content=\"@ilNotiziarioInd\" \/>\n<meta name=\"twitter:site\" content=\"@ilNotiziarioInd\" \/>\n<meta name=\"twitter:label1\" content=\"Scritto da\" \/>\n\t<meta name=\"twitter:data1\" content=\"Silvia Citterio\" \/>\n\t<meta name=\"twitter:label2\" content=\"Tempo di lettura stimato\" \/>\n\t<meta name=\"twitter:data2\" content=\"2 minuti\" \/>\n<script type=\"application\/ld+json\" class=\"yoast-schema-graph\">{\"@context\":\"https:\\\/\\\/schema.org\",\"@graph\":[{\"@type\":\"Article\",\"@id\":\"https:\\\/\\\/www.ilnotiziario.net\\\/wp\\\/prima-pagina\\\/garbagnate-tribuna-inagibile-ma-presto-il-via-ai-lavori\\\/#article\",\"isPartOf\":{\"@id\":\"https:\\\/\\\/www.ilnotiziario.net\\\/wp\\\/prima-pagina\\\/garbagnate-tribuna-inagibile-ma-presto-il-via-ai-lavori\\\/\"},\"author\":{\"name\":\"Silvia Citterio\",\"@id\":\"https:\\\/\\\/www.ilnotiziario.net\\\/wp\\\/#\\\/schema\\\/person\\\/c5bca2edc3d99d29959f04a6126f687b\"},\"headline\":\"Garbagnate, tribuna inagibile presto il via ai lavori\",\"datePublished\":\"2025-02-02T14:29:01+00:00\",\"mainEntityOfPage\":{\"@id\":\"https:\\\/\\\/www.ilnotiziario.net\\\/wp\\\/prima-pagina\\\/garbagnate-tribuna-inagibile-ma-presto-il-via-ai-lavori\\\/\"},\"wordCount\":252,\"publisher\":{\"@id\":\"https:\\\/\\\/www.ilnotiziario.net\\\/wp\\\/#organization\"},\"image\":{\"@id\":\"https:\\\/\\\/www.ilnotiziario.net\\\/wp\\\/prima-pagina\\\/garbagnate-tribuna-inagibile-ma-presto-il-via-ai-lavori\\\/#primaryimage\"},\"thumbnailUrl\":\"https:\\\/\\\/www.ilnotiziario.net\\\/wp\\\/wp-content\\\/uploads\\\/2025\\\/02\\\/Garbagnate-tribuna-inagibile-lavori.jpg\",\"keywords\":[\"Garbagnate\",\"inagibile\",\"lavori\",\"tribuna\"],\"articleSection\":[\"BOLLATESE\",\"Prima Pagina\"],\"inLanguage\":\"it-IT\"},{\"@type\":\"WebPage\",\"@id\":\"https:\\\/\\\/www.ilnotiziario.net\\\/wp\\\/prima-pagina\\\/garbagnate-tribuna-inagibile-ma-presto-il-via-ai-lavori\\\/\",\"url\":\"https:\\\/\\\/www.ilnotiziario.net\\\/wp\\\/prima-pagina\\\/garbagnate-tribuna-inagibile-ma-presto-il-via-ai-lavori\\\/\",\"name\":\"Garbagnate, tribuna inagibile presto il via ai lavori - Il Notiziario\",\"isPartOf\":{\"@id\":\"https:\\\/\\\/www.ilnotiziario.net\\\/wp\\\/#website\"},\"primaryImageOfPage\":{\"@id\":\"https:\\\/\\\/www.ilnotiziario.net\\\/wp\\\/prima-pagina\\\/garbagnate-tribuna-inagibile-ma-presto-il-via-ai-lavori\\\/#primaryimage\"},\"image\":{\"@id\":\"https:\\\/\\\/www.ilnotiziario.net\\\/wp\\\/prima-pagina\\\/garbagnate-tribuna-inagibile-ma-presto-il-via-ai-lavori\\\/#primaryimage\"},\"thumbnailUrl\":\"https:\\\/\\\/www.ilnotiziario.net\\\/wp\\\/wp-content\\\/uploads\\\/2025\\\/02\\\/Garbagnate-tribuna-inagibile-lavori.jpg\",\"datePublished\":\"2025-02-02T14:29:01+00:00\",\"description\":\"Garbagnate, tribuna inagibile ma presto il via ai lavori. Qualche settimana fa l\u2019Osl calcio, non avendo a disposizione il campo dell\u2019oratorio San Luigi di\",\"breadcrumb\":{\"@id\":\"https:\\\/\\\/www.ilnotiziario.net\\\/wp\\\/prima-pagina\\\/garbagnate-tribuna-inagibile-ma-presto-il-via-ai-lavori\\\/#breadcrumb\"},\"inLanguage\":\"it-IT\",\"potentialAction\":[{\"@type\":\"ReadAction\",\"target\":[\"https:\\\/\\\/www.ilnotiziario.net\\\/wp\\\/prima-pagina\\\/garbagnate-tribuna-inagibile-ma-presto-il-via-ai-lavori\\\/\"]}]},{\"@type\":\"ImageObject\",\"inLanguage\":\"it-IT\",\"@id\":\"https:\\\/\\\/www.ilnotiziario.net\\\/wp\\\/prima-pagina\\\/garbagnate-tribuna-inagibile-ma-presto-il-via-ai-lavori\\\/#primaryimage\",\"url\":\"https:\\\/\\\/www.ilnotiziario.net\\\/wp\\\/wp-content\\\/uploads\\\/2025\\\/02\\\/Garbagnate-tribuna-inagibile-lavori.jpg\",\"contentUrl\":\"https:\\\/\\\/www.ilnotiziario.net\\\/wp\\\/wp-content\\\/uploads\\\/2025\\\/02\\\/Garbagnate-tribuna-inagibile-lavori.jpg\",\"width\":1063,\"height\":473,\"caption\":\"Garbagnate tribuna inagibile lavori\"},{\"@type\":\"BreadcrumbList\",\"@id\":\"https:\\\/\\\/www.ilnotiziario.net\\\/wp\\\/prima-pagina\\\/garbagnate-tribuna-inagibile-ma-presto-il-via-ai-lavori\\\/#breadcrumb\",\"itemListElement\":[{\"@type\":\"ListItem\",\"position\":1,\"name\":\"tds_text_logo_tagline_colortds_text_logo_tagline_colortds_text_logo_tagline_colortds_text_logo_tagline_colortd_module_7_title_excerpttd_module_7_title_excerpttd_module_7_title_excerpttd_module_7_title_excerptHome\",\"item\":\"https:\\\/\\\/www.ilnotiziario.net\\\/wp\\\/\"},{\"@type\":\"ListItem\",\"position\":2,\"name\":\"Garbagnate, tribuna inagibile presto il via ai lavori\"}]},{\"@type\":\"WebSite\",\"@id\":\"https:\\\/\\\/www.ilnotiziario.net\\\/wp\\\/#website\",\"url\":\"https:\\\/\\\/www.ilnotiziario.net\\\/wp\\\/\",\"name\":\"Il Notiziario\",\"description\":\"Per restare sempre connessi alla notizia\",\"publisher\":{\"@id\":\"https:\\\/\\\/www.ilnotiziario.net\\\/wp\\\/#organization\"},\"alternateName\":\"Il Notiziario Bollate\",\"potentialAction\":[{\"@type\":\"SearchAction\",\"target\":{\"@type\":\"EntryPoint\",\"urlTemplate\":\"https:\\\/\\\/www.ilnotiziario.net\\\/wp\\\/?s={search_term_string}\"},\"query-input\":{\"@type\":\"PropertyValueSpecification\",\"valueRequired\":true,\"valueName\":\"search_term_string\"}}],\"inLanguage\":\"it-IT\"},{\"@type\":\"Organization\",\"@id\":\"https:\\\/\\\/www.ilnotiziario.net\\\/wp\\\/#organization\",\"name\":\"Il Notiziario\",\"url\":\"https:\\\/\\\/www.ilnotiziario.net\\\/wp\\\/\",\"logo\":{\"@type\":\"ImageObject\",\"inLanguage\":\"it-IT\",\"@id\":\"https:\\\/\\\/www.ilnotiziario.net\\\/wp\\\/#\\\/schema\\\/logo\\\/image\\\/\",\"url\":\"https:\\\/\\\/www.ilnotiziario.net\\\/wp\\\/wp-content\\\/uploads\\\/2022\\\/06\\\/170x170ilN.png\",\"contentUrl\":\"https:\\\/\\\/www.ilnotiziario.net\\\/wp\\\/wp-content\\\/uploads\\\/2022\\\/06\\\/170x170ilN.png\",\"width\":355,\"height\":355,\"caption\":\"Il Notiziario\"},\"image\":{\"@id\":\"https:\\\/\\\/www.ilnotiziario.net\\\/wp\\\/#\\\/schema\\\/logo\\\/image\\\/\"},\"sameAs\":[\"https:\\\/\\\/www.facebook.com\\\/ilnotiziarioind\\\/\",\"https:\\\/\\\/x.com\\\/ilNotiziarioInd\",\"https:\\\/\\\/www.instagram.com\\\/ilnotiziario_settimanale\\\/\"]},{\"@type\":\"Person\",\"@id\":\"https:\\\/\\\/www.ilnotiziario.net\\\/wp\\\/#\\\/schema\\\/person\\\/c5bca2edc3d99d29959f04a6126f687b\",\"name\":\"Silvia Citterio\",\"image\":{\"@type\":\"ImageObject\",\"inLanguage\":\"it-IT\",\"@id\":\"https:\\\/\\\/secure.gravatar.com\\\/avatar\\\/03eb19c63b944e79a9b5ce53ca5d1ca303edcf368a68721ec3ccaae7f98c5afd?s=96&d=mm&r=g\",\"url\":\"https:\\\/\\\/secure.gravatar.com\\\/avatar\\\/03eb19c63b944e79a9b5ce53ca5d1ca303edcf368a68721ec3ccaae7f98c5afd?s=96&d=mm&r=g\",\"contentUrl\":\"https:\\\/\\\/secure.gravatar.com\\\/avatar\\\/03eb19c63b944e79a9b5ce53ca5d1ca303edcf368a68721ec3ccaae7f98c5afd?s=96&d=mm&r=g\",\"caption\":\"Silvia Citterio\"}}]}<\/script>\n<!-- \/ Yoast SEO plugin. -->","yoast_head_json":{"title":"Garbagnate, tribuna inagibile presto il via ai lavori - Il Notiziario","description":"Garbagnate, tribuna inagibile ma presto il via ai lavori. Qualche settimana fa l\u2019Osl calcio, non avendo a disposizione il campo dell\u2019oratorio San Luigi di","robots":{"index":"index","follow":"follow","max-snippet":"max-snippet:-1","max-image-preview":"max-image-preview:large","max-video-preview":"max-video-preview:-1"},"canonical":"https:\/\/www.ilnotiziario.net\/wp\/prima-pagina\/garbagnate-tribuna-inagibile-ma-presto-il-via-ai-lavori\/","og_locale":"it_IT","og_type":"article","og_title":"Garbagnate, tribuna inagibile presto il via ai lavori - Il Notiziario","og_description":"Garbagnate, tribuna inagibile ma presto il via ai lavori. Qualche settimana fa l\u2019Osl calcio, non avendo a disposizione il campo dell\u2019oratorio San Luigi di","og_url":"https:\/\/www.ilnotiziario.net\/wp\/prima-pagina\/garbagnate-tribuna-inagibile-ma-presto-il-via-ai-lavori\/","og_site_name":"Il Notiziario","article_publisher":"https:\/\/www.facebook.com\/ilnotiziarioind\/","article_published_time":"2025-02-02T14:29:01+00:00","og_image":[{"width":1063,"height":473,"url":"https:\/\/www.ilnotiziario.net\/wp\/wp-content\/uploads\/2025\/02\/Garbagnate-tribuna-inagibile-lavori.jpg","type":"image\/jpeg"}],"author":"Silvia Citterio","twitter_card":"summary_large_image","twitter_creator":"@ilNotiziarioInd","twitter_site":"@ilNotiziarioInd","twitter_misc":{"Scritto da":"Silvia Citterio","Tempo di lettura stimato":"2 minuti"},"schema":{"@context":"https:\/\/schema.org","@graph":[{"@type":"Article","@id":"https:\/\/www.ilnotiziario.net\/wp\/prima-pagina\/garbagnate-tribuna-inagibile-ma-presto-il-via-ai-lavori\/#article","isPartOf":{"@id":"https:\/\/www.ilnotiziario.net\/wp\/prima-pagina\/garbagnate-tribuna-inagibile-ma-presto-il-via-ai-lavori\/"},"author":{"name":"Silvia Citterio","@id":"https:\/\/www.ilnotiziario.net\/wp\/#\/schema\/person\/c5bca2edc3d99d29959f04a6126f687b"},"headline":"Garbagnate, tribuna inagibile presto il via ai lavori","datePublished":"2025-02-02T14:29:01+00:00","mainEntityOfPage":{"@id":"https:\/\/www.ilnotiziario.net\/wp\/prima-pagina\/garbagnate-tribuna-inagibile-ma-presto-il-via-ai-lavori\/"},"wordCount":252,"publisher":{"@id":"https:\/\/www.ilnotiziario.net\/wp\/#organization"},"image":{"@id":"https:\/\/www.ilnotiziario.net\/wp\/prima-pagina\/garbagnate-tribuna-inagibile-ma-presto-il-via-ai-lavori\/#primaryimage"},"thumbnailUrl":"https:\/\/www.ilnotiziario.net\/wp\/wp-content\/uploads\/2025\/02\/Garbagnate-tribuna-inagibile-lavori.jpg","keywords":["Garbagnate","inagibile","lavori","tribuna"],"articleSection":["BOLLATESE","Prima Pagina"],"inLanguage":"it-IT"},{"@type":"WebPage","@id":"https:\/\/www.ilnotiziario.net\/wp\/prima-pagina\/garbagnate-tribuna-inagibile-ma-presto-il-via-ai-lavori\/","url":"https:\/\/www.ilnotiziario.net\/wp\/prima-pagina\/garbagnate-tribuna-inagibile-ma-presto-il-via-ai-lavori\/","name":"Garbagnate, tribuna inagibile presto il via ai lavori - Il Notiziario","isPartOf":{"@id":"https:\/\/www.ilnotiziario.net\/wp\/#website"},"primaryImageOfPage":{"@id":"https:\/\/www.ilnotiziario.net\/wp\/prima-pagina\/garbagnate-tribuna-inagibile-ma-presto-il-via-ai-lavori\/#primaryimage"},"image":{"@id":"https:\/\/www.ilnotiziario.net\/wp\/prima-pagina\/garbagnate-tribuna-inagibile-ma-presto-il-via-ai-lavori\/#primaryimage"},"thumbnailUrl":"https:\/\/www.ilnotiziario.net\/wp\/wp-content\/uploads\/2025\/02\/Garbagnate-tribuna-inagibile-lavori.jpg","datePublished":"2025-02-02T14:29:01+00:00","description":"Garbagnate, tribuna inagibile ma presto il via ai lavori. Qualche settimana fa l\u2019Osl calcio, non avendo a disposizione il campo dell\u2019oratorio San Luigi di","breadcrumb":{"@id":"https:\/\/www.ilnotiziario.net\/wp\/prima-pagina\/garbagnate-tribuna-inagibile-ma-presto-il-via-ai-lavori\/#breadcrumb"},"inLanguage":"it-IT","potentialAction":[{"@type":"ReadAction","target":["https:\/\/www.ilnotiziario.net\/wp\/prima-pagina\/garbagnate-tribuna-inagibile-ma-presto-il-via-ai-lavori\/"]}]},{"@type":"ImageObject","inLanguage":"it-IT","@id":"https:\/\/www.ilnotiziario.net\/wp\/prima-pagina\/garbagnate-tribuna-inagibile-ma-presto-il-via-ai-lavori\/#primaryimage","url":"https:\/\/www.ilnotiziario.net\/wp\/wp-content\/uploads\/2025\/02\/Garbagnate-tribuna-inagibile-lavori.jpg","contentUrl":"https:\/\/www.ilnotiziario.net\/wp\/wp-content\/uploads\/2025\/02\/Garbagnate-tribuna-inagibile-lavori.jpg","width":1063,"height":473,"caption":"Garbagnate tribuna inagibile lavori"},{"@type":"BreadcrumbList","@id":"https:\/\/www.ilnotiziario.net\/wp\/prima-pagina\/garbagnate-tribuna-inagibile-ma-presto-il-via-ai-lavori\/#breadcrumb","itemListElement":[{"@type":"ListItem","position":1,"name":"tds_text_logo_tagline_colortds_text_logo_tagline_colortds_text_logo_tagline_colortds_text_logo_tagline_colortd_module_7_title_excerpttd_module_7_title_excerpttd_module_7_title_excerpttd_module_7_title_excerptHome","item":"https:\/\/www.ilnotiziario.net\/wp\/"},{"@type":"ListItem","position":2,"name":"Garbagnate, tribuna inagibile presto il via ai lavori"}]},{"@type":"WebSite","@id":"https:\/\/www.ilnotiziario.net\/wp\/#website","url":"https:\/\/www.ilnotiziario.net\/wp\/","name":"Il Notiziario","description":"Per restare sempre connessi alla notizia","publisher":{"@id":"https:\/\/www.ilnotiziario.net\/wp\/#organization"},"alternateName":"Il Notiziario Bollate","potentialAction":[{"@type":"SearchAction","target":{"@type":"EntryPoint","urlTemplate":"https:\/\/www.ilnotiziario.net\/wp\/?s={search_term_string}"},"query-input":{"@type":"PropertyValueSpecification","valueRequired":true,"valueName":"search_term_string"}}],"inLanguage":"it-IT"},{"@type":"Organization","@id":"https:\/\/www.ilnotiziario.net\/wp\/#organization","name":"Il Notiziario","url":"https:\/\/www.ilnotiziario.net\/wp\/","logo":{"@type":"ImageObject","inLanguage":"it-IT","@id":"https:\/\/www.ilnotiziario.net\/wp\/#\/schema\/logo\/image\/","url":"https:\/\/www.ilnotiziario.net\/wp\/wp-content\/uploads\/2022\/06\/170x170ilN.png","contentUrl":"https:\/\/www.ilnotiziario.net\/wp\/wp-content\/uploads\/2022\/06\/170x170ilN.png","width":355,"height":355,"caption":"Il Notiziario"},"image":{"@id":"https:\/\/www.ilnotiziario.net\/wp\/#\/schema\/logo\/image\/"},"sameAs":["https:\/\/www.facebook.com\/ilnotiziarioind\/","https:\/\/x.com\/ilNotiziarioInd","https:\/\/www.instagram.com\/ilnotiziario_settimanale\/"]},{"@type":"Person","@id":"https:\/\/www.ilnotiziario.net\/wp\/#\/schema\/person\/c5bca2edc3d99d29959f04a6126f687b","name":"Silvia Citterio","image":{"@type":"ImageObject","inLanguage":"it-IT","@id":"https:\/\/secure.gravatar.com\/avatar\/03eb19c63b944e79a9b5ce53ca5d1ca303edcf368a68721ec3ccaae7f98c5afd?s=96&d=mm&r=g","url":"https:\/\/secure.gravatar.com\/avatar\/03eb19c63b944e79a9b5ce53ca5d1ca303edcf368a68721ec3ccaae7f98c5afd?s=96&d=mm&r=g","contentUrl":"https:\/\/secure.gravatar.com\/avatar\/03eb19c63b944e79a9b5ce53ca5d1ca303edcf368a68721ec3ccaae7f98c5afd?s=96&d=mm&r=g","caption":"Silvia Citterio"}}]}},"_links":{"self":[{"href":"https:\/\/www.ilnotiziario.net\/wp\/wp-json\/wp\/v2\/posts\/203302","targetHints":{"allow":["GET"]}}],"collection":[{"href":"https:\/\/www.ilnotiziario.net\/wp\/wp-json\/wp\/v2\/posts"}],"about":[{"href":"https:\/\/www.ilnotiziario.net\/wp\/wp-json\/wp\/v2\/types\/post"}],"author":[{"embeddable":true,"href":"https:\/\/www.ilnotiziario.net\/wp\/wp-json\/wp\/v2\/users\/14"}],"replies":[{"embeddable":true,"href":"https:\/\/www.ilnotiziario.net\/wp\/wp-json\/wp\/v2\/comments?post=203302"}],"version-history":[{"count":0,"href":"https:\/\/www.ilnotiziario.net\/wp\/wp-json\/wp\/v2\/posts\/203302\/revisions"}],"wp:featuredmedia":[{"embeddable":true,"href":"https:\/\/www.ilnotiziario.net\/wp\/wp-json\/wp\/v2\/media\/203303"}],"wp:attachment":[{"href":"https:\/\/www.ilnotiziario.net\/wp\/wp-json\/wp\/v2\/media?parent=203302"}],"wp:term":[{"taxonomy":"category","embeddable":true,"href":"https:\/\/www.ilnotiziario.net\/wp\/wp-json\/wp\/v2\/categories?post=203302"},{"taxonomy":"post_tag","embeddable":true,"href":"https:\/\/www.ilnotiziario.net\/wp\/wp-json\/wp\/v2\/tags?post=203302"}],"curies":[{"name":"wp","href":"https:\/\/api.w.org\/{rel}","templated":true}]}}