{"id":203518,"date":"2025-02-09T20:39:21","date_gmt":"2025-02-09T19:39:21","guid":{"rendered":"https:\/\/www.ilnotiziario.net\/wp\/?p=203518"},"modified":"2025-02-09T20:40:13","modified_gmt":"2025-02-09T19:40:13","slug":"stella-boggio-carcere-marco-magagna","status":"publish","type":"post","link":"https:\/\/www.ilnotiziario.net\/wp\/prima-pagina\/stella-boggio-carcere-marco-magagna\/","title":{"rendered":"Stella Boggio: domiciliari o carcere? Fissata l&#8217;udienza dopo l&#8217;omicidio di Marco Magagna"},"content":{"rendered":"<p>Stella Boggio dovr\u00e0 tornare in carcere? \u00c8 fissata per il prossimo 24 febbraio l&#8217;udienza al tribunale del Riesame di Milano dopo il ricorso presentato dalla procura di Monza a seguito dell&#8217;omicidio di Marco Magagna avvenuto a Bosisio Masciago. Attualmente, la 33enne si trova ai domiciliari a Limbiate.<\/p><div id=\"ilnot-632508526\" class=\"ilnot-contenuto ilnot-entity-placement\"><p><!-- incontent_1 --><\/p>\n<div class=\"gptslot\" data-adunitid=\"1\"><\/div>\n<\/div>\n<h2>Stella Boggio torner\u00e0 in carcere?<\/h2>\n<p>La pronuncia del tribunale del Riesame di Milano \u00e8 attesa per luned\u00ec 24 febbraio. Tra due settimane si sapr\u00e0 se Stella Boggio potr\u00e0 rimanere ai domiciliari a Limbiate oppure dovr\u00e0 tornare in carcere. A San Vittore aveva trascorso un paio di giorni dopo l&#8217;omicidio del compagno, Marco Magagna, 38 anni, avvenuto la notte del 6 gennaio a Bovisio Masciago. Secondo la procura di Monza, Boggio&nbsp;non avrebbe avuto un eccesso colposo in legittima difesa. Ma si tratterebbe di un gesto sproporzionato rispetto al pericolo reale della situazione che stava vivendo.<\/p>\n<h3>La ricostruzione dell&#8217;omicidio di Bovisio Masciago<\/h3>\n<p>Secondo la ricostruzione degli investigatori, tra lei e Magagna sarebbe scoppiata una lite. Probabilmente la donna sarebbe caduta o sarebbe stata allontanata dal compagno perdendo l&#8217;equilibrio e finendo a terra. A questo punto, avrebbe preso un coltello da cucina e lo avrebbe usato per colpire una sola volta l&#8217;uomo che sarebbe caduto esanime a terra. Nelle ore successive all&#8217;omicidio, la difesa aveva <a href=\"https:\/\/www.ilnotiziario.net\/wp\/prima-pagina\/stella-boggio-domiciliari-limbiate\/\">chiesto e ottenuto i domiciliari per Boggio<\/a> che ha anche un figlio di 8 anni da una precedente relazione e che sarebbe stato formalmente affidato ai genitori dell&#8217;ex compagno.&nbsp;<\/p><div id=\"ilnot-183087269\" class=\"ilnot-contenuto_2 ilnot-entity-placement\"><div class=\"ads-wrapper\">\n<div class=\"ad-slot\">\n   <div id=\"ilnot-4000061966\" style=\"margin-right: auto;margin-left: auto;text-align: center;width: 320px;height: 100px;\"><a href=\"https:\/\/www.scuolasicurezza.it\/\"><img decoding=\"async\" src=\"https:\/\/www.ilnotiziario.net\/wp\/wp-content\/uploads\/2026\/04\/IlNotiziario_banner-sito-e-newsletter-320-x-100-px-1.gif\" alt=\"\"><\/a><\/div>\n  <\/div>\n<div class=\"ad-slot\">\n   <div id=\"ilnot-3542437500\" style=\"margin-right: auto;margin-left: auto;text-align: center;width: 320px;height: 100px;\"><a href=\"https:\/\/purodesignarredamenti.com\/\"><img decoding=\"async\" src=\"https:\/\/www.ilnotiziario.net\/wp\/wp-content\/uploads\/2026\/04\/banner-puro-ok.gif\" alt=\"whatsapp\"><\/a><\/div><\/p><\/div>\n<\/div>\n<\/div>\n<p class=\"p1\">La notizia del ricordo ai domiciliari \u00e8 dello scorso 17 gennaio. Lo stesso giorno dei <a href=\"https:\/\/www.ilnotiziario.net\/wp\/prima-pagina\/marco-magagna-funerali-arese\/\">funerali di Marco Magagna<\/a> a una decina di giorni dall&#8217;omicidio. <span class=\"s1\"> \u201cL\u2019impegno che ci prendiamo tutti \u00e8 di continuare a sorridere con lui come Marco ci ha trasmesso.<\/span> Sei stato ucciso da una mano crudele e ingiusta\u201d, \u00e8 stato il messaggio letto da parte di chi lo conosceva. E intanto, le indagini in quelle ore proseguivano ascoltando i colleghi di Magagna, responsabile di reparto in un&#8217;azienda di Arese: anche loro non credevano che il 38enne potesse essere stato violento verso la compagna.<\/p>\n<div class=\"a-wrap a-wrap-base a-wrap-8 alignwide a-wrap-bg\">\n<div id=\"ilnot-1166005418\" class=\"ilnot-target ilnot-highlight-wrapper\" data-ilnot-trackid=\"202392\" data-ilnot-trackbid=\"1\">&nbsp;<\/div>\n<\/div>\n","protected":false},"excerpt":{"rendered":"<p>Stella Boggio dovr\u00e0 tornare in carcere? \u00c8 fissata per il prossimo 24 febbraio l&#8217;udienza al tribunale del Riesame di Milano dopo il ricorso presentato dalla procura di Monza a seguito dell&#8217;omicidio di Marco Magagna avvenuto a Bosisio Masciago. Attualmente, la 33enne si trova ai domiciliari a Limbiate. Stella Boggio torner\u00e0 in carcere? La pronuncia del<\/p>\n","protected":false},"author":7,"featured_media":203519,"comment_status":"closed","ping_status":"closed","sticky":false,"template":"","format":"standard","meta":{"footnotes":""},"categories":[20],"tags":[2002,17430,17434],"class_list":{"0":"post-203518","1":"post","2":"type-post","3":"status-publish","4":"format-standard","5":"has-post-thumbnail","7":"category-prima-pagina","8":"tag-bovisio-masciago","9":"tag-marco-magagna","10":"tag-stella-boggio"},"yoast_head":"<!-- This site is optimized with the Yoast SEO plugin v27.4 - https:\/\/yoast.com\/product\/yoast-seo-wordpress\/ -->\n<title>Stella Boggio: domiciliari o carcere? Fissata l&#039;udienza dopo l&#039;omicidio di Marco Magagna<\/title>\n<meta name=\"description\" content=\"Stella Boggio dovr\u00e0 tornare in carcere? \u00c8 fissata per il prossimo 24 febbraio l&#039;udienza al tribunale del Riesame di Milano\" \/>\n<meta name=\"robots\" content=\"index, follow, max-snippet:-1, max-image-preview:large, max-video-preview:-1\" \/>\n<link rel=\"canonical\" href=\"https:\/\/www.ilnotiziario.net\/wp\/prima-pagina\/stella-boggio-carcere-marco-magagna\/\" \/>\n<meta property=\"og:locale\" content=\"it_IT\" \/>\n<meta property=\"og:type\" content=\"article\" \/>\n<meta property=\"og:title\" content=\"Stella Boggio: domiciliari o carcere? Fissata l&#039;udienza dopo l&#039;omicidio di Marco Magagna\" \/>\n<meta property=\"og:description\" content=\"Stella Boggio dovr\u00e0 tornare in carcere? \u00c8 fissata per il prossimo 24 febbraio l&#039;udienza al tribunale del Riesame di Milano\" \/>\n<meta property=\"og:url\" content=\"https:\/\/www.ilnotiziario.net\/wp\/prima-pagina\/stella-boggio-carcere-marco-magagna\/\" \/>\n<meta property=\"og:site_name\" content=\"Il Notiziario\" \/>\n<meta property=\"article:publisher\" content=\"https:\/\/www.facebook.com\/ilnotiziarioind\/\" \/>\n<meta property=\"article:published_time\" content=\"2025-02-09T19:39:21+00:00\" \/>\n<meta property=\"article:modified_time\" content=\"2025-02-09T19:40:13+00:00\" \/>\n<meta property=\"og:image\" content=\"https:\/\/www.ilnotiziario.net\/wp\/wp-content\/uploads\/2025\/02\/marco-magagna-stella-boggio.jpeg\" \/>\n\t<meta property=\"og:image:width\" content=\"1170\" \/>\n\t<meta property=\"og:image:height\" content=\"658\" \/>\n\t<meta property=\"og:image:type\" content=\"image\/jpeg\" \/>\n<meta name=\"author\" content=\"Simone Carcano\" \/>\n<meta name=\"twitter:card\" content=\"summary_large_image\" \/>\n<meta name=\"twitter:creator\" content=\"@simone_carcano\" \/>\n<meta name=\"twitter:site\" content=\"@ilNotiziarioInd\" \/>\n<meta name=\"twitter:label1\" content=\"Scritto da\" \/>\n\t<meta name=\"twitter:data1\" content=\"Simone Carcano\" \/>\n\t<meta name=\"twitter:label2\" content=\"Tempo di lettura stimato\" \/>\n\t<meta name=\"twitter:data2\" content=\"2 minuti\" \/>\n<script type=\"application\/ld+json\" class=\"yoast-schema-graph\">{\"@context\":\"https:\\\/\\\/schema.org\",\"@graph\":[{\"@type\":\"Article\",\"@id\":\"https:\\\/\\\/www.ilnotiziario.net\\\/wp\\\/prima-pagina\\\/stella-boggio-carcere-marco-magagna\\\/#article\",\"isPartOf\":{\"@id\":\"https:\\\/\\\/www.ilnotiziario.net\\\/wp\\\/prima-pagina\\\/stella-boggio-carcere-marco-magagna\\\/\"},\"author\":{\"name\":\"Simone Carcano\",\"@id\":\"https:\\\/\\\/www.ilnotiziario.net\\\/wp\\\/#\\\/schema\\\/person\\\/c218ad0865f96bfe2c1c2cfa719653f7\"},\"headline\":\"Stella Boggio: domiciliari o carcere? Fissata l&#8217;udienza dopo l&#8217;omicidio di Marco Magagna\",\"datePublished\":\"2025-02-09T19:39:21+00:00\",\"dateModified\":\"2025-02-09T19:40:13+00:00\",\"mainEntityOfPage\":{\"@id\":\"https:\\\/\\\/www.ilnotiziario.net\\\/wp\\\/prima-pagina\\\/stella-boggio-carcere-marco-magagna\\\/\"},\"wordCount\":352,\"publisher\":{\"@id\":\"https:\\\/\\\/www.ilnotiziario.net\\\/wp\\\/#organization\"},\"image\":{\"@id\":\"https:\\\/\\\/www.ilnotiziario.net\\\/wp\\\/prima-pagina\\\/stella-boggio-carcere-marco-magagna\\\/#primaryimage\"},\"thumbnailUrl\":\"https:\\\/\\\/www.ilnotiziario.net\\\/wp\\\/wp-content\\\/uploads\\\/2025\\\/02\\\/marco-magagna-stella-boggio.jpeg\",\"keywords\":[\"Bovisio Masciago\",\"Marco Magagna\",\"Stella Boggio\"],\"articleSection\":[\"Prima Pagina\"],\"inLanguage\":\"it-IT\"},{\"@type\":\"WebPage\",\"@id\":\"https:\\\/\\\/www.ilnotiziario.net\\\/wp\\\/prima-pagina\\\/stella-boggio-carcere-marco-magagna\\\/\",\"url\":\"https:\\\/\\\/www.ilnotiziario.net\\\/wp\\\/prima-pagina\\\/stella-boggio-carcere-marco-magagna\\\/\",\"name\":\"Stella Boggio: domiciliari o carcere? Fissata l'udienza dopo l'omicidio di Marco Magagna\",\"isPartOf\":{\"@id\":\"https:\\\/\\\/www.ilnotiziario.net\\\/wp\\\/#website\"},\"primaryImageOfPage\":{\"@id\":\"https:\\\/\\\/www.ilnotiziario.net\\\/wp\\\/prima-pagina\\\/stella-boggio-carcere-marco-magagna\\\/#primaryimage\"},\"image\":{\"@id\":\"https:\\\/\\\/www.ilnotiziario.net\\\/wp\\\/prima-pagina\\\/stella-boggio-carcere-marco-magagna\\\/#primaryimage\"},\"thumbnailUrl\":\"https:\\\/\\\/www.ilnotiziario.net\\\/wp\\\/wp-content\\\/uploads\\\/2025\\\/02\\\/marco-magagna-stella-boggio.jpeg\",\"datePublished\":\"2025-02-09T19:39:21+00:00\",\"dateModified\":\"2025-02-09T19:40:13+00:00\",\"description\":\"Stella Boggio dovr\u00e0 tornare in carcere? \u00c8 fissata per il prossimo 24 febbraio l'udienza al tribunale del Riesame di Milano\",\"breadcrumb\":{\"@id\":\"https:\\\/\\\/www.ilnotiziario.net\\\/wp\\\/prima-pagina\\\/stella-boggio-carcere-marco-magagna\\\/#breadcrumb\"},\"inLanguage\":\"it-IT\",\"potentialAction\":[{\"@type\":\"ReadAction\",\"target\":[\"https:\\\/\\\/www.ilnotiziario.net\\\/wp\\\/prima-pagina\\\/stella-boggio-carcere-marco-magagna\\\/\"]}]},{\"@type\":\"ImageObject\",\"inLanguage\":\"it-IT\",\"@id\":\"https:\\\/\\\/www.ilnotiziario.net\\\/wp\\\/prima-pagina\\\/stella-boggio-carcere-marco-magagna\\\/#primaryimage\",\"url\":\"https:\\\/\\\/www.ilnotiziario.net\\\/wp\\\/wp-content\\\/uploads\\\/2025\\\/02\\\/marco-magagna-stella-boggio.jpeg\",\"contentUrl\":\"https:\\\/\\\/www.ilnotiziario.net\\\/wp\\\/wp-content\\\/uploads\\\/2025\\\/02\\\/marco-magagna-stella-boggio.jpeg\",\"width\":1170,\"height\":658,\"caption\":\"Marco Magagna e Stella Boggio\"},{\"@type\":\"BreadcrumbList\",\"@id\":\"https:\\\/\\\/www.ilnotiziario.net\\\/wp\\\/prima-pagina\\\/stella-boggio-carcere-marco-magagna\\\/#breadcrumb\",\"itemListElement\":[{\"@type\":\"ListItem\",\"position\":1,\"name\":\"tds_text_logo_tagline_colortds_text_logo_tagline_colortds_text_logo_tagline_colortds_text_logo_tagline_colortd_module_7_title_excerpttd_module_7_title_excerpttd_module_7_title_excerpttd_module_7_title_excerptHome\",\"item\":\"https:\\\/\\\/www.ilnotiziario.net\\\/wp\\\/\"},{\"@type\":\"ListItem\",\"position\":2,\"name\":\"Stella Boggio: domiciliari o carcere? Fissata l&#8217;udienza dopo l&#8217;omicidio di Marco Magagna\"}]},{\"@type\":\"WebSite\",\"@id\":\"https:\\\/\\\/www.ilnotiziario.net\\\/wp\\\/#website\",\"url\":\"https:\\\/\\\/www.ilnotiziario.net\\\/wp\\\/\",\"name\":\"Il Notiziario\",\"description\":\"Per restare sempre connessi alla notizia\",\"publisher\":{\"@id\":\"https:\\\/\\\/www.ilnotiziario.net\\\/wp\\\/#organization\"},\"alternateName\":\"Il Notiziario Bollate\",\"potentialAction\":[{\"@type\":\"SearchAction\",\"target\":{\"@type\":\"EntryPoint\",\"urlTemplate\":\"https:\\\/\\\/www.ilnotiziario.net\\\/wp\\\/?s={search_term_string}\"},\"query-input\":{\"@type\":\"PropertyValueSpecification\",\"valueRequired\":true,\"valueName\":\"search_term_string\"}}],\"inLanguage\":\"it-IT\"},{\"@type\":\"Organization\",\"@id\":\"https:\\\/\\\/www.ilnotiziario.net\\\/wp\\\/#organization\",\"name\":\"Il Notiziario\",\"url\":\"https:\\\/\\\/www.ilnotiziario.net\\\/wp\\\/\",\"logo\":{\"@type\":\"ImageObject\",\"inLanguage\":\"it-IT\",\"@id\":\"https:\\\/\\\/www.ilnotiziario.net\\\/wp\\\/#\\\/schema\\\/logo\\\/image\\\/\",\"url\":\"https:\\\/\\\/www.ilnotiziario.net\\\/wp\\\/wp-content\\\/uploads\\\/2022\\\/06\\\/170x170ilN.png\",\"contentUrl\":\"https:\\\/\\\/www.ilnotiziario.net\\\/wp\\\/wp-content\\\/uploads\\\/2022\\\/06\\\/170x170ilN.png\",\"width\":355,\"height\":355,\"caption\":\"Il Notiziario\"},\"image\":{\"@id\":\"https:\\\/\\\/www.ilnotiziario.net\\\/wp\\\/#\\\/schema\\\/logo\\\/image\\\/\"},\"sameAs\":[\"https:\\\/\\\/www.facebook.com\\\/ilnotiziarioind\\\/\",\"https:\\\/\\\/x.com\\\/ilNotiziarioInd\",\"https:\\\/\\\/www.instagram.com\\\/ilnotiziario_settimanale\\\/\"]},{\"@type\":\"Person\",\"@id\":\"https:\\\/\\\/www.ilnotiziario.net\\\/wp\\\/#\\\/schema\\\/person\\\/c218ad0865f96bfe2c1c2cfa719653f7\",\"name\":\"Simone Carcano\",\"image\":{\"@type\":\"ImageObject\",\"inLanguage\":\"it-IT\",\"@id\":\"https:\\\/\\\/secure.gravatar.com\\\/avatar\\\/5e677023cff2c47e9f7a896b9157a46e18bd36e7c4d000a1726bb730be7d38bb?s=96&d=mm&r=g\",\"url\":\"https:\\\/\\\/secure.gravatar.com\\\/avatar\\\/5e677023cff2c47e9f7a896b9157a46e18bd36e7c4d000a1726bb730be7d38bb?s=96&d=mm&r=g\",\"contentUrl\":\"https:\\\/\\\/secure.gravatar.com\\\/avatar\\\/5e677023cff2c47e9f7a896b9157a46e18bd36e7c4d000a1726bb730be7d38bb?s=96&d=mm&r=g\",\"caption\":\"Simone Carcano\"},\"sameAs\":[\"http:\\\/\\\/www.ilnotiziario.net\",\"https:\\\/\\\/x.com\\\/@simone_carcano\"]}]}<\/script>\n<!-- \/ Yoast SEO plugin. -->","yoast_head_json":{"title":"Stella Boggio: domiciliari o carcere? Fissata l'udienza dopo l'omicidio di Marco Magagna","description":"Stella Boggio dovr\u00e0 tornare in carcere? \u00c8 fissata per il prossimo 24 febbraio l'udienza al tribunale del Riesame di Milano","robots":{"index":"index","follow":"follow","max-snippet":"max-snippet:-1","max-image-preview":"max-image-preview:large","max-video-preview":"max-video-preview:-1"},"canonical":"https:\/\/www.ilnotiziario.net\/wp\/prima-pagina\/stella-boggio-carcere-marco-magagna\/","og_locale":"it_IT","og_type":"article","og_title":"Stella Boggio: domiciliari o carcere? Fissata l'udienza dopo l'omicidio di Marco Magagna","og_description":"Stella Boggio dovr\u00e0 tornare in carcere? \u00c8 fissata per il prossimo 24 febbraio l'udienza al tribunale del Riesame di Milano","og_url":"https:\/\/www.ilnotiziario.net\/wp\/prima-pagina\/stella-boggio-carcere-marco-magagna\/","og_site_name":"Il Notiziario","article_publisher":"https:\/\/www.facebook.com\/ilnotiziarioind\/","article_published_time":"2025-02-09T19:39:21+00:00","article_modified_time":"2025-02-09T19:40:13+00:00","og_image":[{"width":1170,"height":658,"url":"https:\/\/www.ilnotiziario.net\/wp\/wp-content\/uploads\/2025\/02\/marco-magagna-stella-boggio.jpeg","type":"image\/jpeg"}],"author":"Simone Carcano","twitter_card":"summary_large_image","twitter_creator":"@simone_carcano","twitter_site":"@ilNotiziarioInd","twitter_misc":{"Scritto da":"Simone Carcano","Tempo di lettura stimato":"2 minuti"},"schema":{"@context":"https:\/\/schema.org","@graph":[{"@type":"Article","@id":"https:\/\/www.ilnotiziario.net\/wp\/prima-pagina\/stella-boggio-carcere-marco-magagna\/#article","isPartOf":{"@id":"https:\/\/www.ilnotiziario.net\/wp\/prima-pagina\/stella-boggio-carcere-marco-magagna\/"},"author":{"name":"Simone Carcano","@id":"https:\/\/www.ilnotiziario.net\/wp\/#\/schema\/person\/c218ad0865f96bfe2c1c2cfa719653f7"},"headline":"Stella Boggio: domiciliari o carcere? Fissata l&#8217;udienza dopo l&#8217;omicidio di Marco Magagna","datePublished":"2025-02-09T19:39:21+00:00","dateModified":"2025-02-09T19:40:13+00:00","mainEntityOfPage":{"@id":"https:\/\/www.ilnotiziario.net\/wp\/prima-pagina\/stella-boggio-carcere-marco-magagna\/"},"wordCount":352,"publisher":{"@id":"https:\/\/www.ilnotiziario.net\/wp\/#organization"},"image":{"@id":"https:\/\/www.ilnotiziario.net\/wp\/prima-pagina\/stella-boggio-carcere-marco-magagna\/#primaryimage"},"thumbnailUrl":"https:\/\/www.ilnotiziario.net\/wp\/wp-content\/uploads\/2025\/02\/marco-magagna-stella-boggio.jpeg","keywords":["Bovisio Masciago","Marco Magagna","Stella Boggio"],"articleSection":["Prima Pagina"],"inLanguage":"it-IT"},{"@type":"WebPage","@id":"https:\/\/www.ilnotiziario.net\/wp\/prima-pagina\/stella-boggio-carcere-marco-magagna\/","url":"https:\/\/www.ilnotiziario.net\/wp\/prima-pagina\/stella-boggio-carcere-marco-magagna\/","name":"Stella Boggio: domiciliari o carcere? Fissata l'udienza dopo l'omicidio di Marco Magagna","isPartOf":{"@id":"https:\/\/www.ilnotiziario.net\/wp\/#website"},"primaryImageOfPage":{"@id":"https:\/\/www.ilnotiziario.net\/wp\/prima-pagina\/stella-boggio-carcere-marco-magagna\/#primaryimage"},"image":{"@id":"https:\/\/www.ilnotiziario.net\/wp\/prima-pagina\/stella-boggio-carcere-marco-magagna\/#primaryimage"},"thumbnailUrl":"https:\/\/www.ilnotiziario.net\/wp\/wp-content\/uploads\/2025\/02\/marco-magagna-stella-boggio.jpeg","datePublished":"2025-02-09T19:39:21+00:00","dateModified":"2025-02-09T19:40:13+00:00","description":"Stella Boggio dovr\u00e0 tornare in carcere? \u00c8 fissata per il prossimo 24 febbraio l'udienza al tribunale del Riesame di Milano","breadcrumb":{"@id":"https:\/\/www.ilnotiziario.net\/wp\/prima-pagina\/stella-boggio-carcere-marco-magagna\/#breadcrumb"},"inLanguage":"it-IT","potentialAction":[{"@type":"ReadAction","target":["https:\/\/www.ilnotiziario.net\/wp\/prima-pagina\/stella-boggio-carcere-marco-magagna\/"]}]},{"@type":"ImageObject","inLanguage":"it-IT","@id":"https:\/\/www.ilnotiziario.net\/wp\/prima-pagina\/stella-boggio-carcere-marco-magagna\/#primaryimage","url":"https:\/\/www.ilnotiziario.net\/wp\/wp-content\/uploads\/2025\/02\/marco-magagna-stella-boggio.jpeg","contentUrl":"https:\/\/www.ilnotiziario.net\/wp\/wp-content\/uploads\/2025\/02\/marco-magagna-stella-boggio.jpeg","width":1170,"height":658,"caption":"Marco Magagna e Stella Boggio"},{"@type":"BreadcrumbList","@id":"https:\/\/www.ilnotiziario.net\/wp\/prima-pagina\/stella-boggio-carcere-marco-magagna\/#breadcrumb","itemListElement":[{"@type":"ListItem","position":1,"name":"tds_text_logo_tagline_colortds_text_logo_tagline_colortds_text_logo_tagline_colortds_text_logo_tagline_colortd_module_7_title_excerpttd_module_7_title_excerpttd_module_7_title_excerpttd_module_7_title_excerptHome","item":"https:\/\/www.ilnotiziario.net\/wp\/"},{"@type":"ListItem","position":2,"name":"Stella Boggio: domiciliari o carcere? Fissata l&#8217;udienza dopo l&#8217;omicidio di Marco Magagna"}]},{"@type":"WebSite","@id":"https:\/\/www.ilnotiziario.net\/wp\/#website","url":"https:\/\/www.ilnotiziario.net\/wp\/","name":"Il Notiziario","description":"Per restare sempre connessi alla notizia","publisher":{"@id":"https:\/\/www.ilnotiziario.net\/wp\/#organization"},"alternateName":"Il Notiziario Bollate","potentialAction":[{"@type":"SearchAction","target":{"@type":"EntryPoint","urlTemplate":"https:\/\/www.ilnotiziario.net\/wp\/?s={search_term_string}"},"query-input":{"@type":"PropertyValueSpecification","valueRequired":true,"valueName":"search_term_string"}}],"inLanguage":"it-IT"},{"@type":"Organization","@id":"https:\/\/www.ilnotiziario.net\/wp\/#organization","name":"Il Notiziario","url":"https:\/\/www.ilnotiziario.net\/wp\/","logo":{"@type":"ImageObject","inLanguage":"it-IT","@id":"https:\/\/www.ilnotiziario.net\/wp\/#\/schema\/logo\/image\/","url":"https:\/\/www.ilnotiziario.net\/wp\/wp-content\/uploads\/2022\/06\/170x170ilN.png","contentUrl":"https:\/\/www.ilnotiziario.net\/wp\/wp-content\/uploads\/2022\/06\/170x170ilN.png","width":355,"height":355,"caption":"Il Notiziario"},"image":{"@id":"https:\/\/www.ilnotiziario.net\/wp\/#\/schema\/logo\/image\/"},"sameAs":["https:\/\/www.facebook.com\/ilnotiziarioind\/","https:\/\/x.com\/ilNotiziarioInd","https:\/\/www.instagram.com\/ilnotiziario_settimanale\/"]},{"@type":"Person","@id":"https:\/\/www.ilnotiziario.net\/wp\/#\/schema\/person\/c218ad0865f96bfe2c1c2cfa719653f7","name":"Simone Carcano","image":{"@type":"ImageObject","inLanguage":"it-IT","@id":"https:\/\/secure.gravatar.com\/avatar\/5e677023cff2c47e9f7a896b9157a46e18bd36e7c4d000a1726bb730be7d38bb?s=96&d=mm&r=g","url":"https:\/\/secure.gravatar.com\/avatar\/5e677023cff2c47e9f7a896b9157a46e18bd36e7c4d000a1726bb730be7d38bb?s=96&d=mm&r=g","contentUrl":"https:\/\/secure.gravatar.com\/avatar\/5e677023cff2c47e9f7a896b9157a46e18bd36e7c4d000a1726bb730be7d38bb?s=96&d=mm&r=g","caption":"Simone Carcano"},"sameAs":["http:\/\/www.ilnotiziario.net","https:\/\/x.com\/@simone_carcano"]}]}},"_links":{"self":[{"href":"https:\/\/www.ilnotiziario.net\/wp\/wp-json\/wp\/v2\/posts\/203518","targetHints":{"allow":["GET"]}}],"collection":[{"href":"https:\/\/www.ilnotiziario.net\/wp\/wp-json\/wp\/v2\/posts"}],"about":[{"href":"https:\/\/www.ilnotiziario.net\/wp\/wp-json\/wp\/v2\/types\/post"}],"author":[{"embeddable":true,"href":"https:\/\/www.ilnotiziario.net\/wp\/wp-json\/wp\/v2\/users\/7"}],"replies":[{"embeddable":true,"href":"https:\/\/www.ilnotiziario.net\/wp\/wp-json\/wp\/v2\/comments?post=203518"}],"version-history":[{"count":0,"href":"https:\/\/www.ilnotiziario.net\/wp\/wp-json\/wp\/v2\/posts\/203518\/revisions"}],"wp:featuredmedia":[{"embeddable":true,"href":"https:\/\/www.ilnotiziario.net\/wp\/wp-json\/wp\/v2\/media\/203519"}],"wp:attachment":[{"href":"https:\/\/www.ilnotiziario.net\/wp\/wp-json\/wp\/v2\/media?parent=203518"}],"wp:term":[{"taxonomy":"category","embeddable":true,"href":"https:\/\/www.ilnotiziario.net\/wp\/wp-json\/wp\/v2\/categories?post=203518"},{"taxonomy":"post_tag","embeddable":true,"href":"https:\/\/www.ilnotiziario.net\/wp\/wp-json\/wp\/v2\/tags?post=203518"}],"curies":[{"name":"wp","href":"https:\/\/api.w.org\/{rel}","templated":true}]}}