{"id":204081,"date":"2025-03-02T09:54:59","date_gmt":"2025-03-02T08:54:59","guid":{"rendered":"https:\/\/www.ilnotiziario.net\/wp\/?p=204081"},"modified":"2025-03-01T18:55:29","modified_gmt":"2025-03-01T17:55:29","slug":"bollate-villa-arconati-una-giornata-dedicata-alle-donne","status":"publish","type":"post","link":"https:\/\/www.ilnotiziario.net\/wp\/prima-pagina\/bollate-villa-arconati-una-giornata-dedicata-alle-donne\/","title":{"rendered":"Bollate, Villa Arconati: una giornata dedicata alle donne"},"content":{"rendered":"<p>Bollate, Villa Arconati: una giornata dedicata alle donne.<br \/>\nUna visita speciale a Villa Arconati venerd\u00ec 7 marzo in occasione della Festa della Donna, con un giorno di anticipo per via della coincidenza col Carnevale. Molte donne, in carne ed ossa, sono state essenziali per Villa Arconati, ma troppo spesso la loro storia si \u00e8 persa nelle nebbie del tempo\u2026<\/p><div id=\"ilnot-1876875228\" class=\"ilnot-contenuto ilnot-entity-placement\"><p><!-- incontent_1 --><\/p>\n<div class=\"gptslot\" data-adunitid=\"1\"><\/div>\n<\/div>\n<h2>Bollate, Villa Arconati: una giornata dedicata alle donne. Il loro ruolo nella storia<\/h2>\n<p>Di Villa Arconati si conoscono alcuni tra i proprietari pi\u00f9 illustri, primo fra tutti il conte Galeazzo Arconati. Pochi sanno, per\u00f2, che \u00e8 stato grazie alla dote di sua moglie, Anna De Capitaneis De Arconate, che \u00e8 stato acquistato il Castellazzo. Pochi sanno, inoltre, che per dimostrare la sua gratitudine verso la consorte, Galeazzo lasci\u00f2 in eredit\u00e0 la propriet\u00e0 alla figlia Maria, invece che al nipote Luigi Maria, nonch\u00e9 marito della figlia.<\/p>\n<p>\u00c8 stato, per\u00f2, tra la seconda met\u00e0 dell\u2019Ottocento e il Novecento che le donne sono state davvero cruciali per le sorti di Villa Arconati e del Castellazzo: Luisa Busca, pronipote del marchese Antonio, che aveva adottato lei e le sue cinque sorelline rimaste orfane in giovane et\u00e0, eredit\u00f2 il Castellazzo nel 1870 e fu la dama pi\u00f9 \u201clongeva\u201d del Castellazzo, mantenendo la propriet\u00e0 per ben 58 anni. Luisa, sposa del conte Pietro Sormani, partor\u00ec tutti i suoi figli a Castellazzo, e nel 1928 dopo alcuni problemi di salute, decise di venire proprio nella sua Castellazzo a passare i suoi ultimi giorni di vita. Un attaccamento, quello alla sua Villa, che la contessa Luisa trasmise anche alla sua secondogenita Giustina, sposa del marchese Vitaliano Crivelli, e che a sua volta fu trasmessa alla secondogenita di quest\u2019ultima, Beatrice Crivelli Binelli, l\u2019ultima proprietaria del Castellazzo, che qui visse fino al 1994.&nbsp;Venerd\u00ec 7 la Villa sar\u00e0 aperta per una visita speciale: ingresso 13 euro per gli uomini, ma per le donne tariffa speciale a 10 euro.<\/p><div id=\"ilnot-4230698837\" class=\"ilnot-contenuto_2 ilnot-entity-placement\"><div class=\"ads-wrapper\">\n<div class=\"ad-slot\">\n   <div id=\"ilnot-917453683\" style=\"margin-right: auto;margin-left: auto;text-align: center;width: 320px;height: 100px;\"><a href=\"https:\/\/www.scuolasicurezza.it\/\"><img decoding=\"async\" src=\"https:\/\/www.ilnotiziario.net\/wp\/wp-content\/uploads\/2026\/04\/IlNotiziario_banner-sito-e-newsletter-320-x-100-px-1.gif\" alt=\"\"><\/a><\/div>\n  <\/div>\n<div class=\"ad-slot\">\n   <div id=\"ilnot-2770880165\" style=\"margin-right: auto;margin-left: auto;text-align: center;width: 320px;height: 100px;\"><a href=\"https:\/\/purodesignarredamenti.com\/\"><img decoding=\"async\" src=\"https:\/\/www.ilnotiziario.net\/wp\/wp-content\/uploads\/2026\/04\/banner-puro-ok.gif\" alt=\"whatsapp\"><\/a><\/div><\/p><\/div>\n<\/div>\n<\/div>\n<h2>Bollate, Villa Arconati: una giornata dedicata alle donne e un&#8217;occasione per votarla tra \u201ci Luoghi del Cuore\u201d del Fai<\/h2>\n<p>Inoltre c\u2019\u00e8 tempo fino ad aprile 2025 per partecipare alla campagna \u201ci Luoghi del Cuore\u201d e votare Villa Arconati. Il programma nazionale \u00e8 promosso dal Fai, Fondo Ambiente Italiano, in collaborazione con Banca Intesa Sanpaolo e mira a valorizzare i luoghi italiani da non dimenticare. I primi 3 classificati nazionali riceveranno un contributo economico a fronte di un progetto concreto volto al recupero del bene, da concordare con il Fai. Votare non costa nulla ma \u00e8 molto importante per Villa Arconati. Superate le 2.500 preferenze, infatti, si potr\u00e0 accedere ad un bando che permetter\u00e0 di candidarsi per ottenere un contributo economico per un progetto di restauro o valorizzazione della Villa. Una grande occasione per far conoscere questa eccellenza bollatese ben oltre i confini della nostra citt\u00e0. Per votare (gratuitamente) basta inserire i dati necessari sul <a href=\"http:\/\/fondoambiente.it\">sito&nbsp;<\/a><\/p>\n","protected":false},"excerpt":{"rendered":"<p>Bollate, Villa Arconati: una giornata dedicata alle donne. Una visita speciale a Villa Arconati venerd\u00ec 7 marzo in occasione della Festa della Donna, con un giorno di anticipo per via della coincidenza col Carnevale. Molte donne, in carne ed ossa, sono state essenziali per Villa Arconati, ma troppo spesso la loro storia si \u00e8 persa<\/p>\n","protected":false},"author":14,"featured_media":204082,"comment_status":"closed","ping_status":"closed","sticky":false,"template":"","format":"standard","meta":{"footnotes":""},"categories":[8,20],"tags":[2099,606,9513,536],"class_list":{"0":"post-204081","1":"post","2":"type-post","3":"status-publish","4":"format-standard","5":"has-post-thumbnail","7":"category-bollatese","8":"category-prima-pagina","9":"tag-arconati","10":"tag-donne","11":"tag-giornata","12":"tag-villa"},"yoast_head":"<!-- This site is optimized with the Yoast SEO plugin v27.4 - https:\/\/yoast.com\/product\/yoast-seo-wordpress\/ -->\n<title>Bollate, Villa Arconati: una giornata dedicata alle donne - Il Notiziario<\/title>\n<meta name=\"description\" content=\"Bollate, Villa Arconati: una giornata dedicata alle donne. Una visita speciale a Villa Arconati venerd\u00ec 7 marzo in occasione della Festa della Donna, con\" \/>\n<meta name=\"robots\" content=\"index, follow, max-snippet:-1, max-image-preview:large, max-video-preview:-1\" \/>\n<link rel=\"canonical\" href=\"https:\/\/www.ilnotiziario.net\/wp\/prima-pagina\/bollate-villa-arconati-una-giornata-dedicata-alle-donne\/\" \/>\n<meta property=\"og:locale\" content=\"it_IT\" \/>\n<meta property=\"og:type\" content=\"article\" \/>\n<meta property=\"og:title\" content=\"Bollate, Villa Arconati: una giornata dedicata alle donne - Il Notiziario\" \/>\n<meta property=\"og:description\" content=\"Bollate, Villa Arconati: una giornata dedicata alle donne. Una visita speciale a Villa Arconati venerd\u00ec 7 marzo in occasione della Festa della Donna, con\" \/>\n<meta property=\"og:url\" content=\"https:\/\/www.ilnotiziario.net\/wp\/prima-pagina\/bollate-villa-arconati-una-giornata-dedicata-alle-donne\/\" \/>\n<meta property=\"og:site_name\" content=\"Il Notiziario\" \/>\n<meta property=\"article:publisher\" content=\"https:\/\/www.facebook.com\/ilnotiziarioind\/\" \/>\n<meta property=\"article:published_time\" content=\"2025-03-02T08:54:59+00:00\" \/>\n<meta property=\"og:image\" content=\"https:\/\/www.ilnotiziario.net\/wp\/wp-content\/uploads\/2025\/03\/Villa-Arconati-giornata-donne.jpg\" \/>\n\t<meta property=\"og:image:width\" content=\"701\" \/>\n\t<meta property=\"og:image:height\" content=\"501\" \/>\n\t<meta property=\"og:image:type\" content=\"image\/jpeg\" \/>\n<meta name=\"author\" content=\"Silvia Citterio\" \/>\n<meta name=\"twitter:card\" content=\"summary_large_image\" \/>\n<meta name=\"twitter:creator\" content=\"@ilNotiziarioInd\" \/>\n<meta name=\"twitter:site\" content=\"@ilNotiziarioInd\" \/>\n<meta name=\"twitter:label1\" content=\"Scritto da\" \/>\n\t<meta name=\"twitter:data1\" content=\"Silvia Citterio\" \/>\n\t<meta name=\"twitter:label2\" content=\"Tempo di lettura stimato\" \/>\n\t<meta name=\"twitter:data2\" content=\"3 minuti\" \/>\n<script type=\"application\/ld+json\" class=\"yoast-schema-graph\">{\"@context\":\"https:\\\/\\\/schema.org\",\"@graph\":[{\"@type\":\"Article\",\"@id\":\"https:\\\/\\\/www.ilnotiziario.net\\\/wp\\\/prima-pagina\\\/bollate-villa-arconati-una-giornata-dedicata-alle-donne\\\/#article\",\"isPartOf\":{\"@id\":\"https:\\\/\\\/www.ilnotiziario.net\\\/wp\\\/prima-pagina\\\/bollate-villa-arconati-una-giornata-dedicata-alle-donne\\\/\"},\"author\":{\"name\":\"Silvia Citterio\",\"@id\":\"https:\\\/\\\/www.ilnotiziario.net\\\/wp\\\/#\\\/schema\\\/person\\\/c5bca2edc3d99d29959f04a6126f687b\"},\"headline\":\"Bollate, Villa Arconati: una giornata dedicata alle donne\",\"datePublished\":\"2025-03-02T08:54:59+00:00\",\"mainEntityOfPage\":{\"@id\":\"https:\\\/\\\/www.ilnotiziario.net\\\/wp\\\/prima-pagina\\\/bollate-villa-arconati-una-giornata-dedicata-alle-donne\\\/\"},\"wordCount\":469,\"publisher\":{\"@id\":\"https:\\\/\\\/www.ilnotiziario.net\\\/wp\\\/#organization\"},\"image\":{\"@id\":\"https:\\\/\\\/www.ilnotiziario.net\\\/wp\\\/prima-pagina\\\/bollate-villa-arconati-una-giornata-dedicata-alle-donne\\\/#primaryimage\"},\"thumbnailUrl\":\"https:\\\/\\\/www.ilnotiziario.net\\\/wp\\\/wp-content\\\/uploads\\\/2025\\\/03\\\/Villa-Arconati-giornata-donne.jpg\",\"keywords\":[\"Arconati\",\"donne\",\"giornata\",\"villa\"],\"articleSection\":[\"BOLLATESE\",\"Prima Pagina\"],\"inLanguage\":\"it-IT\"},{\"@type\":\"WebPage\",\"@id\":\"https:\\\/\\\/www.ilnotiziario.net\\\/wp\\\/prima-pagina\\\/bollate-villa-arconati-una-giornata-dedicata-alle-donne\\\/\",\"url\":\"https:\\\/\\\/www.ilnotiziario.net\\\/wp\\\/prima-pagina\\\/bollate-villa-arconati-una-giornata-dedicata-alle-donne\\\/\",\"name\":\"Bollate, Villa Arconati: una giornata dedicata alle donne - Il Notiziario\",\"isPartOf\":{\"@id\":\"https:\\\/\\\/www.ilnotiziario.net\\\/wp\\\/#website\"},\"primaryImageOfPage\":{\"@id\":\"https:\\\/\\\/www.ilnotiziario.net\\\/wp\\\/prima-pagina\\\/bollate-villa-arconati-una-giornata-dedicata-alle-donne\\\/#primaryimage\"},\"image\":{\"@id\":\"https:\\\/\\\/www.ilnotiziario.net\\\/wp\\\/prima-pagina\\\/bollate-villa-arconati-una-giornata-dedicata-alle-donne\\\/#primaryimage\"},\"thumbnailUrl\":\"https:\\\/\\\/www.ilnotiziario.net\\\/wp\\\/wp-content\\\/uploads\\\/2025\\\/03\\\/Villa-Arconati-giornata-donne.jpg\",\"datePublished\":\"2025-03-02T08:54:59+00:00\",\"description\":\"Bollate, Villa Arconati: una giornata dedicata alle donne. Una visita speciale a Villa Arconati venerd\u00ec 7 marzo in occasione della Festa della Donna, con\",\"breadcrumb\":{\"@id\":\"https:\\\/\\\/www.ilnotiziario.net\\\/wp\\\/prima-pagina\\\/bollate-villa-arconati-una-giornata-dedicata-alle-donne\\\/#breadcrumb\"},\"inLanguage\":\"it-IT\",\"potentialAction\":[{\"@type\":\"ReadAction\",\"target\":[\"https:\\\/\\\/www.ilnotiziario.net\\\/wp\\\/prima-pagina\\\/bollate-villa-arconati-una-giornata-dedicata-alle-donne\\\/\"]}]},{\"@type\":\"ImageObject\",\"inLanguage\":\"it-IT\",\"@id\":\"https:\\\/\\\/www.ilnotiziario.net\\\/wp\\\/prima-pagina\\\/bollate-villa-arconati-una-giornata-dedicata-alle-donne\\\/#primaryimage\",\"url\":\"https:\\\/\\\/www.ilnotiziario.net\\\/wp\\\/wp-content\\\/uploads\\\/2025\\\/03\\\/Villa-Arconati-giornata-donne.jpg\",\"contentUrl\":\"https:\\\/\\\/www.ilnotiziario.net\\\/wp\\\/wp-content\\\/uploads\\\/2025\\\/03\\\/Villa-Arconati-giornata-donne.jpg\",\"width\":701,\"height\":501,\"caption\":\"Villa Arconati giornata donne\"},{\"@type\":\"BreadcrumbList\",\"@id\":\"https:\\\/\\\/www.ilnotiziario.net\\\/wp\\\/prima-pagina\\\/bollate-villa-arconati-una-giornata-dedicata-alle-donne\\\/#breadcrumb\",\"itemListElement\":[{\"@type\":\"ListItem\",\"position\":1,\"name\":\"tds_text_logo_tagline_colortds_text_logo_tagline_colortds_text_logo_tagline_colortds_text_logo_tagline_colortd_module_7_title_excerpttd_module_7_title_excerpttd_module_7_title_excerpttd_module_7_title_excerptHome\",\"item\":\"https:\\\/\\\/www.ilnotiziario.net\\\/wp\\\/\"},{\"@type\":\"ListItem\",\"position\":2,\"name\":\"Bollate, Villa Arconati: una giornata dedicata alle donne\"}]},{\"@type\":\"WebSite\",\"@id\":\"https:\\\/\\\/www.ilnotiziario.net\\\/wp\\\/#website\",\"url\":\"https:\\\/\\\/www.ilnotiziario.net\\\/wp\\\/\",\"name\":\"Il Notiziario\",\"description\":\"Per restare sempre connessi alla notizia\",\"publisher\":{\"@id\":\"https:\\\/\\\/www.ilnotiziario.net\\\/wp\\\/#organization\"},\"alternateName\":\"Il Notiziario Bollate\",\"potentialAction\":[{\"@type\":\"SearchAction\",\"target\":{\"@type\":\"EntryPoint\",\"urlTemplate\":\"https:\\\/\\\/www.ilnotiziario.net\\\/wp\\\/?s={search_term_string}\"},\"query-input\":{\"@type\":\"PropertyValueSpecification\",\"valueRequired\":true,\"valueName\":\"search_term_string\"}}],\"inLanguage\":\"it-IT\"},{\"@type\":\"Organization\",\"@id\":\"https:\\\/\\\/www.ilnotiziario.net\\\/wp\\\/#organization\",\"name\":\"Il Notiziario\",\"url\":\"https:\\\/\\\/www.ilnotiziario.net\\\/wp\\\/\",\"logo\":{\"@type\":\"ImageObject\",\"inLanguage\":\"it-IT\",\"@id\":\"https:\\\/\\\/www.ilnotiziario.net\\\/wp\\\/#\\\/schema\\\/logo\\\/image\\\/\",\"url\":\"https:\\\/\\\/www.ilnotiziario.net\\\/wp\\\/wp-content\\\/uploads\\\/2022\\\/06\\\/170x170ilN.png\",\"contentUrl\":\"https:\\\/\\\/www.ilnotiziario.net\\\/wp\\\/wp-content\\\/uploads\\\/2022\\\/06\\\/170x170ilN.png\",\"width\":355,\"height\":355,\"caption\":\"Il Notiziario\"},\"image\":{\"@id\":\"https:\\\/\\\/www.ilnotiziario.net\\\/wp\\\/#\\\/schema\\\/logo\\\/image\\\/\"},\"sameAs\":[\"https:\\\/\\\/www.facebook.com\\\/ilnotiziarioind\\\/\",\"https:\\\/\\\/x.com\\\/ilNotiziarioInd\",\"https:\\\/\\\/www.instagram.com\\\/ilnotiziario_settimanale\\\/\"]},{\"@type\":\"Person\",\"@id\":\"https:\\\/\\\/www.ilnotiziario.net\\\/wp\\\/#\\\/schema\\\/person\\\/c5bca2edc3d99d29959f04a6126f687b\",\"name\":\"Silvia Citterio\",\"image\":{\"@type\":\"ImageObject\",\"inLanguage\":\"it-IT\",\"@id\":\"https:\\\/\\\/secure.gravatar.com\\\/avatar\\\/03eb19c63b944e79a9b5ce53ca5d1ca303edcf368a68721ec3ccaae7f98c5afd?s=96&d=mm&r=g\",\"url\":\"https:\\\/\\\/secure.gravatar.com\\\/avatar\\\/03eb19c63b944e79a9b5ce53ca5d1ca303edcf368a68721ec3ccaae7f98c5afd?s=96&d=mm&r=g\",\"contentUrl\":\"https:\\\/\\\/secure.gravatar.com\\\/avatar\\\/03eb19c63b944e79a9b5ce53ca5d1ca303edcf368a68721ec3ccaae7f98c5afd?s=96&d=mm&r=g\",\"caption\":\"Silvia Citterio\"}}]}<\/script>\n<!-- \/ Yoast SEO plugin. -->","yoast_head_json":{"title":"Bollate, Villa Arconati: una giornata dedicata alle donne - Il Notiziario","description":"Bollate, Villa Arconati: una giornata dedicata alle donne. Una visita speciale a Villa Arconati venerd\u00ec 7 marzo in occasione della Festa della Donna, con","robots":{"index":"index","follow":"follow","max-snippet":"max-snippet:-1","max-image-preview":"max-image-preview:large","max-video-preview":"max-video-preview:-1"},"canonical":"https:\/\/www.ilnotiziario.net\/wp\/prima-pagina\/bollate-villa-arconati-una-giornata-dedicata-alle-donne\/","og_locale":"it_IT","og_type":"article","og_title":"Bollate, Villa Arconati: una giornata dedicata alle donne - Il Notiziario","og_description":"Bollate, Villa Arconati: una giornata dedicata alle donne. Una visita speciale a Villa Arconati venerd\u00ec 7 marzo in occasione della Festa della Donna, con","og_url":"https:\/\/www.ilnotiziario.net\/wp\/prima-pagina\/bollate-villa-arconati-una-giornata-dedicata-alle-donne\/","og_site_name":"Il Notiziario","article_publisher":"https:\/\/www.facebook.com\/ilnotiziarioind\/","article_published_time":"2025-03-02T08:54:59+00:00","og_image":[{"width":701,"height":501,"url":"https:\/\/www.ilnotiziario.net\/wp\/wp-content\/uploads\/2025\/03\/Villa-Arconati-giornata-donne.jpg","type":"image\/jpeg"}],"author":"Silvia Citterio","twitter_card":"summary_large_image","twitter_creator":"@ilNotiziarioInd","twitter_site":"@ilNotiziarioInd","twitter_misc":{"Scritto da":"Silvia Citterio","Tempo di lettura stimato":"3 minuti"},"schema":{"@context":"https:\/\/schema.org","@graph":[{"@type":"Article","@id":"https:\/\/www.ilnotiziario.net\/wp\/prima-pagina\/bollate-villa-arconati-una-giornata-dedicata-alle-donne\/#article","isPartOf":{"@id":"https:\/\/www.ilnotiziario.net\/wp\/prima-pagina\/bollate-villa-arconati-una-giornata-dedicata-alle-donne\/"},"author":{"name":"Silvia Citterio","@id":"https:\/\/www.ilnotiziario.net\/wp\/#\/schema\/person\/c5bca2edc3d99d29959f04a6126f687b"},"headline":"Bollate, Villa Arconati: una giornata dedicata alle donne","datePublished":"2025-03-02T08:54:59+00:00","mainEntityOfPage":{"@id":"https:\/\/www.ilnotiziario.net\/wp\/prima-pagina\/bollate-villa-arconati-una-giornata-dedicata-alle-donne\/"},"wordCount":469,"publisher":{"@id":"https:\/\/www.ilnotiziario.net\/wp\/#organization"},"image":{"@id":"https:\/\/www.ilnotiziario.net\/wp\/prima-pagina\/bollate-villa-arconati-una-giornata-dedicata-alle-donne\/#primaryimage"},"thumbnailUrl":"https:\/\/www.ilnotiziario.net\/wp\/wp-content\/uploads\/2025\/03\/Villa-Arconati-giornata-donne.jpg","keywords":["Arconati","donne","giornata","villa"],"articleSection":["BOLLATESE","Prima Pagina"],"inLanguage":"it-IT"},{"@type":"WebPage","@id":"https:\/\/www.ilnotiziario.net\/wp\/prima-pagina\/bollate-villa-arconati-una-giornata-dedicata-alle-donne\/","url":"https:\/\/www.ilnotiziario.net\/wp\/prima-pagina\/bollate-villa-arconati-una-giornata-dedicata-alle-donne\/","name":"Bollate, Villa Arconati: una giornata dedicata alle donne - Il Notiziario","isPartOf":{"@id":"https:\/\/www.ilnotiziario.net\/wp\/#website"},"primaryImageOfPage":{"@id":"https:\/\/www.ilnotiziario.net\/wp\/prima-pagina\/bollate-villa-arconati-una-giornata-dedicata-alle-donne\/#primaryimage"},"image":{"@id":"https:\/\/www.ilnotiziario.net\/wp\/prima-pagina\/bollate-villa-arconati-una-giornata-dedicata-alle-donne\/#primaryimage"},"thumbnailUrl":"https:\/\/www.ilnotiziario.net\/wp\/wp-content\/uploads\/2025\/03\/Villa-Arconati-giornata-donne.jpg","datePublished":"2025-03-02T08:54:59+00:00","description":"Bollate, Villa Arconati: una giornata dedicata alle donne. Una visita speciale a Villa Arconati venerd\u00ec 7 marzo in occasione della Festa della Donna, con","breadcrumb":{"@id":"https:\/\/www.ilnotiziario.net\/wp\/prima-pagina\/bollate-villa-arconati-una-giornata-dedicata-alle-donne\/#breadcrumb"},"inLanguage":"it-IT","potentialAction":[{"@type":"ReadAction","target":["https:\/\/www.ilnotiziario.net\/wp\/prima-pagina\/bollate-villa-arconati-una-giornata-dedicata-alle-donne\/"]}]},{"@type":"ImageObject","inLanguage":"it-IT","@id":"https:\/\/www.ilnotiziario.net\/wp\/prima-pagina\/bollate-villa-arconati-una-giornata-dedicata-alle-donne\/#primaryimage","url":"https:\/\/www.ilnotiziario.net\/wp\/wp-content\/uploads\/2025\/03\/Villa-Arconati-giornata-donne.jpg","contentUrl":"https:\/\/www.ilnotiziario.net\/wp\/wp-content\/uploads\/2025\/03\/Villa-Arconati-giornata-donne.jpg","width":701,"height":501,"caption":"Villa Arconati giornata donne"},{"@type":"BreadcrumbList","@id":"https:\/\/www.ilnotiziario.net\/wp\/prima-pagina\/bollate-villa-arconati-una-giornata-dedicata-alle-donne\/#breadcrumb","itemListElement":[{"@type":"ListItem","position":1,"name":"tds_text_logo_tagline_colortds_text_logo_tagline_colortds_text_logo_tagline_colortds_text_logo_tagline_colortd_module_7_title_excerpttd_module_7_title_excerpttd_module_7_title_excerpttd_module_7_title_excerptHome","item":"https:\/\/www.ilnotiziario.net\/wp\/"},{"@type":"ListItem","position":2,"name":"Bollate, Villa Arconati: una giornata dedicata alle donne"}]},{"@type":"WebSite","@id":"https:\/\/www.ilnotiziario.net\/wp\/#website","url":"https:\/\/www.ilnotiziario.net\/wp\/","name":"Il Notiziario","description":"Per restare sempre connessi alla notizia","publisher":{"@id":"https:\/\/www.ilnotiziario.net\/wp\/#organization"},"alternateName":"Il Notiziario Bollate","potentialAction":[{"@type":"SearchAction","target":{"@type":"EntryPoint","urlTemplate":"https:\/\/www.ilnotiziario.net\/wp\/?s={search_term_string}"},"query-input":{"@type":"PropertyValueSpecification","valueRequired":true,"valueName":"search_term_string"}}],"inLanguage":"it-IT"},{"@type":"Organization","@id":"https:\/\/www.ilnotiziario.net\/wp\/#organization","name":"Il Notiziario","url":"https:\/\/www.ilnotiziario.net\/wp\/","logo":{"@type":"ImageObject","inLanguage":"it-IT","@id":"https:\/\/www.ilnotiziario.net\/wp\/#\/schema\/logo\/image\/","url":"https:\/\/www.ilnotiziario.net\/wp\/wp-content\/uploads\/2022\/06\/170x170ilN.png","contentUrl":"https:\/\/www.ilnotiziario.net\/wp\/wp-content\/uploads\/2022\/06\/170x170ilN.png","width":355,"height":355,"caption":"Il Notiziario"},"image":{"@id":"https:\/\/www.ilnotiziario.net\/wp\/#\/schema\/logo\/image\/"},"sameAs":["https:\/\/www.facebook.com\/ilnotiziarioind\/","https:\/\/x.com\/ilNotiziarioInd","https:\/\/www.instagram.com\/ilnotiziario_settimanale\/"]},{"@type":"Person","@id":"https:\/\/www.ilnotiziario.net\/wp\/#\/schema\/person\/c5bca2edc3d99d29959f04a6126f687b","name":"Silvia Citterio","image":{"@type":"ImageObject","inLanguage":"it-IT","@id":"https:\/\/secure.gravatar.com\/avatar\/03eb19c63b944e79a9b5ce53ca5d1ca303edcf368a68721ec3ccaae7f98c5afd?s=96&d=mm&r=g","url":"https:\/\/secure.gravatar.com\/avatar\/03eb19c63b944e79a9b5ce53ca5d1ca303edcf368a68721ec3ccaae7f98c5afd?s=96&d=mm&r=g","contentUrl":"https:\/\/secure.gravatar.com\/avatar\/03eb19c63b944e79a9b5ce53ca5d1ca303edcf368a68721ec3ccaae7f98c5afd?s=96&d=mm&r=g","caption":"Silvia Citterio"}}]}},"_links":{"self":[{"href":"https:\/\/www.ilnotiziario.net\/wp\/wp-json\/wp\/v2\/posts\/204081","targetHints":{"allow":["GET"]}}],"collection":[{"href":"https:\/\/www.ilnotiziario.net\/wp\/wp-json\/wp\/v2\/posts"}],"about":[{"href":"https:\/\/www.ilnotiziario.net\/wp\/wp-json\/wp\/v2\/types\/post"}],"author":[{"embeddable":true,"href":"https:\/\/www.ilnotiziario.net\/wp\/wp-json\/wp\/v2\/users\/14"}],"replies":[{"embeddable":true,"href":"https:\/\/www.ilnotiziario.net\/wp\/wp-json\/wp\/v2\/comments?post=204081"}],"version-history":[{"count":0,"href":"https:\/\/www.ilnotiziario.net\/wp\/wp-json\/wp\/v2\/posts\/204081\/revisions"}],"wp:featuredmedia":[{"embeddable":true,"href":"https:\/\/www.ilnotiziario.net\/wp\/wp-json\/wp\/v2\/media\/204082"}],"wp:attachment":[{"href":"https:\/\/www.ilnotiziario.net\/wp\/wp-json\/wp\/v2\/media?parent=204081"}],"wp:term":[{"taxonomy":"category","embeddable":true,"href":"https:\/\/www.ilnotiziario.net\/wp\/wp-json\/wp\/v2\/categories?post=204081"},{"taxonomy":"post_tag","embeddable":true,"href":"https:\/\/www.ilnotiziario.net\/wp\/wp-json\/wp\/v2\/tags?post=204081"}],"curies":[{"name":"wp","href":"https:\/\/api.w.org\/{rel}","templated":true}]}}