{"id":204146,"date":"2025-03-04T12:33:38","date_gmt":"2025-03-04T11:33:38","guid":{"rendered":"https:\/\/www.ilnotiziario.net\/wp\/?p=204146"},"modified":"2025-03-04T12:34:06","modified_gmt":"2025-03-04T11:34:06","slug":"milano-meda-no-al-pedaggio-manifestazione-in-regione-lombardia-contro-pedemontana","status":"publish","type":"post","link":"https:\/\/www.ilnotiziario.net\/wp\/prima-pagina\/milano-meda-no-al-pedaggio-manifestazione-in-regione-lombardia-contro-pedemontana\/","title":{"rendered":"Milano-Meda, no al pedaggio: manifestazione in Regione Lombardia contro Pedemontana"},"content":{"rendered":"<p>No al pedaggio sulla Milano-Meda: protesta davanti alla sede di Regione Lombardia.<br \/>\nLe sezioni del Pd dei territori attraversati dalla Milano-Meda in Brianza, insieme a rappresentanti di comitati e cittadini hanno manifestato questa mattina davanti alla sede di Regione Lombardia per protestare contro l\u2019introduzione del pedaggio sulla Milano-Meda dopo che sar\u00e0 trasformata in Pedemontana.<\/p><div id=\"ilnot-2174368618\" class=\"ilnot-contenuto ilnot-entity-placement\"><p><!-- incontent_1 --><\/p>\n<div class=\"gptslot\" data-adunitid=\"1\"><\/div>\n<\/div>\n<h2>Manifestazione contro il pedaggio sulla Milano-Meda&nbsp;<\/h2>\n<p>Tra i promotori dell\u2019iniziativa, i consiglieri regionali Gigi Ponti e Angelo Orsenigo che nel pomeriggio presenteranno una mozione in consiglio regionale. Sono state raccolte anche 6000 firme contro il pedaggio, consegnate questa mattina al presidente del consiglio regionale, Federico Romani.<\/p>\n<p><em>\u201cOggi abbiamo dimostrato come il territorio sia contrario al pedaggio della Milano Meda. Voglio quindi ringraziare di cuore tutti i cittadini e le associazioni del territorio, che questa mattina hanno protestato sotto Palazzo Pirelli a sostegno della causa\u201d<\/em> -ha commentato Gigi Ponti.<\/p><div id=\"ilnot-2738227339\" class=\"ilnot-contenuto_2 ilnot-entity-placement\"><div class=\"ads-wrapper\">\n<div class=\"ad-slot\">\n   <div id=\"ilnot-3179768069\" style=\"margin-right: auto;margin-left: auto;text-align: center;width: 320px;height: 100px;\"><a href=\"https:\/\/www.scuolasicurezza.it\/\"><img decoding=\"async\" src=\"https:\/\/www.ilnotiziario.net\/wp\/wp-content\/uploads\/2026\/04\/IlNotiziario_banner-sito-e-newsletter-320-x-100-px-1.gif\" alt=\"\"><\/a><\/div>\n  <\/div>\n<div class=\"ad-slot\">\n   <div id=\"ilnot-1935784986\" style=\"float: right;width: 320px;height: 100px;\"><a href=\"https:\/\/cedamitalia.it\/\"><img decoding=\"async\" src=\"https:\/\/www.ilnotiziario.net\/wp\/wp-content\/uploads\/2026\/04\/banner_cedam_320x100_OK.gif\" alt=\"Cedam\"><\/a><\/div><\/p><\/div>\n<\/div>\n<\/div>\n<p><em>\u201cFar pagare una strada che \u00e8 sempre stata gratuita \u00e8 una scelta politica. Si parla di circa 100 euro al mese per andare a lavorare: \u00e8 una scelta inaccettabile.<\/em><br \/>\n<em>Per questo motivo oggi continueremo ad opporci a questa tassa iniqua anche in aula\u201d<\/em><\/p>\n","protected":false},"excerpt":{"rendered":"<p>No al pedaggio sulla Milano-Meda: protesta davanti alla sede di Regione Lombardia. Le sezioni del Pd dei territori attraversati dalla Milano-Meda in Brianza, insieme a rappresentanti di comitati e cittadini hanno manifestato questa mattina davanti alla sede di Regione Lombardia per protestare contro l\u2019introduzione del pedaggio sulla Milano-Meda dopo che sar\u00e0 trasformata in Pedemontana. Manifestazione<\/p>\n","protected":false},"author":3,"featured_media":204147,"comment_status":"closed","ping_status":"closed","sticky":false,"template":"","format":"standard","meta":{"footnotes":""},"categories":[9,11,20],"tags":[96,2513,77,54],"class_list":{"0":"post-204146","1":"post","2":"type-post","3":"status-publish","4":"format-standard","5":"has-post-thumbnail","7":"category-brianza","8":"category-nord-milano","9":"category-prima-pagina","10":"tag-milano-meda","11":"tag-pedaggio","12":"tag-pedemontana","13":"tag-regione-lombardia"},"yoast_head":"<!-- This site is optimized with the Yoast SEO plugin v27.4 - https:\/\/yoast.com\/product\/yoast-seo-wordpress\/ -->\n<title>Milano-Meda, no al pedaggio: manifestazione in Regione Lombardia contro Pedemontana - Il Notiziario<\/title>\n<meta name=\"description\" content=\"No al pedaggio sulla Milano-Meda: protesta davanti alla sede di Regione Lombardia. Le sezioni del Pd dei territori attraversati dalla Milano-Meda in\" \/>\n<meta name=\"robots\" content=\"index, follow, max-snippet:-1, max-image-preview:large, max-video-preview:-1\" \/>\n<link rel=\"canonical\" href=\"https:\/\/www.ilnotiziario.net\/wp\/prima-pagina\/milano-meda-no-al-pedaggio-manifestazione-in-regione-lombardia-contro-pedemontana\/\" \/>\n<meta property=\"og:locale\" content=\"it_IT\" \/>\n<meta property=\"og:type\" content=\"article\" \/>\n<meta property=\"og:title\" content=\"Milano-Meda, no al pedaggio: manifestazione in Regione Lombardia contro Pedemontana - Il Notiziario\" \/>\n<meta property=\"og:description\" content=\"No al pedaggio sulla Milano-Meda: protesta davanti alla sede di Regione Lombardia. Le sezioni del Pd dei territori attraversati dalla Milano-Meda in\" \/>\n<meta property=\"og:url\" content=\"https:\/\/www.ilnotiziario.net\/wp\/prima-pagina\/milano-meda-no-al-pedaggio-manifestazione-in-regione-lombardia-contro-pedemontana\/\" \/>\n<meta property=\"og:site_name\" content=\"Il Notiziario\" \/>\n<meta property=\"article:publisher\" content=\"https:\/\/www.facebook.com\/ilnotiziarioind\/\" \/>\n<meta property=\"article:published_time\" content=\"2025-03-04T11:33:38+00:00\" \/>\n<meta property=\"article:modified_time\" content=\"2025-03-04T11:34:06+00:00\" \/>\n<meta property=\"og:image\" content=\"https:\/\/www.ilnotiziario.net\/wp\/wp-content\/uploads\/2025\/03\/No-Pedaggio-Mi.Meda_.jpg\" \/>\n\t<meta property=\"og:image:width\" content=\"2048\" \/>\n\t<meta property=\"og:image:height\" content=\"1366\" \/>\n\t<meta property=\"og:image:type\" content=\"image\/jpeg\" \/>\n<meta name=\"author\" content=\"Gabriele Bassani\" \/>\n<meta name=\"twitter:card\" content=\"summary_large_image\" \/>\n<meta name=\"twitter:creator\" content=\"@ilNotiziarioInd\" \/>\n<meta name=\"twitter:site\" content=\"@ilNotiziarioInd\" \/>\n<meta name=\"twitter:label1\" content=\"Scritto da\" \/>\n\t<meta name=\"twitter:data1\" content=\"Gabriele Bassani\" \/>\n\t<meta name=\"twitter:label2\" content=\"Tempo di lettura stimato\" \/>\n\t<meta name=\"twitter:data2\" content=\"2 minuti\" \/>\n<script type=\"application\/ld+json\" class=\"yoast-schema-graph\">{\"@context\":\"https:\\\/\\\/schema.org\",\"@graph\":[{\"@type\":\"Article\",\"@id\":\"https:\\\/\\\/www.ilnotiziario.net\\\/wp\\\/prima-pagina\\\/milano-meda-no-al-pedaggio-manifestazione-in-regione-lombardia-contro-pedemontana\\\/#article\",\"isPartOf\":{\"@id\":\"https:\\\/\\\/www.ilnotiziario.net\\\/wp\\\/prima-pagina\\\/milano-meda-no-al-pedaggio-manifestazione-in-regione-lombardia-contro-pedemontana\\\/\"},\"author\":{\"name\":\"Gabriele Bassani\",\"@id\":\"https:\\\/\\\/www.ilnotiziario.net\\\/wp\\\/#\\\/schema\\\/person\\\/386e222908f898bb41c033989482bbf2\"},\"headline\":\"Milano-Meda, no al pedaggio: manifestazione in Regione Lombardia contro Pedemontana\",\"datePublished\":\"2025-03-04T11:33:38+00:00\",\"dateModified\":\"2025-03-04T11:34:06+00:00\",\"mainEntityOfPage\":{\"@id\":\"https:\\\/\\\/www.ilnotiziario.net\\\/wp\\\/prima-pagina\\\/milano-meda-no-al-pedaggio-manifestazione-in-regione-lombardia-contro-pedemontana\\\/\"},\"wordCount\":193,\"publisher\":{\"@id\":\"https:\\\/\\\/www.ilnotiziario.net\\\/wp\\\/#organization\"},\"image\":{\"@id\":\"https:\\\/\\\/www.ilnotiziario.net\\\/wp\\\/prima-pagina\\\/milano-meda-no-al-pedaggio-manifestazione-in-regione-lombardia-contro-pedemontana\\\/#primaryimage\"},\"thumbnailUrl\":\"https:\\\/\\\/www.ilnotiziario.net\\\/wp\\\/wp-content\\\/uploads\\\/2025\\\/03\\\/No-Pedaggio-Mi.Meda_.jpg\",\"keywords\":[\"Milano-Meda\",\"pedaggio\",\"Pedemontana\",\"Regione Lombardia\"],\"articleSection\":[\"BRIANZA\",\"NORD MILANO\",\"Prima Pagina\"],\"inLanguage\":\"it-IT\"},{\"@type\":\"WebPage\",\"@id\":\"https:\\\/\\\/www.ilnotiziario.net\\\/wp\\\/prima-pagina\\\/milano-meda-no-al-pedaggio-manifestazione-in-regione-lombardia-contro-pedemontana\\\/\",\"url\":\"https:\\\/\\\/www.ilnotiziario.net\\\/wp\\\/prima-pagina\\\/milano-meda-no-al-pedaggio-manifestazione-in-regione-lombardia-contro-pedemontana\\\/\",\"name\":\"Milano-Meda, no al pedaggio: manifestazione in Regione Lombardia contro Pedemontana - Il Notiziario\",\"isPartOf\":{\"@id\":\"https:\\\/\\\/www.ilnotiziario.net\\\/wp\\\/#website\"},\"primaryImageOfPage\":{\"@id\":\"https:\\\/\\\/www.ilnotiziario.net\\\/wp\\\/prima-pagina\\\/milano-meda-no-al-pedaggio-manifestazione-in-regione-lombardia-contro-pedemontana\\\/#primaryimage\"},\"image\":{\"@id\":\"https:\\\/\\\/www.ilnotiziario.net\\\/wp\\\/prima-pagina\\\/milano-meda-no-al-pedaggio-manifestazione-in-regione-lombardia-contro-pedemontana\\\/#primaryimage\"},\"thumbnailUrl\":\"https:\\\/\\\/www.ilnotiziario.net\\\/wp\\\/wp-content\\\/uploads\\\/2025\\\/03\\\/No-Pedaggio-Mi.Meda_.jpg\",\"datePublished\":\"2025-03-04T11:33:38+00:00\",\"dateModified\":\"2025-03-04T11:34:06+00:00\",\"description\":\"No al pedaggio sulla Milano-Meda: protesta davanti alla sede di Regione Lombardia. Le sezioni del Pd dei territori attraversati dalla Milano-Meda in\",\"breadcrumb\":{\"@id\":\"https:\\\/\\\/www.ilnotiziario.net\\\/wp\\\/prima-pagina\\\/milano-meda-no-al-pedaggio-manifestazione-in-regione-lombardia-contro-pedemontana\\\/#breadcrumb\"},\"inLanguage\":\"it-IT\",\"potentialAction\":[{\"@type\":\"ReadAction\",\"target\":[\"https:\\\/\\\/www.ilnotiziario.net\\\/wp\\\/prima-pagina\\\/milano-meda-no-al-pedaggio-manifestazione-in-regione-lombardia-contro-pedemontana\\\/\"]}]},{\"@type\":\"ImageObject\",\"inLanguage\":\"it-IT\",\"@id\":\"https:\\\/\\\/www.ilnotiziario.net\\\/wp\\\/prima-pagina\\\/milano-meda-no-al-pedaggio-manifestazione-in-regione-lombardia-contro-pedemontana\\\/#primaryimage\",\"url\":\"https:\\\/\\\/www.ilnotiziario.net\\\/wp\\\/wp-content\\\/uploads\\\/2025\\\/03\\\/No-Pedaggio-Mi.Meda_.jpg\",\"contentUrl\":\"https:\\\/\\\/www.ilnotiziario.net\\\/wp\\\/wp-content\\\/uploads\\\/2025\\\/03\\\/No-Pedaggio-Mi.Meda_.jpg\",\"width\":2048,\"height\":1366,\"caption\":\"No pedaggio milano-meda\"},{\"@type\":\"BreadcrumbList\",\"@id\":\"https:\\\/\\\/www.ilnotiziario.net\\\/wp\\\/prima-pagina\\\/milano-meda-no-al-pedaggio-manifestazione-in-regione-lombardia-contro-pedemontana\\\/#breadcrumb\",\"itemListElement\":[{\"@type\":\"ListItem\",\"position\":1,\"name\":\"tds_text_logo_tagline_colortds_text_logo_tagline_colortds_text_logo_tagline_colortds_text_logo_tagline_colortd_module_7_title_excerpttd_module_7_title_excerpttd_module_7_title_excerpttd_module_7_title_excerptHome\",\"item\":\"https:\\\/\\\/www.ilnotiziario.net\\\/wp\\\/\"},{\"@type\":\"ListItem\",\"position\":2,\"name\":\"Milano-Meda, no al pedaggio: manifestazione in Regione Lombardia contro Pedemontana\"}]},{\"@type\":\"WebSite\",\"@id\":\"https:\\\/\\\/www.ilnotiziario.net\\\/wp\\\/#website\",\"url\":\"https:\\\/\\\/www.ilnotiziario.net\\\/wp\\\/\",\"name\":\"Il Notiziario\",\"description\":\"Per restare sempre connessi alla notizia\",\"publisher\":{\"@id\":\"https:\\\/\\\/www.ilnotiziario.net\\\/wp\\\/#organization\"},\"alternateName\":\"Il Notiziario Bollate\",\"potentialAction\":[{\"@type\":\"SearchAction\",\"target\":{\"@type\":\"EntryPoint\",\"urlTemplate\":\"https:\\\/\\\/www.ilnotiziario.net\\\/wp\\\/?s={search_term_string}\"},\"query-input\":{\"@type\":\"PropertyValueSpecification\",\"valueRequired\":true,\"valueName\":\"search_term_string\"}}],\"inLanguage\":\"it-IT\"},{\"@type\":\"Organization\",\"@id\":\"https:\\\/\\\/www.ilnotiziario.net\\\/wp\\\/#organization\",\"name\":\"Il Notiziario\",\"url\":\"https:\\\/\\\/www.ilnotiziario.net\\\/wp\\\/\",\"logo\":{\"@type\":\"ImageObject\",\"inLanguage\":\"it-IT\",\"@id\":\"https:\\\/\\\/www.ilnotiziario.net\\\/wp\\\/#\\\/schema\\\/logo\\\/image\\\/\",\"url\":\"https:\\\/\\\/www.ilnotiziario.net\\\/wp\\\/wp-content\\\/uploads\\\/2022\\\/06\\\/170x170ilN.png\",\"contentUrl\":\"https:\\\/\\\/www.ilnotiziario.net\\\/wp\\\/wp-content\\\/uploads\\\/2022\\\/06\\\/170x170ilN.png\",\"width\":355,\"height\":355,\"caption\":\"Il Notiziario\"},\"image\":{\"@id\":\"https:\\\/\\\/www.ilnotiziario.net\\\/wp\\\/#\\\/schema\\\/logo\\\/image\\\/\"},\"sameAs\":[\"https:\\\/\\\/www.facebook.com\\\/ilnotiziarioind\\\/\",\"https:\\\/\\\/x.com\\\/ilNotiziarioInd\",\"https:\\\/\\\/www.instagram.com\\\/ilnotiziario_settimanale\\\/\"]},{\"@type\":\"Person\",\"@id\":\"https:\\\/\\\/www.ilnotiziario.net\\\/wp\\\/#\\\/schema\\\/person\\\/386e222908f898bb41c033989482bbf2\",\"name\":\"Gabriele Bassani\",\"image\":{\"@type\":\"ImageObject\",\"inLanguage\":\"it-IT\",\"@id\":\"https:\\\/\\\/secure.gravatar.com\\\/avatar\\\/09274f4a84fa97698bde56f84b3afed61c8492d48b0550db9671b68c177479cb?s=96&d=mm&r=g\",\"url\":\"https:\\\/\\\/secure.gravatar.com\\\/avatar\\\/09274f4a84fa97698bde56f84b3afed61c8492d48b0550db9671b68c177479cb?s=96&d=mm&r=g\",\"contentUrl\":\"https:\\\/\\\/secure.gravatar.com\\\/avatar\\\/09274f4a84fa97698bde56f84b3afed61c8492d48b0550db9671b68c177479cb?s=96&d=mm&r=g\",\"caption\":\"Gabriele Bassani\"},\"sameAs\":[\"http:\\\/\\\/www.ilnotiziario.net\"]}]}<\/script>\n<!-- \/ Yoast SEO plugin. -->","yoast_head_json":{"title":"Milano-Meda, no al pedaggio: manifestazione in Regione Lombardia contro Pedemontana - Il Notiziario","description":"No al pedaggio sulla Milano-Meda: protesta davanti alla sede di Regione Lombardia. Le sezioni del Pd dei territori attraversati dalla Milano-Meda in","robots":{"index":"index","follow":"follow","max-snippet":"max-snippet:-1","max-image-preview":"max-image-preview:large","max-video-preview":"max-video-preview:-1"},"canonical":"https:\/\/www.ilnotiziario.net\/wp\/prima-pagina\/milano-meda-no-al-pedaggio-manifestazione-in-regione-lombardia-contro-pedemontana\/","og_locale":"it_IT","og_type":"article","og_title":"Milano-Meda, no al pedaggio: manifestazione in Regione Lombardia contro Pedemontana - Il Notiziario","og_description":"No al pedaggio sulla Milano-Meda: protesta davanti alla sede di Regione Lombardia. Le sezioni del Pd dei territori attraversati dalla Milano-Meda in","og_url":"https:\/\/www.ilnotiziario.net\/wp\/prima-pagina\/milano-meda-no-al-pedaggio-manifestazione-in-regione-lombardia-contro-pedemontana\/","og_site_name":"Il Notiziario","article_publisher":"https:\/\/www.facebook.com\/ilnotiziarioind\/","article_published_time":"2025-03-04T11:33:38+00:00","article_modified_time":"2025-03-04T11:34:06+00:00","og_image":[{"width":2048,"height":1366,"url":"https:\/\/www.ilnotiziario.net\/wp\/wp-content\/uploads\/2025\/03\/No-Pedaggio-Mi.Meda_.jpg","type":"image\/jpeg"}],"author":"Gabriele Bassani","twitter_card":"summary_large_image","twitter_creator":"@ilNotiziarioInd","twitter_site":"@ilNotiziarioInd","twitter_misc":{"Scritto da":"Gabriele Bassani","Tempo di lettura stimato":"2 minuti"},"schema":{"@context":"https:\/\/schema.org","@graph":[{"@type":"Article","@id":"https:\/\/www.ilnotiziario.net\/wp\/prima-pagina\/milano-meda-no-al-pedaggio-manifestazione-in-regione-lombardia-contro-pedemontana\/#article","isPartOf":{"@id":"https:\/\/www.ilnotiziario.net\/wp\/prima-pagina\/milano-meda-no-al-pedaggio-manifestazione-in-regione-lombardia-contro-pedemontana\/"},"author":{"name":"Gabriele Bassani","@id":"https:\/\/www.ilnotiziario.net\/wp\/#\/schema\/person\/386e222908f898bb41c033989482bbf2"},"headline":"Milano-Meda, no al pedaggio: manifestazione in Regione Lombardia contro Pedemontana","datePublished":"2025-03-04T11:33:38+00:00","dateModified":"2025-03-04T11:34:06+00:00","mainEntityOfPage":{"@id":"https:\/\/www.ilnotiziario.net\/wp\/prima-pagina\/milano-meda-no-al-pedaggio-manifestazione-in-regione-lombardia-contro-pedemontana\/"},"wordCount":193,"publisher":{"@id":"https:\/\/www.ilnotiziario.net\/wp\/#organization"},"image":{"@id":"https:\/\/www.ilnotiziario.net\/wp\/prima-pagina\/milano-meda-no-al-pedaggio-manifestazione-in-regione-lombardia-contro-pedemontana\/#primaryimage"},"thumbnailUrl":"https:\/\/www.ilnotiziario.net\/wp\/wp-content\/uploads\/2025\/03\/No-Pedaggio-Mi.Meda_.jpg","keywords":["Milano-Meda","pedaggio","Pedemontana","Regione Lombardia"],"articleSection":["BRIANZA","NORD MILANO","Prima Pagina"],"inLanguage":"it-IT"},{"@type":"WebPage","@id":"https:\/\/www.ilnotiziario.net\/wp\/prima-pagina\/milano-meda-no-al-pedaggio-manifestazione-in-regione-lombardia-contro-pedemontana\/","url":"https:\/\/www.ilnotiziario.net\/wp\/prima-pagina\/milano-meda-no-al-pedaggio-manifestazione-in-regione-lombardia-contro-pedemontana\/","name":"Milano-Meda, no al pedaggio: manifestazione in Regione Lombardia contro Pedemontana - Il Notiziario","isPartOf":{"@id":"https:\/\/www.ilnotiziario.net\/wp\/#website"},"primaryImageOfPage":{"@id":"https:\/\/www.ilnotiziario.net\/wp\/prima-pagina\/milano-meda-no-al-pedaggio-manifestazione-in-regione-lombardia-contro-pedemontana\/#primaryimage"},"image":{"@id":"https:\/\/www.ilnotiziario.net\/wp\/prima-pagina\/milano-meda-no-al-pedaggio-manifestazione-in-regione-lombardia-contro-pedemontana\/#primaryimage"},"thumbnailUrl":"https:\/\/www.ilnotiziario.net\/wp\/wp-content\/uploads\/2025\/03\/No-Pedaggio-Mi.Meda_.jpg","datePublished":"2025-03-04T11:33:38+00:00","dateModified":"2025-03-04T11:34:06+00:00","description":"No al pedaggio sulla Milano-Meda: protesta davanti alla sede di Regione Lombardia. Le sezioni del Pd dei territori attraversati dalla Milano-Meda in","breadcrumb":{"@id":"https:\/\/www.ilnotiziario.net\/wp\/prima-pagina\/milano-meda-no-al-pedaggio-manifestazione-in-regione-lombardia-contro-pedemontana\/#breadcrumb"},"inLanguage":"it-IT","potentialAction":[{"@type":"ReadAction","target":["https:\/\/www.ilnotiziario.net\/wp\/prima-pagina\/milano-meda-no-al-pedaggio-manifestazione-in-regione-lombardia-contro-pedemontana\/"]}]},{"@type":"ImageObject","inLanguage":"it-IT","@id":"https:\/\/www.ilnotiziario.net\/wp\/prima-pagina\/milano-meda-no-al-pedaggio-manifestazione-in-regione-lombardia-contro-pedemontana\/#primaryimage","url":"https:\/\/www.ilnotiziario.net\/wp\/wp-content\/uploads\/2025\/03\/No-Pedaggio-Mi.Meda_.jpg","contentUrl":"https:\/\/www.ilnotiziario.net\/wp\/wp-content\/uploads\/2025\/03\/No-Pedaggio-Mi.Meda_.jpg","width":2048,"height":1366,"caption":"No pedaggio milano-meda"},{"@type":"BreadcrumbList","@id":"https:\/\/www.ilnotiziario.net\/wp\/prima-pagina\/milano-meda-no-al-pedaggio-manifestazione-in-regione-lombardia-contro-pedemontana\/#breadcrumb","itemListElement":[{"@type":"ListItem","position":1,"name":"tds_text_logo_tagline_colortds_text_logo_tagline_colortds_text_logo_tagline_colortds_text_logo_tagline_colortd_module_7_title_excerpttd_module_7_title_excerpttd_module_7_title_excerpttd_module_7_title_excerptHome","item":"https:\/\/www.ilnotiziario.net\/wp\/"},{"@type":"ListItem","position":2,"name":"Milano-Meda, no al pedaggio: manifestazione in Regione Lombardia contro Pedemontana"}]},{"@type":"WebSite","@id":"https:\/\/www.ilnotiziario.net\/wp\/#website","url":"https:\/\/www.ilnotiziario.net\/wp\/","name":"Il Notiziario","description":"Per restare sempre connessi alla notizia","publisher":{"@id":"https:\/\/www.ilnotiziario.net\/wp\/#organization"},"alternateName":"Il Notiziario Bollate","potentialAction":[{"@type":"SearchAction","target":{"@type":"EntryPoint","urlTemplate":"https:\/\/www.ilnotiziario.net\/wp\/?s={search_term_string}"},"query-input":{"@type":"PropertyValueSpecification","valueRequired":true,"valueName":"search_term_string"}}],"inLanguage":"it-IT"},{"@type":"Organization","@id":"https:\/\/www.ilnotiziario.net\/wp\/#organization","name":"Il Notiziario","url":"https:\/\/www.ilnotiziario.net\/wp\/","logo":{"@type":"ImageObject","inLanguage":"it-IT","@id":"https:\/\/www.ilnotiziario.net\/wp\/#\/schema\/logo\/image\/","url":"https:\/\/www.ilnotiziario.net\/wp\/wp-content\/uploads\/2022\/06\/170x170ilN.png","contentUrl":"https:\/\/www.ilnotiziario.net\/wp\/wp-content\/uploads\/2022\/06\/170x170ilN.png","width":355,"height":355,"caption":"Il Notiziario"},"image":{"@id":"https:\/\/www.ilnotiziario.net\/wp\/#\/schema\/logo\/image\/"},"sameAs":["https:\/\/www.facebook.com\/ilnotiziarioind\/","https:\/\/x.com\/ilNotiziarioInd","https:\/\/www.instagram.com\/ilnotiziario_settimanale\/"]},{"@type":"Person","@id":"https:\/\/www.ilnotiziario.net\/wp\/#\/schema\/person\/386e222908f898bb41c033989482bbf2","name":"Gabriele Bassani","image":{"@type":"ImageObject","inLanguage":"it-IT","@id":"https:\/\/secure.gravatar.com\/avatar\/09274f4a84fa97698bde56f84b3afed61c8492d48b0550db9671b68c177479cb?s=96&d=mm&r=g","url":"https:\/\/secure.gravatar.com\/avatar\/09274f4a84fa97698bde56f84b3afed61c8492d48b0550db9671b68c177479cb?s=96&d=mm&r=g","contentUrl":"https:\/\/secure.gravatar.com\/avatar\/09274f4a84fa97698bde56f84b3afed61c8492d48b0550db9671b68c177479cb?s=96&d=mm&r=g","caption":"Gabriele Bassani"},"sameAs":["http:\/\/www.ilnotiziario.net"]}]}},"_links":{"self":[{"href":"https:\/\/www.ilnotiziario.net\/wp\/wp-json\/wp\/v2\/posts\/204146","targetHints":{"allow":["GET"]}}],"collection":[{"href":"https:\/\/www.ilnotiziario.net\/wp\/wp-json\/wp\/v2\/posts"}],"about":[{"href":"https:\/\/www.ilnotiziario.net\/wp\/wp-json\/wp\/v2\/types\/post"}],"author":[{"embeddable":true,"href":"https:\/\/www.ilnotiziario.net\/wp\/wp-json\/wp\/v2\/users\/3"}],"replies":[{"embeddable":true,"href":"https:\/\/www.ilnotiziario.net\/wp\/wp-json\/wp\/v2\/comments?post=204146"}],"version-history":[{"count":0,"href":"https:\/\/www.ilnotiziario.net\/wp\/wp-json\/wp\/v2\/posts\/204146\/revisions"}],"wp:featuredmedia":[{"embeddable":true,"href":"https:\/\/www.ilnotiziario.net\/wp\/wp-json\/wp\/v2\/media\/204147"}],"wp:attachment":[{"href":"https:\/\/www.ilnotiziario.net\/wp\/wp-json\/wp\/v2\/media?parent=204146"}],"wp:term":[{"taxonomy":"category","embeddable":true,"href":"https:\/\/www.ilnotiziario.net\/wp\/wp-json\/wp\/v2\/categories?post=204146"},{"taxonomy":"post_tag","embeddable":true,"href":"https:\/\/www.ilnotiziario.net\/wp\/wp-json\/wp\/v2\/tags?post=204146"}],"curies":[{"name":"wp","href":"https:\/\/api.w.org\/{rel}","templated":true}]}}