{"id":204249,"date":"2025-03-07T16:00:47","date_gmt":"2025-03-07T15:00:47","guid":{"rendered":"https:\/\/www.ilnotiziario.net\/wp\/?p=204249"},"modified":"2025-03-07T16:00:47","modified_gmt":"2025-03-07T15:00:47","slug":"eventi-week-end-tiene-banco-il-carnevale-con-sfilate-di-carri-e-mascherine-e-tanti-spettacoli","status":"publish","type":"post","link":"https:\/\/www.ilnotiziario.net\/wp\/prima-pagina\/eventi-week-end-tiene-banco-il-carnevale-con-sfilate-di-carri-e-mascherine-e-tanti-spettacoli\/","title":{"rendered":"Eventi week-end: tiene banco il Carnevale con sfilate di carri e mascherine e tanti spettacoli"},"content":{"rendered":"<p>Questo fine settimana si celebrano sia il Carnevale &#8211; quest&#8217;anno il sabato grasso per il rito ambrosiano cade l&#8217;8 marzo &#8211; sia la Festa della Donna. Numerosissimi soprattutto gli eventi organizzati sul territorio per festeggiare il Carnevale, tra sfilate di carri e mascherine, musica e animazione. Ma sono presenti anche alcune iniziative per festeggiare le Donne. Di seguito ecco una selezione di appuntamenti:<\/p><div id=\"ilnot-1049256294\" class=\"ilnot-contenuto ilnot-entity-placement\"><p><!-- incontent_1 --><\/p>\n<div class=\"gptslot\" data-adunitid=\"1\"><\/div>\n<\/div>\n<h2>SARONNO \u2013 Carnevale: al via due giorni di magia<\/h2>\n<p>Il Carnevale saronnese si prepara a regalare due giorni di festa tra colori, spettacoli e divertimento per tutte le et\u00e0. Un\u2019occasione speciale per vivere la magia di maschere, carri e animazione nel cuore della citt\u00e0. Si parte venerd\u00ec 7 marzo con il concorso \u201cLe pi\u00f9 belle mascherine\u201d, un appuntamento imperdibile per i pi\u00f9 piccoli, che avranno l\u2019opportunit\u00e0 di sfoggiare i loro travestimenti nel suggestivo Giardino di Villa Gianetti, in via Roma 20. Le iscrizioni saranno aperte dalle 14.30, mentre l\u2019inizio ufficiale dell\u2019evento \u00e8 fissato per le 15.30. Oltre alla sfilata dei bambini in costume, il pomeriggio sar\u00e0 arricchito da uno spettacolo di bolle giganti curato dalla Proloco Saronno, capace di incantare grandi e piccini con giochi di luce e trasparenze. Un momento di pura fantasia che trasporter\u00e0<br \/>\nil pubblico in un\u2019atmosfera fiabesca.<\/p>\n<p>L\u2019apice della festa sar\u00e0 sabato 8 marzo con l\u2019attesissima sfilata a tema \u201cIl Circo e i Pagliacci\u201d. Dalle 14.30 il centro cittadino si trasformer\u00e0 in un grande palcoscenico a cielo aperto, animato da carri allegorici, trampolieri, spettacoli di strada e musica dal vivo. Il corteo partir\u00e0 da via Carlo Porta per snodarsi lungo le vie principali di Saronno, accompagnato dall\u2019energia e dalla creativit\u00e0 delle associazioni locali, per poi concludersi in piazza Libert\u00e0. Qui la festa proseguir\u00e0 tra esibizioni e animazioni, regalando a tutti i presenti un pomeriggio di allegria e spensieratezza. Il Carnevale rappresenta un momento di aggregazione e gioia, in cui la citt\u00e0 si colora di sorrisi e fantasia. Due giorni da vivere tra stupore e divertimento, per immergersi nella magia di una festa davvero coinvolgente.<\/p><div id=\"ilnot-2570986863\" class=\"ilnot-contenuto_2 ilnot-entity-placement\"><div class=\"ads-wrapper\">\n<div class=\"ad-slot\">\n   <div id=\"ilnot-3584389063\" style=\"margin-right: auto;margin-left: auto;text-align: center;width: 320px;height: 100px;\"><a href=\"https:\/\/www.scuolasicurezza.it\/\"><img decoding=\"async\" src=\"https:\/\/www.ilnotiziario.net\/wp\/wp-content\/uploads\/2026\/04\/IlNotiziario_banner-sito-e-newsletter-320-x-100-px-1.gif\" alt=\"\"><\/a><\/div>\n  <\/div>\n<div class=\"ad-slot\">\n   <div id=\"ilnot-435013837\" style=\"margin-right: auto;margin-left: auto;text-align: center;width: 320px;height: 100px;\"><a href=\"https:\/\/purodesignarredamenti.com\/\"><img decoding=\"async\" src=\"https:\/\/www.ilnotiziario.net\/wp\/wp-content\/uploads\/2026\/04\/banner-puro-ok.gif\" alt=\"whatsapp\"><\/a><\/div><\/p><\/div>\n<\/div>\n<\/div>\n<h2>CARONNO PERTUSELLA \u2013 &#8220;Storie di donne controcorrente&#8221;<\/h2>\n<p>In occasione della \u201cGiornata Internazionale per i diritti delle Donne\u201d, per questo sabato 8 marzo il Comune ha organizzato un reading con accompagnamento musicale dal titolo \u201cMorgana &#8211; Storie di donne controcorrente\u201d, tratto dal libro edito da Mondadori \u201cMorgana, l\u2019uomo ricco sono io\u201d, di Michela Murgia e Chiara Tagliaferri. L\u2019appuntamento \u00e8 alle 18 nella Sala Agor\u00e0 del palazzo comunale, in piazza Aldo Moro 1.<\/p>\n<p>Il reading vedr\u00e0 la partecipazione dell\u2019attrice Francesca Beni e al piano Nicola Previtali. L\u2019evento \u00e8 gratuito. E\u2019 prevista anche l\u2019inaugurazione della mostra di illustrazioni tratte dai libri \u201cStorie della buonanotte per bambine ribelli\u201d e \u201cStorie della buonanotte per bambini ribelli 2\u201d, di Francesca Cavallo e Elena Favilli, editi da Mondadori. A seguire aperitivo offerto a cura di Camst.<\/p>\n<h2>ORIGGIO \u2013 Sfilata di carri e \u2026 \u201cMascheriamoci di libri\u201d<\/h2>\n<p>E\u2019 tutto pronto per la festa di Carnevale in programma per questo sabato 8 marzo, organizzata dalla parrocchia Santa Maria Immacolata. Alle 14, in oratorio maschile, si terranno le iscrizioni al concorso della Maschera d\u2019Oro, mentre alle 14.30 partir\u00e0 la sfilata dei carri per le vie del paese; dopo un\u2019ora tutti sotto la tensostruttura dell\u2019oratorio, dove andr\u00e0 in scena uno spettacolo d\u2019intrattenimento con un mago. Ci saranno frittelle, patatine fritte e panini con la salamella. Nella stessa giornata, alla biblioteca civica \u201cMaria Pia Galbiati\u201d, si terr\u00e0 alle 10 un laboratorio per bambini dai 4 ai 10 anni: \u201cMascheriamoci di libri!\u201d. Per informazioni e iscrizioni scrivere a biblioteca@comune.origgio. va.it oppure chiamare il numero 0296734136.<\/p><div id=\"ilnot-1214110451\" class=\"ilnot-contenuto_2-2 ilnot-entity-placement\"><div class=\"gptslot\" data-adunitid=\"2\"><\/div>\n<\/div>\n<h2>UBOLDO \u2013 Tutti pazzi per il Carnevale<\/h2>\n<p>E\u2019 tutto pronto anche per il Carnevale uboldese. L\u2019appuntamento, sabato 8, \u00e8 con la Pro Loco, che ha organizzato una coloratissima festa: alle 14.30, dal Parco Falcone Borsellino, partir\u00e0 la vivace sfilata in costume che percorse le strade terminer\u00e0 in oratorio. Qui, alle 16.30, si potr\u00e0 gustare la merenda e divertirsi con uno spettacolo di magia in compagnia di Paolo Magico Pongo. Dalle 20 la festa proseguir\u00e0 con una serata in musica, karaoke e tanto divertimento.<\/p>\n<h2>CISLAGO \u2013 GERENZANO \u2013 Carnevale, pronti via!<\/h2>\n<p>E\u2019 tutto pronto per le sfilate di Carnevale, che terranno banco questo sabato 8 marzo: a Cislago l\u2019oratorio Sacro Cuore, con il patrocinio del Comune, ha organizzato il corteo in maschera, tra stelle filanti e coriandoli, lungo le vie del centro. La partenza \u00e8 fissata per le 14.30 da piazza Toti; a seguire, in oratorio, grande festa, momenti di spettacolo e intrattenimento per tutti. Il programma prevede il ritrovo in piazza Alberto da Giussano alle 15 e, dopo un quarto d\u2019ora, la partenza della sfilata con arrivo in oratorio. Alle 15 andr\u00e0 in scena \u201cMarco Sereno The Magic Show\u201d; a seguire festa e premiazioni delle migliori maschere.<\/p>\n<h2>LAZZATE \u2013 Sfilata in paese a tema cartoon<\/h2>\n<p>Un Carnevale all\u2019insegna della fantasia con il tema \u201cCartoon\u201d quello in programma sabato 8 a Lazzate. La tradizionale sfilata \u00e8 stata organizzata dall\u2019Oratorio San Luigi in collaborazione con il Comune di Lazzate, l\u2019Associazione Borgo in Festa e il Gruppo Anziani Lazzate. Si partir\u00e0 alle ore 14 dall\u2019Oratorio San Luigi, attraversando le vie del paese con carri allegorici e gruppi in costume ispirati ai personaggi dei cartoni animati pi\u00f9 amati. La manifestazione coinvolger\u00e0 grandi e piccini, invitati a partecipare indossando i panni dei loro eroi animati preferiti. Il percorso della sfilata prevede tappe nelle principali piazze del borgo, dove saranno allestiti punti di ristoro e intrattenimento. La giornata si concluder\u00e0 con una festa presso l\u2019Oratorio, animata da musica, balli e premiazioni per le maschere pi\u00f9 originali.<\/p><div id=\"ilnot-1314928475\" class=\"ilnot-contenuto_2-2-2 ilnot-entity-placement\"><div class=\"gptslot\" data-adunitid=\"3\"><\/div>\n<\/div>\n<h2>MISINTO \u2013 Un tocco di Brasile nel Carnevale<\/h2>\n<p>Si prover\u00e0 anche a rivivere un po\u2019 di atmosfera di Rio, con i ballerini brasiliani, nel Carnevale di Misinto in programma sabato 8. L\u2019evento, organizzato dall\u2019Amministrazione Comunale, avr\u00e0 inizio alle 14 di domani, in Piazza Statuto. Il programma prevede musica, animazione per bambini e l\u2019esibizione di ballerini brasiliani, che porteranno colori e ritmi travolgenti. A rendere la giornata ancora pi\u00f9 speciale sar\u00e0 lo spettacolo di magia del Mago Arty, pronto a stupire grandi e piccoli con i suoi trucchi. Per celebrare la giornata dedicata alle donne, \u00e8 previsto un premio per la maschera femminile pi\u00f9 originale. In caso di maltempo, la festa verr\u00e0 spostata nella palestra delle scuole elementari, con il divieto di utilizzo di schiuma e stelle filanti spray.<\/p>\n<h2>COGLIATE \u2013 40\u00b0 Carnevale con omaggio alla Donna<\/h2>\n<p>L\u2019appuntamento \u00e8 per sabato 8, giornata di chiusura del Carnevale Ambrosiano, quando a Cogliate torna uno degli appuntamenti pi\u00f9 attesi dell\u2019anno, con una festa che si annuncia di grandissimo livello e che celebra la 40esima edizione. La grande festa in maschera avr\u00e0 come tema &#8220;La donna nel tempo e nello spazio&#8221;, un omaggio alla figura femminile attraverso la storia e l\u2019immaginazione. Grazie al contributo di associazioni, carristi e volontari, il Carnevale Cogliatese si conferma come la manifestazione pi\u00f9 amata e partecipata del territorio, capace di coinvolgere l\u2019intera comunit\u00e0 in un momento di festa e condivisione.<\/p>\n<p>Accanto ai tradizionali carri allegorici, ci saranno spettacoli, magia, balli, gonfiabili e laboratori creativi per tutte le et\u00e0. Non mancheranno le delizie tipiche della festa per rendere ancora pi\u00f9 dolce questa giornata speciale: cioccolata calda, frittelle, zucchero filato, caramelle, th\u00e9 caldo e salamelle. La sfilata partir\u00e0 alle 14.30 da Viale Rimembranze, con un corteo di maschere, carri e artisti pronti a regalare sorrisi ed emozioni a grandi e piccini.<\/p><div id=\"ilnot-880466841\" class=\"ilnot-contenuto_2-2-2-2 ilnot-entity-placement\"><div class=\"gptslot\" data-adunitid=\"4\"><\/div>\n<\/div>\n<h2>CERIANO LAGHETTO \u2013 Sfilata in maschera e festa in piazza<\/h2>\n<p>Sfilata di Carnevale e festa in piazza sabato 8 marzo a Ceriano. Il Comune, in collaborazione con Ecolandia Aps, Proloco Ceriano Laghetto, Parrocchia San Vittore, Ccrr, Comitato Genitori, Acla, Asilo Nido e Scuola dell&#8217;Infanzia Papaciotti e Associazione Nazionale Alpini, propone lo storico \u201cCarnevale Cerianese\u201d con la grande sfilata in maschera per le vie del paese. Il ritrovo dei partecipanti \u00e8 fissato in Oratorio alle ore 14. La partenza della sfilata in maschera sar\u00e0 alle 14.30, con arrivo in Piazza Diaz dopo l\u2019attraversamento delle principali strade cittadine.<\/p>\n<p>Ci sar\u00e0 Baby Dance a cura dell&#8217;Asilo nido e Scuola dell&#8217;Infanzia Bilingue &#8220;Papaciotti&#8221; dalle 15 alle 15.30, poi lo spettacolo di magia a cura di Ecolandia Aps, dalle 15.30 alle 16.30. Quindi \u00e8 in programma la premiazione di maschere e striscioni con la partecipazione del Consiglio comunale dei ragazzi e delle ragazze e del Comitato Genitori. La festa sar\u00e0 allietata dalla distribuzione gratuita di chiacchiere a cura di Acla e altre delizie a cura di Pro loco Ceriano Laghetto, Associazione Nazionale Alpini e Comitato Genitori.<\/p><div id=\"ilnot-1855884182\" class=\"ilnot-contenuto_2-2-2-2-2 ilnot-entity-placement\"><div class=\"gptslot\" data-adunitid=\"5\"><\/div>\n<\/div>\n<h2>SOLARO \u2013 &#8220;Replay!&#8221; per Il Carnevale 2025<\/h2>\n<p>Appuntamento per le strade di Solaro sabato 8, per la grande festa di Carnevale. Al lavoro insieme per l&#8217;organizzazione la Comunit\u00e0 Pastorale Discepoli di Emmaus, il Comune di Solaro e la Pro Loco di Solaro. Il tema del Carnevale 2025 sar\u00e0 &#8220;Replay!&#8221;. Appuntamento alle 14.30 in piazza Libert\u00e0, poi la partenza della sfilata con l&#8217;animazione musicale su tutto il percorso. All&#8217;arrivo in oratorio ci sar\u00e0 un momento di magia e divertimento per i pi\u00f9 piccini con la premiazione delle maschere pi\u00f9 belle e originali. La giornata di chiuder\u00e0 con una dolce merenda per tutti. Sono vietati: schiuma da barba, stelle filanti spray e botti di ogni genere.<\/p>\n<h2>BOLLATE \u2013 Due sfilate, tre carri e&#8230; una bella sorpresa<\/h2>\n<p>Il momento della festa di Carnevale \u00e8 arrivato anche in questo 2025: sabato 8 marzo il centro cittadino sar\u00e0 infatti animato da una grande sfilata e un\u2019altra si svolger\u00e0 tra Cascina del Sole e Cassina Nuova. Entrambe le sfilate carnevalesche vedranno la presenza di cinque carri allegorici in tutto, di cui tre a Bollate centro e due alle cascine. Bollate \u00e8 uno dei pochi comuni della zona che ancora riesce a tenere viva la tradizione dei carri, grazie all\u2019impegno di tanti ammirevoli volontari a cui deve andare il plauso di tutti.<\/p>\n<p>Ma la sfilata di Carnevale di quest\u2019anno vedr\u00e0 anche una bellissima sorpresa, poich\u00e9 il rione ospiatese della Pirotta far\u00e0 sfilare alcuni dei suoi contradaioli che indosseranno i bellissimi abiti rinascimentali realizzati dall\u2019ospiatese Vito Breda, abiti che sono appena rientrati dal Carnevale di Venezia dove sono stati fotografati da migliaia e migliaia di turisti. La sfilata partir\u00e0 alle 14.30 da Bollate centro, in piazza del mercato (lato via Verdi), effettuer\u00e0 il solito percorso per le strade del centro cittadino e si concluder\u00e0 in oratorio maschile con le premiazioni e con una grande festa a base di chiacchiere offerta dalla Comunit\u00e0 di San Martino.<\/p>\n<h2>CASSINA NUOVA \u2013 C. DEL SOLE \u2013 Il Carnevale delle Cascine<\/h2>\n<p>Sabato 8 marzo le due frazioni bollatesi di Cassina Nuova e Cascina del Sole proporranno la loro sfilata di Carnevale: se quella di Bollate centro \u00e8 organizzata dalla parrocchia San Martino e vedr\u00e0 la presenza di tre carri, quella delle due Cascine \u00e8 organizzata dalla Pro Loco in collaborazione con le due parrocchie, il Camper Club e la Brigata Carristi e vedr\u00e0 sfilare due carri lungo le strade dei quartieri. La sfilata partir\u00e0 alle ore 14 da via Cesare Battisti (Cascina del Sole) , poi si diriger\u00e0 subito verso Cassina Nuova, percorrendo via Madonna, via Po, via Oglio, via Adige, via Stampa, via Archimede, via Madonna, via Marconi, via Galvani, via San Bernardo, via Pace e via Don Minzoni, con arrivo in oratorio Don Bosco dove ci sar\u00e0 un ristoro per tutti e la premiazione delle mascherine pi\u00f9 belle.<\/p><div id=\"ilnot-10186205\" class=\"ilnot-contenuto_2-2-2-2-2-2 ilnot-entity-placement\"><div class=\"gptslot\" data-adunitid=\"6\"><\/div>\n<\/div>\n<h2>BOLLATE \u2013 Domenica lo spettacolo \u201cLa parola alle donne\u201d<\/h2>\n<p>Per la \u201cGiornata Internazionale della donna\u201d, questa domenica 9 marzo alle ore 16 nella sala conferenze di via Vittorio Veneto 32 la Commissione attivit\u00e0 ricreative della Cooperativa Edificatrice Bollatese, in collaborazione con Comitato Soci Coop e Circolo Nuova Luce, organizza lo spettacolo \u201cLa parola alle donne\u201d, lettura teatrale liberamente ispirata a \u201cDonne che parlano\u201d di Miriam Toews, con gli artisti di teatro periferico. Allo spettacolo, seguir\u00e0 un rinfresco e un omaggio floreale per tutte le donne. Ingresso libero.<\/p>\n<h2>BARANZATE \u2013 Sfilata per il 50mo anniversario del Carnevale<\/h2>\n<p>Il Comune di Baranzate ha organizzato con le parrocchie la grande sfilata di Carnevale, che si terr\u00e0 per le strade del paese. La sfilata sar\u00e0 organizzata dagli oratori di Sant\u2019Arialdo e di San Giovanni Bosco in collaborazione con l\u2019amministrazione. Il tema sar\u00e0 \u201cReplay \u2013 Rivivi la storia\u201d: quest&#8217;anno infatti per celebrare il 50\u00b0 anniversario dell&#8217;evento si ripercorrer\u00e0 la storia del Carnevale baranzatese. Ma vediamo il programma: la sfilata sar\u00e0 sabato 8 marzo, con ritrovo alle 14.45 nel parcheggio all\u2019inizio di via Gorizia. Il corteo partir\u00e0 alle ore 15, percorrer\u00e0 via Gorizia, un tratto di via Asiago, via Fiume, via Merano, si diriger\u00e0 in piazza Borsellino e da l\u00ec poi in via Sauro, in via Don Guanella per concludersi verso piazza Falcone. Poi comincer\u00e0 la festa con animazione e merenda.<\/p>\n<h2>NOVATE \u2013 Carnevale con due feste negli oratori<\/h2>\n<p>La sfilata delle maschere di Carnevale a Novate si far\u00e0 anche quest&#8217;anno solo all\u2019interno degli oratori. Come era accaduto lo scorso anno, infatti, non ci sar\u00e0 la sfilata lungo le strade: n\u00e9 le mascherine n\u00e9 i carri allegorici. Tutto si svolger\u00e0 quindi negli oratori, in particolare in quello della parrocchia San Carlo di via Gran Paradiso. L\u00ec infatti alcuni genitori hanno organizzato un tempo di animazione pensato per i bambini della Scuola dell\u2019Infanzia e della Scuola Primaria, che potranno divertirsi tra dolci, giochi, attivit\u00e0, sfilata delle maschere. Invece nell\u2019oratorio San Luigi di via Cascina del Sole si potr\u00e0 passare del tempo insieme tra musica, chiacchiere, frittelle e zucchero filato, per una festa aperta a tutte le et\u00e0.<\/p><div id=\"ilnot-3326591204\" class=\"ilnot-contenuto_2-2-2-2-2-2-2 ilnot-entity-placement\"><div class=\"gptslot\" data-adunitid=\"7\"><\/div>\n<\/div>\n<h2>PADERNO DUGNANO \u2013 Carri e mascherine e feste in piazza<\/h2>\n<p>Arriva il Carnevale: sabato 8 si festeggia il rito ambrosiano e come da tradizione tutti gli oratori delle varie comunit\u00e0 pastorali sfileranno per i quartieri. La San Giovanni Paolo II ha organizzato le cose in grande con \u2018Arriva il Carnevale, i fantastici 4, dove quattro sono sia i singoli quartieri in prima linea, sia i quattro elementi che compongono la natura. Il Villaggio Ambrosiano sar\u00e0 la terra, il fuoco sar\u00e0 Paderno, l\u2019aria Dugnano e l\u2019acqua Calderara. Tutti insieme andranno a comporre una grande festa per grandi e piccoli, dopo due mesi di laboratori domenicali per preparare vestiti e animazione. Il ritrovo sar\u00e0 alle ore 14.45 in piazza Falcone e Borsellino.<br \/>\nDa qui partir\u00e0 il lungo serpentone di mascherine che attraverser\u00e0 il centro per raggiungere l\u2019oratorio San Luigi. Il corteo \u00e8 previsto nelle vie Gramsci, piazza Matteotti, via Buozzi e Madonna con arrivo al San Luigi, dove si terr\u00e0 la merenda e la festa per tutto il pomeriggio.<\/p>\n<p>Anche Palazzolo e Cassina Amata festeggeranno Carnevale con carri corteo come da tradizione, ciascuno nel proprio quartiere. Il tema scelto da Palazzolo sar\u00e0 l\u2019arca di No\u00e8 che partir\u00e0 dalle ore 14.30 dall\u2019oratorio di via Mazzini per attraversare le vie del centro. Come da tradizione, ci sar\u00e0 la Banda Santa Cecilia 1900, gli Amici del Viale Bagatti e la scuola dell\u2019infanzia Immacolata. Alla stessa ora partir\u00e0 la sfilata dall\u2019oratorio di via Reali che ha scelto come tema \u2018I sogni sono desideri\u2019, ricordando i personaggi di Walt Disney. Al rientro, la festa prosegue con la merenda.<\/p>\n<h2>CUSANO MILANINO \u2013 Carnevale, musica e animazioni in piazza<\/h2>\n<p>La festa di Carnevale, organizzata dall\u2019assessorato alla cultura, \u00e8 pronta ad andare in scena. Il ritrovo \u00e8 per sabato 8, dalle 15 alle 18, in piazza del Municipio. Il via alla manifestazione sar\u00e0 dato dal Corpo Musicale Santa Cecilia con il tradizionale intervento musicale. Poi tre ore di divertimento con Dj set e animazioni per grandi e piccoli, breakdancer con esibizioni mozzafiato, trampolieri, performer itineranti, balli improvvisati e spettacolari effetti speciali. La partecipazione \u00e8 libera e gratuita.<\/p><div id=\"ilnot-388076642\" class=\"ilnot-contenuto_2-2-2-2-2-2-2-2 ilnot-entity-placement\"><div class=\"gptslot\" data-adunitid=\"8\"><\/div>\n<\/div>\n<h2>CUSANO MILANINO \u2013 Festa della Donna con apericena e musica<\/h2>\n<p>La Festa internazionale della donna si festeggia venerd\u00ec 7 dalle 19.30 con apericena, cantante e musica da ballo. L\u2019appuntamento, organizzato dall\u2019associazione \u201cI Tigli\u201d, sar\u00e0 nel centro ricreativo del parco G. Matteotti. A tutte le donne verr\u00e0 donata una mimosa. La quota di partecipazione \u00e8 di 20 euro con tessera socio-assicurativa \u201cI Tigli\u201d.<\/p>\n<h2>CESATE \u2013 Tutto pronto per il Carnevale in piazza<\/h2>\n<p>Una festa di Carnevale ricca di colori, musica, balli e ovviamente bellissime maschere: tutto \u00e8 pronto per domani, sabato 8 marzo, quando a partire dalle 14.30 in piazza del mercato ci saranno animazione per i pi\u00f9 piccoli, gonfiabili e chiacchiere per tutti. Il tema della festa sar\u00e0 \u201cIn giro per il mondo\u201d, un viaggio fatto di maschere e costumi provenienti da paesi diversi. Dalle 15.30 \u00e8 prevista la storia animata per i pi\u00f9 piccoli e balli con animazione a cura di Crescere Insieme, mentre la premiazione delle maschere pi\u00f9 originali sar\u00e0 alle 16.30. In caso di maltempo la manifestazione si terr\u00e0 domenica 9 marzo.<\/p>\n<h2>GARBAGNATE \u2013 Carnevale, sabato arriva il momento clou<\/h2>\n<p>Dopo le prime feste dei giorni scorsi, il Carnevale garbagnatese si appresta ad entrare nel suo momento pi\u00f9 vivo. Sabato 8 marzo infatti si svolger\u00e0 la tradizionale sfilata in maschera: niente carri allegorici, ma tantissime mascherine. Il ritrovo per chi vorr\u00e0 prendere parte alla sfilata sar\u00e0 alle 14.00 in piazza del Mercato, da dove partir\u00e0 un corteo colorato che attraverser\u00e0 la citt\u00e0 fino a raggiungere la piazza della Croce. Associazioni locali, la Ludoteca Il Sole e gli oratori renderanno questo evento ancora pi\u00f9 speciale, con costumi fantasiosi e tanta voglia di divertirsi.<\/p>\n<p>Ma il pomeriggio di festa non finir\u00e0 qui. Alle 15.30, in Piazza del Municipio, il pubblico potr\u00e0 assistere allo spettacolo \u201cIl laboratorio segreto di Miss Bubble Poppins\u201d, un\u2019esibizione affascinante con bolle di sapone che stupiranno grandi e piccini. E per concludere, alle 16.30 in piazza della Croce, Juriy Longhi porter\u00e0 in scena il \u201cBubble Street Cirkus\u201d, uno spettacolo di arti circensi che promette di lasciare tutti a bocca aperta.<\/p><div id=\"ilnot-3171912241\" class=\"ilnot-contenuto_2-2-2-2-2-2-2-2-2 ilnot-entity-placement\"><div class=\"gptslot\" data-adunitid=\"9\"><\/div>\n<\/div>\n<h2>ARESE \u2013 Carnevale al centro commerciale Giada<\/h2>\n<p>Carnevale all\u2019insegna di colori e allegria. Il ritrovo \u00e8 per sabato 8 alle ore 15 in Piazza del Carnevale, al centro commerciale Giada (viale dei Platani). Lo scivolo gigante, la sfera magica, musica, laboratori e zucchero filato per la gioia dei partecipanti. Poi alle 14, con partenza dalla scuola di Valera, andr\u00e0 in scena la sfilata organizzata da centro commerciale Giada e da AGA (Associazione genitori di Arese).<\/p>\n<p>&nbsp;<\/p>\n","protected":false},"excerpt":{"rendered":"<p>Questo fine settimana si celebrano sia il Carnevale &#8211; quest&#8217;anno il sabato grasso per il rito ambrosiano cade l&#8217;8 marzo &#8211; sia la Festa della Donna. Numerosissimi soprattutto gli eventi organizzati sul territorio per festeggiare il Carnevale, tra sfilate di carri e mascherine, musica e animazione. Ma sono presenti anche alcune iniziative per festeggiare le<\/p>\n","protected":false},"author":223159,"featured_media":204254,"comment_status":"closed","ping_status":"closed","sticky":false,"template":"","format":"standard","meta":{"footnotes":""},"categories":[277,20],"tags":[17198,16237,16979,16978,11736],"class_list":{"0":"post-204249","1":"post","2":"type-post","3":"status-publish","4":"format-standard","5":"has-post-thumbnail","7":"category-appuntamenti-della-settimana","8":"category-prima-pagina","9":"tag-cosa-fare-nel-week-end","10":"tag-cosa-fare-sabato-e-domenica","11":"tag-eventi-domenica","12":"tag-eventi-sabato","13":"tag-eventi-weekend"},"yoast_head":"<!-- This site is optimized with the Yoast SEO plugin v27.4 - https:\/\/yoast.com\/product\/yoast-seo-wordpress\/ -->\n<title>Eventi week-end: tiene banco il Carnevale con sfilate di carri e mascherine e tanti spettacoli - Il Notiziario<\/title>\n<meta name=\"description\" content=\"Questo fine settimana si celebrano sia il Carnevale - quest&#039;anno il sabato grasso per il rito ambrosiano cade l&#039;8 marzo - sia la Festa della Donna.\" \/>\n<meta name=\"robots\" content=\"index, follow, max-snippet:-1, max-image-preview:large, max-video-preview:-1\" \/>\n<link rel=\"canonical\" href=\"https:\/\/www.ilnotiziario.net\/wp\/prima-pagina\/eventi-week-end-tiene-banco-il-carnevale-con-sfilate-di-carri-e-mascherine-e-tanti-spettacoli\/\" \/>\n<meta property=\"og:locale\" content=\"it_IT\" \/>\n<meta property=\"og:type\" content=\"article\" \/>\n<meta property=\"og:title\" content=\"Eventi week-end: tiene banco il Carnevale con sfilate di carri e mascherine e tanti spettacoli - Il Notiziario\" \/>\n<meta property=\"og:description\" content=\"Questo fine settimana si celebrano sia il Carnevale - quest&#039;anno il sabato grasso per il rito ambrosiano cade l&#039;8 marzo - sia la Festa della Donna.\" \/>\n<meta property=\"og:url\" content=\"https:\/\/www.ilnotiziario.net\/wp\/prima-pagina\/eventi-week-end-tiene-banco-il-carnevale-con-sfilate-di-carri-e-mascherine-e-tanti-spettacoli\/\" \/>\n<meta property=\"og:site_name\" content=\"Il Notiziario\" \/>\n<meta property=\"article:publisher\" content=\"https:\/\/www.facebook.com\/ilnotiziarioind\/\" \/>\n<meta property=\"article:published_time\" content=\"2025-03-07T15:00:47+00:00\" \/>\n<meta property=\"og:image\" content=\"https:\/\/www.ilnotiziario.net\/wp\/wp-content\/uploads\/2025\/03\/carro-carnevale-Saronno.jpg\" \/>\n\t<meta property=\"og:image:width\" content=\"1102\" \/>\n\t<meta property=\"og:image:height\" content=\"620\" \/>\n\t<meta property=\"og:image:type\" content=\"image\/jpeg\" \/>\n<meta name=\"author\" content=\"Manuela Beriozza\" \/>\n<meta name=\"twitter:card\" content=\"summary_large_image\" \/>\n<meta name=\"twitter:creator\" content=\"@ilNotiziarioInd\" \/>\n<meta name=\"twitter:site\" content=\"@ilNotiziarioInd\" \/>\n<meta name=\"twitter:label1\" content=\"Scritto da\" \/>\n\t<meta name=\"twitter:data1\" content=\"Manuela Beriozza\" \/>\n\t<meta name=\"twitter:label2\" content=\"Tempo di lettura stimato\" \/>\n\t<meta name=\"twitter:data2\" content=\"16 minuti\" \/>\n<script type=\"application\/ld+json\" class=\"yoast-schema-graph\">{\"@context\":\"https:\\\/\\\/schema.org\",\"@graph\":[{\"@type\":\"Article\",\"@id\":\"https:\\\/\\\/www.ilnotiziario.net\\\/wp\\\/prima-pagina\\\/eventi-week-end-tiene-banco-il-carnevale-con-sfilate-di-carri-e-mascherine-e-tanti-spettacoli\\\/#article\",\"isPartOf\":{\"@id\":\"https:\\\/\\\/www.ilnotiziario.net\\\/wp\\\/prima-pagina\\\/eventi-week-end-tiene-banco-il-carnevale-con-sfilate-di-carri-e-mascherine-e-tanti-spettacoli\\\/\"},\"author\":{\"name\":\"Manuela Beriozza\",\"@id\":\"https:\\\/\\\/www.ilnotiziario.net\\\/wp\\\/#\\\/schema\\\/person\\\/c902c4c1308705a92d37385bbce84394\"},\"headline\":\"Eventi week-end: tiene banco il Carnevale con sfilate di carri e mascherine e tanti spettacoli\",\"datePublished\":\"2025-03-07T15:00:47+00:00\",\"mainEntityOfPage\":{\"@id\":\"https:\\\/\\\/www.ilnotiziario.net\\\/wp\\\/prima-pagina\\\/eventi-week-end-tiene-banco-il-carnevale-con-sfilate-di-carri-e-mascherine-e-tanti-spettacoli\\\/\"},\"wordCount\":2935,\"publisher\":{\"@id\":\"https:\\\/\\\/www.ilnotiziario.net\\\/wp\\\/#organization\"},\"image\":{\"@id\":\"https:\\\/\\\/www.ilnotiziario.net\\\/wp\\\/prima-pagina\\\/eventi-week-end-tiene-banco-il-carnevale-con-sfilate-di-carri-e-mascherine-e-tanti-spettacoli\\\/#primaryimage\"},\"thumbnailUrl\":\"https:\\\/\\\/www.ilnotiziario.net\\\/wp\\\/wp-content\\\/uploads\\\/2025\\\/03\\\/carro-carnevale-Saronno.jpg\",\"keywords\":[\"cosa fare nel week-end\",\"cosa fare sabato e domenica\",\"eventi domenica\",\"eventi sabato\",\"eventi weekend\"],\"articleSection\":[\"APPUNTAMENTI\",\"Prima Pagina\"],\"inLanguage\":\"it-IT\"},{\"@type\":\"WebPage\",\"@id\":\"https:\\\/\\\/www.ilnotiziario.net\\\/wp\\\/prima-pagina\\\/eventi-week-end-tiene-banco-il-carnevale-con-sfilate-di-carri-e-mascherine-e-tanti-spettacoli\\\/\",\"url\":\"https:\\\/\\\/www.ilnotiziario.net\\\/wp\\\/prima-pagina\\\/eventi-week-end-tiene-banco-il-carnevale-con-sfilate-di-carri-e-mascherine-e-tanti-spettacoli\\\/\",\"name\":\"Eventi week-end: tiene banco il Carnevale con sfilate di carri e mascherine e tanti spettacoli - Il Notiziario\",\"isPartOf\":{\"@id\":\"https:\\\/\\\/www.ilnotiziario.net\\\/wp\\\/#website\"},\"primaryImageOfPage\":{\"@id\":\"https:\\\/\\\/www.ilnotiziario.net\\\/wp\\\/prima-pagina\\\/eventi-week-end-tiene-banco-il-carnevale-con-sfilate-di-carri-e-mascherine-e-tanti-spettacoli\\\/#primaryimage\"},\"image\":{\"@id\":\"https:\\\/\\\/www.ilnotiziario.net\\\/wp\\\/prima-pagina\\\/eventi-week-end-tiene-banco-il-carnevale-con-sfilate-di-carri-e-mascherine-e-tanti-spettacoli\\\/#primaryimage\"},\"thumbnailUrl\":\"https:\\\/\\\/www.ilnotiziario.net\\\/wp\\\/wp-content\\\/uploads\\\/2025\\\/03\\\/carro-carnevale-Saronno.jpg\",\"datePublished\":\"2025-03-07T15:00:47+00:00\",\"description\":\"Questo fine settimana si celebrano sia il Carnevale - quest'anno il sabato grasso per il rito ambrosiano cade l'8 marzo - sia la Festa della Donna.\",\"breadcrumb\":{\"@id\":\"https:\\\/\\\/www.ilnotiziario.net\\\/wp\\\/prima-pagina\\\/eventi-week-end-tiene-banco-il-carnevale-con-sfilate-di-carri-e-mascherine-e-tanti-spettacoli\\\/#breadcrumb\"},\"inLanguage\":\"it-IT\",\"potentialAction\":[{\"@type\":\"ReadAction\",\"target\":[\"https:\\\/\\\/www.ilnotiziario.net\\\/wp\\\/prima-pagina\\\/eventi-week-end-tiene-banco-il-carnevale-con-sfilate-di-carri-e-mascherine-e-tanti-spettacoli\\\/\"]}]},{\"@type\":\"ImageObject\",\"inLanguage\":\"it-IT\",\"@id\":\"https:\\\/\\\/www.ilnotiziario.net\\\/wp\\\/prima-pagina\\\/eventi-week-end-tiene-banco-il-carnevale-con-sfilate-di-carri-e-mascherine-e-tanti-spettacoli\\\/#primaryimage\",\"url\":\"https:\\\/\\\/www.ilnotiziario.net\\\/wp\\\/wp-content\\\/uploads\\\/2025\\\/03\\\/carro-carnevale-Saronno.jpg\",\"contentUrl\":\"https:\\\/\\\/www.ilnotiziario.net\\\/wp\\\/wp-content\\\/uploads\\\/2025\\\/03\\\/carro-carnevale-Saronno.jpg\",\"width\":1102,\"height\":620,\"caption\":\"Foto: \\\"La compagnia del Carnevale di Saronno\\\" - Facebook\"},{\"@type\":\"BreadcrumbList\",\"@id\":\"https:\\\/\\\/www.ilnotiziario.net\\\/wp\\\/prima-pagina\\\/eventi-week-end-tiene-banco-il-carnevale-con-sfilate-di-carri-e-mascherine-e-tanti-spettacoli\\\/#breadcrumb\",\"itemListElement\":[{\"@type\":\"ListItem\",\"position\":1,\"name\":\"tds_text_logo_tagline_colortds_text_logo_tagline_colortds_text_logo_tagline_colortds_text_logo_tagline_colortd_module_7_title_excerpttd_module_7_title_excerpttd_module_7_title_excerpttd_module_7_title_excerptHome\",\"item\":\"https:\\\/\\\/www.ilnotiziario.net\\\/wp\\\/\"},{\"@type\":\"ListItem\",\"position\":2,\"name\":\"Eventi week-end: tiene banco il Carnevale con sfilate di carri e mascherine e tanti spettacoli\"}]},{\"@type\":\"WebSite\",\"@id\":\"https:\\\/\\\/www.ilnotiziario.net\\\/wp\\\/#website\",\"url\":\"https:\\\/\\\/www.ilnotiziario.net\\\/wp\\\/\",\"name\":\"Il Notiziario\",\"description\":\"Per restare sempre connessi alla notizia\",\"publisher\":{\"@id\":\"https:\\\/\\\/www.ilnotiziario.net\\\/wp\\\/#organization\"},\"alternateName\":\"Il Notiziario Bollate\",\"potentialAction\":[{\"@type\":\"SearchAction\",\"target\":{\"@type\":\"EntryPoint\",\"urlTemplate\":\"https:\\\/\\\/www.ilnotiziario.net\\\/wp\\\/?s={search_term_string}\"},\"query-input\":{\"@type\":\"PropertyValueSpecification\",\"valueRequired\":true,\"valueName\":\"search_term_string\"}}],\"inLanguage\":\"it-IT\"},{\"@type\":\"Organization\",\"@id\":\"https:\\\/\\\/www.ilnotiziario.net\\\/wp\\\/#organization\",\"name\":\"Il Notiziario\",\"url\":\"https:\\\/\\\/www.ilnotiziario.net\\\/wp\\\/\",\"logo\":{\"@type\":\"ImageObject\",\"inLanguage\":\"it-IT\",\"@id\":\"https:\\\/\\\/www.ilnotiziario.net\\\/wp\\\/#\\\/schema\\\/logo\\\/image\\\/\",\"url\":\"https:\\\/\\\/www.ilnotiziario.net\\\/wp\\\/wp-content\\\/uploads\\\/2022\\\/06\\\/170x170ilN.png\",\"contentUrl\":\"https:\\\/\\\/www.ilnotiziario.net\\\/wp\\\/wp-content\\\/uploads\\\/2022\\\/06\\\/170x170ilN.png\",\"width\":355,\"height\":355,\"caption\":\"Il Notiziario\"},\"image\":{\"@id\":\"https:\\\/\\\/www.ilnotiziario.net\\\/wp\\\/#\\\/schema\\\/logo\\\/image\\\/\"},\"sameAs\":[\"https:\\\/\\\/www.facebook.com\\\/ilnotiziarioind\\\/\",\"https:\\\/\\\/x.com\\\/ilNotiziarioInd\",\"https:\\\/\\\/www.instagram.com\\\/ilnotiziario_settimanale\\\/\"]},{\"@type\":\"Person\",\"@id\":\"https:\\\/\\\/www.ilnotiziario.net\\\/wp\\\/#\\\/schema\\\/person\\\/c902c4c1308705a92d37385bbce84394\",\"name\":\"Manuela Beriozza\",\"image\":{\"@type\":\"ImageObject\",\"inLanguage\":\"it-IT\",\"@id\":\"https:\\\/\\\/secure.gravatar.com\\\/avatar\\\/272ed53352846a57a9f07f89720b22f58373dc9a85fa5b8ff49254ae02b61057?s=96&d=mm&r=g\",\"url\":\"https:\\\/\\\/secure.gravatar.com\\\/avatar\\\/272ed53352846a57a9f07f89720b22f58373dc9a85fa5b8ff49254ae02b61057?s=96&d=mm&r=g\",\"contentUrl\":\"https:\\\/\\\/secure.gravatar.com\\\/avatar\\\/272ed53352846a57a9f07f89720b22f58373dc9a85fa5b8ff49254ae02b61057?s=96&d=mm&r=g\",\"caption\":\"Manuela Beriozza\"}}]}<\/script>\n<!-- \/ Yoast SEO plugin. -->","yoast_head_json":{"title":"Eventi week-end: tiene banco il Carnevale con sfilate di carri e mascherine e tanti spettacoli - Il Notiziario","description":"Questo fine settimana si celebrano sia il Carnevale - quest'anno il sabato grasso per il rito ambrosiano cade l'8 marzo - sia la Festa della Donna.","robots":{"index":"index","follow":"follow","max-snippet":"max-snippet:-1","max-image-preview":"max-image-preview:large","max-video-preview":"max-video-preview:-1"},"canonical":"https:\/\/www.ilnotiziario.net\/wp\/prima-pagina\/eventi-week-end-tiene-banco-il-carnevale-con-sfilate-di-carri-e-mascherine-e-tanti-spettacoli\/","og_locale":"it_IT","og_type":"article","og_title":"Eventi week-end: tiene banco il Carnevale con sfilate di carri e mascherine e tanti spettacoli - Il Notiziario","og_description":"Questo fine settimana si celebrano sia il Carnevale - quest'anno il sabato grasso per il rito ambrosiano cade l'8 marzo - sia la Festa della Donna.","og_url":"https:\/\/www.ilnotiziario.net\/wp\/prima-pagina\/eventi-week-end-tiene-banco-il-carnevale-con-sfilate-di-carri-e-mascherine-e-tanti-spettacoli\/","og_site_name":"Il Notiziario","article_publisher":"https:\/\/www.facebook.com\/ilnotiziarioind\/","article_published_time":"2025-03-07T15:00:47+00:00","og_image":[{"width":1102,"height":620,"url":"https:\/\/www.ilnotiziario.net\/wp\/wp-content\/uploads\/2025\/03\/carro-carnevale-Saronno.jpg","type":"image\/jpeg"}],"author":"Manuela Beriozza","twitter_card":"summary_large_image","twitter_creator":"@ilNotiziarioInd","twitter_site":"@ilNotiziarioInd","twitter_misc":{"Scritto da":"Manuela Beriozza","Tempo di lettura stimato":"16 minuti"},"schema":{"@context":"https:\/\/schema.org","@graph":[{"@type":"Article","@id":"https:\/\/www.ilnotiziario.net\/wp\/prima-pagina\/eventi-week-end-tiene-banco-il-carnevale-con-sfilate-di-carri-e-mascherine-e-tanti-spettacoli\/#article","isPartOf":{"@id":"https:\/\/www.ilnotiziario.net\/wp\/prima-pagina\/eventi-week-end-tiene-banco-il-carnevale-con-sfilate-di-carri-e-mascherine-e-tanti-spettacoli\/"},"author":{"name":"Manuela Beriozza","@id":"https:\/\/www.ilnotiziario.net\/wp\/#\/schema\/person\/c902c4c1308705a92d37385bbce84394"},"headline":"Eventi week-end: tiene banco il Carnevale con sfilate di carri e mascherine e tanti spettacoli","datePublished":"2025-03-07T15:00:47+00:00","mainEntityOfPage":{"@id":"https:\/\/www.ilnotiziario.net\/wp\/prima-pagina\/eventi-week-end-tiene-banco-il-carnevale-con-sfilate-di-carri-e-mascherine-e-tanti-spettacoli\/"},"wordCount":2935,"publisher":{"@id":"https:\/\/www.ilnotiziario.net\/wp\/#organization"},"image":{"@id":"https:\/\/www.ilnotiziario.net\/wp\/prima-pagina\/eventi-week-end-tiene-banco-il-carnevale-con-sfilate-di-carri-e-mascherine-e-tanti-spettacoli\/#primaryimage"},"thumbnailUrl":"https:\/\/www.ilnotiziario.net\/wp\/wp-content\/uploads\/2025\/03\/carro-carnevale-Saronno.jpg","keywords":["cosa fare nel week-end","cosa fare sabato e domenica","eventi domenica","eventi sabato","eventi weekend"],"articleSection":["APPUNTAMENTI","Prima Pagina"],"inLanguage":"it-IT"},{"@type":"WebPage","@id":"https:\/\/www.ilnotiziario.net\/wp\/prima-pagina\/eventi-week-end-tiene-banco-il-carnevale-con-sfilate-di-carri-e-mascherine-e-tanti-spettacoli\/","url":"https:\/\/www.ilnotiziario.net\/wp\/prima-pagina\/eventi-week-end-tiene-banco-il-carnevale-con-sfilate-di-carri-e-mascherine-e-tanti-spettacoli\/","name":"Eventi week-end: tiene banco il Carnevale con sfilate di carri e mascherine e tanti spettacoli - Il Notiziario","isPartOf":{"@id":"https:\/\/www.ilnotiziario.net\/wp\/#website"},"primaryImageOfPage":{"@id":"https:\/\/www.ilnotiziario.net\/wp\/prima-pagina\/eventi-week-end-tiene-banco-il-carnevale-con-sfilate-di-carri-e-mascherine-e-tanti-spettacoli\/#primaryimage"},"image":{"@id":"https:\/\/www.ilnotiziario.net\/wp\/prima-pagina\/eventi-week-end-tiene-banco-il-carnevale-con-sfilate-di-carri-e-mascherine-e-tanti-spettacoli\/#primaryimage"},"thumbnailUrl":"https:\/\/www.ilnotiziario.net\/wp\/wp-content\/uploads\/2025\/03\/carro-carnevale-Saronno.jpg","datePublished":"2025-03-07T15:00:47+00:00","description":"Questo fine settimana si celebrano sia il Carnevale - quest'anno il sabato grasso per il rito ambrosiano cade l'8 marzo - sia la Festa della Donna.","breadcrumb":{"@id":"https:\/\/www.ilnotiziario.net\/wp\/prima-pagina\/eventi-week-end-tiene-banco-il-carnevale-con-sfilate-di-carri-e-mascherine-e-tanti-spettacoli\/#breadcrumb"},"inLanguage":"it-IT","potentialAction":[{"@type":"ReadAction","target":["https:\/\/www.ilnotiziario.net\/wp\/prima-pagina\/eventi-week-end-tiene-banco-il-carnevale-con-sfilate-di-carri-e-mascherine-e-tanti-spettacoli\/"]}]},{"@type":"ImageObject","inLanguage":"it-IT","@id":"https:\/\/www.ilnotiziario.net\/wp\/prima-pagina\/eventi-week-end-tiene-banco-il-carnevale-con-sfilate-di-carri-e-mascherine-e-tanti-spettacoli\/#primaryimage","url":"https:\/\/www.ilnotiziario.net\/wp\/wp-content\/uploads\/2025\/03\/carro-carnevale-Saronno.jpg","contentUrl":"https:\/\/www.ilnotiziario.net\/wp\/wp-content\/uploads\/2025\/03\/carro-carnevale-Saronno.jpg","width":1102,"height":620,"caption":"Foto: \"La compagnia del Carnevale di Saronno\" - Facebook"},{"@type":"BreadcrumbList","@id":"https:\/\/www.ilnotiziario.net\/wp\/prima-pagina\/eventi-week-end-tiene-banco-il-carnevale-con-sfilate-di-carri-e-mascherine-e-tanti-spettacoli\/#breadcrumb","itemListElement":[{"@type":"ListItem","position":1,"name":"tds_text_logo_tagline_colortds_text_logo_tagline_colortds_text_logo_tagline_colortds_text_logo_tagline_colortd_module_7_title_excerpttd_module_7_title_excerpttd_module_7_title_excerpttd_module_7_title_excerptHome","item":"https:\/\/www.ilnotiziario.net\/wp\/"},{"@type":"ListItem","position":2,"name":"Eventi week-end: tiene banco il Carnevale con sfilate di carri e mascherine e tanti spettacoli"}]},{"@type":"WebSite","@id":"https:\/\/www.ilnotiziario.net\/wp\/#website","url":"https:\/\/www.ilnotiziario.net\/wp\/","name":"Il Notiziario","description":"Per restare sempre connessi alla notizia","publisher":{"@id":"https:\/\/www.ilnotiziario.net\/wp\/#organization"},"alternateName":"Il Notiziario Bollate","potentialAction":[{"@type":"SearchAction","target":{"@type":"EntryPoint","urlTemplate":"https:\/\/www.ilnotiziario.net\/wp\/?s={search_term_string}"},"query-input":{"@type":"PropertyValueSpecification","valueRequired":true,"valueName":"search_term_string"}}],"inLanguage":"it-IT"},{"@type":"Organization","@id":"https:\/\/www.ilnotiziario.net\/wp\/#organization","name":"Il Notiziario","url":"https:\/\/www.ilnotiziario.net\/wp\/","logo":{"@type":"ImageObject","inLanguage":"it-IT","@id":"https:\/\/www.ilnotiziario.net\/wp\/#\/schema\/logo\/image\/","url":"https:\/\/www.ilnotiziario.net\/wp\/wp-content\/uploads\/2022\/06\/170x170ilN.png","contentUrl":"https:\/\/www.ilnotiziario.net\/wp\/wp-content\/uploads\/2022\/06\/170x170ilN.png","width":355,"height":355,"caption":"Il Notiziario"},"image":{"@id":"https:\/\/www.ilnotiziario.net\/wp\/#\/schema\/logo\/image\/"},"sameAs":["https:\/\/www.facebook.com\/ilnotiziarioind\/","https:\/\/x.com\/ilNotiziarioInd","https:\/\/www.instagram.com\/ilnotiziario_settimanale\/"]},{"@type":"Person","@id":"https:\/\/www.ilnotiziario.net\/wp\/#\/schema\/person\/c902c4c1308705a92d37385bbce84394","name":"Manuela Beriozza","image":{"@type":"ImageObject","inLanguage":"it-IT","@id":"https:\/\/secure.gravatar.com\/avatar\/272ed53352846a57a9f07f89720b22f58373dc9a85fa5b8ff49254ae02b61057?s=96&d=mm&r=g","url":"https:\/\/secure.gravatar.com\/avatar\/272ed53352846a57a9f07f89720b22f58373dc9a85fa5b8ff49254ae02b61057?s=96&d=mm&r=g","contentUrl":"https:\/\/secure.gravatar.com\/avatar\/272ed53352846a57a9f07f89720b22f58373dc9a85fa5b8ff49254ae02b61057?s=96&d=mm&r=g","caption":"Manuela Beriozza"}}]}},"_links":{"self":[{"href":"https:\/\/www.ilnotiziario.net\/wp\/wp-json\/wp\/v2\/posts\/204249","targetHints":{"allow":["GET"]}}],"collection":[{"href":"https:\/\/www.ilnotiziario.net\/wp\/wp-json\/wp\/v2\/posts"}],"about":[{"href":"https:\/\/www.ilnotiziario.net\/wp\/wp-json\/wp\/v2\/types\/post"}],"author":[{"embeddable":true,"href":"https:\/\/www.ilnotiziario.net\/wp\/wp-json\/wp\/v2\/users\/223159"}],"replies":[{"embeddable":true,"href":"https:\/\/www.ilnotiziario.net\/wp\/wp-json\/wp\/v2\/comments?post=204249"}],"version-history":[{"count":0,"href":"https:\/\/www.ilnotiziario.net\/wp\/wp-json\/wp\/v2\/posts\/204249\/revisions"}],"wp:featuredmedia":[{"embeddable":true,"href":"https:\/\/www.ilnotiziario.net\/wp\/wp-json\/wp\/v2\/media\/204254"}],"wp:attachment":[{"href":"https:\/\/www.ilnotiziario.net\/wp\/wp-json\/wp\/v2\/media?parent=204249"}],"wp:term":[{"taxonomy":"category","embeddable":true,"href":"https:\/\/www.ilnotiziario.net\/wp\/wp-json\/wp\/v2\/categories?post=204249"},{"taxonomy":"post_tag","embeddable":true,"href":"https:\/\/www.ilnotiziario.net\/wp\/wp-json\/wp\/v2\/tags?post=204249"}],"curies":[{"name":"wp","href":"https:\/\/api.w.org\/{rel}","templated":true}]}}