{"id":204257,"date":"2025-03-08T18:37:29","date_gmt":"2025-03-08T17:37:29","guid":{"rendered":"https:\/\/www.ilnotiziario.net\/wp\/?p=204257"},"modified":"2025-03-07T20:38:07","modified_gmt":"2025-03-07T19:38:07","slug":"novate-nuovi-soggetti-interessati-alla-gestione-del-poli","status":"publish","type":"post","link":"https:\/\/www.ilnotiziario.net\/wp\/prima-pagina\/novate-nuovi-soggetti-interessati-alla-gestione-del-poli\/","title":{"rendered":"Novate, nuovi soggetti interessati alla gestione del Pol\u00ec"},"content":{"rendered":"<p>08Novate, nuovi soggetti interessati alla gestione del Pol\u00ec.<br \/>\nLa situazione del Pol\u00ec \u00e8 tornata in Consiglio Comunale attraverso l\u2019interrogazione del Pd riguardante lo stato attuale dell\u2019impianto da un punto di vista sia di gestione sia strutturale, ma al momento non sono giunte notizie definitive anche se il Pol\u00ec sembra avere delle interessanti candidature. Tuttavia, anche in caso di una proposta a breve, si potrebbe ipotizzare di arrivare alla seconda met\u00e0 del 2026 considerando gli inevitabili tempi tecnici. Escludendo l\u2019eventuale sorgere di problematiche, infatti si potrebbero quantificare in circa 18 i mesi complessivamente necessari per la conclusione della parte amministrativa di assegnazione e l\u2019esecuzione dei lavori da parte della societ\u00e0 assegnataria per ripristinare le funzionalit\u00e0 dell\u2019impianto.<\/p><div id=\"ilnot-173791148\" class=\"ilnot-contenuto ilnot-entity-placement\"><p><!-- incontent_1 --><\/p>\n<div class=\"gptslot\" data-adunitid=\"1\"><\/div>\n<\/div>\n<h2>Novate, nuovi soggetti interessati alla gestione del Pol\u00ec. Parla il sindaco<\/h2>\n<p>Il sindaco Palladino ha confermato la prosecuzione del dialogo con la Ticino Nuoto, unica societ\u00e0 in possesso delle credenziali adeguate allo scopo ad aver risposto alla precedente manifestazione d\u2019interesse, ma si sarebbero poi aggiunti almeno altri 3 soggetti potenzialmente in grado di presentare un\u2019adeguata proposta di gestione. Va per\u00f2 considerato che questo tipo di proposta richiede la presentazione all\u2019Amministrazione di un documento piuttosto impegnativo con relative tempistiche di stesura, perci\u00f2 finch\u00e9 le societ\u00e0 non avranno concretamente fatto questo passo non sar\u00e0 possibile sbilanciarsi sul futuro del Pol\u00ec. \u00c8 stato anche preso in considerazione il problema degli atti vandalici che nel tempo hanno peggiorato la situazione della struttura.<\/p>\n<p>Il sistema di antifurto fatto attivare dall\u2019Amministrazione la scorsa estate, a sua volta danneggiato, \u00e8 stato ripristinato con la possibilit\u00e0 di intervento della vigilanza in caso di intrusione. Sarebbe infatti troppo onerosa la presenza costante di una guardia all\u2019interno del Pol\u00ec, fatto salvo che poi il nuovo gestore avrebbe in carico questo aspetto e potrebbe adottare ulteriori provvedimenti per aumentare la sicurezza. Da un punto di vista tecnico appare invece indispensabile l\u2019acquisizione da parte del comune dell\u2019impianto di cogenerazione ora di propriet\u00e0 di Sorgenia, la quale far\u00e0 pervenire all\u2019Amministrazione la relazione da far valutare a un proprio perito che ne stimer\u00e0 il valore.<\/p><div id=\"ilnot-904185664\" class=\"ilnot-contenuto_2 ilnot-entity-placement\"><div class=\"ads-wrapper\">\n<div class=\"ad-slot\">\n   <div id=\"ilnot-3415743902\" style=\"margin-right: auto;margin-left: auto;text-align: center;width: 320px;height: 100px;\"><a href=\"https:\/\/www.scuolasicurezza.it\/\"><img decoding=\"async\" src=\"https:\/\/www.ilnotiziario.net\/wp\/wp-content\/uploads\/2026\/04\/IlNotiziario_banner-sito-e-newsletter-320-x-100-px-1.gif\" alt=\"\"><\/a><\/div>\n  <\/div>\n<div class=\"ad-slot\">\n   <div id=\"ilnot-1892400381\" style=\"margin-right: auto;margin-left: auto;text-align: center;width: 320px;height: 100px;\"><a href=\"https:\/\/purodesignarredamenti.com\/\"><img decoding=\"async\" src=\"https:\/\/www.ilnotiziario.net\/wp\/wp-content\/uploads\/2026\/04\/banner-puro-ok.gif\" alt=\"whatsapp\"><\/a><\/div><\/p><\/div>\n<\/div>\n<\/div>\n","protected":false},"excerpt":{"rendered":"<p>08Novate, nuovi soggetti interessati alla gestione del Pol\u00ec. La situazione del Pol\u00ec \u00e8 tornata in Consiglio Comunale attraverso l\u2019interrogazione del Pd riguardante lo stato attuale dell\u2019impianto da un punto di vista sia di gestione sia strutturale, ma al momento non sono giunte notizie definitive anche se il Pol\u00ec sembra avere delle interessanti candidature. Tuttavia, anche<\/p>\n","protected":false},"author":14,"featured_media":204258,"comment_status":"closed","ping_status":"closed","sticky":false,"template":"","format":"standard","meta":{"footnotes":""},"categories":[8,20],"tags":[2663,17547,172,13170],"class_list":{"0":"post-204257","1":"post","2":"type-post","3":"status-publish","4":"format-standard","5":"has-post-thumbnail","7":"category-bollatese","8":"category-prima-pagina","9":"tag-gestione","10":"tag-interessati","11":"tag-novate","12":"tag-poli"},"yoast_head":"<!-- This site is optimized with the Yoast SEO plugin v27.4 - https:\/\/yoast.com\/product\/yoast-seo-wordpress\/ -->\n<title>Novate, nuovi soggetti interessati alla gestione del Pol\u00ec - Il Notiziario<\/title>\n<meta name=\"description\" content=\"08Novate, nuovi soggetti interessati alla gestione del Pol\u00ec. La situazione del Pol\u00ec \u00e8 tornata in Consiglio Comunale attraverso l\u2019interrogazione del Pd\" \/>\n<meta name=\"robots\" content=\"index, follow, max-snippet:-1, max-image-preview:large, max-video-preview:-1\" \/>\n<link rel=\"canonical\" href=\"https:\/\/www.ilnotiziario.net\/wp\/prima-pagina\/novate-nuovi-soggetti-interessati-alla-gestione-del-poli\/\" \/>\n<meta property=\"og:locale\" content=\"it_IT\" \/>\n<meta property=\"og:type\" content=\"article\" \/>\n<meta property=\"og:title\" content=\"Novate, nuovi soggetti interessati alla gestione del Pol\u00ec - Il Notiziario\" \/>\n<meta property=\"og:description\" content=\"08Novate, nuovi soggetti interessati alla gestione del Pol\u00ec. La situazione del Pol\u00ec \u00e8 tornata in Consiglio Comunale attraverso l\u2019interrogazione del Pd\" \/>\n<meta property=\"og:url\" content=\"https:\/\/www.ilnotiziario.net\/wp\/prima-pagina\/novate-nuovi-soggetti-interessati-alla-gestione-del-poli\/\" \/>\n<meta property=\"og:site_name\" content=\"Il Notiziario\" \/>\n<meta property=\"article:publisher\" content=\"https:\/\/www.facebook.com\/ilnotiziarioind\/\" \/>\n<meta property=\"article:published_time\" content=\"2025-03-08T17:37:29+00:00\" \/>\n<meta property=\"og:image\" content=\"https:\/\/www.ilnotiziario.net\/wp\/wp-content\/uploads\/2025\/03\/Novate-interessati-gestione-Poli.jpg\" \/>\n\t<meta property=\"og:image:width\" content=\"902\" \/>\n\t<meta property=\"og:image:height\" content=\"575\" \/>\n\t<meta property=\"og:image:type\" content=\"image\/jpeg\" \/>\n<meta name=\"author\" content=\"Silvia Citterio\" \/>\n<meta name=\"twitter:card\" content=\"summary_large_image\" \/>\n<meta name=\"twitter:creator\" content=\"@ilNotiziarioInd\" \/>\n<meta name=\"twitter:site\" content=\"@ilNotiziarioInd\" \/>\n<meta name=\"twitter:label1\" content=\"Scritto da\" \/>\n\t<meta name=\"twitter:data1\" content=\"Silvia Citterio\" \/>\n\t<meta name=\"twitter:label2\" content=\"Tempo di lettura stimato\" \/>\n\t<meta name=\"twitter:data2\" content=\"2 minuti\" \/>\n<script type=\"application\/ld+json\" class=\"yoast-schema-graph\">{\"@context\":\"https:\\\/\\\/schema.org\",\"@graph\":[{\"@type\":\"Article\",\"@id\":\"https:\\\/\\\/www.ilnotiziario.net\\\/wp\\\/prima-pagina\\\/novate-nuovi-soggetti-interessati-alla-gestione-del-poli\\\/#article\",\"isPartOf\":{\"@id\":\"https:\\\/\\\/www.ilnotiziario.net\\\/wp\\\/prima-pagina\\\/novate-nuovi-soggetti-interessati-alla-gestione-del-poli\\\/\"},\"author\":{\"name\":\"Silvia Citterio\",\"@id\":\"https:\\\/\\\/www.ilnotiziario.net\\\/wp\\\/#\\\/schema\\\/person\\\/c5bca2edc3d99d29959f04a6126f687b\"},\"headline\":\"Novate, nuovi soggetti interessati alla gestione del Pol\u00ec\",\"datePublished\":\"2025-03-08T17:37:29+00:00\",\"mainEntityOfPage\":{\"@id\":\"https:\\\/\\\/www.ilnotiziario.net\\\/wp\\\/prima-pagina\\\/novate-nuovi-soggetti-interessati-alla-gestione-del-poli\\\/\"},\"wordCount\":351,\"publisher\":{\"@id\":\"https:\\\/\\\/www.ilnotiziario.net\\\/wp\\\/#organization\"},\"image\":{\"@id\":\"https:\\\/\\\/www.ilnotiziario.net\\\/wp\\\/prima-pagina\\\/novate-nuovi-soggetti-interessati-alla-gestione-del-poli\\\/#primaryimage\"},\"thumbnailUrl\":\"https:\\\/\\\/www.ilnotiziario.net\\\/wp\\\/wp-content\\\/uploads\\\/2025\\\/03\\\/Novate-interessati-gestione-Poli.jpg\",\"keywords\":[\"gestione\",\"interessati\",\"novate\",\"Pol\u00ec\"],\"articleSection\":[\"BOLLATESE\",\"Prima Pagina\"],\"inLanguage\":\"it-IT\"},{\"@type\":\"WebPage\",\"@id\":\"https:\\\/\\\/www.ilnotiziario.net\\\/wp\\\/prima-pagina\\\/novate-nuovi-soggetti-interessati-alla-gestione-del-poli\\\/\",\"url\":\"https:\\\/\\\/www.ilnotiziario.net\\\/wp\\\/prima-pagina\\\/novate-nuovi-soggetti-interessati-alla-gestione-del-poli\\\/\",\"name\":\"Novate, nuovi soggetti interessati alla gestione del Pol\u00ec - Il Notiziario\",\"isPartOf\":{\"@id\":\"https:\\\/\\\/www.ilnotiziario.net\\\/wp\\\/#website\"},\"primaryImageOfPage\":{\"@id\":\"https:\\\/\\\/www.ilnotiziario.net\\\/wp\\\/prima-pagina\\\/novate-nuovi-soggetti-interessati-alla-gestione-del-poli\\\/#primaryimage\"},\"image\":{\"@id\":\"https:\\\/\\\/www.ilnotiziario.net\\\/wp\\\/prima-pagina\\\/novate-nuovi-soggetti-interessati-alla-gestione-del-poli\\\/#primaryimage\"},\"thumbnailUrl\":\"https:\\\/\\\/www.ilnotiziario.net\\\/wp\\\/wp-content\\\/uploads\\\/2025\\\/03\\\/Novate-interessati-gestione-Poli.jpg\",\"datePublished\":\"2025-03-08T17:37:29+00:00\",\"description\":\"08Novate, nuovi soggetti interessati alla gestione del Pol\u00ec. La situazione del Pol\u00ec \u00e8 tornata in Consiglio Comunale attraverso l\u2019interrogazione del Pd\",\"breadcrumb\":{\"@id\":\"https:\\\/\\\/www.ilnotiziario.net\\\/wp\\\/prima-pagina\\\/novate-nuovi-soggetti-interessati-alla-gestione-del-poli\\\/#breadcrumb\"},\"inLanguage\":\"it-IT\",\"potentialAction\":[{\"@type\":\"ReadAction\",\"target\":[\"https:\\\/\\\/www.ilnotiziario.net\\\/wp\\\/prima-pagina\\\/novate-nuovi-soggetti-interessati-alla-gestione-del-poli\\\/\"]}]},{\"@type\":\"ImageObject\",\"inLanguage\":\"it-IT\",\"@id\":\"https:\\\/\\\/www.ilnotiziario.net\\\/wp\\\/prima-pagina\\\/novate-nuovi-soggetti-interessati-alla-gestione-del-poli\\\/#primaryimage\",\"url\":\"https:\\\/\\\/www.ilnotiziario.net\\\/wp\\\/wp-content\\\/uploads\\\/2025\\\/03\\\/Novate-interessati-gestione-Poli.jpg\",\"contentUrl\":\"https:\\\/\\\/www.ilnotiziario.net\\\/wp\\\/wp-content\\\/uploads\\\/2025\\\/03\\\/Novate-interessati-gestione-Poli.jpg\",\"width\":902,\"height\":575,\"caption\":\"Novate interessati gestione Pol\u00ec\"},{\"@type\":\"BreadcrumbList\",\"@id\":\"https:\\\/\\\/www.ilnotiziario.net\\\/wp\\\/prima-pagina\\\/novate-nuovi-soggetti-interessati-alla-gestione-del-poli\\\/#breadcrumb\",\"itemListElement\":[{\"@type\":\"ListItem\",\"position\":1,\"name\":\"tds_text_logo_tagline_colortds_text_logo_tagline_colortds_text_logo_tagline_colortds_text_logo_tagline_colortd_module_7_title_excerpttd_module_7_title_excerpttd_module_7_title_excerpttd_module_7_title_excerptHome\",\"item\":\"https:\\\/\\\/www.ilnotiziario.net\\\/wp\\\/\"},{\"@type\":\"ListItem\",\"position\":2,\"name\":\"Novate, nuovi soggetti interessati alla gestione del Pol\u00ec\"}]},{\"@type\":\"WebSite\",\"@id\":\"https:\\\/\\\/www.ilnotiziario.net\\\/wp\\\/#website\",\"url\":\"https:\\\/\\\/www.ilnotiziario.net\\\/wp\\\/\",\"name\":\"Il Notiziario\",\"description\":\"Per restare sempre connessi alla notizia\",\"publisher\":{\"@id\":\"https:\\\/\\\/www.ilnotiziario.net\\\/wp\\\/#organization\"},\"alternateName\":\"Il Notiziario Bollate\",\"potentialAction\":[{\"@type\":\"SearchAction\",\"target\":{\"@type\":\"EntryPoint\",\"urlTemplate\":\"https:\\\/\\\/www.ilnotiziario.net\\\/wp\\\/?s={search_term_string}\"},\"query-input\":{\"@type\":\"PropertyValueSpecification\",\"valueRequired\":true,\"valueName\":\"search_term_string\"}}],\"inLanguage\":\"it-IT\"},{\"@type\":\"Organization\",\"@id\":\"https:\\\/\\\/www.ilnotiziario.net\\\/wp\\\/#organization\",\"name\":\"Il Notiziario\",\"url\":\"https:\\\/\\\/www.ilnotiziario.net\\\/wp\\\/\",\"logo\":{\"@type\":\"ImageObject\",\"inLanguage\":\"it-IT\",\"@id\":\"https:\\\/\\\/www.ilnotiziario.net\\\/wp\\\/#\\\/schema\\\/logo\\\/image\\\/\",\"url\":\"https:\\\/\\\/www.ilnotiziario.net\\\/wp\\\/wp-content\\\/uploads\\\/2022\\\/06\\\/170x170ilN.png\",\"contentUrl\":\"https:\\\/\\\/www.ilnotiziario.net\\\/wp\\\/wp-content\\\/uploads\\\/2022\\\/06\\\/170x170ilN.png\",\"width\":355,\"height\":355,\"caption\":\"Il Notiziario\"},\"image\":{\"@id\":\"https:\\\/\\\/www.ilnotiziario.net\\\/wp\\\/#\\\/schema\\\/logo\\\/image\\\/\"},\"sameAs\":[\"https:\\\/\\\/www.facebook.com\\\/ilnotiziarioind\\\/\",\"https:\\\/\\\/x.com\\\/ilNotiziarioInd\",\"https:\\\/\\\/www.instagram.com\\\/ilnotiziario_settimanale\\\/\"]},{\"@type\":\"Person\",\"@id\":\"https:\\\/\\\/www.ilnotiziario.net\\\/wp\\\/#\\\/schema\\\/person\\\/c5bca2edc3d99d29959f04a6126f687b\",\"name\":\"Silvia Citterio\",\"image\":{\"@type\":\"ImageObject\",\"inLanguage\":\"it-IT\",\"@id\":\"https:\\\/\\\/secure.gravatar.com\\\/avatar\\\/03eb19c63b944e79a9b5ce53ca5d1ca303edcf368a68721ec3ccaae7f98c5afd?s=96&d=mm&r=g\",\"url\":\"https:\\\/\\\/secure.gravatar.com\\\/avatar\\\/03eb19c63b944e79a9b5ce53ca5d1ca303edcf368a68721ec3ccaae7f98c5afd?s=96&d=mm&r=g\",\"contentUrl\":\"https:\\\/\\\/secure.gravatar.com\\\/avatar\\\/03eb19c63b944e79a9b5ce53ca5d1ca303edcf368a68721ec3ccaae7f98c5afd?s=96&d=mm&r=g\",\"caption\":\"Silvia Citterio\"}}]}<\/script>\n<!-- \/ Yoast SEO plugin. -->","yoast_head_json":{"title":"Novate, nuovi soggetti interessati alla gestione del Pol\u00ec - Il Notiziario","description":"08Novate, nuovi soggetti interessati alla gestione del Pol\u00ec. La situazione del Pol\u00ec \u00e8 tornata in Consiglio Comunale attraverso l\u2019interrogazione del Pd","robots":{"index":"index","follow":"follow","max-snippet":"max-snippet:-1","max-image-preview":"max-image-preview:large","max-video-preview":"max-video-preview:-1"},"canonical":"https:\/\/www.ilnotiziario.net\/wp\/prima-pagina\/novate-nuovi-soggetti-interessati-alla-gestione-del-poli\/","og_locale":"it_IT","og_type":"article","og_title":"Novate, nuovi soggetti interessati alla gestione del Pol\u00ec - Il Notiziario","og_description":"08Novate, nuovi soggetti interessati alla gestione del Pol\u00ec. La situazione del Pol\u00ec \u00e8 tornata in Consiglio Comunale attraverso l\u2019interrogazione del Pd","og_url":"https:\/\/www.ilnotiziario.net\/wp\/prima-pagina\/novate-nuovi-soggetti-interessati-alla-gestione-del-poli\/","og_site_name":"Il Notiziario","article_publisher":"https:\/\/www.facebook.com\/ilnotiziarioind\/","article_published_time":"2025-03-08T17:37:29+00:00","og_image":[{"width":902,"height":575,"url":"https:\/\/www.ilnotiziario.net\/wp\/wp-content\/uploads\/2025\/03\/Novate-interessati-gestione-Poli.jpg","type":"image\/jpeg"}],"author":"Silvia Citterio","twitter_card":"summary_large_image","twitter_creator":"@ilNotiziarioInd","twitter_site":"@ilNotiziarioInd","twitter_misc":{"Scritto da":"Silvia Citterio","Tempo di lettura stimato":"2 minuti"},"schema":{"@context":"https:\/\/schema.org","@graph":[{"@type":"Article","@id":"https:\/\/www.ilnotiziario.net\/wp\/prima-pagina\/novate-nuovi-soggetti-interessati-alla-gestione-del-poli\/#article","isPartOf":{"@id":"https:\/\/www.ilnotiziario.net\/wp\/prima-pagina\/novate-nuovi-soggetti-interessati-alla-gestione-del-poli\/"},"author":{"name":"Silvia Citterio","@id":"https:\/\/www.ilnotiziario.net\/wp\/#\/schema\/person\/c5bca2edc3d99d29959f04a6126f687b"},"headline":"Novate, nuovi soggetti interessati alla gestione del Pol\u00ec","datePublished":"2025-03-08T17:37:29+00:00","mainEntityOfPage":{"@id":"https:\/\/www.ilnotiziario.net\/wp\/prima-pagina\/novate-nuovi-soggetti-interessati-alla-gestione-del-poli\/"},"wordCount":351,"publisher":{"@id":"https:\/\/www.ilnotiziario.net\/wp\/#organization"},"image":{"@id":"https:\/\/www.ilnotiziario.net\/wp\/prima-pagina\/novate-nuovi-soggetti-interessati-alla-gestione-del-poli\/#primaryimage"},"thumbnailUrl":"https:\/\/www.ilnotiziario.net\/wp\/wp-content\/uploads\/2025\/03\/Novate-interessati-gestione-Poli.jpg","keywords":["gestione","interessati","novate","Pol\u00ec"],"articleSection":["BOLLATESE","Prima Pagina"],"inLanguage":"it-IT"},{"@type":"WebPage","@id":"https:\/\/www.ilnotiziario.net\/wp\/prima-pagina\/novate-nuovi-soggetti-interessati-alla-gestione-del-poli\/","url":"https:\/\/www.ilnotiziario.net\/wp\/prima-pagina\/novate-nuovi-soggetti-interessati-alla-gestione-del-poli\/","name":"Novate, nuovi soggetti interessati alla gestione del Pol\u00ec - Il Notiziario","isPartOf":{"@id":"https:\/\/www.ilnotiziario.net\/wp\/#website"},"primaryImageOfPage":{"@id":"https:\/\/www.ilnotiziario.net\/wp\/prima-pagina\/novate-nuovi-soggetti-interessati-alla-gestione-del-poli\/#primaryimage"},"image":{"@id":"https:\/\/www.ilnotiziario.net\/wp\/prima-pagina\/novate-nuovi-soggetti-interessati-alla-gestione-del-poli\/#primaryimage"},"thumbnailUrl":"https:\/\/www.ilnotiziario.net\/wp\/wp-content\/uploads\/2025\/03\/Novate-interessati-gestione-Poli.jpg","datePublished":"2025-03-08T17:37:29+00:00","description":"08Novate, nuovi soggetti interessati alla gestione del Pol\u00ec. La situazione del Pol\u00ec \u00e8 tornata in Consiglio Comunale attraverso l\u2019interrogazione del Pd","breadcrumb":{"@id":"https:\/\/www.ilnotiziario.net\/wp\/prima-pagina\/novate-nuovi-soggetti-interessati-alla-gestione-del-poli\/#breadcrumb"},"inLanguage":"it-IT","potentialAction":[{"@type":"ReadAction","target":["https:\/\/www.ilnotiziario.net\/wp\/prima-pagina\/novate-nuovi-soggetti-interessati-alla-gestione-del-poli\/"]}]},{"@type":"ImageObject","inLanguage":"it-IT","@id":"https:\/\/www.ilnotiziario.net\/wp\/prima-pagina\/novate-nuovi-soggetti-interessati-alla-gestione-del-poli\/#primaryimage","url":"https:\/\/www.ilnotiziario.net\/wp\/wp-content\/uploads\/2025\/03\/Novate-interessati-gestione-Poli.jpg","contentUrl":"https:\/\/www.ilnotiziario.net\/wp\/wp-content\/uploads\/2025\/03\/Novate-interessati-gestione-Poli.jpg","width":902,"height":575,"caption":"Novate interessati gestione Pol\u00ec"},{"@type":"BreadcrumbList","@id":"https:\/\/www.ilnotiziario.net\/wp\/prima-pagina\/novate-nuovi-soggetti-interessati-alla-gestione-del-poli\/#breadcrumb","itemListElement":[{"@type":"ListItem","position":1,"name":"tds_text_logo_tagline_colortds_text_logo_tagline_colortds_text_logo_tagline_colortds_text_logo_tagline_colortd_module_7_title_excerpttd_module_7_title_excerpttd_module_7_title_excerpttd_module_7_title_excerptHome","item":"https:\/\/www.ilnotiziario.net\/wp\/"},{"@type":"ListItem","position":2,"name":"Novate, nuovi soggetti interessati alla gestione del Pol\u00ec"}]},{"@type":"WebSite","@id":"https:\/\/www.ilnotiziario.net\/wp\/#website","url":"https:\/\/www.ilnotiziario.net\/wp\/","name":"Il Notiziario","description":"Per restare sempre connessi alla notizia","publisher":{"@id":"https:\/\/www.ilnotiziario.net\/wp\/#organization"},"alternateName":"Il Notiziario Bollate","potentialAction":[{"@type":"SearchAction","target":{"@type":"EntryPoint","urlTemplate":"https:\/\/www.ilnotiziario.net\/wp\/?s={search_term_string}"},"query-input":{"@type":"PropertyValueSpecification","valueRequired":true,"valueName":"search_term_string"}}],"inLanguage":"it-IT"},{"@type":"Organization","@id":"https:\/\/www.ilnotiziario.net\/wp\/#organization","name":"Il Notiziario","url":"https:\/\/www.ilnotiziario.net\/wp\/","logo":{"@type":"ImageObject","inLanguage":"it-IT","@id":"https:\/\/www.ilnotiziario.net\/wp\/#\/schema\/logo\/image\/","url":"https:\/\/www.ilnotiziario.net\/wp\/wp-content\/uploads\/2022\/06\/170x170ilN.png","contentUrl":"https:\/\/www.ilnotiziario.net\/wp\/wp-content\/uploads\/2022\/06\/170x170ilN.png","width":355,"height":355,"caption":"Il Notiziario"},"image":{"@id":"https:\/\/www.ilnotiziario.net\/wp\/#\/schema\/logo\/image\/"},"sameAs":["https:\/\/www.facebook.com\/ilnotiziarioind\/","https:\/\/x.com\/ilNotiziarioInd","https:\/\/www.instagram.com\/ilnotiziario_settimanale\/"]},{"@type":"Person","@id":"https:\/\/www.ilnotiziario.net\/wp\/#\/schema\/person\/c5bca2edc3d99d29959f04a6126f687b","name":"Silvia Citterio","image":{"@type":"ImageObject","inLanguage":"it-IT","@id":"https:\/\/secure.gravatar.com\/avatar\/03eb19c63b944e79a9b5ce53ca5d1ca303edcf368a68721ec3ccaae7f98c5afd?s=96&d=mm&r=g","url":"https:\/\/secure.gravatar.com\/avatar\/03eb19c63b944e79a9b5ce53ca5d1ca303edcf368a68721ec3ccaae7f98c5afd?s=96&d=mm&r=g","contentUrl":"https:\/\/secure.gravatar.com\/avatar\/03eb19c63b944e79a9b5ce53ca5d1ca303edcf368a68721ec3ccaae7f98c5afd?s=96&d=mm&r=g","caption":"Silvia Citterio"}}]}},"_links":{"self":[{"href":"https:\/\/www.ilnotiziario.net\/wp\/wp-json\/wp\/v2\/posts\/204257","targetHints":{"allow":["GET"]}}],"collection":[{"href":"https:\/\/www.ilnotiziario.net\/wp\/wp-json\/wp\/v2\/posts"}],"about":[{"href":"https:\/\/www.ilnotiziario.net\/wp\/wp-json\/wp\/v2\/types\/post"}],"author":[{"embeddable":true,"href":"https:\/\/www.ilnotiziario.net\/wp\/wp-json\/wp\/v2\/users\/14"}],"replies":[{"embeddable":true,"href":"https:\/\/www.ilnotiziario.net\/wp\/wp-json\/wp\/v2\/comments?post=204257"}],"version-history":[{"count":0,"href":"https:\/\/www.ilnotiziario.net\/wp\/wp-json\/wp\/v2\/posts\/204257\/revisions"}],"wp:featuredmedia":[{"embeddable":true,"href":"https:\/\/www.ilnotiziario.net\/wp\/wp-json\/wp\/v2\/media\/204258"}],"wp:attachment":[{"href":"https:\/\/www.ilnotiziario.net\/wp\/wp-json\/wp\/v2\/media?parent=204257"}],"wp:term":[{"taxonomy":"category","embeddable":true,"href":"https:\/\/www.ilnotiziario.net\/wp\/wp-json\/wp\/v2\/categories?post=204257"},{"taxonomy":"post_tag","embeddable":true,"href":"https:\/\/www.ilnotiziario.net\/wp\/wp-json\/wp\/v2\/tags?post=204257"}],"curies":[{"name":"wp","href":"https:\/\/api.w.org\/{rel}","templated":true}]}}