{"id":204792,"date":"2025-03-29T12:12:52","date_gmt":"2025-03-29T11:12:52","guid":{"rendered":"https:\/\/www.ilnotiziario.net\/wp\/?p=204792"},"modified":"2025-03-29T09:13:46","modified_gmt":"2025-03-29T08:13:46","slug":"baranzate-leroy-merlin-chiudera-fra-un-anno","status":"publish","type":"post","link":"https:\/\/www.ilnotiziario.net\/wp\/prima-pagina\/baranzate-leroy-merlin-chiudera-fra-un-anno\/","title":{"rendered":"Baranzate, Leroy Merlin chiuder\u00e0 fra un anno"},"content":{"rendered":"<p>Baranzate, Leroy Merlin chiuder\u00e0 fra un anno.<br \/>\nTra un anno e un mese Baranzate perder\u00e0 il Leroy Merlin. Il negozio della prestigiosa catena francese infatti chiuder\u00e0 i battenti per spostarsi in un\u2019area commerciale pi\u00f9 sviluppata, proprio come ha gi\u00e0 fatto il Decathlon.<\/p><div id=\"ilnot-3313322900\" class=\"ilnot-contenuto ilnot-entity-placement\"><p><!-- incontent_1 --><\/p>\n<div class=\"gptslot\" data-adunitid=\"1\"><\/div>\n<\/div>\n<p>Ma se il Decathlon si \u00e8 spostato al centro commerciale Merlata Bloom di Milano, il Leroy Merlin si sposter\u00e0 al centro commerciale Il centro di Arese, dove sta per costruire un nuovo grande negozio. <a href=\"https:\/\/www.ilnotiziario.net\/wp\/bollatese\/leroy-merlin-nellex-alfa-di-arese-cosa-succedera-a-baranzate\/\"><strong>Che Leroy Merlin costruisse ad Arese lo avevamo gi\u00e0 annunciato da un anno<\/strong><\/a>, ma ancora non si sapeva ufficialmente se il negozio di Baranzate sarebbe stato chiuso. Il timore c\u2019era, ma non la certezza, che purtroppo \u00e8 arrivata venerd\u00ec mattina con la diffusione di un comunicato dell\u2019azienda, che fissa anche i tempi.<\/p>\n<h2>Baranzate, Leroy Merlin chiuder\u00e0 fra un anno. Dove e come sar\u00e0<\/h2>\n<p>Leroy Merlin ha annunciato infatti l\u2019apertura del nuovo punto vendita ad Arese, prevista per aprile 2026. Il negozio avr\u00e0 una superficie di 7.500 metri quadrati al coperto e 3.000 metri quadrati all\u2019esterno, dando lavoro a oltre 200 persone. \u201cQuesta nuova apertura rafforzer\u00e0 ulteriormente la presenza del marchio lungo l\u2019asse Milano-Varese e nelle aree circostanti, tra cui l\u2019hinterland milanese, Saronno e i comuni situati lungo la direttrice Milano- Como\u201d, spiega l\u2019azienda.<\/p><div id=\"ilnot-1927687660\" class=\"ilnot-contenuto_2 ilnot-entity-placement\"><div class=\"ads-wrapper\">\n<div class=\"ad-slot\">\n   <div id=\"ilnot-397574758\" style=\"margin-right: auto;margin-left: auto;text-align: center;width: 320px;height: 100px;\"><a href=\"https:\/\/www.scuolasicurezza.it\/\"><img decoding=\"async\" src=\"https:\/\/www.ilnotiziario.net\/wp\/wp-content\/uploads\/2026\/04\/IlNotiziario_banner-sito-e-newsletter-320-x-100-px-1.gif\" alt=\"\"><\/a><\/div>\n  <\/div>\n<div class=\"ad-slot\">\n   <div id=\"ilnot-311131392\" style=\"margin-right: auto;margin-left: auto;text-align: center;width: 320px;height: 100px;\"><a href=\"https:\/\/purodesignarredamenti.com\/\"><img decoding=\"async\" src=\"https:\/\/www.ilnotiziario.net\/wp\/wp-content\/uploads\/2026\/04\/banner-puro-ok.gif\" alt=\"whatsapp\"><\/a><\/div><\/p><\/div>\n<\/div>\n<\/div>\n<p>L\u2019iniziativa fa parte di un piano di riorganizzazione della rete di negozi Leroy Merlin nell\u2019area metropolitana di Milano, con l\u2019obiettivo di garantire una copertura pi\u00f9 capillare e una maggiore vicinanza ai clienti, per rispondere meglio alle loro esigenze. In questo contesto \u00e8 prevista la chiusura del punto vendita di Baranzate, che avverr\u00e0 a maggio del 2026, ossia tra un anno e un mese o poco pi\u00f9. Parallelamente, l\u2019azienda ha annunciato la modernizzazione dei negozi di Rozzano e Carugate, operazione che porter\u00e0 alla chiusura delle sedi di Assago e Agrate, rispettivamente a settembre e dicembre 2025. Leroy Merlin ha sottolineato che la riorganizzazione della rete commerciale non comporter\u00e0 licenziamenti. Ma certo significher\u00e0 per Baranzate la perdita di un brand di sicura immagine. Gi\u00e0 la perdita del Decathlon, sostituito dopo un anno da un negozio di una catena cinese, aveva indebolito la forza di quell\u2019area commerciale, ma la perdita del Leroy Merlin avr\u00e0 un peso ancor maggiore.<\/p>\n<h2>Cosa aprir\u00e0 al posto di Leroy Merlin?<\/h2>\n<p>Cosa verr\u00e0 al posto del Leroy ovviamente non si sa al momento, \u00e8 troppo presto per capire. Anche perch\u00e9 il valore di quel negozio (i cui muri sono della Leroy Merlin stessa) dipende anche da un altro fattore: tra un anno e un mese cosa ne sar\u00e0 dell\u2019Esselunga? A quell\u2019epoca si sapr\u00e0 sicuramente se rester\u00e0 l\u00ec dove \u00e8 ora o se costruir\u00e0 il nuovo supermercato al di l\u00e0 della Rho-Monza. E questo potrebbe cambiare di molto i valori di quel parco commerciale.<\/p>\n","protected":false},"excerpt":{"rendered":"<p>Baranzate, Leroy Merlin chiuder\u00e0 fra un anno. Tra un anno e un mese Baranzate perder\u00e0 il Leroy Merlin. Il negozio della prestigiosa catena francese infatti chiuder\u00e0 i battenti per spostarsi in un\u2019area commerciale pi\u00f9 sviluppata, proprio come ha gi\u00e0 fatto il Decathlon. Ma se il Decathlon si \u00e8 spostato al centro commerciale Merlata Bloom di<\/p>\n","protected":false},"author":14,"featured_media":204795,"comment_status":"closed","ping_status":"closed","sticky":false,"template":"","format":"standard","meta":{"footnotes":""},"categories":[8,20],"tags":[29,17602,454],"class_list":{"0":"post-204792","1":"post","2":"type-post","3":"status-publish","4":"format-standard","5":"has-post-thumbnail","7":"category-bollatese","8":"category-prima-pagina","9":"tag-baranzate","10":"tag-chiudera","11":"tag-leroy-merlin"},"yoast_head":"<!-- This site is optimized with the Yoast SEO plugin v27.5 - https:\/\/yoast.com\/product\/yoast-seo-wordpress\/ -->\n<title>Baranzate, Leroy Merlin chiuder\u00e0 fra un anno - Il Notiziario<\/title>\n<meta name=\"description\" content=\"Baranzate, Leroy Merlin chiuder\u00e0 fra un anno. Tra un anno e un mese Baranzate perder\u00e0 il Leroy Merlin. Il negozio della prestigiosa catena francese\" \/>\n<meta name=\"robots\" content=\"index, follow, max-snippet:-1, max-image-preview:large, max-video-preview:-1\" \/>\n<link rel=\"canonical\" href=\"https:\/\/www.ilnotiziario.net\/wp\/prima-pagina\/baranzate-leroy-merlin-chiudera-fra-un-anno\/\" \/>\n<meta property=\"og:locale\" content=\"it_IT\" \/>\n<meta property=\"og:type\" content=\"article\" \/>\n<meta property=\"og:title\" content=\"Baranzate, Leroy Merlin chiuder\u00e0 fra un anno - Il Notiziario\" \/>\n<meta property=\"og:description\" content=\"Baranzate, Leroy Merlin chiuder\u00e0 fra un anno. Tra un anno e un mese Baranzate perder\u00e0 il Leroy Merlin. Il negozio della prestigiosa catena francese\" \/>\n<meta property=\"og:url\" content=\"https:\/\/www.ilnotiziario.net\/wp\/prima-pagina\/baranzate-leroy-merlin-chiudera-fra-un-anno\/\" \/>\n<meta property=\"og:site_name\" content=\"Il Notiziario\" \/>\n<meta property=\"article:publisher\" content=\"https:\/\/www.facebook.com\/ilnotiziarioind\/\" \/>\n<meta property=\"article:published_time\" content=\"2025-03-29T11:12:52+00:00\" \/>\n<meta property=\"og:image\" content=\"https:\/\/www.ilnotiziario.net\/wp\/wp-content\/uploads\/2025\/03\/Baranzate-Leroy-Merlin-chiudera.jpg\" \/>\n\t<meta property=\"og:image:width\" content=\"907\" \/>\n\t<meta property=\"og:image:height\" content=\"539\" \/>\n\t<meta property=\"og:image:type\" content=\"image\/jpeg\" \/>\n<meta name=\"author\" content=\"Silvia Citterio\" \/>\n<meta name=\"twitter:card\" content=\"summary_large_image\" \/>\n<meta name=\"twitter:creator\" content=\"@ilNotiziarioInd\" \/>\n<meta name=\"twitter:site\" content=\"@ilNotiziarioInd\" \/>\n<meta name=\"twitter:label1\" content=\"Scritto da\" \/>\n\t<meta name=\"twitter:data1\" content=\"Silvia Citterio\" \/>\n\t<meta name=\"twitter:label2\" content=\"Tempo di lettura stimato\" \/>\n\t<meta name=\"twitter:data2\" content=\"3 minuti\" \/>\n<script type=\"application\/ld+json\" class=\"yoast-schema-graph\">{\"@context\":\"https:\\\/\\\/schema.org\",\"@graph\":[{\"@type\":\"Article\",\"@id\":\"https:\\\/\\\/www.ilnotiziario.net\\\/wp\\\/prima-pagina\\\/baranzate-leroy-merlin-chiudera-fra-un-anno\\\/#article\",\"isPartOf\":{\"@id\":\"https:\\\/\\\/www.ilnotiziario.net\\\/wp\\\/prima-pagina\\\/baranzate-leroy-merlin-chiudera-fra-un-anno\\\/\"},\"author\":{\"name\":\"Silvia Citterio\",\"@id\":\"https:\\\/\\\/www.ilnotiziario.net\\\/wp\\\/#\\\/schema\\\/person\\\/c5bca2edc3d99d29959f04a6126f687b\"},\"headline\":\"Baranzate, Leroy Merlin chiuder\u00e0 fra un anno\",\"datePublished\":\"2025-03-29T11:12:52+00:00\",\"mainEntityOfPage\":{\"@id\":\"https:\\\/\\\/www.ilnotiziario.net\\\/wp\\\/prima-pagina\\\/baranzate-leroy-merlin-chiudera-fra-un-anno\\\/\"},\"wordCount\":464,\"publisher\":{\"@id\":\"https:\\\/\\\/www.ilnotiziario.net\\\/wp\\\/#organization\"},\"image\":{\"@id\":\"https:\\\/\\\/www.ilnotiziario.net\\\/wp\\\/prima-pagina\\\/baranzate-leroy-merlin-chiudera-fra-un-anno\\\/#primaryimage\"},\"thumbnailUrl\":\"https:\\\/\\\/www.ilnotiziario.net\\\/wp\\\/wp-content\\\/uploads\\\/2025\\\/03\\\/Baranzate-Leroy-Merlin-chiudera.jpg\",\"keywords\":[\"Baranzate\",\"chiuder\u00e0\",\"leroy Merlin\"],\"articleSection\":[\"BOLLATESE\",\"Prima Pagina\"],\"inLanguage\":\"it-IT\"},{\"@type\":\"WebPage\",\"@id\":\"https:\\\/\\\/www.ilnotiziario.net\\\/wp\\\/prima-pagina\\\/baranzate-leroy-merlin-chiudera-fra-un-anno\\\/\",\"url\":\"https:\\\/\\\/www.ilnotiziario.net\\\/wp\\\/prima-pagina\\\/baranzate-leroy-merlin-chiudera-fra-un-anno\\\/\",\"name\":\"Baranzate, Leroy Merlin chiuder\u00e0 fra un anno - Il Notiziario\",\"isPartOf\":{\"@id\":\"https:\\\/\\\/www.ilnotiziario.net\\\/wp\\\/#website\"},\"primaryImageOfPage\":{\"@id\":\"https:\\\/\\\/www.ilnotiziario.net\\\/wp\\\/prima-pagina\\\/baranzate-leroy-merlin-chiudera-fra-un-anno\\\/#primaryimage\"},\"image\":{\"@id\":\"https:\\\/\\\/www.ilnotiziario.net\\\/wp\\\/prima-pagina\\\/baranzate-leroy-merlin-chiudera-fra-un-anno\\\/#primaryimage\"},\"thumbnailUrl\":\"https:\\\/\\\/www.ilnotiziario.net\\\/wp\\\/wp-content\\\/uploads\\\/2025\\\/03\\\/Baranzate-Leroy-Merlin-chiudera.jpg\",\"datePublished\":\"2025-03-29T11:12:52+00:00\",\"description\":\"Baranzate, Leroy Merlin chiuder\u00e0 fra un anno. Tra un anno e un mese Baranzate perder\u00e0 il Leroy Merlin. Il negozio della prestigiosa catena francese\",\"breadcrumb\":{\"@id\":\"https:\\\/\\\/www.ilnotiziario.net\\\/wp\\\/prima-pagina\\\/baranzate-leroy-merlin-chiudera-fra-un-anno\\\/#breadcrumb\"},\"inLanguage\":\"it-IT\",\"potentialAction\":[{\"@type\":\"ReadAction\",\"target\":[\"https:\\\/\\\/www.ilnotiziario.net\\\/wp\\\/prima-pagina\\\/baranzate-leroy-merlin-chiudera-fra-un-anno\\\/\"]}]},{\"@type\":\"ImageObject\",\"inLanguage\":\"it-IT\",\"@id\":\"https:\\\/\\\/www.ilnotiziario.net\\\/wp\\\/prima-pagina\\\/baranzate-leroy-merlin-chiudera-fra-un-anno\\\/#primaryimage\",\"url\":\"https:\\\/\\\/www.ilnotiziario.net\\\/wp\\\/wp-content\\\/uploads\\\/2025\\\/03\\\/Baranzate-Leroy-Merlin-chiudera.jpg\",\"contentUrl\":\"https:\\\/\\\/www.ilnotiziario.net\\\/wp\\\/wp-content\\\/uploads\\\/2025\\\/03\\\/Baranzate-Leroy-Merlin-chiudera.jpg\",\"width\":907,\"height\":539,\"caption\":\"Baranzate Leroy Merlin chiuder\u00e0\"},{\"@type\":\"BreadcrumbList\",\"@id\":\"https:\\\/\\\/www.ilnotiziario.net\\\/wp\\\/prima-pagina\\\/baranzate-leroy-merlin-chiudera-fra-un-anno\\\/#breadcrumb\",\"itemListElement\":[{\"@type\":\"ListItem\",\"position\":1,\"name\":\"tds_text_logo_tagline_colortds_text_logo_tagline_colortds_text_logo_tagline_colortds_text_logo_tagline_colortd_module_7_title_excerpttd_module_7_title_excerpttd_module_7_title_excerpttd_module_7_title_excerptHome\",\"item\":\"https:\\\/\\\/www.ilnotiziario.net\\\/wp\\\/\"},{\"@type\":\"ListItem\",\"position\":2,\"name\":\"Baranzate, Leroy Merlin chiuder\u00e0 fra un anno\"}]},{\"@type\":\"WebSite\",\"@id\":\"https:\\\/\\\/www.ilnotiziario.net\\\/wp\\\/#website\",\"url\":\"https:\\\/\\\/www.ilnotiziario.net\\\/wp\\\/\",\"name\":\"Il Notiziario\",\"description\":\"Per restare sempre connessi alla notizia\",\"publisher\":{\"@id\":\"https:\\\/\\\/www.ilnotiziario.net\\\/wp\\\/#organization\"},\"alternateName\":\"Il Notiziario Bollate\",\"potentialAction\":[{\"@type\":\"SearchAction\",\"target\":{\"@type\":\"EntryPoint\",\"urlTemplate\":\"https:\\\/\\\/www.ilnotiziario.net\\\/wp\\\/?s={search_term_string}\"},\"query-input\":{\"@type\":\"PropertyValueSpecification\",\"valueRequired\":true,\"valueName\":\"search_term_string\"}}],\"inLanguage\":\"it-IT\"},{\"@type\":\"Organization\",\"@id\":\"https:\\\/\\\/www.ilnotiziario.net\\\/wp\\\/#organization\",\"name\":\"Il Notiziario\",\"url\":\"https:\\\/\\\/www.ilnotiziario.net\\\/wp\\\/\",\"logo\":{\"@type\":\"ImageObject\",\"inLanguage\":\"it-IT\",\"@id\":\"https:\\\/\\\/www.ilnotiziario.net\\\/wp\\\/#\\\/schema\\\/logo\\\/image\\\/\",\"url\":\"https:\\\/\\\/www.ilnotiziario.net\\\/wp\\\/wp-content\\\/uploads\\\/2022\\\/06\\\/170x170ilN.png\",\"contentUrl\":\"https:\\\/\\\/www.ilnotiziario.net\\\/wp\\\/wp-content\\\/uploads\\\/2022\\\/06\\\/170x170ilN.png\",\"width\":355,\"height\":355,\"caption\":\"Il Notiziario\"},\"image\":{\"@id\":\"https:\\\/\\\/www.ilnotiziario.net\\\/wp\\\/#\\\/schema\\\/logo\\\/image\\\/\"},\"sameAs\":[\"https:\\\/\\\/www.facebook.com\\\/ilnotiziarioind\\\/\",\"https:\\\/\\\/x.com\\\/ilNotiziarioInd\",\"https:\\\/\\\/www.instagram.com\\\/ilnotiziario_settimanale\\\/\"]},{\"@type\":\"Person\",\"@id\":\"https:\\\/\\\/www.ilnotiziario.net\\\/wp\\\/#\\\/schema\\\/person\\\/c5bca2edc3d99d29959f04a6126f687b\",\"name\":\"Silvia Citterio\",\"image\":{\"@type\":\"ImageObject\",\"inLanguage\":\"it-IT\",\"@id\":\"https:\\\/\\\/secure.gravatar.com\\\/avatar\\\/03eb19c63b944e79a9b5ce53ca5d1ca303edcf368a68721ec3ccaae7f98c5afd?s=96&d=mm&r=g\",\"url\":\"https:\\\/\\\/secure.gravatar.com\\\/avatar\\\/03eb19c63b944e79a9b5ce53ca5d1ca303edcf368a68721ec3ccaae7f98c5afd?s=96&d=mm&r=g\",\"contentUrl\":\"https:\\\/\\\/secure.gravatar.com\\\/avatar\\\/03eb19c63b944e79a9b5ce53ca5d1ca303edcf368a68721ec3ccaae7f98c5afd?s=96&d=mm&r=g\",\"caption\":\"Silvia Citterio\"}}]}<\/script>\n<!-- \/ Yoast SEO plugin. -->","yoast_head_json":{"title":"Baranzate, Leroy Merlin chiuder\u00e0 fra un anno - Il Notiziario","description":"Baranzate, Leroy Merlin chiuder\u00e0 fra un anno. Tra un anno e un mese Baranzate perder\u00e0 il Leroy Merlin. Il negozio della prestigiosa catena francese","robots":{"index":"index","follow":"follow","max-snippet":"max-snippet:-1","max-image-preview":"max-image-preview:large","max-video-preview":"max-video-preview:-1"},"canonical":"https:\/\/www.ilnotiziario.net\/wp\/prima-pagina\/baranzate-leroy-merlin-chiudera-fra-un-anno\/","og_locale":"it_IT","og_type":"article","og_title":"Baranzate, Leroy Merlin chiuder\u00e0 fra un anno - Il Notiziario","og_description":"Baranzate, Leroy Merlin chiuder\u00e0 fra un anno. Tra un anno e un mese Baranzate perder\u00e0 il Leroy Merlin. Il negozio della prestigiosa catena francese","og_url":"https:\/\/www.ilnotiziario.net\/wp\/prima-pagina\/baranzate-leroy-merlin-chiudera-fra-un-anno\/","og_site_name":"Il Notiziario","article_publisher":"https:\/\/www.facebook.com\/ilnotiziarioind\/","article_published_time":"2025-03-29T11:12:52+00:00","og_image":[{"width":907,"height":539,"url":"https:\/\/www.ilnotiziario.net\/wp\/wp-content\/uploads\/2025\/03\/Baranzate-Leroy-Merlin-chiudera.jpg","type":"image\/jpeg"}],"author":"Silvia Citterio","twitter_card":"summary_large_image","twitter_creator":"@ilNotiziarioInd","twitter_site":"@ilNotiziarioInd","twitter_misc":{"Scritto da":"Silvia Citterio","Tempo di lettura stimato":"3 minuti"},"schema":{"@context":"https:\/\/schema.org","@graph":[{"@type":"Article","@id":"https:\/\/www.ilnotiziario.net\/wp\/prima-pagina\/baranzate-leroy-merlin-chiudera-fra-un-anno\/#article","isPartOf":{"@id":"https:\/\/www.ilnotiziario.net\/wp\/prima-pagina\/baranzate-leroy-merlin-chiudera-fra-un-anno\/"},"author":{"name":"Silvia Citterio","@id":"https:\/\/www.ilnotiziario.net\/wp\/#\/schema\/person\/c5bca2edc3d99d29959f04a6126f687b"},"headline":"Baranzate, Leroy Merlin chiuder\u00e0 fra un anno","datePublished":"2025-03-29T11:12:52+00:00","mainEntityOfPage":{"@id":"https:\/\/www.ilnotiziario.net\/wp\/prima-pagina\/baranzate-leroy-merlin-chiudera-fra-un-anno\/"},"wordCount":464,"publisher":{"@id":"https:\/\/www.ilnotiziario.net\/wp\/#organization"},"image":{"@id":"https:\/\/www.ilnotiziario.net\/wp\/prima-pagina\/baranzate-leroy-merlin-chiudera-fra-un-anno\/#primaryimage"},"thumbnailUrl":"https:\/\/www.ilnotiziario.net\/wp\/wp-content\/uploads\/2025\/03\/Baranzate-Leroy-Merlin-chiudera.jpg","keywords":["Baranzate","chiuder\u00e0","leroy Merlin"],"articleSection":["BOLLATESE","Prima Pagina"],"inLanguage":"it-IT"},{"@type":"WebPage","@id":"https:\/\/www.ilnotiziario.net\/wp\/prima-pagina\/baranzate-leroy-merlin-chiudera-fra-un-anno\/","url":"https:\/\/www.ilnotiziario.net\/wp\/prima-pagina\/baranzate-leroy-merlin-chiudera-fra-un-anno\/","name":"Baranzate, Leroy Merlin chiuder\u00e0 fra un anno - Il Notiziario","isPartOf":{"@id":"https:\/\/www.ilnotiziario.net\/wp\/#website"},"primaryImageOfPage":{"@id":"https:\/\/www.ilnotiziario.net\/wp\/prima-pagina\/baranzate-leroy-merlin-chiudera-fra-un-anno\/#primaryimage"},"image":{"@id":"https:\/\/www.ilnotiziario.net\/wp\/prima-pagina\/baranzate-leroy-merlin-chiudera-fra-un-anno\/#primaryimage"},"thumbnailUrl":"https:\/\/www.ilnotiziario.net\/wp\/wp-content\/uploads\/2025\/03\/Baranzate-Leroy-Merlin-chiudera.jpg","datePublished":"2025-03-29T11:12:52+00:00","description":"Baranzate, Leroy Merlin chiuder\u00e0 fra un anno. Tra un anno e un mese Baranzate perder\u00e0 il Leroy Merlin. Il negozio della prestigiosa catena francese","breadcrumb":{"@id":"https:\/\/www.ilnotiziario.net\/wp\/prima-pagina\/baranzate-leroy-merlin-chiudera-fra-un-anno\/#breadcrumb"},"inLanguage":"it-IT","potentialAction":[{"@type":"ReadAction","target":["https:\/\/www.ilnotiziario.net\/wp\/prima-pagina\/baranzate-leroy-merlin-chiudera-fra-un-anno\/"]}]},{"@type":"ImageObject","inLanguage":"it-IT","@id":"https:\/\/www.ilnotiziario.net\/wp\/prima-pagina\/baranzate-leroy-merlin-chiudera-fra-un-anno\/#primaryimage","url":"https:\/\/www.ilnotiziario.net\/wp\/wp-content\/uploads\/2025\/03\/Baranzate-Leroy-Merlin-chiudera.jpg","contentUrl":"https:\/\/www.ilnotiziario.net\/wp\/wp-content\/uploads\/2025\/03\/Baranzate-Leroy-Merlin-chiudera.jpg","width":907,"height":539,"caption":"Baranzate Leroy Merlin chiuder\u00e0"},{"@type":"BreadcrumbList","@id":"https:\/\/www.ilnotiziario.net\/wp\/prima-pagina\/baranzate-leroy-merlin-chiudera-fra-un-anno\/#breadcrumb","itemListElement":[{"@type":"ListItem","position":1,"name":"tds_text_logo_tagline_colortds_text_logo_tagline_colortds_text_logo_tagline_colortds_text_logo_tagline_colortd_module_7_title_excerpttd_module_7_title_excerpttd_module_7_title_excerpttd_module_7_title_excerptHome","item":"https:\/\/www.ilnotiziario.net\/wp\/"},{"@type":"ListItem","position":2,"name":"Baranzate, Leroy Merlin chiuder\u00e0 fra un anno"}]},{"@type":"WebSite","@id":"https:\/\/www.ilnotiziario.net\/wp\/#website","url":"https:\/\/www.ilnotiziario.net\/wp\/","name":"Il Notiziario","description":"Per restare sempre connessi alla notizia","publisher":{"@id":"https:\/\/www.ilnotiziario.net\/wp\/#organization"},"alternateName":"Il Notiziario Bollate","potentialAction":[{"@type":"SearchAction","target":{"@type":"EntryPoint","urlTemplate":"https:\/\/www.ilnotiziario.net\/wp\/?s={search_term_string}"},"query-input":{"@type":"PropertyValueSpecification","valueRequired":true,"valueName":"search_term_string"}}],"inLanguage":"it-IT"},{"@type":"Organization","@id":"https:\/\/www.ilnotiziario.net\/wp\/#organization","name":"Il Notiziario","url":"https:\/\/www.ilnotiziario.net\/wp\/","logo":{"@type":"ImageObject","inLanguage":"it-IT","@id":"https:\/\/www.ilnotiziario.net\/wp\/#\/schema\/logo\/image\/","url":"https:\/\/www.ilnotiziario.net\/wp\/wp-content\/uploads\/2022\/06\/170x170ilN.png","contentUrl":"https:\/\/www.ilnotiziario.net\/wp\/wp-content\/uploads\/2022\/06\/170x170ilN.png","width":355,"height":355,"caption":"Il Notiziario"},"image":{"@id":"https:\/\/www.ilnotiziario.net\/wp\/#\/schema\/logo\/image\/"},"sameAs":["https:\/\/www.facebook.com\/ilnotiziarioind\/","https:\/\/x.com\/ilNotiziarioInd","https:\/\/www.instagram.com\/ilnotiziario_settimanale\/"]},{"@type":"Person","@id":"https:\/\/www.ilnotiziario.net\/wp\/#\/schema\/person\/c5bca2edc3d99d29959f04a6126f687b","name":"Silvia Citterio","image":{"@type":"ImageObject","inLanguage":"it-IT","@id":"https:\/\/secure.gravatar.com\/avatar\/03eb19c63b944e79a9b5ce53ca5d1ca303edcf368a68721ec3ccaae7f98c5afd?s=96&d=mm&r=g","url":"https:\/\/secure.gravatar.com\/avatar\/03eb19c63b944e79a9b5ce53ca5d1ca303edcf368a68721ec3ccaae7f98c5afd?s=96&d=mm&r=g","contentUrl":"https:\/\/secure.gravatar.com\/avatar\/03eb19c63b944e79a9b5ce53ca5d1ca303edcf368a68721ec3ccaae7f98c5afd?s=96&d=mm&r=g","caption":"Silvia Citterio"}}]}},"_links":{"self":[{"href":"https:\/\/www.ilnotiziario.net\/wp\/wp-json\/wp\/v2\/posts\/204792","targetHints":{"allow":["GET"]}}],"collection":[{"href":"https:\/\/www.ilnotiziario.net\/wp\/wp-json\/wp\/v2\/posts"}],"about":[{"href":"https:\/\/www.ilnotiziario.net\/wp\/wp-json\/wp\/v2\/types\/post"}],"author":[{"embeddable":true,"href":"https:\/\/www.ilnotiziario.net\/wp\/wp-json\/wp\/v2\/users\/14"}],"replies":[{"embeddable":true,"href":"https:\/\/www.ilnotiziario.net\/wp\/wp-json\/wp\/v2\/comments?post=204792"}],"version-history":[{"count":0,"href":"https:\/\/www.ilnotiziario.net\/wp\/wp-json\/wp\/v2\/posts\/204792\/revisions"}],"wp:featuredmedia":[{"embeddable":true,"href":"https:\/\/www.ilnotiziario.net\/wp\/wp-json\/wp\/v2\/media\/204795"}],"wp:attachment":[{"href":"https:\/\/www.ilnotiziario.net\/wp\/wp-json\/wp\/v2\/media?parent=204792"}],"wp:term":[{"taxonomy":"category","embeddable":true,"href":"https:\/\/www.ilnotiziario.net\/wp\/wp-json\/wp\/v2\/categories?post=204792"},{"taxonomy":"post_tag","embeddable":true,"href":"https:\/\/www.ilnotiziario.net\/wp\/wp-json\/wp\/v2\/tags?post=204792"}],"curies":[{"name":"wp","href":"https:\/\/api.w.org\/{rel}","templated":true}]}}