{"id":205065,"date":"2025-04-04T14:47:06","date_gmt":"2025-04-04T12:47:06","guid":{"rendered":"https:\/\/www.ilnotiziario.net\/wp\/?p=205065"},"modified":"2025-04-04T14:48:00","modified_gmt":"2025-04-04T12:48:00","slug":"garbagnate-deposito-e-noleggio-auto-nel-parco-delle-groane-attivita-sospesa-e-denunce","status":"publish","type":"post","link":"https:\/\/www.ilnotiziario.net\/wp\/bollatese\/garbagnate-deposito-e-noleggio-auto-nel-parco-delle-groane-attivita-sospesa-e-denunce\/","title":{"rendered":"Garbagnate, deposito e noleggio auto nel Parco delle Groane, attivit\u00e0 sospesa e  denunce"},"content":{"rendered":"<p>La Polizia locale di Garbagnate Milanese ha scoperto un deposito con attivit\u00e0 di noleggio auto all\u2019interno del Parco delle Groane priva di autorizzazioni e con abusi edilizi.<\/p><div id=\"ilnot-3006617206\" class=\"ilnot-contenuto ilnot-entity-placement\"><p><!-- incontent_1 --><\/p>\n<div class=\"gptslot\" data-adunitid=\"1\"><\/div>\n<\/div>\n<p>Lo spiega in una nota il sindaco di Garbagnate, Daniele Davide Barletta<\/p>\n<p>&#8220;In una recente operazione, gli Agenti della Polizia Locale di Garbagnate Milanese, coordinati dal Comandante Luca Leone, hanno riscontrato l\u2019apertura di un&#8217;attivit\u00e0 di deposito e noleggio auto nella zona protetta del Parco delle Groane, sprovvista delle autorizzazioni paesaggistiche; all&#8217;interno dell&#8217;area commerciale, inoltre, erano stati costruiti degli abusi edilizi&#8221;.<\/p><div id=\"ilnot-3386724511\" class=\"ilnot-contenuto_2 ilnot-entity-placement\"><div class=\"ads-wrapper\">\n<div class=\"ad-slot\">\n   <div id=\"ilnot-413608720\" style=\"margin-right: auto;margin-left: auto;text-align: center;width: 320px;height: 100px;\"><a href=\"https:\/\/www.scuolasicurezza.it\/\"><img decoding=\"async\" src=\"https:\/\/www.ilnotiziario.net\/wp\/wp-content\/uploads\/2026\/04\/IlNotiziario_banner-sito-e-newsletter-320-x-100-px-1.gif\" alt=\"\"><\/a><\/div>\n  <\/div>\n<div class=\"ad-slot\">\n   <div id=\"ilnot-2159461272\" style=\"margin-right: auto;margin-left: auto;text-align: center;width: 320px;height: 100px;\"><a href=\"https:\/\/purodesignarredamenti.com\/\"><img decoding=\"async\" src=\"https:\/\/www.ilnotiziario.net\/wp\/wp-content\/uploads\/2026\/04\/banner-puro-ok.gif\" alt=\"whatsapp\"><\/a><\/div><\/p><\/div>\n<\/div>\n<\/div>\n<h2>Deposito e attivit\u00e0 di noleggio auto abusivi nel Parco delle Groane<\/h2>\n<p>&#8220;Le indagini hanno portato alla denuncia di tre persone alla Procura della Repubblica di Milano: il proprietario dell&#8217;area, il titolare dell&#8217;attivit\u00e0 commerciale, ed il tecnico incaricato al deposito della Scia commerciale agli uffici comunali. Quest&#8217;ultimo, infatti, ha dichiarato in atto pubblico di aver ottenuto tutte le autorizzazioni necessarie all&#8217;avvio dell&#8217;attivit\u00e0 e di aver rispettato tutte le norme di settore, comprese quelle edilizie. Per tali motivi, il tecnico \u00e8 stato denunciato, in concorso con le altre due persone, per falsa attestazione in atti pubblici, abusi edilizi, ed avvio di attivit\u00e0 senza autorizzazione paesaggistica e commerciale, e senza certificato di prevenzione incendi.<\/p>\n<p>L&#8217;attivit\u00e0, dopo la segnalazione agli uffici comunali competenti, \u00e8 stata immediatamente sospesa. A carico degli indagati \u00e8 stata inoltre notificata l&#8217;ordinanza di ripristino dei luoghi e di rimozione dei veicoli nell&#8217;area di pertinenza del Parco, che si estende per centinaia di metri quadrati, in attesa della chiusura delle pratiche depositate in sanatoria&#8221;.<\/p>\n<p><a href=\"http:\/\/edicola.ilnotiziario.net\"><strong>ULTERIORI DETTAGLI NEL SERVIZIO SUL SETTIMANALE IN EDICOLA DA OGGI CHE TROVATE ANCHE QUI&nbsp;<\/strong><\/a><\/p><div id=\"ilnot-2777317540\" class=\"ilnot-contenuto_2-2 ilnot-entity-placement\"><div class=\"gptslot\" data-adunitid=\"2\"><\/div>\n<\/div>\n","protected":false},"excerpt":{"rendered":"<p>La Polizia locale di Garbagnate Milanese ha scoperto un deposito con attivit\u00e0 di noleggio auto all\u2019interno del Parco delle Groane priva di autorizzazioni e con abusi edilizi. Lo spiega in una nota il sindaco di Garbagnate, Daniele Davide Barletta &#8220;In una recente operazione, gli Agenti della Polizia Locale di Garbagnate Milanese, coordinati dal Comandante Luca<\/p>\n","protected":false},"author":3,"featured_media":205066,"comment_status":"closed","ping_status":"closed","sticky":false,"template":"","format":"standard","meta":{"footnotes":""},"categories":[8,20],"tags":[323,4748,43,1515],"class_list":{"0":"post-205065","1":"post","2":"type-post","3":"status-publish","4":"format-standard","5":"has-post-thumbnail","7":"category-bollatese","8":"category-prima-pagina","9":"tag-auto","10":"tag-deposito","11":"tag-garbagnate","12":"tag-parco-delle-groane"},"yoast_head":"<!-- This site is optimized with the Yoast SEO plugin v27.4 - https:\/\/yoast.com\/product\/yoast-seo-wordpress\/ -->\n<title>Garbagnate, deposito e noleggio auto nel Parco delle Groane, attivit\u00e0 sospesa e denunce - Il Notiziario<\/title>\n<meta name=\"description\" content=\"La Polizia locale di Garbagnate Milanese ha scoperto un deposito con attivit\u00e0 di noleggio auto all\u2019interno del Parco delle Groane priva di autorizzazioni\" \/>\n<meta name=\"robots\" content=\"index, follow, max-snippet:-1, max-image-preview:large, max-video-preview:-1\" \/>\n<link rel=\"canonical\" href=\"https:\/\/www.ilnotiziario.net\/wp\/bollatese\/garbagnate-deposito-e-noleggio-auto-nel-parco-delle-groane-attivita-sospesa-e-denunce\/\" \/>\n<meta property=\"og:locale\" content=\"it_IT\" \/>\n<meta property=\"og:type\" content=\"article\" \/>\n<meta property=\"og:title\" content=\"Garbagnate, deposito e noleggio auto nel Parco delle Groane, attivit\u00e0 sospesa e denunce - Il Notiziario\" \/>\n<meta property=\"og:description\" content=\"La Polizia locale di Garbagnate Milanese ha scoperto un deposito con attivit\u00e0 di noleggio auto all\u2019interno del Parco delle Groane priva di autorizzazioni\" \/>\n<meta property=\"og:url\" content=\"https:\/\/www.ilnotiziario.net\/wp\/bollatese\/garbagnate-deposito-e-noleggio-auto-nel-parco-delle-groane-attivita-sospesa-e-denunce\/\" \/>\n<meta property=\"og:site_name\" content=\"Il Notiziario\" \/>\n<meta property=\"article:publisher\" content=\"https:\/\/www.facebook.com\/ilnotiziarioind\/\" \/>\n<meta property=\"article:published_time\" content=\"2025-04-04T12:47:06+00:00\" \/>\n<meta property=\"article:modified_time\" content=\"2025-04-04T12:48:00+00:00\" \/>\n<meta property=\"og:image\" content=\"https:\/\/www.ilnotiziario.net\/wp\/wp-content\/uploads\/2025\/04\/Garbagnate-Parco-Groane-PL.jpg\" \/>\n\t<meta property=\"og:image:width\" content=\"720\" \/>\n\t<meta property=\"og:image:height\" content=\"460\" \/>\n\t<meta property=\"og:image:type\" content=\"image\/jpeg\" \/>\n<meta name=\"author\" content=\"Gabriele Bassani\" \/>\n<meta name=\"twitter:card\" content=\"summary_large_image\" \/>\n<meta name=\"twitter:creator\" content=\"@ilNotiziarioInd\" \/>\n<meta name=\"twitter:site\" content=\"@ilNotiziarioInd\" \/>\n<meta name=\"twitter:label1\" content=\"Scritto da\" \/>\n\t<meta name=\"twitter:data1\" content=\"Gabriele Bassani\" \/>\n\t<meta name=\"twitter:label2\" content=\"Tempo di lettura stimato\" \/>\n\t<meta name=\"twitter:data2\" content=\"2 minuti\" \/>\n<script type=\"application\/ld+json\" class=\"yoast-schema-graph\">{\"@context\":\"https:\\\/\\\/schema.org\",\"@graph\":[{\"@type\":\"Article\",\"@id\":\"https:\\\/\\\/www.ilnotiziario.net\\\/wp\\\/bollatese\\\/garbagnate-deposito-e-noleggio-auto-nel-parco-delle-groane-attivita-sospesa-e-denunce\\\/#article\",\"isPartOf\":{\"@id\":\"https:\\\/\\\/www.ilnotiziario.net\\\/wp\\\/bollatese\\\/garbagnate-deposito-e-noleggio-auto-nel-parco-delle-groane-attivita-sospesa-e-denunce\\\/\"},\"author\":{\"name\":\"Gabriele Bassani\",\"@id\":\"https:\\\/\\\/www.ilnotiziario.net\\\/wp\\\/#\\\/schema\\\/person\\\/386e222908f898bb41c033989482bbf2\"},\"headline\":\"Garbagnate, deposito e noleggio auto nel Parco delle Groane, attivit\u00e0 sospesa e denunce\",\"datePublished\":\"2025-04-04T12:47:06+00:00\",\"dateModified\":\"2025-04-04T12:48:00+00:00\",\"mainEntityOfPage\":{\"@id\":\"https:\\\/\\\/www.ilnotiziario.net\\\/wp\\\/bollatese\\\/garbagnate-deposito-e-noleggio-auto-nel-parco-delle-groane-attivita-sospesa-e-denunce\\\/\"},\"wordCount\":288,\"publisher\":{\"@id\":\"https:\\\/\\\/www.ilnotiziario.net\\\/wp\\\/#organization\"},\"image\":{\"@id\":\"https:\\\/\\\/www.ilnotiziario.net\\\/wp\\\/bollatese\\\/garbagnate-deposito-e-noleggio-auto-nel-parco-delle-groane-attivita-sospesa-e-denunce\\\/#primaryimage\"},\"thumbnailUrl\":\"https:\\\/\\\/www.ilnotiziario.net\\\/wp\\\/wp-content\\\/uploads\\\/2025\\\/04\\\/Garbagnate-Parco-Groane-PL.jpg\",\"keywords\":[\"auto\",\"deposito\",\"Garbagnate\",\"parco delle groane\"],\"articleSection\":[\"BOLLATESE\",\"Prima Pagina\"],\"inLanguage\":\"it-IT\"},{\"@type\":\"WebPage\",\"@id\":\"https:\\\/\\\/www.ilnotiziario.net\\\/wp\\\/bollatese\\\/garbagnate-deposito-e-noleggio-auto-nel-parco-delle-groane-attivita-sospesa-e-denunce\\\/\",\"url\":\"https:\\\/\\\/www.ilnotiziario.net\\\/wp\\\/bollatese\\\/garbagnate-deposito-e-noleggio-auto-nel-parco-delle-groane-attivita-sospesa-e-denunce\\\/\",\"name\":\"Garbagnate, deposito e noleggio auto nel Parco delle Groane, attivit\u00e0 sospesa e denunce - Il Notiziario\",\"isPartOf\":{\"@id\":\"https:\\\/\\\/www.ilnotiziario.net\\\/wp\\\/#website\"},\"primaryImageOfPage\":{\"@id\":\"https:\\\/\\\/www.ilnotiziario.net\\\/wp\\\/bollatese\\\/garbagnate-deposito-e-noleggio-auto-nel-parco-delle-groane-attivita-sospesa-e-denunce\\\/#primaryimage\"},\"image\":{\"@id\":\"https:\\\/\\\/www.ilnotiziario.net\\\/wp\\\/bollatese\\\/garbagnate-deposito-e-noleggio-auto-nel-parco-delle-groane-attivita-sospesa-e-denunce\\\/#primaryimage\"},\"thumbnailUrl\":\"https:\\\/\\\/www.ilnotiziario.net\\\/wp\\\/wp-content\\\/uploads\\\/2025\\\/04\\\/Garbagnate-Parco-Groane-PL.jpg\",\"datePublished\":\"2025-04-04T12:47:06+00:00\",\"dateModified\":\"2025-04-04T12:48:00+00:00\",\"description\":\"La Polizia locale di Garbagnate Milanese ha scoperto un deposito con attivit\u00e0 di noleggio auto all\u2019interno del Parco delle Groane priva di autorizzazioni\",\"breadcrumb\":{\"@id\":\"https:\\\/\\\/www.ilnotiziario.net\\\/wp\\\/bollatese\\\/garbagnate-deposito-e-noleggio-auto-nel-parco-delle-groane-attivita-sospesa-e-denunce\\\/#breadcrumb\"},\"inLanguage\":\"it-IT\",\"potentialAction\":[{\"@type\":\"ReadAction\",\"target\":[\"https:\\\/\\\/www.ilnotiziario.net\\\/wp\\\/bollatese\\\/garbagnate-deposito-e-noleggio-auto-nel-parco-delle-groane-attivita-sospesa-e-denunce\\\/\"]}]},{\"@type\":\"ImageObject\",\"inLanguage\":\"it-IT\",\"@id\":\"https:\\\/\\\/www.ilnotiziario.net\\\/wp\\\/bollatese\\\/garbagnate-deposito-e-noleggio-auto-nel-parco-delle-groane-attivita-sospesa-e-denunce\\\/#primaryimage\",\"url\":\"https:\\\/\\\/www.ilnotiziario.net\\\/wp\\\/wp-content\\\/uploads\\\/2025\\\/04\\\/Garbagnate-Parco-Groane-PL.jpg\",\"contentUrl\":\"https:\\\/\\\/www.ilnotiziario.net\\\/wp\\\/wp-content\\\/uploads\\\/2025\\\/04\\\/Garbagnate-Parco-Groane-PL.jpg\",\"width\":720,\"height\":460,\"caption\":\"Garbagnate deposito noleggio auto parco Groane\"},{\"@type\":\"BreadcrumbList\",\"@id\":\"https:\\\/\\\/www.ilnotiziario.net\\\/wp\\\/bollatese\\\/garbagnate-deposito-e-noleggio-auto-nel-parco-delle-groane-attivita-sospesa-e-denunce\\\/#breadcrumb\",\"itemListElement\":[{\"@type\":\"ListItem\",\"position\":1,\"name\":\"tds_text_logo_tagline_colortds_text_logo_tagline_colortds_text_logo_tagline_colortds_text_logo_tagline_colortd_module_7_title_excerpttd_module_7_title_excerpttd_module_7_title_excerpttd_module_7_title_excerptHome\",\"item\":\"https:\\\/\\\/www.ilnotiziario.net\\\/wp\\\/\"},{\"@type\":\"ListItem\",\"position\":2,\"name\":\"Garbagnate, deposito e noleggio auto nel Parco delle Groane, attivit\u00e0 sospesa e denunce\"}]},{\"@type\":\"WebSite\",\"@id\":\"https:\\\/\\\/www.ilnotiziario.net\\\/wp\\\/#website\",\"url\":\"https:\\\/\\\/www.ilnotiziario.net\\\/wp\\\/\",\"name\":\"Il Notiziario\",\"description\":\"Per restare sempre connessi alla notizia\",\"publisher\":{\"@id\":\"https:\\\/\\\/www.ilnotiziario.net\\\/wp\\\/#organization\"},\"alternateName\":\"Il Notiziario Bollate\",\"potentialAction\":[{\"@type\":\"SearchAction\",\"target\":{\"@type\":\"EntryPoint\",\"urlTemplate\":\"https:\\\/\\\/www.ilnotiziario.net\\\/wp\\\/?s={search_term_string}\"},\"query-input\":{\"@type\":\"PropertyValueSpecification\",\"valueRequired\":true,\"valueName\":\"search_term_string\"}}],\"inLanguage\":\"it-IT\"},{\"@type\":\"Organization\",\"@id\":\"https:\\\/\\\/www.ilnotiziario.net\\\/wp\\\/#organization\",\"name\":\"Il Notiziario\",\"url\":\"https:\\\/\\\/www.ilnotiziario.net\\\/wp\\\/\",\"logo\":{\"@type\":\"ImageObject\",\"inLanguage\":\"it-IT\",\"@id\":\"https:\\\/\\\/www.ilnotiziario.net\\\/wp\\\/#\\\/schema\\\/logo\\\/image\\\/\",\"url\":\"https:\\\/\\\/www.ilnotiziario.net\\\/wp\\\/wp-content\\\/uploads\\\/2022\\\/06\\\/170x170ilN.png\",\"contentUrl\":\"https:\\\/\\\/www.ilnotiziario.net\\\/wp\\\/wp-content\\\/uploads\\\/2022\\\/06\\\/170x170ilN.png\",\"width\":355,\"height\":355,\"caption\":\"Il Notiziario\"},\"image\":{\"@id\":\"https:\\\/\\\/www.ilnotiziario.net\\\/wp\\\/#\\\/schema\\\/logo\\\/image\\\/\"},\"sameAs\":[\"https:\\\/\\\/www.facebook.com\\\/ilnotiziarioind\\\/\",\"https:\\\/\\\/x.com\\\/ilNotiziarioInd\",\"https:\\\/\\\/www.instagram.com\\\/ilnotiziario_settimanale\\\/\"]},{\"@type\":\"Person\",\"@id\":\"https:\\\/\\\/www.ilnotiziario.net\\\/wp\\\/#\\\/schema\\\/person\\\/386e222908f898bb41c033989482bbf2\",\"name\":\"Gabriele Bassani\",\"image\":{\"@type\":\"ImageObject\",\"inLanguage\":\"it-IT\",\"@id\":\"https:\\\/\\\/secure.gravatar.com\\\/avatar\\\/09274f4a84fa97698bde56f84b3afed61c8492d48b0550db9671b68c177479cb?s=96&d=mm&r=g\",\"url\":\"https:\\\/\\\/secure.gravatar.com\\\/avatar\\\/09274f4a84fa97698bde56f84b3afed61c8492d48b0550db9671b68c177479cb?s=96&d=mm&r=g\",\"contentUrl\":\"https:\\\/\\\/secure.gravatar.com\\\/avatar\\\/09274f4a84fa97698bde56f84b3afed61c8492d48b0550db9671b68c177479cb?s=96&d=mm&r=g\",\"caption\":\"Gabriele Bassani\"},\"sameAs\":[\"http:\\\/\\\/www.ilnotiziario.net\"]}]}<\/script>\n<!-- \/ Yoast SEO plugin. -->","yoast_head_json":{"title":"Garbagnate, deposito e noleggio auto nel Parco delle Groane, attivit\u00e0 sospesa e denunce - Il Notiziario","description":"La Polizia locale di Garbagnate Milanese ha scoperto un deposito con attivit\u00e0 di noleggio auto all\u2019interno del Parco delle Groane priva di autorizzazioni","robots":{"index":"index","follow":"follow","max-snippet":"max-snippet:-1","max-image-preview":"max-image-preview:large","max-video-preview":"max-video-preview:-1"},"canonical":"https:\/\/www.ilnotiziario.net\/wp\/bollatese\/garbagnate-deposito-e-noleggio-auto-nel-parco-delle-groane-attivita-sospesa-e-denunce\/","og_locale":"it_IT","og_type":"article","og_title":"Garbagnate, deposito e noleggio auto nel Parco delle Groane, attivit\u00e0 sospesa e denunce - Il Notiziario","og_description":"La Polizia locale di Garbagnate Milanese ha scoperto un deposito con attivit\u00e0 di noleggio auto all\u2019interno del Parco delle Groane priva di autorizzazioni","og_url":"https:\/\/www.ilnotiziario.net\/wp\/bollatese\/garbagnate-deposito-e-noleggio-auto-nel-parco-delle-groane-attivita-sospesa-e-denunce\/","og_site_name":"Il Notiziario","article_publisher":"https:\/\/www.facebook.com\/ilnotiziarioind\/","article_published_time":"2025-04-04T12:47:06+00:00","article_modified_time":"2025-04-04T12:48:00+00:00","og_image":[{"width":720,"height":460,"url":"https:\/\/www.ilnotiziario.net\/wp\/wp-content\/uploads\/2025\/04\/Garbagnate-Parco-Groane-PL.jpg","type":"image\/jpeg"}],"author":"Gabriele Bassani","twitter_card":"summary_large_image","twitter_creator":"@ilNotiziarioInd","twitter_site":"@ilNotiziarioInd","twitter_misc":{"Scritto da":"Gabriele Bassani","Tempo di lettura stimato":"2 minuti"},"schema":{"@context":"https:\/\/schema.org","@graph":[{"@type":"Article","@id":"https:\/\/www.ilnotiziario.net\/wp\/bollatese\/garbagnate-deposito-e-noleggio-auto-nel-parco-delle-groane-attivita-sospesa-e-denunce\/#article","isPartOf":{"@id":"https:\/\/www.ilnotiziario.net\/wp\/bollatese\/garbagnate-deposito-e-noleggio-auto-nel-parco-delle-groane-attivita-sospesa-e-denunce\/"},"author":{"name":"Gabriele Bassani","@id":"https:\/\/www.ilnotiziario.net\/wp\/#\/schema\/person\/386e222908f898bb41c033989482bbf2"},"headline":"Garbagnate, deposito e noleggio auto nel Parco delle Groane, attivit\u00e0 sospesa e denunce","datePublished":"2025-04-04T12:47:06+00:00","dateModified":"2025-04-04T12:48:00+00:00","mainEntityOfPage":{"@id":"https:\/\/www.ilnotiziario.net\/wp\/bollatese\/garbagnate-deposito-e-noleggio-auto-nel-parco-delle-groane-attivita-sospesa-e-denunce\/"},"wordCount":288,"publisher":{"@id":"https:\/\/www.ilnotiziario.net\/wp\/#organization"},"image":{"@id":"https:\/\/www.ilnotiziario.net\/wp\/bollatese\/garbagnate-deposito-e-noleggio-auto-nel-parco-delle-groane-attivita-sospesa-e-denunce\/#primaryimage"},"thumbnailUrl":"https:\/\/www.ilnotiziario.net\/wp\/wp-content\/uploads\/2025\/04\/Garbagnate-Parco-Groane-PL.jpg","keywords":["auto","deposito","Garbagnate","parco delle groane"],"articleSection":["BOLLATESE","Prima Pagina"],"inLanguage":"it-IT"},{"@type":"WebPage","@id":"https:\/\/www.ilnotiziario.net\/wp\/bollatese\/garbagnate-deposito-e-noleggio-auto-nel-parco-delle-groane-attivita-sospesa-e-denunce\/","url":"https:\/\/www.ilnotiziario.net\/wp\/bollatese\/garbagnate-deposito-e-noleggio-auto-nel-parco-delle-groane-attivita-sospesa-e-denunce\/","name":"Garbagnate, deposito e noleggio auto nel Parco delle Groane, attivit\u00e0 sospesa e denunce - Il Notiziario","isPartOf":{"@id":"https:\/\/www.ilnotiziario.net\/wp\/#website"},"primaryImageOfPage":{"@id":"https:\/\/www.ilnotiziario.net\/wp\/bollatese\/garbagnate-deposito-e-noleggio-auto-nel-parco-delle-groane-attivita-sospesa-e-denunce\/#primaryimage"},"image":{"@id":"https:\/\/www.ilnotiziario.net\/wp\/bollatese\/garbagnate-deposito-e-noleggio-auto-nel-parco-delle-groane-attivita-sospesa-e-denunce\/#primaryimage"},"thumbnailUrl":"https:\/\/www.ilnotiziario.net\/wp\/wp-content\/uploads\/2025\/04\/Garbagnate-Parco-Groane-PL.jpg","datePublished":"2025-04-04T12:47:06+00:00","dateModified":"2025-04-04T12:48:00+00:00","description":"La Polizia locale di Garbagnate Milanese ha scoperto un deposito con attivit\u00e0 di noleggio auto all\u2019interno del Parco delle Groane priva di autorizzazioni","breadcrumb":{"@id":"https:\/\/www.ilnotiziario.net\/wp\/bollatese\/garbagnate-deposito-e-noleggio-auto-nel-parco-delle-groane-attivita-sospesa-e-denunce\/#breadcrumb"},"inLanguage":"it-IT","potentialAction":[{"@type":"ReadAction","target":["https:\/\/www.ilnotiziario.net\/wp\/bollatese\/garbagnate-deposito-e-noleggio-auto-nel-parco-delle-groane-attivita-sospesa-e-denunce\/"]}]},{"@type":"ImageObject","inLanguage":"it-IT","@id":"https:\/\/www.ilnotiziario.net\/wp\/bollatese\/garbagnate-deposito-e-noleggio-auto-nel-parco-delle-groane-attivita-sospesa-e-denunce\/#primaryimage","url":"https:\/\/www.ilnotiziario.net\/wp\/wp-content\/uploads\/2025\/04\/Garbagnate-Parco-Groane-PL.jpg","contentUrl":"https:\/\/www.ilnotiziario.net\/wp\/wp-content\/uploads\/2025\/04\/Garbagnate-Parco-Groane-PL.jpg","width":720,"height":460,"caption":"Garbagnate deposito noleggio auto parco Groane"},{"@type":"BreadcrumbList","@id":"https:\/\/www.ilnotiziario.net\/wp\/bollatese\/garbagnate-deposito-e-noleggio-auto-nel-parco-delle-groane-attivita-sospesa-e-denunce\/#breadcrumb","itemListElement":[{"@type":"ListItem","position":1,"name":"tds_text_logo_tagline_colortds_text_logo_tagline_colortds_text_logo_tagline_colortds_text_logo_tagline_colortd_module_7_title_excerpttd_module_7_title_excerpttd_module_7_title_excerpttd_module_7_title_excerptHome","item":"https:\/\/www.ilnotiziario.net\/wp\/"},{"@type":"ListItem","position":2,"name":"Garbagnate, deposito e noleggio auto nel Parco delle Groane, attivit\u00e0 sospesa e denunce"}]},{"@type":"WebSite","@id":"https:\/\/www.ilnotiziario.net\/wp\/#website","url":"https:\/\/www.ilnotiziario.net\/wp\/","name":"Il Notiziario","description":"Per restare sempre connessi alla notizia","publisher":{"@id":"https:\/\/www.ilnotiziario.net\/wp\/#organization"},"alternateName":"Il Notiziario Bollate","potentialAction":[{"@type":"SearchAction","target":{"@type":"EntryPoint","urlTemplate":"https:\/\/www.ilnotiziario.net\/wp\/?s={search_term_string}"},"query-input":{"@type":"PropertyValueSpecification","valueRequired":true,"valueName":"search_term_string"}}],"inLanguage":"it-IT"},{"@type":"Organization","@id":"https:\/\/www.ilnotiziario.net\/wp\/#organization","name":"Il Notiziario","url":"https:\/\/www.ilnotiziario.net\/wp\/","logo":{"@type":"ImageObject","inLanguage":"it-IT","@id":"https:\/\/www.ilnotiziario.net\/wp\/#\/schema\/logo\/image\/","url":"https:\/\/www.ilnotiziario.net\/wp\/wp-content\/uploads\/2022\/06\/170x170ilN.png","contentUrl":"https:\/\/www.ilnotiziario.net\/wp\/wp-content\/uploads\/2022\/06\/170x170ilN.png","width":355,"height":355,"caption":"Il Notiziario"},"image":{"@id":"https:\/\/www.ilnotiziario.net\/wp\/#\/schema\/logo\/image\/"},"sameAs":["https:\/\/www.facebook.com\/ilnotiziarioind\/","https:\/\/x.com\/ilNotiziarioInd","https:\/\/www.instagram.com\/ilnotiziario_settimanale\/"]},{"@type":"Person","@id":"https:\/\/www.ilnotiziario.net\/wp\/#\/schema\/person\/386e222908f898bb41c033989482bbf2","name":"Gabriele Bassani","image":{"@type":"ImageObject","inLanguage":"it-IT","@id":"https:\/\/secure.gravatar.com\/avatar\/09274f4a84fa97698bde56f84b3afed61c8492d48b0550db9671b68c177479cb?s=96&d=mm&r=g","url":"https:\/\/secure.gravatar.com\/avatar\/09274f4a84fa97698bde56f84b3afed61c8492d48b0550db9671b68c177479cb?s=96&d=mm&r=g","contentUrl":"https:\/\/secure.gravatar.com\/avatar\/09274f4a84fa97698bde56f84b3afed61c8492d48b0550db9671b68c177479cb?s=96&d=mm&r=g","caption":"Gabriele Bassani"},"sameAs":["http:\/\/www.ilnotiziario.net"]}]}},"_links":{"self":[{"href":"https:\/\/www.ilnotiziario.net\/wp\/wp-json\/wp\/v2\/posts\/205065","targetHints":{"allow":["GET"]}}],"collection":[{"href":"https:\/\/www.ilnotiziario.net\/wp\/wp-json\/wp\/v2\/posts"}],"about":[{"href":"https:\/\/www.ilnotiziario.net\/wp\/wp-json\/wp\/v2\/types\/post"}],"author":[{"embeddable":true,"href":"https:\/\/www.ilnotiziario.net\/wp\/wp-json\/wp\/v2\/users\/3"}],"replies":[{"embeddable":true,"href":"https:\/\/www.ilnotiziario.net\/wp\/wp-json\/wp\/v2\/comments?post=205065"}],"version-history":[{"count":0,"href":"https:\/\/www.ilnotiziario.net\/wp\/wp-json\/wp\/v2\/posts\/205065\/revisions"}],"wp:featuredmedia":[{"embeddable":true,"href":"https:\/\/www.ilnotiziario.net\/wp\/wp-json\/wp\/v2\/media\/205066"}],"wp:attachment":[{"href":"https:\/\/www.ilnotiziario.net\/wp\/wp-json\/wp\/v2\/media?parent=205065"}],"wp:term":[{"taxonomy":"category","embeddable":true,"href":"https:\/\/www.ilnotiziario.net\/wp\/wp-json\/wp\/v2\/categories?post=205065"},{"taxonomy":"post_tag","embeddable":true,"href":"https:\/\/www.ilnotiziario.net\/wp\/wp-json\/wp\/v2\/tags?post=205065"}],"curies":[{"name":"wp","href":"https:\/\/api.w.org\/{rel}","templated":true}]}}