{"id":205078,"date":"2025-04-06T14:35:27","date_gmt":"2025-04-06T12:35:27","guid":{"rendered":"https:\/\/www.ilnotiziario.net\/wp\/?p=205078"},"modified":"2025-04-06T08:35:49","modified_gmt":"2025-04-06T06:35:49","slug":"baranzate-l-inclusione-si-fa-anche-con-ago-e-filo","status":"publish","type":"post","link":"https:\/\/www.ilnotiziario.net\/wp\/prima-pagina\/baranzate-l-inclusione-si-fa-anche-con-ago-e-filo\/","title":{"rendered":"Baranzate, l\u2019inclusione si fa anche con&#8230; ago e filo"},"content":{"rendered":"<p>Baranzate, l\u2019inclusione si fa anche con&#8230; ago e filo.<br \/>\nLa fucina di idee di Baranzate non si ferma mai e, grazie all\u2019attivit\u00e0 de La Rotonda, vengono offerte alla cittadinanza un gran numero di iniziative. Tra queste vi \u00e8 anche il corso di tecniche sartoria di base, che ha avuto inizio presso lo Spazio Inoltre, in via Fiume, a marzo di quest\u2019anno.<\/p><div id=\"ilnot-4240741256\" class=\"ilnot-contenuto ilnot-entity-placement\"><p><!-- incontent_1 --><\/p>\n<div class=\"gptslot\" data-adunitid=\"1\"><\/div>\n<\/div>\n<p>Questa iniziativa gratuita, della durata di 140 ore, \u00e8 stata resa possibile grazie al Programma Gol di Regione Lombardia, un progetto mirato a insegnare una professione a persone disoccupate, grazie alla presenza di un tutor specializzato, per poi poterle aiutare a inserirsi nel mondo del lavoro. Come hanno spiegato i membri de La Rotonda, \u00e8 un\u2019iniziativa che vede sempre una grande partecipazione e un grande entusiasmo, pur essendo accessibile a sole otto persone per edizione perch\u00e9 il numero \u00e8 condizionato dalla quantit\u00e0 di macchine da cucire a disposizione della Fondazione. E ci\u00f2 \u00e8 sicuramente motivo d\u2019orgoglio per lo staff de La Rotonda, che si pone come obiettivo di raggiungere quanti pi\u00f9 cittadini possibile e offrire loro un\u2019opportunit\u00e0, creando anche un momento di socialit\u00e0.<\/p>\n<h2>Baranzate, l\u2019inclusione si fa anche con&#8230; ago e filo. Il corso de La Rotonda<\/h2>\n<p>Il corso presenta degli specifici requisiti d\u2019accesso, ovvero essere residenti e\/o avere domicilio in Lombardia, essere persone disoccupate con una et\u00e0 dai 16 fino ai 65 anni o, in alternativa, essere disoccupati, beneficiari di ammortizzatori sociali, percettori di Reddito di Cittadinanza, ultra 55enni o donne. Dopo questa prima \u201cselezione\u201d, che ha visto la creazione della classe di quest\u2019anno, il 25 marzo avr\u00e0 inizio il vero e proprio corso, che si concluder\u00e0 l\u201911 giugno. Il programma \u00e8 ricchissimo e comprende lezioni di elementi di merceologia tessile, uso della macchina casalinga e industriale, studio dei tipi di cuciture e rifiniture e ovviamente confezione di piccoli accessori, creazione di cartamodelli base di gonne, top e pantaloni.<\/p><div id=\"ilnot-2482306397\" class=\"ilnot-contenuto_2 ilnot-entity-placement\"><div class=\"ads-wrapper\">\n<div class=\"ad-slot\">\n   <div id=\"ilnot-4022893939\" style=\"margin-right: auto;margin-left: auto;text-align: center;width: 320px;height: 100px;\"><a href=\"https:\/\/www.scuolasicurezza.it\/\"><img decoding=\"async\" src=\"https:\/\/www.ilnotiziario.net\/wp\/wp-content\/uploads\/2026\/04\/IlNotiziario_banner-sito-e-newsletter-320-x-100-px-1.gif\" alt=\"\"><\/a><\/div>\n  <\/div>\n<div class=\"ad-slot\">\n   <div id=\"ilnot-2045866609\" style=\"margin-right: auto;margin-left: auto;text-align: center;width: 320px;height: 100px;\"><a href=\"https:\/\/purodesignarredamenti.com\/\"><img decoding=\"async\" src=\"https:\/\/www.ilnotiziario.net\/wp\/wp-content\/uploads\/2026\/04\/banner-puro-ok.gif\" alt=\"whatsapp\"><\/a><\/div><\/p><\/div>\n<\/div>\n<\/div>\n<p>Non si tratta per\u00f2 dell\u2019unica iniziativa in questo ambito proposta da La Rotonda. Infatti questo mese ha preso avvio anche un altro corso di sartoria, rivolto nello specifico a ragazze e giovani con vulnerabilit\u00e0 fisiche e\/o mentali nella fascia d\u2019et\u00e0 tra i 15 e i 29 anni. In questo caso, il corso \u00e8 stato reso possibile grazie al progetto \u201cIn&amp;Aut &#8211; A lavoro per l\u2019inclusione\u201d, sostenuto con i fondi Otto per Mille dell\u2019Istituto Buddista Italiano Soka Gakkai 8&#215;1000, con l\u2019obiettivo di raggiungere un\u2019autonomia e favorire un ingresso consapevole di questi giovani nel mondo del lavoro.<\/p>\n<p style=\"text-align: right;\"><strong>Rebecca Calabr\u00f2<\/strong><\/p>\n","protected":false},"excerpt":{"rendered":"<p>Baranzate, l\u2019inclusione si fa anche con&#8230; ago e filo. La fucina di idee di Baranzate non si ferma mai e, grazie all\u2019attivit\u00e0 de La Rotonda, vengono offerte alla cittadinanza un gran numero di iniziative. Tra queste vi \u00e8 anche il corso di tecniche sartoria di base, che ha avuto inizio presso lo Spazio Inoltre, in<\/p>\n","protected":false},"author":14,"featured_media":205079,"comment_status":"closed","ping_status":"closed","sticky":false,"template":"","format":"standard","meta":{"footnotes":""},"categories":[8,20],"tags":[17622,29,17623,8756],"class_list":{"0":"post-205078","1":"post","2":"type-post","3":"status-publish","4":"format-standard","5":"has-post-thumbnail","7":"category-bollatese","8":"category-prima-pagina","9":"tag-ago","10":"tag-baranzate","11":"tag-filo","12":"tag-inclusione"},"yoast_head":"<!-- This site is optimized with the Yoast SEO plugin v27.4 - https:\/\/yoast.com\/product\/yoast-seo-wordpress\/ -->\n<title>Baranzate, l\u2019inclusione si fa anche con... ago e filo - Il Notiziario<\/title>\n<meta name=\"description\" content=\"Baranzate, l\u2019inclusione si fa anche con... ago e filo. La fucina di idee di Baranzate non si ferma mai e, grazie all\u2019attivit\u00e0 de La Rotonda, vengono\" \/>\n<meta name=\"robots\" content=\"index, follow, max-snippet:-1, max-image-preview:large, max-video-preview:-1\" \/>\n<link rel=\"canonical\" href=\"https:\/\/www.ilnotiziario.net\/wp\/prima-pagina\/baranzate-l-inclusione-si-fa-anche-con-ago-e-filo\/\" \/>\n<meta property=\"og:locale\" content=\"it_IT\" \/>\n<meta property=\"og:type\" content=\"article\" \/>\n<meta property=\"og:title\" content=\"Baranzate, l\u2019inclusione si fa anche con... ago e filo - Il Notiziario\" \/>\n<meta property=\"og:description\" content=\"Baranzate, l\u2019inclusione si fa anche con... ago e filo. La fucina di idee di Baranzate non si ferma mai e, grazie all\u2019attivit\u00e0 de La Rotonda, vengono\" \/>\n<meta property=\"og:url\" content=\"https:\/\/www.ilnotiziario.net\/wp\/prima-pagina\/baranzate-l-inclusione-si-fa-anche-con-ago-e-filo\/\" \/>\n<meta property=\"og:site_name\" content=\"Il Notiziario\" \/>\n<meta property=\"article:publisher\" content=\"https:\/\/www.facebook.com\/ilnotiziarioind\/\" \/>\n<meta property=\"article:published_time\" content=\"2025-04-06T12:35:27+00:00\" \/>\n<meta property=\"og:image\" content=\"https:\/\/www.ilnotiziario.net\/wp\/wp-content\/uploads\/2025\/04\/Baranzate-inclusione-ago-filo.jpg\" \/>\n\t<meta property=\"og:image:width\" content=\"1231\" \/>\n\t<meta property=\"og:image:height\" content=\"877\" \/>\n\t<meta property=\"og:image:type\" content=\"image\/jpeg\" \/>\n<meta name=\"author\" content=\"Silvia Citterio\" \/>\n<meta name=\"twitter:card\" content=\"summary_large_image\" \/>\n<meta name=\"twitter:creator\" content=\"@ilNotiziarioInd\" \/>\n<meta name=\"twitter:site\" content=\"@ilNotiziarioInd\" \/>\n<meta name=\"twitter:label1\" content=\"Scritto da\" \/>\n\t<meta name=\"twitter:data1\" content=\"Silvia Citterio\" \/>\n\t<meta name=\"twitter:label2\" content=\"Tempo di lettura stimato\" \/>\n\t<meta name=\"twitter:data2\" content=\"3 minuti\" \/>\n<script type=\"application\/ld+json\" class=\"yoast-schema-graph\">{\"@context\":\"https:\\\/\\\/schema.org\",\"@graph\":[{\"@type\":\"Article\",\"@id\":\"https:\\\/\\\/www.ilnotiziario.net\\\/wp\\\/prima-pagina\\\/baranzate-l-inclusione-si-fa-anche-con-ago-e-filo\\\/#article\",\"isPartOf\":{\"@id\":\"https:\\\/\\\/www.ilnotiziario.net\\\/wp\\\/prima-pagina\\\/baranzate-l-inclusione-si-fa-anche-con-ago-e-filo\\\/\"},\"author\":{\"name\":\"Silvia Citterio\",\"@id\":\"https:\\\/\\\/www.ilnotiziario.net\\\/wp\\\/#\\\/schema\\\/person\\\/c5bca2edc3d99d29959f04a6126f687b\"},\"headline\":\"Baranzate, l\u2019inclusione si fa anche con&#8230; ago e filo\",\"datePublished\":\"2025-04-06T12:35:27+00:00\",\"mainEntityOfPage\":{\"@id\":\"https:\\\/\\\/www.ilnotiziario.net\\\/wp\\\/prima-pagina\\\/baranzate-l-inclusione-si-fa-anche-con-ago-e-filo\\\/\"},\"wordCount\":424,\"publisher\":{\"@id\":\"https:\\\/\\\/www.ilnotiziario.net\\\/wp\\\/#organization\"},\"image\":{\"@id\":\"https:\\\/\\\/www.ilnotiziario.net\\\/wp\\\/prima-pagina\\\/baranzate-l-inclusione-si-fa-anche-con-ago-e-filo\\\/#primaryimage\"},\"thumbnailUrl\":\"https:\\\/\\\/www.ilnotiziario.net\\\/wp\\\/wp-content\\\/uploads\\\/2025\\\/04\\\/Baranzate-inclusione-ago-filo.jpg\",\"keywords\":[\"ago\",\"Baranzate\",\"filo\",\"inclusione\"],\"articleSection\":[\"BOLLATESE\",\"Prima Pagina\"],\"inLanguage\":\"it-IT\"},{\"@type\":\"WebPage\",\"@id\":\"https:\\\/\\\/www.ilnotiziario.net\\\/wp\\\/prima-pagina\\\/baranzate-l-inclusione-si-fa-anche-con-ago-e-filo\\\/\",\"url\":\"https:\\\/\\\/www.ilnotiziario.net\\\/wp\\\/prima-pagina\\\/baranzate-l-inclusione-si-fa-anche-con-ago-e-filo\\\/\",\"name\":\"Baranzate, l\u2019inclusione si fa anche con... ago e filo - Il Notiziario\",\"isPartOf\":{\"@id\":\"https:\\\/\\\/www.ilnotiziario.net\\\/wp\\\/#website\"},\"primaryImageOfPage\":{\"@id\":\"https:\\\/\\\/www.ilnotiziario.net\\\/wp\\\/prima-pagina\\\/baranzate-l-inclusione-si-fa-anche-con-ago-e-filo\\\/#primaryimage\"},\"image\":{\"@id\":\"https:\\\/\\\/www.ilnotiziario.net\\\/wp\\\/prima-pagina\\\/baranzate-l-inclusione-si-fa-anche-con-ago-e-filo\\\/#primaryimage\"},\"thumbnailUrl\":\"https:\\\/\\\/www.ilnotiziario.net\\\/wp\\\/wp-content\\\/uploads\\\/2025\\\/04\\\/Baranzate-inclusione-ago-filo.jpg\",\"datePublished\":\"2025-04-06T12:35:27+00:00\",\"description\":\"Baranzate, l\u2019inclusione si fa anche con... ago e filo. La fucina di idee di Baranzate non si ferma mai e, grazie all\u2019attivit\u00e0 de La Rotonda, vengono\",\"breadcrumb\":{\"@id\":\"https:\\\/\\\/www.ilnotiziario.net\\\/wp\\\/prima-pagina\\\/baranzate-l-inclusione-si-fa-anche-con-ago-e-filo\\\/#breadcrumb\"},\"inLanguage\":\"it-IT\",\"potentialAction\":[{\"@type\":\"ReadAction\",\"target\":[\"https:\\\/\\\/www.ilnotiziario.net\\\/wp\\\/prima-pagina\\\/baranzate-l-inclusione-si-fa-anche-con-ago-e-filo\\\/\"]}]},{\"@type\":\"ImageObject\",\"inLanguage\":\"it-IT\",\"@id\":\"https:\\\/\\\/www.ilnotiziario.net\\\/wp\\\/prima-pagina\\\/baranzate-l-inclusione-si-fa-anche-con-ago-e-filo\\\/#primaryimage\",\"url\":\"https:\\\/\\\/www.ilnotiziario.net\\\/wp\\\/wp-content\\\/uploads\\\/2025\\\/04\\\/Baranzate-inclusione-ago-filo.jpg\",\"contentUrl\":\"https:\\\/\\\/www.ilnotiziario.net\\\/wp\\\/wp-content\\\/uploads\\\/2025\\\/04\\\/Baranzate-inclusione-ago-filo.jpg\",\"width\":1231,\"height\":877,\"caption\":\"Baranzate inclusione ago filo\"},{\"@type\":\"BreadcrumbList\",\"@id\":\"https:\\\/\\\/www.ilnotiziario.net\\\/wp\\\/prima-pagina\\\/baranzate-l-inclusione-si-fa-anche-con-ago-e-filo\\\/#breadcrumb\",\"itemListElement\":[{\"@type\":\"ListItem\",\"position\":1,\"name\":\"tds_text_logo_tagline_colortds_text_logo_tagline_colortds_text_logo_tagline_colortds_text_logo_tagline_colortd_module_7_title_excerpttd_module_7_title_excerpttd_module_7_title_excerpttd_module_7_title_excerptHome\",\"item\":\"https:\\\/\\\/www.ilnotiziario.net\\\/wp\\\/\"},{\"@type\":\"ListItem\",\"position\":2,\"name\":\"Baranzate, l\u2019inclusione si fa anche con&#8230; ago e filo\"}]},{\"@type\":\"WebSite\",\"@id\":\"https:\\\/\\\/www.ilnotiziario.net\\\/wp\\\/#website\",\"url\":\"https:\\\/\\\/www.ilnotiziario.net\\\/wp\\\/\",\"name\":\"Il Notiziario\",\"description\":\"Per restare sempre connessi alla notizia\",\"publisher\":{\"@id\":\"https:\\\/\\\/www.ilnotiziario.net\\\/wp\\\/#organization\"},\"alternateName\":\"Il Notiziario Bollate\",\"potentialAction\":[{\"@type\":\"SearchAction\",\"target\":{\"@type\":\"EntryPoint\",\"urlTemplate\":\"https:\\\/\\\/www.ilnotiziario.net\\\/wp\\\/?s={search_term_string}\"},\"query-input\":{\"@type\":\"PropertyValueSpecification\",\"valueRequired\":true,\"valueName\":\"search_term_string\"}}],\"inLanguage\":\"it-IT\"},{\"@type\":\"Organization\",\"@id\":\"https:\\\/\\\/www.ilnotiziario.net\\\/wp\\\/#organization\",\"name\":\"Il Notiziario\",\"url\":\"https:\\\/\\\/www.ilnotiziario.net\\\/wp\\\/\",\"logo\":{\"@type\":\"ImageObject\",\"inLanguage\":\"it-IT\",\"@id\":\"https:\\\/\\\/www.ilnotiziario.net\\\/wp\\\/#\\\/schema\\\/logo\\\/image\\\/\",\"url\":\"https:\\\/\\\/www.ilnotiziario.net\\\/wp\\\/wp-content\\\/uploads\\\/2022\\\/06\\\/170x170ilN.png\",\"contentUrl\":\"https:\\\/\\\/www.ilnotiziario.net\\\/wp\\\/wp-content\\\/uploads\\\/2022\\\/06\\\/170x170ilN.png\",\"width\":355,\"height\":355,\"caption\":\"Il Notiziario\"},\"image\":{\"@id\":\"https:\\\/\\\/www.ilnotiziario.net\\\/wp\\\/#\\\/schema\\\/logo\\\/image\\\/\"},\"sameAs\":[\"https:\\\/\\\/www.facebook.com\\\/ilnotiziarioind\\\/\",\"https:\\\/\\\/x.com\\\/ilNotiziarioInd\",\"https:\\\/\\\/www.instagram.com\\\/ilnotiziario_settimanale\\\/\"]},{\"@type\":\"Person\",\"@id\":\"https:\\\/\\\/www.ilnotiziario.net\\\/wp\\\/#\\\/schema\\\/person\\\/c5bca2edc3d99d29959f04a6126f687b\",\"name\":\"Silvia Citterio\",\"image\":{\"@type\":\"ImageObject\",\"inLanguage\":\"it-IT\",\"@id\":\"https:\\\/\\\/secure.gravatar.com\\\/avatar\\\/03eb19c63b944e79a9b5ce53ca5d1ca303edcf368a68721ec3ccaae7f98c5afd?s=96&d=mm&r=g\",\"url\":\"https:\\\/\\\/secure.gravatar.com\\\/avatar\\\/03eb19c63b944e79a9b5ce53ca5d1ca303edcf368a68721ec3ccaae7f98c5afd?s=96&d=mm&r=g\",\"contentUrl\":\"https:\\\/\\\/secure.gravatar.com\\\/avatar\\\/03eb19c63b944e79a9b5ce53ca5d1ca303edcf368a68721ec3ccaae7f98c5afd?s=96&d=mm&r=g\",\"caption\":\"Silvia Citterio\"}}]}<\/script>\n<!-- \/ Yoast SEO plugin. -->","yoast_head_json":{"title":"Baranzate, l\u2019inclusione si fa anche con... ago e filo - Il Notiziario","description":"Baranzate, l\u2019inclusione si fa anche con... ago e filo. La fucina di idee di Baranzate non si ferma mai e, grazie all\u2019attivit\u00e0 de La Rotonda, vengono","robots":{"index":"index","follow":"follow","max-snippet":"max-snippet:-1","max-image-preview":"max-image-preview:large","max-video-preview":"max-video-preview:-1"},"canonical":"https:\/\/www.ilnotiziario.net\/wp\/prima-pagina\/baranzate-l-inclusione-si-fa-anche-con-ago-e-filo\/","og_locale":"it_IT","og_type":"article","og_title":"Baranzate, l\u2019inclusione si fa anche con... ago e filo - Il Notiziario","og_description":"Baranzate, l\u2019inclusione si fa anche con... ago e filo. La fucina di idee di Baranzate non si ferma mai e, grazie all\u2019attivit\u00e0 de La Rotonda, vengono","og_url":"https:\/\/www.ilnotiziario.net\/wp\/prima-pagina\/baranzate-l-inclusione-si-fa-anche-con-ago-e-filo\/","og_site_name":"Il Notiziario","article_publisher":"https:\/\/www.facebook.com\/ilnotiziarioind\/","article_published_time":"2025-04-06T12:35:27+00:00","og_image":[{"width":1231,"height":877,"url":"https:\/\/www.ilnotiziario.net\/wp\/wp-content\/uploads\/2025\/04\/Baranzate-inclusione-ago-filo.jpg","type":"image\/jpeg"}],"author":"Silvia Citterio","twitter_card":"summary_large_image","twitter_creator":"@ilNotiziarioInd","twitter_site":"@ilNotiziarioInd","twitter_misc":{"Scritto da":"Silvia Citterio","Tempo di lettura stimato":"3 minuti"},"schema":{"@context":"https:\/\/schema.org","@graph":[{"@type":"Article","@id":"https:\/\/www.ilnotiziario.net\/wp\/prima-pagina\/baranzate-l-inclusione-si-fa-anche-con-ago-e-filo\/#article","isPartOf":{"@id":"https:\/\/www.ilnotiziario.net\/wp\/prima-pagina\/baranzate-l-inclusione-si-fa-anche-con-ago-e-filo\/"},"author":{"name":"Silvia Citterio","@id":"https:\/\/www.ilnotiziario.net\/wp\/#\/schema\/person\/c5bca2edc3d99d29959f04a6126f687b"},"headline":"Baranzate, l\u2019inclusione si fa anche con&#8230; ago e filo","datePublished":"2025-04-06T12:35:27+00:00","mainEntityOfPage":{"@id":"https:\/\/www.ilnotiziario.net\/wp\/prima-pagina\/baranzate-l-inclusione-si-fa-anche-con-ago-e-filo\/"},"wordCount":424,"publisher":{"@id":"https:\/\/www.ilnotiziario.net\/wp\/#organization"},"image":{"@id":"https:\/\/www.ilnotiziario.net\/wp\/prima-pagina\/baranzate-l-inclusione-si-fa-anche-con-ago-e-filo\/#primaryimage"},"thumbnailUrl":"https:\/\/www.ilnotiziario.net\/wp\/wp-content\/uploads\/2025\/04\/Baranzate-inclusione-ago-filo.jpg","keywords":["ago","Baranzate","filo","inclusione"],"articleSection":["BOLLATESE","Prima Pagina"],"inLanguage":"it-IT"},{"@type":"WebPage","@id":"https:\/\/www.ilnotiziario.net\/wp\/prima-pagina\/baranzate-l-inclusione-si-fa-anche-con-ago-e-filo\/","url":"https:\/\/www.ilnotiziario.net\/wp\/prima-pagina\/baranzate-l-inclusione-si-fa-anche-con-ago-e-filo\/","name":"Baranzate, l\u2019inclusione si fa anche con... ago e filo - Il Notiziario","isPartOf":{"@id":"https:\/\/www.ilnotiziario.net\/wp\/#website"},"primaryImageOfPage":{"@id":"https:\/\/www.ilnotiziario.net\/wp\/prima-pagina\/baranzate-l-inclusione-si-fa-anche-con-ago-e-filo\/#primaryimage"},"image":{"@id":"https:\/\/www.ilnotiziario.net\/wp\/prima-pagina\/baranzate-l-inclusione-si-fa-anche-con-ago-e-filo\/#primaryimage"},"thumbnailUrl":"https:\/\/www.ilnotiziario.net\/wp\/wp-content\/uploads\/2025\/04\/Baranzate-inclusione-ago-filo.jpg","datePublished":"2025-04-06T12:35:27+00:00","description":"Baranzate, l\u2019inclusione si fa anche con... ago e filo. La fucina di idee di Baranzate non si ferma mai e, grazie all\u2019attivit\u00e0 de La Rotonda, vengono","breadcrumb":{"@id":"https:\/\/www.ilnotiziario.net\/wp\/prima-pagina\/baranzate-l-inclusione-si-fa-anche-con-ago-e-filo\/#breadcrumb"},"inLanguage":"it-IT","potentialAction":[{"@type":"ReadAction","target":["https:\/\/www.ilnotiziario.net\/wp\/prima-pagina\/baranzate-l-inclusione-si-fa-anche-con-ago-e-filo\/"]}]},{"@type":"ImageObject","inLanguage":"it-IT","@id":"https:\/\/www.ilnotiziario.net\/wp\/prima-pagina\/baranzate-l-inclusione-si-fa-anche-con-ago-e-filo\/#primaryimage","url":"https:\/\/www.ilnotiziario.net\/wp\/wp-content\/uploads\/2025\/04\/Baranzate-inclusione-ago-filo.jpg","contentUrl":"https:\/\/www.ilnotiziario.net\/wp\/wp-content\/uploads\/2025\/04\/Baranzate-inclusione-ago-filo.jpg","width":1231,"height":877,"caption":"Baranzate inclusione ago filo"},{"@type":"BreadcrumbList","@id":"https:\/\/www.ilnotiziario.net\/wp\/prima-pagina\/baranzate-l-inclusione-si-fa-anche-con-ago-e-filo\/#breadcrumb","itemListElement":[{"@type":"ListItem","position":1,"name":"tds_text_logo_tagline_colortds_text_logo_tagline_colortds_text_logo_tagline_colortds_text_logo_tagline_colortd_module_7_title_excerpttd_module_7_title_excerpttd_module_7_title_excerpttd_module_7_title_excerptHome","item":"https:\/\/www.ilnotiziario.net\/wp\/"},{"@type":"ListItem","position":2,"name":"Baranzate, l\u2019inclusione si fa anche con&#8230; ago e filo"}]},{"@type":"WebSite","@id":"https:\/\/www.ilnotiziario.net\/wp\/#website","url":"https:\/\/www.ilnotiziario.net\/wp\/","name":"Il Notiziario","description":"Per restare sempre connessi alla notizia","publisher":{"@id":"https:\/\/www.ilnotiziario.net\/wp\/#organization"},"alternateName":"Il Notiziario Bollate","potentialAction":[{"@type":"SearchAction","target":{"@type":"EntryPoint","urlTemplate":"https:\/\/www.ilnotiziario.net\/wp\/?s={search_term_string}"},"query-input":{"@type":"PropertyValueSpecification","valueRequired":true,"valueName":"search_term_string"}}],"inLanguage":"it-IT"},{"@type":"Organization","@id":"https:\/\/www.ilnotiziario.net\/wp\/#organization","name":"Il Notiziario","url":"https:\/\/www.ilnotiziario.net\/wp\/","logo":{"@type":"ImageObject","inLanguage":"it-IT","@id":"https:\/\/www.ilnotiziario.net\/wp\/#\/schema\/logo\/image\/","url":"https:\/\/www.ilnotiziario.net\/wp\/wp-content\/uploads\/2022\/06\/170x170ilN.png","contentUrl":"https:\/\/www.ilnotiziario.net\/wp\/wp-content\/uploads\/2022\/06\/170x170ilN.png","width":355,"height":355,"caption":"Il Notiziario"},"image":{"@id":"https:\/\/www.ilnotiziario.net\/wp\/#\/schema\/logo\/image\/"},"sameAs":["https:\/\/www.facebook.com\/ilnotiziarioind\/","https:\/\/x.com\/ilNotiziarioInd","https:\/\/www.instagram.com\/ilnotiziario_settimanale\/"]},{"@type":"Person","@id":"https:\/\/www.ilnotiziario.net\/wp\/#\/schema\/person\/c5bca2edc3d99d29959f04a6126f687b","name":"Silvia Citterio","image":{"@type":"ImageObject","inLanguage":"it-IT","@id":"https:\/\/secure.gravatar.com\/avatar\/03eb19c63b944e79a9b5ce53ca5d1ca303edcf368a68721ec3ccaae7f98c5afd?s=96&d=mm&r=g","url":"https:\/\/secure.gravatar.com\/avatar\/03eb19c63b944e79a9b5ce53ca5d1ca303edcf368a68721ec3ccaae7f98c5afd?s=96&d=mm&r=g","contentUrl":"https:\/\/secure.gravatar.com\/avatar\/03eb19c63b944e79a9b5ce53ca5d1ca303edcf368a68721ec3ccaae7f98c5afd?s=96&d=mm&r=g","caption":"Silvia Citterio"}}]}},"_links":{"self":[{"href":"https:\/\/www.ilnotiziario.net\/wp\/wp-json\/wp\/v2\/posts\/205078","targetHints":{"allow":["GET"]}}],"collection":[{"href":"https:\/\/www.ilnotiziario.net\/wp\/wp-json\/wp\/v2\/posts"}],"about":[{"href":"https:\/\/www.ilnotiziario.net\/wp\/wp-json\/wp\/v2\/types\/post"}],"author":[{"embeddable":true,"href":"https:\/\/www.ilnotiziario.net\/wp\/wp-json\/wp\/v2\/users\/14"}],"replies":[{"embeddable":true,"href":"https:\/\/www.ilnotiziario.net\/wp\/wp-json\/wp\/v2\/comments?post=205078"}],"version-history":[{"count":0,"href":"https:\/\/www.ilnotiziario.net\/wp\/wp-json\/wp\/v2\/posts\/205078\/revisions"}],"wp:featuredmedia":[{"embeddable":true,"href":"https:\/\/www.ilnotiziario.net\/wp\/wp-json\/wp\/v2\/media\/205079"}],"wp:attachment":[{"href":"https:\/\/www.ilnotiziario.net\/wp\/wp-json\/wp\/v2\/media?parent=205078"}],"wp:term":[{"taxonomy":"category","embeddable":true,"href":"https:\/\/www.ilnotiziario.net\/wp\/wp-json\/wp\/v2\/categories?post=205078"},{"taxonomy":"post_tag","embeddable":true,"href":"https:\/\/www.ilnotiziario.net\/wp\/wp-json\/wp\/v2\/tags?post=205078"}],"curies":[{"name":"wp","href":"https:\/\/api.w.org\/{rel}","templated":true}]}}