{"id":206214,"date":"2025-05-16T12:23:08","date_gmt":"2025-05-16T10:23:08","guid":{"rendered":"https:\/\/www.ilnotiziario.net\/wp\/?p=206214"},"modified":"2025-05-16T15:09:15","modified_gmt":"2025-05-16T13:09:15","slug":"sicurezza-stradale-con-mi-voglio-sicur%c9%99-gli-studenti-riflettono-sul-valore-della-vita","status":"publish","type":"post","link":"https:\/\/www.ilnotiziario.net\/wp\/buonoasapersi\/sicurezza-stradale-con-mi-voglio-sicur%c9%99-gli-studenti-riflettono-sul-valore-della-vita\/","title":{"rendered":"Sicurezza stradale, con \u201cMi voglio sicur\u0259\u201d gli studenti riflettono sul valore della vita"},"content":{"rendered":"<p align=\"justify\">\u201c<span style=\"font-family: Montserrat;\"><span style=\"font-size: medium;\"><b>Qual \u00e8 la buona notizia? Noi siamo morti!<\/b><\/span><\/span><span style=\"font-family: Montserrat;\"><span style=\"font-size: medium;\">\u201d Cos\u00ec Francesco, in scena, si rivolge a Lorenzo. \u00c8 un dialogo impossibile, ma pi\u00f9 reale che mai. Sono due ragazzi che non ci sono pi\u00f9, ma che grazie alla voce dei loro genitori tornano a parlare per fermare altri destini spezzati. \u00c8 questo il cuore pulsante dello spettacolo Two (not) imaginary boys, andato in scena il 15 maggio al Centro scolastico Parco Nord di Cinisello Balsamo, davanti agli studenti degli Istituti Casiraghi, Montale e Cartesio.<\/span><\/span><\/p><div id=\"ilnot-3297739788\" class=\"ilnot-contenuto ilnot-entity-placement\"><p><!-- incontent_1 --><\/p>\n<div class=\"gptslot\" data-adunitid=\"1\"><\/div>\n<\/div>\n<p align=\"justify\"><span style=\"font-family: Montserrat;\"><span style=\"font-size: medium;\">L\u2019evento \u00e8 parte del progetto <\/span><\/span><span style=\"font-family: Montserrat;\"><span style=\"font-size: medium;\"><b>\u201cMi voglio sicur\u0259\u201d<\/b><\/span><\/span><span style=\"font-family: Montserrat;\"><span style=\"font-size: medium;\">, iniziativa di <\/span><\/span><span style=\"font-family: Montserrat;\"><span style=\"font-size: medium;\"><b>sensibilizzazione degli studenti delle scuole superiori<\/b><\/span><\/span><span style=\"font-family: Montserrat;\"><span style=\"font-size: medium;\"> sul tema della <\/span><\/span><span style=\"font-family: Montserrat;\"><span style=\"font-size: medium;\"><b>sicurezza stradale<\/b><\/span><\/span><span style=\"font-family: Montserrat;\"><span style=\"font-size: medium;\">, promosso da <\/span><\/span><span style=\"font-family: Montserrat;\"><span style=\"font-size: medium;\"><b>Citt\u00e0 Metropolitana di Milano<\/b><\/span><\/span><span style=\"font-family: Montserrat;\"><span style=\"font-size: medium;\"> e <\/span><\/span><span style=\"font-family: Montserrat;\"><span style=\"font-size: medium;\"><b>Safety21<\/b><\/span><\/span><span style=\"font-family: Montserrat;\"><span style=\"font-size: medium;\"> nell\u2019ambito del pi\u00f9 ampio <\/span><\/span><span style=\"font-family: Montserrat;\"><span style=\"font-size: medium;\"><b>Progetto Sicurezza Milano Metropolitana<\/b><\/span><\/span><span style=\"font-family: Montserrat;\"><span style=\"font-size: medium;\">. L\u2019obiettivo: contribuire alla <\/span><\/span><span style=\"font-family: Montserrat;\"><span style=\"font-size: medium;\"><b>prevenzione delle vittime della strada<\/b><\/span><\/span><span style=\"font-family: Montserrat;\"><span style=\"font-size: medium;\"> e al raggiungimento della visione europea \u201c<\/span><\/span><span style=\"font-family: Montserrat;\"><span style=\"font-size: medium;\"><b>Zero vittime entro il 2050<\/b><\/span><\/span><span style=\"font-family: Montserrat;\"><span style=\"font-size: medium;\">\u201d.<\/span><\/span><\/p>\n<p align=\"justify\"><span style=\"font-family: Montserrat;\"><span style=\"font-size: medium;\">La pi\u00e8ce \u00e8 scritta da <\/span><\/span><span style=\"font-family: Montserrat;\"><span style=\"font-size: medium;\"><b>Luca Valdiserri<\/b><\/span><\/span><span style=\"font-family: Montserrat;\"><span style=\"font-size: medium;\"> e <\/span><\/span><span style=\"font-family: Montserrat;\"><span style=\"font-size: medium;\"><b>Stefano Guarnieri<\/b><\/span><\/span><span style=\"font-family: Montserrat;\"><span style=\"font-size: medium;\">, padri di Francesco e Lorenzo, con l\u2019adattamento teatrale di <\/span><\/span><span style=\"font-family: Montserrat;\"><span style=\"font-size: medium;\"><b>Caterina Rugghia<\/b><\/span><\/span><span style=\"font-family: Montserrat;\"><span style=\"font-size: medium;\">. In scena, <\/span><\/span><span style=\"font-family: Montserrat;\"><span style=\"font-size: medium;\"><b>Domenico Sorrentino<\/b><\/span><\/span><span style=\"font-family: Montserrat;\"><span style=\"font-size: medium;\"> e <\/span><\/span><span style=\"font-family: Montserrat;\"><span style=\"font-size: medium;\"><b>Federico Diana<\/b><\/span><\/span><span style=\"font-family: Montserrat;\"><span style=\"font-size: medium;\"> interpretano i due ragazzi, in un confronto intenso e drammatico: \u201c<\/span><\/span><span style=\"font-family: Montserrat;\"><span style=\"font-size: medium;\"><b>Possiamo spiegare ad altri ragazzi come noi che guidare dopo che hai bevuto o preso qualche droga pu\u00f2 uccidere te e gli altri; che la distrazione e la velocit\u00e0 possono fare male come l\u2019alcol; che lo smartphone non va usato al volante<\/b><\/span><\/span><span style=\"font-family: Montserrat;\"><span style=\"font-size: medium;\">\u201d.<\/span><\/span><\/p><div id=\"ilnot-4197301247\" class=\"ilnot-contenuto_2 ilnot-entity-placement\"><div class=\"ads-wrapper\">\n<div class=\"ad-slot\">\n   <div id=\"ilnot-1504866168\" style=\"margin-right: auto;margin-left: auto;text-align: center;width: 320px;height: 100px;\"><a href=\"https:\/\/www.scuolasicurezza.it\/\"><img decoding=\"async\" src=\"https:\/\/www.ilnotiziario.net\/wp\/wp-content\/uploads\/2026\/04\/IlNotiziario_banner-sito-e-newsletter-320-x-100-px-1.gif\" alt=\"\"><\/a><\/div>\n  <\/div>\n<div class=\"ad-slot\">\n   <div id=\"ilnot-2796563661\" style=\"margin-right: auto;margin-left: auto;text-align: center;width: 320px;height: 100px;\"><a href=\"https:\/\/purodesignarredamenti.com\/\"><img decoding=\"async\" src=\"https:\/\/www.ilnotiziario.net\/wp\/wp-content\/uploads\/2026\/04\/banner-puro-ok.gif\" alt=\"whatsapp\"><\/a><\/div><\/p><\/div>\n<\/div>\n<\/div>\n<p align=\"justify\"><span style=\"font-family: Montserrat;\"><span style=\"font-size: medium;\">Due testimonianze reali e devastanti. Lorenzo aveva 17 anni: \u201cStavo tornando a casa in motorino. Il mio babbo mi aveva chiamato al telefonino: non fare tardi! Uno mi ha investito in pieno saltando dentro la mia corsia, l\u2019ho visto giusto per un secondo. Ubriaco e drogato. Non era un ragazzo, aveva 45 anni ed io 17 ma, come dice la mia mamma, non c\u2019\u00e8 dubbio su chi dei due fosse il pi\u00f9 maturo! Certi vizi non hanno et\u00e0\u201d.<\/span><\/span><\/p>\n<p align=\"justify\"><span style=\"font-family: Montserrat;\"><span style=\"font-size: medium;\">Francesco, invece, aveva 18 anni: \u201cCamminavo sul marciapiede della Cristoforo Colombo, insieme a Nicco, il mio grande amico. Eravamo stati al cinema a vedere un film che si chiama \u2018Margini\u2019. La ragazza che guidava ubriaca quella macchina mi ha preso in pieno alle spalle. Andava cos\u00ec veloce che non l\u2019ho nemmeno vista arrivare. Uno pu\u00f2 pensare: che sfiga! Ma bere e poi mettersi al volante non succede certo per caso\u201d.<\/span><\/span><\/p>\n<p align=\"justify\"><span style=\"font-family: Montserrat;\"><span style=\"font-size: medium;\">A parlare, alla fine, \u00e8 anche il dolore di chi \u00e8 rimasto. <\/span><\/span><span style=\"font-family: Montserrat;\"><span style=\"font-size: medium;\"><b>Stefano Guarnieri<\/b><\/span><\/span><span style=\"font-family: Montserrat;\"><span style=\"font-size: medium;\"> lo dice con chiarezza:<br \/>\n<\/span><\/span><span style=\"font-family: Montserrat;\"><span style=\"font-size: medium;\"><b>\u201c<\/b><\/span><\/span><span style=\"font-family: Montserrat;\"><span style=\"font-size: medium;\"><i><b>L\u2019importanza di parlare ai giovani non sta nel fatto che i giovani rappresentano il problema, ma nel fatto che possono rappresentare la soluzione, cambiando il nostro sistema di mobilit\u00e0 e i comportamenti alla guida. Solo loro hanno il tempo. l\u2019energia e la spinta per farlo. Speriamo che far pensare, attraverso il teatro e l\u2019immaginazione, possa aiutare a salvare qualche vita sulla strada<\/b><\/i><\/span><\/span><span style=\"font-family: Montserrat;\"><span style=\"font-size: medium;\"><b>\u201d <\/b><\/span><\/span><span style=\"font-family: Montserrat;\"><span style=\"font-size: medium;\">.<\/span><\/span><\/p><div id=\"ilnot-1418800669\" class=\"ilnot-contenuto_2-2 ilnot-entity-placement\"><div class=\"gptslot\" data-adunitid=\"2\"><\/div>\n<\/div>\n<p align=\"justify\"><span style=\"font-family: Montserrat;\"><span style=\"font-size: medium;\">Secondo la consigliera delegata alle Infrastrutture <\/span><\/span><span style=\"font-family: Montserrat;\"><span style=\"font-size: medium;\"><b>Daniela Caputo<\/b><\/span><\/span><span style=\"font-family: Montserrat;\"><span style=\"font-size: medium;\">: &#8220;<\/span><\/span><span style=\"font-family: Montserrat;\"><span style=\"font-size: medium;\"><i>Per noi gli incontri con le studentesse e gli studenti sono momenti di ritrovo, di scambio, di conoscenza durante i quali affrontare le tematiche legate alla sicurezza stradale. Aver coinvolto in questo ciclo di incontri oltre 2000 giovani \u00e8 un traguardo importante ma per noi \u00e8 solo un primo passo, vogliamo tenere aperto, e rafforzare, il dialogo con le giovani generazioni al fine di contribuire all&#8217;affermazione della cultura del rispetto sulle strade e affinch\u00e9 le persone coinvolte diventino portatori di questo messaggio tra i loro coetanei. I nostri incontri non sono conferenze, ma stimolanti ambiti di discussione e di crescita finalizzati a parlare di regole, sicurezza e rispetto verso il prossimo<\/i><\/span><\/span><span style=\"font-family: Montserrat;\"><span style=\"font-size: medium;\">\u201d.<\/span><\/span><\/p>\n<p align=\"justify\"><span style=\"font-family: Montserrat;\"><span style=\"font-size: medium;\">Con l\u2019incontro del 15 maggio si \u00e8 chiuso per quest\u2019anno il ciclo di appuntamenti del progetto <\/span><\/span><span style=\"font-family: Montserrat;\"><span style=\"font-size: medium;\"><b>&#8220;Mi voglio sicur\u0259&#8221;<\/b><\/span><\/span><span style=\"font-family: Montserrat;\"><span style=\"font-size: medium;\">, che ha coinvolto <\/span><\/span><span style=\"font-family: Montserrat;\"><span style=\"font-size: medium;\"><b>circa 2.000 studenti<\/b><\/span><\/span><span style=\"font-family: Montserrat;\"><span style=\"font-size: medium;\"> degli <\/span><\/span><span style=\"font-family: Montserrat;\"><span style=\"font-size: medium;\"><b>Istituti Superiori della Citt\u00e0 Metropolitana di Milano<\/b><\/span><\/span><span style=\"font-family: Montserrat;\"><span style=\"font-size: medium;\">. Un passo concreto verso una cultura della responsabilit\u00e0, in cui ogni vita conta. Per maggiori informazioni sul progetto, \u00e8 possibile visitare il <\/span><\/span><a href=\"https:\/\/adv.presscommtech.com\/www\/delivery\/ck.php?bannerid=16195&amp;zoneid=3333&amp;oadest=https%3A%2F%2Fprogettosicurezzamilanometropolitana.com%2F\"><span style=\"color: #1155cc;\"><span style=\"font-family: Montserrat;\"><span style=\"font-size: medium;\"><u>sito ufficiale<\/u><\/span><\/span><\/span><\/a><span style=\"font-family: Montserrat;\"><span style=\"font-size: medium;\">.\u00a0<\/span><\/span><\/p>\n<p><img decoding=\"async\" style=\"width: 0px; height: 0px;\" src=\"https:\/\/adv.presscommtech.com\/www\/delivery\/lg.php?bannerid=16195&amp;zoneid=3333\" alt=\"\" width=\"0\" height=\"0\" \/><\/p>\n","protected":false},"excerpt":{"rendered":"<p>\u201cQual \u00e8 la buona notizia? Noi siamo morti!\u201d Cos\u00ec Francesco, in scena, si rivolge a Lorenzo. \u00c8 un dialogo impossibile, ma pi\u00f9 reale che mai. Sono due ragazzi che non ci sono pi\u00f9, ma che grazie alla voce dei loro genitori tornano a parlare per fermare altri destini spezzati. \u00c8 questo il cuore pulsante dello<\/p>\n","protected":false},"author":3,"featured_media":206215,"comment_status":"closed","ping_status":"closed","sticky":false,"template":"","format":"standard","meta":{"footnotes":""},"categories":[4193,20],"tags":[8010,38,584,15563],"class_list":{"0":"post-206214","1":"post","2":"type-post","3":"status-publish","4":"format-standard","5":"has-post-thumbnail","7":"category-buonoasapersi","8":"category-prima-pagina","9":"tag-area-metropolitana","10":"tag-milano","11":"tag-sicurezza","12":"tag-stradale"},"yoast_head":"<!-- This site is optimized with the Yoast SEO plugin v27.4 - https:\/\/yoast.com\/product\/yoast-seo-wordpress\/ -->\n<title>Sicurezza stradale, con \u201cMi voglio sicur\u0259\u201d gli studenti riflettono sul valore della vita - Il Notiziario<\/title>\n<meta name=\"description\" content=\"\u201cQual \u00e8 la buona notizia? Noi siamo morti!\u201d Cos\u00ec Francesco, in scena, si rivolge a Lorenzo. \u00c8 un dialogo impossibile, ma pi\u00f9 reale che mai. Sono due\" \/>\n<meta name=\"robots\" content=\"index, follow, max-snippet:-1, max-image-preview:large, max-video-preview:-1\" \/>\n<link rel=\"canonical\" href=\"https:\/\/www.ilnotiziario.net\/wp\/buonoasapersi\/sicurezza-stradale-con-mi-voglio-sicur\u0259-gli-studenti-riflettono-sul-valore-della-vita\/\" \/>\n<meta property=\"og:locale\" content=\"it_IT\" \/>\n<meta property=\"og:type\" content=\"article\" \/>\n<meta property=\"og:title\" content=\"Sicurezza stradale, con \u201cMi voglio sicur\u0259\u201d gli studenti riflettono sul valore della vita - Il Notiziario\" \/>\n<meta property=\"og:description\" content=\"\u201cQual \u00e8 la buona notizia? Noi siamo morti!\u201d Cos\u00ec Francesco, in scena, si rivolge a Lorenzo. \u00c8 un dialogo impossibile, ma pi\u00f9 reale che mai. Sono due\" \/>\n<meta property=\"og:url\" content=\"https:\/\/www.ilnotiziario.net\/wp\/buonoasapersi\/sicurezza-stradale-con-mi-voglio-sicur\u0259-gli-studenti-riflettono-sul-valore-della-vita\/\" \/>\n<meta property=\"og:site_name\" content=\"Il Notiziario\" \/>\n<meta property=\"article:publisher\" content=\"https:\/\/www.facebook.com\/ilnotiziarioind\/\" \/>\n<meta property=\"article:published_time\" content=\"2025-05-16T10:23:08+00:00\" \/>\n<meta property=\"article:modified_time\" content=\"2025-05-16T13:09:15+00:00\" \/>\n<meta property=\"og:image\" content=\"https:\/\/www.ilnotiziario.net\/wp\/wp-content\/uploads\/2025\/05\/Sicurezza-Stradale-Maggio25.jpg\" \/>\n\t<meta property=\"og:image:width\" content=\"960\" \/>\n\t<meta property=\"og:image:height\" content=\"540\" \/>\n\t<meta property=\"og:image:type\" content=\"image\/jpeg\" \/>\n<meta name=\"author\" content=\"Gabriele Bassani\" \/>\n<meta name=\"twitter:card\" content=\"summary_large_image\" \/>\n<meta name=\"twitter:creator\" content=\"@ilNotiziarioInd\" \/>\n<meta name=\"twitter:site\" content=\"@ilNotiziarioInd\" \/>\n<meta name=\"twitter:label1\" content=\"Scritto da\" \/>\n\t<meta name=\"twitter:data1\" content=\"Gabriele Bassani\" \/>\n\t<meta name=\"twitter:label2\" content=\"Tempo di lettura stimato\" \/>\n\t<meta name=\"twitter:data2\" content=\"4 minuti\" \/>\n<script type=\"application\/ld+json\" class=\"yoast-schema-graph\">{\"@context\":\"https:\\\/\\\/schema.org\",\"@graph\":[{\"@type\":\"Article\",\"@id\":\"https:\\\/\\\/www.ilnotiziario.net\\\/wp\\\/buonoasapersi\\\/sicurezza-stradale-con-mi-voglio-sicur%c9%99-gli-studenti-riflettono-sul-valore-della-vita\\\/#article\",\"isPartOf\":{\"@id\":\"https:\\\/\\\/www.ilnotiziario.net\\\/wp\\\/buonoasapersi\\\/sicurezza-stradale-con-mi-voglio-sicur%c9%99-gli-studenti-riflettono-sul-valore-della-vita\\\/\"},\"author\":{\"name\":\"Gabriele Bassani\",\"@id\":\"https:\\\/\\\/www.ilnotiziario.net\\\/wp\\\/#\\\/schema\\\/person\\\/386e222908f898bb41c033989482bbf2\"},\"headline\":\"Sicurezza stradale, con \u201cMi voglio sicur\u0259\u201d gli studenti riflettono sul valore della vita\",\"datePublished\":\"2025-05-16T10:23:08+00:00\",\"dateModified\":\"2025-05-16T13:09:15+00:00\",\"mainEntityOfPage\":{\"@id\":\"https:\\\/\\\/www.ilnotiziario.net\\\/wp\\\/buonoasapersi\\\/sicurezza-stradale-con-mi-voglio-sicur%c9%99-gli-studenti-riflettono-sul-valore-della-vita\\\/\"},\"wordCount\":630,\"publisher\":{\"@id\":\"https:\\\/\\\/www.ilnotiziario.net\\\/wp\\\/#organization\"},\"image\":{\"@id\":\"https:\\\/\\\/www.ilnotiziario.net\\\/wp\\\/buonoasapersi\\\/sicurezza-stradale-con-mi-voglio-sicur%c9%99-gli-studenti-riflettono-sul-valore-della-vita\\\/#primaryimage\"},\"thumbnailUrl\":\"https:\\\/\\\/www.ilnotiziario.net\\\/wp\\\/wp-content\\\/uploads\\\/2025\\\/05\\\/Sicurezza-Stradale-Maggio25.jpg\",\"keywords\":[\"Area Metropolitana\",\"Milano\",\"sicurezza\",\"stradale\"],\"articleSection\":[\"BUONO A SAPERSI\",\"Prima Pagina\"],\"inLanguage\":\"it-IT\"},{\"@type\":\"WebPage\",\"@id\":\"https:\\\/\\\/www.ilnotiziario.net\\\/wp\\\/buonoasapersi\\\/sicurezza-stradale-con-mi-voglio-sicur%c9%99-gli-studenti-riflettono-sul-valore-della-vita\\\/\",\"url\":\"https:\\\/\\\/www.ilnotiziario.net\\\/wp\\\/buonoasapersi\\\/sicurezza-stradale-con-mi-voglio-sicur%c9%99-gli-studenti-riflettono-sul-valore-della-vita\\\/\",\"name\":\"Sicurezza stradale, con \u201cMi voglio sicur\u0259\u201d gli studenti riflettono sul valore della vita - Il Notiziario\",\"isPartOf\":{\"@id\":\"https:\\\/\\\/www.ilnotiziario.net\\\/wp\\\/#website\"},\"primaryImageOfPage\":{\"@id\":\"https:\\\/\\\/www.ilnotiziario.net\\\/wp\\\/buonoasapersi\\\/sicurezza-stradale-con-mi-voglio-sicur%c9%99-gli-studenti-riflettono-sul-valore-della-vita\\\/#primaryimage\"},\"image\":{\"@id\":\"https:\\\/\\\/www.ilnotiziario.net\\\/wp\\\/buonoasapersi\\\/sicurezza-stradale-con-mi-voglio-sicur%c9%99-gli-studenti-riflettono-sul-valore-della-vita\\\/#primaryimage\"},\"thumbnailUrl\":\"https:\\\/\\\/www.ilnotiziario.net\\\/wp\\\/wp-content\\\/uploads\\\/2025\\\/05\\\/Sicurezza-Stradale-Maggio25.jpg\",\"datePublished\":\"2025-05-16T10:23:08+00:00\",\"dateModified\":\"2025-05-16T13:09:15+00:00\",\"description\":\"\u201cQual \u00e8 la buona notizia? Noi siamo morti!\u201d Cos\u00ec Francesco, in scena, si rivolge a Lorenzo. \u00c8 un dialogo impossibile, ma pi\u00f9 reale che mai. Sono due\",\"breadcrumb\":{\"@id\":\"https:\\\/\\\/www.ilnotiziario.net\\\/wp\\\/buonoasapersi\\\/sicurezza-stradale-con-mi-voglio-sicur%c9%99-gli-studenti-riflettono-sul-valore-della-vita\\\/#breadcrumb\"},\"inLanguage\":\"it-IT\",\"potentialAction\":[{\"@type\":\"ReadAction\",\"target\":[\"https:\\\/\\\/www.ilnotiziario.net\\\/wp\\\/buonoasapersi\\\/sicurezza-stradale-con-mi-voglio-sicur%c9%99-gli-studenti-riflettono-sul-valore-della-vita\\\/\"]}]},{\"@type\":\"ImageObject\",\"inLanguage\":\"it-IT\",\"@id\":\"https:\\\/\\\/www.ilnotiziario.net\\\/wp\\\/buonoasapersi\\\/sicurezza-stradale-con-mi-voglio-sicur%c9%99-gli-studenti-riflettono-sul-valore-della-vita\\\/#primaryimage\",\"url\":\"https:\\\/\\\/www.ilnotiziario.net\\\/wp\\\/wp-content\\\/uploads\\\/2025\\\/05\\\/Sicurezza-Stradale-Maggio25.jpg\",\"contentUrl\":\"https:\\\/\\\/www.ilnotiziario.net\\\/wp\\\/wp-content\\\/uploads\\\/2025\\\/05\\\/Sicurezza-Stradale-Maggio25.jpg\",\"width\":960,\"height\":540,\"caption\":\"Progetto Sicurezza Milano Metropolitana\"},{\"@type\":\"BreadcrumbList\",\"@id\":\"https:\\\/\\\/www.ilnotiziario.net\\\/wp\\\/buonoasapersi\\\/sicurezza-stradale-con-mi-voglio-sicur%c9%99-gli-studenti-riflettono-sul-valore-della-vita\\\/#breadcrumb\",\"itemListElement\":[{\"@type\":\"ListItem\",\"position\":1,\"name\":\"tds_text_logo_tagline_colortds_text_logo_tagline_colortds_text_logo_tagline_colortds_text_logo_tagline_colortd_module_7_title_excerpttd_module_7_title_excerpttd_module_7_title_excerpttd_module_7_title_excerptHome\",\"item\":\"https:\\\/\\\/www.ilnotiziario.net\\\/wp\\\/\"},{\"@type\":\"ListItem\",\"position\":2,\"name\":\"Sicurezza stradale, con \u201cMi voglio sicur\u0259\u201d gli studenti riflettono sul valore della vita\"}]},{\"@type\":\"WebSite\",\"@id\":\"https:\\\/\\\/www.ilnotiziario.net\\\/wp\\\/#website\",\"url\":\"https:\\\/\\\/www.ilnotiziario.net\\\/wp\\\/\",\"name\":\"Il Notiziario\",\"description\":\"Per restare sempre connessi alla notizia\",\"publisher\":{\"@id\":\"https:\\\/\\\/www.ilnotiziario.net\\\/wp\\\/#organization\"},\"alternateName\":\"Il Notiziario Bollate\",\"potentialAction\":[{\"@type\":\"SearchAction\",\"target\":{\"@type\":\"EntryPoint\",\"urlTemplate\":\"https:\\\/\\\/www.ilnotiziario.net\\\/wp\\\/?s={search_term_string}\"},\"query-input\":{\"@type\":\"PropertyValueSpecification\",\"valueRequired\":true,\"valueName\":\"search_term_string\"}}],\"inLanguage\":\"it-IT\"},{\"@type\":\"Organization\",\"@id\":\"https:\\\/\\\/www.ilnotiziario.net\\\/wp\\\/#organization\",\"name\":\"Il Notiziario\",\"url\":\"https:\\\/\\\/www.ilnotiziario.net\\\/wp\\\/\",\"logo\":{\"@type\":\"ImageObject\",\"inLanguage\":\"it-IT\",\"@id\":\"https:\\\/\\\/www.ilnotiziario.net\\\/wp\\\/#\\\/schema\\\/logo\\\/image\\\/\",\"url\":\"https:\\\/\\\/www.ilnotiziario.net\\\/wp\\\/wp-content\\\/uploads\\\/2022\\\/06\\\/170x170ilN.png\",\"contentUrl\":\"https:\\\/\\\/www.ilnotiziario.net\\\/wp\\\/wp-content\\\/uploads\\\/2022\\\/06\\\/170x170ilN.png\",\"width\":355,\"height\":355,\"caption\":\"Il Notiziario\"},\"image\":{\"@id\":\"https:\\\/\\\/www.ilnotiziario.net\\\/wp\\\/#\\\/schema\\\/logo\\\/image\\\/\"},\"sameAs\":[\"https:\\\/\\\/www.facebook.com\\\/ilnotiziarioind\\\/\",\"https:\\\/\\\/x.com\\\/ilNotiziarioInd\",\"https:\\\/\\\/www.instagram.com\\\/ilnotiziario_settimanale\\\/\"]},{\"@type\":\"Person\",\"@id\":\"https:\\\/\\\/www.ilnotiziario.net\\\/wp\\\/#\\\/schema\\\/person\\\/386e222908f898bb41c033989482bbf2\",\"name\":\"Gabriele Bassani\",\"image\":{\"@type\":\"ImageObject\",\"inLanguage\":\"it-IT\",\"@id\":\"https:\\\/\\\/secure.gravatar.com\\\/avatar\\\/09274f4a84fa97698bde56f84b3afed61c8492d48b0550db9671b68c177479cb?s=96&d=mm&r=g\",\"url\":\"https:\\\/\\\/secure.gravatar.com\\\/avatar\\\/09274f4a84fa97698bde56f84b3afed61c8492d48b0550db9671b68c177479cb?s=96&d=mm&r=g\",\"contentUrl\":\"https:\\\/\\\/secure.gravatar.com\\\/avatar\\\/09274f4a84fa97698bde56f84b3afed61c8492d48b0550db9671b68c177479cb?s=96&d=mm&r=g\",\"caption\":\"Gabriele Bassani\"},\"sameAs\":[\"http:\\\/\\\/www.ilnotiziario.net\"]}]}<\/script>\n<!-- \/ Yoast SEO plugin. -->","yoast_head_json":{"title":"Sicurezza stradale, con \u201cMi voglio sicur\u0259\u201d gli studenti riflettono sul valore della vita - Il Notiziario","description":"\u201cQual \u00e8 la buona notizia? Noi siamo morti!\u201d Cos\u00ec Francesco, in scena, si rivolge a Lorenzo. \u00c8 un dialogo impossibile, ma pi\u00f9 reale che mai. Sono due","robots":{"index":"index","follow":"follow","max-snippet":"max-snippet:-1","max-image-preview":"max-image-preview:large","max-video-preview":"max-video-preview:-1"},"canonical":"https:\/\/www.ilnotiziario.net\/wp\/buonoasapersi\/sicurezza-stradale-con-mi-voglio-sicur\u0259-gli-studenti-riflettono-sul-valore-della-vita\/","og_locale":"it_IT","og_type":"article","og_title":"Sicurezza stradale, con \u201cMi voglio sicur\u0259\u201d gli studenti riflettono sul valore della vita - Il Notiziario","og_description":"\u201cQual \u00e8 la buona notizia? Noi siamo morti!\u201d Cos\u00ec Francesco, in scena, si rivolge a Lorenzo. \u00c8 un dialogo impossibile, ma pi\u00f9 reale che mai. Sono due","og_url":"https:\/\/www.ilnotiziario.net\/wp\/buonoasapersi\/sicurezza-stradale-con-mi-voglio-sicur\u0259-gli-studenti-riflettono-sul-valore-della-vita\/","og_site_name":"Il Notiziario","article_publisher":"https:\/\/www.facebook.com\/ilnotiziarioind\/","article_published_time":"2025-05-16T10:23:08+00:00","article_modified_time":"2025-05-16T13:09:15+00:00","og_image":[{"width":960,"height":540,"url":"https:\/\/www.ilnotiziario.net\/wp\/wp-content\/uploads\/2025\/05\/Sicurezza-Stradale-Maggio25.jpg","type":"image\/jpeg"}],"author":"Gabriele Bassani","twitter_card":"summary_large_image","twitter_creator":"@ilNotiziarioInd","twitter_site":"@ilNotiziarioInd","twitter_misc":{"Scritto da":"Gabriele Bassani","Tempo di lettura stimato":"4 minuti"},"schema":{"@context":"https:\/\/schema.org","@graph":[{"@type":"Article","@id":"https:\/\/www.ilnotiziario.net\/wp\/buonoasapersi\/sicurezza-stradale-con-mi-voglio-sicur%c9%99-gli-studenti-riflettono-sul-valore-della-vita\/#article","isPartOf":{"@id":"https:\/\/www.ilnotiziario.net\/wp\/buonoasapersi\/sicurezza-stradale-con-mi-voglio-sicur%c9%99-gli-studenti-riflettono-sul-valore-della-vita\/"},"author":{"name":"Gabriele Bassani","@id":"https:\/\/www.ilnotiziario.net\/wp\/#\/schema\/person\/386e222908f898bb41c033989482bbf2"},"headline":"Sicurezza stradale, con \u201cMi voglio sicur\u0259\u201d gli studenti riflettono sul valore della vita","datePublished":"2025-05-16T10:23:08+00:00","dateModified":"2025-05-16T13:09:15+00:00","mainEntityOfPage":{"@id":"https:\/\/www.ilnotiziario.net\/wp\/buonoasapersi\/sicurezza-stradale-con-mi-voglio-sicur%c9%99-gli-studenti-riflettono-sul-valore-della-vita\/"},"wordCount":630,"publisher":{"@id":"https:\/\/www.ilnotiziario.net\/wp\/#organization"},"image":{"@id":"https:\/\/www.ilnotiziario.net\/wp\/buonoasapersi\/sicurezza-stradale-con-mi-voglio-sicur%c9%99-gli-studenti-riflettono-sul-valore-della-vita\/#primaryimage"},"thumbnailUrl":"https:\/\/www.ilnotiziario.net\/wp\/wp-content\/uploads\/2025\/05\/Sicurezza-Stradale-Maggio25.jpg","keywords":["Area Metropolitana","Milano","sicurezza","stradale"],"articleSection":["BUONO A SAPERSI","Prima Pagina"],"inLanguage":"it-IT"},{"@type":"WebPage","@id":"https:\/\/www.ilnotiziario.net\/wp\/buonoasapersi\/sicurezza-stradale-con-mi-voglio-sicur%c9%99-gli-studenti-riflettono-sul-valore-della-vita\/","url":"https:\/\/www.ilnotiziario.net\/wp\/buonoasapersi\/sicurezza-stradale-con-mi-voglio-sicur%c9%99-gli-studenti-riflettono-sul-valore-della-vita\/","name":"Sicurezza stradale, con \u201cMi voglio sicur\u0259\u201d gli studenti riflettono sul valore della vita - Il Notiziario","isPartOf":{"@id":"https:\/\/www.ilnotiziario.net\/wp\/#website"},"primaryImageOfPage":{"@id":"https:\/\/www.ilnotiziario.net\/wp\/buonoasapersi\/sicurezza-stradale-con-mi-voglio-sicur%c9%99-gli-studenti-riflettono-sul-valore-della-vita\/#primaryimage"},"image":{"@id":"https:\/\/www.ilnotiziario.net\/wp\/buonoasapersi\/sicurezza-stradale-con-mi-voglio-sicur%c9%99-gli-studenti-riflettono-sul-valore-della-vita\/#primaryimage"},"thumbnailUrl":"https:\/\/www.ilnotiziario.net\/wp\/wp-content\/uploads\/2025\/05\/Sicurezza-Stradale-Maggio25.jpg","datePublished":"2025-05-16T10:23:08+00:00","dateModified":"2025-05-16T13:09:15+00:00","description":"\u201cQual \u00e8 la buona notizia? Noi siamo morti!\u201d Cos\u00ec Francesco, in scena, si rivolge a Lorenzo. \u00c8 un dialogo impossibile, ma pi\u00f9 reale che mai. Sono due","breadcrumb":{"@id":"https:\/\/www.ilnotiziario.net\/wp\/buonoasapersi\/sicurezza-stradale-con-mi-voglio-sicur%c9%99-gli-studenti-riflettono-sul-valore-della-vita\/#breadcrumb"},"inLanguage":"it-IT","potentialAction":[{"@type":"ReadAction","target":["https:\/\/www.ilnotiziario.net\/wp\/buonoasapersi\/sicurezza-stradale-con-mi-voglio-sicur%c9%99-gli-studenti-riflettono-sul-valore-della-vita\/"]}]},{"@type":"ImageObject","inLanguage":"it-IT","@id":"https:\/\/www.ilnotiziario.net\/wp\/buonoasapersi\/sicurezza-stradale-con-mi-voglio-sicur%c9%99-gli-studenti-riflettono-sul-valore-della-vita\/#primaryimage","url":"https:\/\/www.ilnotiziario.net\/wp\/wp-content\/uploads\/2025\/05\/Sicurezza-Stradale-Maggio25.jpg","contentUrl":"https:\/\/www.ilnotiziario.net\/wp\/wp-content\/uploads\/2025\/05\/Sicurezza-Stradale-Maggio25.jpg","width":960,"height":540,"caption":"Progetto Sicurezza Milano Metropolitana"},{"@type":"BreadcrumbList","@id":"https:\/\/www.ilnotiziario.net\/wp\/buonoasapersi\/sicurezza-stradale-con-mi-voglio-sicur%c9%99-gli-studenti-riflettono-sul-valore-della-vita\/#breadcrumb","itemListElement":[{"@type":"ListItem","position":1,"name":"tds_text_logo_tagline_colortds_text_logo_tagline_colortds_text_logo_tagline_colortds_text_logo_tagline_colortd_module_7_title_excerpttd_module_7_title_excerpttd_module_7_title_excerpttd_module_7_title_excerptHome","item":"https:\/\/www.ilnotiziario.net\/wp\/"},{"@type":"ListItem","position":2,"name":"Sicurezza stradale, con \u201cMi voglio sicur\u0259\u201d gli studenti riflettono sul valore della vita"}]},{"@type":"WebSite","@id":"https:\/\/www.ilnotiziario.net\/wp\/#website","url":"https:\/\/www.ilnotiziario.net\/wp\/","name":"Il Notiziario","description":"Per restare sempre connessi alla notizia","publisher":{"@id":"https:\/\/www.ilnotiziario.net\/wp\/#organization"},"alternateName":"Il Notiziario Bollate","potentialAction":[{"@type":"SearchAction","target":{"@type":"EntryPoint","urlTemplate":"https:\/\/www.ilnotiziario.net\/wp\/?s={search_term_string}"},"query-input":{"@type":"PropertyValueSpecification","valueRequired":true,"valueName":"search_term_string"}}],"inLanguage":"it-IT"},{"@type":"Organization","@id":"https:\/\/www.ilnotiziario.net\/wp\/#organization","name":"Il Notiziario","url":"https:\/\/www.ilnotiziario.net\/wp\/","logo":{"@type":"ImageObject","inLanguage":"it-IT","@id":"https:\/\/www.ilnotiziario.net\/wp\/#\/schema\/logo\/image\/","url":"https:\/\/www.ilnotiziario.net\/wp\/wp-content\/uploads\/2022\/06\/170x170ilN.png","contentUrl":"https:\/\/www.ilnotiziario.net\/wp\/wp-content\/uploads\/2022\/06\/170x170ilN.png","width":355,"height":355,"caption":"Il Notiziario"},"image":{"@id":"https:\/\/www.ilnotiziario.net\/wp\/#\/schema\/logo\/image\/"},"sameAs":["https:\/\/www.facebook.com\/ilnotiziarioind\/","https:\/\/x.com\/ilNotiziarioInd","https:\/\/www.instagram.com\/ilnotiziario_settimanale\/"]},{"@type":"Person","@id":"https:\/\/www.ilnotiziario.net\/wp\/#\/schema\/person\/386e222908f898bb41c033989482bbf2","name":"Gabriele Bassani","image":{"@type":"ImageObject","inLanguage":"it-IT","@id":"https:\/\/secure.gravatar.com\/avatar\/09274f4a84fa97698bde56f84b3afed61c8492d48b0550db9671b68c177479cb?s=96&d=mm&r=g","url":"https:\/\/secure.gravatar.com\/avatar\/09274f4a84fa97698bde56f84b3afed61c8492d48b0550db9671b68c177479cb?s=96&d=mm&r=g","contentUrl":"https:\/\/secure.gravatar.com\/avatar\/09274f4a84fa97698bde56f84b3afed61c8492d48b0550db9671b68c177479cb?s=96&d=mm&r=g","caption":"Gabriele Bassani"},"sameAs":["http:\/\/www.ilnotiziario.net"]}]}},"_links":{"self":[{"href":"https:\/\/www.ilnotiziario.net\/wp\/wp-json\/wp\/v2\/posts\/206214","targetHints":{"allow":["GET"]}}],"collection":[{"href":"https:\/\/www.ilnotiziario.net\/wp\/wp-json\/wp\/v2\/posts"}],"about":[{"href":"https:\/\/www.ilnotiziario.net\/wp\/wp-json\/wp\/v2\/types\/post"}],"author":[{"embeddable":true,"href":"https:\/\/www.ilnotiziario.net\/wp\/wp-json\/wp\/v2\/users\/3"}],"replies":[{"embeddable":true,"href":"https:\/\/www.ilnotiziario.net\/wp\/wp-json\/wp\/v2\/comments?post=206214"}],"version-history":[{"count":0,"href":"https:\/\/www.ilnotiziario.net\/wp\/wp-json\/wp\/v2\/posts\/206214\/revisions"}],"wp:featuredmedia":[{"embeddable":true,"href":"https:\/\/www.ilnotiziario.net\/wp\/wp-json\/wp\/v2\/media\/206215"}],"wp:attachment":[{"href":"https:\/\/www.ilnotiziario.net\/wp\/wp-json\/wp\/v2\/media?parent=206214"}],"wp:term":[{"taxonomy":"category","embeddable":true,"href":"https:\/\/www.ilnotiziario.net\/wp\/wp-json\/wp\/v2\/categories?post=206214"},{"taxonomy":"post_tag","embeddable":true,"href":"https:\/\/www.ilnotiziario.net\/wp\/wp-json\/wp\/v2\/tags?post=206214"}],"curies":[{"name":"wp","href":"https:\/\/api.w.org\/{rel}","templated":true}]}}