{"id":206232,"date":"2025-05-17T12:11:34","date_gmt":"2025-05-17T10:11:34","guid":{"rendered":"https:\/\/www.ilnotiziario.net\/wp\/?p=206232"},"modified":"2025-05-17T08:12:28","modified_gmt":"2025-05-17T06:12:28","slug":"novate-parcheggia-la-cinquecento-rubata-beffato-da-un-emergenza","status":"publish","type":"post","link":"https:\/\/www.ilnotiziario.net\/wp\/prima-pagina\/novate-parcheggia-la-cinquecento-rubata-beffato-da-un-emergenza\/","title":{"rendered":"Novate, parcheggia la Cinquecento rubata, beffato da un\u2019emergenza"},"content":{"rendered":"<p>Novate, parcheggia la Cinquecento rubata ma\u2026 viene beffato da un\u2019emergenza.<br \/>\nA volte le coincidenze possono essere davvero beffarde. Se ne deve essere reso conto un anonimo ladro o ricettatore che circolava tranquillamente su una Fiat Cinquecento rubata.<\/p><div id=\"ilnot-3543607616\" class=\"ilnot-contenuto ilnot-entity-placement\"><p><!-- incontent_1 --><\/p>\n<div class=\"gptslot\" data-adunitid=\"1\"><\/div>\n<\/div>\n<h2>Auto rubata rimossa per un&#8217;emergenza e&#8230;&nbsp; scoperta&nbsp;<\/h2>\n<p>Il soggetto settimana scorsa l\u2019ha parcheggiata tranquillamente in una traversa della via Brodolini convinto che nessuno si accorgesse della sua presenza. Peccato per\u00f2 che proprio l\u00ec si \u00e8 verificata un\u2019emergenza che ha reso necessario l\u2019intervento dei Vigili del fuoco con i propri mezzi. Ma per farli passare era necessario spostare proprio quella Fiat Cinquecento.<\/p>\n<p>&nbsp;<\/p>\n<p>E\u2019 cos\u00ec che \u00e8 intervenuta la Polizia locale di Novate che ha fatto una ricerca partendo dalla targa e ha subito scoperto che\u2026 si trattava di un veicolo rubato. A quel punto non \u00e8 stato necessario trovare sul posto il proprietario: \u00e8 stato fatto intervenire un carro attrezzi che ha portato via il veicolo rubato in attesa della riconsegna al legittimo proprietario.<\/p><div id=\"ilnot-3962585769\" class=\"ilnot-contenuto_2 ilnot-entity-placement\"><div class=\"ads-wrapper\">\n<div class=\"ad-slot\">\n   <div id=\"ilnot-538119835\" style=\"margin-right: auto;margin-left: auto;text-align: center;width: 320px;height: 100px;\"><a href=\"https:\/\/www.scuolasicurezza.it\/\"><img decoding=\"async\" src=\"https:\/\/www.ilnotiziario.net\/wp\/wp-content\/uploads\/2026\/04\/IlNotiziario_banner-sito-e-newsletter-320-x-100-px-1.gif\" alt=\"\"><\/a><\/div>\n  <\/div>\n<div class=\"ad-slot\">\n   <div id=\"ilnot-3326025417\" style=\"margin-right: auto;margin-left: auto;text-align: center;width: 320px;height: 100px;\"><a href=\"https:\/\/purodesignarredamenti.com\/\"><img decoding=\"async\" src=\"https:\/\/www.ilnotiziario.net\/wp\/wp-content\/uploads\/2026\/04\/banner-puro-ok.gif\" alt=\"whatsapp\"><\/a><\/div><\/p><\/div>\n<\/div>\n<\/div>\n","protected":false},"excerpt":{"rendered":"<p>Novate, parcheggia la Cinquecento rubata ma\u2026 viene beffato da un\u2019emergenza. A volte le coincidenze possono essere davvero beffarde. Se ne deve essere reso conto un anonimo ladro o ricettatore che circolava tranquillamente su una Fiat Cinquecento rubata. Auto rubata rimossa per un&#8217;emergenza e&#8230;&nbsp; scoperta&nbsp; Il soggetto settimana scorsa l\u2019ha parcheggiata tranquillamente in una traversa della<\/p>\n","protected":false},"author":14,"featured_media":206236,"comment_status":"closed","ping_status":"closed","sticky":false,"template":"","format":"standard","meta":{"footnotes":""},"categories":[8,20],"tags":[1555,17753,146],"class_list":{"0":"post-206232","1":"post","2":"type-post","3":"status-publish","4":"format-standard","5":"has-post-thumbnail","7":"category-bollatese","8":"category-prima-pagina","9":"tag-emergenza","10":"tag-novaten-cinquecento","11":"tag-rubata"},"yoast_head":"<!-- This site is optimized with the Yoast SEO plugin v27.4 - https:\/\/yoast.com\/product\/yoast-seo-wordpress\/ -->\n<title>Novate, parcheggia la Cinquecento rubata, beffato da un\u2019emergenza - Il Notiziario<\/title>\n<meta name=\"description\" content=\"Novate, parcheggia la Cinquecento rubata ma\u2026 viene beffato da un\u2019emergenza. A volte le coincidenze possono essere davvero beffarde. Se ne deve essere reso\" \/>\n<meta name=\"robots\" content=\"index, follow, max-snippet:-1, max-image-preview:large, max-video-preview:-1\" \/>\n<link rel=\"canonical\" href=\"https:\/\/www.ilnotiziario.net\/wp\/prima-pagina\/novate-parcheggia-la-cinquecento-rubata-beffato-da-un-emergenza\/\" \/>\n<meta property=\"og:locale\" content=\"it_IT\" \/>\n<meta property=\"og:type\" content=\"article\" \/>\n<meta property=\"og:title\" content=\"Novate, parcheggia la Cinquecento rubata, beffato da un\u2019emergenza - Il Notiziario\" \/>\n<meta property=\"og:description\" content=\"Novate, parcheggia la Cinquecento rubata ma\u2026 viene beffato da un\u2019emergenza. A volte le coincidenze possono essere davvero beffarde. Se ne deve essere reso\" \/>\n<meta property=\"og:url\" content=\"https:\/\/www.ilnotiziario.net\/wp\/prima-pagina\/novate-parcheggia-la-cinquecento-rubata-beffato-da-un-emergenza\/\" \/>\n<meta property=\"og:site_name\" content=\"Il Notiziario\" \/>\n<meta property=\"article:publisher\" content=\"https:\/\/www.facebook.com\/ilnotiziarioind\/\" \/>\n<meta property=\"article:published_time\" content=\"2025-05-17T10:11:34+00:00\" \/>\n<meta property=\"og:image\" content=\"https:\/\/www.ilnotiziario.net\/wp\/wp-content\/uploads\/2025\/05\/Novate-Cinquecento-rubata-emergenza.jpg\" \/>\n\t<meta property=\"og:image:width\" content=\"992\" \/>\n\t<meta property=\"og:image:height\" content=\"562\" \/>\n\t<meta property=\"og:image:type\" content=\"image\/jpeg\" \/>\n<meta name=\"author\" content=\"Silvia Citterio\" \/>\n<meta name=\"twitter:card\" content=\"summary_large_image\" \/>\n<meta name=\"twitter:creator\" content=\"@ilNotiziarioInd\" \/>\n<meta name=\"twitter:site\" content=\"@ilNotiziarioInd\" \/>\n<meta name=\"twitter:label1\" content=\"Scritto da\" \/>\n\t<meta name=\"twitter:data1\" content=\"Silvia Citterio\" \/>\n\t<meta name=\"twitter:label2\" content=\"Tempo di lettura stimato\" \/>\n\t<meta name=\"twitter:data2\" content=\"2 minuti\" \/>\n<script type=\"application\/ld+json\" class=\"yoast-schema-graph\">{\"@context\":\"https:\\\/\\\/schema.org\",\"@graph\":[{\"@type\":\"Article\",\"@id\":\"https:\\\/\\\/www.ilnotiziario.net\\\/wp\\\/prima-pagina\\\/novate-parcheggia-la-cinquecento-rubata-beffato-da-un-emergenza\\\/#article\",\"isPartOf\":{\"@id\":\"https:\\\/\\\/www.ilnotiziario.net\\\/wp\\\/prima-pagina\\\/novate-parcheggia-la-cinquecento-rubata-beffato-da-un-emergenza\\\/\"},\"author\":{\"name\":\"Silvia Citterio\",\"@id\":\"https:\\\/\\\/www.ilnotiziario.net\\\/wp\\\/#\\\/schema\\\/person\\\/c5bca2edc3d99d29959f04a6126f687b\"},\"headline\":\"Novate, parcheggia la Cinquecento rubata, beffato da un\u2019emergenza\",\"datePublished\":\"2025-05-17T10:11:34+00:00\",\"mainEntityOfPage\":{\"@id\":\"https:\\\/\\\/www.ilnotiziario.net\\\/wp\\\/prima-pagina\\\/novate-parcheggia-la-cinquecento-rubata-beffato-da-un-emergenza\\\/\"},\"wordCount\":173,\"publisher\":{\"@id\":\"https:\\\/\\\/www.ilnotiziario.net\\\/wp\\\/#organization\"},\"image\":{\"@id\":\"https:\\\/\\\/www.ilnotiziario.net\\\/wp\\\/prima-pagina\\\/novate-parcheggia-la-cinquecento-rubata-beffato-da-un-emergenza\\\/#primaryimage\"},\"thumbnailUrl\":\"https:\\\/\\\/www.ilnotiziario.net\\\/wp\\\/wp-content\\\/uploads\\\/2025\\\/05\\\/Novate-Cinquecento-rubata-emergenza.jpg\",\"keywords\":[\"emergenza\",\"Novaten Cinquecento\",\"rubata\"],\"articleSection\":[\"BOLLATESE\",\"Prima Pagina\"],\"inLanguage\":\"it-IT\"},{\"@type\":\"WebPage\",\"@id\":\"https:\\\/\\\/www.ilnotiziario.net\\\/wp\\\/prima-pagina\\\/novate-parcheggia-la-cinquecento-rubata-beffato-da-un-emergenza\\\/\",\"url\":\"https:\\\/\\\/www.ilnotiziario.net\\\/wp\\\/prima-pagina\\\/novate-parcheggia-la-cinquecento-rubata-beffato-da-un-emergenza\\\/\",\"name\":\"Novate, parcheggia la Cinquecento rubata, beffato da un\u2019emergenza - Il Notiziario\",\"isPartOf\":{\"@id\":\"https:\\\/\\\/www.ilnotiziario.net\\\/wp\\\/#website\"},\"primaryImageOfPage\":{\"@id\":\"https:\\\/\\\/www.ilnotiziario.net\\\/wp\\\/prima-pagina\\\/novate-parcheggia-la-cinquecento-rubata-beffato-da-un-emergenza\\\/#primaryimage\"},\"image\":{\"@id\":\"https:\\\/\\\/www.ilnotiziario.net\\\/wp\\\/prima-pagina\\\/novate-parcheggia-la-cinquecento-rubata-beffato-da-un-emergenza\\\/#primaryimage\"},\"thumbnailUrl\":\"https:\\\/\\\/www.ilnotiziario.net\\\/wp\\\/wp-content\\\/uploads\\\/2025\\\/05\\\/Novate-Cinquecento-rubata-emergenza.jpg\",\"datePublished\":\"2025-05-17T10:11:34+00:00\",\"description\":\"Novate, parcheggia la Cinquecento rubata ma\u2026 viene beffato da un\u2019emergenza. A volte le coincidenze possono essere davvero beffarde. Se ne deve essere reso\",\"breadcrumb\":{\"@id\":\"https:\\\/\\\/www.ilnotiziario.net\\\/wp\\\/prima-pagina\\\/novate-parcheggia-la-cinquecento-rubata-beffato-da-un-emergenza\\\/#breadcrumb\"},\"inLanguage\":\"it-IT\",\"potentialAction\":[{\"@type\":\"ReadAction\",\"target\":[\"https:\\\/\\\/www.ilnotiziario.net\\\/wp\\\/prima-pagina\\\/novate-parcheggia-la-cinquecento-rubata-beffato-da-un-emergenza\\\/\"]}]},{\"@type\":\"ImageObject\",\"inLanguage\":\"it-IT\",\"@id\":\"https:\\\/\\\/www.ilnotiziario.net\\\/wp\\\/prima-pagina\\\/novate-parcheggia-la-cinquecento-rubata-beffato-da-un-emergenza\\\/#primaryimage\",\"url\":\"https:\\\/\\\/www.ilnotiziario.net\\\/wp\\\/wp-content\\\/uploads\\\/2025\\\/05\\\/Novate-Cinquecento-rubata-emergenza.jpg\",\"contentUrl\":\"https:\\\/\\\/www.ilnotiziario.net\\\/wp\\\/wp-content\\\/uploads\\\/2025\\\/05\\\/Novate-Cinquecento-rubata-emergenza.jpg\",\"width\":992,\"height\":562,\"caption\":\"Novate Cinquecento rubata emergenza\"},{\"@type\":\"BreadcrumbList\",\"@id\":\"https:\\\/\\\/www.ilnotiziario.net\\\/wp\\\/prima-pagina\\\/novate-parcheggia-la-cinquecento-rubata-beffato-da-un-emergenza\\\/#breadcrumb\",\"itemListElement\":[{\"@type\":\"ListItem\",\"position\":1,\"name\":\"tds_text_logo_tagline_colortds_text_logo_tagline_colortds_text_logo_tagline_colortds_text_logo_tagline_colortd_module_7_title_excerpttd_module_7_title_excerpttd_module_7_title_excerpttd_module_7_title_excerptHome\",\"item\":\"https:\\\/\\\/www.ilnotiziario.net\\\/wp\\\/\"},{\"@type\":\"ListItem\",\"position\":2,\"name\":\"Novate, parcheggia la Cinquecento rubata, beffato da un\u2019emergenza\"}]},{\"@type\":\"WebSite\",\"@id\":\"https:\\\/\\\/www.ilnotiziario.net\\\/wp\\\/#website\",\"url\":\"https:\\\/\\\/www.ilnotiziario.net\\\/wp\\\/\",\"name\":\"Il Notiziario\",\"description\":\"Per restare sempre connessi alla notizia\",\"publisher\":{\"@id\":\"https:\\\/\\\/www.ilnotiziario.net\\\/wp\\\/#organization\"},\"alternateName\":\"Il Notiziario Bollate\",\"potentialAction\":[{\"@type\":\"SearchAction\",\"target\":{\"@type\":\"EntryPoint\",\"urlTemplate\":\"https:\\\/\\\/www.ilnotiziario.net\\\/wp\\\/?s={search_term_string}\"},\"query-input\":{\"@type\":\"PropertyValueSpecification\",\"valueRequired\":true,\"valueName\":\"search_term_string\"}}],\"inLanguage\":\"it-IT\"},{\"@type\":\"Organization\",\"@id\":\"https:\\\/\\\/www.ilnotiziario.net\\\/wp\\\/#organization\",\"name\":\"Il Notiziario\",\"url\":\"https:\\\/\\\/www.ilnotiziario.net\\\/wp\\\/\",\"logo\":{\"@type\":\"ImageObject\",\"inLanguage\":\"it-IT\",\"@id\":\"https:\\\/\\\/www.ilnotiziario.net\\\/wp\\\/#\\\/schema\\\/logo\\\/image\\\/\",\"url\":\"https:\\\/\\\/www.ilnotiziario.net\\\/wp\\\/wp-content\\\/uploads\\\/2022\\\/06\\\/170x170ilN.png\",\"contentUrl\":\"https:\\\/\\\/www.ilnotiziario.net\\\/wp\\\/wp-content\\\/uploads\\\/2022\\\/06\\\/170x170ilN.png\",\"width\":355,\"height\":355,\"caption\":\"Il Notiziario\"},\"image\":{\"@id\":\"https:\\\/\\\/www.ilnotiziario.net\\\/wp\\\/#\\\/schema\\\/logo\\\/image\\\/\"},\"sameAs\":[\"https:\\\/\\\/www.facebook.com\\\/ilnotiziarioind\\\/\",\"https:\\\/\\\/x.com\\\/ilNotiziarioInd\",\"https:\\\/\\\/www.instagram.com\\\/ilnotiziario_settimanale\\\/\"]},{\"@type\":\"Person\",\"@id\":\"https:\\\/\\\/www.ilnotiziario.net\\\/wp\\\/#\\\/schema\\\/person\\\/c5bca2edc3d99d29959f04a6126f687b\",\"name\":\"Silvia Citterio\",\"image\":{\"@type\":\"ImageObject\",\"inLanguage\":\"it-IT\",\"@id\":\"https:\\\/\\\/secure.gravatar.com\\\/avatar\\\/03eb19c63b944e79a9b5ce53ca5d1ca303edcf368a68721ec3ccaae7f98c5afd?s=96&d=mm&r=g\",\"url\":\"https:\\\/\\\/secure.gravatar.com\\\/avatar\\\/03eb19c63b944e79a9b5ce53ca5d1ca303edcf368a68721ec3ccaae7f98c5afd?s=96&d=mm&r=g\",\"contentUrl\":\"https:\\\/\\\/secure.gravatar.com\\\/avatar\\\/03eb19c63b944e79a9b5ce53ca5d1ca303edcf368a68721ec3ccaae7f98c5afd?s=96&d=mm&r=g\",\"caption\":\"Silvia Citterio\"}}]}<\/script>\n<!-- \/ Yoast SEO plugin. -->","yoast_head_json":{"title":"Novate, parcheggia la Cinquecento rubata, beffato da un\u2019emergenza - Il Notiziario","description":"Novate, parcheggia la Cinquecento rubata ma\u2026 viene beffato da un\u2019emergenza. A volte le coincidenze possono essere davvero beffarde. Se ne deve essere reso","robots":{"index":"index","follow":"follow","max-snippet":"max-snippet:-1","max-image-preview":"max-image-preview:large","max-video-preview":"max-video-preview:-1"},"canonical":"https:\/\/www.ilnotiziario.net\/wp\/prima-pagina\/novate-parcheggia-la-cinquecento-rubata-beffato-da-un-emergenza\/","og_locale":"it_IT","og_type":"article","og_title":"Novate, parcheggia la Cinquecento rubata, beffato da un\u2019emergenza - Il Notiziario","og_description":"Novate, parcheggia la Cinquecento rubata ma\u2026 viene beffato da un\u2019emergenza. A volte le coincidenze possono essere davvero beffarde. Se ne deve essere reso","og_url":"https:\/\/www.ilnotiziario.net\/wp\/prima-pagina\/novate-parcheggia-la-cinquecento-rubata-beffato-da-un-emergenza\/","og_site_name":"Il Notiziario","article_publisher":"https:\/\/www.facebook.com\/ilnotiziarioind\/","article_published_time":"2025-05-17T10:11:34+00:00","og_image":[{"width":992,"height":562,"url":"https:\/\/www.ilnotiziario.net\/wp\/wp-content\/uploads\/2025\/05\/Novate-Cinquecento-rubata-emergenza.jpg","type":"image\/jpeg"}],"author":"Silvia Citterio","twitter_card":"summary_large_image","twitter_creator":"@ilNotiziarioInd","twitter_site":"@ilNotiziarioInd","twitter_misc":{"Scritto da":"Silvia Citterio","Tempo di lettura stimato":"2 minuti"},"schema":{"@context":"https:\/\/schema.org","@graph":[{"@type":"Article","@id":"https:\/\/www.ilnotiziario.net\/wp\/prima-pagina\/novate-parcheggia-la-cinquecento-rubata-beffato-da-un-emergenza\/#article","isPartOf":{"@id":"https:\/\/www.ilnotiziario.net\/wp\/prima-pagina\/novate-parcheggia-la-cinquecento-rubata-beffato-da-un-emergenza\/"},"author":{"name":"Silvia Citterio","@id":"https:\/\/www.ilnotiziario.net\/wp\/#\/schema\/person\/c5bca2edc3d99d29959f04a6126f687b"},"headline":"Novate, parcheggia la Cinquecento rubata, beffato da un\u2019emergenza","datePublished":"2025-05-17T10:11:34+00:00","mainEntityOfPage":{"@id":"https:\/\/www.ilnotiziario.net\/wp\/prima-pagina\/novate-parcheggia-la-cinquecento-rubata-beffato-da-un-emergenza\/"},"wordCount":173,"publisher":{"@id":"https:\/\/www.ilnotiziario.net\/wp\/#organization"},"image":{"@id":"https:\/\/www.ilnotiziario.net\/wp\/prima-pagina\/novate-parcheggia-la-cinquecento-rubata-beffato-da-un-emergenza\/#primaryimage"},"thumbnailUrl":"https:\/\/www.ilnotiziario.net\/wp\/wp-content\/uploads\/2025\/05\/Novate-Cinquecento-rubata-emergenza.jpg","keywords":["emergenza","Novaten Cinquecento","rubata"],"articleSection":["BOLLATESE","Prima Pagina"],"inLanguage":"it-IT"},{"@type":"WebPage","@id":"https:\/\/www.ilnotiziario.net\/wp\/prima-pagina\/novate-parcheggia-la-cinquecento-rubata-beffato-da-un-emergenza\/","url":"https:\/\/www.ilnotiziario.net\/wp\/prima-pagina\/novate-parcheggia-la-cinquecento-rubata-beffato-da-un-emergenza\/","name":"Novate, parcheggia la Cinquecento rubata, beffato da un\u2019emergenza - Il Notiziario","isPartOf":{"@id":"https:\/\/www.ilnotiziario.net\/wp\/#website"},"primaryImageOfPage":{"@id":"https:\/\/www.ilnotiziario.net\/wp\/prima-pagina\/novate-parcheggia-la-cinquecento-rubata-beffato-da-un-emergenza\/#primaryimage"},"image":{"@id":"https:\/\/www.ilnotiziario.net\/wp\/prima-pagina\/novate-parcheggia-la-cinquecento-rubata-beffato-da-un-emergenza\/#primaryimage"},"thumbnailUrl":"https:\/\/www.ilnotiziario.net\/wp\/wp-content\/uploads\/2025\/05\/Novate-Cinquecento-rubata-emergenza.jpg","datePublished":"2025-05-17T10:11:34+00:00","description":"Novate, parcheggia la Cinquecento rubata ma\u2026 viene beffato da un\u2019emergenza. A volte le coincidenze possono essere davvero beffarde. Se ne deve essere reso","breadcrumb":{"@id":"https:\/\/www.ilnotiziario.net\/wp\/prima-pagina\/novate-parcheggia-la-cinquecento-rubata-beffato-da-un-emergenza\/#breadcrumb"},"inLanguage":"it-IT","potentialAction":[{"@type":"ReadAction","target":["https:\/\/www.ilnotiziario.net\/wp\/prima-pagina\/novate-parcheggia-la-cinquecento-rubata-beffato-da-un-emergenza\/"]}]},{"@type":"ImageObject","inLanguage":"it-IT","@id":"https:\/\/www.ilnotiziario.net\/wp\/prima-pagina\/novate-parcheggia-la-cinquecento-rubata-beffato-da-un-emergenza\/#primaryimage","url":"https:\/\/www.ilnotiziario.net\/wp\/wp-content\/uploads\/2025\/05\/Novate-Cinquecento-rubata-emergenza.jpg","contentUrl":"https:\/\/www.ilnotiziario.net\/wp\/wp-content\/uploads\/2025\/05\/Novate-Cinquecento-rubata-emergenza.jpg","width":992,"height":562,"caption":"Novate Cinquecento rubata emergenza"},{"@type":"BreadcrumbList","@id":"https:\/\/www.ilnotiziario.net\/wp\/prima-pagina\/novate-parcheggia-la-cinquecento-rubata-beffato-da-un-emergenza\/#breadcrumb","itemListElement":[{"@type":"ListItem","position":1,"name":"tds_text_logo_tagline_colortds_text_logo_tagline_colortds_text_logo_tagline_colortds_text_logo_tagline_colortd_module_7_title_excerpttd_module_7_title_excerpttd_module_7_title_excerpttd_module_7_title_excerptHome","item":"https:\/\/www.ilnotiziario.net\/wp\/"},{"@type":"ListItem","position":2,"name":"Novate, parcheggia la Cinquecento rubata, beffato da un\u2019emergenza"}]},{"@type":"WebSite","@id":"https:\/\/www.ilnotiziario.net\/wp\/#website","url":"https:\/\/www.ilnotiziario.net\/wp\/","name":"Il Notiziario","description":"Per restare sempre connessi alla notizia","publisher":{"@id":"https:\/\/www.ilnotiziario.net\/wp\/#organization"},"alternateName":"Il Notiziario Bollate","potentialAction":[{"@type":"SearchAction","target":{"@type":"EntryPoint","urlTemplate":"https:\/\/www.ilnotiziario.net\/wp\/?s={search_term_string}"},"query-input":{"@type":"PropertyValueSpecification","valueRequired":true,"valueName":"search_term_string"}}],"inLanguage":"it-IT"},{"@type":"Organization","@id":"https:\/\/www.ilnotiziario.net\/wp\/#organization","name":"Il Notiziario","url":"https:\/\/www.ilnotiziario.net\/wp\/","logo":{"@type":"ImageObject","inLanguage":"it-IT","@id":"https:\/\/www.ilnotiziario.net\/wp\/#\/schema\/logo\/image\/","url":"https:\/\/www.ilnotiziario.net\/wp\/wp-content\/uploads\/2022\/06\/170x170ilN.png","contentUrl":"https:\/\/www.ilnotiziario.net\/wp\/wp-content\/uploads\/2022\/06\/170x170ilN.png","width":355,"height":355,"caption":"Il Notiziario"},"image":{"@id":"https:\/\/www.ilnotiziario.net\/wp\/#\/schema\/logo\/image\/"},"sameAs":["https:\/\/www.facebook.com\/ilnotiziarioind\/","https:\/\/x.com\/ilNotiziarioInd","https:\/\/www.instagram.com\/ilnotiziario_settimanale\/"]},{"@type":"Person","@id":"https:\/\/www.ilnotiziario.net\/wp\/#\/schema\/person\/c5bca2edc3d99d29959f04a6126f687b","name":"Silvia Citterio","image":{"@type":"ImageObject","inLanguage":"it-IT","@id":"https:\/\/secure.gravatar.com\/avatar\/03eb19c63b944e79a9b5ce53ca5d1ca303edcf368a68721ec3ccaae7f98c5afd?s=96&d=mm&r=g","url":"https:\/\/secure.gravatar.com\/avatar\/03eb19c63b944e79a9b5ce53ca5d1ca303edcf368a68721ec3ccaae7f98c5afd?s=96&d=mm&r=g","contentUrl":"https:\/\/secure.gravatar.com\/avatar\/03eb19c63b944e79a9b5ce53ca5d1ca303edcf368a68721ec3ccaae7f98c5afd?s=96&d=mm&r=g","caption":"Silvia Citterio"}}]}},"_links":{"self":[{"href":"https:\/\/www.ilnotiziario.net\/wp\/wp-json\/wp\/v2\/posts\/206232","targetHints":{"allow":["GET"]}}],"collection":[{"href":"https:\/\/www.ilnotiziario.net\/wp\/wp-json\/wp\/v2\/posts"}],"about":[{"href":"https:\/\/www.ilnotiziario.net\/wp\/wp-json\/wp\/v2\/types\/post"}],"author":[{"embeddable":true,"href":"https:\/\/www.ilnotiziario.net\/wp\/wp-json\/wp\/v2\/users\/14"}],"replies":[{"embeddable":true,"href":"https:\/\/www.ilnotiziario.net\/wp\/wp-json\/wp\/v2\/comments?post=206232"}],"version-history":[{"count":0,"href":"https:\/\/www.ilnotiziario.net\/wp\/wp-json\/wp\/v2\/posts\/206232\/revisions"}],"wp:featuredmedia":[{"embeddable":true,"href":"https:\/\/www.ilnotiziario.net\/wp\/wp-json\/wp\/v2\/media\/206236"}],"wp:attachment":[{"href":"https:\/\/www.ilnotiziario.net\/wp\/wp-json\/wp\/v2\/media?parent=206232"}],"wp:term":[{"taxonomy":"category","embeddable":true,"href":"https:\/\/www.ilnotiziario.net\/wp\/wp-json\/wp\/v2\/categories?post=206232"},{"taxonomy":"post_tag","embeddable":true,"href":"https:\/\/www.ilnotiziario.net\/wp\/wp-json\/wp\/v2\/tags?post=206232"}],"curies":[{"name":"wp","href":"https:\/\/api.w.org\/{rel}","templated":true}]}}