{"id":206279,"date":"2025-05-18T08:48:52","date_gmt":"2025-05-18T06:48:52","guid":{"rendered":"https:\/\/www.ilnotiziario.net\/wp\/?p=206279"},"modified":"2025-05-17T21:49:46","modified_gmt":"2025-05-17T19:49:46","slug":"asst-rhodense-dimezzato-i-pazienti-senza-medico-nel-bollatese","status":"publish","type":"post","link":"https:\/\/www.ilnotiziario.net\/wp\/prima-pagina\/asst-rhodense-dimezzato-i-pazienti-senza-medico-nel-bollatese\/","title":{"rendered":"Asst Rhodense: \u201cDimezzato numero  dei pazienti senza medico nel Bollatese\u201d"},"content":{"rendered":"<p>Asst Rhodense: \u201cAbbiamo dimezzato i pazienti senza medico nel Bollatese\u201d.<br \/>\nIl Notiziario \u00e8 tornato a intervistare il Direttore generale dell\u2019Asst Rhodense, il dottor Marco Bosio, per fare il punto su alcune problematiche, prime fra tutte la carenza di medici di base e le prenotazioni di interventi chirurgici, ma anche per farci spiegare aspetti dell\u2019organizzazione della salute pubblica locale.<\/p><div id=\"ilnot-1028101930\" class=\"ilnot-contenuto ilnot-entity-placement\"><p><!-- incontent_1 --><\/p>\n<div class=\"gptslot\" data-adunitid=\"1\"><\/div>\n<\/div>\n<p><strong>Direttore, quando ritiene di poter raggiungere il punto di equilibrio tra le uscite e i nuovi ingressi per i medici di Medicina Generale?<\/strong><br \/>\n\u201cSulla questione degli MMG, attualmente sono in servizio 243 professionisti e 53 operano in libera professione. In questo momento nel nostro territorio ci sono circa 8.000 persone senza medico. A giugno dello scorso anno erano circa 16.000, quindi siamo riusciti, con un grande sforzo, a dimezzare il numero di persone senza medico. Sappiamo che c\u2019\u00e8 ancora molto da fare, ma \u00e8 questione di tempo, nel senso che dobbiamo aspettare che ci siano i nuovi laureati nei prossimi anni, che entreranno nel sistema.<\/p>\n<p>Come Asst siamo sede del Corso di Formazione degli MMG e cerchiamo di seguire gli studenti dal primo anno, proprio per fare in modo di creare le condizioni affinch\u00e9 rimangano, dopo gli studi, nel nostro territorio. Per far fronte alla situazione e per garantire sempre l\u2019assistenza abbiamo comunque istituito l\u2019Ambulatorio Medico Temporaneo a Passirana, Bollate e Novate: le persone che non hanno il medico di Medicina generale possono recarsi in questi ambulatori sia per le prescrizioni sia per essere visitate e ottenere l\u2019assistenza necessaria\u201d.<\/p><div id=\"ilnot-2864844578\" class=\"ilnot-contenuto_2 ilnot-entity-placement\"><div class=\"ads-wrapper\">\n<div class=\"ad-slot\">\n   <div id=\"ilnot-1494495786\" style=\"margin-right: auto;margin-left: auto;text-align: center;width: 320px;height: 100px;\"><a href=\"https:\/\/www.scuolasicurezza.it\/\"><img decoding=\"async\" src=\"https:\/\/www.ilnotiziario.net\/wp\/wp-content\/uploads\/2026\/04\/IlNotiziario_banner-sito-e-newsletter-320-x-100-px-1.gif\" alt=\"\"><\/a><\/div>\n  <\/div>\n<div class=\"ad-slot\">\n   <div id=\"ilnot-805017309\" style=\"margin-right: auto;margin-left: auto;text-align: center;width: 320px;height: 100px;\"><a href=\"https:\/\/purodesignarredamenti.com\/\"><img decoding=\"async\" src=\"https:\/\/www.ilnotiziario.net\/wp\/wp-content\/uploads\/2026\/04\/banner-puro-ok.gif\" alt=\"whatsapp\"><\/a><\/div><\/p><\/div>\n<\/div>\n<\/div>\n<h2>Asst Rhodense: \u201cAbbiamo dimezzato i pazienti senza medico nel Bollatese\u201d. Gli interventi chirurgici<\/h2>\n<p><strong>Come vanno le prenotazioni per gli interventi chirurgici?<\/strong><br \/>\n\u201cSiamo soddisfatti perch\u00e9 la produzione lo scorso anno \u00e8 aumentata rispetto all\u2019anno precedente. Rimane aperta la questione dei tempi di attesa, sulla quale stiamo lavorando con le Istituzioni, a diversi livelli. Sull\u2019aspetto ambulatoriale, ormai da ottobre 2024 abbiamo istituito un percorso di presa in carico (Pic): le persone che vengono da noi a fare qualsiasi visita, prestazione o controllo e che hanno una prescrizione di un nostro specialista non devono chiamare il call center regionale, ma trovano da noi degli sportelli dedicati. A Garbagnate, ad esempio, c\u2019\u00e8 uno sportello dedicato alla presa in carico nella Sala di attesa n. 3. In altre strutture aziendali abbiamo previsto un accesso specifico al percorso tramite totem informatizzato. Attraverso tale organizzazione le persone possono prenotare l\u2019appuntamento per il controllo o per eventuali esami di approfondimento che lo specialista ha chiesto: questo consente alle persone di avere sempre una risposta da parte della nostra Azienda. Analizzando i dati relativi al servizio, il 95% delle prenotazioni rimane in Azienda e le persone sono contente di questa risposta\u201d.<\/p>\n<p><strong>L\u2019apparato del gestionale, per il funzionamento del sistema sanitario locale, com\u2019\u00e8 organizzato? C\u2019\u00e8 uno staff che gestisce gli ingegneri gestionali?<\/strong><br \/>\n\u201cLa Direzione Strategica collabora con tutti i settori aziendali, per poter fornire i servizi che eroghiamo. Con riferimento agli ingegneri gestionali, abbiamo la struttura Gestione Operativa, che fornisce il supporto operativo alla direzione per operare nel miglior modo possibile. L\u2019ingegneria aiuta nel sistematizzare il percorso del paziente e nell\u2019analizzare i dati che vengono utilizzati sia per la rendicontazione delle attivit\u00e0 sia per migliorare i servizi che eroghiamo\u201d.<\/p>\n<p><strong>Quali sono gli ultimi servizi che siete riusciti ad organizzare e quindi proporre?<\/strong><br \/>\n\u201cSicuramente lo sforzo rispetto al servizio di medicina generale, ma anche il potenziamento dell\u2019attivit\u00e0 degli infermieri di famiglia, nuova professionalit\u00e0 che sta emergendo e che fa in modo di farsi carico di situazioni di fragilit\u00e0 segnalate dal medico di medicina generale, andando al domicilio e garantendo, cos\u00ec, un percorso di cura. Abbiamo gli ambulatori infermieristici, a cui possono rivolgersi le persone che hanno bisogno di un\u2019assistenza. L\u2019assistenza domiciliare, nell\u2019anno scorso, \u00e8 stata molto sviluppata, consapevoli che sia necessario sempre di pi\u00f9 cercare di curare le persone a casa\u201d.<\/p><div id=\"ilnot-3213977412\" class=\"ilnot-contenuto_2-2 ilnot-entity-placement\"><div class=\"gptslot\" data-adunitid=\"2\"><\/div>\n<\/div>\n<p><strong>C\u2019\u00e8 qualche servizio particolare di cui l\u2019Asst Rhodense si pu\u00f2 vantare?<\/strong><br \/>\n\u201cCe ne sono tanti. A livello ospedaliero abbiamo alcune aree di eccellenza: sicuramente l\u2019ambito urologico, la gastroenterologia, l\u2019oncologia, la cardiologia, l\u2019ortopedia e la senologia (la nostra Brest Unit rappresenta una realt\u00e0 importante). Posso affermare che, a livello ospedaliero, il sistema \u00e8 molto consolidato e tutte le specialit\u00e0 riescono a garantire prestazioni di altissimo livello. Per quanto riguarda l\u2019aspetto territoriale, abbiamo attivit\u00e0 che ci contraddistinguono, tra cui il progetto Dama, attraverso il quale seguiamo 400 persone. Il servizio Dama prende in carico persone con disabilit\u00e0, alcune anche gravi e le accompagna nel percorso in maniera diversificata, rispondendo a bisogni molto particolari. Anche il progetto Pic (presa in carico), gi\u00e0 descritto, ci contraddistingue, rispetto ad altre Aziende, perch\u00e9 riusciamo a rispondere al bisogno delle persone che, diversamente, si sarebbero dovute rivolgere altrove\u201d.<\/p>\n<p><strong>La differenza tra le strutture che ha diretto?<\/strong><br \/>\n\u201cHo avuto la fortuna e anche l\u2019opportunit\u00e0 di lavorare in tante aziende e ogni struttura aveva delle sue peculiarit\u00e0. Ho lavorato in ospedali molto forti, come Niguarda o il Gemelli di Roma, nei quali il focus \u00e8 legato all\u2019alta specialit\u00e0, ai trapianti, un\u2019eccellenza che solo in quei luoghi si pu\u00f2 realizzare, per una serie di fattori. In ASST Rhodense l\u2019aspetto interessante \u00e8 l\u2019aspetto territoriale, ovvero la possibilit\u00e0 reale di attuare la nuova legge regionale, andando ad intercettare il bisogno delle persone e cercare il modo di farsene carico. Sul territorio, lavorando con i medici di medicina generale e con i comuni, in maniera integrata, \u00e8 possibile vincere questa sfida affascinante. In questo momento sono molto contento di lavorare qui proprio perch\u00e9 l\u2019ASST Rhodense consente di concretizzare le attivit\u00e0 di cui stiamo parlando\u201d.<\/p>\n<p><strong>Considera che il tutto sia la somma delle parti?<\/strong><br \/>\n\u201cDa quando sono arrivato in Azienda, ho voluto organizzare degli incontri per accogliere i neoassunti: sono momenti in cui ci conosciamo e presentiamo l\u2019Azienda. Nel corso degli incontri dico sempre ai nuovi colleghi che ognuno di loro \u00e8 importantissimo perch\u00e9 ognuno di loro pu\u00f2 fare la differenza perch\u00e9 rappresenta un unicum e in un\u2019Azienda come questa la risorsa umana \u00e8 talmente preziosa che uno non vale uno, ma vale 10! Credo che i singoli elementi facciano la differenza: l\u2019Azienda la facciamo noi, la faccio io come Direttore Generale, in termini di responsabilit\u00e0, ma la fa qualsiasi persona che lavora, che pu\u00f2 distinguersi per specifiche peculiarit\u00e0. Sono convinto che se ognuno si prende la responsabilit\u00e0 di quello che fa e interiorizza un messaggio positivo, si pu\u00f2 fare differenza. Ogni persona \u00e8 fondamentale per fare in modo che il totale rappresenti qualcosa di significativo\u201d.<\/p><div id=\"ilnot-1629093385\" class=\"ilnot-contenuto_2-2-2 ilnot-entity-placement\"><div class=\"gptslot\" data-adunitid=\"3\"><\/div>\n<\/div>\n<p><strong>Quale domanda farebbe al Direttore Generale di questa Asst Rhodense?<\/strong><br \/>\n\u201cChiederei se pensa che quello che sta mettendo in atto possa realmente cambiare la realt\u00e0 o in qualche maniera incidere sulla realt\u00e0 quotidiana delle persone&#8230;e la risposta sarebbe \u201cs\u00ec\u201d. Stiamo cercando di costruire un modo di fare per cambiare l\u2019approccio, il paradigma e la mentalit\u00e0 delle persone. Abbiamo la necessit\u00e0 di far comprendere alle persone che l\u2019ospedale \u00e8 struttura importante, ma nella quale ci si reca solo per ricevere particolari prestazioni e che \u00e8 importante dare risposte al di fuori dell\u2019Ospedale, ovvero sul territorio. Raggiungere questo obiettivo sarebbe per me una vittoria importante, perch\u00e9 ci permetterebbe di garantire sempre di pi\u00f9 un accesso appropriato ai servizi e risparmiare risorse, per poterle investire per potenziare altri servizi. Come Direzione abbiamo un grande compito e abbiamo la possibilit\u00e0 di attuarlo fino alla fine dell\u2019anno 2026, quando scadr\u00e0 il nostro mandato. Questo compito vogliamo svolgerlo al meglio, per tutta la durata del nostro incarico\u201d.<\/p>\n","protected":false},"excerpt":{"rendered":"<p>Asst Rhodense: \u201cAbbiamo dimezzato i pazienti senza medico nel Bollatese\u201d. Il Notiziario \u00e8 tornato a intervistare il Direttore generale dell\u2019Asst Rhodense, il dottor Marco Bosio, per fare il punto su alcune problematiche, prime fra tutte la carenza di medici di base e le prenotazioni di interventi chirurgici, ma anche per farci spiegare aspetti dell\u2019organizzazione della<\/p>\n","protected":false},"author":14,"featured_media":206280,"comment_status":"closed","ping_status":"closed","sticky":false,"template":"","format":"standard","meta":{"footnotes":""},"categories":[8,20],"tags":[1500,2129,4433,17004],"class_list":{"0":"post-206279","1":"post","2":"type-post","3":"status-publish","4":"format-standard","5":"has-post-thumbnail","7":"category-bollatese","8":"category-prima-pagina","9":"tag-bollatese-2","10":"tag-medico","11":"tag-pazienti","12":"tag-senza"},"yoast_head":"<!-- This site is optimized with the Yoast SEO plugin v27.4 - https:\/\/yoast.com\/product\/yoast-seo-wordpress\/ -->\n<title>Asst Rhodense: \u201cDimezzato numero dei pazienti senza medico nel Bollatese\u201d - Il Notiziario<\/title>\n<meta name=\"description\" content=\"Asst Rhodense: \u201cAbbiamo dimezzato i pazienti senza medico nel Bollatese\u201d. Il Notiziario \u00e8 tornato a intervistare il Direttore generale dell\u2019Asst Rhodense,\" \/>\n<meta name=\"robots\" content=\"index, follow, max-snippet:-1, max-image-preview:large, max-video-preview:-1\" \/>\n<link rel=\"canonical\" href=\"https:\/\/www.ilnotiziario.net\/wp\/prima-pagina\/asst-rhodense-dimezzato-i-pazienti-senza-medico-nel-bollatese\/\" \/>\n<meta property=\"og:locale\" content=\"it_IT\" \/>\n<meta property=\"og:type\" content=\"article\" \/>\n<meta property=\"og:title\" content=\"Asst Rhodense: \u201cDimezzato numero dei pazienti senza medico nel Bollatese\u201d - Il Notiziario\" \/>\n<meta property=\"og:description\" content=\"Asst Rhodense: \u201cAbbiamo dimezzato i pazienti senza medico nel Bollatese\u201d. Il Notiziario \u00e8 tornato a intervistare il Direttore generale dell\u2019Asst Rhodense,\" \/>\n<meta property=\"og:url\" content=\"https:\/\/www.ilnotiziario.net\/wp\/prima-pagina\/asst-rhodense-dimezzato-i-pazienti-senza-medico-nel-bollatese\/\" \/>\n<meta property=\"og:site_name\" content=\"Il Notiziario\" \/>\n<meta property=\"article:publisher\" content=\"https:\/\/www.facebook.com\/ilnotiziarioind\/\" \/>\n<meta property=\"article:published_time\" content=\"2025-05-18T06:48:52+00:00\" \/>\n<meta property=\"og:image\" content=\"https:\/\/www.ilnotiziario.net\/wp\/wp-content\/uploads\/2025\/05\/pazienti-senza-medico-Bollatese.jpg\" \/>\n\t<meta property=\"og:image:width\" content=\"403\" \/>\n\t<meta property=\"og:image:height\" content=\"345\" \/>\n\t<meta property=\"og:image:type\" content=\"image\/jpeg\" \/>\n<meta name=\"author\" content=\"Silvia Citterio\" \/>\n<meta name=\"twitter:card\" content=\"summary_large_image\" \/>\n<meta name=\"twitter:creator\" content=\"@ilNotiziarioInd\" \/>\n<meta name=\"twitter:site\" content=\"@ilNotiziarioInd\" \/>\n<meta name=\"twitter:label1\" content=\"Scritto da\" \/>\n\t<meta name=\"twitter:data1\" content=\"Silvia Citterio\" \/>\n\t<meta name=\"twitter:label2\" content=\"Tempo di lettura stimato\" \/>\n\t<meta name=\"twitter:data2\" content=\"7 minuti\" \/>\n<script type=\"application\/ld+json\" class=\"yoast-schema-graph\">{\"@context\":\"https:\\\/\\\/schema.org\",\"@graph\":[{\"@type\":\"Article\",\"@id\":\"https:\\\/\\\/www.ilnotiziario.net\\\/wp\\\/prima-pagina\\\/asst-rhodense-dimezzato-i-pazienti-senza-medico-nel-bollatese\\\/#article\",\"isPartOf\":{\"@id\":\"https:\\\/\\\/www.ilnotiziario.net\\\/wp\\\/prima-pagina\\\/asst-rhodense-dimezzato-i-pazienti-senza-medico-nel-bollatese\\\/\"},\"author\":{\"name\":\"Silvia Citterio\",\"@id\":\"https:\\\/\\\/www.ilnotiziario.net\\\/wp\\\/#\\\/schema\\\/person\\\/c5bca2edc3d99d29959f04a6126f687b\"},\"headline\":\"Asst Rhodense: \u201cDimezzato numero dei pazienti senza medico nel Bollatese\u201d\",\"datePublished\":\"2025-05-18T06:48:52+00:00\",\"mainEntityOfPage\":{\"@id\":\"https:\\\/\\\/www.ilnotiziario.net\\\/wp\\\/prima-pagina\\\/asst-rhodense-dimezzato-i-pazienti-senza-medico-nel-bollatese\\\/\"},\"wordCount\":1241,\"publisher\":{\"@id\":\"https:\\\/\\\/www.ilnotiziario.net\\\/wp\\\/#organization\"},\"image\":{\"@id\":\"https:\\\/\\\/www.ilnotiziario.net\\\/wp\\\/prima-pagina\\\/asst-rhodense-dimezzato-i-pazienti-senza-medico-nel-bollatese\\\/#primaryimage\"},\"thumbnailUrl\":\"https:\\\/\\\/www.ilnotiziario.net\\\/wp\\\/wp-content\\\/uploads\\\/2025\\\/05\\\/pazienti-senza-medico-Bollatese.jpg\",\"keywords\":[\"bollatese\",\"medico\",\"pazienti\",\"senza\"],\"articleSection\":[\"BOLLATESE\",\"Prima Pagina\"],\"inLanguage\":\"it-IT\"},{\"@type\":\"WebPage\",\"@id\":\"https:\\\/\\\/www.ilnotiziario.net\\\/wp\\\/prima-pagina\\\/asst-rhodense-dimezzato-i-pazienti-senza-medico-nel-bollatese\\\/\",\"url\":\"https:\\\/\\\/www.ilnotiziario.net\\\/wp\\\/prima-pagina\\\/asst-rhodense-dimezzato-i-pazienti-senza-medico-nel-bollatese\\\/\",\"name\":\"Asst Rhodense: \u201cDimezzato numero dei pazienti senza medico nel Bollatese\u201d - Il Notiziario\",\"isPartOf\":{\"@id\":\"https:\\\/\\\/www.ilnotiziario.net\\\/wp\\\/#website\"},\"primaryImageOfPage\":{\"@id\":\"https:\\\/\\\/www.ilnotiziario.net\\\/wp\\\/prima-pagina\\\/asst-rhodense-dimezzato-i-pazienti-senza-medico-nel-bollatese\\\/#primaryimage\"},\"image\":{\"@id\":\"https:\\\/\\\/www.ilnotiziario.net\\\/wp\\\/prima-pagina\\\/asst-rhodense-dimezzato-i-pazienti-senza-medico-nel-bollatese\\\/#primaryimage\"},\"thumbnailUrl\":\"https:\\\/\\\/www.ilnotiziario.net\\\/wp\\\/wp-content\\\/uploads\\\/2025\\\/05\\\/pazienti-senza-medico-Bollatese.jpg\",\"datePublished\":\"2025-05-18T06:48:52+00:00\",\"description\":\"Asst Rhodense: \u201cAbbiamo dimezzato i pazienti senza medico nel Bollatese\u201d. Il Notiziario \u00e8 tornato a intervistare il Direttore generale dell\u2019Asst Rhodense,\",\"breadcrumb\":{\"@id\":\"https:\\\/\\\/www.ilnotiziario.net\\\/wp\\\/prima-pagina\\\/asst-rhodense-dimezzato-i-pazienti-senza-medico-nel-bollatese\\\/#breadcrumb\"},\"inLanguage\":\"it-IT\",\"potentialAction\":[{\"@type\":\"ReadAction\",\"target\":[\"https:\\\/\\\/www.ilnotiziario.net\\\/wp\\\/prima-pagina\\\/asst-rhodense-dimezzato-i-pazienti-senza-medico-nel-bollatese\\\/\"]}]},{\"@type\":\"ImageObject\",\"inLanguage\":\"it-IT\",\"@id\":\"https:\\\/\\\/www.ilnotiziario.net\\\/wp\\\/prima-pagina\\\/asst-rhodense-dimezzato-i-pazienti-senza-medico-nel-bollatese\\\/#primaryimage\",\"url\":\"https:\\\/\\\/www.ilnotiziario.net\\\/wp\\\/wp-content\\\/uploads\\\/2025\\\/05\\\/pazienti-senza-medico-Bollatese.jpg\",\"contentUrl\":\"https:\\\/\\\/www.ilnotiziario.net\\\/wp\\\/wp-content\\\/uploads\\\/2025\\\/05\\\/pazienti-senza-medico-Bollatese.jpg\",\"width\":403,\"height\":345,\"caption\":\"Il dottor Marco Bosio\"},{\"@type\":\"BreadcrumbList\",\"@id\":\"https:\\\/\\\/www.ilnotiziario.net\\\/wp\\\/prima-pagina\\\/asst-rhodense-dimezzato-i-pazienti-senza-medico-nel-bollatese\\\/#breadcrumb\",\"itemListElement\":[{\"@type\":\"ListItem\",\"position\":1,\"name\":\"tds_text_logo_tagline_colortds_text_logo_tagline_colortds_text_logo_tagline_colortds_text_logo_tagline_colortd_module_7_title_excerpttd_module_7_title_excerpttd_module_7_title_excerpttd_module_7_title_excerptHome\",\"item\":\"https:\\\/\\\/www.ilnotiziario.net\\\/wp\\\/\"},{\"@type\":\"ListItem\",\"position\":2,\"name\":\"Asst Rhodense: \u201cDimezzato numero dei pazienti senza medico nel Bollatese\u201d\"}]},{\"@type\":\"WebSite\",\"@id\":\"https:\\\/\\\/www.ilnotiziario.net\\\/wp\\\/#website\",\"url\":\"https:\\\/\\\/www.ilnotiziario.net\\\/wp\\\/\",\"name\":\"Il Notiziario\",\"description\":\"Per restare sempre connessi alla notizia\",\"publisher\":{\"@id\":\"https:\\\/\\\/www.ilnotiziario.net\\\/wp\\\/#organization\"},\"alternateName\":\"Il Notiziario Bollate\",\"potentialAction\":[{\"@type\":\"SearchAction\",\"target\":{\"@type\":\"EntryPoint\",\"urlTemplate\":\"https:\\\/\\\/www.ilnotiziario.net\\\/wp\\\/?s={search_term_string}\"},\"query-input\":{\"@type\":\"PropertyValueSpecification\",\"valueRequired\":true,\"valueName\":\"search_term_string\"}}],\"inLanguage\":\"it-IT\"},{\"@type\":\"Organization\",\"@id\":\"https:\\\/\\\/www.ilnotiziario.net\\\/wp\\\/#organization\",\"name\":\"Il Notiziario\",\"url\":\"https:\\\/\\\/www.ilnotiziario.net\\\/wp\\\/\",\"logo\":{\"@type\":\"ImageObject\",\"inLanguage\":\"it-IT\",\"@id\":\"https:\\\/\\\/www.ilnotiziario.net\\\/wp\\\/#\\\/schema\\\/logo\\\/image\\\/\",\"url\":\"https:\\\/\\\/www.ilnotiziario.net\\\/wp\\\/wp-content\\\/uploads\\\/2022\\\/06\\\/170x170ilN.png\",\"contentUrl\":\"https:\\\/\\\/www.ilnotiziario.net\\\/wp\\\/wp-content\\\/uploads\\\/2022\\\/06\\\/170x170ilN.png\",\"width\":355,\"height\":355,\"caption\":\"Il Notiziario\"},\"image\":{\"@id\":\"https:\\\/\\\/www.ilnotiziario.net\\\/wp\\\/#\\\/schema\\\/logo\\\/image\\\/\"},\"sameAs\":[\"https:\\\/\\\/www.facebook.com\\\/ilnotiziarioind\\\/\",\"https:\\\/\\\/x.com\\\/ilNotiziarioInd\",\"https:\\\/\\\/www.instagram.com\\\/ilnotiziario_settimanale\\\/\"]},{\"@type\":\"Person\",\"@id\":\"https:\\\/\\\/www.ilnotiziario.net\\\/wp\\\/#\\\/schema\\\/person\\\/c5bca2edc3d99d29959f04a6126f687b\",\"name\":\"Silvia Citterio\",\"image\":{\"@type\":\"ImageObject\",\"inLanguage\":\"it-IT\",\"@id\":\"https:\\\/\\\/secure.gravatar.com\\\/avatar\\\/03eb19c63b944e79a9b5ce53ca5d1ca303edcf368a68721ec3ccaae7f98c5afd?s=96&d=mm&r=g\",\"url\":\"https:\\\/\\\/secure.gravatar.com\\\/avatar\\\/03eb19c63b944e79a9b5ce53ca5d1ca303edcf368a68721ec3ccaae7f98c5afd?s=96&d=mm&r=g\",\"contentUrl\":\"https:\\\/\\\/secure.gravatar.com\\\/avatar\\\/03eb19c63b944e79a9b5ce53ca5d1ca303edcf368a68721ec3ccaae7f98c5afd?s=96&d=mm&r=g\",\"caption\":\"Silvia Citterio\"}}]}<\/script>\n<!-- \/ Yoast SEO plugin. -->","yoast_head_json":{"title":"Asst Rhodense: \u201cDimezzato numero dei pazienti senza medico nel Bollatese\u201d - Il Notiziario","description":"Asst Rhodense: \u201cAbbiamo dimezzato i pazienti senza medico nel Bollatese\u201d. Il Notiziario \u00e8 tornato a intervistare il Direttore generale dell\u2019Asst Rhodense,","robots":{"index":"index","follow":"follow","max-snippet":"max-snippet:-1","max-image-preview":"max-image-preview:large","max-video-preview":"max-video-preview:-1"},"canonical":"https:\/\/www.ilnotiziario.net\/wp\/prima-pagina\/asst-rhodense-dimezzato-i-pazienti-senza-medico-nel-bollatese\/","og_locale":"it_IT","og_type":"article","og_title":"Asst Rhodense: \u201cDimezzato numero dei pazienti senza medico nel Bollatese\u201d - Il Notiziario","og_description":"Asst Rhodense: \u201cAbbiamo dimezzato i pazienti senza medico nel Bollatese\u201d. Il Notiziario \u00e8 tornato a intervistare il Direttore generale dell\u2019Asst Rhodense,","og_url":"https:\/\/www.ilnotiziario.net\/wp\/prima-pagina\/asst-rhodense-dimezzato-i-pazienti-senza-medico-nel-bollatese\/","og_site_name":"Il Notiziario","article_publisher":"https:\/\/www.facebook.com\/ilnotiziarioind\/","article_published_time":"2025-05-18T06:48:52+00:00","og_image":[{"width":403,"height":345,"url":"https:\/\/www.ilnotiziario.net\/wp\/wp-content\/uploads\/2025\/05\/pazienti-senza-medico-Bollatese.jpg","type":"image\/jpeg"}],"author":"Silvia Citterio","twitter_card":"summary_large_image","twitter_creator":"@ilNotiziarioInd","twitter_site":"@ilNotiziarioInd","twitter_misc":{"Scritto da":"Silvia Citterio","Tempo di lettura stimato":"7 minuti"},"schema":{"@context":"https:\/\/schema.org","@graph":[{"@type":"Article","@id":"https:\/\/www.ilnotiziario.net\/wp\/prima-pagina\/asst-rhodense-dimezzato-i-pazienti-senza-medico-nel-bollatese\/#article","isPartOf":{"@id":"https:\/\/www.ilnotiziario.net\/wp\/prima-pagina\/asst-rhodense-dimezzato-i-pazienti-senza-medico-nel-bollatese\/"},"author":{"name":"Silvia Citterio","@id":"https:\/\/www.ilnotiziario.net\/wp\/#\/schema\/person\/c5bca2edc3d99d29959f04a6126f687b"},"headline":"Asst Rhodense: \u201cDimezzato numero dei pazienti senza medico nel Bollatese\u201d","datePublished":"2025-05-18T06:48:52+00:00","mainEntityOfPage":{"@id":"https:\/\/www.ilnotiziario.net\/wp\/prima-pagina\/asst-rhodense-dimezzato-i-pazienti-senza-medico-nel-bollatese\/"},"wordCount":1241,"publisher":{"@id":"https:\/\/www.ilnotiziario.net\/wp\/#organization"},"image":{"@id":"https:\/\/www.ilnotiziario.net\/wp\/prima-pagina\/asst-rhodense-dimezzato-i-pazienti-senza-medico-nel-bollatese\/#primaryimage"},"thumbnailUrl":"https:\/\/www.ilnotiziario.net\/wp\/wp-content\/uploads\/2025\/05\/pazienti-senza-medico-Bollatese.jpg","keywords":["bollatese","medico","pazienti","senza"],"articleSection":["BOLLATESE","Prima Pagina"],"inLanguage":"it-IT"},{"@type":"WebPage","@id":"https:\/\/www.ilnotiziario.net\/wp\/prima-pagina\/asst-rhodense-dimezzato-i-pazienti-senza-medico-nel-bollatese\/","url":"https:\/\/www.ilnotiziario.net\/wp\/prima-pagina\/asst-rhodense-dimezzato-i-pazienti-senza-medico-nel-bollatese\/","name":"Asst Rhodense: \u201cDimezzato numero dei pazienti senza medico nel Bollatese\u201d - Il Notiziario","isPartOf":{"@id":"https:\/\/www.ilnotiziario.net\/wp\/#website"},"primaryImageOfPage":{"@id":"https:\/\/www.ilnotiziario.net\/wp\/prima-pagina\/asst-rhodense-dimezzato-i-pazienti-senza-medico-nel-bollatese\/#primaryimage"},"image":{"@id":"https:\/\/www.ilnotiziario.net\/wp\/prima-pagina\/asst-rhodense-dimezzato-i-pazienti-senza-medico-nel-bollatese\/#primaryimage"},"thumbnailUrl":"https:\/\/www.ilnotiziario.net\/wp\/wp-content\/uploads\/2025\/05\/pazienti-senza-medico-Bollatese.jpg","datePublished":"2025-05-18T06:48:52+00:00","description":"Asst Rhodense: \u201cAbbiamo dimezzato i pazienti senza medico nel Bollatese\u201d. Il Notiziario \u00e8 tornato a intervistare il Direttore generale dell\u2019Asst Rhodense,","breadcrumb":{"@id":"https:\/\/www.ilnotiziario.net\/wp\/prima-pagina\/asst-rhodense-dimezzato-i-pazienti-senza-medico-nel-bollatese\/#breadcrumb"},"inLanguage":"it-IT","potentialAction":[{"@type":"ReadAction","target":["https:\/\/www.ilnotiziario.net\/wp\/prima-pagina\/asst-rhodense-dimezzato-i-pazienti-senza-medico-nel-bollatese\/"]}]},{"@type":"ImageObject","inLanguage":"it-IT","@id":"https:\/\/www.ilnotiziario.net\/wp\/prima-pagina\/asst-rhodense-dimezzato-i-pazienti-senza-medico-nel-bollatese\/#primaryimage","url":"https:\/\/www.ilnotiziario.net\/wp\/wp-content\/uploads\/2025\/05\/pazienti-senza-medico-Bollatese.jpg","contentUrl":"https:\/\/www.ilnotiziario.net\/wp\/wp-content\/uploads\/2025\/05\/pazienti-senza-medico-Bollatese.jpg","width":403,"height":345,"caption":"Il dottor Marco Bosio"},{"@type":"BreadcrumbList","@id":"https:\/\/www.ilnotiziario.net\/wp\/prima-pagina\/asst-rhodense-dimezzato-i-pazienti-senza-medico-nel-bollatese\/#breadcrumb","itemListElement":[{"@type":"ListItem","position":1,"name":"tds_text_logo_tagline_colortds_text_logo_tagline_colortds_text_logo_tagline_colortds_text_logo_tagline_colortd_module_7_title_excerpttd_module_7_title_excerpttd_module_7_title_excerpttd_module_7_title_excerptHome","item":"https:\/\/www.ilnotiziario.net\/wp\/"},{"@type":"ListItem","position":2,"name":"Asst Rhodense: \u201cDimezzato numero dei pazienti senza medico nel Bollatese\u201d"}]},{"@type":"WebSite","@id":"https:\/\/www.ilnotiziario.net\/wp\/#website","url":"https:\/\/www.ilnotiziario.net\/wp\/","name":"Il Notiziario","description":"Per restare sempre connessi alla notizia","publisher":{"@id":"https:\/\/www.ilnotiziario.net\/wp\/#organization"},"alternateName":"Il Notiziario Bollate","potentialAction":[{"@type":"SearchAction","target":{"@type":"EntryPoint","urlTemplate":"https:\/\/www.ilnotiziario.net\/wp\/?s={search_term_string}"},"query-input":{"@type":"PropertyValueSpecification","valueRequired":true,"valueName":"search_term_string"}}],"inLanguage":"it-IT"},{"@type":"Organization","@id":"https:\/\/www.ilnotiziario.net\/wp\/#organization","name":"Il Notiziario","url":"https:\/\/www.ilnotiziario.net\/wp\/","logo":{"@type":"ImageObject","inLanguage":"it-IT","@id":"https:\/\/www.ilnotiziario.net\/wp\/#\/schema\/logo\/image\/","url":"https:\/\/www.ilnotiziario.net\/wp\/wp-content\/uploads\/2022\/06\/170x170ilN.png","contentUrl":"https:\/\/www.ilnotiziario.net\/wp\/wp-content\/uploads\/2022\/06\/170x170ilN.png","width":355,"height":355,"caption":"Il Notiziario"},"image":{"@id":"https:\/\/www.ilnotiziario.net\/wp\/#\/schema\/logo\/image\/"},"sameAs":["https:\/\/www.facebook.com\/ilnotiziarioind\/","https:\/\/x.com\/ilNotiziarioInd","https:\/\/www.instagram.com\/ilnotiziario_settimanale\/"]},{"@type":"Person","@id":"https:\/\/www.ilnotiziario.net\/wp\/#\/schema\/person\/c5bca2edc3d99d29959f04a6126f687b","name":"Silvia Citterio","image":{"@type":"ImageObject","inLanguage":"it-IT","@id":"https:\/\/secure.gravatar.com\/avatar\/03eb19c63b944e79a9b5ce53ca5d1ca303edcf368a68721ec3ccaae7f98c5afd?s=96&d=mm&r=g","url":"https:\/\/secure.gravatar.com\/avatar\/03eb19c63b944e79a9b5ce53ca5d1ca303edcf368a68721ec3ccaae7f98c5afd?s=96&d=mm&r=g","contentUrl":"https:\/\/secure.gravatar.com\/avatar\/03eb19c63b944e79a9b5ce53ca5d1ca303edcf368a68721ec3ccaae7f98c5afd?s=96&d=mm&r=g","caption":"Silvia Citterio"}}]}},"_links":{"self":[{"href":"https:\/\/www.ilnotiziario.net\/wp\/wp-json\/wp\/v2\/posts\/206279","targetHints":{"allow":["GET"]}}],"collection":[{"href":"https:\/\/www.ilnotiziario.net\/wp\/wp-json\/wp\/v2\/posts"}],"about":[{"href":"https:\/\/www.ilnotiziario.net\/wp\/wp-json\/wp\/v2\/types\/post"}],"author":[{"embeddable":true,"href":"https:\/\/www.ilnotiziario.net\/wp\/wp-json\/wp\/v2\/users\/14"}],"replies":[{"embeddable":true,"href":"https:\/\/www.ilnotiziario.net\/wp\/wp-json\/wp\/v2\/comments?post=206279"}],"version-history":[{"count":0,"href":"https:\/\/www.ilnotiziario.net\/wp\/wp-json\/wp\/v2\/posts\/206279\/revisions"}],"wp:featuredmedia":[{"embeddable":true,"href":"https:\/\/www.ilnotiziario.net\/wp\/wp-json\/wp\/v2\/media\/206280"}],"wp:attachment":[{"href":"https:\/\/www.ilnotiziario.net\/wp\/wp-json\/wp\/v2\/media?parent=206279"}],"wp:term":[{"taxonomy":"category","embeddable":true,"href":"https:\/\/www.ilnotiziario.net\/wp\/wp-json\/wp\/v2\/categories?post=206279"},{"taxonomy":"post_tag","embeddable":true,"href":"https:\/\/www.ilnotiziario.net\/wp\/wp-json\/wp\/v2\/tags?post=206279"}],"curies":[{"name":"wp","href":"https:\/\/api.w.org\/{rel}","templated":true}]}}