{"id":206285,"date":"2025-05-18T15:52:30","date_gmt":"2025-05-18T13:52:30","guid":{"rendered":"https:\/\/www.ilnotiziario.net\/wp\/?p=206285"},"modified":"2025-05-17T21:53:13","modified_gmt":"2025-05-17T19:53:13","slug":"bollate-una-mostra-per-far-rivivere-il-grande-giulio-mesini","status":"publish","type":"post","link":"https:\/\/www.ilnotiziario.net\/wp\/bollatese\/bollate-una-mostra-per-far-rivivere-il-grande-giulio-mesini\/","title":{"rendered":"Bollate, una mostra per far rivivere il grande Giulio Mesini"},"content":{"rendered":"<p>Bollate, una mostra per far rivivere il grande Giulio Mesini.<br \/>\nSabato scorso alle 10,30 di mattina \u00e8 stata inaugurata la mostra in ricordo di Giulio Mesini, storico fotografo bollatese che fu anche vera e propria anima della socialit\u00e0 cittadina grazie alle innumerevoli iniziative che organizz\u00f2 o a cui collabor\u00f2: dalla rinascita del Carnevale Bollatese alla Fiera del cioccolato, dal gruppo delle majorettes bollatesi alle varie sagre delle ciliegie e dell\u2019uva, solo per citarne alcune.<\/p><div id=\"ilnot-4272936962\" class=\"ilnot-contenuto ilnot-entity-placement\"><p><!-- incontent_1 --><\/p>\n<div class=\"gptslot\" data-adunitid=\"1\"><\/div>\n<\/div>\n<p>La mostra si tiene in parte dei locali dell\u2019ex banca al piano terra del municipio (il cosiddetto \u201cSpazio Europa\u201d e <strong>rester\u00e0 aperta fino a domenica 8 giugno.<\/strong> C\u2019\u00e8 dunque tanto tempo per poterla visitare, e ne vale davvero la pena poich\u00e9 contiene immagini del passato di Bollate, non solo di iniziative ma anche di momenti storici come la demolizione del Cantun Sciatin, i funerali del senatore Luzzato Carpi o la realizzazione del Parco centrale. A tagliare l\u2019ideale nastro inaugurale \u00e8 stato il vicesindaco Albert o Grassi, che ha ricordato la ricchezza delle foto che scattava Mesini, fotografie che avevano un\u2019anima.<\/p>\n<h2>Una mostra per far rivivere il grande Giulio Mesini e la storia di Bollate<\/h2>\n<p>\u201cRivivere i momenti ritratti in queste immagini \u00e8 come rivivere la storia di Bollate con lo sguardo positivo di Giulio\u201d, ha detto. Federico Curti, che tanto fu vicino a Giulio in innumerevoli avventure, ha poi parlato di \u201cuna mostra per rendere onore a un artista dell\u2019immagine: era un visionario che sapeva coinvolgere gli altri nella costruzione di idee e progetti\u201d. Presente all\u2019inaugurazione anche il presidente di Confcommercio Bollate Marco Corci insieme a diversi assessori, colleghi fotografi di Giulio e tanti bollatesi che per decenni avevano apprezzato l\u2019impegno di Mesini per tenere viva Bollate.<\/p><div id=\"ilnot-3789780996\" class=\"ilnot-contenuto_2 ilnot-entity-placement\"><div class=\"ads-wrapper\">\n<div class=\"ad-slot\">\n   <div id=\"ilnot-926758864\" style=\"margin-right: auto;margin-left: auto;text-align: center;width: 320px;height: 100px;\"><a href=\"https:\/\/www.scuolasicurezza.it\/\"><img decoding=\"async\" src=\"https:\/\/www.ilnotiziario.net\/wp\/wp-content\/uploads\/2026\/04\/IlNotiziario_banner-sito-e-newsletter-320-x-100-px-1.gif\" alt=\"\"><\/a><\/div>\n  <\/div>\n<div class=\"ad-slot\">\n   <div id=\"ilnot-3129082275\" style=\"float: right;width: 320px;height: 100px;\"><a href=\"https:\/\/cedamitalia.it\/\"><img decoding=\"async\" src=\"https:\/\/www.ilnotiziario.net\/wp\/wp-content\/uploads\/2026\/04\/banner_cedam_320x100_OK.gif\" alt=\"Cedam\"><\/a><\/div><\/p><\/div>\n<\/div>\n<\/div>\n","protected":false},"excerpt":{"rendered":"<p>Bollate, una mostra per far rivivere il grande Giulio Mesini. Sabato scorso alle 10,30 di mattina \u00e8 stata inaugurata la mostra in ricordo di Giulio Mesini, storico fotografo bollatese che fu anche vera e propria anima della socialit\u00e0 cittadina grazie alle innumerevoli iniziative che organizz\u00f2 o a cui collabor\u00f2: dalla rinascita del Carnevale Bollatese alla<\/p>\n","protected":false},"author":14,"featured_media":206286,"comment_status":"closed","ping_status":"closed","sticky":false,"template":"","format":"standard","meta":{"footnotes":""},"categories":[277,8],"tags":[110,9408,4280],"class_list":{"0":"post-206285","1":"post","2":"type-post","3":"status-publish","4":"format-standard","5":"has-post-thumbnail","7":"category-appuntamenti-della-settimana","8":"category-bollatese","9":"tag-bollate","10":"tag-giulio-mesini","11":"tag-mostra"},"yoast_head":"<!-- This site is optimized with the Yoast SEO plugin v27.4 - https:\/\/yoast.com\/product\/yoast-seo-wordpress\/ -->\n<title>Bollate, una mostra per far rivivere il grande Giulio Mesini - Il Notiziario<\/title>\n<meta name=\"description\" content=\"Bollate, una mostra per far rivivere il grande Giulio Mesini. Sabato scorso alle 10,30 di mattina \u00e8 stata inaugurata la mostra in ricordo di Giulio\" \/>\n<meta name=\"robots\" content=\"index, follow, max-snippet:-1, max-image-preview:large, max-video-preview:-1\" \/>\n<link rel=\"canonical\" href=\"https:\/\/www.ilnotiziario.net\/wp\/bollatese\/bollate-una-mostra-per-far-rivivere-il-grande-giulio-mesini\/\" \/>\n<meta property=\"og:locale\" content=\"it_IT\" \/>\n<meta property=\"og:type\" content=\"article\" \/>\n<meta property=\"og:title\" content=\"Bollate, una mostra per far rivivere il grande Giulio Mesini - Il Notiziario\" \/>\n<meta property=\"og:description\" content=\"Bollate, una mostra per far rivivere il grande Giulio Mesini. Sabato scorso alle 10,30 di mattina \u00e8 stata inaugurata la mostra in ricordo di Giulio\" \/>\n<meta property=\"og:url\" content=\"https:\/\/www.ilnotiziario.net\/wp\/bollatese\/bollate-una-mostra-per-far-rivivere-il-grande-giulio-mesini\/\" \/>\n<meta property=\"og:site_name\" content=\"Il Notiziario\" \/>\n<meta property=\"article:publisher\" content=\"https:\/\/www.facebook.com\/ilnotiziarioind\/\" \/>\n<meta property=\"article:published_time\" content=\"2025-05-18T13:52:30+00:00\" \/>\n<meta property=\"og:image\" content=\"https:\/\/www.ilnotiziario.net\/wp\/wp-content\/uploads\/2025\/05\/Bollate-mostra-Giulio-Mesini-1.jpg\" \/>\n\t<meta property=\"og:image:width\" content=\"978\" \/>\n\t<meta property=\"og:image:height\" content=\"517\" \/>\n\t<meta property=\"og:image:type\" content=\"image\/jpeg\" \/>\n<meta name=\"author\" content=\"Silvia Citterio\" \/>\n<meta name=\"twitter:card\" content=\"summary_large_image\" \/>\n<meta name=\"twitter:creator\" content=\"@ilNotiziarioInd\" \/>\n<meta name=\"twitter:site\" content=\"@ilNotiziarioInd\" \/>\n<meta name=\"twitter:label1\" content=\"Scritto da\" \/>\n\t<meta name=\"twitter:data1\" content=\"Silvia Citterio\" \/>\n\t<meta name=\"twitter:label2\" content=\"Tempo di lettura stimato\" \/>\n\t<meta name=\"twitter:data2\" content=\"2 minuti\" \/>\n<script type=\"application\/ld+json\" class=\"yoast-schema-graph\">{\"@context\":\"https:\\\/\\\/schema.org\",\"@graph\":[{\"@type\":\"Article\",\"@id\":\"https:\\\/\\\/www.ilnotiziario.net\\\/wp\\\/bollatese\\\/bollate-una-mostra-per-far-rivivere-il-grande-giulio-mesini\\\/#article\",\"isPartOf\":{\"@id\":\"https:\\\/\\\/www.ilnotiziario.net\\\/wp\\\/bollatese\\\/bollate-una-mostra-per-far-rivivere-il-grande-giulio-mesini\\\/\"},\"author\":{\"name\":\"Silvia Citterio\",\"@id\":\"https:\\\/\\\/www.ilnotiziario.net\\\/wp\\\/#\\\/schema\\\/person\\\/c5bca2edc3d99d29959f04a6126f687b\"},\"headline\":\"Bollate, una mostra per far rivivere il grande Giulio Mesini\",\"datePublished\":\"2025-05-18T13:52:30+00:00\",\"mainEntityOfPage\":{\"@id\":\"https:\\\/\\\/www.ilnotiziario.net\\\/wp\\\/bollatese\\\/bollate-una-mostra-per-far-rivivere-il-grande-giulio-mesini\\\/\"},\"wordCount\":293,\"publisher\":{\"@id\":\"https:\\\/\\\/www.ilnotiziario.net\\\/wp\\\/#organization\"},\"image\":{\"@id\":\"https:\\\/\\\/www.ilnotiziario.net\\\/wp\\\/bollatese\\\/bollate-una-mostra-per-far-rivivere-il-grande-giulio-mesini\\\/#primaryimage\"},\"thumbnailUrl\":\"https:\\\/\\\/www.ilnotiziario.net\\\/wp\\\/wp-content\\\/uploads\\\/2025\\\/05\\\/Bollate-mostra-Giulio-Mesini-1.jpg\",\"keywords\":[\"Bollate\",\"Giulio Mesini\",\"mostra\"],\"articleSection\":[\"APPUNTAMENTI\",\"BOLLATESE\"],\"inLanguage\":\"it-IT\"},{\"@type\":\"WebPage\",\"@id\":\"https:\\\/\\\/www.ilnotiziario.net\\\/wp\\\/bollatese\\\/bollate-una-mostra-per-far-rivivere-il-grande-giulio-mesini\\\/\",\"url\":\"https:\\\/\\\/www.ilnotiziario.net\\\/wp\\\/bollatese\\\/bollate-una-mostra-per-far-rivivere-il-grande-giulio-mesini\\\/\",\"name\":\"Bollate, una mostra per far rivivere il grande Giulio Mesini - Il Notiziario\",\"isPartOf\":{\"@id\":\"https:\\\/\\\/www.ilnotiziario.net\\\/wp\\\/#website\"},\"primaryImageOfPage\":{\"@id\":\"https:\\\/\\\/www.ilnotiziario.net\\\/wp\\\/bollatese\\\/bollate-una-mostra-per-far-rivivere-il-grande-giulio-mesini\\\/#primaryimage\"},\"image\":{\"@id\":\"https:\\\/\\\/www.ilnotiziario.net\\\/wp\\\/bollatese\\\/bollate-una-mostra-per-far-rivivere-il-grande-giulio-mesini\\\/#primaryimage\"},\"thumbnailUrl\":\"https:\\\/\\\/www.ilnotiziario.net\\\/wp\\\/wp-content\\\/uploads\\\/2025\\\/05\\\/Bollate-mostra-Giulio-Mesini-1.jpg\",\"datePublished\":\"2025-05-18T13:52:30+00:00\",\"description\":\"Bollate, una mostra per far rivivere il grande Giulio Mesini. Sabato scorso alle 10,30 di mattina \u00e8 stata inaugurata la mostra in ricordo di Giulio\",\"breadcrumb\":{\"@id\":\"https:\\\/\\\/www.ilnotiziario.net\\\/wp\\\/bollatese\\\/bollate-una-mostra-per-far-rivivere-il-grande-giulio-mesini\\\/#breadcrumb\"},\"inLanguage\":\"it-IT\",\"potentialAction\":[{\"@type\":\"ReadAction\",\"target\":[\"https:\\\/\\\/www.ilnotiziario.net\\\/wp\\\/bollatese\\\/bollate-una-mostra-per-far-rivivere-il-grande-giulio-mesini\\\/\"]}]},{\"@type\":\"ImageObject\",\"inLanguage\":\"it-IT\",\"@id\":\"https:\\\/\\\/www.ilnotiziario.net\\\/wp\\\/bollatese\\\/bollate-una-mostra-per-far-rivivere-il-grande-giulio-mesini\\\/#primaryimage\",\"url\":\"https:\\\/\\\/www.ilnotiziario.net\\\/wp\\\/wp-content\\\/uploads\\\/2025\\\/05\\\/Bollate-mostra-Giulio-Mesini-1.jpg\",\"contentUrl\":\"https:\\\/\\\/www.ilnotiziario.net\\\/wp\\\/wp-content\\\/uploads\\\/2025\\\/05\\\/Bollate-mostra-Giulio-Mesini-1.jpg\",\"width\":978,\"height\":517,\"caption\":\"Bollate mostra Giulio Mesini\"},{\"@type\":\"BreadcrumbList\",\"@id\":\"https:\\\/\\\/www.ilnotiziario.net\\\/wp\\\/bollatese\\\/bollate-una-mostra-per-far-rivivere-il-grande-giulio-mesini\\\/#breadcrumb\",\"itemListElement\":[{\"@type\":\"ListItem\",\"position\":1,\"name\":\"tds_text_logo_tagline_colortds_text_logo_tagline_colortds_text_logo_tagline_colortds_text_logo_tagline_colortd_module_7_title_excerpttd_module_7_title_excerpttd_module_7_title_excerpttd_module_7_title_excerptHome\",\"item\":\"https:\\\/\\\/www.ilnotiziario.net\\\/wp\\\/\"},{\"@type\":\"ListItem\",\"position\":2,\"name\":\"Bollate, una mostra per far rivivere il grande Giulio Mesini\"}]},{\"@type\":\"WebSite\",\"@id\":\"https:\\\/\\\/www.ilnotiziario.net\\\/wp\\\/#website\",\"url\":\"https:\\\/\\\/www.ilnotiziario.net\\\/wp\\\/\",\"name\":\"Il Notiziario\",\"description\":\"Per restare sempre connessi alla notizia\",\"publisher\":{\"@id\":\"https:\\\/\\\/www.ilnotiziario.net\\\/wp\\\/#organization\"},\"alternateName\":\"Il Notiziario Bollate\",\"potentialAction\":[{\"@type\":\"SearchAction\",\"target\":{\"@type\":\"EntryPoint\",\"urlTemplate\":\"https:\\\/\\\/www.ilnotiziario.net\\\/wp\\\/?s={search_term_string}\"},\"query-input\":{\"@type\":\"PropertyValueSpecification\",\"valueRequired\":true,\"valueName\":\"search_term_string\"}}],\"inLanguage\":\"it-IT\"},{\"@type\":\"Organization\",\"@id\":\"https:\\\/\\\/www.ilnotiziario.net\\\/wp\\\/#organization\",\"name\":\"Il Notiziario\",\"url\":\"https:\\\/\\\/www.ilnotiziario.net\\\/wp\\\/\",\"logo\":{\"@type\":\"ImageObject\",\"inLanguage\":\"it-IT\",\"@id\":\"https:\\\/\\\/www.ilnotiziario.net\\\/wp\\\/#\\\/schema\\\/logo\\\/image\\\/\",\"url\":\"https:\\\/\\\/www.ilnotiziario.net\\\/wp\\\/wp-content\\\/uploads\\\/2022\\\/06\\\/170x170ilN.png\",\"contentUrl\":\"https:\\\/\\\/www.ilnotiziario.net\\\/wp\\\/wp-content\\\/uploads\\\/2022\\\/06\\\/170x170ilN.png\",\"width\":355,\"height\":355,\"caption\":\"Il Notiziario\"},\"image\":{\"@id\":\"https:\\\/\\\/www.ilnotiziario.net\\\/wp\\\/#\\\/schema\\\/logo\\\/image\\\/\"},\"sameAs\":[\"https:\\\/\\\/www.facebook.com\\\/ilnotiziarioind\\\/\",\"https:\\\/\\\/x.com\\\/ilNotiziarioInd\",\"https:\\\/\\\/www.instagram.com\\\/ilnotiziario_settimanale\\\/\"]},{\"@type\":\"Person\",\"@id\":\"https:\\\/\\\/www.ilnotiziario.net\\\/wp\\\/#\\\/schema\\\/person\\\/c5bca2edc3d99d29959f04a6126f687b\",\"name\":\"Silvia Citterio\",\"image\":{\"@type\":\"ImageObject\",\"inLanguage\":\"it-IT\",\"@id\":\"https:\\\/\\\/secure.gravatar.com\\\/avatar\\\/03eb19c63b944e79a9b5ce53ca5d1ca303edcf368a68721ec3ccaae7f98c5afd?s=96&d=mm&r=g\",\"url\":\"https:\\\/\\\/secure.gravatar.com\\\/avatar\\\/03eb19c63b944e79a9b5ce53ca5d1ca303edcf368a68721ec3ccaae7f98c5afd?s=96&d=mm&r=g\",\"contentUrl\":\"https:\\\/\\\/secure.gravatar.com\\\/avatar\\\/03eb19c63b944e79a9b5ce53ca5d1ca303edcf368a68721ec3ccaae7f98c5afd?s=96&d=mm&r=g\",\"caption\":\"Silvia Citterio\"}}]}<\/script>\n<!-- \/ Yoast SEO plugin. -->","yoast_head_json":{"title":"Bollate, una mostra per far rivivere il grande Giulio Mesini - Il Notiziario","description":"Bollate, una mostra per far rivivere il grande Giulio Mesini. Sabato scorso alle 10,30 di mattina \u00e8 stata inaugurata la mostra in ricordo di Giulio","robots":{"index":"index","follow":"follow","max-snippet":"max-snippet:-1","max-image-preview":"max-image-preview:large","max-video-preview":"max-video-preview:-1"},"canonical":"https:\/\/www.ilnotiziario.net\/wp\/bollatese\/bollate-una-mostra-per-far-rivivere-il-grande-giulio-mesini\/","og_locale":"it_IT","og_type":"article","og_title":"Bollate, una mostra per far rivivere il grande Giulio Mesini - Il Notiziario","og_description":"Bollate, una mostra per far rivivere il grande Giulio Mesini. Sabato scorso alle 10,30 di mattina \u00e8 stata inaugurata la mostra in ricordo di Giulio","og_url":"https:\/\/www.ilnotiziario.net\/wp\/bollatese\/bollate-una-mostra-per-far-rivivere-il-grande-giulio-mesini\/","og_site_name":"Il Notiziario","article_publisher":"https:\/\/www.facebook.com\/ilnotiziarioind\/","article_published_time":"2025-05-18T13:52:30+00:00","og_image":[{"width":978,"height":517,"url":"https:\/\/www.ilnotiziario.net\/wp\/wp-content\/uploads\/2025\/05\/Bollate-mostra-Giulio-Mesini-1.jpg","type":"image\/jpeg"}],"author":"Silvia Citterio","twitter_card":"summary_large_image","twitter_creator":"@ilNotiziarioInd","twitter_site":"@ilNotiziarioInd","twitter_misc":{"Scritto da":"Silvia Citterio","Tempo di lettura stimato":"2 minuti"},"schema":{"@context":"https:\/\/schema.org","@graph":[{"@type":"Article","@id":"https:\/\/www.ilnotiziario.net\/wp\/bollatese\/bollate-una-mostra-per-far-rivivere-il-grande-giulio-mesini\/#article","isPartOf":{"@id":"https:\/\/www.ilnotiziario.net\/wp\/bollatese\/bollate-una-mostra-per-far-rivivere-il-grande-giulio-mesini\/"},"author":{"name":"Silvia Citterio","@id":"https:\/\/www.ilnotiziario.net\/wp\/#\/schema\/person\/c5bca2edc3d99d29959f04a6126f687b"},"headline":"Bollate, una mostra per far rivivere il grande Giulio Mesini","datePublished":"2025-05-18T13:52:30+00:00","mainEntityOfPage":{"@id":"https:\/\/www.ilnotiziario.net\/wp\/bollatese\/bollate-una-mostra-per-far-rivivere-il-grande-giulio-mesini\/"},"wordCount":293,"publisher":{"@id":"https:\/\/www.ilnotiziario.net\/wp\/#organization"},"image":{"@id":"https:\/\/www.ilnotiziario.net\/wp\/bollatese\/bollate-una-mostra-per-far-rivivere-il-grande-giulio-mesini\/#primaryimage"},"thumbnailUrl":"https:\/\/www.ilnotiziario.net\/wp\/wp-content\/uploads\/2025\/05\/Bollate-mostra-Giulio-Mesini-1.jpg","keywords":["Bollate","Giulio Mesini","mostra"],"articleSection":["APPUNTAMENTI","BOLLATESE"],"inLanguage":"it-IT"},{"@type":"WebPage","@id":"https:\/\/www.ilnotiziario.net\/wp\/bollatese\/bollate-una-mostra-per-far-rivivere-il-grande-giulio-mesini\/","url":"https:\/\/www.ilnotiziario.net\/wp\/bollatese\/bollate-una-mostra-per-far-rivivere-il-grande-giulio-mesini\/","name":"Bollate, una mostra per far rivivere il grande Giulio Mesini - Il Notiziario","isPartOf":{"@id":"https:\/\/www.ilnotiziario.net\/wp\/#website"},"primaryImageOfPage":{"@id":"https:\/\/www.ilnotiziario.net\/wp\/bollatese\/bollate-una-mostra-per-far-rivivere-il-grande-giulio-mesini\/#primaryimage"},"image":{"@id":"https:\/\/www.ilnotiziario.net\/wp\/bollatese\/bollate-una-mostra-per-far-rivivere-il-grande-giulio-mesini\/#primaryimage"},"thumbnailUrl":"https:\/\/www.ilnotiziario.net\/wp\/wp-content\/uploads\/2025\/05\/Bollate-mostra-Giulio-Mesini-1.jpg","datePublished":"2025-05-18T13:52:30+00:00","description":"Bollate, una mostra per far rivivere il grande Giulio Mesini. Sabato scorso alle 10,30 di mattina \u00e8 stata inaugurata la mostra in ricordo di Giulio","breadcrumb":{"@id":"https:\/\/www.ilnotiziario.net\/wp\/bollatese\/bollate-una-mostra-per-far-rivivere-il-grande-giulio-mesini\/#breadcrumb"},"inLanguage":"it-IT","potentialAction":[{"@type":"ReadAction","target":["https:\/\/www.ilnotiziario.net\/wp\/bollatese\/bollate-una-mostra-per-far-rivivere-il-grande-giulio-mesini\/"]}]},{"@type":"ImageObject","inLanguage":"it-IT","@id":"https:\/\/www.ilnotiziario.net\/wp\/bollatese\/bollate-una-mostra-per-far-rivivere-il-grande-giulio-mesini\/#primaryimage","url":"https:\/\/www.ilnotiziario.net\/wp\/wp-content\/uploads\/2025\/05\/Bollate-mostra-Giulio-Mesini-1.jpg","contentUrl":"https:\/\/www.ilnotiziario.net\/wp\/wp-content\/uploads\/2025\/05\/Bollate-mostra-Giulio-Mesini-1.jpg","width":978,"height":517,"caption":"Bollate mostra Giulio Mesini"},{"@type":"BreadcrumbList","@id":"https:\/\/www.ilnotiziario.net\/wp\/bollatese\/bollate-una-mostra-per-far-rivivere-il-grande-giulio-mesini\/#breadcrumb","itemListElement":[{"@type":"ListItem","position":1,"name":"tds_text_logo_tagline_colortds_text_logo_tagline_colortds_text_logo_tagline_colortds_text_logo_tagline_colortd_module_7_title_excerpttd_module_7_title_excerpttd_module_7_title_excerpttd_module_7_title_excerptHome","item":"https:\/\/www.ilnotiziario.net\/wp\/"},{"@type":"ListItem","position":2,"name":"Bollate, una mostra per far rivivere il grande Giulio Mesini"}]},{"@type":"WebSite","@id":"https:\/\/www.ilnotiziario.net\/wp\/#website","url":"https:\/\/www.ilnotiziario.net\/wp\/","name":"Il Notiziario","description":"Per restare sempre connessi alla notizia","publisher":{"@id":"https:\/\/www.ilnotiziario.net\/wp\/#organization"},"alternateName":"Il Notiziario Bollate","potentialAction":[{"@type":"SearchAction","target":{"@type":"EntryPoint","urlTemplate":"https:\/\/www.ilnotiziario.net\/wp\/?s={search_term_string}"},"query-input":{"@type":"PropertyValueSpecification","valueRequired":true,"valueName":"search_term_string"}}],"inLanguage":"it-IT"},{"@type":"Organization","@id":"https:\/\/www.ilnotiziario.net\/wp\/#organization","name":"Il Notiziario","url":"https:\/\/www.ilnotiziario.net\/wp\/","logo":{"@type":"ImageObject","inLanguage":"it-IT","@id":"https:\/\/www.ilnotiziario.net\/wp\/#\/schema\/logo\/image\/","url":"https:\/\/www.ilnotiziario.net\/wp\/wp-content\/uploads\/2022\/06\/170x170ilN.png","contentUrl":"https:\/\/www.ilnotiziario.net\/wp\/wp-content\/uploads\/2022\/06\/170x170ilN.png","width":355,"height":355,"caption":"Il Notiziario"},"image":{"@id":"https:\/\/www.ilnotiziario.net\/wp\/#\/schema\/logo\/image\/"},"sameAs":["https:\/\/www.facebook.com\/ilnotiziarioind\/","https:\/\/x.com\/ilNotiziarioInd","https:\/\/www.instagram.com\/ilnotiziario_settimanale\/"]},{"@type":"Person","@id":"https:\/\/www.ilnotiziario.net\/wp\/#\/schema\/person\/c5bca2edc3d99d29959f04a6126f687b","name":"Silvia Citterio","image":{"@type":"ImageObject","inLanguage":"it-IT","@id":"https:\/\/secure.gravatar.com\/avatar\/03eb19c63b944e79a9b5ce53ca5d1ca303edcf368a68721ec3ccaae7f98c5afd?s=96&d=mm&r=g","url":"https:\/\/secure.gravatar.com\/avatar\/03eb19c63b944e79a9b5ce53ca5d1ca303edcf368a68721ec3ccaae7f98c5afd?s=96&d=mm&r=g","contentUrl":"https:\/\/secure.gravatar.com\/avatar\/03eb19c63b944e79a9b5ce53ca5d1ca303edcf368a68721ec3ccaae7f98c5afd?s=96&d=mm&r=g","caption":"Silvia Citterio"}}]}},"_links":{"self":[{"href":"https:\/\/www.ilnotiziario.net\/wp\/wp-json\/wp\/v2\/posts\/206285","targetHints":{"allow":["GET"]}}],"collection":[{"href":"https:\/\/www.ilnotiziario.net\/wp\/wp-json\/wp\/v2\/posts"}],"about":[{"href":"https:\/\/www.ilnotiziario.net\/wp\/wp-json\/wp\/v2\/types\/post"}],"author":[{"embeddable":true,"href":"https:\/\/www.ilnotiziario.net\/wp\/wp-json\/wp\/v2\/users\/14"}],"replies":[{"embeddable":true,"href":"https:\/\/www.ilnotiziario.net\/wp\/wp-json\/wp\/v2\/comments?post=206285"}],"version-history":[{"count":0,"href":"https:\/\/www.ilnotiziario.net\/wp\/wp-json\/wp\/v2\/posts\/206285\/revisions"}],"wp:featuredmedia":[{"embeddable":true,"href":"https:\/\/www.ilnotiziario.net\/wp\/wp-json\/wp\/v2\/media\/206286"}],"wp:attachment":[{"href":"https:\/\/www.ilnotiziario.net\/wp\/wp-json\/wp\/v2\/media?parent=206285"}],"wp:term":[{"taxonomy":"category","embeddable":true,"href":"https:\/\/www.ilnotiziario.net\/wp\/wp-json\/wp\/v2\/categories?post=206285"},{"taxonomy":"post_tag","embeddable":true,"href":"https:\/\/www.ilnotiziario.net\/wp\/wp-json\/wp\/v2\/tags?post=206285"}],"curies":[{"name":"wp","href":"https:\/\/api.w.org\/{rel}","templated":true}]}}