{"id":206917,"date":"2025-06-10T08:57:47","date_gmt":"2025-06-10T06:57:47","guid":{"rendered":"https:\/\/www.ilnotiziario.net\/wp\/?p=206917"},"modified":"2025-06-10T08:57:47","modified_gmt":"2025-06-10T06:57:47","slug":"mutuo-casa-perche-oggi-conviene-il-tasso-variabile-e-a-chi","status":"publish","type":"post","link":"https:\/\/www.ilnotiziario.net\/wp\/buonoasapersi\/mutuo-casa-perche-oggi-conviene-il-tasso-variabile-e-a-chi\/","title":{"rendered":"Mutuo casa: perch\u00e9 oggi conviene il tasso variabile (e a chi)"},"content":{"rendered":"<p>Dopo anni in cui il mutuo a tasso fisso era considerato la scelta pi\u00f9 prudente e conveniente, il vento sta cambiando. In un contesto economico che vede la Banca Centrale Europea (BCE) avviare un percorso di taglio graduale dei tassi di interesse, il mutuo a tasso variabile sta tornando ad essere una soluzione attraente per molte famiglie, soprattutto per chi si appresta a stipulare un finanziamento trentennale per la prima casa.<\/p><div id=\"ilnot-677545123\" class=\"ilnot-contenuto ilnot-entity-placement\"><p><!-- incontent_1 --><\/p>\n<div class=\"gptslot\" data-adunitid=\"1\"><\/div>\n<\/div>\n<h2>Mutuo casa, il contesto: la BCE taglia i tassi, il costo del denaro scende<\/h2>\n<p>Dopo il picco del biennio 2022\u20132023, in cui l\u2019inflazione galoppante aveva spinto la BCE ad alzare i tassi fino al 4,5%, l\u2019inflazione \u00e8 oggi sotto controllo. Nel primo semestre del 2025, Francoforte ha gi\u00e0 operato due tagli, portando il tasso di riferimento al 3,5% e annunciando ulteriori interventi nei prossimi mesi. Gli analisti prevedono un ritorno intorno al 2,5% entro il 2026, riportando il costo del denaro su livelli pi\u00f9 sostenibili.<\/p>\n<h3>Tasso fisso vs variabile: cosa sta succedendo ai mutui<\/h3>\n<p>Oggi chi chiede un mutuo a tasso fisso su 30 anni si trova davanti a offerte che si aggirano tra il 3,2% e il 3,8%, mentre il tasso variabile \u00e8 proposto anche sotto il 3% (talvolta intorno al 2,6\u20132,8%). Il punto \u00e8 che, se i tassi continueranno a scendere come previsto, chi sceglie il variabile pagher\u00e0 rate sempre pi\u00f9 leggere nei prossimi anni.<\/p><div id=\"ilnot-3545309607\" class=\"ilnot-contenuto_2 ilnot-entity-placement\"><div class=\"ads-wrapper\">\n<div class=\"ad-slot\">\n   <div id=\"ilnot-1317664353\" style=\"margin-right: auto;margin-left: auto;text-align: center;width: 320px;height: 100px;\"><a href=\"https:\/\/www.scuolasicurezza.it\/\"><img decoding=\"async\" src=\"https:\/\/www.ilnotiziario.net\/wp\/wp-content\/uploads\/2026\/04\/IlNotiziario_banner-sito-e-newsletter-320-x-100-px-1.gif\" alt=\"\"><\/a><\/div>\n  <\/div>\n<div class=\"ad-slot\">\n   <div id=\"ilnot-1542384508\" style=\"margin-right: auto;margin-left: auto;text-align: center;width: 320px;height: 100px;\"><a href=\"https:\/\/purodesignarredamenti.com\/\"><img decoding=\"async\" src=\"https:\/\/www.ilnotiziario.net\/wp\/wp-content\/uploads\/2026\/04\/banner-puro-ok.gif\" alt=\"whatsapp\"><\/a><\/div><\/p><\/div>\n<\/div>\n<\/div>\n<p>Inoltre, i mutui a tasso fisso oggi incorporano nel prezzo le aspettative di rischio futuro: chi sottoscrive ora un fisso, paga di fatto anche per il rischio che i tassi non scendano come previsto \u2014 una \u201cpolizza assicurativa\u201d che potrebbe rivelarsi costosa se il calo dei tassi si concretizzer\u00e0.<\/p>\n<h3>Mutuo di 30 anni:&nbsp; il&nbsp; tasso variabile \u00e8 (quasi sempre) pi\u00f9 vantaggioso<\/h3>\n<p>Per chi accende un mutuo trentennale, la durata lunga gioca a favore del tasso variabile. I primi anni saranno probabilmente i pi\u00f9 \u201ccarichi\u201d in termini di tasso, ma con la discesa prevista dei tassi BCE, la rata tender\u00e0 a ridursi nel medio periodo. Inoltre, la lunga durata permette di ammortizzare eventuali oscillazioni, rendendo pi\u00f9 gestibile il rischio.<\/p>\n<p>Consiglio: valutare il variabile con CAP (cio\u00e8 con tetto massimo al tasso d\u2019interesse). Questo tipo di mutuo offre un buon compromesso: beneficia della discesa dei tassi, ma tutela in caso di risalite impreviste. In alternativa, optare per un variabile con opzione di conversione in fisso dopo alcuni anni.<\/p><div id=\"ilnot-312480095\" class=\"ilnot-contenuto_2-2 ilnot-entity-placement\"><div class=\"gptslot\" data-adunitid=\"2\"><\/div>\n<\/div>\n<h3>Mutuo di 20 anni: valutazioni pi\u00f9 equilibrate<\/h3>\n<p>Su un mutuo ventennale, il discorso \u00e8 pi\u00f9 sfumato. La rata sar\u00e0 mediamente pi\u00f9 alta che in un trentennale, e il tempo per beneficiare del calo dei tassi \u00e8 minore. In questo caso, chi ha una forte avversione al rischio potrebbe preferire il tasso fisso, soprattutto se la differenza con il variabile \u00e8 inferiore a un punto percentuale.<\/p>\n<p>Consiglio: se la differenza tra fisso e variabile \u00e8 marcata (oltre l\u20191%), vale comunque la pena considerare il variabile, specie se si dispone di margini di reddito per gestire eventuali aumenti temporanei delle rate. Anche qui, le formule con CAP (Capped rate, limite massimo predeterminato) o opzione di rinegoziazione futura offrono buone garanzie.<\/p>\n<h3>Ultimo consiglio: guardare oltre il tasso<\/h3>\n<p>Quando si sceglie un mutuo, \u00e8 essenziale guardare oltre il TAN (tasso nominale annuo) e valutare anche il TAEG, le spese accessorie, le penali e la flessibilit\u00e0 contrattuale. E se si ha accesso a un consulente indipendente, meglio ancora: in tempi di transizione monetaria, la personalizzazione \u00e8 tutto.<\/p><div id=\"ilnot-1014446791\" class=\"ilnot-contenuto_2-2-2 ilnot-entity-placement\"><div class=\"gptslot\" data-adunitid=\"3\"><\/div>\n<\/div>\n","protected":false},"excerpt":{"rendered":"<p>Dopo anni in cui il mutuo a tasso fisso era considerato la scelta pi\u00f9 prudente e conveniente, il vento sta cambiando. In un contesto economico che vede la Banca Centrale Europea (BCE) avviare un percorso di taglio graduale dei tassi di interesse, il mutuo a tasso variabile sta tornando ad essere una soluzione attraente per<\/p>\n","protected":false},"author":3,"featured_media":206918,"comment_status":"closed","ping_status":"closed","sticky":false,"template":"","format":"standard","meta":{"footnotes":""},"categories":[4193],"tags":[535,2271,720,5543,3879],"class_list":{"0":"post-206917","1":"post","2":"type-post","3":"status-publish","4":"format-standard","5":"has-post-thumbnail","7":"category-buonoasapersi","8":"tag-casa","9":"tag-economia","10":"tag-finanza","11":"tag-mutuo","12":"tag-tasso"},"yoast_head":"<!-- This site is optimized with the Yoast SEO plugin v27.4 - https:\/\/yoast.com\/product\/yoast-seo-wordpress\/ -->\n<title>Mutuo casa: perch\u00e9 oggi conviene il tasso variabile (e a chi) - Il Notiziario<\/title>\n<meta name=\"description\" content=\"Dopo anni in cui il mutuo a tasso fisso era considerato la scelta pi\u00f9 prudente e conveniente, il vento sta cambiando. In un contesto economico che vede la\" \/>\n<meta name=\"robots\" content=\"index, follow, max-snippet:-1, max-image-preview:large, max-video-preview:-1\" \/>\n<link rel=\"canonical\" href=\"https:\/\/www.ilnotiziario.net\/wp\/buonoasapersi\/mutuo-casa-perche-oggi-conviene-il-tasso-variabile-e-a-chi\/\" \/>\n<meta property=\"og:locale\" content=\"it_IT\" \/>\n<meta property=\"og:type\" content=\"article\" \/>\n<meta property=\"og:title\" content=\"Mutuo casa: perch\u00e9 oggi conviene il tasso variabile (e a chi) - Il Notiziario\" \/>\n<meta property=\"og:description\" content=\"Dopo anni in cui il mutuo a tasso fisso era considerato la scelta pi\u00f9 prudente e conveniente, il vento sta cambiando. In un contesto economico che vede la\" \/>\n<meta property=\"og:url\" content=\"https:\/\/www.ilnotiziario.net\/wp\/buonoasapersi\/mutuo-casa-perche-oggi-conviene-il-tasso-variabile-e-a-chi\/\" \/>\n<meta property=\"og:site_name\" content=\"Il Notiziario\" \/>\n<meta property=\"article:publisher\" content=\"https:\/\/www.facebook.com\/ilnotiziarioind\/\" \/>\n<meta property=\"article:published_time\" content=\"2025-06-10T06:57:47+00:00\" \/>\n<meta property=\"og:image\" content=\"https:\/\/www.ilnotiziario.net\/wp\/wp-content\/uploads\/2025\/06\/mutuo-casa.jpg\" \/>\n\t<meta property=\"og:image:width\" content=\"640\" \/>\n\t<meta property=\"og:image:height\" content=\"427\" \/>\n\t<meta property=\"og:image:type\" content=\"image\/jpeg\" \/>\n<meta name=\"author\" content=\"Gabriele Bassani\" \/>\n<meta name=\"twitter:card\" content=\"summary_large_image\" \/>\n<meta name=\"twitter:creator\" content=\"@ilNotiziarioInd\" \/>\n<meta name=\"twitter:site\" content=\"@ilNotiziarioInd\" \/>\n<meta name=\"twitter:label1\" content=\"Scritto da\" \/>\n\t<meta name=\"twitter:data1\" content=\"Gabriele Bassani\" \/>\n\t<meta name=\"twitter:label2\" content=\"Tempo di lettura stimato\" \/>\n\t<meta name=\"twitter:data2\" content=\"4 minuti\" \/>\n<script type=\"application\/ld+json\" class=\"yoast-schema-graph\">{\"@context\":\"https:\\\/\\\/schema.org\",\"@graph\":[{\"@type\":\"Article\",\"@id\":\"https:\\\/\\\/www.ilnotiziario.net\\\/wp\\\/buonoasapersi\\\/mutuo-casa-perche-oggi-conviene-il-tasso-variabile-e-a-chi\\\/#article\",\"isPartOf\":{\"@id\":\"https:\\\/\\\/www.ilnotiziario.net\\\/wp\\\/buonoasapersi\\\/mutuo-casa-perche-oggi-conviene-il-tasso-variabile-e-a-chi\\\/\"},\"author\":{\"name\":\"Gabriele Bassani\",\"@id\":\"https:\\\/\\\/www.ilnotiziario.net\\\/wp\\\/#\\\/schema\\\/person\\\/386e222908f898bb41c033989482bbf2\"},\"headline\":\"Mutuo casa: perch\u00e9 oggi conviene il tasso variabile (e a chi)\",\"datePublished\":\"2025-06-10T06:57:47+00:00\",\"mainEntityOfPage\":{\"@id\":\"https:\\\/\\\/www.ilnotiziario.net\\\/wp\\\/buonoasapersi\\\/mutuo-casa-perche-oggi-conviene-il-tasso-variabile-e-a-chi\\\/\"},\"wordCount\":558,\"publisher\":{\"@id\":\"https:\\\/\\\/www.ilnotiziario.net\\\/wp\\\/#organization\"},\"image\":{\"@id\":\"https:\\\/\\\/www.ilnotiziario.net\\\/wp\\\/buonoasapersi\\\/mutuo-casa-perche-oggi-conviene-il-tasso-variabile-e-a-chi\\\/#primaryimage\"},\"thumbnailUrl\":\"https:\\\/\\\/www.ilnotiziario.net\\\/wp\\\/wp-content\\\/uploads\\\/2025\\\/06\\\/mutuo-casa.jpg\",\"keywords\":[\"casa\",\"economia\",\"Finanza\",\"mutuo\",\"Tasso\"],\"articleSection\":[\"BUONO A SAPERSI\"],\"inLanguage\":\"it-IT\"},{\"@type\":\"WebPage\",\"@id\":\"https:\\\/\\\/www.ilnotiziario.net\\\/wp\\\/buonoasapersi\\\/mutuo-casa-perche-oggi-conviene-il-tasso-variabile-e-a-chi\\\/\",\"url\":\"https:\\\/\\\/www.ilnotiziario.net\\\/wp\\\/buonoasapersi\\\/mutuo-casa-perche-oggi-conviene-il-tasso-variabile-e-a-chi\\\/\",\"name\":\"Mutuo casa: perch\u00e9 oggi conviene il tasso variabile (e a chi) - Il Notiziario\",\"isPartOf\":{\"@id\":\"https:\\\/\\\/www.ilnotiziario.net\\\/wp\\\/#website\"},\"primaryImageOfPage\":{\"@id\":\"https:\\\/\\\/www.ilnotiziario.net\\\/wp\\\/buonoasapersi\\\/mutuo-casa-perche-oggi-conviene-il-tasso-variabile-e-a-chi\\\/#primaryimage\"},\"image\":{\"@id\":\"https:\\\/\\\/www.ilnotiziario.net\\\/wp\\\/buonoasapersi\\\/mutuo-casa-perche-oggi-conviene-il-tasso-variabile-e-a-chi\\\/#primaryimage\"},\"thumbnailUrl\":\"https:\\\/\\\/www.ilnotiziario.net\\\/wp\\\/wp-content\\\/uploads\\\/2025\\\/06\\\/mutuo-casa.jpg\",\"datePublished\":\"2025-06-10T06:57:47+00:00\",\"description\":\"Dopo anni in cui il mutuo a tasso fisso era considerato la scelta pi\u00f9 prudente e conveniente, il vento sta cambiando. In un contesto economico che vede la\",\"breadcrumb\":{\"@id\":\"https:\\\/\\\/www.ilnotiziario.net\\\/wp\\\/buonoasapersi\\\/mutuo-casa-perche-oggi-conviene-il-tasso-variabile-e-a-chi\\\/#breadcrumb\"},\"inLanguage\":\"it-IT\",\"potentialAction\":[{\"@type\":\"ReadAction\",\"target\":[\"https:\\\/\\\/www.ilnotiziario.net\\\/wp\\\/buonoasapersi\\\/mutuo-casa-perche-oggi-conviene-il-tasso-variabile-e-a-chi\\\/\"]}]},{\"@type\":\"ImageObject\",\"inLanguage\":\"it-IT\",\"@id\":\"https:\\\/\\\/www.ilnotiziario.net\\\/wp\\\/buonoasapersi\\\/mutuo-casa-perche-oggi-conviene-il-tasso-variabile-e-a-chi\\\/#primaryimage\",\"url\":\"https:\\\/\\\/www.ilnotiziario.net\\\/wp\\\/wp-content\\\/uploads\\\/2025\\\/06\\\/mutuo-casa.jpg\",\"contentUrl\":\"https:\\\/\\\/www.ilnotiziario.net\\\/wp\\\/wp-content\\\/uploads\\\/2025\\\/06\\\/mutuo-casa.jpg\",\"width\":640,\"height\":427,\"caption\":\"Foto di mastersenaiper da Pixabay\"},{\"@type\":\"BreadcrumbList\",\"@id\":\"https:\\\/\\\/www.ilnotiziario.net\\\/wp\\\/buonoasapersi\\\/mutuo-casa-perche-oggi-conviene-il-tasso-variabile-e-a-chi\\\/#breadcrumb\",\"itemListElement\":[{\"@type\":\"ListItem\",\"position\":1,\"name\":\"tds_text_logo_tagline_colortds_text_logo_tagline_colortds_text_logo_tagline_colortds_text_logo_tagline_colortd_module_7_title_excerpttd_module_7_title_excerpttd_module_7_title_excerpttd_module_7_title_excerptHome\",\"item\":\"https:\\\/\\\/www.ilnotiziario.net\\\/wp\\\/\"},{\"@type\":\"ListItem\",\"position\":2,\"name\":\"Mutuo casa: perch\u00e9 oggi conviene il tasso variabile (e a chi)\"}]},{\"@type\":\"WebSite\",\"@id\":\"https:\\\/\\\/www.ilnotiziario.net\\\/wp\\\/#website\",\"url\":\"https:\\\/\\\/www.ilnotiziario.net\\\/wp\\\/\",\"name\":\"Il Notiziario\",\"description\":\"Per restare sempre connessi alla notizia\",\"publisher\":{\"@id\":\"https:\\\/\\\/www.ilnotiziario.net\\\/wp\\\/#organization\"},\"alternateName\":\"Il Notiziario Bollate\",\"potentialAction\":[{\"@type\":\"SearchAction\",\"target\":{\"@type\":\"EntryPoint\",\"urlTemplate\":\"https:\\\/\\\/www.ilnotiziario.net\\\/wp\\\/?s={search_term_string}\"},\"query-input\":{\"@type\":\"PropertyValueSpecification\",\"valueRequired\":true,\"valueName\":\"search_term_string\"}}],\"inLanguage\":\"it-IT\"},{\"@type\":\"Organization\",\"@id\":\"https:\\\/\\\/www.ilnotiziario.net\\\/wp\\\/#organization\",\"name\":\"Il Notiziario\",\"url\":\"https:\\\/\\\/www.ilnotiziario.net\\\/wp\\\/\",\"logo\":{\"@type\":\"ImageObject\",\"inLanguage\":\"it-IT\",\"@id\":\"https:\\\/\\\/www.ilnotiziario.net\\\/wp\\\/#\\\/schema\\\/logo\\\/image\\\/\",\"url\":\"https:\\\/\\\/www.ilnotiziario.net\\\/wp\\\/wp-content\\\/uploads\\\/2022\\\/06\\\/170x170ilN.png\",\"contentUrl\":\"https:\\\/\\\/www.ilnotiziario.net\\\/wp\\\/wp-content\\\/uploads\\\/2022\\\/06\\\/170x170ilN.png\",\"width\":355,\"height\":355,\"caption\":\"Il Notiziario\"},\"image\":{\"@id\":\"https:\\\/\\\/www.ilnotiziario.net\\\/wp\\\/#\\\/schema\\\/logo\\\/image\\\/\"},\"sameAs\":[\"https:\\\/\\\/www.facebook.com\\\/ilnotiziarioind\\\/\",\"https:\\\/\\\/x.com\\\/ilNotiziarioInd\",\"https:\\\/\\\/www.instagram.com\\\/ilnotiziario_settimanale\\\/\"]},{\"@type\":\"Person\",\"@id\":\"https:\\\/\\\/www.ilnotiziario.net\\\/wp\\\/#\\\/schema\\\/person\\\/386e222908f898bb41c033989482bbf2\",\"name\":\"Gabriele Bassani\",\"image\":{\"@type\":\"ImageObject\",\"inLanguage\":\"it-IT\",\"@id\":\"https:\\\/\\\/secure.gravatar.com\\\/avatar\\\/09274f4a84fa97698bde56f84b3afed61c8492d48b0550db9671b68c177479cb?s=96&d=mm&r=g\",\"url\":\"https:\\\/\\\/secure.gravatar.com\\\/avatar\\\/09274f4a84fa97698bde56f84b3afed61c8492d48b0550db9671b68c177479cb?s=96&d=mm&r=g\",\"contentUrl\":\"https:\\\/\\\/secure.gravatar.com\\\/avatar\\\/09274f4a84fa97698bde56f84b3afed61c8492d48b0550db9671b68c177479cb?s=96&d=mm&r=g\",\"caption\":\"Gabriele Bassani\"},\"sameAs\":[\"http:\\\/\\\/www.ilnotiziario.net\"]}]}<\/script>\n<!-- \/ Yoast SEO plugin. -->","yoast_head_json":{"title":"Mutuo casa: perch\u00e9 oggi conviene il tasso variabile (e a chi) - Il Notiziario","description":"Dopo anni in cui il mutuo a tasso fisso era considerato la scelta pi\u00f9 prudente e conveniente, il vento sta cambiando. In un contesto economico che vede la","robots":{"index":"index","follow":"follow","max-snippet":"max-snippet:-1","max-image-preview":"max-image-preview:large","max-video-preview":"max-video-preview:-1"},"canonical":"https:\/\/www.ilnotiziario.net\/wp\/buonoasapersi\/mutuo-casa-perche-oggi-conviene-il-tasso-variabile-e-a-chi\/","og_locale":"it_IT","og_type":"article","og_title":"Mutuo casa: perch\u00e9 oggi conviene il tasso variabile (e a chi) - Il Notiziario","og_description":"Dopo anni in cui il mutuo a tasso fisso era considerato la scelta pi\u00f9 prudente e conveniente, il vento sta cambiando. In un contesto economico che vede la","og_url":"https:\/\/www.ilnotiziario.net\/wp\/buonoasapersi\/mutuo-casa-perche-oggi-conviene-il-tasso-variabile-e-a-chi\/","og_site_name":"Il Notiziario","article_publisher":"https:\/\/www.facebook.com\/ilnotiziarioind\/","article_published_time":"2025-06-10T06:57:47+00:00","og_image":[{"width":640,"height":427,"url":"https:\/\/www.ilnotiziario.net\/wp\/wp-content\/uploads\/2025\/06\/mutuo-casa.jpg","type":"image\/jpeg"}],"author":"Gabriele Bassani","twitter_card":"summary_large_image","twitter_creator":"@ilNotiziarioInd","twitter_site":"@ilNotiziarioInd","twitter_misc":{"Scritto da":"Gabriele Bassani","Tempo di lettura stimato":"4 minuti"},"schema":{"@context":"https:\/\/schema.org","@graph":[{"@type":"Article","@id":"https:\/\/www.ilnotiziario.net\/wp\/buonoasapersi\/mutuo-casa-perche-oggi-conviene-il-tasso-variabile-e-a-chi\/#article","isPartOf":{"@id":"https:\/\/www.ilnotiziario.net\/wp\/buonoasapersi\/mutuo-casa-perche-oggi-conviene-il-tasso-variabile-e-a-chi\/"},"author":{"name":"Gabriele Bassani","@id":"https:\/\/www.ilnotiziario.net\/wp\/#\/schema\/person\/386e222908f898bb41c033989482bbf2"},"headline":"Mutuo casa: perch\u00e9 oggi conviene il tasso variabile (e a chi)","datePublished":"2025-06-10T06:57:47+00:00","mainEntityOfPage":{"@id":"https:\/\/www.ilnotiziario.net\/wp\/buonoasapersi\/mutuo-casa-perche-oggi-conviene-il-tasso-variabile-e-a-chi\/"},"wordCount":558,"publisher":{"@id":"https:\/\/www.ilnotiziario.net\/wp\/#organization"},"image":{"@id":"https:\/\/www.ilnotiziario.net\/wp\/buonoasapersi\/mutuo-casa-perche-oggi-conviene-il-tasso-variabile-e-a-chi\/#primaryimage"},"thumbnailUrl":"https:\/\/www.ilnotiziario.net\/wp\/wp-content\/uploads\/2025\/06\/mutuo-casa.jpg","keywords":["casa","economia","Finanza","mutuo","Tasso"],"articleSection":["BUONO A SAPERSI"],"inLanguage":"it-IT"},{"@type":"WebPage","@id":"https:\/\/www.ilnotiziario.net\/wp\/buonoasapersi\/mutuo-casa-perche-oggi-conviene-il-tasso-variabile-e-a-chi\/","url":"https:\/\/www.ilnotiziario.net\/wp\/buonoasapersi\/mutuo-casa-perche-oggi-conviene-il-tasso-variabile-e-a-chi\/","name":"Mutuo casa: perch\u00e9 oggi conviene il tasso variabile (e a chi) - Il Notiziario","isPartOf":{"@id":"https:\/\/www.ilnotiziario.net\/wp\/#website"},"primaryImageOfPage":{"@id":"https:\/\/www.ilnotiziario.net\/wp\/buonoasapersi\/mutuo-casa-perche-oggi-conviene-il-tasso-variabile-e-a-chi\/#primaryimage"},"image":{"@id":"https:\/\/www.ilnotiziario.net\/wp\/buonoasapersi\/mutuo-casa-perche-oggi-conviene-il-tasso-variabile-e-a-chi\/#primaryimage"},"thumbnailUrl":"https:\/\/www.ilnotiziario.net\/wp\/wp-content\/uploads\/2025\/06\/mutuo-casa.jpg","datePublished":"2025-06-10T06:57:47+00:00","description":"Dopo anni in cui il mutuo a tasso fisso era considerato la scelta pi\u00f9 prudente e conveniente, il vento sta cambiando. In un contesto economico che vede la","breadcrumb":{"@id":"https:\/\/www.ilnotiziario.net\/wp\/buonoasapersi\/mutuo-casa-perche-oggi-conviene-il-tasso-variabile-e-a-chi\/#breadcrumb"},"inLanguage":"it-IT","potentialAction":[{"@type":"ReadAction","target":["https:\/\/www.ilnotiziario.net\/wp\/buonoasapersi\/mutuo-casa-perche-oggi-conviene-il-tasso-variabile-e-a-chi\/"]}]},{"@type":"ImageObject","inLanguage":"it-IT","@id":"https:\/\/www.ilnotiziario.net\/wp\/buonoasapersi\/mutuo-casa-perche-oggi-conviene-il-tasso-variabile-e-a-chi\/#primaryimage","url":"https:\/\/www.ilnotiziario.net\/wp\/wp-content\/uploads\/2025\/06\/mutuo-casa.jpg","contentUrl":"https:\/\/www.ilnotiziario.net\/wp\/wp-content\/uploads\/2025\/06\/mutuo-casa.jpg","width":640,"height":427,"caption":"Foto di mastersenaiper da Pixabay"},{"@type":"BreadcrumbList","@id":"https:\/\/www.ilnotiziario.net\/wp\/buonoasapersi\/mutuo-casa-perche-oggi-conviene-il-tasso-variabile-e-a-chi\/#breadcrumb","itemListElement":[{"@type":"ListItem","position":1,"name":"tds_text_logo_tagline_colortds_text_logo_tagline_colortds_text_logo_tagline_colortds_text_logo_tagline_colortd_module_7_title_excerpttd_module_7_title_excerpttd_module_7_title_excerpttd_module_7_title_excerptHome","item":"https:\/\/www.ilnotiziario.net\/wp\/"},{"@type":"ListItem","position":2,"name":"Mutuo casa: perch\u00e9 oggi conviene il tasso variabile (e a chi)"}]},{"@type":"WebSite","@id":"https:\/\/www.ilnotiziario.net\/wp\/#website","url":"https:\/\/www.ilnotiziario.net\/wp\/","name":"Il Notiziario","description":"Per restare sempre connessi alla notizia","publisher":{"@id":"https:\/\/www.ilnotiziario.net\/wp\/#organization"},"alternateName":"Il Notiziario Bollate","potentialAction":[{"@type":"SearchAction","target":{"@type":"EntryPoint","urlTemplate":"https:\/\/www.ilnotiziario.net\/wp\/?s={search_term_string}"},"query-input":{"@type":"PropertyValueSpecification","valueRequired":true,"valueName":"search_term_string"}}],"inLanguage":"it-IT"},{"@type":"Organization","@id":"https:\/\/www.ilnotiziario.net\/wp\/#organization","name":"Il Notiziario","url":"https:\/\/www.ilnotiziario.net\/wp\/","logo":{"@type":"ImageObject","inLanguage":"it-IT","@id":"https:\/\/www.ilnotiziario.net\/wp\/#\/schema\/logo\/image\/","url":"https:\/\/www.ilnotiziario.net\/wp\/wp-content\/uploads\/2022\/06\/170x170ilN.png","contentUrl":"https:\/\/www.ilnotiziario.net\/wp\/wp-content\/uploads\/2022\/06\/170x170ilN.png","width":355,"height":355,"caption":"Il Notiziario"},"image":{"@id":"https:\/\/www.ilnotiziario.net\/wp\/#\/schema\/logo\/image\/"},"sameAs":["https:\/\/www.facebook.com\/ilnotiziarioind\/","https:\/\/x.com\/ilNotiziarioInd","https:\/\/www.instagram.com\/ilnotiziario_settimanale\/"]},{"@type":"Person","@id":"https:\/\/www.ilnotiziario.net\/wp\/#\/schema\/person\/386e222908f898bb41c033989482bbf2","name":"Gabriele Bassani","image":{"@type":"ImageObject","inLanguage":"it-IT","@id":"https:\/\/secure.gravatar.com\/avatar\/09274f4a84fa97698bde56f84b3afed61c8492d48b0550db9671b68c177479cb?s=96&d=mm&r=g","url":"https:\/\/secure.gravatar.com\/avatar\/09274f4a84fa97698bde56f84b3afed61c8492d48b0550db9671b68c177479cb?s=96&d=mm&r=g","contentUrl":"https:\/\/secure.gravatar.com\/avatar\/09274f4a84fa97698bde56f84b3afed61c8492d48b0550db9671b68c177479cb?s=96&d=mm&r=g","caption":"Gabriele Bassani"},"sameAs":["http:\/\/www.ilnotiziario.net"]}]}},"_links":{"self":[{"href":"https:\/\/www.ilnotiziario.net\/wp\/wp-json\/wp\/v2\/posts\/206917","targetHints":{"allow":["GET"]}}],"collection":[{"href":"https:\/\/www.ilnotiziario.net\/wp\/wp-json\/wp\/v2\/posts"}],"about":[{"href":"https:\/\/www.ilnotiziario.net\/wp\/wp-json\/wp\/v2\/types\/post"}],"author":[{"embeddable":true,"href":"https:\/\/www.ilnotiziario.net\/wp\/wp-json\/wp\/v2\/users\/3"}],"replies":[{"embeddable":true,"href":"https:\/\/www.ilnotiziario.net\/wp\/wp-json\/wp\/v2\/comments?post=206917"}],"version-history":[{"count":0,"href":"https:\/\/www.ilnotiziario.net\/wp\/wp-json\/wp\/v2\/posts\/206917\/revisions"}],"wp:featuredmedia":[{"embeddable":true,"href":"https:\/\/www.ilnotiziario.net\/wp\/wp-json\/wp\/v2\/media\/206918"}],"wp:attachment":[{"href":"https:\/\/www.ilnotiziario.net\/wp\/wp-json\/wp\/v2\/media?parent=206917"}],"wp:term":[{"taxonomy":"category","embeddable":true,"href":"https:\/\/www.ilnotiziario.net\/wp\/wp-json\/wp\/v2\/categories?post=206917"},{"taxonomy":"post_tag","embeddable":true,"href":"https:\/\/www.ilnotiziario.net\/wp\/wp-json\/wp\/v2\/tags?post=206917"}],"curies":[{"name":"wp","href":"https:\/\/api.w.org\/{rel}","templated":true}]}}