{"id":207224,"date":"2025-06-20T16:57:03","date_gmt":"2025-06-20T14:57:03","guid":{"rendered":"https:\/\/www.ilnotiziario.net\/wp\/?p=207224"},"modified":"2025-06-20T17:10:31","modified_gmt":"2025-06-20T15:10:31","slug":"eventi-week-end-atmosfera-regencya-villa-arconati-di-castellazzo-e-festa-della-musica-a-cusano","status":"publish","type":"post","link":"https:\/\/www.ilnotiziario.net\/wp\/prima-pagina\/eventi-week-end-atmosfera-regencya-villa-arconati-di-castellazzo-e-festa-della-musica-a-cusano\/","title":{"rendered":"Eventi week-end: atmosfera &#8220;Regency&#8221;a villa Arconati di Castellazzo e &#8220;Festa della musica&#8221; a Cusano"},"content":{"rendered":"<p>Molte proposte per il tempo libero anche per questo fine settimana, da venerd\u00ec 20 a domenica 22 giugno 2025: dalla rievocazione del periodo Regency &#8211; o stile Impero &#8211; a Castellazzo, reso noto dalla serie Bridgerton, alla &#8220;Festa della Musica&#8221; di Cusano con ospiti internazionali. Ma sono in programma tante altre iniziative interessanti: feste, appuntamenti sportivi, concerti e spettacoli.. vediamoli di seguito:<\/p><div id=\"ilnot-823315533\" class=\"ilnot-contenuto ilnot-entity-placement\"><p><!-- incontent_1 --><\/p>\n<div class=\"gptslot\" data-adunitid=\"1\"><\/div>\n<\/div>\n<h2>ORIGGIO \u2013 Torna la notte bianca: \u00e8 &#8220;Muschionight&#8221;!<\/h2>\n<p>Questo sabato 21 giugno la Cascina Muschiona si animer\u00e0 con la sesta edizione della \u201cMuschionight\u201d, evento che promette di trasformarsi in una vera e propria festa non solo per la frazione ma per tutta la comunit\u00e0. A partire dalle 19 il pub del rione aprir\u00e0 le porte a chi vorr\u00e0 trascorrere una serata all\u2019insegna della buona musica, del cibo gustoso e del divertimento senza fine. L\u2019atmosfera sar\u00e0 subito accesa dai ritmi travolgenti della musica ribelle degli anni 2000, seguita dalle note coinvolgenti del Bright Climax Jazz Trio, a regalare un\u2019esibizione ricca di emozioni.<\/p>\n<h3>ORIGGIO \u2013 &#8220;Muschionight&#8221;: balli, buona cucina e bancarelle<\/h3>\n<p>Chi ama ballare non potr\u00e0 resistere al country e ai mix dei dj Vale, Franco e Andrea, che faranno scatenare il pubblico fino a tarda notte. Ma non \u00e8 solo la musica a fare da protagonista. Ai profumi dei panini speciali e delle birre artigianali del Pub Cascina Muschiona, si aggiungeranno i sapori della cucina dell\u2019Associazione Cacciatori, che delizier\u00e0 i palati con i suoi panini a base di cacciagione, una vera prelibatezza per gli amanti dei sapori robusti e tradizionali. E per chi preferisce lo street food, non mancheranno opzioni golose da gustare in compagnia.<\/p><div id=\"ilnot-1210682867\" class=\"ilnot-contenuto_2 ilnot-entity-placement\"><div class=\"ads-wrapper\">\n<div class=\"ad-slot\">\n   <div id=\"ilnot-249730096\" style=\"margin-right: auto;margin-left: auto;text-align: center;width: 320px;height: 100px;\"><a href=\"https:\/\/www.scuolasicurezza.it\/\"><img decoding=\"async\" src=\"https:\/\/www.ilnotiziario.net\/wp\/wp-content\/uploads\/2026\/04\/IlNotiziario_banner-sito-e-newsletter-320-x-100-px-1.gif\" alt=\"\"><\/a><\/div>\n  <\/div>\n<div class=\"ad-slot\">\n   <div id=\"ilnot-2519044227\" style=\"margin-right: auto;margin-left: auto;text-align: center;width: 320px;height: 100px;\"><a href=\"https:\/\/purodesignarredamenti.com\/\"><img decoding=\"async\" src=\"https:\/\/www.ilnotiziario.net\/wp\/wp-content\/uploads\/2026\/04\/banner-puro-ok.gif\" alt=\"whatsapp\"><\/a><\/div><\/p><\/div>\n<\/div>\n<\/div>\n<p>I pi\u00f9 piccoli (e non solo) troveranno pane per i loro denti con le bancarelle ricche di sorprese, i gonfiabili e i mini quad organizzati da EcoLandia, garantendo ore di divertimento puro. Tutto questo \u00e8 reso possibile grazie alla collaborazione tra la Pro Loco e il Comune, che ancora una volta dimostrano di saper offrire occasioni di incontro e condivisione per il territorio. Con il patrocinio dell\u2019amministrazione civica, la serata si conferma come uno degli appuntamenti pi\u00f9 attesi dell\u2019anno, perfetto per chi vuole vivere un\u2019esperienza ricca di allegria e autenticit\u00e0.<\/p>\n<h2>GERENZANO \u2013 \u201cCamminata crepuscolare\u201d al Parco Mughetti<\/h2>\n<p>Nuova \u201cCamminata crepuscolare\u201d nel Parco dei Mughetti: questo venerd\u00ec 20 giugno alle 20 toccher\u00e0 a Gerenzano accogliere i partecipanti in via San Giacomo, per un percorso di 6 chilometri e mezzo nel polmone verde. Partecipare \u00e8 semplice e gratuito: basta prenotarsi chiamando il numero 0296951140 o scrivendo a nfo@parcomughetti.it, indicando nome e numero di telefono. L\u2019escursione accoglier\u00e0 massimo 30 persone, per garantire a tutti la migliore esperienza possibile. Non servono particolari abilit\u00e0 tecniche: solo voglia di camminare e di godersi lo spettacolo della natura. L\u2019abbigliamento dovr\u00e0 essere comodo e adatto a terreni sterrati.<\/p>\n<h2>GERENZANO \u2013 Saggio e concerto della banda<\/h2>\n<p>Il Corpo Musicale Santa Cecilia invita i cittadini al saggio degli allievi della banda e al concerto del Corpo musicale Santa Cecilia e Majorettes: l\u2019appuntamento, nel cortile della scuola media \u201cFermi\u201d di via Manzoni, \u00e8 per questa domenica 22 giugno dalle 16. In caso di maltempo l\u2019evento sar\u00e0 spostato alla palestra della scuola media.<\/p><div id=\"ilnot-3971440989\" class=\"ilnot-contenuto_2-2 ilnot-entity-placement\"><div class=\"gptslot\" data-adunitid=\"2\"><\/div>\n<\/div>\n<h2>COGLIATE \u2013 \u201cSemsemperqu\u00e8\u201d, teatro per la solidariet\u00e0<\/h2>\n<p>Una serata all\u2019insegna del divertimento e della solidariet\u00e0 \u00e8 in programma per sabato 21 giugno alle 21 al Teatro C. Cattaneo, in via Trento 11 a Cogliate. L\u2019evento, patrocinato dal Comune di Cogliate, vedr\u00e0 protagonista la compagnia teatrale amatoriale \u201cSemsemperqu\u00e8\u201d, che porter\u00e0 in scena la commedia \u201cPrevost per tri d\u00ec\u201d, diretta da Ernando Rocco.<\/p>\n<p>Lo spettacolo, dal titolo in dialetto lombardo che richiama subito atmosfere familiari e ironiche, promette momenti di leggerezza e risate per tutti gli spettatori. L\u2019iniziativa ha anche una forte valenza solidale: l\u2019intero ricavato della serata sar\u00e0 devoluto all\u2019associazione \u201cLa Navetta Onlus\u201d, realt\u00e0 locale impegnata nel volontariato e nel supporto alla comunit\u00e0.<\/p>\n<h2>COGLIATE \u2013 MISINTO \u2013 LAZZATE \u2013\u00a0 &#8220;Groane Night Run&#8221;<\/h2>\n<p>Torna domani, sabato 21 giugno la &#8220;Groane Night Run&#8221;, corsa serale non competitiva nei sentieri del Parco delle Groane. L\u2019evento \u00e8 organizzato con il patrocinio dei comuni di Cogliate, Misinto e Lazzate e con la collaborazione di diverse associazioni locali. Partenza alle 20 dall\u2019anfiteatro del Parco Groane (via della Pusterla, Misinto), con percorsi da 5 o 10 km a passo libero, aperti a tutti. Iscrizioni dalle 19 (5\u20ac adulti, gratis fino a 10 anni). Previsto punto ristoro e musica. Si consiglia di portare una torcia frontale.<\/p><div id=\"ilnot-2725250859\" class=\"ilnot-contenuto_2-2-2 ilnot-entity-placement\"><div class=\"gptslot\" data-adunitid=\"3\"><\/div>\n<\/div>\n<h2>LAZZATE \u2013 La &#8220;Champions Freak&#8221; fa un salto negli anni &#8217;80<\/h2>\n<p>Torna la &#8220;Champions Freak&#8221;, l\u2019evento estivo dell\u2019oratorio che coinvolge diverse squadre di lazzatesi di tutte le et\u00e0, organizzato interamente dai giovani per tutta la comunit\u00e0. Sport, street food, musica e tanto divertimento per tre fine settimana consecutivi, a cominciare da oggi, venerd\u00ec 20 giugno. Per questa settima edizione c\u2019\u00e8 una sorpresa speciale: preparatevi a un viaggio nel tempo verso gli anni \u201980! \u201cBack to the \u201980s!\u201d \u00e8 infatti il titolo dell\u2019evento.<\/p>\n<p>Colori sgargianti, hit che hanno fatto la storia, atmosfere retr\u00f2, moda vintage e tanta energia: la Champions Freak 2025 sar\u00e0 un tuffo nei ricordi (o nella fantasia) di un decennio che ha lasciato il segno. Un\u2019esperienza da vivere insieme, tra tornei di calcetto, beach volley, calcio balilla umano e divertimento. Da non sottovalutare poi la proposta gastronomica: tutte le sere la pinsa nelle varie declinazioni, una ricca offerta di hamburger, la paella e il mitico \u201cfritto imperiale\u201d.<\/p>\n<h2>BOLLATE \u2013 Villa Arconati si immerge nello stile Impero<\/h2>\n<p>A 250 anni dalla nascita di Jane Austen, domenica 22 giugno Villa Arconati si immerger\u00e0 nelle eleganti atmosfere dello Stile Impero per il III appuntamento delle rievocazioni storiche de Il Filo della Storia \u2013 quarta edizione. La raffinata eleganza dello Stile Impero (Regency in Inghilterra) \u00e8 tornata in auge grazie alla celebre e amatissima serie televisiva Bridgerton, che ha risvegliato l\u2019interesse di molti per gli usi e costumi dei secoli passati.<\/p><div id=\"ilnot-3972236196\" class=\"ilnot-contenuto_2-2-2-2 ilnot-entity-placement\"><div class=\"gptslot\" data-adunitid=\"4\"><\/div>\n<\/div>\n<p>Questa elegante epoca \u00e8 proprio quella in cui visse e scrisse Jane Austen, una delle pi\u00f9 celebri e apprezzate scrittrici del panorama letterario britannico. La \u201cstagione\u201d in citt\u00e0, i pettegolezzi, le cronache mondane, i balli, gli abiti confezionati su misura dalla modista, il debutto in societ\u00e0 delle giovani signorine di buona famiglia, la ricerca spasmodica di un buon matrimonio\u2026 ci appaiono oggi come qualcosa di molto lontano da noi e forse ci fanno sorridere, ma all\u2019epoca erano usanze che permeavano profondamente la societ\u00e0, proprio come descritto da Jane Austen nei suoi celebri romanzi.<\/p>\n<p>Anche Villa Arconati &#8211; pi\u00f9 di un secolo prima \u2013 fu costruita con il preciso intento da parte dei conti Arconati di dimostrare il prestigio e il potere del proprio casato, sfoggiando \u201cdelizie\u201d per tutti i sensi all\u2019interno della loro piccola Versailles. E tutto questo clima si potr\u00e0 rivivere domenica 22 nella giornata di rievocazione in collaborazione con \u201cIl filo della storia\u201d. La rievocazione si potr\u00e0 vivere pagando il biglietto d\u2019ingresso alla villa.<br \/>\nPer informazioni: info@fondazioneaugustorancilio.com | <a href=\"http:\/\/www.villaarconati-far.it\">www.villaarconati-far.it<\/a><\/p><div id=\"ilnot-4260393680\" class=\"ilnot-contenuto_2-2-2-2-2 ilnot-entity-placement\"><div class=\"gptslot\" data-adunitid=\"5\"><\/div>\n<\/div>\n<h2>BARANZATE \u2013 Sant\u2019Arialdo, tre giorni di festa per il patrono<\/h2>\n<p>L a comunit\u00e0 baranzatese festeggia la Festa di Sant\u2019Arialdo e la fine dell\u2019anno degli oratori. Per l\u2019occasione si terranno i seguenti eventi: stasera, venerd\u00ec 20 giugno, a partire dalla chiesa la processione con la statua del santo per le strade cittadine. Domani, sabato 21 giugno, pomeriggio di giochi a Sant\u2019Arialdo, in particolare con la \u201ccaccia al tesoro boliviana\u201d. Poi cucina aperta per cenare insieme.<\/p>\n<p>Domenica 22 giugno messa unica alle ore 11 per le due parrocchie (sospese le messe delle 10.15 e delle 11.15); dalle 12 musica con Latinos Music Band di El Salvador, pranzo comunitario e a seguire attivit\u00e0 in oratorio. Durante la serata di domenica la festa si chiuder\u00e0 con lo spettacolo \u201cThe Golden Stars\u201d e con i fuochi pirotecnici.<\/p>\n<h2>NOVATE \u2013 Tornano i \u201cGioved\u00ec sera di Novate\u201d<\/h2>\n<p>Sono tornati da ieri e proseguiranno anche il 26 e il 3 luglio i \u201cGioved\u00ec sera di Novate\u201d, serate promosse dagli esercenti del centro e dal Comune, con negozi aperti fino alle 24, musica e intrattenimenti vari. Per l\u2019occasione, nei tre gioved\u00ec di festa (ieri e i prossimi due) \u00e8 prevista la chiusura al traffico dalle 18 delle vie del centro.<\/p>\n<h2>NOVATE \u2013 \u201cWe ensemble\u201d in Villa Venino<\/h2>\n<p>Domani, sabato 21 giugno, in Villa Venino andr\u00e0 in scena lo spettacolo musicale \u201cWe Ensemble\u201d. Inizio concerto alle ore 21, con ingresso libero.<\/p><div id=\"ilnot-2651140640\" class=\"ilnot-contenuto_2-2-2-2-2-2 ilnot-entity-placement\"><div class=\"gptslot\" data-adunitid=\"6\"><\/div>\n<\/div>\n<h2>CUSANO MILANINO \u2013 Arriva la \u201cFesta della musica\u201d<\/h2>\n<p>La Festa della musica \u00e8 una rassegna musicale ideata in Francia nel 1982 e poi diffusasi in Europa e nel mondo. Dal 2016 l\u2019evento \u00e8 approdato in Italia con l\u2019adesione di pi\u00f9 di 830 citt\u00e0. E ora anche la citt\u00e0 giardino si appresta a fare da location alla festa internazionale con musicisti e band che si alterneranno sul palcoscenico. Il programma dell\u2019evento musicale, organizzato dalla Proloco Cusano Milanino in collaborazione con l\u2019assessorato alla cultura, \u00e8 questo: venerd\u00ec 20 alle 21, al Dancing Vallechiara in via Adige 22, band rock Detox, ispirata al miglior rock al femminile degli anni \u201990 e 2000.<\/p>\n<p>Sabato 21 alle 15.30, in piazza Gramsci, Stefano Bastia con la sua chitarra e la sua voce spazia tra brani internazionali, dagli anni \u201950 ai giorni nostri. Alle 17, in piazza Cavour, in scena la Zucchi band che spazia tra brani internazionali, dagli anni \u201950 ai giorni nostri; poi alle 21, in piazza Allende, Tonosfera propone brani del panorama internazionale di vari artisti tra cui Tina Turner, James Brown, Steve Wonder e tanto altro ancora. Infine, domenica 22, alle 21, al Dancing Vallechiara, in via Adige 22, i Changes Ahead, che rendono omaggio ai grandi gruppi degli anni 70\/80 che hanno fatto la storia del rock e del progressive rock. Gli appuntamenti sono a partecipazione libera e gratuita.<\/p>\n<h2>LIMBIATE \u2013 Festa in piazza Tobagi con la musica latina<\/h2>\n<p>Musica latino americana questa sera, venerd\u00ec 20, al Summer Festival 2025 in piazza Tobagi: una vera e propria pista da ballo a cielo aperto, dove poter mettere alla prova le proprie abilit\u00e0 o impararne di nuove. Ogni settimana l\u2019intrattenimento organizzato in piazza prevede musica latino americana almeno un giorno a settimana. La piazza offre un\u2019area cibo e il \u201cMagic Park\u201d con i gonfiabili per il divertimento dei pi\u00f9 piccoli, rendendo la serata accessibile a tutti. Sabato e domenica la piazza ospiter\u00e0 musica dal vivo mentre gioved\u00ec prossimo il palco sar\u00e0 dedicato al karaoke.<\/p><div id=\"ilnot-1433073910\" class=\"ilnot-contenuto_2-2-2-2-2-2-2 ilnot-entity-placement\"><div class=\"gptslot\" data-adunitid=\"7\"><\/div>\n<\/div>\n<h2>GARBAGNATE \u2013 Bariana si prepara alla festa del calcio<\/h2>\n<p>Domenica 22 giugno l\u2019Oratorio San Carlo di Bariana sar\u00e0 il cuore pulsante di una giornata all\u2019insegna dello sport, della convivialit\u00e0 e della passione calcistica. A partire dalle ore 10, prender\u00e0 il via il \u201cTorneo Paolo Maconi\u201d, dedicato alla categoria \u201cBig Small\u201d, un\u2019iniziativa che da anni vuole richiamare giovani atleti, famiglie e appassionati del territorio. L\u2019evento vedr\u00e0 sfidarsi cinque squadre giovanili che rappresentano alcune delle realt\u00e0 sportive pi\u00f9 attive e radicate della zona. In campo scenderanno la Poscar Bariana 1969, padrona di casa, affiancata dalla Polisportiva Oratorio Cesate 2019, dalla Real San Paolo ASD, dalla storica Rhodense 1913 e dalla Polisportiva Oratorio Ceriano.<\/p>\n<p>Il torneo, oltre al momento agonistico, sar\u00e0 anche un\u2019occasione di festa comunitaria. A partire dalle ore 12, sar\u00e0 attiva una griglia aperta per tutti i partecipanti e gli spettatori, trasformando l\u2019intera giornata in una vera e propria festa dell\u2019oratorio, dove sport e condivisione si intrecciano. L\u2019Oratorio San Carlo, ancora una volta, si conferma spazio di crescita e aggregazione, dove il calcio diventa strumento per costruire legami e promuovere il protagonismo giovanile.<\/p>\n<h2>ARESE \u2013 Sfida di poesia improvvisata in piazza<\/h2>\n<p>C\u2019\u00e8 modo e modo di vivere la poesia, ma quello che si prospetta domenica 22 ad Arese sar\u00e0 davvero di grande livello. Il palco diventer\u00e0 un\u2019arena, il pubblico diverr\u00e0 protagonista assoluto e i versi esploderanno in un effluvio di suoni e immagini. Uno spettacolo coinvolgente in cui il pubblico avr\u00e0 un ruolo deciso, perch\u00e9 potr\u00e0 scegliere il vincitore, dare voce e forza a ogni verso declamato. A sfidarsi sul palco a partire dalle 21.30 in piazza XI Settembre, saranno alcuni dei pi\u00f9 grandi e delle pi\u00f9 grandi improslammer d\u2019Italia, tra cui il campione e il vicecampione italiani e i migliori poet slammer under 20 di Arese &amp; dintorni. Avranno solo 3 minuti per comporre testi che lascino il segno senza accompagnamento musicale.<\/p><div id=\"ilnot-2260708757\" class=\"ilnot-contenuto_2-2-2-2-2-2-2-2 ilnot-entity-placement\"><div class=\"gptslot\" data-adunitid=\"8\"><\/div>\n<\/div>\n<p>Insomma, fra battute folgoranti, rime, flow e pura energia ci sar\u00e0 da divertirsi e scoprire che la poesia non \u00e8 noiosa. A condurre la serata Dome Bulfaro, maestro di cerimonia, con Gaia Croce, talentuosa giovane MC. Le gare che si svolgeranno saranno valide per il Campionato della LIPS (individuale under 20, individuale improslam e a squadre improslam). L\u2019ingresso \u00e8 libero. L\u2019iniziativa \u00e8 ricompresa nel progetto Enjoy Agor\u00e0 &#8211; In &amp; out, risultato fra i vincitori dell\u2019Avviso pubblico della Presidenza del Consiglio dei Ministri.<\/p>\n","protected":false},"excerpt":{"rendered":"<p>Molte proposte per il tempo libero anche per questo fine settimana, da venerd\u00ec 20 a domenica 22 giugno 2025: dalla rievocazione del periodo Regency &#8211; o stile Impero &#8211; a Castellazzo, reso noto dalla serie Bridgerton, alla &#8220;Festa della Musica&#8221; di Cusano con ospiti internazionali. Ma sono in programma tante altre iniziative interessanti: feste, appuntamenti<\/p>\n","protected":false},"author":223159,"featured_media":191321,"comment_status":"closed","ping_status":"closed","sticky":false,"template":"","format":"standard","meta":{"footnotes":""},"categories":[277,20],"tags":[16237,16185,11736],"class_list":{"0":"post-207224","1":"post","2":"type-post","3":"status-publish","4":"format-standard","5":"has-post-thumbnail","7":"category-appuntamenti-della-settimana","8":"category-prima-pagina","9":"tag-cosa-fare-sabato-e-domenica","10":"tag-eventi-week-end","11":"tag-eventi-weekend"},"yoast_head":"<!-- This site is optimized with the Yoast SEO plugin v27.5 - https:\/\/yoast.com\/product\/yoast-seo-wordpress\/ -->\n<title>Eventi week-end: atmosfera &quot;Regency&quot;a villa Arconati di Castellazzo e &quot;Festa della musica&quot; a Cusano - Il Notiziario<\/title>\n<meta name=\"description\" content=\"Molte proposte per il tempo libero anche per questo fine settimana, da venerd\u00ec 20 a domenica 22 giugno 2025: dalla rievocazione del periodo Regency - o\" \/>\n<meta name=\"robots\" content=\"index, follow, max-snippet:-1, max-image-preview:large, max-video-preview:-1\" \/>\n<link rel=\"canonical\" href=\"https:\/\/www.ilnotiziario.net\/wp\/prima-pagina\/eventi-week-end-atmosfera-regencya-villa-arconati-di-castellazzo-e-festa-della-musica-a-cusano\/\" \/>\n<meta property=\"og:locale\" content=\"it_IT\" \/>\n<meta property=\"og:type\" content=\"article\" \/>\n<meta property=\"og:title\" content=\"Eventi week-end: atmosfera &quot;Regency&quot;a villa Arconati di Castellazzo e &quot;Festa della musica&quot; a Cusano - Il Notiziario\" \/>\n<meta property=\"og:description\" content=\"Molte proposte per il tempo libero anche per questo fine settimana, da venerd\u00ec 20 a domenica 22 giugno 2025: dalla rievocazione del periodo Regency - o\" \/>\n<meta property=\"og:url\" content=\"https:\/\/www.ilnotiziario.net\/wp\/prima-pagina\/eventi-week-end-atmosfera-regencya-villa-arconati-di-castellazzo-e-festa-della-musica-a-cusano\/\" \/>\n<meta property=\"og:site_name\" content=\"Il Notiziario\" \/>\n<meta property=\"article:publisher\" content=\"https:\/\/www.facebook.com\/ilnotiziarioind\/\" \/>\n<meta property=\"article:published_time\" content=\"2025-06-20T14:57:03+00:00\" \/>\n<meta property=\"article:modified_time\" content=\"2025-06-20T15:10:31+00:00\" \/>\n<meta property=\"og:image\" content=\"https:\/\/www.ilnotiziario.net\/wp\/wp-content\/uploads\/2023\/12\/villa-arconati-bella.jpg\" \/>\n\t<meta property=\"og:image:width\" content=\"1080\" \/>\n\t<meta property=\"og:image:height\" content=\"562\" \/>\n\t<meta property=\"og:image:type\" content=\"image\/jpeg\" \/>\n<meta name=\"author\" content=\"Manuela Beriozza\" \/>\n<meta name=\"twitter:card\" content=\"summary_large_image\" \/>\n<meta name=\"twitter:creator\" content=\"@ilNotiziarioInd\" \/>\n<meta name=\"twitter:site\" content=\"@ilNotiziarioInd\" \/>\n<meta name=\"twitter:label1\" content=\"Scritto da\" \/>\n\t<meta name=\"twitter:data1\" content=\"Manuela Beriozza\" \/>\n\t<meta name=\"twitter:label2\" content=\"Tempo di lettura stimato\" \/>\n\t<meta name=\"twitter:data2\" content=\"12 minuti\" \/>\n<script type=\"application\/ld+json\" class=\"yoast-schema-graph\">{\"@context\":\"https:\\\/\\\/schema.org\",\"@graph\":[{\"@type\":\"Article\",\"@id\":\"https:\\\/\\\/www.ilnotiziario.net\\\/wp\\\/prima-pagina\\\/eventi-week-end-atmosfera-regencya-villa-arconati-di-castellazzo-e-festa-della-musica-a-cusano\\\/#article\",\"isPartOf\":{\"@id\":\"https:\\\/\\\/www.ilnotiziario.net\\\/wp\\\/prima-pagina\\\/eventi-week-end-atmosfera-regencya-villa-arconati-di-castellazzo-e-festa-della-musica-a-cusano\\\/\"},\"author\":{\"name\":\"Manuela Beriozza\",\"@id\":\"https:\\\/\\\/www.ilnotiziario.net\\\/wp\\\/#\\\/schema\\\/person\\\/c902c4c1308705a92d37385bbce84394\"},\"headline\":\"Eventi week-end: atmosfera &#8220;Regency&#8221;a villa Arconati di Castellazzo e &#8220;Festa della musica&#8221; a Cusano\",\"datePublished\":\"2025-06-20T14:57:03+00:00\",\"dateModified\":\"2025-06-20T15:10:31+00:00\",\"mainEntityOfPage\":{\"@id\":\"https:\\\/\\\/www.ilnotiziario.net\\\/wp\\\/prima-pagina\\\/eventi-week-end-atmosfera-regencya-villa-arconati-di-castellazzo-e-festa-della-musica-a-cusano\\\/\"},\"wordCount\":2051,\"publisher\":{\"@id\":\"https:\\\/\\\/www.ilnotiziario.net\\\/wp\\\/#organization\"},\"image\":{\"@id\":\"https:\\\/\\\/www.ilnotiziario.net\\\/wp\\\/prima-pagina\\\/eventi-week-end-atmosfera-regencya-villa-arconati-di-castellazzo-e-festa-della-musica-a-cusano\\\/#primaryimage\"},\"thumbnailUrl\":\"https:\\\/\\\/www.ilnotiziario.net\\\/wp\\\/wp-content\\\/uploads\\\/2023\\\/12\\\/villa-arconati-bella.jpg\",\"keywords\":[\"cosa fare sabato e domenica\",\"Eventi week-end\",\"eventi weekend\"],\"articleSection\":[\"APPUNTAMENTI\",\"Prima Pagina\"],\"inLanguage\":\"it-IT\"},{\"@type\":\"WebPage\",\"@id\":\"https:\\\/\\\/www.ilnotiziario.net\\\/wp\\\/prima-pagina\\\/eventi-week-end-atmosfera-regencya-villa-arconati-di-castellazzo-e-festa-della-musica-a-cusano\\\/\",\"url\":\"https:\\\/\\\/www.ilnotiziario.net\\\/wp\\\/prima-pagina\\\/eventi-week-end-atmosfera-regencya-villa-arconati-di-castellazzo-e-festa-della-musica-a-cusano\\\/\",\"name\":\"Eventi week-end: atmosfera \\\"Regency\\\"a villa Arconati di Castellazzo e \\\"Festa della musica\\\" a Cusano - Il Notiziario\",\"isPartOf\":{\"@id\":\"https:\\\/\\\/www.ilnotiziario.net\\\/wp\\\/#website\"},\"primaryImageOfPage\":{\"@id\":\"https:\\\/\\\/www.ilnotiziario.net\\\/wp\\\/prima-pagina\\\/eventi-week-end-atmosfera-regencya-villa-arconati-di-castellazzo-e-festa-della-musica-a-cusano\\\/#primaryimage\"},\"image\":{\"@id\":\"https:\\\/\\\/www.ilnotiziario.net\\\/wp\\\/prima-pagina\\\/eventi-week-end-atmosfera-regencya-villa-arconati-di-castellazzo-e-festa-della-musica-a-cusano\\\/#primaryimage\"},\"thumbnailUrl\":\"https:\\\/\\\/www.ilnotiziario.net\\\/wp\\\/wp-content\\\/uploads\\\/2023\\\/12\\\/villa-arconati-bella.jpg\",\"datePublished\":\"2025-06-20T14:57:03+00:00\",\"dateModified\":\"2025-06-20T15:10:31+00:00\",\"description\":\"Molte proposte per il tempo libero anche per questo fine settimana, da venerd\u00ec 20 a domenica 22 giugno 2025: dalla rievocazione del periodo Regency - o\",\"breadcrumb\":{\"@id\":\"https:\\\/\\\/www.ilnotiziario.net\\\/wp\\\/prima-pagina\\\/eventi-week-end-atmosfera-regencya-villa-arconati-di-castellazzo-e-festa-della-musica-a-cusano\\\/#breadcrumb\"},\"inLanguage\":\"it-IT\",\"potentialAction\":[{\"@type\":\"ReadAction\",\"target\":[\"https:\\\/\\\/www.ilnotiziario.net\\\/wp\\\/prima-pagina\\\/eventi-week-end-atmosfera-regencya-villa-arconati-di-castellazzo-e-festa-della-musica-a-cusano\\\/\"]}]},{\"@type\":\"ImageObject\",\"inLanguage\":\"it-IT\",\"@id\":\"https:\\\/\\\/www.ilnotiziario.net\\\/wp\\\/prima-pagina\\\/eventi-week-end-atmosfera-regencya-villa-arconati-di-castellazzo-e-festa-della-musica-a-cusano\\\/#primaryimage\",\"url\":\"https:\\\/\\\/www.ilnotiziario.net\\\/wp\\\/wp-content\\\/uploads\\\/2023\\\/12\\\/villa-arconati-bella.jpg\",\"contentUrl\":\"https:\\\/\\\/www.ilnotiziario.net\\\/wp\\\/wp-content\\\/uploads\\\/2023\\\/12\\\/villa-arconati-bella.jpg\",\"width\":1080,\"height\":562,\"caption\":\"Villa Arconati a Castellazzo di Bollate\"},{\"@type\":\"BreadcrumbList\",\"@id\":\"https:\\\/\\\/www.ilnotiziario.net\\\/wp\\\/prima-pagina\\\/eventi-week-end-atmosfera-regencya-villa-arconati-di-castellazzo-e-festa-della-musica-a-cusano\\\/#breadcrumb\",\"itemListElement\":[{\"@type\":\"ListItem\",\"position\":1,\"name\":\"tds_text_logo_tagline_colortds_text_logo_tagline_colortds_text_logo_tagline_colortds_text_logo_tagline_colortd_module_7_title_excerpttd_module_7_title_excerpttd_module_7_title_excerpttd_module_7_title_excerptHome\",\"item\":\"https:\\\/\\\/www.ilnotiziario.net\\\/wp\\\/\"},{\"@type\":\"ListItem\",\"position\":2,\"name\":\"Eventi week-end: atmosfera &#8220;Regency&#8221;a villa Arconati di Castellazzo e &#8220;Festa della musica&#8221; a Cusano\"}]},{\"@type\":\"WebSite\",\"@id\":\"https:\\\/\\\/www.ilnotiziario.net\\\/wp\\\/#website\",\"url\":\"https:\\\/\\\/www.ilnotiziario.net\\\/wp\\\/\",\"name\":\"Il Notiziario\",\"description\":\"Per restare sempre connessi alla notizia\",\"publisher\":{\"@id\":\"https:\\\/\\\/www.ilnotiziario.net\\\/wp\\\/#organization\"},\"alternateName\":\"Il Notiziario Bollate\",\"potentialAction\":[{\"@type\":\"SearchAction\",\"target\":{\"@type\":\"EntryPoint\",\"urlTemplate\":\"https:\\\/\\\/www.ilnotiziario.net\\\/wp\\\/?s={search_term_string}\"},\"query-input\":{\"@type\":\"PropertyValueSpecification\",\"valueRequired\":true,\"valueName\":\"search_term_string\"}}],\"inLanguage\":\"it-IT\"},{\"@type\":\"Organization\",\"@id\":\"https:\\\/\\\/www.ilnotiziario.net\\\/wp\\\/#organization\",\"name\":\"Il Notiziario\",\"url\":\"https:\\\/\\\/www.ilnotiziario.net\\\/wp\\\/\",\"logo\":{\"@type\":\"ImageObject\",\"inLanguage\":\"it-IT\",\"@id\":\"https:\\\/\\\/www.ilnotiziario.net\\\/wp\\\/#\\\/schema\\\/logo\\\/image\\\/\",\"url\":\"https:\\\/\\\/www.ilnotiziario.net\\\/wp\\\/wp-content\\\/uploads\\\/2022\\\/06\\\/170x170ilN.png\",\"contentUrl\":\"https:\\\/\\\/www.ilnotiziario.net\\\/wp\\\/wp-content\\\/uploads\\\/2022\\\/06\\\/170x170ilN.png\",\"width\":355,\"height\":355,\"caption\":\"Il Notiziario\"},\"image\":{\"@id\":\"https:\\\/\\\/www.ilnotiziario.net\\\/wp\\\/#\\\/schema\\\/logo\\\/image\\\/\"},\"sameAs\":[\"https:\\\/\\\/www.facebook.com\\\/ilnotiziarioind\\\/\",\"https:\\\/\\\/x.com\\\/ilNotiziarioInd\",\"https:\\\/\\\/www.instagram.com\\\/ilnotiziario_settimanale\\\/\"]},{\"@type\":\"Person\",\"@id\":\"https:\\\/\\\/www.ilnotiziario.net\\\/wp\\\/#\\\/schema\\\/person\\\/c902c4c1308705a92d37385bbce84394\",\"name\":\"Manuela Beriozza\",\"image\":{\"@type\":\"ImageObject\",\"inLanguage\":\"it-IT\",\"@id\":\"https:\\\/\\\/secure.gravatar.com\\\/avatar\\\/272ed53352846a57a9f07f89720b22f58373dc9a85fa5b8ff49254ae02b61057?s=96&d=mm&r=g\",\"url\":\"https:\\\/\\\/secure.gravatar.com\\\/avatar\\\/272ed53352846a57a9f07f89720b22f58373dc9a85fa5b8ff49254ae02b61057?s=96&d=mm&r=g\",\"contentUrl\":\"https:\\\/\\\/secure.gravatar.com\\\/avatar\\\/272ed53352846a57a9f07f89720b22f58373dc9a85fa5b8ff49254ae02b61057?s=96&d=mm&r=g\",\"caption\":\"Manuela Beriozza\"}}]}<\/script>\n<!-- \/ Yoast SEO plugin. -->","yoast_head_json":{"title":"Eventi week-end: atmosfera \"Regency\"a villa Arconati di Castellazzo e \"Festa della musica\" a Cusano - Il Notiziario","description":"Molte proposte per il tempo libero anche per questo fine settimana, da venerd\u00ec 20 a domenica 22 giugno 2025: dalla rievocazione del periodo Regency - o","robots":{"index":"index","follow":"follow","max-snippet":"max-snippet:-1","max-image-preview":"max-image-preview:large","max-video-preview":"max-video-preview:-1"},"canonical":"https:\/\/www.ilnotiziario.net\/wp\/prima-pagina\/eventi-week-end-atmosfera-regencya-villa-arconati-di-castellazzo-e-festa-della-musica-a-cusano\/","og_locale":"it_IT","og_type":"article","og_title":"Eventi week-end: atmosfera \"Regency\"a villa Arconati di Castellazzo e \"Festa della musica\" a Cusano - Il Notiziario","og_description":"Molte proposte per il tempo libero anche per questo fine settimana, da venerd\u00ec 20 a domenica 22 giugno 2025: dalla rievocazione del periodo Regency - o","og_url":"https:\/\/www.ilnotiziario.net\/wp\/prima-pagina\/eventi-week-end-atmosfera-regencya-villa-arconati-di-castellazzo-e-festa-della-musica-a-cusano\/","og_site_name":"Il Notiziario","article_publisher":"https:\/\/www.facebook.com\/ilnotiziarioind\/","article_published_time":"2025-06-20T14:57:03+00:00","article_modified_time":"2025-06-20T15:10:31+00:00","og_image":[{"width":1080,"height":562,"url":"https:\/\/www.ilnotiziario.net\/wp\/wp-content\/uploads\/2023\/12\/villa-arconati-bella.jpg","type":"image\/jpeg"}],"author":"Manuela Beriozza","twitter_card":"summary_large_image","twitter_creator":"@ilNotiziarioInd","twitter_site":"@ilNotiziarioInd","twitter_misc":{"Scritto da":"Manuela Beriozza","Tempo di lettura stimato":"12 minuti"},"schema":{"@context":"https:\/\/schema.org","@graph":[{"@type":"Article","@id":"https:\/\/www.ilnotiziario.net\/wp\/prima-pagina\/eventi-week-end-atmosfera-regencya-villa-arconati-di-castellazzo-e-festa-della-musica-a-cusano\/#article","isPartOf":{"@id":"https:\/\/www.ilnotiziario.net\/wp\/prima-pagina\/eventi-week-end-atmosfera-regencya-villa-arconati-di-castellazzo-e-festa-della-musica-a-cusano\/"},"author":{"name":"Manuela Beriozza","@id":"https:\/\/www.ilnotiziario.net\/wp\/#\/schema\/person\/c902c4c1308705a92d37385bbce84394"},"headline":"Eventi week-end: atmosfera &#8220;Regency&#8221;a villa Arconati di Castellazzo e &#8220;Festa della musica&#8221; a Cusano","datePublished":"2025-06-20T14:57:03+00:00","dateModified":"2025-06-20T15:10:31+00:00","mainEntityOfPage":{"@id":"https:\/\/www.ilnotiziario.net\/wp\/prima-pagina\/eventi-week-end-atmosfera-regencya-villa-arconati-di-castellazzo-e-festa-della-musica-a-cusano\/"},"wordCount":2051,"publisher":{"@id":"https:\/\/www.ilnotiziario.net\/wp\/#organization"},"image":{"@id":"https:\/\/www.ilnotiziario.net\/wp\/prima-pagina\/eventi-week-end-atmosfera-regencya-villa-arconati-di-castellazzo-e-festa-della-musica-a-cusano\/#primaryimage"},"thumbnailUrl":"https:\/\/www.ilnotiziario.net\/wp\/wp-content\/uploads\/2023\/12\/villa-arconati-bella.jpg","keywords":["cosa fare sabato e domenica","Eventi week-end","eventi weekend"],"articleSection":["APPUNTAMENTI","Prima Pagina"],"inLanguage":"it-IT"},{"@type":"WebPage","@id":"https:\/\/www.ilnotiziario.net\/wp\/prima-pagina\/eventi-week-end-atmosfera-regencya-villa-arconati-di-castellazzo-e-festa-della-musica-a-cusano\/","url":"https:\/\/www.ilnotiziario.net\/wp\/prima-pagina\/eventi-week-end-atmosfera-regencya-villa-arconati-di-castellazzo-e-festa-della-musica-a-cusano\/","name":"Eventi week-end: atmosfera \"Regency\"a villa Arconati di Castellazzo e \"Festa della musica\" a Cusano - Il Notiziario","isPartOf":{"@id":"https:\/\/www.ilnotiziario.net\/wp\/#website"},"primaryImageOfPage":{"@id":"https:\/\/www.ilnotiziario.net\/wp\/prima-pagina\/eventi-week-end-atmosfera-regencya-villa-arconati-di-castellazzo-e-festa-della-musica-a-cusano\/#primaryimage"},"image":{"@id":"https:\/\/www.ilnotiziario.net\/wp\/prima-pagina\/eventi-week-end-atmosfera-regencya-villa-arconati-di-castellazzo-e-festa-della-musica-a-cusano\/#primaryimage"},"thumbnailUrl":"https:\/\/www.ilnotiziario.net\/wp\/wp-content\/uploads\/2023\/12\/villa-arconati-bella.jpg","datePublished":"2025-06-20T14:57:03+00:00","dateModified":"2025-06-20T15:10:31+00:00","description":"Molte proposte per il tempo libero anche per questo fine settimana, da venerd\u00ec 20 a domenica 22 giugno 2025: dalla rievocazione del periodo Regency - o","breadcrumb":{"@id":"https:\/\/www.ilnotiziario.net\/wp\/prima-pagina\/eventi-week-end-atmosfera-regencya-villa-arconati-di-castellazzo-e-festa-della-musica-a-cusano\/#breadcrumb"},"inLanguage":"it-IT","potentialAction":[{"@type":"ReadAction","target":["https:\/\/www.ilnotiziario.net\/wp\/prima-pagina\/eventi-week-end-atmosfera-regencya-villa-arconati-di-castellazzo-e-festa-della-musica-a-cusano\/"]}]},{"@type":"ImageObject","inLanguage":"it-IT","@id":"https:\/\/www.ilnotiziario.net\/wp\/prima-pagina\/eventi-week-end-atmosfera-regencya-villa-arconati-di-castellazzo-e-festa-della-musica-a-cusano\/#primaryimage","url":"https:\/\/www.ilnotiziario.net\/wp\/wp-content\/uploads\/2023\/12\/villa-arconati-bella.jpg","contentUrl":"https:\/\/www.ilnotiziario.net\/wp\/wp-content\/uploads\/2023\/12\/villa-arconati-bella.jpg","width":1080,"height":562,"caption":"Villa Arconati a Castellazzo di Bollate"},{"@type":"BreadcrumbList","@id":"https:\/\/www.ilnotiziario.net\/wp\/prima-pagina\/eventi-week-end-atmosfera-regencya-villa-arconati-di-castellazzo-e-festa-della-musica-a-cusano\/#breadcrumb","itemListElement":[{"@type":"ListItem","position":1,"name":"tds_text_logo_tagline_colortds_text_logo_tagline_colortds_text_logo_tagline_colortds_text_logo_tagline_colortd_module_7_title_excerpttd_module_7_title_excerpttd_module_7_title_excerpttd_module_7_title_excerptHome","item":"https:\/\/www.ilnotiziario.net\/wp\/"},{"@type":"ListItem","position":2,"name":"Eventi week-end: atmosfera &#8220;Regency&#8221;a villa Arconati di Castellazzo e &#8220;Festa della musica&#8221; a Cusano"}]},{"@type":"WebSite","@id":"https:\/\/www.ilnotiziario.net\/wp\/#website","url":"https:\/\/www.ilnotiziario.net\/wp\/","name":"Il Notiziario","description":"Per restare sempre connessi alla notizia","publisher":{"@id":"https:\/\/www.ilnotiziario.net\/wp\/#organization"},"alternateName":"Il Notiziario Bollate","potentialAction":[{"@type":"SearchAction","target":{"@type":"EntryPoint","urlTemplate":"https:\/\/www.ilnotiziario.net\/wp\/?s={search_term_string}"},"query-input":{"@type":"PropertyValueSpecification","valueRequired":true,"valueName":"search_term_string"}}],"inLanguage":"it-IT"},{"@type":"Organization","@id":"https:\/\/www.ilnotiziario.net\/wp\/#organization","name":"Il Notiziario","url":"https:\/\/www.ilnotiziario.net\/wp\/","logo":{"@type":"ImageObject","inLanguage":"it-IT","@id":"https:\/\/www.ilnotiziario.net\/wp\/#\/schema\/logo\/image\/","url":"https:\/\/www.ilnotiziario.net\/wp\/wp-content\/uploads\/2022\/06\/170x170ilN.png","contentUrl":"https:\/\/www.ilnotiziario.net\/wp\/wp-content\/uploads\/2022\/06\/170x170ilN.png","width":355,"height":355,"caption":"Il Notiziario"},"image":{"@id":"https:\/\/www.ilnotiziario.net\/wp\/#\/schema\/logo\/image\/"},"sameAs":["https:\/\/www.facebook.com\/ilnotiziarioind\/","https:\/\/x.com\/ilNotiziarioInd","https:\/\/www.instagram.com\/ilnotiziario_settimanale\/"]},{"@type":"Person","@id":"https:\/\/www.ilnotiziario.net\/wp\/#\/schema\/person\/c902c4c1308705a92d37385bbce84394","name":"Manuela Beriozza","image":{"@type":"ImageObject","inLanguage":"it-IT","@id":"https:\/\/secure.gravatar.com\/avatar\/272ed53352846a57a9f07f89720b22f58373dc9a85fa5b8ff49254ae02b61057?s=96&d=mm&r=g","url":"https:\/\/secure.gravatar.com\/avatar\/272ed53352846a57a9f07f89720b22f58373dc9a85fa5b8ff49254ae02b61057?s=96&d=mm&r=g","contentUrl":"https:\/\/secure.gravatar.com\/avatar\/272ed53352846a57a9f07f89720b22f58373dc9a85fa5b8ff49254ae02b61057?s=96&d=mm&r=g","caption":"Manuela Beriozza"}}]}},"_links":{"self":[{"href":"https:\/\/www.ilnotiziario.net\/wp\/wp-json\/wp\/v2\/posts\/207224","targetHints":{"allow":["GET"]}}],"collection":[{"href":"https:\/\/www.ilnotiziario.net\/wp\/wp-json\/wp\/v2\/posts"}],"about":[{"href":"https:\/\/www.ilnotiziario.net\/wp\/wp-json\/wp\/v2\/types\/post"}],"author":[{"embeddable":true,"href":"https:\/\/www.ilnotiziario.net\/wp\/wp-json\/wp\/v2\/users\/223159"}],"replies":[{"embeddable":true,"href":"https:\/\/www.ilnotiziario.net\/wp\/wp-json\/wp\/v2\/comments?post=207224"}],"version-history":[{"count":0,"href":"https:\/\/www.ilnotiziario.net\/wp\/wp-json\/wp\/v2\/posts\/207224\/revisions"}],"wp:featuredmedia":[{"embeddable":true,"href":"https:\/\/www.ilnotiziario.net\/wp\/wp-json\/wp\/v2\/media\/191321"}],"wp:attachment":[{"href":"https:\/\/www.ilnotiziario.net\/wp\/wp-json\/wp\/v2\/media?parent=207224"}],"wp:term":[{"taxonomy":"category","embeddable":true,"href":"https:\/\/www.ilnotiziario.net\/wp\/wp-json\/wp\/v2\/categories?post=207224"},{"taxonomy":"post_tag","embeddable":true,"href":"https:\/\/www.ilnotiziario.net\/wp\/wp-json\/wp\/v2\/tags?post=207224"}],"curies":[{"name":"wp","href":"https:\/\/api.w.org\/{rel}","templated":true}]}}