{"id":207415,"date":"2025-06-25T21:15:20","date_gmt":"2025-06-25T19:15:20","guid":{"rendered":"https:\/\/www.ilnotiziario.net\/wp\/?p=207415"},"modified":"2025-06-25T21:15:20","modified_gmt":"2025-06-25T19:15:20","slug":"carta-identita-cartacea-valida-per-espatrio-ecco-cosa-fare","status":"publish","type":"post","link":"https:\/\/www.ilnotiziario.net\/wp\/buonoasapersi\/carta-identita-cartacea-valida-per-espatrio-ecco-cosa-fare\/","title":{"rendered":"Carta d\u2019identit\u00e0 cartacea,  non sar\u00e0 pi\u00f9 valida per l\u2019espatrio, ecco cosa fare"},"content":{"rendered":"<p>La carta d&#8217;identit\u00e0 cartacea&nbsp; presto non sar\u00e0 pi\u00f9 valida per l&#8217;espatrio.&nbsp;<\/p><div id=\"ilnot-2298781276\" class=\"ilnot-contenuto ilnot-entity-placement\"><p><!-- incontent_1 --><\/p>\n<div class=\"gptslot\" data-adunitid=\"1\"><\/div>\n<\/div>\n<p>A partire dal 3 agosto 2026, tutte le carte d\u2019identit\u00e0 cartacee italiane perderanno validit\u00e0 per l\u2019espatrio, anche se risultano formalmente ancora valide.<\/p>\n<p>Lo stabilisce il Regolamento Europeo 1157\/2019, che impone standard di sicurezza uniformi per i documenti di identit\u00e0 in Europa, tra cui la presenza della zona a lettura ottica (MRZ), assente nei vecchi documenti cartacei.<\/p><div id=\"ilnot-776982985\" class=\"ilnot-contenuto_2 ilnot-entity-placement\"><div class=\"ads-wrapper\">\n<div class=\"ad-slot\">\n   <div id=\"ilnot-2253648798\" style=\"margin-right: auto;margin-left: auto;text-align: center;width: 320px;height: 100px;\"><a href=\"https:\/\/www.scuolasicurezza.it\/\"><img decoding=\"async\" src=\"https:\/\/www.ilnotiziario.net\/wp\/wp-content\/uploads\/2026\/04\/IlNotiziario_banner-sito-e-newsletter-320-x-100-px-1.gif\" alt=\"\"><\/a><\/div>\n  <\/div>\n<div class=\"ad-slot\">\n   <div id=\"ilnot-1073702511\" style=\"margin-right: auto;margin-left: auto;text-align: center;width: 320px;height: 100px;\"><a href=\"https:\/\/purodesignarredamenti.com\/\"><img decoding=\"async\" src=\"https:\/\/www.ilnotiziario.net\/wp\/wp-content\/uploads\/2026\/04\/banner-puro-ok.gif\" alt=\"whatsapp\"><\/a><\/div><\/p><\/div>\n<\/div>\n<\/div>\n<h2>Scadenza Carta Identit\u00e0 cartacea, chi \u00e8 coinvolto<\/h2>\n<p>Secondo le stime, in Italia ci sono ancora circa 5 milioni di carte di identit\u00e0 cartacee in circolazione, soprattutto nei piccoli comuni dove l\u2019emissione della CIE (Carta d\u2019Identit\u00e0 Elettronica) \u00e8 partita in ritardo. Dal 2019 tutti i Comuni sono abilitati alla CIE, ma chi ha ancora la versione cartacea dovr\u00e0 obbligatoriamente sostituirla con la CIE entro la scadenza del 2026. La Carta d&#8217;identit\u00e0 cartacea infatti non sar\u00e0 pi\u00f9 valida per l&#8217;espatrio.&nbsp;<\/p>\n<h2>Cosa devono fare i cittadini con Carta d&#8217;Identit\u00e0 cartacea&nbsp;<\/h2>\n<p>Chi ha la carta d\u2019identit\u00e0 cartacea non deve aspettare la scadenza del documento: \u00e8 gi\u00e0 possibile chiedere la sostituzione in qualunque momento. Per farlo, occorre:<br \/>\n\u2022 Prenotare un appuntamento presso l\u2019ufficio anagrafe (verificare modalit\u00e0 sul sito del proprio Comune)<br \/>\n\u2022 Portare:<br \/>\n\u2022 Una fototessera recente, conforme agli standard ICAO<br \/>\n\u2022 La vecchia carta di identit\u00e0<br \/>\n\u2022 Il codice fiscale<br \/>\n\u2022 In caso di furto o smarrimento: denuncia e altro documento di riconoscimento<br \/>\n\u2022 Per i minori: presenza del minore e entrambi i genitori con documento<br \/>\n\u2022 Pagare 22 euro, preferibilmente con bancomat<br \/>\n\u2022 Attendere la consegna in circa 6 giorni lavorativi (a casa o presso il Comune)<\/p>\n<p>&nbsp;<\/p>\n<p>Molti Comuni stanno gi\u00e0 avvisando i cittadini per evitare il sovraffollamento estivo del 2026, soprattutto perch\u00e9 la scadenza cade ad agosto, periodo critico per le ferie.<\/p><div id=\"ilnot-1715714499\" class=\"ilnot-contenuto_2-2 ilnot-entity-placement\"><div class=\"gptslot\" data-adunitid=\"2\"><\/div>\n<\/div>\n<h3>Eccezioni&nbsp; per residenti Aire fuori da Ue&nbsp;<\/h3>\n<p>Solo i residenti AIRE fuori dall\u2019UE potranno ancora ottenere il documento cartaceo. Inoltre, non sar\u00e0 pi\u00f9 possibile richiedere il documento d\u2019urgenza cartaceo per viaggi imminenti, come invece avveniva finora.<\/p>\n<p>Perch\u00e9 \u00e8 importante<\/p>\n<p>La CIE, oltre ad essere indispensabile per l\u2019espatrio, sar\u00e0 uno strumento chiave per accedere ai servizi digitali della PA, sostituendo progressivamente lo SPID con il sistema CieID, pi\u00f9 sicuro e integrato.<\/p><div id=\"ilnot-3730855336\" class=\"ilnot-contenuto_2-2-2 ilnot-entity-placement\"><div class=\"gptslot\" data-adunitid=\"3\"><\/div>\n<\/div>\n<p>In sintesi: chi possiede ancora la carta d\u2019identit\u00e0 cartacea deve attivarsi per sostituirla con quella elettronica prima del 3 agosto 2026.<\/p>\n","protected":false},"excerpt":{"rendered":"<p>La carta d&#8217;identit\u00e0 cartacea&nbsp; presto non sar\u00e0 pi\u00f9 valida per l&#8217;espatrio.&nbsp; A partire dal 3 agosto 2026, tutte le carte d\u2019identit\u00e0 cartacee italiane perderanno validit\u00e0 per l\u2019espatrio, anche se risultano formalmente ancora valide. Lo stabilisce il Regolamento Europeo 1157\/2019, che impone standard di sicurezza uniformi per i documenti di identit\u00e0 in Europa, tra cui la<\/p>\n","protected":false},"author":3,"featured_media":207416,"comment_status":"closed","ping_status":"closed","sticky":false,"template":"","format":"standard","meta":{"footnotes":""},"categories":[4193],"tags":[4049,17888,4672,17714],"class_list":{"0":"post-207415","1":"post","2":"type-post","3":"status-publish","4":"format-standard","5":"has-post-thumbnail","7":"category-buonoasapersi","8":"tag-carta-didentita","9":"tag-cartacea","10":"tag-documenti","11":"tag-scadenza"},"yoast_head":"<!-- This site is optimized with the Yoast SEO plugin v27.5 - https:\/\/yoast.com\/product\/yoast-seo-wordpress\/ -->\n<title>Carta identit\u00e0 cartacea valida<\/title>\n<meta name=\"description\" content=\"La carta d&#039;identit\u00e0 cartacea&nbsp; presto non sar\u00e0 pi\u00f9 valida per l&#039;espatrio.&nbsp; A partire dal 3 agosto 2026, tutte le carte d\u2019identit\u00e0 cartacee\" \/>\n<meta name=\"robots\" content=\"index, follow, max-snippet:-1, max-image-preview:large, max-video-preview:-1\" \/>\n<link rel=\"canonical\" href=\"https:\/\/www.ilnotiziario.net\/wp\/buonoasapersi\/carta-identita-cartacea-valida-per-espatrio-ecco-cosa-fare\/\" \/>\n<meta property=\"og:locale\" content=\"it_IT\" \/>\n<meta property=\"og:type\" content=\"article\" \/>\n<meta property=\"og:title\" content=\"Carta identit\u00e0 cartacea valida\" \/>\n<meta property=\"og:description\" content=\"La carta d&#039;identit\u00e0 cartacea&nbsp; presto non sar\u00e0 pi\u00f9 valida per l&#039;espatrio.&nbsp; A partire dal 3 agosto 2026, tutte le carte d\u2019identit\u00e0 cartacee\" \/>\n<meta property=\"og:url\" content=\"https:\/\/www.ilnotiziario.net\/wp\/buonoasapersi\/carta-identita-cartacea-valida-per-espatrio-ecco-cosa-fare\/\" \/>\n<meta property=\"og:site_name\" content=\"Il Notiziario\" \/>\n<meta property=\"article:publisher\" content=\"https:\/\/www.facebook.com\/ilnotiziarioind\/\" \/>\n<meta property=\"article:published_time\" content=\"2025-06-25T19:15:20+00:00\" \/>\n<meta property=\"og:image\" content=\"https:\/\/www.ilnotiziario.net\/wp\/wp-content\/uploads\/2025\/06\/carta-identita-cartacea.jpg\" \/>\n\t<meta property=\"og:image:width\" content=\"720\" \/>\n\t<meta property=\"og:image:height\" content=\"505\" \/>\n\t<meta property=\"og:image:type\" content=\"image\/jpeg\" \/>\n<meta name=\"author\" content=\"Gabriele Bassani\" \/>\n<meta name=\"twitter:card\" content=\"summary_large_image\" \/>\n<meta name=\"twitter:creator\" content=\"@ilNotiziarioInd\" \/>\n<meta name=\"twitter:site\" content=\"@ilNotiziarioInd\" \/>\n<meta name=\"twitter:label1\" content=\"Scritto da\" \/>\n\t<meta name=\"twitter:data1\" content=\"Gabriele Bassani\" \/>\n\t<meta name=\"twitter:label2\" content=\"Tempo di lettura stimato\" \/>\n\t<meta name=\"twitter:data2\" content=\"3 minuti\" \/>\n<script type=\"application\/ld+json\" class=\"yoast-schema-graph\">{\"@context\":\"https:\\\/\\\/schema.org\",\"@graph\":[{\"@type\":\"Article\",\"@id\":\"https:\\\/\\\/www.ilnotiziario.net\\\/wp\\\/buonoasapersi\\\/carta-identita-cartacea-valida-per-espatrio-ecco-cosa-fare\\\/#article\",\"isPartOf\":{\"@id\":\"https:\\\/\\\/www.ilnotiziario.net\\\/wp\\\/buonoasapersi\\\/carta-identita-cartacea-valida-per-espatrio-ecco-cosa-fare\\\/\"},\"author\":{\"name\":\"Gabriele Bassani\",\"@id\":\"https:\\\/\\\/www.ilnotiziario.net\\\/wp\\\/#\\\/schema\\\/person\\\/386e222908f898bb41c033989482bbf2\"},\"headline\":\"Carta d\u2019identit\u00e0 cartacea, non sar\u00e0 pi\u00f9 valida per l\u2019espatrio, ecco cosa fare\",\"datePublished\":\"2025-06-25T19:15:20+00:00\",\"mainEntityOfPage\":{\"@id\":\"https:\\\/\\\/www.ilnotiziario.net\\\/wp\\\/buonoasapersi\\\/carta-identita-cartacea-valida-per-espatrio-ecco-cosa-fare\\\/\"},\"wordCount\":390,\"publisher\":{\"@id\":\"https:\\\/\\\/www.ilnotiziario.net\\\/wp\\\/#organization\"},\"image\":{\"@id\":\"https:\\\/\\\/www.ilnotiziario.net\\\/wp\\\/buonoasapersi\\\/carta-identita-cartacea-valida-per-espatrio-ecco-cosa-fare\\\/#primaryimage\"},\"thumbnailUrl\":\"https:\\\/\\\/www.ilnotiziario.net\\\/wp\\\/wp-content\\\/uploads\\\/2025\\\/06\\\/carta-identita-cartacea.jpg\",\"keywords\":[\"carta d'identit\u00e0\",\"cartacea\",\"documenti\",\"scadenza\"],\"articleSection\":[\"BUONO A SAPERSI\"],\"inLanguage\":\"it-IT\"},{\"@type\":\"WebPage\",\"@id\":\"https:\\\/\\\/www.ilnotiziario.net\\\/wp\\\/buonoasapersi\\\/carta-identita-cartacea-valida-per-espatrio-ecco-cosa-fare\\\/\",\"url\":\"https:\\\/\\\/www.ilnotiziario.net\\\/wp\\\/buonoasapersi\\\/carta-identita-cartacea-valida-per-espatrio-ecco-cosa-fare\\\/\",\"name\":\"Carta identit\u00e0 cartacea valida\",\"isPartOf\":{\"@id\":\"https:\\\/\\\/www.ilnotiziario.net\\\/wp\\\/#website\"},\"primaryImageOfPage\":{\"@id\":\"https:\\\/\\\/www.ilnotiziario.net\\\/wp\\\/buonoasapersi\\\/carta-identita-cartacea-valida-per-espatrio-ecco-cosa-fare\\\/#primaryimage\"},\"image\":{\"@id\":\"https:\\\/\\\/www.ilnotiziario.net\\\/wp\\\/buonoasapersi\\\/carta-identita-cartacea-valida-per-espatrio-ecco-cosa-fare\\\/#primaryimage\"},\"thumbnailUrl\":\"https:\\\/\\\/www.ilnotiziario.net\\\/wp\\\/wp-content\\\/uploads\\\/2025\\\/06\\\/carta-identita-cartacea.jpg\",\"datePublished\":\"2025-06-25T19:15:20+00:00\",\"description\":\"La carta d'identit\u00e0 cartacea&nbsp; presto non sar\u00e0 pi\u00f9 valida per l'espatrio.&nbsp; A partire dal 3 agosto 2026, tutte le carte d\u2019identit\u00e0 cartacee\",\"breadcrumb\":{\"@id\":\"https:\\\/\\\/www.ilnotiziario.net\\\/wp\\\/buonoasapersi\\\/carta-identita-cartacea-valida-per-espatrio-ecco-cosa-fare\\\/#breadcrumb\"},\"inLanguage\":\"it-IT\",\"potentialAction\":[{\"@type\":\"ReadAction\",\"target\":[\"https:\\\/\\\/www.ilnotiziario.net\\\/wp\\\/buonoasapersi\\\/carta-identita-cartacea-valida-per-espatrio-ecco-cosa-fare\\\/\"]}]},{\"@type\":\"ImageObject\",\"inLanguage\":\"it-IT\",\"@id\":\"https:\\\/\\\/www.ilnotiziario.net\\\/wp\\\/buonoasapersi\\\/carta-identita-cartacea-valida-per-espatrio-ecco-cosa-fare\\\/#primaryimage\",\"url\":\"https:\\\/\\\/www.ilnotiziario.net\\\/wp\\\/wp-content\\\/uploads\\\/2025\\\/06\\\/carta-identita-cartacea.jpg\",\"contentUrl\":\"https:\\\/\\\/www.ilnotiziario.net\\\/wp\\\/wp-content\\\/uploads\\\/2025\\\/06\\\/carta-identita-cartacea.jpg\",\"width\":720,\"height\":505,\"caption\":\"carta identit\u00e0 cartacea\"},{\"@type\":\"BreadcrumbList\",\"@id\":\"https:\\\/\\\/www.ilnotiziario.net\\\/wp\\\/buonoasapersi\\\/carta-identita-cartacea-valida-per-espatrio-ecco-cosa-fare\\\/#breadcrumb\",\"itemListElement\":[{\"@type\":\"ListItem\",\"position\":1,\"name\":\"tds_text_logo_tagline_colortds_text_logo_tagline_colortds_text_logo_tagline_colortds_text_logo_tagline_colortd_module_7_title_excerpttd_module_7_title_excerpttd_module_7_title_excerpttd_module_7_title_excerptHome\",\"item\":\"https:\\\/\\\/www.ilnotiziario.net\\\/wp\\\/\"},{\"@type\":\"ListItem\",\"position\":2,\"name\":\"Carta d\u2019identit\u00e0 cartacea, non sar\u00e0 pi\u00f9 valida per l\u2019espatrio, ecco cosa fare\"}]},{\"@type\":\"WebSite\",\"@id\":\"https:\\\/\\\/www.ilnotiziario.net\\\/wp\\\/#website\",\"url\":\"https:\\\/\\\/www.ilnotiziario.net\\\/wp\\\/\",\"name\":\"Il Notiziario\",\"description\":\"Per restare sempre connessi alla notizia\",\"publisher\":{\"@id\":\"https:\\\/\\\/www.ilnotiziario.net\\\/wp\\\/#organization\"},\"alternateName\":\"Il Notiziario Bollate\",\"potentialAction\":[{\"@type\":\"SearchAction\",\"target\":{\"@type\":\"EntryPoint\",\"urlTemplate\":\"https:\\\/\\\/www.ilnotiziario.net\\\/wp\\\/?s={search_term_string}\"},\"query-input\":{\"@type\":\"PropertyValueSpecification\",\"valueRequired\":true,\"valueName\":\"search_term_string\"}}],\"inLanguage\":\"it-IT\"},{\"@type\":\"Organization\",\"@id\":\"https:\\\/\\\/www.ilnotiziario.net\\\/wp\\\/#organization\",\"name\":\"Il Notiziario\",\"url\":\"https:\\\/\\\/www.ilnotiziario.net\\\/wp\\\/\",\"logo\":{\"@type\":\"ImageObject\",\"inLanguage\":\"it-IT\",\"@id\":\"https:\\\/\\\/www.ilnotiziario.net\\\/wp\\\/#\\\/schema\\\/logo\\\/image\\\/\",\"url\":\"https:\\\/\\\/www.ilnotiziario.net\\\/wp\\\/wp-content\\\/uploads\\\/2022\\\/06\\\/170x170ilN.png\",\"contentUrl\":\"https:\\\/\\\/www.ilnotiziario.net\\\/wp\\\/wp-content\\\/uploads\\\/2022\\\/06\\\/170x170ilN.png\",\"width\":355,\"height\":355,\"caption\":\"Il Notiziario\"},\"image\":{\"@id\":\"https:\\\/\\\/www.ilnotiziario.net\\\/wp\\\/#\\\/schema\\\/logo\\\/image\\\/\"},\"sameAs\":[\"https:\\\/\\\/www.facebook.com\\\/ilnotiziarioind\\\/\",\"https:\\\/\\\/x.com\\\/ilNotiziarioInd\",\"https:\\\/\\\/www.instagram.com\\\/ilnotiziario_settimanale\\\/\"]},{\"@type\":\"Person\",\"@id\":\"https:\\\/\\\/www.ilnotiziario.net\\\/wp\\\/#\\\/schema\\\/person\\\/386e222908f898bb41c033989482bbf2\",\"name\":\"Gabriele Bassani\",\"image\":{\"@type\":\"ImageObject\",\"inLanguage\":\"it-IT\",\"@id\":\"https:\\\/\\\/secure.gravatar.com\\\/avatar\\\/09274f4a84fa97698bde56f84b3afed61c8492d48b0550db9671b68c177479cb?s=96&d=mm&r=g\",\"url\":\"https:\\\/\\\/secure.gravatar.com\\\/avatar\\\/09274f4a84fa97698bde56f84b3afed61c8492d48b0550db9671b68c177479cb?s=96&d=mm&r=g\",\"contentUrl\":\"https:\\\/\\\/secure.gravatar.com\\\/avatar\\\/09274f4a84fa97698bde56f84b3afed61c8492d48b0550db9671b68c177479cb?s=96&d=mm&r=g\",\"caption\":\"Gabriele Bassani\"},\"sameAs\":[\"http:\\\/\\\/www.ilnotiziario.net\"]}]}<\/script>\n<!-- \/ Yoast SEO plugin. -->","yoast_head_json":{"title":"Carta identit\u00e0 cartacea valida","description":"La carta d'identit\u00e0 cartacea&nbsp; presto non sar\u00e0 pi\u00f9 valida per l'espatrio.&nbsp; A partire dal 3 agosto 2026, tutte le carte d\u2019identit\u00e0 cartacee","robots":{"index":"index","follow":"follow","max-snippet":"max-snippet:-1","max-image-preview":"max-image-preview:large","max-video-preview":"max-video-preview:-1"},"canonical":"https:\/\/www.ilnotiziario.net\/wp\/buonoasapersi\/carta-identita-cartacea-valida-per-espatrio-ecco-cosa-fare\/","og_locale":"it_IT","og_type":"article","og_title":"Carta identit\u00e0 cartacea valida","og_description":"La carta d'identit\u00e0 cartacea&nbsp; presto non sar\u00e0 pi\u00f9 valida per l'espatrio.&nbsp; A partire dal 3 agosto 2026, tutte le carte d\u2019identit\u00e0 cartacee","og_url":"https:\/\/www.ilnotiziario.net\/wp\/buonoasapersi\/carta-identita-cartacea-valida-per-espatrio-ecco-cosa-fare\/","og_site_name":"Il Notiziario","article_publisher":"https:\/\/www.facebook.com\/ilnotiziarioind\/","article_published_time":"2025-06-25T19:15:20+00:00","og_image":[{"width":720,"height":505,"url":"https:\/\/www.ilnotiziario.net\/wp\/wp-content\/uploads\/2025\/06\/carta-identita-cartacea.jpg","type":"image\/jpeg"}],"author":"Gabriele Bassani","twitter_card":"summary_large_image","twitter_creator":"@ilNotiziarioInd","twitter_site":"@ilNotiziarioInd","twitter_misc":{"Scritto da":"Gabriele Bassani","Tempo di lettura stimato":"3 minuti"},"schema":{"@context":"https:\/\/schema.org","@graph":[{"@type":"Article","@id":"https:\/\/www.ilnotiziario.net\/wp\/buonoasapersi\/carta-identita-cartacea-valida-per-espatrio-ecco-cosa-fare\/#article","isPartOf":{"@id":"https:\/\/www.ilnotiziario.net\/wp\/buonoasapersi\/carta-identita-cartacea-valida-per-espatrio-ecco-cosa-fare\/"},"author":{"name":"Gabriele Bassani","@id":"https:\/\/www.ilnotiziario.net\/wp\/#\/schema\/person\/386e222908f898bb41c033989482bbf2"},"headline":"Carta d\u2019identit\u00e0 cartacea, non sar\u00e0 pi\u00f9 valida per l\u2019espatrio, ecco cosa fare","datePublished":"2025-06-25T19:15:20+00:00","mainEntityOfPage":{"@id":"https:\/\/www.ilnotiziario.net\/wp\/buonoasapersi\/carta-identita-cartacea-valida-per-espatrio-ecco-cosa-fare\/"},"wordCount":390,"publisher":{"@id":"https:\/\/www.ilnotiziario.net\/wp\/#organization"},"image":{"@id":"https:\/\/www.ilnotiziario.net\/wp\/buonoasapersi\/carta-identita-cartacea-valida-per-espatrio-ecco-cosa-fare\/#primaryimage"},"thumbnailUrl":"https:\/\/www.ilnotiziario.net\/wp\/wp-content\/uploads\/2025\/06\/carta-identita-cartacea.jpg","keywords":["carta d'identit\u00e0","cartacea","documenti","scadenza"],"articleSection":["BUONO A SAPERSI"],"inLanguage":"it-IT"},{"@type":"WebPage","@id":"https:\/\/www.ilnotiziario.net\/wp\/buonoasapersi\/carta-identita-cartacea-valida-per-espatrio-ecco-cosa-fare\/","url":"https:\/\/www.ilnotiziario.net\/wp\/buonoasapersi\/carta-identita-cartacea-valida-per-espatrio-ecco-cosa-fare\/","name":"Carta identit\u00e0 cartacea valida","isPartOf":{"@id":"https:\/\/www.ilnotiziario.net\/wp\/#website"},"primaryImageOfPage":{"@id":"https:\/\/www.ilnotiziario.net\/wp\/buonoasapersi\/carta-identita-cartacea-valida-per-espatrio-ecco-cosa-fare\/#primaryimage"},"image":{"@id":"https:\/\/www.ilnotiziario.net\/wp\/buonoasapersi\/carta-identita-cartacea-valida-per-espatrio-ecco-cosa-fare\/#primaryimage"},"thumbnailUrl":"https:\/\/www.ilnotiziario.net\/wp\/wp-content\/uploads\/2025\/06\/carta-identita-cartacea.jpg","datePublished":"2025-06-25T19:15:20+00:00","description":"La carta d'identit\u00e0 cartacea&nbsp; presto non sar\u00e0 pi\u00f9 valida per l'espatrio.&nbsp; A partire dal 3 agosto 2026, tutte le carte d\u2019identit\u00e0 cartacee","breadcrumb":{"@id":"https:\/\/www.ilnotiziario.net\/wp\/buonoasapersi\/carta-identita-cartacea-valida-per-espatrio-ecco-cosa-fare\/#breadcrumb"},"inLanguage":"it-IT","potentialAction":[{"@type":"ReadAction","target":["https:\/\/www.ilnotiziario.net\/wp\/buonoasapersi\/carta-identita-cartacea-valida-per-espatrio-ecco-cosa-fare\/"]}]},{"@type":"ImageObject","inLanguage":"it-IT","@id":"https:\/\/www.ilnotiziario.net\/wp\/buonoasapersi\/carta-identita-cartacea-valida-per-espatrio-ecco-cosa-fare\/#primaryimage","url":"https:\/\/www.ilnotiziario.net\/wp\/wp-content\/uploads\/2025\/06\/carta-identita-cartacea.jpg","contentUrl":"https:\/\/www.ilnotiziario.net\/wp\/wp-content\/uploads\/2025\/06\/carta-identita-cartacea.jpg","width":720,"height":505,"caption":"carta identit\u00e0 cartacea"},{"@type":"BreadcrumbList","@id":"https:\/\/www.ilnotiziario.net\/wp\/buonoasapersi\/carta-identita-cartacea-valida-per-espatrio-ecco-cosa-fare\/#breadcrumb","itemListElement":[{"@type":"ListItem","position":1,"name":"tds_text_logo_tagline_colortds_text_logo_tagline_colortds_text_logo_tagline_colortds_text_logo_tagline_colortd_module_7_title_excerpttd_module_7_title_excerpttd_module_7_title_excerpttd_module_7_title_excerptHome","item":"https:\/\/www.ilnotiziario.net\/wp\/"},{"@type":"ListItem","position":2,"name":"Carta d\u2019identit\u00e0 cartacea, non sar\u00e0 pi\u00f9 valida per l\u2019espatrio, ecco cosa fare"}]},{"@type":"WebSite","@id":"https:\/\/www.ilnotiziario.net\/wp\/#website","url":"https:\/\/www.ilnotiziario.net\/wp\/","name":"Il Notiziario","description":"Per restare sempre connessi alla notizia","publisher":{"@id":"https:\/\/www.ilnotiziario.net\/wp\/#organization"},"alternateName":"Il Notiziario Bollate","potentialAction":[{"@type":"SearchAction","target":{"@type":"EntryPoint","urlTemplate":"https:\/\/www.ilnotiziario.net\/wp\/?s={search_term_string}"},"query-input":{"@type":"PropertyValueSpecification","valueRequired":true,"valueName":"search_term_string"}}],"inLanguage":"it-IT"},{"@type":"Organization","@id":"https:\/\/www.ilnotiziario.net\/wp\/#organization","name":"Il Notiziario","url":"https:\/\/www.ilnotiziario.net\/wp\/","logo":{"@type":"ImageObject","inLanguage":"it-IT","@id":"https:\/\/www.ilnotiziario.net\/wp\/#\/schema\/logo\/image\/","url":"https:\/\/www.ilnotiziario.net\/wp\/wp-content\/uploads\/2022\/06\/170x170ilN.png","contentUrl":"https:\/\/www.ilnotiziario.net\/wp\/wp-content\/uploads\/2022\/06\/170x170ilN.png","width":355,"height":355,"caption":"Il Notiziario"},"image":{"@id":"https:\/\/www.ilnotiziario.net\/wp\/#\/schema\/logo\/image\/"},"sameAs":["https:\/\/www.facebook.com\/ilnotiziarioind\/","https:\/\/x.com\/ilNotiziarioInd","https:\/\/www.instagram.com\/ilnotiziario_settimanale\/"]},{"@type":"Person","@id":"https:\/\/www.ilnotiziario.net\/wp\/#\/schema\/person\/386e222908f898bb41c033989482bbf2","name":"Gabriele Bassani","image":{"@type":"ImageObject","inLanguage":"it-IT","@id":"https:\/\/secure.gravatar.com\/avatar\/09274f4a84fa97698bde56f84b3afed61c8492d48b0550db9671b68c177479cb?s=96&d=mm&r=g","url":"https:\/\/secure.gravatar.com\/avatar\/09274f4a84fa97698bde56f84b3afed61c8492d48b0550db9671b68c177479cb?s=96&d=mm&r=g","contentUrl":"https:\/\/secure.gravatar.com\/avatar\/09274f4a84fa97698bde56f84b3afed61c8492d48b0550db9671b68c177479cb?s=96&d=mm&r=g","caption":"Gabriele Bassani"},"sameAs":["http:\/\/www.ilnotiziario.net"]}]}},"_links":{"self":[{"href":"https:\/\/www.ilnotiziario.net\/wp\/wp-json\/wp\/v2\/posts\/207415","targetHints":{"allow":["GET"]}}],"collection":[{"href":"https:\/\/www.ilnotiziario.net\/wp\/wp-json\/wp\/v2\/posts"}],"about":[{"href":"https:\/\/www.ilnotiziario.net\/wp\/wp-json\/wp\/v2\/types\/post"}],"author":[{"embeddable":true,"href":"https:\/\/www.ilnotiziario.net\/wp\/wp-json\/wp\/v2\/users\/3"}],"replies":[{"embeddable":true,"href":"https:\/\/www.ilnotiziario.net\/wp\/wp-json\/wp\/v2\/comments?post=207415"}],"version-history":[{"count":0,"href":"https:\/\/www.ilnotiziario.net\/wp\/wp-json\/wp\/v2\/posts\/207415\/revisions"}],"wp:featuredmedia":[{"embeddable":true,"href":"https:\/\/www.ilnotiziario.net\/wp\/wp-json\/wp\/v2\/media\/207416"}],"wp:attachment":[{"href":"https:\/\/www.ilnotiziario.net\/wp\/wp-json\/wp\/v2\/media?parent=207415"}],"wp:term":[{"taxonomy":"category","embeddable":true,"href":"https:\/\/www.ilnotiziario.net\/wp\/wp-json\/wp\/v2\/categories?post=207415"},{"taxonomy":"post_tag","embeddable":true,"href":"https:\/\/www.ilnotiziario.net\/wp\/wp-json\/wp\/v2\/tags?post=207415"}],"curies":[{"name":"wp","href":"https:\/\/api.w.org\/{rel}","templated":true}]}}