{"id":207445,"date":"2025-06-29T10:01:26","date_gmt":"2025-06-29T08:01:26","guid":{"rendered":"https:\/\/www.ilnotiziario.net\/wp\/?p=207445"},"modified":"2025-06-29T08:04:19","modified_gmt":"2025-06-29T06:04:19","slug":"baranzate-ladro-in-casa-fugge-e-si-infortuna-preso-dai-cc","status":"publish","type":"post","link":"https:\/\/www.ilnotiziario.net\/wp\/prima-pagina\/baranzate-ladro-in-casa-fugge-e-si-infortuna-preso-dai-cc\/","title":{"rendered":"Baranzate, ladro in casa scappa dal balcone e si fa male, preso dai carabinieri"},"content":{"rendered":"<p>Baranzate, ladro in casa fugge e si&nbsp; fa male: preso dai Carabinieri<br \/>\nLuned\u00ec scorso attorno alle 6 del mattino, a Baranzate i militari Tenenza dei Carabinieri di Bollate hanno tratto in arresto in flagranza di tentato furto aggravato un cittadino straniero regolare in Italia, con precedenti.<\/p><div id=\"ilnot-2933109732\" class=\"ilnot-contenuto ilnot-entity-placement\"><p><!-- incontent_1 --><\/p>\n<div class=\"gptslot\" data-adunitid=\"1\"><\/div>\n<\/div>\n<h2>Il ladro, straniero, aveva chiesto rifugio ad alcuni connazionali<\/h2>\n<p>Alle ore 3.30 circa della notte, su segnalazione pervenuta al \u201c112\u201d, i Carabinieri erano intervenuti in un condominio di via Gradisca dove un cittadino residente in quel condominio aveva segnalato di aver sorpreso un malfattore mentre tentava di accedere all\u2019interno della sua abitazione grazie al buio della notte, dopo aver forzato e sollevato una tapparella della camera da letto.<\/p>\n<p>Il rumore ha svegliato il proprietario che ha messo in fuga il ladro. Questo per fuggire si \u00e8 lanciato dal balcone del primo piano, facendosi male poich\u00e9 si \u00e8 allontanato zoppicando.<\/p><div id=\"ilnot-3963699066\" class=\"ilnot-contenuto_2 ilnot-entity-placement\"><div class=\"ads-wrapper\">\n<div class=\"ad-slot\">\n   <div id=\"ilnot-3924730856\" style=\"margin-right: auto;margin-left: auto;text-align: center;width: 320px;height: 100px;\"><a href=\"https:\/\/www.scuolasicurezza.it\/\"><img decoding=\"async\" src=\"https:\/\/www.ilnotiziario.net\/wp\/wp-content\/uploads\/2026\/04\/IlNotiziario_banner-sito-e-newsletter-320-x-100-px-1.gif\" alt=\"\"><\/a><\/div>\n  <\/div>\n<div class=\"ad-slot\">\n   <div id=\"ilnot-3560418688\" style=\"margin-right: auto;margin-left: auto;text-align: center;width: 320px;height: 100px;\"><a href=\"https:\/\/purodesignarredamenti.com\/\"><img decoding=\"async\" src=\"https:\/\/www.ilnotiziario.net\/wp\/wp-content\/uploads\/2026\/04\/banner-puro-ok.gif\" alt=\"whatsapp\"><\/a><\/div><\/p><\/div>\n<\/div>\n<\/div>\n<p>Acquisita la descrizione del malfattore e l\u2019indicazione che l\u2019uomo si era infortunato, i Carabinieri hanno avviato immediate ricerche e poco dopo sono riusciti a rintracciare il ladro all\u2019interno di un\u2019abitazione poco distante, ove aveva richiesto rifugio ad alcuni connazionali. Arrestato, terminate le formalit\u00e0 di rito, \u00e8 stato trattenuto presso le camere di sicurezza, in attesa di essere giudicato con rito direttissimo al tribunale di Milano.<\/p>\n","protected":false},"excerpt":{"rendered":"<p>Baranzate, ladro in casa fugge e si&nbsp; fa male: preso dai Carabinieri Luned\u00ec scorso attorno alle 6 del mattino, a Baranzate i militari Tenenza dei Carabinieri di Bollate hanno tratto in arresto in flagranza di tentato furto aggravato un cittadino straniero regolare in Italia, con precedenti. Il ladro, straniero, aveva chiesto rifugio ad alcuni connazionali<\/p>\n","protected":false},"author":14,"featured_media":207446,"comment_status":"closed","ping_status":"closed","sticky":false,"template":"","format":"standard","meta":{"footnotes":""},"categories":[8,20],"tags":[29,16875,17896,1032],"class_list":{"0":"post-207445","1":"post","2":"type-post","3":"status-publish","4":"format-standard","5":"has-post-thumbnail","7":"category-bollatese","8":"category-prima-pagina","9":"tag-baranzate","10":"tag-fugge","11":"tag-infortuna","12":"tag-ladro"},"yoast_head":"<!-- This site is optimized with the Yoast SEO plugin v27.4 - https:\/\/yoast.com\/product\/yoast-seo-wordpress\/ -->\n<title>Baranzate, ladro in casa scappa dal balcone e si fa male, preso dai carabinieri - Il Notiziario<\/title>\n<meta name=\"description\" content=\"Baranzate, ladro in casa fugge e si&nbsp; fa male: preso dai Carabinieri Luned\u00ec scorso attorno alle 6 del mattino, a Baranzate i militari Tenenza dei\" \/>\n<meta name=\"robots\" content=\"index, follow, max-snippet:-1, max-image-preview:large, max-video-preview:-1\" \/>\n<link rel=\"canonical\" href=\"https:\/\/www.ilnotiziario.net\/wp\/prima-pagina\/baranzate-ladro-in-casa-fugge-e-si-infortuna-preso-dai-cc\/\" \/>\n<meta property=\"og:locale\" content=\"it_IT\" \/>\n<meta property=\"og:type\" content=\"article\" \/>\n<meta property=\"og:title\" content=\"Baranzate, ladro in casa scappa dal balcone e si fa male, preso dai carabinieri - Il Notiziario\" \/>\n<meta property=\"og:description\" content=\"Baranzate, ladro in casa fugge e si&nbsp; fa male: preso dai Carabinieri Luned\u00ec scorso attorno alle 6 del mattino, a Baranzate i militari Tenenza dei\" \/>\n<meta property=\"og:url\" content=\"https:\/\/www.ilnotiziario.net\/wp\/prima-pagina\/baranzate-ladro-in-casa-fugge-e-si-infortuna-preso-dai-cc\/\" \/>\n<meta property=\"og:site_name\" content=\"Il Notiziario\" \/>\n<meta property=\"article:publisher\" content=\"https:\/\/www.facebook.com\/ilnotiziarioind\/\" \/>\n<meta property=\"article:published_time\" content=\"2025-06-29T08:01:26+00:00\" \/>\n<meta property=\"og:image\" content=\"https:\/\/www.ilnotiziario.net\/wp\/wp-content\/uploads\/2025\/06\/Baranzate-ladro-fugge-infortuna.jpg\" \/>\n\t<meta property=\"og:image:width\" content=\"720\" \/>\n\t<meta property=\"og:image:height\" content=\"344\" \/>\n\t<meta property=\"og:image:type\" content=\"image\/jpeg\" \/>\n<meta name=\"author\" content=\"Silvia Citterio\" \/>\n<meta name=\"twitter:card\" content=\"summary_large_image\" \/>\n<meta name=\"twitter:creator\" content=\"@ilNotiziarioInd\" \/>\n<meta name=\"twitter:site\" content=\"@ilNotiziarioInd\" \/>\n<meta name=\"twitter:label1\" content=\"Scritto da\" \/>\n\t<meta name=\"twitter:data1\" content=\"Silvia Citterio\" \/>\n\t<meta name=\"twitter:label2\" content=\"Tempo di lettura stimato\" \/>\n\t<meta name=\"twitter:data2\" content=\"2 minuti\" \/>\n<script type=\"application\/ld+json\" class=\"yoast-schema-graph\">{\"@context\":\"https:\\\/\\\/schema.org\",\"@graph\":[{\"@type\":\"Article\",\"@id\":\"https:\\\/\\\/www.ilnotiziario.net\\\/wp\\\/prima-pagina\\\/baranzate-ladro-in-casa-fugge-e-si-infortuna-preso-dai-cc\\\/#article\",\"isPartOf\":{\"@id\":\"https:\\\/\\\/www.ilnotiziario.net\\\/wp\\\/prima-pagina\\\/baranzate-ladro-in-casa-fugge-e-si-infortuna-preso-dai-cc\\\/\"},\"author\":{\"name\":\"Silvia Citterio\",\"@id\":\"https:\\\/\\\/www.ilnotiziario.net\\\/wp\\\/#\\\/schema\\\/person\\\/c5bca2edc3d99d29959f04a6126f687b\"},\"headline\":\"Baranzate, ladro in casa scappa dal balcone e si fa male, preso dai carabinieri\",\"datePublished\":\"2025-06-29T08:01:26+00:00\",\"mainEntityOfPage\":{\"@id\":\"https:\\\/\\\/www.ilnotiziario.net\\\/wp\\\/prima-pagina\\\/baranzate-ladro-in-casa-fugge-e-si-infortuna-preso-dai-cc\\\/\"},\"wordCount\":224,\"publisher\":{\"@id\":\"https:\\\/\\\/www.ilnotiziario.net\\\/wp\\\/#organization\"},\"image\":{\"@id\":\"https:\\\/\\\/www.ilnotiziario.net\\\/wp\\\/prima-pagina\\\/baranzate-ladro-in-casa-fugge-e-si-infortuna-preso-dai-cc\\\/#primaryimage\"},\"thumbnailUrl\":\"https:\\\/\\\/www.ilnotiziario.net\\\/wp\\\/wp-content\\\/uploads\\\/2025\\\/06\\\/Baranzate-ladro-fugge-infortuna.jpg\",\"keywords\":[\"Baranzate\",\"fugge\",\"infortuna\",\"Ladro\"],\"articleSection\":[\"BOLLATESE\",\"Prima Pagina\"],\"inLanguage\":\"it-IT\"},{\"@type\":\"WebPage\",\"@id\":\"https:\\\/\\\/www.ilnotiziario.net\\\/wp\\\/prima-pagina\\\/baranzate-ladro-in-casa-fugge-e-si-infortuna-preso-dai-cc\\\/\",\"url\":\"https:\\\/\\\/www.ilnotiziario.net\\\/wp\\\/prima-pagina\\\/baranzate-ladro-in-casa-fugge-e-si-infortuna-preso-dai-cc\\\/\",\"name\":\"Baranzate, ladro in casa scappa dal balcone e si fa male, preso dai carabinieri - Il Notiziario\",\"isPartOf\":{\"@id\":\"https:\\\/\\\/www.ilnotiziario.net\\\/wp\\\/#website\"},\"primaryImageOfPage\":{\"@id\":\"https:\\\/\\\/www.ilnotiziario.net\\\/wp\\\/prima-pagina\\\/baranzate-ladro-in-casa-fugge-e-si-infortuna-preso-dai-cc\\\/#primaryimage\"},\"image\":{\"@id\":\"https:\\\/\\\/www.ilnotiziario.net\\\/wp\\\/prima-pagina\\\/baranzate-ladro-in-casa-fugge-e-si-infortuna-preso-dai-cc\\\/#primaryimage\"},\"thumbnailUrl\":\"https:\\\/\\\/www.ilnotiziario.net\\\/wp\\\/wp-content\\\/uploads\\\/2025\\\/06\\\/Baranzate-ladro-fugge-infortuna.jpg\",\"datePublished\":\"2025-06-29T08:01:26+00:00\",\"description\":\"Baranzate, ladro in casa fugge e si&nbsp; fa male: preso dai Carabinieri Luned\u00ec scorso attorno alle 6 del mattino, a Baranzate i militari Tenenza dei\",\"breadcrumb\":{\"@id\":\"https:\\\/\\\/www.ilnotiziario.net\\\/wp\\\/prima-pagina\\\/baranzate-ladro-in-casa-fugge-e-si-infortuna-preso-dai-cc\\\/#breadcrumb\"},\"inLanguage\":\"it-IT\",\"potentialAction\":[{\"@type\":\"ReadAction\",\"target\":[\"https:\\\/\\\/www.ilnotiziario.net\\\/wp\\\/prima-pagina\\\/baranzate-ladro-in-casa-fugge-e-si-infortuna-preso-dai-cc\\\/\"]}]},{\"@type\":\"ImageObject\",\"inLanguage\":\"it-IT\",\"@id\":\"https:\\\/\\\/www.ilnotiziario.net\\\/wp\\\/prima-pagina\\\/baranzate-ladro-in-casa-fugge-e-si-infortuna-preso-dai-cc\\\/#primaryimage\",\"url\":\"https:\\\/\\\/www.ilnotiziario.net\\\/wp\\\/wp-content\\\/uploads\\\/2025\\\/06\\\/Baranzate-ladro-fugge-infortuna.jpg\",\"contentUrl\":\"https:\\\/\\\/www.ilnotiziario.net\\\/wp\\\/wp-content\\\/uploads\\\/2025\\\/06\\\/Baranzate-ladro-fugge-infortuna.jpg\",\"width\":720,\"height\":344,\"caption\":\"Baranzate ladro fugge infortuna\"},{\"@type\":\"BreadcrumbList\",\"@id\":\"https:\\\/\\\/www.ilnotiziario.net\\\/wp\\\/prima-pagina\\\/baranzate-ladro-in-casa-fugge-e-si-infortuna-preso-dai-cc\\\/#breadcrumb\",\"itemListElement\":[{\"@type\":\"ListItem\",\"position\":1,\"name\":\"tds_text_logo_tagline_colortds_text_logo_tagline_colortds_text_logo_tagline_colortds_text_logo_tagline_colortd_module_7_title_excerpttd_module_7_title_excerpttd_module_7_title_excerpttd_module_7_title_excerptHome\",\"item\":\"https:\\\/\\\/www.ilnotiziario.net\\\/wp\\\/\"},{\"@type\":\"ListItem\",\"position\":2,\"name\":\"Baranzate, ladro in casa scappa dal balcone e si fa male, preso dai carabinieri\"}]},{\"@type\":\"WebSite\",\"@id\":\"https:\\\/\\\/www.ilnotiziario.net\\\/wp\\\/#website\",\"url\":\"https:\\\/\\\/www.ilnotiziario.net\\\/wp\\\/\",\"name\":\"Il Notiziario\",\"description\":\"Per restare sempre connessi alla notizia\",\"publisher\":{\"@id\":\"https:\\\/\\\/www.ilnotiziario.net\\\/wp\\\/#organization\"},\"alternateName\":\"Il Notiziario Bollate\",\"potentialAction\":[{\"@type\":\"SearchAction\",\"target\":{\"@type\":\"EntryPoint\",\"urlTemplate\":\"https:\\\/\\\/www.ilnotiziario.net\\\/wp\\\/?s={search_term_string}\"},\"query-input\":{\"@type\":\"PropertyValueSpecification\",\"valueRequired\":true,\"valueName\":\"search_term_string\"}}],\"inLanguage\":\"it-IT\"},{\"@type\":\"Organization\",\"@id\":\"https:\\\/\\\/www.ilnotiziario.net\\\/wp\\\/#organization\",\"name\":\"Il Notiziario\",\"url\":\"https:\\\/\\\/www.ilnotiziario.net\\\/wp\\\/\",\"logo\":{\"@type\":\"ImageObject\",\"inLanguage\":\"it-IT\",\"@id\":\"https:\\\/\\\/www.ilnotiziario.net\\\/wp\\\/#\\\/schema\\\/logo\\\/image\\\/\",\"url\":\"https:\\\/\\\/www.ilnotiziario.net\\\/wp\\\/wp-content\\\/uploads\\\/2022\\\/06\\\/170x170ilN.png\",\"contentUrl\":\"https:\\\/\\\/www.ilnotiziario.net\\\/wp\\\/wp-content\\\/uploads\\\/2022\\\/06\\\/170x170ilN.png\",\"width\":355,\"height\":355,\"caption\":\"Il Notiziario\"},\"image\":{\"@id\":\"https:\\\/\\\/www.ilnotiziario.net\\\/wp\\\/#\\\/schema\\\/logo\\\/image\\\/\"},\"sameAs\":[\"https:\\\/\\\/www.facebook.com\\\/ilnotiziarioind\\\/\",\"https:\\\/\\\/x.com\\\/ilNotiziarioInd\",\"https:\\\/\\\/www.instagram.com\\\/ilnotiziario_settimanale\\\/\"]},{\"@type\":\"Person\",\"@id\":\"https:\\\/\\\/www.ilnotiziario.net\\\/wp\\\/#\\\/schema\\\/person\\\/c5bca2edc3d99d29959f04a6126f687b\",\"name\":\"Silvia Citterio\",\"image\":{\"@type\":\"ImageObject\",\"inLanguage\":\"it-IT\",\"@id\":\"https:\\\/\\\/secure.gravatar.com\\\/avatar\\\/03eb19c63b944e79a9b5ce53ca5d1ca303edcf368a68721ec3ccaae7f98c5afd?s=96&d=mm&r=g\",\"url\":\"https:\\\/\\\/secure.gravatar.com\\\/avatar\\\/03eb19c63b944e79a9b5ce53ca5d1ca303edcf368a68721ec3ccaae7f98c5afd?s=96&d=mm&r=g\",\"contentUrl\":\"https:\\\/\\\/secure.gravatar.com\\\/avatar\\\/03eb19c63b944e79a9b5ce53ca5d1ca303edcf368a68721ec3ccaae7f98c5afd?s=96&d=mm&r=g\",\"caption\":\"Silvia Citterio\"}}]}<\/script>\n<!-- \/ Yoast SEO plugin. -->","yoast_head_json":{"title":"Baranzate, ladro in casa scappa dal balcone e si fa male, preso dai carabinieri - Il Notiziario","description":"Baranzate, ladro in casa fugge e si&nbsp; fa male: preso dai Carabinieri Luned\u00ec scorso attorno alle 6 del mattino, a Baranzate i militari Tenenza dei","robots":{"index":"index","follow":"follow","max-snippet":"max-snippet:-1","max-image-preview":"max-image-preview:large","max-video-preview":"max-video-preview:-1"},"canonical":"https:\/\/www.ilnotiziario.net\/wp\/prima-pagina\/baranzate-ladro-in-casa-fugge-e-si-infortuna-preso-dai-cc\/","og_locale":"it_IT","og_type":"article","og_title":"Baranzate, ladro in casa scappa dal balcone e si fa male, preso dai carabinieri - Il Notiziario","og_description":"Baranzate, ladro in casa fugge e si&nbsp; fa male: preso dai Carabinieri Luned\u00ec scorso attorno alle 6 del mattino, a Baranzate i militari Tenenza dei","og_url":"https:\/\/www.ilnotiziario.net\/wp\/prima-pagina\/baranzate-ladro-in-casa-fugge-e-si-infortuna-preso-dai-cc\/","og_site_name":"Il Notiziario","article_publisher":"https:\/\/www.facebook.com\/ilnotiziarioind\/","article_published_time":"2025-06-29T08:01:26+00:00","og_image":[{"width":720,"height":344,"url":"https:\/\/www.ilnotiziario.net\/wp\/wp-content\/uploads\/2025\/06\/Baranzate-ladro-fugge-infortuna.jpg","type":"image\/jpeg"}],"author":"Silvia Citterio","twitter_card":"summary_large_image","twitter_creator":"@ilNotiziarioInd","twitter_site":"@ilNotiziarioInd","twitter_misc":{"Scritto da":"Silvia Citterio","Tempo di lettura stimato":"2 minuti"},"schema":{"@context":"https:\/\/schema.org","@graph":[{"@type":"Article","@id":"https:\/\/www.ilnotiziario.net\/wp\/prima-pagina\/baranzate-ladro-in-casa-fugge-e-si-infortuna-preso-dai-cc\/#article","isPartOf":{"@id":"https:\/\/www.ilnotiziario.net\/wp\/prima-pagina\/baranzate-ladro-in-casa-fugge-e-si-infortuna-preso-dai-cc\/"},"author":{"name":"Silvia Citterio","@id":"https:\/\/www.ilnotiziario.net\/wp\/#\/schema\/person\/c5bca2edc3d99d29959f04a6126f687b"},"headline":"Baranzate, ladro in casa scappa dal balcone e si fa male, preso dai carabinieri","datePublished":"2025-06-29T08:01:26+00:00","mainEntityOfPage":{"@id":"https:\/\/www.ilnotiziario.net\/wp\/prima-pagina\/baranzate-ladro-in-casa-fugge-e-si-infortuna-preso-dai-cc\/"},"wordCount":224,"publisher":{"@id":"https:\/\/www.ilnotiziario.net\/wp\/#organization"},"image":{"@id":"https:\/\/www.ilnotiziario.net\/wp\/prima-pagina\/baranzate-ladro-in-casa-fugge-e-si-infortuna-preso-dai-cc\/#primaryimage"},"thumbnailUrl":"https:\/\/www.ilnotiziario.net\/wp\/wp-content\/uploads\/2025\/06\/Baranzate-ladro-fugge-infortuna.jpg","keywords":["Baranzate","fugge","infortuna","Ladro"],"articleSection":["BOLLATESE","Prima Pagina"],"inLanguage":"it-IT"},{"@type":"WebPage","@id":"https:\/\/www.ilnotiziario.net\/wp\/prima-pagina\/baranzate-ladro-in-casa-fugge-e-si-infortuna-preso-dai-cc\/","url":"https:\/\/www.ilnotiziario.net\/wp\/prima-pagina\/baranzate-ladro-in-casa-fugge-e-si-infortuna-preso-dai-cc\/","name":"Baranzate, ladro in casa scappa dal balcone e si fa male, preso dai carabinieri - Il Notiziario","isPartOf":{"@id":"https:\/\/www.ilnotiziario.net\/wp\/#website"},"primaryImageOfPage":{"@id":"https:\/\/www.ilnotiziario.net\/wp\/prima-pagina\/baranzate-ladro-in-casa-fugge-e-si-infortuna-preso-dai-cc\/#primaryimage"},"image":{"@id":"https:\/\/www.ilnotiziario.net\/wp\/prima-pagina\/baranzate-ladro-in-casa-fugge-e-si-infortuna-preso-dai-cc\/#primaryimage"},"thumbnailUrl":"https:\/\/www.ilnotiziario.net\/wp\/wp-content\/uploads\/2025\/06\/Baranzate-ladro-fugge-infortuna.jpg","datePublished":"2025-06-29T08:01:26+00:00","description":"Baranzate, ladro in casa fugge e si&nbsp; fa male: preso dai Carabinieri Luned\u00ec scorso attorno alle 6 del mattino, a Baranzate i militari Tenenza dei","breadcrumb":{"@id":"https:\/\/www.ilnotiziario.net\/wp\/prima-pagina\/baranzate-ladro-in-casa-fugge-e-si-infortuna-preso-dai-cc\/#breadcrumb"},"inLanguage":"it-IT","potentialAction":[{"@type":"ReadAction","target":["https:\/\/www.ilnotiziario.net\/wp\/prima-pagina\/baranzate-ladro-in-casa-fugge-e-si-infortuna-preso-dai-cc\/"]}]},{"@type":"ImageObject","inLanguage":"it-IT","@id":"https:\/\/www.ilnotiziario.net\/wp\/prima-pagina\/baranzate-ladro-in-casa-fugge-e-si-infortuna-preso-dai-cc\/#primaryimage","url":"https:\/\/www.ilnotiziario.net\/wp\/wp-content\/uploads\/2025\/06\/Baranzate-ladro-fugge-infortuna.jpg","contentUrl":"https:\/\/www.ilnotiziario.net\/wp\/wp-content\/uploads\/2025\/06\/Baranzate-ladro-fugge-infortuna.jpg","width":720,"height":344,"caption":"Baranzate ladro fugge infortuna"},{"@type":"BreadcrumbList","@id":"https:\/\/www.ilnotiziario.net\/wp\/prima-pagina\/baranzate-ladro-in-casa-fugge-e-si-infortuna-preso-dai-cc\/#breadcrumb","itemListElement":[{"@type":"ListItem","position":1,"name":"tds_text_logo_tagline_colortds_text_logo_tagline_colortds_text_logo_tagline_colortds_text_logo_tagline_colortd_module_7_title_excerpttd_module_7_title_excerpttd_module_7_title_excerpttd_module_7_title_excerptHome","item":"https:\/\/www.ilnotiziario.net\/wp\/"},{"@type":"ListItem","position":2,"name":"Baranzate, ladro in casa scappa dal balcone e si fa male, preso dai carabinieri"}]},{"@type":"WebSite","@id":"https:\/\/www.ilnotiziario.net\/wp\/#website","url":"https:\/\/www.ilnotiziario.net\/wp\/","name":"Il Notiziario","description":"Per restare sempre connessi alla notizia","publisher":{"@id":"https:\/\/www.ilnotiziario.net\/wp\/#organization"},"alternateName":"Il Notiziario Bollate","potentialAction":[{"@type":"SearchAction","target":{"@type":"EntryPoint","urlTemplate":"https:\/\/www.ilnotiziario.net\/wp\/?s={search_term_string}"},"query-input":{"@type":"PropertyValueSpecification","valueRequired":true,"valueName":"search_term_string"}}],"inLanguage":"it-IT"},{"@type":"Organization","@id":"https:\/\/www.ilnotiziario.net\/wp\/#organization","name":"Il Notiziario","url":"https:\/\/www.ilnotiziario.net\/wp\/","logo":{"@type":"ImageObject","inLanguage":"it-IT","@id":"https:\/\/www.ilnotiziario.net\/wp\/#\/schema\/logo\/image\/","url":"https:\/\/www.ilnotiziario.net\/wp\/wp-content\/uploads\/2022\/06\/170x170ilN.png","contentUrl":"https:\/\/www.ilnotiziario.net\/wp\/wp-content\/uploads\/2022\/06\/170x170ilN.png","width":355,"height":355,"caption":"Il Notiziario"},"image":{"@id":"https:\/\/www.ilnotiziario.net\/wp\/#\/schema\/logo\/image\/"},"sameAs":["https:\/\/www.facebook.com\/ilnotiziarioind\/","https:\/\/x.com\/ilNotiziarioInd","https:\/\/www.instagram.com\/ilnotiziario_settimanale\/"]},{"@type":"Person","@id":"https:\/\/www.ilnotiziario.net\/wp\/#\/schema\/person\/c5bca2edc3d99d29959f04a6126f687b","name":"Silvia Citterio","image":{"@type":"ImageObject","inLanguage":"it-IT","@id":"https:\/\/secure.gravatar.com\/avatar\/03eb19c63b944e79a9b5ce53ca5d1ca303edcf368a68721ec3ccaae7f98c5afd?s=96&d=mm&r=g","url":"https:\/\/secure.gravatar.com\/avatar\/03eb19c63b944e79a9b5ce53ca5d1ca303edcf368a68721ec3ccaae7f98c5afd?s=96&d=mm&r=g","contentUrl":"https:\/\/secure.gravatar.com\/avatar\/03eb19c63b944e79a9b5ce53ca5d1ca303edcf368a68721ec3ccaae7f98c5afd?s=96&d=mm&r=g","caption":"Silvia Citterio"}}]}},"_links":{"self":[{"href":"https:\/\/www.ilnotiziario.net\/wp\/wp-json\/wp\/v2\/posts\/207445","targetHints":{"allow":["GET"]}}],"collection":[{"href":"https:\/\/www.ilnotiziario.net\/wp\/wp-json\/wp\/v2\/posts"}],"about":[{"href":"https:\/\/www.ilnotiziario.net\/wp\/wp-json\/wp\/v2\/types\/post"}],"author":[{"embeddable":true,"href":"https:\/\/www.ilnotiziario.net\/wp\/wp-json\/wp\/v2\/users\/14"}],"replies":[{"embeddable":true,"href":"https:\/\/www.ilnotiziario.net\/wp\/wp-json\/wp\/v2\/comments?post=207445"}],"version-history":[{"count":0,"href":"https:\/\/www.ilnotiziario.net\/wp\/wp-json\/wp\/v2\/posts\/207445\/revisions"}],"wp:featuredmedia":[{"embeddable":true,"href":"https:\/\/www.ilnotiziario.net\/wp\/wp-json\/wp\/v2\/media\/207446"}],"wp:attachment":[{"href":"https:\/\/www.ilnotiziario.net\/wp\/wp-json\/wp\/v2\/media?parent=207445"}],"wp:term":[{"taxonomy":"category","embeddable":true,"href":"https:\/\/www.ilnotiziario.net\/wp\/wp-json\/wp\/v2\/categories?post=207445"},{"taxonomy":"post_tag","embeddable":true,"href":"https:\/\/www.ilnotiziario.net\/wp\/wp-json\/wp\/v2\/tags?post=207445"}],"curies":[{"name":"wp","href":"https:\/\/api.w.org\/{rel}","templated":true}]}}