{"id":207597,"date":"2025-07-01T12:47:14","date_gmt":"2025-07-01T10:47:14","guid":{"rendered":"https:\/\/www.ilnotiziario.net\/wp\/?p=207597"},"modified":"2025-07-01T12:47:14","modified_gmt":"2025-07-01T10:47:14","slug":"nuova-tassa-sui-ricercatori-in-italia-colpiti-ancora-una-volta-giovani-laureati","status":"publish","type":"post","link":"https:\/\/www.ilnotiziario.net\/wp\/buonoasapersi\/nuova-tassa-sui-ricercatori-in-italia-colpiti-ancora-una-volta-giovani-laureati\/","title":{"rendered":"Nuova tassa sui ricercatori  in Italia: colpiti ancora una volta giovani laureati"},"content":{"rendered":"<p>Dal 7 giugno 2025 l\u2019Italia ha deciso di tassare anche le borse di studio post laurea per attivit\u00e0 di ricerca, eliminando l\u2019esenzione Irpef di cui godevano fino ad allora. Lo prevede il decreto Pnrr-scuola, che introduce nuove figure contrattuali per i ricercatori (gli \u201cincarichi di ricerca\u201d e \u201cpost doc\u201d) mantenendo per queste l\u2019esenzione fiscale, ma non per le vecchie borse di studio gi\u00e0 assegnate o comunque al di fuori di queste nuove definizioni.<\/p><div id=\"ilnot-1648907398\" class=\"ilnot-contenuto ilnot-entity-placement\"><p><!-- incontent_1 --><\/p>\n<div class=\"gptslot\" data-adunitid=\"1\"><\/div>\n<\/div>\n<p>Il risultato? Chi ha gi\u00e0 ottenuto una borsa di studio post laurea ora si ritrova a percepire importi pi\u00f9 bassi, perch\u00e9 soggetti a tassazione come un normale reddito da lavoro. Un vero e proprio paradosso: le universit\u00e0 possono continuare a erogare borse di ricerca, ma queste vengono tassate come fossero stipendi, pur essendo importi spesso molto modesti.<\/p>\n<h2>Tasse sulle borse di ricerca: la&nbsp; beffa in un Paese in cui molti giovani laureati vanno all&#8217;estero per avere stipendi pi\u00f9 dignitosi&nbsp;<\/h2>\n<p>\u00c8 l\u2019ennesima beffa ai danni di giovani studiosi, che spesso lasciano l\u2019Italia in cerca di condizioni lavorative pi\u00f9 dignitose all\u2019estero. Invece di incentivare il ritorno dei cervelli o almeno sostenere chi cerca di restare, lo Stato impone nuove tasse anche a chi guadagna poco e fa ricerca, producendo un gettito fiscale irrisorio, dato che i beneficiari sono pochi e le somme basse. Ma il segnale politico \u00e8 devastante.<\/p><div id=\"ilnot-1466366990\" class=\"ilnot-contenuto_2 ilnot-entity-placement\"><div class=\"ads-wrapper\">\n<div class=\"ad-slot\">\n   <div id=\"ilnot-2194865456\" style=\"margin-right: auto;margin-left: auto;text-align: center;width: 320px;height: 100px;\"><a href=\"https:\/\/www.scuolasicurezza.it\/\"><img decoding=\"async\" src=\"https:\/\/www.ilnotiziario.net\/wp\/wp-content\/uploads\/2026\/04\/IlNotiziario_banner-sito-e-newsletter-320-x-100-px-1.gif\" alt=\"\"><\/a><\/div>\n  <\/div>\n<div class=\"ad-slot\">\n   <div id=\"ilnot-3330973785\" style=\"margin-right: auto;margin-left: auto;text-align: center;width: 320px;height: 100px;\"><a href=\"https:\/\/purodesignarredamenti.com\/\"><img decoding=\"async\" src=\"https:\/\/www.ilnotiziario.net\/wp\/wp-content\/uploads\/2026\/04\/banner-puro-ok.gif\" alt=\"whatsapp\"><\/a><\/div><\/p><\/div>\n<\/div>\n<\/div>\n<p>Il Ministero sostiene che le borse gi\u00e0 assegnate prima del 7 giugno siano salve, ma restano dubbi interpretativi e nessuna clausola transitoria chiara. Inoltre, per il futuro, solo chi rientra nelle nuove (poche) tipologie di contratto sar\u00e0 esente, mentre tutti gli altri giovani ricercatori dovranno pagare le tasse su borse di studio da 800-1000 euro al mese.<\/p>\n<p>Un vero pasticcio legislativo che, invece di valorizzare il merito e l\u2019impegno, spinge ancora pi\u00f9 giovani a lasciare il Paese.<\/p>\n","protected":false},"excerpt":{"rendered":"<p>Dal 7 giugno 2025 l\u2019Italia ha deciso di tassare anche le borse di studio post laurea per attivit\u00e0 di ricerca, eliminando l\u2019esenzione Irpef di cui godevano fino ad allora. Lo prevede il decreto Pnrr-scuola, che introduce nuove figure contrattuali per i ricercatori (gli \u201cincarichi di ricerca\u201d e \u201cpost doc\u201d) mantenendo per queste l\u2019esenzione fiscale, ma<\/p>\n","protected":false},"author":3,"featured_media":207598,"comment_status":"closed","ping_status":"closed","sticky":false,"template":"","format":"standard","meta":{"footnotes":""},"categories":[4193],"tags":[1742,17917,17916,2276],"class_list":{"0":"post-207597","1":"post","2":"type-post","3":"status-publish","4":"format-standard","5":"has-post-thumbnail","7":"category-buonoasapersi","8":"tag-beffa","9":"tag-laureati","10":"tag-ricercatori","11":"tag-tassa"},"yoast_head":"<!-- This site is optimized with the Yoast SEO plugin v27.4 - https:\/\/yoast.com\/product\/yoast-seo-wordpress\/ -->\n<title>Nuova tassa sui ricercatori in Italia: colpiti ancora una volta giovani laureati - Il Notiziario<\/title>\n<meta name=\"description\" content=\"Dal 7 giugno 2025 l\u2019Italia ha deciso di tassare anche le borse di studio post laurea per attivit\u00e0 di ricerca, eliminando l\u2019esenzione Irpef di cui godevano\" \/>\n<meta name=\"robots\" content=\"index, follow, max-snippet:-1, max-image-preview:large, max-video-preview:-1\" \/>\n<link rel=\"canonical\" href=\"https:\/\/www.ilnotiziario.net\/wp\/buonoasapersi\/nuova-tassa-sui-ricercatori-in-italia-colpiti-ancora-una-volta-giovani-laureati\/\" \/>\n<meta property=\"og:locale\" content=\"it_IT\" \/>\n<meta property=\"og:type\" content=\"article\" \/>\n<meta property=\"og:title\" content=\"Nuova tassa sui ricercatori in Italia: colpiti ancora una volta giovani laureati - Il Notiziario\" \/>\n<meta property=\"og:description\" content=\"Dal 7 giugno 2025 l\u2019Italia ha deciso di tassare anche le borse di studio post laurea per attivit\u00e0 di ricerca, eliminando l\u2019esenzione Irpef di cui godevano\" \/>\n<meta property=\"og:url\" content=\"https:\/\/www.ilnotiziario.net\/wp\/buonoasapersi\/nuova-tassa-sui-ricercatori-in-italia-colpiti-ancora-una-volta-giovani-laureati\/\" \/>\n<meta property=\"og:site_name\" content=\"Il Notiziario\" \/>\n<meta property=\"article:publisher\" content=\"https:\/\/www.facebook.com\/ilnotiziarioind\/\" \/>\n<meta property=\"article:published_time\" content=\"2025-07-01T10:47:14+00:00\" \/>\n<meta property=\"og:image\" content=\"https:\/\/www.ilnotiziario.net\/wp\/wp-content\/uploads\/2025\/07\/ricercatore.jpg\" \/>\n\t<meta property=\"og:image:width\" content=\"640\" \/>\n\t<meta property=\"og:image:height\" content=\"427\" \/>\n\t<meta property=\"og:image:type\" content=\"image\/jpeg\" \/>\n<meta name=\"author\" content=\"Gabriele Bassani\" \/>\n<meta name=\"twitter:card\" content=\"summary_large_image\" \/>\n<meta name=\"twitter:creator\" content=\"@ilNotiziarioInd\" \/>\n<meta name=\"twitter:site\" content=\"@ilNotiziarioInd\" \/>\n<meta name=\"twitter:label1\" content=\"Scritto da\" \/>\n\t<meta name=\"twitter:data1\" content=\"Gabriele Bassani\" \/>\n\t<meta name=\"twitter:label2\" content=\"Tempo di lettura stimato\" \/>\n\t<meta name=\"twitter:data2\" content=\"2 minuti\" \/>\n<script type=\"application\/ld+json\" class=\"yoast-schema-graph\">{\"@context\":\"https:\\\/\\\/schema.org\",\"@graph\":[{\"@type\":\"Article\",\"@id\":\"https:\\\/\\\/www.ilnotiziario.net\\\/wp\\\/buonoasapersi\\\/nuova-tassa-sui-ricercatori-in-italia-colpiti-ancora-una-volta-giovani-laureati\\\/#article\",\"isPartOf\":{\"@id\":\"https:\\\/\\\/www.ilnotiziario.net\\\/wp\\\/buonoasapersi\\\/nuova-tassa-sui-ricercatori-in-italia-colpiti-ancora-una-volta-giovani-laureati\\\/\"},\"author\":{\"name\":\"Gabriele Bassani\",\"@id\":\"https:\\\/\\\/www.ilnotiziario.net\\\/wp\\\/#\\\/schema\\\/person\\\/386e222908f898bb41c033989482bbf2\"},\"headline\":\"Nuova tassa sui ricercatori in Italia: colpiti ancora una volta giovani laureati\",\"datePublished\":\"2025-07-01T10:47:14+00:00\",\"mainEntityOfPage\":{\"@id\":\"https:\\\/\\\/www.ilnotiziario.net\\\/wp\\\/buonoasapersi\\\/nuova-tassa-sui-ricercatori-in-italia-colpiti-ancora-una-volta-giovani-laureati\\\/\"},\"wordCount\":314,\"publisher\":{\"@id\":\"https:\\\/\\\/www.ilnotiziario.net\\\/wp\\\/#organization\"},\"image\":{\"@id\":\"https:\\\/\\\/www.ilnotiziario.net\\\/wp\\\/buonoasapersi\\\/nuova-tassa-sui-ricercatori-in-italia-colpiti-ancora-una-volta-giovani-laureati\\\/#primaryimage\"},\"thumbnailUrl\":\"https:\\\/\\\/www.ilnotiziario.net\\\/wp\\\/wp-content\\\/uploads\\\/2025\\\/07\\\/ricercatore.jpg\",\"keywords\":[\"beffa\",\"laureati\",\"ricercatori\",\"tassa\"],\"articleSection\":[\"BUONO A SAPERSI\"],\"inLanguage\":\"it-IT\"},{\"@type\":\"WebPage\",\"@id\":\"https:\\\/\\\/www.ilnotiziario.net\\\/wp\\\/buonoasapersi\\\/nuova-tassa-sui-ricercatori-in-italia-colpiti-ancora-una-volta-giovani-laureati\\\/\",\"url\":\"https:\\\/\\\/www.ilnotiziario.net\\\/wp\\\/buonoasapersi\\\/nuova-tassa-sui-ricercatori-in-italia-colpiti-ancora-una-volta-giovani-laureati\\\/\",\"name\":\"Nuova tassa sui ricercatori in Italia: colpiti ancora una volta giovani laureati - Il Notiziario\",\"isPartOf\":{\"@id\":\"https:\\\/\\\/www.ilnotiziario.net\\\/wp\\\/#website\"},\"primaryImageOfPage\":{\"@id\":\"https:\\\/\\\/www.ilnotiziario.net\\\/wp\\\/buonoasapersi\\\/nuova-tassa-sui-ricercatori-in-italia-colpiti-ancora-una-volta-giovani-laureati\\\/#primaryimage\"},\"image\":{\"@id\":\"https:\\\/\\\/www.ilnotiziario.net\\\/wp\\\/buonoasapersi\\\/nuova-tassa-sui-ricercatori-in-italia-colpiti-ancora-una-volta-giovani-laureati\\\/#primaryimage\"},\"thumbnailUrl\":\"https:\\\/\\\/www.ilnotiziario.net\\\/wp\\\/wp-content\\\/uploads\\\/2025\\\/07\\\/ricercatore.jpg\",\"datePublished\":\"2025-07-01T10:47:14+00:00\",\"description\":\"Dal 7 giugno 2025 l\u2019Italia ha deciso di tassare anche le borse di studio post laurea per attivit\u00e0 di ricerca, eliminando l\u2019esenzione Irpef di cui godevano\",\"breadcrumb\":{\"@id\":\"https:\\\/\\\/www.ilnotiziario.net\\\/wp\\\/buonoasapersi\\\/nuova-tassa-sui-ricercatori-in-italia-colpiti-ancora-una-volta-giovani-laureati\\\/#breadcrumb\"},\"inLanguage\":\"it-IT\",\"potentialAction\":[{\"@type\":\"ReadAction\",\"target\":[\"https:\\\/\\\/www.ilnotiziario.net\\\/wp\\\/buonoasapersi\\\/nuova-tassa-sui-ricercatori-in-italia-colpiti-ancora-una-volta-giovani-laureati\\\/\"]}]},{\"@type\":\"ImageObject\",\"inLanguage\":\"it-IT\",\"@id\":\"https:\\\/\\\/www.ilnotiziario.net\\\/wp\\\/buonoasapersi\\\/nuova-tassa-sui-ricercatori-in-italia-colpiti-ancora-una-volta-giovani-laureati\\\/#primaryimage\",\"url\":\"https:\\\/\\\/www.ilnotiziario.net\\\/wp\\\/wp-content\\\/uploads\\\/2025\\\/07\\\/ricercatore.jpg\",\"contentUrl\":\"https:\\\/\\\/www.ilnotiziario.net\\\/wp\\\/wp-content\\\/uploads\\\/2025\\\/07\\\/ricercatore.jpg\",\"width\":640,\"height\":427,\"caption\":\"Foto di Edward Jenner: https:\\\/\\\/www.pexels.com\\\/it-it\\\/foto\\\/persona-donna-alla-ricerca-lavoro-4033304\\\/\"},{\"@type\":\"BreadcrumbList\",\"@id\":\"https:\\\/\\\/www.ilnotiziario.net\\\/wp\\\/buonoasapersi\\\/nuova-tassa-sui-ricercatori-in-italia-colpiti-ancora-una-volta-giovani-laureati\\\/#breadcrumb\",\"itemListElement\":[{\"@type\":\"ListItem\",\"position\":1,\"name\":\"tds_text_logo_tagline_colortds_text_logo_tagline_colortds_text_logo_tagline_colortds_text_logo_tagline_colortd_module_7_title_excerpttd_module_7_title_excerpttd_module_7_title_excerpttd_module_7_title_excerptHome\",\"item\":\"https:\\\/\\\/www.ilnotiziario.net\\\/wp\\\/\"},{\"@type\":\"ListItem\",\"position\":2,\"name\":\"Nuova tassa sui ricercatori in Italia: colpiti ancora una volta giovani laureati\"}]},{\"@type\":\"WebSite\",\"@id\":\"https:\\\/\\\/www.ilnotiziario.net\\\/wp\\\/#website\",\"url\":\"https:\\\/\\\/www.ilnotiziario.net\\\/wp\\\/\",\"name\":\"Il Notiziario\",\"description\":\"Per restare sempre connessi alla notizia\",\"publisher\":{\"@id\":\"https:\\\/\\\/www.ilnotiziario.net\\\/wp\\\/#organization\"},\"alternateName\":\"Il Notiziario Bollate\",\"potentialAction\":[{\"@type\":\"SearchAction\",\"target\":{\"@type\":\"EntryPoint\",\"urlTemplate\":\"https:\\\/\\\/www.ilnotiziario.net\\\/wp\\\/?s={search_term_string}\"},\"query-input\":{\"@type\":\"PropertyValueSpecification\",\"valueRequired\":true,\"valueName\":\"search_term_string\"}}],\"inLanguage\":\"it-IT\"},{\"@type\":\"Organization\",\"@id\":\"https:\\\/\\\/www.ilnotiziario.net\\\/wp\\\/#organization\",\"name\":\"Il Notiziario\",\"url\":\"https:\\\/\\\/www.ilnotiziario.net\\\/wp\\\/\",\"logo\":{\"@type\":\"ImageObject\",\"inLanguage\":\"it-IT\",\"@id\":\"https:\\\/\\\/www.ilnotiziario.net\\\/wp\\\/#\\\/schema\\\/logo\\\/image\\\/\",\"url\":\"https:\\\/\\\/www.ilnotiziario.net\\\/wp\\\/wp-content\\\/uploads\\\/2022\\\/06\\\/170x170ilN.png\",\"contentUrl\":\"https:\\\/\\\/www.ilnotiziario.net\\\/wp\\\/wp-content\\\/uploads\\\/2022\\\/06\\\/170x170ilN.png\",\"width\":355,\"height\":355,\"caption\":\"Il Notiziario\"},\"image\":{\"@id\":\"https:\\\/\\\/www.ilnotiziario.net\\\/wp\\\/#\\\/schema\\\/logo\\\/image\\\/\"},\"sameAs\":[\"https:\\\/\\\/www.facebook.com\\\/ilnotiziarioind\\\/\",\"https:\\\/\\\/x.com\\\/ilNotiziarioInd\",\"https:\\\/\\\/www.instagram.com\\\/ilnotiziario_settimanale\\\/\"]},{\"@type\":\"Person\",\"@id\":\"https:\\\/\\\/www.ilnotiziario.net\\\/wp\\\/#\\\/schema\\\/person\\\/386e222908f898bb41c033989482bbf2\",\"name\":\"Gabriele Bassani\",\"image\":{\"@type\":\"ImageObject\",\"inLanguage\":\"it-IT\",\"@id\":\"https:\\\/\\\/secure.gravatar.com\\\/avatar\\\/09274f4a84fa97698bde56f84b3afed61c8492d48b0550db9671b68c177479cb?s=96&d=mm&r=g\",\"url\":\"https:\\\/\\\/secure.gravatar.com\\\/avatar\\\/09274f4a84fa97698bde56f84b3afed61c8492d48b0550db9671b68c177479cb?s=96&d=mm&r=g\",\"contentUrl\":\"https:\\\/\\\/secure.gravatar.com\\\/avatar\\\/09274f4a84fa97698bde56f84b3afed61c8492d48b0550db9671b68c177479cb?s=96&d=mm&r=g\",\"caption\":\"Gabriele Bassani\"},\"sameAs\":[\"http:\\\/\\\/www.ilnotiziario.net\"]}]}<\/script>\n<!-- \/ Yoast SEO plugin. -->","yoast_head_json":{"title":"Nuova tassa sui ricercatori in Italia: colpiti ancora una volta giovani laureati - Il Notiziario","description":"Dal 7 giugno 2025 l\u2019Italia ha deciso di tassare anche le borse di studio post laurea per attivit\u00e0 di ricerca, eliminando l\u2019esenzione Irpef di cui godevano","robots":{"index":"index","follow":"follow","max-snippet":"max-snippet:-1","max-image-preview":"max-image-preview:large","max-video-preview":"max-video-preview:-1"},"canonical":"https:\/\/www.ilnotiziario.net\/wp\/buonoasapersi\/nuova-tassa-sui-ricercatori-in-italia-colpiti-ancora-una-volta-giovani-laureati\/","og_locale":"it_IT","og_type":"article","og_title":"Nuova tassa sui ricercatori in Italia: colpiti ancora una volta giovani laureati - Il Notiziario","og_description":"Dal 7 giugno 2025 l\u2019Italia ha deciso di tassare anche le borse di studio post laurea per attivit\u00e0 di ricerca, eliminando l\u2019esenzione Irpef di cui godevano","og_url":"https:\/\/www.ilnotiziario.net\/wp\/buonoasapersi\/nuova-tassa-sui-ricercatori-in-italia-colpiti-ancora-una-volta-giovani-laureati\/","og_site_name":"Il Notiziario","article_publisher":"https:\/\/www.facebook.com\/ilnotiziarioind\/","article_published_time":"2025-07-01T10:47:14+00:00","og_image":[{"width":640,"height":427,"url":"https:\/\/www.ilnotiziario.net\/wp\/wp-content\/uploads\/2025\/07\/ricercatore.jpg","type":"image\/jpeg"}],"author":"Gabriele Bassani","twitter_card":"summary_large_image","twitter_creator":"@ilNotiziarioInd","twitter_site":"@ilNotiziarioInd","twitter_misc":{"Scritto da":"Gabriele Bassani","Tempo di lettura stimato":"2 minuti"},"schema":{"@context":"https:\/\/schema.org","@graph":[{"@type":"Article","@id":"https:\/\/www.ilnotiziario.net\/wp\/buonoasapersi\/nuova-tassa-sui-ricercatori-in-italia-colpiti-ancora-una-volta-giovani-laureati\/#article","isPartOf":{"@id":"https:\/\/www.ilnotiziario.net\/wp\/buonoasapersi\/nuova-tassa-sui-ricercatori-in-italia-colpiti-ancora-una-volta-giovani-laureati\/"},"author":{"name":"Gabriele Bassani","@id":"https:\/\/www.ilnotiziario.net\/wp\/#\/schema\/person\/386e222908f898bb41c033989482bbf2"},"headline":"Nuova tassa sui ricercatori in Italia: colpiti ancora una volta giovani laureati","datePublished":"2025-07-01T10:47:14+00:00","mainEntityOfPage":{"@id":"https:\/\/www.ilnotiziario.net\/wp\/buonoasapersi\/nuova-tassa-sui-ricercatori-in-italia-colpiti-ancora-una-volta-giovani-laureati\/"},"wordCount":314,"publisher":{"@id":"https:\/\/www.ilnotiziario.net\/wp\/#organization"},"image":{"@id":"https:\/\/www.ilnotiziario.net\/wp\/buonoasapersi\/nuova-tassa-sui-ricercatori-in-italia-colpiti-ancora-una-volta-giovani-laureati\/#primaryimage"},"thumbnailUrl":"https:\/\/www.ilnotiziario.net\/wp\/wp-content\/uploads\/2025\/07\/ricercatore.jpg","keywords":["beffa","laureati","ricercatori","tassa"],"articleSection":["BUONO A SAPERSI"],"inLanguage":"it-IT"},{"@type":"WebPage","@id":"https:\/\/www.ilnotiziario.net\/wp\/buonoasapersi\/nuova-tassa-sui-ricercatori-in-italia-colpiti-ancora-una-volta-giovani-laureati\/","url":"https:\/\/www.ilnotiziario.net\/wp\/buonoasapersi\/nuova-tassa-sui-ricercatori-in-italia-colpiti-ancora-una-volta-giovani-laureati\/","name":"Nuova tassa sui ricercatori in Italia: colpiti ancora una volta giovani laureati - Il Notiziario","isPartOf":{"@id":"https:\/\/www.ilnotiziario.net\/wp\/#website"},"primaryImageOfPage":{"@id":"https:\/\/www.ilnotiziario.net\/wp\/buonoasapersi\/nuova-tassa-sui-ricercatori-in-italia-colpiti-ancora-una-volta-giovani-laureati\/#primaryimage"},"image":{"@id":"https:\/\/www.ilnotiziario.net\/wp\/buonoasapersi\/nuova-tassa-sui-ricercatori-in-italia-colpiti-ancora-una-volta-giovani-laureati\/#primaryimage"},"thumbnailUrl":"https:\/\/www.ilnotiziario.net\/wp\/wp-content\/uploads\/2025\/07\/ricercatore.jpg","datePublished":"2025-07-01T10:47:14+00:00","description":"Dal 7 giugno 2025 l\u2019Italia ha deciso di tassare anche le borse di studio post laurea per attivit\u00e0 di ricerca, eliminando l\u2019esenzione Irpef di cui godevano","breadcrumb":{"@id":"https:\/\/www.ilnotiziario.net\/wp\/buonoasapersi\/nuova-tassa-sui-ricercatori-in-italia-colpiti-ancora-una-volta-giovani-laureati\/#breadcrumb"},"inLanguage":"it-IT","potentialAction":[{"@type":"ReadAction","target":["https:\/\/www.ilnotiziario.net\/wp\/buonoasapersi\/nuova-tassa-sui-ricercatori-in-italia-colpiti-ancora-una-volta-giovani-laureati\/"]}]},{"@type":"ImageObject","inLanguage":"it-IT","@id":"https:\/\/www.ilnotiziario.net\/wp\/buonoasapersi\/nuova-tassa-sui-ricercatori-in-italia-colpiti-ancora-una-volta-giovani-laureati\/#primaryimage","url":"https:\/\/www.ilnotiziario.net\/wp\/wp-content\/uploads\/2025\/07\/ricercatore.jpg","contentUrl":"https:\/\/www.ilnotiziario.net\/wp\/wp-content\/uploads\/2025\/07\/ricercatore.jpg","width":640,"height":427,"caption":"Foto di Edward Jenner: https:\/\/www.pexels.com\/it-it\/foto\/persona-donna-alla-ricerca-lavoro-4033304\/"},{"@type":"BreadcrumbList","@id":"https:\/\/www.ilnotiziario.net\/wp\/buonoasapersi\/nuova-tassa-sui-ricercatori-in-italia-colpiti-ancora-una-volta-giovani-laureati\/#breadcrumb","itemListElement":[{"@type":"ListItem","position":1,"name":"tds_text_logo_tagline_colortds_text_logo_tagline_colortds_text_logo_tagline_colortds_text_logo_tagline_colortd_module_7_title_excerpttd_module_7_title_excerpttd_module_7_title_excerpttd_module_7_title_excerptHome","item":"https:\/\/www.ilnotiziario.net\/wp\/"},{"@type":"ListItem","position":2,"name":"Nuova tassa sui ricercatori in Italia: colpiti ancora una volta giovani laureati"}]},{"@type":"WebSite","@id":"https:\/\/www.ilnotiziario.net\/wp\/#website","url":"https:\/\/www.ilnotiziario.net\/wp\/","name":"Il Notiziario","description":"Per restare sempre connessi alla notizia","publisher":{"@id":"https:\/\/www.ilnotiziario.net\/wp\/#organization"},"alternateName":"Il Notiziario Bollate","potentialAction":[{"@type":"SearchAction","target":{"@type":"EntryPoint","urlTemplate":"https:\/\/www.ilnotiziario.net\/wp\/?s={search_term_string}"},"query-input":{"@type":"PropertyValueSpecification","valueRequired":true,"valueName":"search_term_string"}}],"inLanguage":"it-IT"},{"@type":"Organization","@id":"https:\/\/www.ilnotiziario.net\/wp\/#organization","name":"Il Notiziario","url":"https:\/\/www.ilnotiziario.net\/wp\/","logo":{"@type":"ImageObject","inLanguage":"it-IT","@id":"https:\/\/www.ilnotiziario.net\/wp\/#\/schema\/logo\/image\/","url":"https:\/\/www.ilnotiziario.net\/wp\/wp-content\/uploads\/2022\/06\/170x170ilN.png","contentUrl":"https:\/\/www.ilnotiziario.net\/wp\/wp-content\/uploads\/2022\/06\/170x170ilN.png","width":355,"height":355,"caption":"Il Notiziario"},"image":{"@id":"https:\/\/www.ilnotiziario.net\/wp\/#\/schema\/logo\/image\/"},"sameAs":["https:\/\/www.facebook.com\/ilnotiziarioind\/","https:\/\/x.com\/ilNotiziarioInd","https:\/\/www.instagram.com\/ilnotiziario_settimanale\/"]},{"@type":"Person","@id":"https:\/\/www.ilnotiziario.net\/wp\/#\/schema\/person\/386e222908f898bb41c033989482bbf2","name":"Gabriele Bassani","image":{"@type":"ImageObject","inLanguage":"it-IT","@id":"https:\/\/secure.gravatar.com\/avatar\/09274f4a84fa97698bde56f84b3afed61c8492d48b0550db9671b68c177479cb?s=96&d=mm&r=g","url":"https:\/\/secure.gravatar.com\/avatar\/09274f4a84fa97698bde56f84b3afed61c8492d48b0550db9671b68c177479cb?s=96&d=mm&r=g","contentUrl":"https:\/\/secure.gravatar.com\/avatar\/09274f4a84fa97698bde56f84b3afed61c8492d48b0550db9671b68c177479cb?s=96&d=mm&r=g","caption":"Gabriele Bassani"},"sameAs":["http:\/\/www.ilnotiziario.net"]}]}},"_links":{"self":[{"href":"https:\/\/www.ilnotiziario.net\/wp\/wp-json\/wp\/v2\/posts\/207597","targetHints":{"allow":["GET"]}}],"collection":[{"href":"https:\/\/www.ilnotiziario.net\/wp\/wp-json\/wp\/v2\/posts"}],"about":[{"href":"https:\/\/www.ilnotiziario.net\/wp\/wp-json\/wp\/v2\/types\/post"}],"author":[{"embeddable":true,"href":"https:\/\/www.ilnotiziario.net\/wp\/wp-json\/wp\/v2\/users\/3"}],"replies":[{"embeddable":true,"href":"https:\/\/www.ilnotiziario.net\/wp\/wp-json\/wp\/v2\/comments?post=207597"}],"version-history":[{"count":0,"href":"https:\/\/www.ilnotiziario.net\/wp\/wp-json\/wp\/v2\/posts\/207597\/revisions"}],"wp:featuredmedia":[{"embeddable":true,"href":"https:\/\/www.ilnotiziario.net\/wp\/wp-json\/wp\/v2\/media\/207598"}],"wp:attachment":[{"href":"https:\/\/www.ilnotiziario.net\/wp\/wp-json\/wp\/v2\/media?parent=207597"}],"wp:term":[{"taxonomy":"category","embeddable":true,"href":"https:\/\/www.ilnotiziario.net\/wp\/wp-json\/wp\/v2\/categories?post=207597"},{"taxonomy":"post_tag","embeddable":true,"href":"https:\/\/www.ilnotiziario.net\/wp\/wp-json\/wp\/v2\/tags?post=207597"}],"curies":[{"name":"wp","href":"https:\/\/api.w.org\/{rel}","templated":true}]}}