{"id":207671,"date":"2025-07-03T14:53:35","date_gmt":"2025-07-03T12:53:35","guid":{"rendered":"https:\/\/www.ilnotiziario.net\/wp\/?p=207671"},"modified":"2025-07-03T14:53:35","modified_gmt":"2025-07-03T12:53:35","slug":"misinto-bierfest-2025-da-stasera-un-angolo-di-baviera-in-brianza-tutto-il-programma-e-gli-orari","status":"publish","type":"post","link":"https:\/\/www.ilnotiziario.net\/wp\/appuntamenti-della-settimana\/misinto-bierfest-2025-da-stasera-un-angolo-di-baviera-in-brianza-tutto-il-programma-e-gli-orari\/","title":{"rendered":"Misinto Bierfest 2025, da stasera un angolo di Baviera in Brianza, tutto il programma e gli orari"},"content":{"rendered":"<p>Questa sera, gioved\u00ec 3 luglio partir\u00e0 la 28esima edizione della Misinto Bierfest che proseguir\u00e0 fino al 19 luglio. Si comincia alle 17.30 nell\u2019area feste di via Marconi, cuore della manifestazione, dove si trovano il M\u00f6nchshof Stadl (capace di accogliere oltre 2.000 persone) e la splendida area beach esterna &#8211; il Villaggio della Birra-: sabbia vera, ombrelloni, sdraio, luci calde e l\u2019atmosfera perfetta per un aperitivo estivo all\u2019aria aperta.<\/p><div id=\"ilnot-3091267307\" class=\"ilnot-contenuto ilnot-entity-placement\"><p><!-- incontent_1 --><\/p>\n<div class=\"gptslot\" data-adunitid=\"1\"><\/div>\n<\/div>\n<p>&nbsp;<\/p>\n<h2>Spiaggia e arrosticini per la Festa della Birra di Misinto<\/h2>\n<p>Dal tardo pomeriggio si potr\u00e0 gustare birra ghiacciata M\u00f6nchshof accompagnata da arrosticini abruzzesi alla brace e bruschette in diverse varianti. Il tutto a piedi nudi nella sabbia, tra amici, risate e relax, in un contesto che ricrea lo spirito di una vacanza al mare senza lasciare la Brianza.<\/p>\n<p>\u201cIl Villaggio della Birra, inaugurato lo scorso anno, \u00e8 uno degli spazi pi\u00f9 belli e d&#8217;atmosfera della nostra festa \u2013 ha spiegato Fabio Mondini, presidente di Gam E20 \u2013. \u00c8 il luogo del benvenuto, del relax e del primo brindisi. \u00c8 l\u00ec che si respira l\u2019anima estiva della Bierfest, fatta di convivialit\u00e0 semplice, qualit\u00e0 e voglia di stare insieme. Un luogo pensato per tutti, anche per chi vuole semplicemente godersi un aperitivo dopo la giornata di lavoro.<br \/>\nL&#8217;estate scorsa \u00e8 stato un luogo molto vissuto sia prima che durante la serata, abbiamo quindi voluto riproporlo certi di andare incontro ai gusti e alle aspettative dei nostri ospiti&#8221;.<\/p><div id=\"ilnot-2021269505\" class=\"ilnot-contenuto_2 ilnot-entity-placement\"><div class=\"ads-wrapper\">\n<div class=\"ad-slot\">\n   <div id=\"ilnot-830062999\" style=\"margin-right: auto;margin-left: auto;text-align: center;width: 320px;height: 100px;\"><a href=\"https:\/\/www.scuolasicurezza.it\/\"><img decoding=\"async\" src=\"https:\/\/www.ilnotiziario.net\/wp\/wp-content\/uploads\/2026\/04\/IlNotiziario_banner-sito-e-newsletter-320-x-100-px-1.gif\" alt=\"\"><\/a><\/div>\n  <\/div>\n<div class=\"ad-slot\">\n   <div id=\"ilnot-1744269622\" style=\"margin-right: auto;margin-left: auto;text-align: center;width: 320px;height: 100px;\"><a href=\"https:\/\/purodesignarredamenti.com\/\"><img decoding=\"async\" src=\"https:\/\/www.ilnotiziario.net\/wp\/wp-content\/uploads\/2026\/04\/banner-puro-ok.gif\" alt=\"whatsapp\"><\/a><\/div><\/p><\/div>\n<\/div>\n<\/div>\n<h2>Festa della Birra a Misinto, il programma dei live<\/h2>\n<p>Alle 21 circa di gioved\u00ec 3 luglio, il momento pi\u00f9 atteso: l\u2019apertura ufficiale della botte di birra, che segner\u00e0 l\u2019inizio della 28\u00aa edizione della Misinto Bierfest. A eseguire il rito sul palco sar\u00e0, come da tradizione, il sindaco di Misinto, Matteo Piuri, accanto al presidente dell\u2019associazione organizzatrice Gam E20, Fabio Mondini.<\/p>\n<p>Per il primo lungo weekend (3\u20136 luglio), sul palco sotto al tendone saliranno i Wilderer, storica band bavarese amata dal pubblico della Bierfest, pronti ad animare quattro serate di festa con folk tedesco, energia e divertimento.<\/p>\n<p>Nella seconda settimana, gli appuntamenti live sul palco propongono No Cap Party (10 luglio), Settesotto (11 luglio), Vaskom, tributo a Vasco (12 luglio) e Unibreak fest il 13 luglio, quando al mattino \u00e8 in programma anche la festa della famiglia. L\u2019appuntamento \u00e8 nell\u2019area feste di via Marconi, dal gioved\u00ec alla domenica, fino al prossimo 19 luglio<\/p><div id=\"ilnot-503220113\" class=\"ilnot-contenuto_2-2 ilnot-entity-placement\"><div class=\"gptslot\" data-adunitid=\"2\"><\/div>\n<\/div>\n","protected":false},"excerpt":{"rendered":"<p>Questa sera, gioved\u00ec 3 luglio partir\u00e0 la 28esima edizione della Misinto Bierfest che proseguir\u00e0 fino al 19 luglio. Si comincia alle 17.30 nell\u2019area feste di via Marconi, cuore della manifestazione, dove si trovano il M\u00f6nchshof Stadl (capace di accogliere oltre 2.000 persone) e la splendida area beach esterna &#8211; il Villaggio della Birra-: sabbia vera,<\/p>\n","protected":false},"author":3,"featured_media":207672,"comment_status":"closed","ping_status":"closed","sticky":false,"template":"","format":"standard","meta":{"footnotes":""},"categories":[277,9,20,13],"tags":[6279,3262,130,135],"class_list":{"0":"post-207671","1":"post","2":"type-post","3":"status-publish","4":"format-standard","5":"has-post-thumbnail","7":"category-appuntamenti-della-settimana","8":"category-brianza","9":"category-prima-pagina","10":"category-saronnese","11":"tag-bierfest","12":"tag-birra","13":"tag-festa","14":"tag-misinto"},"yoast_head":"<!-- This site is optimized with the Yoast SEO plugin v27.4 - https:\/\/yoast.com\/product\/yoast-seo-wordpress\/ -->\n<title>Misinto Bierfest 2025, da stasera un angolo di Baviera in Brianza, tutto il programma e gli orari - Il Notiziario<\/title>\n<meta name=\"description\" content=\"Questa sera, gioved\u00ec 3 luglio partir\u00e0 la 28esima edizione della Misinto Bierfest che proseguir\u00e0 fino al 19 luglio. Si comincia alle 17.30 nell\u2019area feste\" \/>\n<meta name=\"robots\" content=\"index, follow, max-snippet:-1, max-image-preview:large, max-video-preview:-1\" \/>\n<link rel=\"canonical\" href=\"https:\/\/www.ilnotiziario.net\/wp\/appuntamenti-della-settimana\/misinto-bierfest-2025-da-stasera-un-angolo-di-baviera-in-brianza-tutto-il-programma-e-gli-orari\/\" \/>\n<meta property=\"og:locale\" content=\"it_IT\" \/>\n<meta property=\"og:type\" content=\"article\" \/>\n<meta property=\"og:title\" content=\"Misinto Bierfest 2025, da stasera un angolo di Baviera in Brianza, tutto il programma e gli orari - Il Notiziario\" \/>\n<meta property=\"og:description\" content=\"Questa sera, gioved\u00ec 3 luglio partir\u00e0 la 28esima edizione della Misinto Bierfest che proseguir\u00e0 fino al 19 luglio. Si comincia alle 17.30 nell\u2019area feste\" \/>\n<meta property=\"og:url\" content=\"https:\/\/www.ilnotiziario.net\/wp\/appuntamenti-della-settimana\/misinto-bierfest-2025-da-stasera-un-angolo-di-baviera-in-brianza-tutto-il-programma-e-gli-orari\/\" \/>\n<meta property=\"og:site_name\" content=\"Il Notiziario\" \/>\n<meta property=\"article:publisher\" content=\"https:\/\/www.facebook.com\/ilnotiziarioind\/\" \/>\n<meta property=\"article:published_time\" content=\"2025-07-03T12:53:35+00:00\" \/>\n<meta property=\"og:image\" content=\"https:\/\/www.ilnotiziario.net\/wp\/wp-content\/uploads\/2025\/07\/misinto-bierfest-2024.jpg\" \/>\n\t<meta property=\"og:image:width\" content=\"1080\" \/>\n\t<meta property=\"og:image:height\" content=\"720\" \/>\n\t<meta property=\"og:image:type\" content=\"image\/jpeg\" \/>\n<meta name=\"author\" content=\"Gabriele Bassani\" \/>\n<meta name=\"twitter:card\" content=\"summary_large_image\" \/>\n<meta name=\"twitter:creator\" content=\"@ilNotiziarioInd\" \/>\n<meta name=\"twitter:site\" content=\"@ilNotiziarioInd\" \/>\n<meta name=\"twitter:label1\" content=\"Scritto da\" \/>\n\t<meta name=\"twitter:data1\" content=\"Gabriele Bassani\" \/>\n\t<meta name=\"twitter:label2\" content=\"Tempo di lettura stimato\" \/>\n\t<meta name=\"twitter:data2\" content=\"3 minuti\" \/>\n<script type=\"application\/ld+json\" class=\"yoast-schema-graph\">{\"@context\":\"https:\\\/\\\/schema.org\",\"@graph\":[{\"@type\":\"Article\",\"@id\":\"https:\\\/\\\/www.ilnotiziario.net\\\/wp\\\/appuntamenti-della-settimana\\\/misinto-bierfest-2025-da-stasera-un-angolo-di-baviera-in-brianza-tutto-il-programma-e-gli-orari\\\/#article\",\"isPartOf\":{\"@id\":\"https:\\\/\\\/www.ilnotiziario.net\\\/wp\\\/appuntamenti-della-settimana\\\/misinto-bierfest-2025-da-stasera-un-angolo-di-baviera-in-brianza-tutto-il-programma-e-gli-orari\\\/\"},\"author\":{\"name\":\"Gabriele Bassani\",\"@id\":\"https:\\\/\\\/www.ilnotiziario.net\\\/wp\\\/#\\\/schema\\\/person\\\/386e222908f898bb41c033989482bbf2\"},\"headline\":\"Misinto Bierfest 2025, da stasera un angolo di Baviera in Brianza, tutto il programma e gli orari\",\"datePublished\":\"2025-07-03T12:53:35+00:00\",\"mainEntityOfPage\":{\"@id\":\"https:\\\/\\\/www.ilnotiziario.net\\\/wp\\\/appuntamenti-della-settimana\\\/misinto-bierfest-2025-da-stasera-un-angolo-di-baviera-in-brianza-tutto-il-programma-e-gli-orari\\\/\"},\"wordCount\":394,\"publisher\":{\"@id\":\"https:\\\/\\\/www.ilnotiziario.net\\\/wp\\\/#organization\"},\"image\":{\"@id\":\"https:\\\/\\\/www.ilnotiziario.net\\\/wp\\\/appuntamenti-della-settimana\\\/misinto-bierfest-2025-da-stasera-un-angolo-di-baviera-in-brianza-tutto-il-programma-e-gli-orari\\\/#primaryimage\"},\"thumbnailUrl\":\"https:\\\/\\\/www.ilnotiziario.net\\\/wp\\\/wp-content\\\/uploads\\\/2025\\\/07\\\/misinto-bierfest-2024.jpg\",\"keywords\":[\"Bierfest\",\"Birra\",\"festa\",\"Misinto\"],\"articleSection\":[\"APPUNTAMENTI\",\"BRIANZA\",\"Prima Pagina\",\"SARONNESE\"],\"inLanguage\":\"it-IT\"},{\"@type\":\"WebPage\",\"@id\":\"https:\\\/\\\/www.ilnotiziario.net\\\/wp\\\/appuntamenti-della-settimana\\\/misinto-bierfest-2025-da-stasera-un-angolo-di-baviera-in-brianza-tutto-il-programma-e-gli-orari\\\/\",\"url\":\"https:\\\/\\\/www.ilnotiziario.net\\\/wp\\\/appuntamenti-della-settimana\\\/misinto-bierfest-2025-da-stasera-un-angolo-di-baviera-in-brianza-tutto-il-programma-e-gli-orari\\\/\",\"name\":\"Misinto Bierfest 2025, da stasera un angolo di Baviera in Brianza, tutto il programma e gli orari - Il Notiziario\",\"isPartOf\":{\"@id\":\"https:\\\/\\\/www.ilnotiziario.net\\\/wp\\\/#website\"},\"primaryImageOfPage\":{\"@id\":\"https:\\\/\\\/www.ilnotiziario.net\\\/wp\\\/appuntamenti-della-settimana\\\/misinto-bierfest-2025-da-stasera-un-angolo-di-baviera-in-brianza-tutto-il-programma-e-gli-orari\\\/#primaryimage\"},\"image\":{\"@id\":\"https:\\\/\\\/www.ilnotiziario.net\\\/wp\\\/appuntamenti-della-settimana\\\/misinto-bierfest-2025-da-stasera-un-angolo-di-baviera-in-brianza-tutto-il-programma-e-gli-orari\\\/#primaryimage\"},\"thumbnailUrl\":\"https:\\\/\\\/www.ilnotiziario.net\\\/wp\\\/wp-content\\\/uploads\\\/2025\\\/07\\\/misinto-bierfest-2024.jpg\",\"datePublished\":\"2025-07-03T12:53:35+00:00\",\"description\":\"Questa sera, gioved\u00ec 3 luglio partir\u00e0 la 28esima edizione della Misinto Bierfest che proseguir\u00e0 fino al 19 luglio. Si comincia alle 17.30 nell\u2019area feste\",\"breadcrumb\":{\"@id\":\"https:\\\/\\\/www.ilnotiziario.net\\\/wp\\\/appuntamenti-della-settimana\\\/misinto-bierfest-2025-da-stasera-un-angolo-di-baviera-in-brianza-tutto-il-programma-e-gli-orari\\\/#breadcrumb\"},\"inLanguage\":\"it-IT\",\"potentialAction\":[{\"@type\":\"ReadAction\",\"target\":[\"https:\\\/\\\/www.ilnotiziario.net\\\/wp\\\/appuntamenti-della-settimana\\\/misinto-bierfest-2025-da-stasera-un-angolo-di-baviera-in-brianza-tutto-il-programma-e-gli-orari\\\/\"]}]},{\"@type\":\"ImageObject\",\"inLanguage\":\"it-IT\",\"@id\":\"https:\\\/\\\/www.ilnotiziario.net\\\/wp\\\/appuntamenti-della-settimana\\\/misinto-bierfest-2025-da-stasera-un-angolo-di-baviera-in-brianza-tutto-il-programma-e-gli-orari\\\/#primaryimage\",\"url\":\"https:\\\/\\\/www.ilnotiziario.net\\\/wp\\\/wp-content\\\/uploads\\\/2025\\\/07\\\/misinto-bierfest-2024.jpg\",\"contentUrl\":\"https:\\\/\\\/www.ilnotiziario.net\\\/wp\\\/wp-content\\\/uploads\\\/2025\\\/07\\\/misinto-bierfest-2024.jpg\",\"width\":1080,\"height\":720,\"caption\":\"Misinto Bierfest Festa della Birra\"},{\"@type\":\"BreadcrumbList\",\"@id\":\"https:\\\/\\\/www.ilnotiziario.net\\\/wp\\\/appuntamenti-della-settimana\\\/misinto-bierfest-2025-da-stasera-un-angolo-di-baviera-in-brianza-tutto-il-programma-e-gli-orari\\\/#breadcrumb\",\"itemListElement\":[{\"@type\":\"ListItem\",\"position\":1,\"name\":\"tds_text_logo_tagline_colortds_text_logo_tagline_colortds_text_logo_tagline_colortds_text_logo_tagline_colortd_module_7_title_excerpttd_module_7_title_excerpttd_module_7_title_excerpttd_module_7_title_excerptHome\",\"item\":\"https:\\\/\\\/www.ilnotiziario.net\\\/wp\\\/\"},{\"@type\":\"ListItem\",\"position\":2,\"name\":\"Misinto Bierfest 2025, da stasera un angolo di Baviera in Brianza, tutto il programma e gli orari\"}]},{\"@type\":\"WebSite\",\"@id\":\"https:\\\/\\\/www.ilnotiziario.net\\\/wp\\\/#website\",\"url\":\"https:\\\/\\\/www.ilnotiziario.net\\\/wp\\\/\",\"name\":\"Il Notiziario\",\"description\":\"Per restare sempre connessi alla notizia\",\"publisher\":{\"@id\":\"https:\\\/\\\/www.ilnotiziario.net\\\/wp\\\/#organization\"},\"alternateName\":\"Il Notiziario Bollate\",\"potentialAction\":[{\"@type\":\"SearchAction\",\"target\":{\"@type\":\"EntryPoint\",\"urlTemplate\":\"https:\\\/\\\/www.ilnotiziario.net\\\/wp\\\/?s={search_term_string}\"},\"query-input\":{\"@type\":\"PropertyValueSpecification\",\"valueRequired\":true,\"valueName\":\"search_term_string\"}}],\"inLanguage\":\"it-IT\"},{\"@type\":\"Organization\",\"@id\":\"https:\\\/\\\/www.ilnotiziario.net\\\/wp\\\/#organization\",\"name\":\"Il Notiziario\",\"url\":\"https:\\\/\\\/www.ilnotiziario.net\\\/wp\\\/\",\"logo\":{\"@type\":\"ImageObject\",\"inLanguage\":\"it-IT\",\"@id\":\"https:\\\/\\\/www.ilnotiziario.net\\\/wp\\\/#\\\/schema\\\/logo\\\/image\\\/\",\"url\":\"https:\\\/\\\/www.ilnotiziario.net\\\/wp\\\/wp-content\\\/uploads\\\/2022\\\/06\\\/170x170ilN.png\",\"contentUrl\":\"https:\\\/\\\/www.ilnotiziario.net\\\/wp\\\/wp-content\\\/uploads\\\/2022\\\/06\\\/170x170ilN.png\",\"width\":355,\"height\":355,\"caption\":\"Il Notiziario\"},\"image\":{\"@id\":\"https:\\\/\\\/www.ilnotiziario.net\\\/wp\\\/#\\\/schema\\\/logo\\\/image\\\/\"},\"sameAs\":[\"https:\\\/\\\/www.facebook.com\\\/ilnotiziarioind\\\/\",\"https:\\\/\\\/x.com\\\/ilNotiziarioInd\",\"https:\\\/\\\/www.instagram.com\\\/ilnotiziario_settimanale\\\/\"]},{\"@type\":\"Person\",\"@id\":\"https:\\\/\\\/www.ilnotiziario.net\\\/wp\\\/#\\\/schema\\\/person\\\/386e222908f898bb41c033989482bbf2\",\"name\":\"Gabriele Bassani\",\"image\":{\"@type\":\"ImageObject\",\"inLanguage\":\"it-IT\",\"@id\":\"https:\\\/\\\/secure.gravatar.com\\\/avatar\\\/09274f4a84fa97698bde56f84b3afed61c8492d48b0550db9671b68c177479cb?s=96&d=mm&r=g\",\"url\":\"https:\\\/\\\/secure.gravatar.com\\\/avatar\\\/09274f4a84fa97698bde56f84b3afed61c8492d48b0550db9671b68c177479cb?s=96&d=mm&r=g\",\"contentUrl\":\"https:\\\/\\\/secure.gravatar.com\\\/avatar\\\/09274f4a84fa97698bde56f84b3afed61c8492d48b0550db9671b68c177479cb?s=96&d=mm&r=g\",\"caption\":\"Gabriele Bassani\"},\"sameAs\":[\"http:\\\/\\\/www.ilnotiziario.net\"]}]}<\/script>\n<!-- \/ Yoast SEO plugin. -->","yoast_head_json":{"title":"Misinto Bierfest 2025, da stasera un angolo di Baviera in Brianza, tutto il programma e gli orari - Il Notiziario","description":"Questa sera, gioved\u00ec 3 luglio partir\u00e0 la 28esima edizione della Misinto Bierfest che proseguir\u00e0 fino al 19 luglio. Si comincia alle 17.30 nell\u2019area feste","robots":{"index":"index","follow":"follow","max-snippet":"max-snippet:-1","max-image-preview":"max-image-preview:large","max-video-preview":"max-video-preview:-1"},"canonical":"https:\/\/www.ilnotiziario.net\/wp\/appuntamenti-della-settimana\/misinto-bierfest-2025-da-stasera-un-angolo-di-baviera-in-brianza-tutto-il-programma-e-gli-orari\/","og_locale":"it_IT","og_type":"article","og_title":"Misinto Bierfest 2025, da stasera un angolo di Baviera in Brianza, tutto il programma e gli orari - Il Notiziario","og_description":"Questa sera, gioved\u00ec 3 luglio partir\u00e0 la 28esima edizione della Misinto Bierfest che proseguir\u00e0 fino al 19 luglio. Si comincia alle 17.30 nell\u2019area feste","og_url":"https:\/\/www.ilnotiziario.net\/wp\/appuntamenti-della-settimana\/misinto-bierfest-2025-da-stasera-un-angolo-di-baviera-in-brianza-tutto-il-programma-e-gli-orari\/","og_site_name":"Il Notiziario","article_publisher":"https:\/\/www.facebook.com\/ilnotiziarioind\/","article_published_time":"2025-07-03T12:53:35+00:00","og_image":[{"width":1080,"height":720,"url":"https:\/\/www.ilnotiziario.net\/wp\/wp-content\/uploads\/2025\/07\/misinto-bierfest-2024.jpg","type":"image\/jpeg"}],"author":"Gabriele Bassani","twitter_card":"summary_large_image","twitter_creator":"@ilNotiziarioInd","twitter_site":"@ilNotiziarioInd","twitter_misc":{"Scritto da":"Gabriele Bassani","Tempo di lettura stimato":"3 minuti"},"schema":{"@context":"https:\/\/schema.org","@graph":[{"@type":"Article","@id":"https:\/\/www.ilnotiziario.net\/wp\/appuntamenti-della-settimana\/misinto-bierfest-2025-da-stasera-un-angolo-di-baviera-in-brianza-tutto-il-programma-e-gli-orari\/#article","isPartOf":{"@id":"https:\/\/www.ilnotiziario.net\/wp\/appuntamenti-della-settimana\/misinto-bierfest-2025-da-stasera-un-angolo-di-baviera-in-brianza-tutto-il-programma-e-gli-orari\/"},"author":{"name":"Gabriele Bassani","@id":"https:\/\/www.ilnotiziario.net\/wp\/#\/schema\/person\/386e222908f898bb41c033989482bbf2"},"headline":"Misinto Bierfest 2025, da stasera un angolo di Baviera in Brianza, tutto il programma e gli orari","datePublished":"2025-07-03T12:53:35+00:00","mainEntityOfPage":{"@id":"https:\/\/www.ilnotiziario.net\/wp\/appuntamenti-della-settimana\/misinto-bierfest-2025-da-stasera-un-angolo-di-baviera-in-brianza-tutto-il-programma-e-gli-orari\/"},"wordCount":394,"publisher":{"@id":"https:\/\/www.ilnotiziario.net\/wp\/#organization"},"image":{"@id":"https:\/\/www.ilnotiziario.net\/wp\/appuntamenti-della-settimana\/misinto-bierfest-2025-da-stasera-un-angolo-di-baviera-in-brianza-tutto-il-programma-e-gli-orari\/#primaryimage"},"thumbnailUrl":"https:\/\/www.ilnotiziario.net\/wp\/wp-content\/uploads\/2025\/07\/misinto-bierfest-2024.jpg","keywords":["Bierfest","Birra","festa","Misinto"],"articleSection":["APPUNTAMENTI","BRIANZA","Prima Pagina","SARONNESE"],"inLanguage":"it-IT"},{"@type":"WebPage","@id":"https:\/\/www.ilnotiziario.net\/wp\/appuntamenti-della-settimana\/misinto-bierfest-2025-da-stasera-un-angolo-di-baviera-in-brianza-tutto-il-programma-e-gli-orari\/","url":"https:\/\/www.ilnotiziario.net\/wp\/appuntamenti-della-settimana\/misinto-bierfest-2025-da-stasera-un-angolo-di-baviera-in-brianza-tutto-il-programma-e-gli-orari\/","name":"Misinto Bierfest 2025, da stasera un angolo di Baviera in Brianza, tutto il programma e gli orari - Il Notiziario","isPartOf":{"@id":"https:\/\/www.ilnotiziario.net\/wp\/#website"},"primaryImageOfPage":{"@id":"https:\/\/www.ilnotiziario.net\/wp\/appuntamenti-della-settimana\/misinto-bierfest-2025-da-stasera-un-angolo-di-baviera-in-brianza-tutto-il-programma-e-gli-orari\/#primaryimage"},"image":{"@id":"https:\/\/www.ilnotiziario.net\/wp\/appuntamenti-della-settimana\/misinto-bierfest-2025-da-stasera-un-angolo-di-baviera-in-brianza-tutto-il-programma-e-gli-orari\/#primaryimage"},"thumbnailUrl":"https:\/\/www.ilnotiziario.net\/wp\/wp-content\/uploads\/2025\/07\/misinto-bierfest-2024.jpg","datePublished":"2025-07-03T12:53:35+00:00","description":"Questa sera, gioved\u00ec 3 luglio partir\u00e0 la 28esima edizione della Misinto Bierfest che proseguir\u00e0 fino al 19 luglio. Si comincia alle 17.30 nell\u2019area feste","breadcrumb":{"@id":"https:\/\/www.ilnotiziario.net\/wp\/appuntamenti-della-settimana\/misinto-bierfest-2025-da-stasera-un-angolo-di-baviera-in-brianza-tutto-il-programma-e-gli-orari\/#breadcrumb"},"inLanguage":"it-IT","potentialAction":[{"@type":"ReadAction","target":["https:\/\/www.ilnotiziario.net\/wp\/appuntamenti-della-settimana\/misinto-bierfest-2025-da-stasera-un-angolo-di-baviera-in-brianza-tutto-il-programma-e-gli-orari\/"]}]},{"@type":"ImageObject","inLanguage":"it-IT","@id":"https:\/\/www.ilnotiziario.net\/wp\/appuntamenti-della-settimana\/misinto-bierfest-2025-da-stasera-un-angolo-di-baviera-in-brianza-tutto-il-programma-e-gli-orari\/#primaryimage","url":"https:\/\/www.ilnotiziario.net\/wp\/wp-content\/uploads\/2025\/07\/misinto-bierfest-2024.jpg","contentUrl":"https:\/\/www.ilnotiziario.net\/wp\/wp-content\/uploads\/2025\/07\/misinto-bierfest-2024.jpg","width":1080,"height":720,"caption":"Misinto Bierfest Festa della Birra"},{"@type":"BreadcrumbList","@id":"https:\/\/www.ilnotiziario.net\/wp\/appuntamenti-della-settimana\/misinto-bierfest-2025-da-stasera-un-angolo-di-baviera-in-brianza-tutto-il-programma-e-gli-orari\/#breadcrumb","itemListElement":[{"@type":"ListItem","position":1,"name":"tds_text_logo_tagline_colortds_text_logo_tagline_colortds_text_logo_tagline_colortds_text_logo_tagline_colortd_module_7_title_excerpttd_module_7_title_excerpttd_module_7_title_excerpttd_module_7_title_excerptHome","item":"https:\/\/www.ilnotiziario.net\/wp\/"},{"@type":"ListItem","position":2,"name":"Misinto Bierfest 2025, da stasera un angolo di Baviera in Brianza, tutto il programma e gli orari"}]},{"@type":"WebSite","@id":"https:\/\/www.ilnotiziario.net\/wp\/#website","url":"https:\/\/www.ilnotiziario.net\/wp\/","name":"Il Notiziario","description":"Per restare sempre connessi alla notizia","publisher":{"@id":"https:\/\/www.ilnotiziario.net\/wp\/#organization"},"alternateName":"Il Notiziario Bollate","potentialAction":[{"@type":"SearchAction","target":{"@type":"EntryPoint","urlTemplate":"https:\/\/www.ilnotiziario.net\/wp\/?s={search_term_string}"},"query-input":{"@type":"PropertyValueSpecification","valueRequired":true,"valueName":"search_term_string"}}],"inLanguage":"it-IT"},{"@type":"Organization","@id":"https:\/\/www.ilnotiziario.net\/wp\/#organization","name":"Il Notiziario","url":"https:\/\/www.ilnotiziario.net\/wp\/","logo":{"@type":"ImageObject","inLanguage":"it-IT","@id":"https:\/\/www.ilnotiziario.net\/wp\/#\/schema\/logo\/image\/","url":"https:\/\/www.ilnotiziario.net\/wp\/wp-content\/uploads\/2022\/06\/170x170ilN.png","contentUrl":"https:\/\/www.ilnotiziario.net\/wp\/wp-content\/uploads\/2022\/06\/170x170ilN.png","width":355,"height":355,"caption":"Il Notiziario"},"image":{"@id":"https:\/\/www.ilnotiziario.net\/wp\/#\/schema\/logo\/image\/"},"sameAs":["https:\/\/www.facebook.com\/ilnotiziarioind\/","https:\/\/x.com\/ilNotiziarioInd","https:\/\/www.instagram.com\/ilnotiziario_settimanale\/"]},{"@type":"Person","@id":"https:\/\/www.ilnotiziario.net\/wp\/#\/schema\/person\/386e222908f898bb41c033989482bbf2","name":"Gabriele Bassani","image":{"@type":"ImageObject","inLanguage":"it-IT","@id":"https:\/\/secure.gravatar.com\/avatar\/09274f4a84fa97698bde56f84b3afed61c8492d48b0550db9671b68c177479cb?s=96&d=mm&r=g","url":"https:\/\/secure.gravatar.com\/avatar\/09274f4a84fa97698bde56f84b3afed61c8492d48b0550db9671b68c177479cb?s=96&d=mm&r=g","contentUrl":"https:\/\/secure.gravatar.com\/avatar\/09274f4a84fa97698bde56f84b3afed61c8492d48b0550db9671b68c177479cb?s=96&d=mm&r=g","caption":"Gabriele Bassani"},"sameAs":["http:\/\/www.ilnotiziario.net"]}]}},"_links":{"self":[{"href":"https:\/\/www.ilnotiziario.net\/wp\/wp-json\/wp\/v2\/posts\/207671","targetHints":{"allow":["GET"]}}],"collection":[{"href":"https:\/\/www.ilnotiziario.net\/wp\/wp-json\/wp\/v2\/posts"}],"about":[{"href":"https:\/\/www.ilnotiziario.net\/wp\/wp-json\/wp\/v2\/types\/post"}],"author":[{"embeddable":true,"href":"https:\/\/www.ilnotiziario.net\/wp\/wp-json\/wp\/v2\/users\/3"}],"replies":[{"embeddable":true,"href":"https:\/\/www.ilnotiziario.net\/wp\/wp-json\/wp\/v2\/comments?post=207671"}],"version-history":[{"count":0,"href":"https:\/\/www.ilnotiziario.net\/wp\/wp-json\/wp\/v2\/posts\/207671\/revisions"}],"wp:featuredmedia":[{"embeddable":true,"href":"https:\/\/www.ilnotiziario.net\/wp\/wp-json\/wp\/v2\/media\/207672"}],"wp:attachment":[{"href":"https:\/\/www.ilnotiziario.net\/wp\/wp-json\/wp\/v2\/media?parent=207671"}],"wp:term":[{"taxonomy":"category","embeddable":true,"href":"https:\/\/www.ilnotiziario.net\/wp\/wp-json\/wp\/v2\/categories?post=207671"},{"taxonomy":"post_tag","embeddable":true,"href":"https:\/\/www.ilnotiziario.net\/wp\/wp-json\/wp\/v2\/tags?post=207671"}],"curies":[{"name":"wp","href":"https:\/\/api.w.org\/{rel}","templated":true}]}}