{"id":207709,"date":"2025-07-04T08:49:27","date_gmt":"2025-07-04T06:49:27","guid":{"rendered":"https:\/\/www.ilnotiziario.net\/wp\/?p=207709"},"modified":"2025-07-04T08:49:27","modified_gmt":"2025-07-04T06:49:27","slug":"saronno-unaltra-rissa-vicino-alla-stazione-21enne-ferito-con-un-coltello","status":"publish","type":"post","link":"https:\/\/www.ilnotiziario.net\/wp\/prima-pagina\/saronno-unaltra-rissa-vicino-alla-stazione-21enne-ferito-con-un-coltello\/","title":{"rendered":"Saronno, un&#8217;altra rissa vicino alla stazione, 21enne ferito con un coltello"},"content":{"rendered":"<p>Ennesima rissa vicino alla stazione ferroviaria di Saronno centro. L\u2019ultimo episodio si \u00e8 verificato nella notte tra mercoled\u00ec e gioved\u00ec, intorno alle 2.15, in via Ferrari, nella zona retrostante lo scalo ferroviario.<\/p><div id=\"ilnot-2035259460\" class=\"ilnot-contenuto ilnot-entity-placement\"><p><!-- incontent_1 --><\/p>\n<div class=\"gptslot\" data-adunitid=\"1\"><\/div>\n<\/div>\n<p>A dare l\u2019allarme sono stati alcuni residenti, svegliati da urla e rumori di colluttazione. Testimoni riferiscono di aver visto un gruppo di giovani, presumibilmente di origine nordafricana, litigare e poi passare alle mani. I ragazzi non avrebbero parlato in italiano tra loro.<\/p>\n<h2>Giovane ferito con un coltello dietro la stazione di Saronno<\/h2>\n<p>Sul posto sono intervenute diverse pattuglie dei carabinieri. All\u2019arrivo delle forze dell\u2019ordine, il gruppo si \u00e8 rapidamente disperso, dandosi alla fuga. In via Ferrari \u00e8 rimasto solo un giovane di 21 anni, ferito alla schiena da un\u2019arma da taglio.<\/p><div id=\"ilnot-282578583\" class=\"ilnot-contenuto_2 ilnot-entity-placement\"><div class=\"ads-wrapper\">\n<div class=\"ad-slot\">\n   <div id=\"ilnot-376025332\" style=\"margin-right: auto;margin-left: auto;text-align: center;width: 320px;height: 100px;\"><a href=\"https:\/\/www.scuolasicurezza.it\/\"><img decoding=\"async\" src=\"https:\/\/www.ilnotiziario.net\/wp\/wp-content\/uploads\/2026\/04\/IlNotiziario_banner-sito-e-newsletter-320-x-100-px-1.gif\" alt=\"\"><\/a><\/div>\n  <\/div>\n<div class=\"ad-slot\">\n   <div id=\"ilnot-3510195367\" style=\"margin-right: auto;margin-left: auto;text-align: center;width: 320px;height: 100px;\"><a href=\"https:\/\/purodesignarredamenti.com\/\"><img decoding=\"async\" src=\"https:\/\/www.ilnotiziario.net\/wp\/wp-content\/uploads\/2026\/04\/banner-puro-ok.gif\" alt=\"whatsapp\"><\/a><\/div><\/p><\/div>\n<\/div>\n<\/div>\n<p>Immediato l\u2019intervento dell\u2019ambulanza della Croce Rossa di Saronno e dell\u2019auto medica: il ragazzo \u00e8 stato trasportato all\u2019ospedale di Garbagnate Milanese. Le sue condizioni non sarebbero gravi.<\/p>\n<p>Sono in corso le indagini dei carabinieri per ricostruire l\u2019esatta dinamica della rissa e individuare i responsabili. L\u2019episodio si inserisce in un quadro preoccupante: la zona della stazione continua infatti a essere teatro di frequenti episodi di violenza, <a href=\"https:\/\/www.ilnotiziario.net\/wp\/prima-pagina\/saronno-minorenne-rapinato-in-stazione-ennesimo-caso-di-violenza-in-citta\/\"><strong>tra risse, aggressioni e furti,<\/strong><\/a> che coinvolgono sia gruppi di stranieri sia passanti e viaggiatori.<\/p>\n","protected":false},"excerpt":{"rendered":"<p>Ennesima rissa vicino alla stazione ferroviaria di Saronno centro. L\u2019ultimo episodio si \u00e8 verificato nella notte tra mercoled\u00ec e gioved\u00ec, intorno alle 2.15, in via Ferrari, nella zona retrostante lo scalo ferroviario. A dare l\u2019allarme sono stati alcuni residenti, svegliati da urla e rumori di colluttazione. Testimoni riferiscono di aver visto un gruppo di giovani,<\/p>\n","protected":false},"author":3,"featured_media":201267,"comment_status":"closed","ping_status":"closed","sticky":false,"template":"","format":"standard","meta":{"footnotes":""},"categories":[20,14],"tags":[1802,56,81],"class_list":{"0":"post-207709","1":"post","2":"type-post","3":"status-publish","4":"format-standard","5":"has-post-thumbnail","7":"category-prima-pagina","8":"category-saronno","9":"tag-rissa","10":"tag-saronno-2","11":"tag-stazione"},"yoast_head":"<!-- This site is optimized with the Yoast SEO plugin v27.4 - https:\/\/yoast.com\/product\/yoast-seo-wordpress\/ -->\n<title>Saronno, un&#039;altra rissa vicino alla stazione, 21enne ferito con un coltello - Il Notiziario<\/title>\n<meta name=\"description\" content=\"Ennesima rissa vicino alla stazione ferroviaria di Saronno centro. L\u2019ultimo episodio si \u00e8 verificato nella notte tra mercoled\u00ec e gioved\u00ec, intorno alle\" \/>\n<meta name=\"robots\" content=\"index, follow, max-snippet:-1, max-image-preview:large, max-video-preview:-1\" \/>\n<link rel=\"canonical\" href=\"https:\/\/www.ilnotiziario.net\/wp\/prima-pagina\/saronno-unaltra-rissa-vicino-alla-stazione-21enne-ferito-con-un-coltello\/\" \/>\n<meta property=\"og:locale\" content=\"it_IT\" \/>\n<meta property=\"og:type\" content=\"article\" \/>\n<meta property=\"og:title\" content=\"Saronno, un&#039;altra rissa vicino alla stazione, 21enne ferito con un coltello - Il Notiziario\" \/>\n<meta property=\"og:description\" content=\"Ennesima rissa vicino alla stazione ferroviaria di Saronno centro. L\u2019ultimo episodio si \u00e8 verificato nella notte tra mercoled\u00ec e gioved\u00ec, intorno alle\" \/>\n<meta property=\"og:url\" content=\"https:\/\/www.ilnotiziario.net\/wp\/prima-pagina\/saronno-unaltra-rissa-vicino-alla-stazione-21enne-ferito-con-un-coltello\/\" \/>\n<meta property=\"og:site_name\" content=\"Il Notiziario\" \/>\n<meta property=\"article:publisher\" content=\"https:\/\/www.facebook.com\/ilnotiziarioind\/\" \/>\n<meta property=\"article:published_time\" content=\"2025-07-04T06:49:27+00:00\" \/>\n<meta property=\"og:image\" content=\"https:\/\/www.ilnotiziario.net\/wp\/wp-content\/uploads\/2024\/11\/carabinieri-notte-2.jpg\" \/>\n\t<meta property=\"og:image:width\" content=\"864\" \/>\n\t<meta property=\"og:image:height\" content=\"411\" \/>\n\t<meta property=\"og:image:type\" content=\"image\/jpeg\" \/>\n<meta name=\"author\" content=\"Gabriele Bassani\" \/>\n<meta name=\"twitter:card\" content=\"summary_large_image\" \/>\n<meta name=\"twitter:creator\" content=\"@ilNotiziarioInd\" \/>\n<meta name=\"twitter:site\" content=\"@ilNotiziarioInd\" \/>\n<meta name=\"twitter:label1\" content=\"Scritto da\" \/>\n\t<meta name=\"twitter:data1\" content=\"Gabriele Bassani\" \/>\n\t<meta name=\"twitter:label2\" content=\"Tempo di lettura stimato\" \/>\n\t<meta name=\"twitter:data2\" content=\"2 minuti\" \/>\n<script type=\"application\/ld+json\" class=\"yoast-schema-graph\">{\"@context\":\"https:\\\/\\\/schema.org\",\"@graph\":[{\"@type\":\"Article\",\"@id\":\"https:\\\/\\\/www.ilnotiziario.net\\\/wp\\\/prima-pagina\\\/saronno-unaltra-rissa-vicino-alla-stazione-21enne-ferito-con-un-coltello\\\/#article\",\"isPartOf\":{\"@id\":\"https:\\\/\\\/www.ilnotiziario.net\\\/wp\\\/prima-pagina\\\/saronno-unaltra-rissa-vicino-alla-stazione-21enne-ferito-con-un-coltello\\\/\"},\"author\":{\"name\":\"Gabriele Bassani\",\"@id\":\"https:\\\/\\\/www.ilnotiziario.net\\\/wp\\\/#\\\/schema\\\/person\\\/386e222908f898bb41c033989482bbf2\"},\"headline\":\"Saronno, un&#8217;altra rissa vicino alla stazione, 21enne ferito con un coltello\",\"datePublished\":\"2025-07-04T06:49:27+00:00\",\"mainEntityOfPage\":{\"@id\":\"https:\\\/\\\/www.ilnotiziario.net\\\/wp\\\/prima-pagina\\\/saronno-unaltra-rissa-vicino-alla-stazione-21enne-ferito-con-un-coltello\\\/\"},\"wordCount\":219,\"publisher\":{\"@id\":\"https:\\\/\\\/www.ilnotiziario.net\\\/wp\\\/#organization\"},\"image\":{\"@id\":\"https:\\\/\\\/www.ilnotiziario.net\\\/wp\\\/prima-pagina\\\/saronno-unaltra-rissa-vicino-alla-stazione-21enne-ferito-con-un-coltello\\\/#primaryimage\"},\"thumbnailUrl\":\"https:\\\/\\\/www.ilnotiziario.net\\\/wp\\\/wp-content\\\/uploads\\\/2024\\\/11\\\/carabinieri-notte-2.jpg\",\"keywords\":[\"rissa\",\"Saronno\",\"stazione\"],\"articleSection\":[\"Prima Pagina\",\"SARONNO\"],\"inLanguage\":\"it-IT\"},{\"@type\":\"WebPage\",\"@id\":\"https:\\\/\\\/www.ilnotiziario.net\\\/wp\\\/prima-pagina\\\/saronno-unaltra-rissa-vicino-alla-stazione-21enne-ferito-con-un-coltello\\\/\",\"url\":\"https:\\\/\\\/www.ilnotiziario.net\\\/wp\\\/prima-pagina\\\/saronno-unaltra-rissa-vicino-alla-stazione-21enne-ferito-con-un-coltello\\\/\",\"name\":\"Saronno, un'altra rissa vicino alla stazione, 21enne ferito con un coltello - Il Notiziario\",\"isPartOf\":{\"@id\":\"https:\\\/\\\/www.ilnotiziario.net\\\/wp\\\/#website\"},\"primaryImageOfPage\":{\"@id\":\"https:\\\/\\\/www.ilnotiziario.net\\\/wp\\\/prima-pagina\\\/saronno-unaltra-rissa-vicino-alla-stazione-21enne-ferito-con-un-coltello\\\/#primaryimage\"},\"image\":{\"@id\":\"https:\\\/\\\/www.ilnotiziario.net\\\/wp\\\/prima-pagina\\\/saronno-unaltra-rissa-vicino-alla-stazione-21enne-ferito-con-un-coltello\\\/#primaryimage\"},\"thumbnailUrl\":\"https:\\\/\\\/www.ilnotiziario.net\\\/wp\\\/wp-content\\\/uploads\\\/2024\\\/11\\\/carabinieri-notte-2.jpg\",\"datePublished\":\"2025-07-04T06:49:27+00:00\",\"description\":\"Ennesima rissa vicino alla stazione ferroviaria di Saronno centro. L\u2019ultimo episodio si \u00e8 verificato nella notte tra mercoled\u00ec e gioved\u00ec, intorno alle\",\"breadcrumb\":{\"@id\":\"https:\\\/\\\/www.ilnotiziario.net\\\/wp\\\/prima-pagina\\\/saronno-unaltra-rissa-vicino-alla-stazione-21enne-ferito-con-un-coltello\\\/#breadcrumb\"},\"inLanguage\":\"it-IT\",\"potentialAction\":[{\"@type\":\"ReadAction\",\"target\":[\"https:\\\/\\\/www.ilnotiziario.net\\\/wp\\\/prima-pagina\\\/saronno-unaltra-rissa-vicino-alla-stazione-21enne-ferito-con-un-coltello\\\/\"]}]},{\"@type\":\"ImageObject\",\"inLanguage\":\"it-IT\",\"@id\":\"https:\\\/\\\/www.ilnotiziario.net\\\/wp\\\/prima-pagina\\\/saronno-unaltra-rissa-vicino-alla-stazione-21enne-ferito-con-un-coltello\\\/#primaryimage\",\"url\":\"https:\\\/\\\/www.ilnotiziario.net\\\/wp\\\/wp-content\\\/uploads\\\/2024\\\/11\\\/carabinieri-notte-2.jpg\",\"contentUrl\":\"https:\\\/\\\/www.ilnotiziario.net\\\/wp\\\/wp-content\\\/uploads\\\/2024\\\/11\\\/carabinieri-notte-2.jpg\",\"width\":864,\"height\":411,\"caption\":\"immagine di repertorio\"},{\"@type\":\"BreadcrumbList\",\"@id\":\"https:\\\/\\\/www.ilnotiziario.net\\\/wp\\\/prima-pagina\\\/saronno-unaltra-rissa-vicino-alla-stazione-21enne-ferito-con-un-coltello\\\/#breadcrumb\",\"itemListElement\":[{\"@type\":\"ListItem\",\"position\":1,\"name\":\"tds_text_logo_tagline_colortds_text_logo_tagline_colortds_text_logo_tagline_colortds_text_logo_tagline_colortd_module_7_title_excerpttd_module_7_title_excerpttd_module_7_title_excerpttd_module_7_title_excerptHome\",\"item\":\"https:\\\/\\\/www.ilnotiziario.net\\\/wp\\\/\"},{\"@type\":\"ListItem\",\"position\":2,\"name\":\"Saronno, un&#8217;altra rissa vicino alla stazione, 21enne ferito con un coltello\"}]},{\"@type\":\"WebSite\",\"@id\":\"https:\\\/\\\/www.ilnotiziario.net\\\/wp\\\/#website\",\"url\":\"https:\\\/\\\/www.ilnotiziario.net\\\/wp\\\/\",\"name\":\"Il Notiziario\",\"description\":\"Per restare sempre connessi alla notizia\",\"publisher\":{\"@id\":\"https:\\\/\\\/www.ilnotiziario.net\\\/wp\\\/#organization\"},\"alternateName\":\"Il Notiziario Bollate\",\"potentialAction\":[{\"@type\":\"SearchAction\",\"target\":{\"@type\":\"EntryPoint\",\"urlTemplate\":\"https:\\\/\\\/www.ilnotiziario.net\\\/wp\\\/?s={search_term_string}\"},\"query-input\":{\"@type\":\"PropertyValueSpecification\",\"valueRequired\":true,\"valueName\":\"search_term_string\"}}],\"inLanguage\":\"it-IT\"},{\"@type\":\"Organization\",\"@id\":\"https:\\\/\\\/www.ilnotiziario.net\\\/wp\\\/#organization\",\"name\":\"Il Notiziario\",\"url\":\"https:\\\/\\\/www.ilnotiziario.net\\\/wp\\\/\",\"logo\":{\"@type\":\"ImageObject\",\"inLanguage\":\"it-IT\",\"@id\":\"https:\\\/\\\/www.ilnotiziario.net\\\/wp\\\/#\\\/schema\\\/logo\\\/image\\\/\",\"url\":\"https:\\\/\\\/www.ilnotiziario.net\\\/wp\\\/wp-content\\\/uploads\\\/2022\\\/06\\\/170x170ilN.png\",\"contentUrl\":\"https:\\\/\\\/www.ilnotiziario.net\\\/wp\\\/wp-content\\\/uploads\\\/2022\\\/06\\\/170x170ilN.png\",\"width\":355,\"height\":355,\"caption\":\"Il Notiziario\"},\"image\":{\"@id\":\"https:\\\/\\\/www.ilnotiziario.net\\\/wp\\\/#\\\/schema\\\/logo\\\/image\\\/\"},\"sameAs\":[\"https:\\\/\\\/www.facebook.com\\\/ilnotiziarioind\\\/\",\"https:\\\/\\\/x.com\\\/ilNotiziarioInd\",\"https:\\\/\\\/www.instagram.com\\\/ilnotiziario_settimanale\\\/\"]},{\"@type\":\"Person\",\"@id\":\"https:\\\/\\\/www.ilnotiziario.net\\\/wp\\\/#\\\/schema\\\/person\\\/386e222908f898bb41c033989482bbf2\",\"name\":\"Gabriele Bassani\",\"image\":{\"@type\":\"ImageObject\",\"inLanguage\":\"it-IT\",\"@id\":\"https:\\\/\\\/secure.gravatar.com\\\/avatar\\\/09274f4a84fa97698bde56f84b3afed61c8492d48b0550db9671b68c177479cb?s=96&d=mm&r=g\",\"url\":\"https:\\\/\\\/secure.gravatar.com\\\/avatar\\\/09274f4a84fa97698bde56f84b3afed61c8492d48b0550db9671b68c177479cb?s=96&d=mm&r=g\",\"contentUrl\":\"https:\\\/\\\/secure.gravatar.com\\\/avatar\\\/09274f4a84fa97698bde56f84b3afed61c8492d48b0550db9671b68c177479cb?s=96&d=mm&r=g\",\"caption\":\"Gabriele Bassani\"},\"sameAs\":[\"http:\\\/\\\/www.ilnotiziario.net\"]}]}<\/script>\n<!-- \/ Yoast SEO plugin. -->","yoast_head_json":{"title":"Saronno, un'altra rissa vicino alla stazione, 21enne ferito con un coltello - Il Notiziario","description":"Ennesima rissa vicino alla stazione ferroviaria di Saronno centro. L\u2019ultimo episodio si \u00e8 verificato nella notte tra mercoled\u00ec e gioved\u00ec, intorno alle","robots":{"index":"index","follow":"follow","max-snippet":"max-snippet:-1","max-image-preview":"max-image-preview:large","max-video-preview":"max-video-preview:-1"},"canonical":"https:\/\/www.ilnotiziario.net\/wp\/prima-pagina\/saronno-unaltra-rissa-vicino-alla-stazione-21enne-ferito-con-un-coltello\/","og_locale":"it_IT","og_type":"article","og_title":"Saronno, un'altra rissa vicino alla stazione, 21enne ferito con un coltello - Il Notiziario","og_description":"Ennesima rissa vicino alla stazione ferroviaria di Saronno centro. L\u2019ultimo episodio si \u00e8 verificato nella notte tra mercoled\u00ec e gioved\u00ec, intorno alle","og_url":"https:\/\/www.ilnotiziario.net\/wp\/prima-pagina\/saronno-unaltra-rissa-vicino-alla-stazione-21enne-ferito-con-un-coltello\/","og_site_name":"Il Notiziario","article_publisher":"https:\/\/www.facebook.com\/ilnotiziarioind\/","article_published_time":"2025-07-04T06:49:27+00:00","og_image":[{"width":864,"height":411,"url":"https:\/\/www.ilnotiziario.net\/wp\/wp-content\/uploads\/2024\/11\/carabinieri-notte-2.jpg","type":"image\/jpeg"}],"author":"Gabriele Bassani","twitter_card":"summary_large_image","twitter_creator":"@ilNotiziarioInd","twitter_site":"@ilNotiziarioInd","twitter_misc":{"Scritto da":"Gabriele Bassani","Tempo di lettura stimato":"2 minuti"},"schema":{"@context":"https:\/\/schema.org","@graph":[{"@type":"Article","@id":"https:\/\/www.ilnotiziario.net\/wp\/prima-pagina\/saronno-unaltra-rissa-vicino-alla-stazione-21enne-ferito-con-un-coltello\/#article","isPartOf":{"@id":"https:\/\/www.ilnotiziario.net\/wp\/prima-pagina\/saronno-unaltra-rissa-vicino-alla-stazione-21enne-ferito-con-un-coltello\/"},"author":{"name":"Gabriele Bassani","@id":"https:\/\/www.ilnotiziario.net\/wp\/#\/schema\/person\/386e222908f898bb41c033989482bbf2"},"headline":"Saronno, un&#8217;altra rissa vicino alla stazione, 21enne ferito con un coltello","datePublished":"2025-07-04T06:49:27+00:00","mainEntityOfPage":{"@id":"https:\/\/www.ilnotiziario.net\/wp\/prima-pagina\/saronno-unaltra-rissa-vicino-alla-stazione-21enne-ferito-con-un-coltello\/"},"wordCount":219,"publisher":{"@id":"https:\/\/www.ilnotiziario.net\/wp\/#organization"},"image":{"@id":"https:\/\/www.ilnotiziario.net\/wp\/prima-pagina\/saronno-unaltra-rissa-vicino-alla-stazione-21enne-ferito-con-un-coltello\/#primaryimage"},"thumbnailUrl":"https:\/\/www.ilnotiziario.net\/wp\/wp-content\/uploads\/2024\/11\/carabinieri-notte-2.jpg","keywords":["rissa","Saronno","stazione"],"articleSection":["Prima Pagina","SARONNO"],"inLanguage":"it-IT"},{"@type":"WebPage","@id":"https:\/\/www.ilnotiziario.net\/wp\/prima-pagina\/saronno-unaltra-rissa-vicino-alla-stazione-21enne-ferito-con-un-coltello\/","url":"https:\/\/www.ilnotiziario.net\/wp\/prima-pagina\/saronno-unaltra-rissa-vicino-alla-stazione-21enne-ferito-con-un-coltello\/","name":"Saronno, un'altra rissa vicino alla stazione, 21enne ferito con un coltello - Il Notiziario","isPartOf":{"@id":"https:\/\/www.ilnotiziario.net\/wp\/#website"},"primaryImageOfPage":{"@id":"https:\/\/www.ilnotiziario.net\/wp\/prima-pagina\/saronno-unaltra-rissa-vicino-alla-stazione-21enne-ferito-con-un-coltello\/#primaryimage"},"image":{"@id":"https:\/\/www.ilnotiziario.net\/wp\/prima-pagina\/saronno-unaltra-rissa-vicino-alla-stazione-21enne-ferito-con-un-coltello\/#primaryimage"},"thumbnailUrl":"https:\/\/www.ilnotiziario.net\/wp\/wp-content\/uploads\/2024\/11\/carabinieri-notte-2.jpg","datePublished":"2025-07-04T06:49:27+00:00","description":"Ennesima rissa vicino alla stazione ferroviaria di Saronno centro. L\u2019ultimo episodio si \u00e8 verificato nella notte tra mercoled\u00ec e gioved\u00ec, intorno alle","breadcrumb":{"@id":"https:\/\/www.ilnotiziario.net\/wp\/prima-pagina\/saronno-unaltra-rissa-vicino-alla-stazione-21enne-ferito-con-un-coltello\/#breadcrumb"},"inLanguage":"it-IT","potentialAction":[{"@type":"ReadAction","target":["https:\/\/www.ilnotiziario.net\/wp\/prima-pagina\/saronno-unaltra-rissa-vicino-alla-stazione-21enne-ferito-con-un-coltello\/"]}]},{"@type":"ImageObject","inLanguage":"it-IT","@id":"https:\/\/www.ilnotiziario.net\/wp\/prima-pagina\/saronno-unaltra-rissa-vicino-alla-stazione-21enne-ferito-con-un-coltello\/#primaryimage","url":"https:\/\/www.ilnotiziario.net\/wp\/wp-content\/uploads\/2024\/11\/carabinieri-notte-2.jpg","contentUrl":"https:\/\/www.ilnotiziario.net\/wp\/wp-content\/uploads\/2024\/11\/carabinieri-notte-2.jpg","width":864,"height":411,"caption":"immagine di repertorio"},{"@type":"BreadcrumbList","@id":"https:\/\/www.ilnotiziario.net\/wp\/prima-pagina\/saronno-unaltra-rissa-vicino-alla-stazione-21enne-ferito-con-un-coltello\/#breadcrumb","itemListElement":[{"@type":"ListItem","position":1,"name":"tds_text_logo_tagline_colortds_text_logo_tagline_colortds_text_logo_tagline_colortds_text_logo_tagline_colortd_module_7_title_excerpttd_module_7_title_excerpttd_module_7_title_excerpttd_module_7_title_excerptHome","item":"https:\/\/www.ilnotiziario.net\/wp\/"},{"@type":"ListItem","position":2,"name":"Saronno, un&#8217;altra rissa vicino alla stazione, 21enne ferito con un coltello"}]},{"@type":"WebSite","@id":"https:\/\/www.ilnotiziario.net\/wp\/#website","url":"https:\/\/www.ilnotiziario.net\/wp\/","name":"Il Notiziario","description":"Per restare sempre connessi alla notizia","publisher":{"@id":"https:\/\/www.ilnotiziario.net\/wp\/#organization"},"alternateName":"Il Notiziario Bollate","potentialAction":[{"@type":"SearchAction","target":{"@type":"EntryPoint","urlTemplate":"https:\/\/www.ilnotiziario.net\/wp\/?s={search_term_string}"},"query-input":{"@type":"PropertyValueSpecification","valueRequired":true,"valueName":"search_term_string"}}],"inLanguage":"it-IT"},{"@type":"Organization","@id":"https:\/\/www.ilnotiziario.net\/wp\/#organization","name":"Il Notiziario","url":"https:\/\/www.ilnotiziario.net\/wp\/","logo":{"@type":"ImageObject","inLanguage":"it-IT","@id":"https:\/\/www.ilnotiziario.net\/wp\/#\/schema\/logo\/image\/","url":"https:\/\/www.ilnotiziario.net\/wp\/wp-content\/uploads\/2022\/06\/170x170ilN.png","contentUrl":"https:\/\/www.ilnotiziario.net\/wp\/wp-content\/uploads\/2022\/06\/170x170ilN.png","width":355,"height":355,"caption":"Il Notiziario"},"image":{"@id":"https:\/\/www.ilnotiziario.net\/wp\/#\/schema\/logo\/image\/"},"sameAs":["https:\/\/www.facebook.com\/ilnotiziarioind\/","https:\/\/x.com\/ilNotiziarioInd","https:\/\/www.instagram.com\/ilnotiziario_settimanale\/"]},{"@type":"Person","@id":"https:\/\/www.ilnotiziario.net\/wp\/#\/schema\/person\/386e222908f898bb41c033989482bbf2","name":"Gabriele Bassani","image":{"@type":"ImageObject","inLanguage":"it-IT","@id":"https:\/\/secure.gravatar.com\/avatar\/09274f4a84fa97698bde56f84b3afed61c8492d48b0550db9671b68c177479cb?s=96&d=mm&r=g","url":"https:\/\/secure.gravatar.com\/avatar\/09274f4a84fa97698bde56f84b3afed61c8492d48b0550db9671b68c177479cb?s=96&d=mm&r=g","contentUrl":"https:\/\/secure.gravatar.com\/avatar\/09274f4a84fa97698bde56f84b3afed61c8492d48b0550db9671b68c177479cb?s=96&d=mm&r=g","caption":"Gabriele Bassani"},"sameAs":["http:\/\/www.ilnotiziario.net"]}]}},"_links":{"self":[{"href":"https:\/\/www.ilnotiziario.net\/wp\/wp-json\/wp\/v2\/posts\/207709","targetHints":{"allow":["GET"]}}],"collection":[{"href":"https:\/\/www.ilnotiziario.net\/wp\/wp-json\/wp\/v2\/posts"}],"about":[{"href":"https:\/\/www.ilnotiziario.net\/wp\/wp-json\/wp\/v2\/types\/post"}],"author":[{"embeddable":true,"href":"https:\/\/www.ilnotiziario.net\/wp\/wp-json\/wp\/v2\/users\/3"}],"replies":[{"embeddable":true,"href":"https:\/\/www.ilnotiziario.net\/wp\/wp-json\/wp\/v2\/comments?post=207709"}],"version-history":[{"count":0,"href":"https:\/\/www.ilnotiziario.net\/wp\/wp-json\/wp\/v2\/posts\/207709\/revisions"}],"wp:featuredmedia":[{"embeddable":true,"href":"https:\/\/www.ilnotiziario.net\/wp\/wp-json\/wp\/v2\/media\/201267"}],"wp:attachment":[{"href":"https:\/\/www.ilnotiziario.net\/wp\/wp-json\/wp\/v2\/media?parent=207709"}],"wp:term":[{"taxonomy":"category","embeddable":true,"href":"https:\/\/www.ilnotiziario.net\/wp\/wp-json\/wp\/v2\/categories?post=207709"},{"taxonomy":"post_tag","embeddable":true,"href":"https:\/\/www.ilnotiziario.net\/wp\/wp-json\/wp\/v2\/tags?post=207709"}],"curies":[{"name":"wp","href":"https:\/\/api.w.org\/{rel}","templated":true}]}}